{"id":259519,"date":"2025-08-19T08:47:55","date_gmt":"2025-08-19T11:47:55","guid":{"rendered":"https:\/\/franciscanos.org.br\/noticias\/?p=259519"},"modified":"2025-08-20T08:24:36","modified_gmt":"2025-08-20T11:24:36","slug":"canarinhos-de-petropolis-celebram-83-anos-com-missa-solene-e-almoco-comemorativo","status":"publish","type":"post","link":"https:\/\/franciscanos.org.br\/noticias\/canarinhos-de-petropolis-celebram-83-anos-com-missa-solene-e-almoco-comemorativo.html","title":{"rendered":"Canarinhos de Petr\u00f3polis celebram 83 anos com Missa Solene e almo\u00e7o comemorativo"},"content":{"rendered":"<p><img loading=\"lazy\" class=\"aligncenter wp-image-259521 size-full\" src=\"https:\/\/franciscanos.org.br\/noticias\/wp-content\/uploads\/2025\/08\/materia1.png\" alt=\"\" width=\"1280\" height=\"720\" srcset=\"https:\/\/franciscanos.org.br\/noticias\/wp-content\/uploads\/2025\/08\/materia1.png 1280w, https:\/\/franciscanos.org.br\/noticias\/wp-content\/uploads\/2025\/08\/materia1-450x253.png 450w, https:\/\/franciscanos.org.br\/noticias\/wp-content\/uploads\/2025\/08\/materia1-1024x576.png 1024w, https:\/\/franciscanos.org.br\/noticias\/wp-content\/uploads\/2025\/08\/materia1-768x432.png 768w, https:\/\/franciscanos.org.br\/noticias\/wp-content\/uploads\/2025\/08\/materia1-150x84.png 150w\" sizes=\"(max-width: 1280px) 100vw, 1280px\" \/><\/p>\n<p>Na manh\u00e3 de domingo, 17 de agosto de 2025, o Coral dos Canarinhos de Petr\u00f3polis celebrou 83 anos de hist\u00f3ria com uma Missa em A\u00e7\u00e3o de Gra\u00e7as \u00e0s 10h, na Igreja do Sagrado Cora\u00e7\u00e3o de Jesus, presidida por Frei Marcos Antonio de Andrade, OFM. A celebra\u00e7\u00e3o, realizada no templo onde o coro canta regularmente h\u00e1 d\u00e9cadas, reuniu atuais coralistas, ex-integrantes, familiares e fi\u00e9is, numa liturgia marcada por repert\u00f3rio sacro que ressaltou a tradi\u00e7\u00e3o musical e a espiritualidade franciscana que moldam o grupo desde sua origem. A par\u00f3quia mant\u00e9m o hor\u00e1rio das 10h aos domingos em sua grade de Missas, o que refor\u00e7a a liga\u00e7\u00e3o hist\u00f3rica entre a comunidade e o coro.<\/p>\n<p>Fundado em 1942 pelo franciscano Frei Leto Bienias, o Coral dos Canarinhos consolidou-se como o mais antigo coro de meninos do Brasil, refer\u00eancia nacional em m\u00fasica coral lit\u00fargica e de concerto. Ao longo de oito d\u00e9cadas, o Instituto dos Meninos Cantores de Petr\u00f3polis (IMCP) \u2014 mantenedor do coro \u2014 expandiu sua atua\u00e7\u00e3o com forma\u00e7\u00e3o musical gratuita, cria\u00e7\u00e3o de novos grupos (como o Coral das Meninas e o Coro de C\u00e2mara) e turn\u00eas, grava\u00e7\u00f5es e parcerias art\u00edsticas que projetaram a cidade no cen\u00e1rio cultural. A identidade franciscana permanece como eixo de disciplina, excel\u00eancia e servi\u00e7o atrav\u00e9s da m\u00fasica.<\/p>\n<p><img loading=\"lazy\" class=\"aligncenter wp-image-259522 size-full\" src=\"https:\/\/franciscanos.org.br\/noticias\/wp-content\/uploads\/2025\/08\/materia2-3.png\" alt=\"\" width=\"1280\" height=\"720\" srcset=\"https:\/\/franciscanos.org.br\/noticias\/wp-content\/uploads\/2025\/08\/materia2-3.png 1280w, https:\/\/franciscanos.org.br\/noticias\/wp-content\/uploads\/2025\/08\/materia2-3-450x253.png 450w, https:\/\/franciscanos.org.br\/noticias\/wp-content\/uploads\/2025\/08\/materia2-3-1024x576.png 1024w, https:\/\/franciscanos.org.br\/noticias\/wp-content\/uploads\/2025\/08\/materia2-3-768x432.png 768w, https:\/\/franciscanos.org.br\/noticias\/wp-content\/uploads\/2025\/08\/materia2-3-150x84.png 150w\" sizes=\"(max-width: 1280px) 100vw, 1280px\" \/><\/p>\n<p>Ap\u00f3s a Missa, as comemora\u00e7\u00f5es seguiram com um almo\u00e7o festivo na sede do IMCP, espa\u00e7o que h\u00e1 anos acolhe ensaios, aulas e eventos do Instituto. O endere\u00e7o \u00e9 o cora\u00e7\u00e3o administrativo e pedag\u00f3gico dos Canarinhos, ponto de encontro de gera\u00e7\u00f5es que ajudaram a escrever a hist\u00f3ria do coro, e neste domingo foi espa\u00e7o mais uma vez para celebrar as in\u00fameras gera\u00e7\u00f5es de vozes que compuseram o coro ao longo de tantas d\u00e9cadas.<\/p>\n<p>Os 83 anos chegam como s\u00edntese de continuidade e renova\u00e7\u00e3o. A conviv\u00eancia entre atuais vozes e ex-canarinhos espelha a miss\u00e3o do IMCP de formar pessoas por meio da arte, mantendo viva uma tradi\u00e7\u00e3o que come\u00e7ou na d\u00e9cada de 1940 e segue inspirando a cidade. Em sua trajet\u00f3ria recente, o coro tem reafirmado a voca\u00e7\u00e3o lit\u00fargica na pr\u00f3pria Igreja do Sagrado Cora\u00e7\u00e3o de Jesus e promovido projetos art\u00edsticos que dialogam com o repert\u00f3rio sacro e a heran\u00e7a franciscana.<\/p>\n\n\t\t<style type=\"text\/css\">\n\t\t\t#gallery-1 {\n\t\t\t\tmargin: auto;\n\t\t\t}\n\t\t\t#gallery-1 .gallery-item {\n\t\t\t\tfloat: left;\n\t\t\t\tmargin-top: 10px;\n\t\t\t\ttext-align: center;\n\t\t\t\twidth: 25%;\n\t\t\t}\n\t\t\t#gallery-1 img {\n\t\t\t\tborder: 2px solid #cfcfcf;\n\t\t\t}\n\t\t\t#gallery-1 .gallery-caption {\n\t\t\t\tmargin-left: 0;\n\t\t\t}\n\t\t\t\/* see gallery_shortcode() in wp-includes\/media.php *\/\n\t\t<\/style>\n\t\t<div id='gallery-1' class='gallery galleryid-259519 gallery-columns-4 gallery-size-thumbnail'><dl class='gallery-item'>\n\t\t\t<dt class='gallery-icon landscape'>\n\t\t\t\t<a href='https:\/\/franciscanos.org.br\/noticias\/wp-content\/uploads\/2025\/08\/IMG_0095.jpg'><img width=\"300\" height=\"300\" src=\"https:\/\/franciscanos.org.br\/noticias\/wp-content\/uploads\/2025\/08\/IMG_0095-300x300.jpg\" class=\"attachment-thumbnail size-thumbnail\" alt=\"\" loading=\"lazy\" srcset=\"https:\/\/franciscanos.org.br\/noticias\/wp-content\/uploads\/2025\/08\/IMG_0095-300x300.jpg 300w, https:\/\/franciscanos.org.br\/noticias\/wp-content\/uploads\/2025\/08\/IMG_0095-100x100.jpg 100w\" sizes=\"(max-width: 300px) 100vw, 300px\" \/><\/a>\n\t\t\t<\/dt><\/dl><dl class='gallery-item'>\n\t\t\t<dt class='gallery-icon landscape'>\n\t\t\t\t<a href='https:\/\/franciscanos.org.br\/noticias\/wp-content\/uploads\/2025\/08\/IMG_0098.jpg'><img width=\"300\" height=\"300\" src=\"https:\/\/franciscanos.org.br\/noticias\/wp-content\/uploads\/2025\/08\/IMG_0098-300x300.jpg\" class=\"attachment-thumbnail size-thumbnail\" alt=\"\" loading=\"lazy\" srcset=\"https:\/\/franciscanos.org.br\/noticias\/wp-content\/uploads\/2025\/08\/IMG_0098-300x300.jpg 300w, https:\/\/franciscanos.org.br\/noticias\/wp-content\/uploads\/2025\/08\/IMG_0098-100x100.jpg 100w\" sizes=\"(max-width: 300px) 100vw, 300px\" \/><\/a>\n\t\t\t<\/dt><\/dl><dl class='gallery-item'>\n\t\t\t<dt class='gallery-icon landscape'>\n\t\t\t\t<a href='https:\/\/franciscanos.org.br\/noticias\/wp-content\/uploads\/2025\/08\/IMG_0151.jpg'><img width=\"300\" height=\"300\" src=\"https:\/\/franciscanos.org.br\/noticias\/wp-content\/uploads\/2025\/08\/IMG_0151-300x300.jpg\" class=\"attachment-thumbnail size-thumbnail\" alt=\"\" loading=\"lazy\" srcset=\"https:\/\/franciscanos.org.br\/noticias\/wp-content\/uploads\/2025\/08\/IMG_0151-300x300.jpg 300w, https:\/\/franciscanos.org.br\/noticias\/wp-content\/uploads\/2025\/08\/IMG_0151-100x100.jpg 100w\" sizes=\"(max-width: 300px) 100vw, 300px\" \/><\/a>\n\t\t\t<\/dt><\/dl><dl class='gallery-item'>\n\t\t\t<dt class='gallery-icon landscape'>\n\t\t\t\t<a href='https:\/\/franciscanos.org.br\/noticias\/wp-content\/uploads\/2025\/08\/IMG_0161.jpg'><img width=\"300\" height=\"300\" src=\"https:\/\/franciscanos.org.br\/noticias\/wp-content\/uploads\/2025\/08\/IMG_0161-300x300.jpg\" class=\"attachment-thumbnail size-thumbnail\" alt=\"\" loading=\"lazy\" srcset=\"https:\/\/franciscanos.org.br\/noticias\/wp-content\/uploads\/2025\/08\/IMG_0161-300x300.jpg 300w, https:\/\/franciscanos.org.br\/noticias\/wp-content\/uploads\/2025\/08\/IMG_0161-100x100.jpg 100w\" sizes=\"(max-width: 300px) 100vw, 300px\" \/><\/a>\n\t\t\t<\/dt><\/dl><br style=\"clear: both\" \/>\n\t\t<\/div>\n\n<p>Com este anivers\u00e1rio, Petr\u00f3polis celebra n\u00e3o apenas um patrim\u00f4nio cultural, mas tamb\u00e9m um projeto educativo que al\u00e7a voo \u201cem revoadas\u201d sucessivas, renovando a cada ano o compromisso com a beleza, a f\u00e9 e a m\u00fasica que fazem dos Canarinhos um s\u00edmbolo da cidade e do Brasil.<\/p>\n<hr \/>\n<p><em>Texto e Fotos: Frei Bruno Gon\u00e7alves Cez\u00e1rio, OFM<\/em><\/p>\n","protected":false},"excerpt":{"rendered":"<p>Hist\u00f3ria e compromisso<\/p>\n","protected":false},"author":11,"featured_media":259520,"comment_status":"open","ping_status":"open","sticky":false,"template":"","format":"standard","meta":[],"categories":[1],"tags":[2321,2249],"acf":[],"yoast_head":"<!-- This site is optimized with the Yoast SEO plugin v19.2 - https:\/\/yoast.com\/wordpress\/plugins\/seo\/ -->\n<title>Canarinhos de Petr\u00f3polis celebram 83 anos com Missa Solene e almo\u00e7o comemorativo - Not\u00edcias - Franciscanos<\/title>\n<meta name=\"robots\" content=\"index, follow, max-snippet:-1, max-image-preview:large, max-video-preview:-1\" \/>\n<link rel=\"canonical\" href=\"https:\/\/franciscanos.org.br\/noticias\/canarinhos-de-petropolis-celebram-83-anos-com-missa-solene-e-almoco-comemorativo.html\" \/>\n<meta property=\"og:locale\" content=\"pt_BR\" \/>\n<meta property=\"og:type\" content=\"article\" \/>\n<meta property=\"og:title\" content=\"Canarinhos de Petr\u00f3polis celebram 83 anos com Missa Solene e almo\u00e7o comemorativo - Not\u00edcias - Franciscanos\" \/>\n<meta property=\"og:description\" content=\"Hist\u00f3ria e compromisso\" \/>\n<meta property=\"og:url\" content=\"https:\/\/franciscanos.org.br\/noticias\/canarinhos-de-petropolis-celebram-83-anos-com-missa-solene-e-almoco-comemorativo.html\" \/>\n<meta property=\"og:site_name\" content=\"Not\u00edcias - Franciscanos\" \/>\n<meta property=\"article:published_time\" content=\"2025-08-19T11:47:55+00:00\" \/>\n<meta property=\"article:modified_time\" content=\"2025-08-20T11:24:36+00:00\" \/>\n<meta property=\"og:image\" content=\"https:\/\/franciscanos.org.br\/noticias\/wp-content\/uploads\/2025\/08\/chamada-24.png\" \/>\n\t<meta property=\"og:image:width\" content=\"800\" \/>\n\t<meta property=\"og:image:height\" content=\"550\" \/>\n\t<meta property=\"og:image:type\" content=\"image\/png\" \/>\n<meta name=\"author\" content=\"Adriana Rabelo\" \/>\n<meta name=\"twitter:card\" content=\"summary_large_image\" \/>\n<meta name=\"twitter:label1\" content=\"Escrito por\" \/>\n\t<meta name=\"twitter:data1\" content=\"Adriana Rabelo\" \/>\n\t<meta name=\"twitter:label2\" content=\"Est. tempo de leitura\" \/>\n\t<meta name=\"twitter:data2\" content=\"2 minutos\" \/>\n<script type=\"application\/ld+json\" class=\"yoast-schema-graph\">{\"@context\":\"https:\/\/schema.org\",\"@graph\":[{\"@type\":\"WebSite\",\"@id\":\"https:\/\/franciscanos.org.br\/noticias\/#website\",\"url\":\"https:\/\/franciscanos.org.br\/noticias\/\",\"name\":\"Not\u00edcias - Franciscanos\",\"description\":\"Prov\u00edncia Franciscana da Imaculada Concei\u00e7\u00e3o do Brasil - Ordem dos Frades Menores - OFM\",\"potentialAction\":[{\"@type\":\"SearchAction\",\"target\":{\"@type\":\"EntryPoint\",\"urlTemplate\":\"https:\/\/franciscanos.org.br\/noticias\/?s={search_term_string}\"},\"query-input\":\"required name=search_term_string\"}],\"inLanguage\":\"pt-BR\"},{\"@type\":\"ImageObject\",\"inLanguage\":\"pt-BR\",\"@id\":\"https:\/\/franciscanos.org.br\/noticias\/canarinhos-de-petropolis-celebram-83-anos-com-missa-solene-e-almoco-comemorativo.html#primaryimage\",\"url\":\"https:\/\/franciscanos.org.br\/noticias\/wp-content\/uploads\/2025\/08\/chamada-24.png\",\"contentUrl\":\"https:\/\/franciscanos.org.br\/noticias\/wp-content\/uploads\/2025\/08\/chamada-24.png\",\"width\":800,\"height\":550},{\"@type\":\"WebPage\",\"@id\":\"https:\/\/franciscanos.org.br\/noticias\/canarinhos-de-petropolis-celebram-83-anos-com-missa-solene-e-almoco-comemorativo.html#webpage\",\"url\":\"https:\/\/franciscanos.org.br\/noticias\/canarinhos-de-petropolis-celebram-83-anos-com-missa-solene-e-almoco-comemorativo.html\",\"name\":\"Canarinhos de Petr\u00f3polis celebram 83 anos com Missa Solene e almo\u00e7o comemorativo - Not\u00edcias - Franciscanos\",\"isPartOf\":{\"@id\":\"https:\/\/franciscanos.org.br\/noticias\/#website\"},\"primaryImageOfPage\":{\"@id\":\"https:\/\/franciscanos.org.br\/noticias\/canarinhos-de-petropolis-celebram-83-anos-com-missa-solene-e-almoco-comemorativo.html#primaryimage\"},\"datePublished\":\"2025-08-19T11:47:55+00:00\",\"dateModified\":\"2025-08-20T11:24:36+00:00\",\"author\":{\"@id\":\"https:\/\/franciscanos.org.br\/noticias\/#\/schema\/person\/d9422e83121c3ad3b0f423d195f5bb25\"},\"breadcrumb\":{\"@id\":\"https:\/\/franciscanos.org.br\/noticias\/canarinhos-de-petropolis-celebram-83-anos-com-missa-solene-e-almoco-comemorativo.html#breadcrumb\"},\"inLanguage\":\"pt-BR\",\"potentialAction\":[{\"@type\":\"ReadAction\",\"target\":[\"https:\/\/franciscanos.org.br\/noticias\/canarinhos-de-petropolis-celebram-83-anos-com-missa-solene-e-almoco-comemorativo.html\"]}]},{\"@type\":\"BreadcrumbList\",\"@id\":\"https:\/\/franciscanos.org.br\/noticias\/canarinhos-de-petropolis-celebram-83-anos-com-missa-solene-e-almoco-comemorativo.html#breadcrumb\",\"itemListElement\":[{\"@type\":\"ListItem\",\"position\":1,\"name\":\"Home\",\"item\":\"https:\/\/franciscanos.org.br\/noticias\"},{\"@type\":\"ListItem\",\"position\":2,\"name\":\"Canarinhos de Petr\u00f3polis celebram 83 anos com Missa Solene e almo\u00e7o comemorativo\"}]},{\"@type\":\"Person\",\"@id\":\"https:\/\/franciscanos.org.br\/noticias\/#\/schema\/person\/d9422e83121c3ad3b0f423d195f5bb25\",\"name\":\"Adriana Rabelo\",\"image\":{\"@type\":\"ImageObject\",\"inLanguage\":\"pt-BR\",\"@id\":\"https:\/\/franciscanos.org.br\/noticias\/#\/schema\/person\/image\/\",\"url\":\"https:\/\/secure.gravatar.com\/avatar\/0a937b7500cd7df77540cfb8bede877d?s=96&d=mm&r=g\",\"contentUrl\":\"https:\/\/secure.gravatar.com\/avatar\/0a937b7500cd7df77540cfb8bede877d?s=96&d=mm&r=g\",\"caption\":\"Adriana Rabelo\"},\"url\":\"https:\/\/franciscanos.org.br\/noticias\/author\/adrianarabelo\"}]}<\/script>\n<!-- \/ Yoast SEO plugin. -->","yoast_head_json":{"title":"Canarinhos de Petr\u00f3polis celebram 83 anos com Missa Solene e almo\u00e7o comemorativo - Not\u00edcias - Franciscanos","robots":{"index":"index","follow":"follow","max-snippet":"max-snippet:-1","max-image-preview":"max-image-preview:large","max-video-preview":"max-video-preview:-1"},"canonical":"https:\/\/franciscanos.org.br\/noticias\/canarinhos-de-petropolis-celebram-83-anos-com-missa-solene-e-almoco-comemorativo.html","og_locale":"pt_BR","og_type":"article","og_title":"Canarinhos de Petr\u00f3polis celebram 83 anos com Missa Solene e almo\u00e7o comemorativo - Not\u00edcias - Franciscanos","og_description":"Hist\u00f3ria e compromisso","og_url":"https:\/\/franciscanos.org.br\/noticias\/canarinhos-de-petropolis-celebram-83-anos-com-missa-solene-e-almoco-comemorativo.html","og_site_name":"Not\u00edcias - Franciscanos","article_published_time":"2025-08-19T11:47:55+00:00","article_modified_time":"2025-08-20T11:24:36+00:00","og_image":[{"width":800,"height":550,"url":"https:\/\/franciscanos.org.br\/noticias\/wp-content\/uploads\/2025\/08\/chamada-24.png","type":"image\/png"}],"author":"Adriana Rabelo","twitter_card":"summary_large_image","twitter_misc":{"Escrito por":"Adriana Rabelo","Est. tempo de leitura":"2 minutos"},"schema":{"@context":"https:\/\/schema.org","@graph":[{"@type":"WebSite","@id":"https:\/\/franciscanos.org.br\/noticias\/#website","url":"https:\/\/franciscanos.org.br\/noticias\/","name":"Not\u00edcias - Franciscanos","description":"Prov\u00edncia Franciscana da Imaculada Concei\u00e7\u00e3o do Brasil - Ordem dos Frades Menores - OFM","potentialAction":[{"@type":"SearchAction","target":{"@type":"EntryPoint","urlTemplate":"https:\/\/franciscanos.org.br\/noticias\/?s={search_term_string}"},"query-input":"required name=search_term_string"}],"inLanguage":"pt-BR"},{"@type":"ImageObject","inLanguage":"pt-BR","@id":"https:\/\/franciscanos.org.br\/noticias\/canarinhos-de-petropolis-celebram-83-anos-com-missa-solene-e-almoco-comemorativo.html#primaryimage","url":"https:\/\/franciscanos.org.br\/noticias\/wp-content\/uploads\/2025\/08\/chamada-24.png","contentUrl":"https:\/\/franciscanos.org.br\/noticias\/wp-content\/uploads\/2025\/08\/chamada-24.png","width":800,"height":550},{"@type":"WebPage","@id":"https:\/\/franciscanos.org.br\/noticias\/canarinhos-de-petropolis-celebram-83-anos-com-missa-solene-e-almoco-comemorativo.html#webpage","url":"https:\/\/franciscanos.org.br\/noticias\/canarinhos-de-petropolis-celebram-83-anos-com-missa-solene-e-almoco-comemorativo.html","name":"Canarinhos de Petr\u00f3polis celebram 83 anos com Missa Solene e almo\u00e7o comemorativo - Not\u00edcias - Franciscanos","isPartOf":{"@id":"https:\/\/franciscanos.org.br\/noticias\/#website"},"primaryImageOfPage":{"@id":"https:\/\/franciscanos.org.br\/noticias\/canarinhos-de-petropolis-celebram-83-anos-com-missa-solene-e-almoco-comemorativo.html#primaryimage"},"datePublished":"2025-08-19T11:47:55+00:00","dateModified":"2025-08-20T11:24:36+00:00","author":{"@id":"https:\/\/franciscanos.org.br\/noticias\/#\/schema\/person\/d9422e83121c3ad3b0f423d195f5bb25"},"breadcrumb":{"@id":"https:\/\/franciscanos.org.br\/noticias\/canarinhos-de-petropolis-celebram-83-anos-com-missa-solene-e-almoco-comemorativo.html#breadcrumb"},"inLanguage":"pt-BR","potentialAction":[{"@type":"ReadAction","target":["https:\/\/franciscanos.org.br\/noticias\/canarinhos-de-petropolis-celebram-83-anos-com-missa-solene-e-almoco-comemorativo.html"]}]},{"@type":"BreadcrumbList","@id":"https:\/\/franciscanos.org.br\/noticias\/canarinhos-de-petropolis-celebram-83-anos-com-missa-solene-e-almoco-comemorativo.html#breadcrumb","itemListElement":[{"@type":"ListItem","position":1,"name":"Home","item":"https:\/\/franciscanos.org.br\/noticias"},{"@type":"ListItem","position":2,"name":"Canarinhos de Petr\u00f3polis celebram 83 anos com Missa Solene e almo\u00e7o comemorativo"}]},{"@type":"Person","@id":"https:\/\/franciscanos.org.br\/noticias\/#\/schema\/person\/d9422e83121c3ad3b0f423d195f5bb25","name":"Adriana Rabelo","image":{"@type":"ImageObject","inLanguage":"pt-BR","@id":"https:\/\/franciscanos.org.br\/noticias\/#\/schema\/person\/image\/","url":"https:\/\/secure.gravatar.com\/avatar\/0a937b7500cd7df77540cfb8bede877d?s=96&d=mm&r=g","contentUrl":"https:\/\/secure.gravatar.com\/avatar\/0a937b7500cd7df77540cfb8bede877d?s=96&d=mm&r=g","caption":"Adriana Rabelo"},"url":"https:\/\/franciscanos.org.br\/noticias\/author\/adrianarabelo"}]}},"_links":{"self":[{"href":"https:\/\/franciscanos.org.br\/noticias\/wp-json\/wp\/v2\/posts\/259519"}],"collection":[{"href":"https:\/\/franciscanos.org.br\/noticias\/wp-json\/wp\/v2\/posts"}],"about":[{"href":"https:\/\/franciscanos.org.br\/noticias\/wp-json\/wp\/v2\/types\/post"}],"author":[{"embeddable":true,"href":"https:\/\/franciscanos.org.br\/noticias\/wp-json\/wp\/v2\/users\/11"}],"replies":[{"embeddable":true,"href":"https:\/\/franciscanos.org.br\/noticias\/wp-json\/wp\/v2\/comments?post=259519"}],"version-history":[{"count":4,"href":"https:\/\/franciscanos.org.br\/noticias\/wp-json\/wp\/v2\/posts\/259519\/revisions"}],"predecessor-version":[{"id":259566,"href":"https:\/\/franciscanos.org.br\/noticias\/wp-json\/wp\/v2\/posts\/259519\/revisions\/259566"}],"wp:featuredmedia":[{"embeddable":true,"href":"https:\/\/franciscanos.org.br\/noticias\/wp-json\/wp\/v2\/media\/259520"}],"wp:attachment":[{"href":"https:\/\/franciscanos.org.br\/noticias\/wp-json\/wp\/v2\/media?parent=259519"}],"wp:term":[{"taxonomy":"category","embeddable":true,"href":"https:\/\/franciscanos.org.br\/noticias\/wp-json\/wp\/v2\/categories?post=259519"},{"taxonomy":"post_tag","embeddable":true,"href":"https:\/\/franciscanos.org.br\/noticias\/wp-json\/wp\/v2\/tags?post=259519"}],"curies":[{"name":"wp","href":"https:\/\/api.w.org\/{rel}","templated":true}]}}