{"id":259506,"date":"2025-08-19T08:20:43","date_gmt":"2025-08-19T11:20:43","guid":{"rendered":"https:\/\/franciscanos.org.br\/noticias\/?p=259506"},"modified":"2025-08-19T08:21:40","modified_gmt":"2025-08-19T11:21:40","slug":"anunciados-os-proximos-eventos-das-juventudes-da-provincia-missao-no-sul-e-caminhada-no-sudeste","status":"publish","type":"post","link":"https:\/\/franciscanos.org.br\/noticias\/anunciados-os-proximos-eventos-das-juventudes-da-provincia-missao-no-sul-e-caminhada-no-sudeste.html","title":{"rendered":"Anunciados os pr\u00f3ximos eventos das Juventudes da Prov\u00edncia: miss\u00e3o no Sul e caminhada no Sudeste"},"content":{"rendered":"<p><img loading=\"lazy\" class=\"aligncenter wp-image-259507 size-full\" src=\"https:\/\/franciscanos.org.br\/noticias\/wp-content\/uploads\/2025\/08\/materia-27.png\" alt=\"\" width=\"1280\" height=\"720\" srcset=\"https:\/\/franciscanos.org.br\/noticias\/wp-content\/uploads\/2025\/08\/materia-27.png 1280w, https:\/\/franciscanos.org.br\/noticias\/wp-content\/uploads\/2025\/08\/materia-27-450x253.png 450w, https:\/\/franciscanos.org.br\/noticias\/wp-content\/uploads\/2025\/08\/materia-27-1024x576.png 1024w, https:\/\/franciscanos.org.br\/noticias\/wp-content\/uploads\/2025\/08\/materia-27-768x432.png 768w, https:\/\/franciscanos.org.br\/noticias\/wp-content\/uploads\/2025\/08\/materia-27-150x84.png 150w\" sizes=\"(max-width: 1280px) 100vw, 1280px\" \/><\/p>\n<p>Neste m\u00eas das voca\u00e7\u00f5es, a equipe de Evangeliza\u00e7\u00e3o com as Juventudes da Prov\u00edncia da Imaculada Concei\u00e7\u00e3o anuncio duas grandes novidades: o local da pr\u00f3xima Miss\u00e3o Franciscana da Juventude, em Santo Amaro da Imperatriz (SC), e a cidade sede da pr\u00f3xima Caminhada Franciscana da Juventude, que ser\u00e1 realizada em Colatina (ES).<\/p>\n<p>As novidades foram partilhadas logo o primeiro dia do m\u00eas de agosto, em uma live transmitida pela TV Franciscanos no YouTube, e em diversas p\u00e1ginas franciscanas no Facebook, reunindo centenas de jovens conectados de diferentes regi\u00f5es do Brasil.<\/p>\n<h3><strong>Santo Amaro da Imperatriz acolher\u00e1 a pr\u00f3xima Miss\u00e3o Franciscana da Juventude<\/strong><\/h3>\n\n\t\t<style type=\"text\/css\">\n\t\t\t#gallery-1 {\n\t\t\t\tmargin: auto;\n\t\t\t}\n\t\t\t#gallery-1 .gallery-item {\n\t\t\t\tfloat: left;\n\t\t\t\tmargin-top: 10px;\n\t\t\t\ttext-align: center;\n\t\t\t\twidth: 50%;\n\t\t\t}\n\t\t\t#gallery-1 img {\n\t\t\t\tborder: 2px solid #cfcfcf;\n\t\t\t}\n\t\t\t#gallery-1 .gallery-caption {\n\t\t\t\tmargin-left: 0;\n\t\t\t}\n\t\t\t\/* see gallery_shortcode() in wp-includes\/media.php *\/\n\t\t<\/style>\n\t\t<div id='gallery-1' class='gallery galleryid-259506 gallery-columns-2 gallery-size-full'><dl class='gallery-item'>\n\t\t\t<dt class='gallery-icon portrait'>\n\t\t\t\t<a href='https:\/\/franciscanos.org.br\/noticias\/wp-content\/uploads\/2025\/08\/feed_mfj-1-1.png'><img width=\"864\" height=\"1080\" src=\"https:\/\/franciscanos.org.br\/noticias\/wp-content\/uploads\/2025\/08\/feed_mfj-1-1.png\" class=\"attachment-full size-full\" alt=\"\" loading=\"lazy\" srcset=\"https:\/\/franciscanos.org.br\/noticias\/wp-content\/uploads\/2025\/08\/feed_mfj-1-1.png 864w, https:\/\/franciscanos.org.br\/noticias\/wp-content\/uploads\/2025\/08\/feed_mfj-1-1-360x450.png 360w, https:\/\/franciscanos.org.br\/noticias\/wp-content\/uploads\/2025\/08\/feed_mfj-1-1-819x1024.png 819w, https:\/\/franciscanos.org.br\/noticias\/wp-content\/uploads\/2025\/08\/feed_mfj-1-1-768x960.png 768w, https:\/\/franciscanos.org.br\/noticias\/wp-content\/uploads\/2025\/08\/feed_mfj-1-1-150x188.png 150w\" sizes=\"(max-width: 864px) 100vw, 864px\" \/><\/a>\n\t\t\t<\/dt><\/dl><dl class='gallery-item'>\n\t\t\t<dt class='gallery-icon portrait'>\n\t\t\t\t<a href='https:\/\/franciscanos.org.br\/noticias\/wp-content\/uploads\/2025\/08\/feed_mfj_2-1-1.png'><img width=\"864\" height=\"1080\" src=\"https:\/\/franciscanos.org.br\/noticias\/wp-content\/uploads\/2025\/08\/feed_mfj_2-1-1.png\" class=\"attachment-full size-full\" alt=\"\" loading=\"lazy\" srcset=\"https:\/\/franciscanos.org.br\/noticias\/wp-content\/uploads\/2025\/08\/feed_mfj_2-1-1.png 864w, https:\/\/franciscanos.org.br\/noticias\/wp-content\/uploads\/2025\/08\/feed_mfj_2-1-1-360x450.png 360w, https:\/\/franciscanos.org.br\/noticias\/wp-content\/uploads\/2025\/08\/feed_mfj_2-1-1-819x1024.png 819w, https:\/\/franciscanos.org.br\/noticias\/wp-content\/uploads\/2025\/08\/feed_mfj_2-1-1-768x960.png 768w, https:\/\/franciscanos.org.br\/noticias\/wp-content\/uploads\/2025\/08\/feed_mfj_2-1-1-150x188.png 150w\" sizes=\"(max-width: 864px) 100vw, 864px\" \/><\/a>\n\t\t\t<\/dt><\/dl><br style=\"clear: both\" \/>\n\t\t<\/div>\n\n<p>O an\u00fancio da Miss\u00e3o foi recebido com entusiasmo e expectativa. Matheus Lohn, jovem de Santo Amaro que participou da transmiss\u00e3o, expressou a alegria da comunidade local: \u201cAssim que a gente comunicou as comunidades, todo mundo ficou empolgado. At\u00e9 que enfim vai acontecer aqui! \u201d, declarou.<\/p>\n<p>Localizada na regi\u00e3o metropolitana de Florian\u00f3polis, a cidade catarinense se prepara para acolher com carinho os \u201cmission\u00e1rios da esperan\u00e7a\u201d, como s\u00e3o conhecidos os participantes da Miss\u00e3o.<\/p>\n<p>Considerado um dos principais eventos da Prov\u00edncia voltados para a juventude, a Miss\u00e3o Franciscana da Juventude tem car\u00e1ter formativo e evangelizador, unindo espiritualidade, a\u00e7\u00e3o pastoral e servi\u00e7o e acontecer\u00e1 entre os dias 29 de janeiro a 1\u00b0 de fevereiro de 2026.<\/p>\n<p>\u201cDiferente da Caminhada, a Miss\u00e3o \u00e9 um tempo mais longo, em que os jovens recebem forma\u00e7\u00e3o sobre um tema e s\u00e3o enviados para evangelizar em diferentes realidades\u201d, explicou Frei Augusto Luiz Gabriel durante a transmiss\u00e3o.<\/p>\n<p>A \u00faltima edi\u00e7\u00e3o ocorreu em janeiro de 2024, em Pato Branco (PR), quando jovens participaram de visitas a casas, institui\u00e7\u00f5es sociais e comunidades locais. Segundo Frei Felipe, foi um tempo de intensa presen\u00e7a mission\u00e1ria: \u201cFoi uma experi\u00eancia de presen\u00e7a, escuta e servi\u00e7o. Os jovens viveram momentos de forma\u00e7\u00e3o e tamb\u00e9m de partilha concreta com as pessoas\u201d, recordou.<\/p>\n<h3><strong>Colatina sediar\u00e1 a 14\u00aa Caminhada Franciscana da Juventude<\/strong><\/h3>\n<p><img loading=\"lazy\" class=\"aligncenter wp-image-259509 size-full\" src=\"https:\/\/franciscanos.org.br\/noticias\/wp-content\/uploads\/2025\/08\/feed_caminhada-1.png\" alt=\"\" width=\"864\" height=\"1080\" srcset=\"https:\/\/franciscanos.org.br\/noticias\/wp-content\/uploads\/2025\/08\/feed_caminhada-1.png 864w, https:\/\/franciscanos.org.br\/noticias\/wp-content\/uploads\/2025\/08\/feed_caminhada-1-360x450.png 360w, https:\/\/franciscanos.org.br\/noticias\/wp-content\/uploads\/2025\/08\/feed_caminhada-1-819x1024.png 819w, https:\/\/franciscanos.org.br\/noticias\/wp-content\/uploads\/2025\/08\/feed_caminhada-1-768x960.png 768w, https:\/\/franciscanos.org.br\/noticias\/wp-content\/uploads\/2025\/08\/feed_caminhada-1-150x188.png 150w\" sizes=\"(max-width: 864px) 100vw, 864px\" \/><\/p>\n<p>Outro an\u00fancio importante da noite foi a escolha de Colatina (ES) como sede da pr\u00f3xima Caminhada Franciscana da Juventude, marcada para os dias 3 a 5 de julho de 2026. Esta ser\u00e1 a primeira vez que o evento acontece na cidade capixaba, e a not\u00edcia foi recebida com emo\u00e7\u00e3o pelos jovens locais, que j\u00e1 come\u00e7am a se organizar para a acolhida.<\/p>\n<p>Hospedar a Caminhada \u00e9 considerado um momento especial para a juventude franciscana, que se prepara para receber peregrinos de diferentes regi\u00f5es em um verdadeiro retiro itinerante. O encontro \u00e9 sempre marcado pela espiritualidade, contato com a natureza e esp\u00edrito de fraternidade.<\/p>\n<h3><strong>Frutos da 13\u00aa Caminhada em Xaxim e Coronel Freitas<\/strong><\/h3>\n<p><img loading=\"lazy\" class=\"aligncenter wp-image-259513 size-full\" src=\"https:\/\/franciscanos.org.br\/noticias\/wp-content\/uploads\/2025\/08\/mateira2.png\" alt=\"\" width=\"1280\" height=\"720\" srcset=\"https:\/\/franciscanos.org.br\/noticias\/wp-content\/uploads\/2025\/08\/mateira2.png 1280w, https:\/\/franciscanos.org.br\/noticias\/wp-content\/uploads\/2025\/08\/mateira2-450x253.png 450w, https:\/\/franciscanos.org.br\/noticias\/wp-content\/uploads\/2025\/08\/mateira2-1024x576.png 1024w, https:\/\/franciscanos.org.br\/noticias\/wp-content\/uploads\/2025\/08\/mateira2-768x432.png 768w, https:\/\/franciscanos.org.br\/noticias\/wp-content\/uploads\/2025\/08\/mateira2-150x84.png 150w\" sizes=\"(max-width: 1280px) 100vw, 1280px\" \/><\/p>\n<p>A live tamb\u00e9m celebrou os frutos da 13\u00aa Caminhada Franciscana da Juventude, realizada recentemente em Xaxim e Coronel Freitas (SC). O evento reuniu mais de 350 jovens e foi inspirado nos 800 anos do C\u00e2ntico das Criaturas.<\/p>\n<p>\u201cFoi um encontro marcado pela viv\u00eancia com a natureza e pela espiritualidade. Passamos por \u00e1reas rurais, refletindo sobre o C\u00e2ntico das Criaturas\u201d, destacou Frei Felipe.<\/p>\n<p>Os jovens das comunidades anfitri\u00e3s tamb\u00e9m testemunharam a experi\u00eancia da acolhida. Larissa e Marcos, volunt\u00e1rios em Xaxim, contaram que abriram suas casas e cora\u00e7\u00f5es para os participantes: \u201cA gente se colocou como fam\u00edlia, mudou nossa rotina para acolher. Foi muito gratificante. A comunidade deu todo o suporte e abra\u00e7ou o evento\u201d, relatou Marcos.<\/p>\n<h3><strong>Pr\u00f3ximos encontros e forma\u00e7\u00f5es<\/strong><\/h3>\n<p>Al\u00e9m da Miss\u00e3o em Santo Amaro da Imperatriz e da Caminhada em Colatina, a live confirmou a realiza\u00e7\u00e3o de duas novas edi\u00e7\u00f5es do Alverne, retiro de espiritualidade franciscana voltado para juventudes. As pr\u00f3ximas datas est\u00e3o previstas para Gaspar (SC) e para o Rio de Janeiro (RJ).<\/p>\n<p>\u201cOs Alvernes t\u00eam nos ajudado muito na forma\u00e7\u00e3o continuada dos jovens. \u00c9 uma oportunidade de mergulhar mais profundamente no carisma de Francisco de Assis\u201d, sublinhou Frei Augusto, ressaltando a colabora\u00e7\u00e3o da Universidade S\u00e3o Francisco (USF) e a presen\u00e7a constante do te\u00f3logo franciscano Frei Vit\u00f3rio Mazzuco nesses encontros.<\/p>\n<p><iframe loading=\"lazy\" title=\"YouTube video player\" src=\"https:\/\/www.youtube.com\/embed\/8dsqeJ-Gzi8?si=Xklf7Z87zZg82r1D\" width=\"100%\" height=\"480\" frameborder=\"0\" allowfullscreen=\"allowfullscreen\"><span data-mce-type=\"bookmark\" style=\"display: inline-block; width: 0px; overflow: hidden; line-height: 0;\" class=\"mce_SELRES_start\">\ufeff<\/span><\/iframe><br \/>\nNa ocasi\u00e3o, tamb\u00e9m foi lan\u00e7ado o v\u00eddeo oficial da 13\u00aa Caminhada, produzido com o apoio da equipe de comunica\u00e7\u00e3o das par\u00f3quias de Xaxim e Coronel Freitas, al\u00e9m dos capixabas Danilo e R\u00f4mulo. O material, dispon\u00edvel no canal da TV Franciscanos, emociona ao retratar momentos de ora\u00e7\u00e3o, fraternidade e contato com a natureza vividos durante o evento.<\/p>\n<h3><strong>\u201cVai sem medo\u201d<\/strong><\/h3>\n<p>Durante toda a transmiss\u00e3o, jovens de diferentes regi\u00f5es manifestaram nos coment\u00e1rios o desejo de participar das pr\u00f3ximas iniciativas. Larissa, de Xaxim, deixou um convite animador para quem ainda est\u00e1 em d\u00favida: \u201cVai sem medo! Cada miss\u00e3o, cada caminhada \u00e9 diferente. A experi\u00eancia \u00e9 \u00fanica. Acolhida nunca falta, e o que voc\u00ea ganha \u00e9 muito maior do que voc\u00ea imagina\u201d.<\/p>\n<p>Para mais informa\u00e7\u00f5es sobre as Miss\u00f5es, Caminhadas e Alvernes acompanhe as redes sociais @juventudesdaprovincia.<\/p>\n<hr \/>\n<p><em>Frei Augusto Luiz Gabriel<\/em><\/p>\n","protected":false},"excerpt":{"rendered":"<p>Juventudes em movimento<\/p>\n","protected":false},"author":11,"featured_media":259514,"comment_status":"open","ping_status":"open","sticky":false,"template":"","format":"standard","meta":[],"categories":[1],"tags":[187,2398,478],"acf":[],"yoast_head":"<!-- This site is optimized with the Yoast SEO plugin v19.2 - https:\/\/yoast.com\/wordpress\/plugins\/seo\/ -->\n<title>Anunciados os pr\u00f3ximos eventos das Juventudes da Prov\u00edncia: miss\u00e3o no Sul e caminhada no Sudeste - Not\u00edcias - Franciscanos<\/title>\n<meta name=\"robots\" content=\"index, follow, max-snippet:-1, max-image-preview:large, max-video-preview:-1\" \/>\n<link rel=\"canonical\" href=\"https:\/\/franciscanos.org.br\/noticias\/anunciados-os-proximos-eventos-das-juventudes-da-provincia-missao-no-sul-e-caminhada-no-sudeste.html\" \/>\n<meta property=\"og:locale\" content=\"pt_BR\" \/>\n<meta property=\"og:type\" content=\"article\" \/>\n<meta property=\"og:title\" content=\"Anunciados os pr\u00f3ximos eventos das Juventudes da Prov\u00edncia: miss\u00e3o no Sul e caminhada no Sudeste - Not\u00edcias - Franciscanos\" \/>\n<meta property=\"og:description\" content=\"Juventudes em movimento\" \/>\n<meta property=\"og:url\" content=\"https:\/\/franciscanos.org.br\/noticias\/anunciados-os-proximos-eventos-das-juventudes-da-provincia-missao-no-sul-e-caminhada-no-sudeste.html\" \/>\n<meta property=\"og:site_name\" content=\"Not\u00edcias - Franciscanos\" \/>\n<meta property=\"article:published_time\" content=\"2025-08-19T11:20:43+00:00\" \/>\n<meta property=\"article:modified_time\" content=\"2025-08-19T11:21:40+00:00\" \/>\n<meta property=\"og:image\" content=\"https:\/\/franciscanos.org.br\/noticias\/wp-content\/uploads\/2025\/08\/chamada-23.png\" \/>\n\t<meta property=\"og:image:width\" content=\"800\" \/>\n\t<meta property=\"og:image:height\" content=\"550\" \/>\n\t<meta property=\"og:image:type\" content=\"image\/png\" \/>\n<meta name=\"author\" content=\"Adriana Rabelo\" \/>\n<meta name=\"twitter:card\" content=\"summary_large_image\" \/>\n<meta name=\"twitter:label1\" content=\"Escrito por\" \/>\n\t<meta name=\"twitter:data1\" content=\"Adriana Rabelo\" \/>\n\t<meta name=\"twitter:label2\" content=\"Est. tempo de leitura\" \/>\n\t<meta name=\"twitter:data2\" content=\"4 minutos\" \/>\n<script type=\"application\/ld+json\" class=\"yoast-schema-graph\">{\"@context\":\"https:\/\/schema.org\",\"@graph\":[{\"@type\":\"WebSite\",\"@id\":\"https:\/\/franciscanos.org.br\/noticias\/#website\",\"url\":\"https:\/\/franciscanos.org.br\/noticias\/\",\"name\":\"Not\u00edcias - Franciscanos\",\"description\":\"Prov\u00edncia Franciscana da Imaculada Concei\u00e7\u00e3o do Brasil - Ordem dos Frades Menores - OFM\",\"potentialAction\":[{\"@type\":\"SearchAction\",\"target\":{\"@type\":\"EntryPoint\",\"urlTemplate\":\"https:\/\/franciscanos.org.br\/noticias\/?s={search_term_string}\"},\"query-input\":\"required name=search_term_string\"}],\"inLanguage\":\"pt-BR\"},{\"@type\":\"ImageObject\",\"inLanguage\":\"pt-BR\",\"@id\":\"https:\/\/franciscanos.org.br\/noticias\/anunciados-os-proximos-eventos-das-juventudes-da-provincia-missao-no-sul-e-caminhada-no-sudeste.html#primaryimage\",\"url\":\"https:\/\/franciscanos.org.br\/noticias\/wp-content\/uploads\/2025\/08\/chamada-23.png\",\"contentUrl\":\"https:\/\/franciscanos.org.br\/noticias\/wp-content\/uploads\/2025\/08\/chamada-23.png\",\"width\":800,\"height\":550},{\"@type\":\"WebPage\",\"@id\":\"https:\/\/franciscanos.org.br\/noticias\/anunciados-os-proximos-eventos-das-juventudes-da-provincia-missao-no-sul-e-caminhada-no-sudeste.html#webpage\",\"url\":\"https:\/\/franciscanos.org.br\/noticias\/anunciados-os-proximos-eventos-das-juventudes-da-provincia-missao-no-sul-e-caminhada-no-sudeste.html\",\"name\":\"Anunciados os pr\u00f3ximos eventos das Juventudes da Prov\u00edncia: miss\u00e3o no Sul e caminhada no Sudeste - Not\u00edcias - Franciscanos\",\"isPartOf\":{\"@id\":\"https:\/\/franciscanos.org.br\/noticias\/#website\"},\"primaryImageOfPage\":{\"@id\":\"https:\/\/franciscanos.org.br\/noticias\/anunciados-os-proximos-eventos-das-juventudes-da-provincia-missao-no-sul-e-caminhada-no-sudeste.html#primaryimage\"},\"datePublished\":\"2025-08-19T11:20:43+00:00\",\"dateModified\":\"2025-08-19T11:21:40+00:00\",\"author\":{\"@id\":\"https:\/\/franciscanos.org.br\/noticias\/#\/schema\/person\/d9422e83121c3ad3b0f423d195f5bb25\"},\"breadcrumb\":{\"@id\":\"https:\/\/franciscanos.org.br\/noticias\/anunciados-os-proximos-eventos-das-juventudes-da-provincia-missao-no-sul-e-caminhada-no-sudeste.html#breadcrumb\"},\"inLanguage\":\"pt-BR\",\"potentialAction\":[{\"@type\":\"ReadAction\",\"target\":[\"https:\/\/franciscanos.org.br\/noticias\/anunciados-os-proximos-eventos-das-juventudes-da-provincia-missao-no-sul-e-caminhada-no-sudeste.html\"]}]},{\"@type\":\"BreadcrumbList\",\"@id\":\"https:\/\/franciscanos.org.br\/noticias\/anunciados-os-proximos-eventos-das-juventudes-da-provincia-missao-no-sul-e-caminhada-no-sudeste.html#breadcrumb\",\"itemListElement\":[{\"@type\":\"ListItem\",\"position\":1,\"name\":\"Home\",\"item\":\"https:\/\/franciscanos.org.br\/noticias\"},{\"@type\":\"ListItem\",\"position\":2,\"name\":\"Anunciados os pr\u00f3ximos eventos das Juventudes da Prov\u00edncia: miss\u00e3o no Sul e caminhada no Sudeste\"}]},{\"@type\":\"Person\",\"@id\":\"https:\/\/franciscanos.org.br\/noticias\/#\/schema\/person\/d9422e83121c3ad3b0f423d195f5bb25\",\"name\":\"Adriana Rabelo\",\"image\":{\"@type\":\"ImageObject\",\"inLanguage\":\"pt-BR\",\"@id\":\"https:\/\/franciscanos.org.br\/noticias\/#\/schema\/person\/image\/\",\"url\":\"https:\/\/secure.gravatar.com\/avatar\/0a937b7500cd7df77540cfb8bede877d?s=96&d=mm&r=g\",\"contentUrl\":\"https:\/\/secure.gravatar.com\/avatar\/0a937b7500cd7df77540cfb8bede877d?s=96&d=mm&r=g\",\"caption\":\"Adriana Rabelo\"},\"url\":\"https:\/\/franciscanos.org.br\/noticias\/author\/adrianarabelo\"}]}<\/script>\n<!-- \/ Yoast SEO plugin. -->","yoast_head_json":{"title":"Anunciados os pr\u00f3ximos eventos das Juventudes da Prov\u00edncia: miss\u00e3o no Sul e caminhada no Sudeste - Not\u00edcias - Franciscanos","robots":{"index":"index","follow":"follow","max-snippet":"max-snippet:-1","max-image-preview":"max-image-preview:large","max-video-preview":"max-video-preview:-1"},"canonical":"https:\/\/franciscanos.org.br\/noticias\/anunciados-os-proximos-eventos-das-juventudes-da-provincia-missao-no-sul-e-caminhada-no-sudeste.html","og_locale":"pt_BR","og_type":"article","og_title":"Anunciados os pr\u00f3ximos eventos das Juventudes da Prov\u00edncia: miss\u00e3o no Sul e caminhada no Sudeste - Not\u00edcias - Franciscanos","og_description":"Juventudes em movimento","og_url":"https:\/\/franciscanos.org.br\/noticias\/anunciados-os-proximos-eventos-das-juventudes-da-provincia-missao-no-sul-e-caminhada-no-sudeste.html","og_site_name":"Not\u00edcias - Franciscanos","article_published_time":"2025-08-19T11:20:43+00:00","article_modified_time":"2025-08-19T11:21:40+00:00","og_image":[{"width":800,"height":550,"url":"https:\/\/franciscanos.org.br\/noticias\/wp-content\/uploads\/2025\/08\/chamada-23.png","type":"image\/png"}],"author":"Adriana Rabelo","twitter_card":"summary_large_image","twitter_misc":{"Escrito por":"Adriana Rabelo","Est. tempo de leitura":"4 minutos"},"schema":{"@context":"https:\/\/schema.org","@graph":[{"@type":"WebSite","@id":"https:\/\/franciscanos.org.br\/noticias\/#website","url":"https:\/\/franciscanos.org.br\/noticias\/","name":"Not\u00edcias - Franciscanos","description":"Prov\u00edncia Franciscana da Imaculada Concei\u00e7\u00e3o do Brasil - Ordem dos Frades Menores - OFM","potentialAction":[{"@type":"SearchAction","target":{"@type":"EntryPoint","urlTemplate":"https:\/\/franciscanos.org.br\/noticias\/?s={search_term_string}"},"query-input":"required name=search_term_string"}],"inLanguage":"pt-BR"},{"@type":"ImageObject","inLanguage":"pt-BR","@id":"https:\/\/franciscanos.org.br\/noticias\/anunciados-os-proximos-eventos-das-juventudes-da-provincia-missao-no-sul-e-caminhada-no-sudeste.html#primaryimage","url":"https:\/\/franciscanos.org.br\/noticias\/wp-content\/uploads\/2025\/08\/chamada-23.png","contentUrl":"https:\/\/franciscanos.org.br\/noticias\/wp-content\/uploads\/2025\/08\/chamada-23.png","width":800,"height":550},{"@type":"WebPage","@id":"https:\/\/franciscanos.org.br\/noticias\/anunciados-os-proximos-eventos-das-juventudes-da-provincia-missao-no-sul-e-caminhada-no-sudeste.html#webpage","url":"https:\/\/franciscanos.org.br\/noticias\/anunciados-os-proximos-eventos-das-juventudes-da-provincia-missao-no-sul-e-caminhada-no-sudeste.html","name":"Anunciados os pr\u00f3ximos eventos das Juventudes da Prov\u00edncia: miss\u00e3o no Sul e caminhada no Sudeste - Not\u00edcias - Franciscanos","isPartOf":{"@id":"https:\/\/franciscanos.org.br\/noticias\/#website"},"primaryImageOfPage":{"@id":"https:\/\/franciscanos.org.br\/noticias\/anunciados-os-proximos-eventos-das-juventudes-da-provincia-missao-no-sul-e-caminhada-no-sudeste.html#primaryimage"},"datePublished":"2025-08-19T11:20:43+00:00","dateModified":"2025-08-19T11:21:40+00:00","author":{"@id":"https:\/\/franciscanos.org.br\/noticias\/#\/schema\/person\/d9422e83121c3ad3b0f423d195f5bb25"},"breadcrumb":{"@id":"https:\/\/franciscanos.org.br\/noticias\/anunciados-os-proximos-eventos-das-juventudes-da-provincia-missao-no-sul-e-caminhada-no-sudeste.html#breadcrumb"},"inLanguage":"pt-BR","potentialAction":[{"@type":"ReadAction","target":["https:\/\/franciscanos.org.br\/noticias\/anunciados-os-proximos-eventos-das-juventudes-da-provincia-missao-no-sul-e-caminhada-no-sudeste.html"]}]},{"@type":"BreadcrumbList","@id":"https:\/\/franciscanos.org.br\/noticias\/anunciados-os-proximos-eventos-das-juventudes-da-provincia-missao-no-sul-e-caminhada-no-sudeste.html#breadcrumb","itemListElement":[{"@type":"ListItem","position":1,"name":"Home","item":"https:\/\/franciscanos.org.br\/noticias"},{"@type":"ListItem","position":2,"name":"Anunciados os pr\u00f3ximos eventos das Juventudes da Prov\u00edncia: miss\u00e3o no Sul e caminhada no Sudeste"}]},{"@type":"Person","@id":"https:\/\/franciscanos.org.br\/noticias\/#\/schema\/person\/d9422e83121c3ad3b0f423d195f5bb25","name":"Adriana Rabelo","image":{"@type":"ImageObject","inLanguage":"pt-BR","@id":"https:\/\/franciscanos.org.br\/noticias\/#\/schema\/person\/image\/","url":"https:\/\/secure.gravatar.com\/avatar\/0a937b7500cd7df77540cfb8bede877d?s=96&d=mm&r=g","contentUrl":"https:\/\/secure.gravatar.com\/avatar\/0a937b7500cd7df77540cfb8bede877d?s=96&d=mm&r=g","caption":"Adriana Rabelo"},"url":"https:\/\/franciscanos.org.br\/noticias\/author\/adrianarabelo"}]}},"_links":{"self":[{"href":"https:\/\/franciscanos.org.br\/noticias\/wp-json\/wp\/v2\/posts\/259506"}],"collection":[{"href":"https:\/\/franciscanos.org.br\/noticias\/wp-json\/wp\/v2\/posts"}],"about":[{"href":"https:\/\/franciscanos.org.br\/noticias\/wp-json\/wp\/v2\/types\/post"}],"author":[{"embeddable":true,"href":"https:\/\/franciscanos.org.br\/noticias\/wp-json\/wp\/v2\/users\/11"}],"replies":[{"embeddable":true,"href":"https:\/\/franciscanos.org.br\/noticias\/wp-json\/wp\/v2\/comments?post=259506"}],"version-history":[{"count":4,"href":"https:\/\/franciscanos.org.br\/noticias\/wp-json\/wp\/v2\/posts\/259506\/revisions"}],"predecessor-version":[{"id":259518,"href":"https:\/\/franciscanos.org.br\/noticias\/wp-json\/wp\/v2\/posts\/259506\/revisions\/259518"}],"wp:featuredmedia":[{"embeddable":true,"href":"https:\/\/franciscanos.org.br\/noticias\/wp-json\/wp\/v2\/media\/259514"}],"wp:attachment":[{"href":"https:\/\/franciscanos.org.br\/noticias\/wp-json\/wp\/v2\/media?parent=259506"}],"wp:term":[{"taxonomy":"category","embeddable":true,"href":"https:\/\/franciscanos.org.br\/noticias\/wp-json\/wp\/v2\/categories?post=259506"},{"taxonomy":"post_tag","embeddable":true,"href":"https:\/\/franciscanos.org.br\/noticias\/wp-json\/wp\/v2\/tags?post=259506"}],"curies":[{"name":"wp","href":"https:\/\/api.w.org\/{rel}","templated":true}]}}