{"id":259497,"date":"2025-08-18T15:22:42","date_gmt":"2025-08-18T18:22:42","guid":{"rendered":"https:\/\/franciscanos.org.br\/noticias\/?p=259497"},"modified":"2025-08-18T15:29:11","modified_gmt":"2025-08-18T18:29:11","slug":"da-rua-a-sala-de-aula-como-o-sefras-ajudou-elicarla-a-conquistar-a-universidade","status":"publish","type":"post","link":"https:\/\/franciscanos.org.br\/noticias\/da-rua-a-sala-de-aula-como-o-sefras-ajudou-elicarla-a-conquistar-a-universidade.html","title":{"rendered":"Da rua \u00e0 sala de aula: como o Sefras ajudou Elicarla a conquistar a universidade"},"content":{"rendered":"<p><img loading=\"lazy\" class=\"aligncenter wp-image-259498 size-full\" src=\"https:\/\/franciscanos.org.br\/noticias\/wp-content\/uploads\/2025\/08\/materia-sefras.png\" alt=\"\" width=\"1280\" height=\"720\" srcset=\"https:\/\/franciscanos.org.br\/noticias\/wp-content\/uploads\/2025\/08\/materia-sefras.png 1280w, https:\/\/franciscanos.org.br\/noticias\/wp-content\/uploads\/2025\/08\/materia-sefras-450x253.png 450w, https:\/\/franciscanos.org.br\/noticias\/wp-content\/uploads\/2025\/08\/materia-sefras-1024x576.png 1024w, https:\/\/franciscanos.org.br\/noticias\/wp-content\/uploads\/2025\/08\/materia-sefras-768x432.png 768w, https:\/\/franciscanos.org.br\/noticias\/wp-content\/uploads\/2025\/08\/materia-sefras-150x84.png 150w\" sizes=\"(max-width: 1280px) 100vw, 1280px\" \/><\/p>\n<p>Aos 44 anos, Elicarla vive um dos momentos mais marcantes de sua trajet\u00f3ria. Depois de 10 anos em situa\u00e7\u00e3o de rua, ela acaba de conquistar uma vaga no curso de Servi\u00e7o Social da Universidade do Estado do Rio de Janeiro (UERJ), com bolsa de estudos. A not\u00edcia n\u00e3o \u00e9 apenas uma vit\u00f3ria pessoal: \u00e9 tamb\u00e9m um s\u00edmbolo do que a vida pode se tornar quando existem pol\u00edticas p\u00fablicas, projetos s\u00e9rios e espa\u00e7os de acolhimento que oferecem apoio real.<\/p>\n<p>Elicarla conhece a Casa Franciscana do Rio de Janeiro, projeto do Sefras &#8211; A\u00e7\u00e3o Social Franciscana, desde os tempos em que ainda funcionava como tenda. Ali, encontrou n\u00e3o s\u00f3 refei\u00e7\u00f5es e cuidados b\u00e1sicos, mas tamb\u00e9m atividades que ampliaram seus horizontes: oficinas de seguran\u00e7a alimentar, m\u00fasica, artesanato, reciclagem, empregabilidade, direitos e deveres, rodas de leitura, cine franciscano, encontros de autocuidado, al\u00e9m do \u201cAl\u00f4 Fam\u00edlia\u201d, espa\u00e7o que permite restabelecer contatos interrompidos pela vida nas ruas.<\/p>\n<p>\u201cA casa \u00e9 um ponto fundamental. Aqui eu fiz amigos que considero parte da minha fam\u00edlia. \u00c0s vezes eu vinha n\u00e3o s\u00f3 para almo\u00e7ar, mas para participar das atividades, para desabafar, para me sentir gente de novo\u201d, contou emocionada durante a entrevista.<\/p>\n\n\t\t<style type=\"text\/css\">\n\t\t\t#gallery-1 {\n\t\t\t\tmargin: auto;\n\t\t\t}\n\t\t\t#gallery-1 .gallery-item {\n\t\t\t\tfloat: left;\n\t\t\t\tmargin-top: 10px;\n\t\t\t\ttext-align: center;\n\t\t\t\twidth: 50%;\n\t\t\t}\n\t\t\t#gallery-1 img {\n\t\t\t\tborder: 2px solid #cfcfcf;\n\t\t\t}\n\t\t\t#gallery-1 .gallery-caption {\n\t\t\t\tmargin-left: 0;\n\t\t\t}\n\t\t\t\/* see gallery_shortcode() in wp-includes\/media.php *\/\n\t\t<\/style>\n\t\t<div id='gallery-1' class='gallery galleryid-259497 gallery-columns-2 gallery-size-medium'><dl class='gallery-item'>\n\t\t\t<dt class='gallery-icon portrait'>\n\t\t\t\t<a href='https:\/\/franciscanos.org.br\/noticias\/wp-content\/uploads\/2025\/08\/WhatsApp-Image-2025-08-12-at-15.06.05-1-1.jpeg'><img width=\"338\" height=\"450\" src=\"https:\/\/franciscanos.org.br\/noticias\/wp-content\/uploads\/2025\/08\/WhatsApp-Image-2025-08-12-at-15.06.05-1-1-338x450.jpeg\" class=\"attachment-medium size-medium\" alt=\"\" loading=\"lazy\" srcset=\"https:\/\/franciscanos.org.br\/noticias\/wp-content\/uploads\/2025\/08\/WhatsApp-Image-2025-08-12-at-15.06.05-1-1-338x450.jpeg 338w, https:\/\/franciscanos.org.br\/noticias\/wp-content\/uploads\/2025\/08\/WhatsApp-Image-2025-08-12-at-15.06.05-1-1-768x1024.jpeg 768w, https:\/\/franciscanos.org.br\/noticias\/wp-content\/uploads\/2025\/08\/WhatsApp-Image-2025-08-12-at-15.06.05-1-1-1152x1536.jpeg 1152w, https:\/\/franciscanos.org.br\/noticias\/wp-content\/uploads\/2025\/08\/WhatsApp-Image-2025-08-12-at-15.06.05-1-1-150x200.jpeg 150w, https:\/\/franciscanos.org.br\/noticias\/wp-content\/uploads\/2025\/08\/WhatsApp-Image-2025-08-12-at-15.06.05-1-1.jpeg 810w\" sizes=\"(max-width: 338px) 100vw, 338px\" \/><\/a>\n\t\t\t<\/dt><\/dl><dl class='gallery-item'>\n\t\t\t<dt class='gallery-icon portrait'>\n\t\t\t\t<a href='https:\/\/franciscanos.org.br\/noticias\/wp-content\/uploads\/2025\/08\/IMG_1196-scaled.jpg'><img width=\"338\" height=\"450\" src=\"https:\/\/franciscanos.org.br\/noticias\/wp-content\/uploads\/2025\/08\/IMG_1196-338x450.jpg\" class=\"attachment-medium size-medium\" alt=\"\" loading=\"lazy\" srcset=\"https:\/\/franciscanos.org.br\/noticias\/wp-content\/uploads\/2025\/08\/IMG_1196-338x450.jpg 338w, https:\/\/franciscanos.org.br\/noticias\/wp-content\/uploads\/2025\/08\/IMG_1196-768x1024.jpg 768w, https:\/\/franciscanos.org.br\/noticias\/wp-content\/uploads\/2025\/08\/IMG_1196-1152x1536.jpg 1152w, https:\/\/franciscanos.org.br\/noticias\/wp-content\/uploads\/2025\/08\/IMG_1196-1536x2048.jpg 1536w, https:\/\/franciscanos.org.br\/noticias\/wp-content\/uploads\/2025\/08\/IMG_1196-150x200.jpg 150w, https:\/\/franciscanos.org.br\/noticias\/wp-content\/uploads\/2025\/08\/IMG_1196-scaled.jpg 810w\" sizes=\"(max-width: 338px) 100vw, 338px\" \/><\/a>\n\t\t\t<\/dt><\/dl><br style=\"clear: both\" \/>\n\t\t<\/div>\n\n<h4><strong>Reconstru\u00e7\u00e3o e novos caminhos<\/strong><\/h4>\n<p>Durante os anos em situa\u00e7\u00e3o de rua, Elicarla enfrentou dores profundas, como a perda dos filhos e um relacionamento marcado pela depend\u00eancia qu\u00edmica do ex-marido. Foi na Casa Franciscana que ela encontrou for\u00e7a para recome\u00e7ar. O acolhimento possibilitou n\u00e3o apenas momentos de aprendizado e lazer, mas tamb\u00e9m a reconstru\u00e7\u00e3o de v\u00ednculos importantes, como a reaproxima\u00e7\u00e3o com o pai, ap\u00f3s muitos anos de sil\u00eancio.<\/p>\n<p>\u201cQuando contei para ele que tinha passado no vestibular, a gente voltou a se falar. Isso foi muito especial\u201d, relembra.<\/p>\n<p>Agora, o ingresso na universidade representa mais do que um sonho pessoal: \u00e9 a chance de transformar em profiss\u00e3o o desejo de apoiar outras pessoas que vivem hoje as mesmas dificuldades que ela enfrentou. \u201cEu quero ajudar quem precisa de verdade. Atrav\u00e9s do estudo e da for\u00e7a de vontade, eu sei que posso fazer mais pelas pessoas\u201d, afirma.<\/p>\n<p><strong> <img loading=\"lazy\" class=\"aligncenter wp-image-259500 size-full\" src=\"https:\/\/franciscanos.org.br\/noticias\/wp-content\/uploads\/2025\/08\/materia-Sefras-2.png\" alt=\"\" width=\"1280\" height=\"720\" srcset=\"https:\/\/franciscanos.org.br\/noticias\/wp-content\/uploads\/2025\/08\/materia-Sefras-2.png 1280w, https:\/\/franciscanos.org.br\/noticias\/wp-content\/uploads\/2025\/08\/materia-Sefras-2-450x253.png 450w, https:\/\/franciscanos.org.br\/noticias\/wp-content\/uploads\/2025\/08\/materia-Sefras-2-1024x576.png 1024w, https:\/\/franciscanos.org.br\/noticias\/wp-content\/uploads\/2025\/08\/materia-Sefras-2-768x432.png 768w, https:\/\/franciscanos.org.br\/noticias\/wp-content\/uploads\/2025\/08\/materia-Sefras-2-150x84.png 150w\" sizes=\"(max-width: 1280px) 100vw, 1280px\" \/><\/strong><\/p>\n<h4><strong>A realidade que persiste<\/strong><\/h4>\n<p>Segundo o <a href=\"https:\/\/prefeitura.rio\/assistencia-social-direitos-humanos\/prefeitura-do-rio-divulga-resultados-do-novo-censo-de-populacao-de-rua-2022\/?utm_source=chatgpt.com\">Censo Pop Rua 2022<\/a>, o Rio de Janeiro tem mais de 7.800 pessoas vivendo em situa\u00e7\u00e3o de rua, n\u00famero que cresceu nos \u00faltimos anos e reflete a desigualdade e a precariedade de acesso a direitos b\u00e1sicos. Frente a esse cen\u00e1rio, a Casa Franciscana atua diariamente servindo cerca de 320 refei\u00e7\u00f5es, banhos e diversos atendimentos sociais, al\u00e9m de atividades culturais, educativas e de sa\u00fade.<\/p>\n<p>Mais do que oferecer assist\u00eancia imediata, o espa\u00e7o \u00e9 pensado como um ponto de dignidade e reconstru\u00e7\u00e3o de vidas. Hist\u00f3rias como a de Elicarla mostram que, quando h\u00e1 acolhimento e investimento em projetos s\u00e9rios, sonhos antes inimagin\u00e1veis se tornam realidade.<\/p>\n<p><strong>25 anos de impacto<\/strong><\/p>\n<p>Em 2025, o Sefras completa 25 anos de atua\u00e7\u00e3o, e a conquista de Elicarla se soma \u00e0s tantas transforma\u00e7\u00f5es possibilitadas nesse per\u00edodo. Ela mesma reconhece:<\/p>\n<p>\u201cSe existissem mais lugares como a Casa Franciscana, muito mais gente conseguiria se reerguer. Aqui n\u00e3o \u00e9 s\u00f3 comida, \u00e9 carinho, \u00e9 abra\u00e7o, \u00e9 esperan\u00e7a\u201d.<\/p>\n<p>Elicarla inicia agora sua caminhada universit\u00e1ria com a certeza de que n\u00e3o est\u00e1 sozinha. Sua hist\u00f3ria \u00e9 um lembrete de que a solidariedade organizada pode ser a chave para abrir portas que a desigualdade insiste em manter fechadas.<\/p>\n<hr \/>\n<p><em>Melissa Galdino &#8211; Sefras<\/em><\/p>\n","protected":false},"excerpt":{"rendered":"<p>A\u00e7\u00e3o Social Franciscana<\/p>\n","protected":false},"author":11,"featured_media":259499,"comment_status":"open","ping_status":"open","sticky":false,"template":"","format":"standard","meta":[],"categories":[1],"tags":[2346,228],"acf":[],"yoast_head":"<!-- This site is optimized with the Yoast SEO plugin v19.2 - https:\/\/yoast.com\/wordpress\/plugins\/seo\/ -->\n<title>Da rua \u00e0 sala de aula: como o Sefras ajudou Elicarla a conquistar a universidade - Not\u00edcias - Franciscanos<\/title>\n<meta name=\"robots\" content=\"index, follow, max-snippet:-1, max-image-preview:large, max-video-preview:-1\" \/>\n<link rel=\"canonical\" href=\"https:\/\/franciscanos.org.br\/noticias\/da-rua-a-sala-de-aula-como-o-sefras-ajudou-elicarla-a-conquistar-a-universidade.html\" \/>\n<meta property=\"og:locale\" content=\"pt_BR\" \/>\n<meta property=\"og:type\" content=\"article\" \/>\n<meta property=\"og:title\" content=\"Da rua \u00e0 sala de aula: como o Sefras ajudou Elicarla a conquistar a universidade - Not\u00edcias - Franciscanos\" \/>\n<meta property=\"og:description\" content=\"A\u00e7\u00e3o Social Franciscana\" \/>\n<meta property=\"og:url\" content=\"https:\/\/franciscanos.org.br\/noticias\/da-rua-a-sala-de-aula-como-o-sefras-ajudou-elicarla-a-conquistar-a-universidade.html\" \/>\n<meta property=\"og:site_name\" content=\"Not\u00edcias - Franciscanos\" \/>\n<meta property=\"article:published_time\" content=\"2025-08-18T18:22:42+00:00\" \/>\n<meta property=\"article:modified_time\" content=\"2025-08-18T18:29:11+00:00\" \/>\n<meta property=\"og:image\" content=\"https:\/\/franciscanos.org.br\/noticias\/wp-content\/uploads\/2025\/08\/chamada-sefras-1.png\" \/>\n\t<meta property=\"og:image:width\" content=\"800\" \/>\n\t<meta property=\"og:image:height\" content=\"550\" \/>\n\t<meta property=\"og:image:type\" content=\"image\/png\" \/>\n<meta name=\"author\" content=\"Adriana Rabelo\" \/>\n<meta name=\"twitter:card\" content=\"summary_large_image\" \/>\n<meta name=\"twitter:label1\" content=\"Escrito por\" \/>\n\t<meta name=\"twitter:data1\" content=\"Adriana Rabelo\" \/>\n\t<meta name=\"twitter:label2\" content=\"Est. tempo de leitura\" \/>\n\t<meta name=\"twitter:data2\" content=\"3 minutos\" \/>\n<script type=\"application\/ld+json\" class=\"yoast-schema-graph\">{\"@context\":\"https:\/\/schema.org\",\"@graph\":[{\"@type\":\"WebSite\",\"@id\":\"https:\/\/franciscanos.org.br\/noticias\/#website\",\"url\":\"https:\/\/franciscanos.org.br\/noticias\/\",\"name\":\"Not\u00edcias - Franciscanos\",\"description\":\"Prov\u00edncia Franciscana da Imaculada Concei\u00e7\u00e3o do Brasil - Ordem dos Frades Menores - OFM\",\"potentialAction\":[{\"@type\":\"SearchAction\",\"target\":{\"@type\":\"EntryPoint\",\"urlTemplate\":\"https:\/\/franciscanos.org.br\/noticias\/?s={search_term_string}\"},\"query-input\":\"required name=search_term_string\"}],\"inLanguage\":\"pt-BR\"},{\"@type\":\"ImageObject\",\"inLanguage\":\"pt-BR\",\"@id\":\"https:\/\/franciscanos.org.br\/noticias\/da-rua-a-sala-de-aula-como-o-sefras-ajudou-elicarla-a-conquistar-a-universidade.html#primaryimage\",\"url\":\"https:\/\/franciscanos.org.br\/noticias\/wp-content\/uploads\/2025\/08\/chamada-sefras-1.png\",\"contentUrl\":\"https:\/\/franciscanos.org.br\/noticias\/wp-content\/uploads\/2025\/08\/chamada-sefras-1.png\",\"width\":800,\"height\":550},{\"@type\":\"WebPage\",\"@id\":\"https:\/\/franciscanos.org.br\/noticias\/da-rua-a-sala-de-aula-como-o-sefras-ajudou-elicarla-a-conquistar-a-universidade.html#webpage\",\"url\":\"https:\/\/franciscanos.org.br\/noticias\/da-rua-a-sala-de-aula-como-o-sefras-ajudou-elicarla-a-conquistar-a-universidade.html\",\"name\":\"Da rua \u00e0 sala de aula: como o Sefras ajudou Elicarla a conquistar a universidade - Not\u00edcias - Franciscanos\",\"isPartOf\":{\"@id\":\"https:\/\/franciscanos.org.br\/noticias\/#website\"},\"primaryImageOfPage\":{\"@id\":\"https:\/\/franciscanos.org.br\/noticias\/da-rua-a-sala-de-aula-como-o-sefras-ajudou-elicarla-a-conquistar-a-universidade.html#primaryimage\"},\"datePublished\":\"2025-08-18T18:22:42+00:00\",\"dateModified\":\"2025-08-18T18:29:11+00:00\",\"author\":{\"@id\":\"https:\/\/franciscanos.org.br\/noticias\/#\/schema\/person\/d9422e83121c3ad3b0f423d195f5bb25\"},\"breadcrumb\":{\"@id\":\"https:\/\/franciscanos.org.br\/noticias\/da-rua-a-sala-de-aula-como-o-sefras-ajudou-elicarla-a-conquistar-a-universidade.html#breadcrumb\"},\"inLanguage\":\"pt-BR\",\"potentialAction\":[{\"@type\":\"ReadAction\",\"target\":[\"https:\/\/franciscanos.org.br\/noticias\/da-rua-a-sala-de-aula-como-o-sefras-ajudou-elicarla-a-conquistar-a-universidade.html\"]}]},{\"@type\":\"BreadcrumbList\",\"@id\":\"https:\/\/franciscanos.org.br\/noticias\/da-rua-a-sala-de-aula-como-o-sefras-ajudou-elicarla-a-conquistar-a-universidade.html#breadcrumb\",\"itemListElement\":[{\"@type\":\"ListItem\",\"position\":1,\"name\":\"Home\",\"item\":\"https:\/\/franciscanos.org.br\/noticias\"},{\"@type\":\"ListItem\",\"position\":2,\"name\":\"Da rua \u00e0 sala de aula: como o Sefras ajudou Elicarla a conquistar a universidade\"}]},{\"@type\":\"Person\",\"@id\":\"https:\/\/franciscanos.org.br\/noticias\/#\/schema\/person\/d9422e83121c3ad3b0f423d195f5bb25\",\"name\":\"Adriana Rabelo\",\"image\":{\"@type\":\"ImageObject\",\"inLanguage\":\"pt-BR\",\"@id\":\"https:\/\/franciscanos.org.br\/noticias\/#\/schema\/person\/image\/\",\"url\":\"https:\/\/secure.gravatar.com\/avatar\/0a937b7500cd7df77540cfb8bede877d?s=96&d=mm&r=g\",\"contentUrl\":\"https:\/\/secure.gravatar.com\/avatar\/0a937b7500cd7df77540cfb8bede877d?s=96&d=mm&r=g\",\"caption\":\"Adriana Rabelo\"},\"url\":\"https:\/\/franciscanos.org.br\/noticias\/author\/adrianarabelo\"}]}<\/script>\n<!-- \/ Yoast SEO plugin. -->","yoast_head_json":{"title":"Da rua \u00e0 sala de aula: como o Sefras ajudou Elicarla a conquistar a universidade - Not\u00edcias - Franciscanos","robots":{"index":"index","follow":"follow","max-snippet":"max-snippet:-1","max-image-preview":"max-image-preview:large","max-video-preview":"max-video-preview:-1"},"canonical":"https:\/\/franciscanos.org.br\/noticias\/da-rua-a-sala-de-aula-como-o-sefras-ajudou-elicarla-a-conquistar-a-universidade.html","og_locale":"pt_BR","og_type":"article","og_title":"Da rua \u00e0 sala de aula: como o Sefras ajudou Elicarla a conquistar a universidade - Not\u00edcias - Franciscanos","og_description":"A\u00e7\u00e3o Social Franciscana","og_url":"https:\/\/franciscanos.org.br\/noticias\/da-rua-a-sala-de-aula-como-o-sefras-ajudou-elicarla-a-conquistar-a-universidade.html","og_site_name":"Not\u00edcias - Franciscanos","article_published_time":"2025-08-18T18:22:42+00:00","article_modified_time":"2025-08-18T18:29:11+00:00","og_image":[{"width":800,"height":550,"url":"https:\/\/franciscanos.org.br\/noticias\/wp-content\/uploads\/2025\/08\/chamada-sefras-1.png","type":"image\/png"}],"author":"Adriana Rabelo","twitter_card":"summary_large_image","twitter_misc":{"Escrito por":"Adriana Rabelo","Est. tempo de leitura":"3 minutos"},"schema":{"@context":"https:\/\/schema.org","@graph":[{"@type":"WebSite","@id":"https:\/\/franciscanos.org.br\/noticias\/#website","url":"https:\/\/franciscanos.org.br\/noticias\/","name":"Not\u00edcias - Franciscanos","description":"Prov\u00edncia Franciscana da Imaculada Concei\u00e7\u00e3o do Brasil - Ordem dos Frades Menores - OFM","potentialAction":[{"@type":"SearchAction","target":{"@type":"EntryPoint","urlTemplate":"https:\/\/franciscanos.org.br\/noticias\/?s={search_term_string}"},"query-input":"required name=search_term_string"}],"inLanguage":"pt-BR"},{"@type":"ImageObject","inLanguage":"pt-BR","@id":"https:\/\/franciscanos.org.br\/noticias\/da-rua-a-sala-de-aula-como-o-sefras-ajudou-elicarla-a-conquistar-a-universidade.html#primaryimage","url":"https:\/\/franciscanos.org.br\/noticias\/wp-content\/uploads\/2025\/08\/chamada-sefras-1.png","contentUrl":"https:\/\/franciscanos.org.br\/noticias\/wp-content\/uploads\/2025\/08\/chamada-sefras-1.png","width":800,"height":550},{"@type":"WebPage","@id":"https:\/\/franciscanos.org.br\/noticias\/da-rua-a-sala-de-aula-como-o-sefras-ajudou-elicarla-a-conquistar-a-universidade.html#webpage","url":"https:\/\/franciscanos.org.br\/noticias\/da-rua-a-sala-de-aula-como-o-sefras-ajudou-elicarla-a-conquistar-a-universidade.html","name":"Da rua \u00e0 sala de aula: como o Sefras ajudou Elicarla a conquistar a universidade - Not\u00edcias - Franciscanos","isPartOf":{"@id":"https:\/\/franciscanos.org.br\/noticias\/#website"},"primaryImageOfPage":{"@id":"https:\/\/franciscanos.org.br\/noticias\/da-rua-a-sala-de-aula-como-o-sefras-ajudou-elicarla-a-conquistar-a-universidade.html#primaryimage"},"datePublished":"2025-08-18T18:22:42+00:00","dateModified":"2025-08-18T18:29:11+00:00","author":{"@id":"https:\/\/franciscanos.org.br\/noticias\/#\/schema\/person\/d9422e83121c3ad3b0f423d195f5bb25"},"breadcrumb":{"@id":"https:\/\/franciscanos.org.br\/noticias\/da-rua-a-sala-de-aula-como-o-sefras-ajudou-elicarla-a-conquistar-a-universidade.html#breadcrumb"},"inLanguage":"pt-BR","potentialAction":[{"@type":"ReadAction","target":["https:\/\/franciscanos.org.br\/noticias\/da-rua-a-sala-de-aula-como-o-sefras-ajudou-elicarla-a-conquistar-a-universidade.html"]}]},{"@type":"BreadcrumbList","@id":"https:\/\/franciscanos.org.br\/noticias\/da-rua-a-sala-de-aula-como-o-sefras-ajudou-elicarla-a-conquistar-a-universidade.html#breadcrumb","itemListElement":[{"@type":"ListItem","position":1,"name":"Home","item":"https:\/\/franciscanos.org.br\/noticias"},{"@type":"ListItem","position":2,"name":"Da rua \u00e0 sala de aula: como o Sefras ajudou Elicarla a conquistar a universidade"}]},{"@type":"Person","@id":"https:\/\/franciscanos.org.br\/noticias\/#\/schema\/person\/d9422e83121c3ad3b0f423d195f5bb25","name":"Adriana Rabelo","image":{"@type":"ImageObject","inLanguage":"pt-BR","@id":"https:\/\/franciscanos.org.br\/noticias\/#\/schema\/person\/image\/","url":"https:\/\/secure.gravatar.com\/avatar\/0a937b7500cd7df77540cfb8bede877d?s=96&d=mm&r=g","contentUrl":"https:\/\/secure.gravatar.com\/avatar\/0a937b7500cd7df77540cfb8bede877d?s=96&d=mm&r=g","caption":"Adriana Rabelo"},"url":"https:\/\/franciscanos.org.br\/noticias\/author\/adrianarabelo"}]}},"_links":{"self":[{"href":"https:\/\/franciscanos.org.br\/noticias\/wp-json\/wp\/v2\/posts\/259497"}],"collection":[{"href":"https:\/\/franciscanos.org.br\/noticias\/wp-json\/wp\/v2\/posts"}],"about":[{"href":"https:\/\/franciscanos.org.br\/noticias\/wp-json\/wp\/v2\/types\/post"}],"author":[{"embeddable":true,"href":"https:\/\/franciscanos.org.br\/noticias\/wp-json\/wp\/v2\/users\/11"}],"replies":[{"embeddable":true,"href":"https:\/\/franciscanos.org.br\/noticias\/wp-json\/wp\/v2\/comments?post=259497"}],"version-history":[{"count":2,"href":"https:\/\/franciscanos.org.br\/noticias\/wp-json\/wp\/v2\/posts\/259497\/revisions"}],"predecessor-version":[{"id":259505,"href":"https:\/\/franciscanos.org.br\/noticias\/wp-json\/wp\/v2\/posts\/259497\/revisions\/259505"}],"wp:featuredmedia":[{"embeddable":true,"href":"https:\/\/franciscanos.org.br\/noticias\/wp-json\/wp\/v2\/media\/259499"}],"wp:attachment":[{"href":"https:\/\/franciscanos.org.br\/noticias\/wp-json\/wp\/v2\/media?parent=259497"}],"wp:term":[{"taxonomy":"category","embeddable":true,"href":"https:\/\/franciscanos.org.br\/noticias\/wp-json\/wp\/v2\/categories?post=259497"},{"taxonomy":"post_tag","embeddable":true,"href":"https:\/\/franciscanos.org.br\/noticias\/wp-json\/wp\/v2\/tags?post=259497"}],"curies":[{"name":"wp","href":"https:\/\/api.w.org\/{rel}","templated":true}]}}