{"id":259485,"date":"2025-08-15T15:40:56","date_gmt":"2025-08-15T18:40:56","guid":{"rendered":"https:\/\/franciscanos.org.br\/noticias\/?p=259485"},"modified":"2025-08-15T16:54:49","modified_gmt":"2025-08-15T19:54:49","slug":"259485","status":"publish","type":"post","link":"https:\/\/franciscanos.org.br\/noticias\/259485.html","title":{"rendered":"Congresso Franciscano ser\u00e1 em setembro"},"content":{"rendered":"<p><img loading=\"lazy\" class=\"aligncenter wp-image-259486 size-full\" src=\"https:\/\/franciscanos.org.br\/noticias\/wp-content\/uploads\/2025\/08\/MATERIA-26.png\" alt=\"\" width=\"1280\" height=\"720\" srcset=\"https:\/\/franciscanos.org.br\/noticias\/wp-content\/uploads\/2025\/08\/MATERIA-26.png 1280w, https:\/\/franciscanos.org.br\/noticias\/wp-content\/uploads\/2025\/08\/MATERIA-26-450x253.png 450w, https:\/\/franciscanos.org.br\/noticias\/wp-content\/uploads\/2025\/08\/MATERIA-26-1024x576.png 1024w, https:\/\/franciscanos.org.br\/noticias\/wp-content\/uploads\/2025\/08\/MATERIA-26-768x432.png 768w, https:\/\/franciscanos.org.br\/noticias\/wp-content\/uploads\/2025\/08\/MATERIA-26-150x84.png 150w\" sizes=\"(max-width: 1280px) 100vw, 1280px\" \/><\/p>\n<p>Em comemora\u00e7\u00e3o ao Jubileu da Prov\u00edncia Franciscana da Imaculada Concei\u00e7\u00e3o do Brasil, nos dias 24, 25 e 26 de setembro, ser\u00e1 realizado no Convento Santo Ant\u00f4nio, no Rio de Janeiro, o <a href=\"https:\/\/sites.google.com\/usf.edu.br\/congresso350provincia\/apresenta%C3%A7%C3%A3o?authuser=0\"><strong>Congresso Franciscano \u2013 Prov\u00edncia da Imaculada: 350 anos de Evangeliza\u00e7\u00e3o, Hist\u00f3ria e Cultura<\/strong><\/a>.<\/p>\n<p>No dia 15 de julho de 1675, o Papa Clemente X erigia a Prov\u00edncia Franciscana da Imaculada Concei\u00e7\u00e3o do Brasil, com sede no Convento Santo Ant\u00f4nio, no Rio de Janeiro, desmembrando-a da Prov\u00edncia de Santo Ant\u00f4nio, ent\u00e3o sediada em Recife. Hoje, tr\u00eas s\u00e9culo e meio depois, celebramos um marco hist\u00f3rico de f\u00e9 e dedica\u00e7\u00e3o, trazendo \u00e0 luz a vida, o legado, os desafios e as esperan\u00e7as daqueles homens de profunda espiritualidade que levaram \u00e0s Terras de Santa Cruz os valores, ideais e o modo de ser de S\u00e3o Francisco de Assis.<\/p>\n<p>O Congresso ser\u00e1 uma oportunidade \u00edmpar de interc\u00e2mbio de conhecimentos, reflex\u00f5es e mem\u00f3rias, reunindo experi\u00eancias que revelam as realiza\u00e7\u00f5es dos franciscanos da Prov\u00edncia ao longo da hist\u00f3ria.<\/p>\n<p>A escolha do Convento Santo Ant\u00f4nio n\u00e3o \u00e9 apenas simb\u00f3lica, mas profundamente significativa. Este espa\u00e7o, carregado de hist\u00f3ria e espiritualidade, \u00e9 um verdadeiro \u00edcone da Prov\u00edncia. Com mais de quatro s\u00e9culos de exist\u00eancia, tombado pelo IPHAN, o edif\u00edcio preserva uma arquitetura majestosa no cora\u00e7\u00e3o do Rio de Janeiro, no Largo da Carioca, tornando-se o cen\u00e1rio perfeito para acolher um evento que celebra tradi\u00e7\u00e3o, f\u00e9 e cultura.<\/p>\n<p>Especialistas do Brasil e do exterior compartilhar\u00e3o pesquisas recentes sobre hist\u00f3ria, arte, evangeliza\u00e7\u00e3o, cultura e as din\u00e2micas sociais, pol\u00edticas e de poder que marcaram cada fase da trajet\u00f3ria da Prov\u00edncia e do franciscanismo no Brasil. Os pesquisadores tamb\u00e9m apresentar\u00e3o seus trabalhos em mesas tem\u00e1ticas, fortalecendo o di\u00e1logo e a reflex\u00e3o acad\u00eamica e espiritual.<\/p>\n\n\t\t<style type=\"text\/css\">\n\t\t\t#gallery-1 {\n\t\t\t\tmargin: auto;\n\t\t\t}\n\t\t\t#gallery-1 .gallery-item {\n\t\t\t\tfloat: left;\n\t\t\t\tmargin-top: 10px;\n\t\t\t\ttext-align: center;\n\t\t\t\twidth: 50%;\n\t\t\t}\n\t\t\t#gallery-1 img {\n\t\t\t\tborder: 2px solid #cfcfcf;\n\t\t\t}\n\t\t\t#gallery-1 .gallery-caption {\n\t\t\t\tmargin-left: 0;\n\t\t\t}\n\t\t\t\/* see gallery_shortcode() in wp-includes\/media.php *\/\n\t\t<\/style>\n\t\t<div id='gallery-1' class='gallery galleryid-259485 gallery-columns-2 gallery-size-medium'><dl class='gallery-item'>\n\t\t\t<dt class='gallery-icon portrait'>\n\t\t\t\t<a href='https:\/\/franciscanos.org.br\/noticias\/wp-content\/uploads\/2025\/08\/WhatsApp-Image-2025-08-04-at-14.59.29-4.jpeg'><img width=\"360\" height=\"450\" src=\"https:\/\/franciscanos.org.br\/noticias\/wp-content\/uploads\/2025\/08\/WhatsApp-Image-2025-08-04-at-14.59.29-4-360x450.jpeg\" class=\"attachment-medium size-medium\" alt=\"\" loading=\"lazy\" srcset=\"https:\/\/franciscanos.org.br\/noticias\/wp-content\/uploads\/2025\/08\/WhatsApp-Image-2025-08-04-at-14.59.29-4-360x450.jpeg 360w, https:\/\/franciscanos.org.br\/noticias\/wp-content\/uploads\/2025\/08\/WhatsApp-Image-2025-08-04-at-14.59.29-4-819x1024.jpeg 819w, https:\/\/franciscanos.org.br\/noticias\/wp-content\/uploads\/2025\/08\/WhatsApp-Image-2025-08-04-at-14.59.29-4-768x960.jpeg 768w, https:\/\/franciscanos.org.br\/noticias\/wp-content\/uploads\/2025\/08\/WhatsApp-Image-2025-08-04-at-14.59.29-4-150x188.jpeg 150w, https:\/\/franciscanos.org.br\/noticias\/wp-content\/uploads\/2025\/08\/WhatsApp-Image-2025-08-04-at-14.59.29-4.jpeg 864w\" sizes=\"(max-width: 360px) 100vw, 360px\" \/><\/a>\n\t\t\t<\/dt><\/dl><dl class='gallery-item'>\n\t\t\t<dt class='gallery-icon portrait'>\n\t\t\t\t<a href='https:\/\/franciscanos.org.br\/noticias\/wp-content\/uploads\/2025\/08\/WhatsApp-Image-2025-08-04-at-14.59.29-3.jpeg'><img width=\"360\" height=\"450\" src=\"https:\/\/franciscanos.org.br\/noticias\/wp-content\/uploads\/2025\/08\/WhatsApp-Image-2025-08-04-at-14.59.29-3-360x450.jpeg\" class=\"attachment-medium size-medium\" alt=\"\" loading=\"lazy\" srcset=\"https:\/\/franciscanos.org.br\/noticias\/wp-content\/uploads\/2025\/08\/WhatsApp-Image-2025-08-04-at-14.59.29-3-360x450.jpeg 360w, https:\/\/franciscanos.org.br\/noticias\/wp-content\/uploads\/2025\/08\/WhatsApp-Image-2025-08-04-at-14.59.29-3-819x1024.jpeg 819w, https:\/\/franciscanos.org.br\/noticias\/wp-content\/uploads\/2025\/08\/WhatsApp-Image-2025-08-04-at-14.59.29-3-768x960.jpeg 768w, https:\/\/franciscanos.org.br\/noticias\/wp-content\/uploads\/2025\/08\/WhatsApp-Image-2025-08-04-at-14.59.29-3-150x188.jpeg 150w, https:\/\/franciscanos.org.br\/noticias\/wp-content\/uploads\/2025\/08\/WhatsApp-Image-2025-08-04-at-14.59.29-3.jpeg 864w\" sizes=\"(max-width: 360px) 100vw, 360px\" \/><\/a>\n\t\t\t<\/dt><\/dl><br style=\"clear: both\" \/>\n\t\t<\/div>\n\n<h3><strong>Quem pode participar<\/strong><\/h3>\n<p class=\"zfr3Q CDt4Ke \" dir=\"ltr\"><span class=\"C9DxTc \">Podem se inscrever estudantes, professores, pesquisadores e p\u00fablico em geral que desenvolvem trabalhos na \u00e1rea tem\u00e1tica do evento nas diferentes atividades da programa\u00e7\u00e3o (como ouvintes ou participantes).\u00a0<\/span><\/p>\n<h3 class=\"zfr3Q CDt4Ke \" dir=\"ltr\"><strong><span class=\"C9DxTc \">Inscri\u00e7\u00e3o sem submiss\u00e3o de trabalho:<\/span><\/strong><\/h3>\n<p class=\"zfr3Q CDt4Ke \" dir=\"ltr\"><span class=\"C9DxTc \">Os interessados pode se inscrever at\u00e9 o <strong>dia 19 de setembro de 2025<\/strong>. <\/span><span class=\"C9DxTc \">\u00a0Basta clicar sobre a aba <a href=\"https:\/\/sites.google.com\/usf.edu.br\/congresso350provincia\/inscri%C3%A7%C3%A3o\"><strong>\u201cINSCRI\u00c7\u00c3O\u201d<\/strong><\/a>, escolher dentre as op\u00e7\u00f5es e seguir as telas auto explicativas. Ser\u00e3o requeridos: dados pessoais, endere\u00e7o, contato e forma de participa\u00e7\u00e3o.\u00a0<\/span><\/p>\n<p class=\"zfr3Q CDt4Ke \" dir=\"ltr\">As inscri\u00e7\u00f5es com submiss\u00e3o de trabalho foram encerradas no dia 8 de agosto.<\/p>\n<p>Para aqueles que n\u00e3o puderem participar presencialmente, haver\u00e1 a op\u00e7\u00e3o de participa\u00e7\u00e3o remota com transmiss\u00e3o ao vivo, garantindo que todos possam vivenciar este momento hist\u00f3rico.<\/p>\n<p>O Congresso Franciscano \u00e9 uma realiza\u00e7\u00e3o do Instituto Teol\u00f3gico Franciscano (ITF), Universidade S\u00e3o Francisco (USF), Grupo Educacional Bom Jesus, FAE e Convento Santo Ant\u00f4nio, com o apoio da Editora Vozes e da Confer\u00eancia da Fam\u00edlia Franciscana do Brasil (CFFB).<\/p>\n<p>Acesse o site do ITF e fa\u00e7a sua incri\u00e7\u00e3o: <strong><a href=\"https:\/\/sites.google.com\/usf.edu.br\/congresso350provincia\/apresenta%C3%A7%C3%A3o?authuser=0\">https:\/\/sites.google.com\/usf.edu.br\/congresso350provincia\/apresenta%C3%A7%C3%A3o?authuser=0<\/a><\/strong><\/p>\n<hr \/>\n<p><em>Fonte:\u00a0<a href=\"https:\/\/www.itf.edu.br\/\">https:\/\/www.itf.edu.br\/<\/a><\/em><\/p>\n","protected":false},"excerpt":{"rendered":"<p>Jubileu 350 anos<\/p>\n","protected":false},"author":11,"featured_media":259489,"comment_status":"open","ping_status":"open","sticky":false,"template":"","format":"standard","meta":[],"categories":[1],"tags":[2388,401,2278],"acf":[],"yoast_head":"<!-- This site is optimized with the Yoast SEO plugin v19.2 - https:\/\/yoast.com\/wordpress\/plugins\/seo\/ -->\n<title>Congresso Franciscano ser\u00e1 em setembro - Not\u00edcias - Franciscanos<\/title>\n<meta name=\"robots\" content=\"index, follow, max-snippet:-1, max-image-preview:large, max-video-preview:-1\" \/>\n<link rel=\"canonical\" href=\"https:\/\/franciscanos.org.br\/noticias\/259485.html\" \/>\n<meta property=\"og:locale\" content=\"pt_BR\" \/>\n<meta property=\"og:type\" content=\"article\" \/>\n<meta property=\"og:title\" content=\"Congresso Franciscano ser\u00e1 em setembro - Not\u00edcias - Franciscanos\" \/>\n<meta property=\"og:description\" content=\"Jubileu 350 anos\" \/>\n<meta property=\"og:url\" content=\"https:\/\/franciscanos.org.br\/noticias\/259485.html\" \/>\n<meta property=\"og:site_name\" content=\"Not\u00edcias - Franciscanos\" \/>\n<meta property=\"article:published_time\" content=\"2025-08-15T18:40:56+00:00\" \/>\n<meta property=\"article:modified_time\" content=\"2025-08-15T19:54:49+00:00\" \/>\n<meta property=\"og:image\" content=\"https:\/\/franciscanos.org.br\/noticias\/wp-content\/uploads\/2025\/08\/CHAMADA-CONGRESSO-1.png\" \/>\n\t<meta property=\"og:image:width\" content=\"800\" \/>\n\t<meta property=\"og:image:height\" content=\"550\" \/>\n\t<meta property=\"og:image:type\" content=\"image\/png\" \/>\n<meta name=\"author\" content=\"Adriana Rabelo\" \/>\n<meta name=\"twitter:card\" content=\"summary_large_image\" \/>\n<meta name=\"twitter:label1\" content=\"Escrito por\" \/>\n\t<meta name=\"twitter:data1\" content=\"Adriana Rabelo\" \/>\n\t<meta name=\"twitter:label2\" content=\"Est. tempo de leitura\" \/>\n\t<meta name=\"twitter:data2\" content=\"3 minutos\" \/>\n<script type=\"application\/ld+json\" class=\"yoast-schema-graph\">{\"@context\":\"https:\/\/schema.org\",\"@graph\":[{\"@type\":\"WebSite\",\"@id\":\"https:\/\/franciscanos.org.br\/noticias\/#website\",\"url\":\"https:\/\/franciscanos.org.br\/noticias\/\",\"name\":\"Not\u00edcias - Franciscanos\",\"description\":\"Prov\u00edncia Franciscana da Imaculada Concei\u00e7\u00e3o do Brasil - Ordem dos Frades Menores - OFM\",\"potentialAction\":[{\"@type\":\"SearchAction\",\"target\":{\"@type\":\"EntryPoint\",\"urlTemplate\":\"https:\/\/franciscanos.org.br\/noticias\/?s={search_term_string}\"},\"query-input\":\"required name=search_term_string\"}],\"inLanguage\":\"pt-BR\"},{\"@type\":\"ImageObject\",\"inLanguage\":\"pt-BR\",\"@id\":\"https:\/\/franciscanos.org.br\/noticias\/259485.html#primaryimage\",\"url\":\"https:\/\/franciscanos.org.br\/noticias\/wp-content\/uploads\/2025\/08\/CHAMADA-CONGRESSO-1.png\",\"contentUrl\":\"https:\/\/franciscanos.org.br\/noticias\/wp-content\/uploads\/2025\/08\/CHAMADA-CONGRESSO-1.png\",\"width\":800,\"height\":550},{\"@type\":\"WebPage\",\"@id\":\"https:\/\/franciscanos.org.br\/noticias\/259485.html#webpage\",\"url\":\"https:\/\/franciscanos.org.br\/noticias\/259485.html\",\"name\":\"Congresso Franciscano ser\u00e1 em setembro - Not\u00edcias - Franciscanos\",\"isPartOf\":{\"@id\":\"https:\/\/franciscanos.org.br\/noticias\/#website\"},\"primaryImageOfPage\":{\"@id\":\"https:\/\/franciscanos.org.br\/noticias\/259485.html#primaryimage\"},\"datePublished\":\"2025-08-15T18:40:56+00:00\",\"dateModified\":\"2025-08-15T19:54:49+00:00\",\"author\":{\"@id\":\"https:\/\/franciscanos.org.br\/noticias\/#\/schema\/person\/d9422e83121c3ad3b0f423d195f5bb25\"},\"breadcrumb\":{\"@id\":\"https:\/\/franciscanos.org.br\/noticias\/259485.html#breadcrumb\"},\"inLanguage\":\"pt-BR\",\"potentialAction\":[{\"@type\":\"ReadAction\",\"target\":[\"https:\/\/franciscanos.org.br\/noticias\/259485.html\"]}]},{\"@type\":\"BreadcrumbList\",\"@id\":\"https:\/\/franciscanos.org.br\/noticias\/259485.html#breadcrumb\",\"itemListElement\":[{\"@type\":\"ListItem\",\"position\":1,\"name\":\"Home\",\"item\":\"https:\/\/franciscanos.org.br\/noticias\"},{\"@type\":\"ListItem\",\"position\":2,\"name\":\"Congresso Franciscano ser\u00e1 em setembro\"}]},{\"@type\":\"Person\",\"@id\":\"https:\/\/franciscanos.org.br\/noticias\/#\/schema\/person\/d9422e83121c3ad3b0f423d195f5bb25\",\"name\":\"Adriana Rabelo\",\"image\":{\"@type\":\"ImageObject\",\"inLanguage\":\"pt-BR\",\"@id\":\"https:\/\/franciscanos.org.br\/noticias\/#\/schema\/person\/image\/\",\"url\":\"https:\/\/secure.gravatar.com\/avatar\/0a937b7500cd7df77540cfb8bede877d?s=96&d=mm&r=g\",\"contentUrl\":\"https:\/\/secure.gravatar.com\/avatar\/0a937b7500cd7df77540cfb8bede877d?s=96&d=mm&r=g\",\"caption\":\"Adriana Rabelo\"},\"url\":\"https:\/\/franciscanos.org.br\/noticias\/author\/adrianarabelo\"}]}<\/script>\n<!-- \/ Yoast SEO plugin. -->","yoast_head_json":{"title":"Congresso Franciscano ser\u00e1 em setembro - Not\u00edcias - Franciscanos","robots":{"index":"index","follow":"follow","max-snippet":"max-snippet:-1","max-image-preview":"max-image-preview:large","max-video-preview":"max-video-preview:-1"},"canonical":"https:\/\/franciscanos.org.br\/noticias\/259485.html","og_locale":"pt_BR","og_type":"article","og_title":"Congresso Franciscano ser\u00e1 em setembro - Not\u00edcias - Franciscanos","og_description":"Jubileu 350 anos","og_url":"https:\/\/franciscanos.org.br\/noticias\/259485.html","og_site_name":"Not\u00edcias - Franciscanos","article_published_time":"2025-08-15T18:40:56+00:00","article_modified_time":"2025-08-15T19:54:49+00:00","og_image":[{"width":800,"height":550,"url":"https:\/\/franciscanos.org.br\/noticias\/wp-content\/uploads\/2025\/08\/CHAMADA-CONGRESSO-1.png","type":"image\/png"}],"author":"Adriana Rabelo","twitter_card":"summary_large_image","twitter_misc":{"Escrito por":"Adriana Rabelo","Est. tempo de leitura":"3 minutos"},"schema":{"@context":"https:\/\/schema.org","@graph":[{"@type":"WebSite","@id":"https:\/\/franciscanos.org.br\/noticias\/#website","url":"https:\/\/franciscanos.org.br\/noticias\/","name":"Not\u00edcias - Franciscanos","description":"Prov\u00edncia Franciscana da Imaculada Concei\u00e7\u00e3o do Brasil - Ordem dos Frades Menores - OFM","potentialAction":[{"@type":"SearchAction","target":{"@type":"EntryPoint","urlTemplate":"https:\/\/franciscanos.org.br\/noticias\/?s={search_term_string}"},"query-input":"required name=search_term_string"}],"inLanguage":"pt-BR"},{"@type":"ImageObject","inLanguage":"pt-BR","@id":"https:\/\/franciscanos.org.br\/noticias\/259485.html#primaryimage","url":"https:\/\/franciscanos.org.br\/noticias\/wp-content\/uploads\/2025\/08\/CHAMADA-CONGRESSO-1.png","contentUrl":"https:\/\/franciscanos.org.br\/noticias\/wp-content\/uploads\/2025\/08\/CHAMADA-CONGRESSO-1.png","width":800,"height":550},{"@type":"WebPage","@id":"https:\/\/franciscanos.org.br\/noticias\/259485.html#webpage","url":"https:\/\/franciscanos.org.br\/noticias\/259485.html","name":"Congresso Franciscano ser\u00e1 em setembro - Not\u00edcias - Franciscanos","isPartOf":{"@id":"https:\/\/franciscanos.org.br\/noticias\/#website"},"primaryImageOfPage":{"@id":"https:\/\/franciscanos.org.br\/noticias\/259485.html#primaryimage"},"datePublished":"2025-08-15T18:40:56+00:00","dateModified":"2025-08-15T19:54:49+00:00","author":{"@id":"https:\/\/franciscanos.org.br\/noticias\/#\/schema\/person\/d9422e83121c3ad3b0f423d195f5bb25"},"breadcrumb":{"@id":"https:\/\/franciscanos.org.br\/noticias\/259485.html#breadcrumb"},"inLanguage":"pt-BR","potentialAction":[{"@type":"ReadAction","target":["https:\/\/franciscanos.org.br\/noticias\/259485.html"]}]},{"@type":"BreadcrumbList","@id":"https:\/\/franciscanos.org.br\/noticias\/259485.html#breadcrumb","itemListElement":[{"@type":"ListItem","position":1,"name":"Home","item":"https:\/\/franciscanos.org.br\/noticias"},{"@type":"ListItem","position":2,"name":"Congresso Franciscano ser\u00e1 em setembro"}]},{"@type":"Person","@id":"https:\/\/franciscanos.org.br\/noticias\/#\/schema\/person\/d9422e83121c3ad3b0f423d195f5bb25","name":"Adriana Rabelo","image":{"@type":"ImageObject","inLanguage":"pt-BR","@id":"https:\/\/franciscanos.org.br\/noticias\/#\/schema\/person\/image\/","url":"https:\/\/secure.gravatar.com\/avatar\/0a937b7500cd7df77540cfb8bede877d?s=96&d=mm&r=g","contentUrl":"https:\/\/secure.gravatar.com\/avatar\/0a937b7500cd7df77540cfb8bede877d?s=96&d=mm&r=g","caption":"Adriana Rabelo"},"url":"https:\/\/franciscanos.org.br\/noticias\/author\/adrianarabelo"}]}},"_links":{"self":[{"href":"https:\/\/franciscanos.org.br\/noticias\/wp-json\/wp\/v2\/posts\/259485"}],"collection":[{"href":"https:\/\/franciscanos.org.br\/noticias\/wp-json\/wp\/v2\/posts"}],"about":[{"href":"https:\/\/franciscanos.org.br\/noticias\/wp-json\/wp\/v2\/types\/post"}],"author":[{"embeddable":true,"href":"https:\/\/franciscanos.org.br\/noticias\/wp-json\/wp\/v2\/users\/11"}],"replies":[{"embeddable":true,"href":"https:\/\/franciscanos.org.br\/noticias\/wp-json\/wp\/v2\/comments?post=259485"}],"version-history":[{"count":7,"href":"https:\/\/franciscanos.org.br\/noticias\/wp-json\/wp\/v2\/posts\/259485\/revisions"}],"predecessor-version":[{"id":259496,"href":"https:\/\/franciscanos.org.br\/noticias\/wp-json\/wp\/v2\/posts\/259485\/revisions\/259496"}],"wp:featuredmedia":[{"embeddable":true,"href":"https:\/\/franciscanos.org.br\/noticias\/wp-json\/wp\/v2\/media\/259489"}],"wp:attachment":[{"href":"https:\/\/franciscanos.org.br\/noticias\/wp-json\/wp\/v2\/media?parent=259485"}],"wp:term":[{"taxonomy":"category","embeddable":true,"href":"https:\/\/franciscanos.org.br\/noticias\/wp-json\/wp\/v2\/categories?post=259485"},{"taxonomy":"post_tag","embeddable":true,"href":"https:\/\/franciscanos.org.br\/noticias\/wp-json\/wp\/v2\/tags?post=259485"}],"curies":[{"name":"wp","href":"https:\/\/api.w.org\/{rel}","templated":true}]}}