{"id":259479,"date":"2025-08-14T09:02:06","date_gmt":"2025-08-14T12:02:06","guid":{"rendered":"https:\/\/franciscanos.org.br\/noticias\/?p=259479"},"modified":"2025-08-20T08:39:27","modified_gmt":"2025-08-20T11:39:27","slug":"frades-do-regional-vale-do-itajai-e-leste-catarinense-se-reunem-em-ituporanga","status":"publish","type":"post","link":"https:\/\/franciscanos.org.br\/noticias\/frades-do-regional-vale-do-itajai-e-leste-catarinense-se-reunem-em-ituporanga.html","title":{"rendered":"Frades do Regional Vale do Itaja\u00ed e Leste Catarinense se re\u00fanem em Ituporanga"},"content":{"rendered":"<p><img loading=\"lazy\" class=\"aligncenter wp-image-259480 size-full\" src=\"https:\/\/franciscanos.org.br\/noticias\/wp-content\/uploads\/2025\/08\/MATERIA-25.png\" alt=\"\" width=\"1280\" height=\"720\" srcset=\"https:\/\/franciscanos.org.br\/noticias\/wp-content\/uploads\/2025\/08\/MATERIA-25.png 1280w, https:\/\/franciscanos.org.br\/noticias\/wp-content\/uploads\/2025\/08\/MATERIA-25-450x253.png 450w, https:\/\/franciscanos.org.br\/noticias\/wp-content\/uploads\/2025\/08\/MATERIA-25-1024x576.png 1024w, https:\/\/franciscanos.org.br\/noticias\/wp-content\/uploads\/2025\/08\/MATERIA-25-768x432.png 768w, https:\/\/franciscanos.org.br\/noticias\/wp-content\/uploads\/2025\/08\/MATERIA-25-150x84.png 150w\" sizes=\"(max-width: 1280px) 100vw, 1280px\" \/><\/p>\n<p>Nos dias 11 e 12 de agosto, realizou-se o <strong>Encontro Regional Vale do Itaja\u00ed e Leste Catarinense<\/strong> no Semin\u00e1rio S\u00e3o Francisco de Assis, <strong>em Ituporanga (SC)<\/strong>. O encontro contou com a participa\u00e7\u00e3o dos frades do Regional, do Definidor provincial, Frei Robson Luiz Scudela e do Vig\u00e1rio provincial, Frei Gustavo Wayand Medella.<\/p>\n<p>No primeiro dia, os frades se encontraram para o conv\u00edvio fraterno e almo\u00e7o na Fraternidade de Ituporanga Semin\u00e1rio. \u00c0 tarde, ap\u00f3s um momento de ora\u00e7\u00e3o a Santa Clara, Frei Robson falou das fraternidades como casas de acolhida e cuidado com a vida. Todas as fraternidades s\u00e3o acolhedoras, mas tr\u00eas delas (Ituporanga Semin\u00e1rio, Curitiba e Agudos) tem uma miss\u00e3o espec\u00edfica: <strong>acolher os irm\u00e3os que necessitam de um cuidado maior<\/strong>.<\/p>\n<p>A fraternidade de Bragan\u00e7a Paulista tem como miss\u00e3o acolher e cuidar dos frades que necessitam de tratamento e acompanhamento m\u00e9dico mais frequente. Frei Gustavo recordou a vida e miss\u00e3o dos confrades que nos deixaram recentemente: Frei Jos\u00e9 Bertoldi e Frei Gald\u00eancio Sens. Em seguida, o Coordenador do Regional, Frei Jo\u00e3o Francisco da Silva, enfatizou a import\u00e2ncia do texto proposto pela forma\u00e7\u00e3o permanente sobre os <strong>350 anos de nossa Prov\u00edncia: \u201cGratid\u00e3o pela hist\u00f3ria, compromisso com o futuro\u201d<\/strong>.<\/p>\n<p>Em grupos, os frades leram, refletiram e partilharam a leitura, recordando com gratid\u00e3o de fatos ou acontecimentos da nossa hist\u00f3ria, renovando o compromisso de viver com alegria e entusiasmo a nossa identidade franciscana, anunciando e testemunhado o Evangelho com humildade, coragem e esperan\u00e7a. Ao fazer mem\u00f3ria da nossa hist\u00f3ria, Frei Luiz Cappio destacou os irm\u00e3os leigos que constru\u00edram o alicerce da nossa Prov\u00edncia; os bons pastores a servi\u00e7o do povo (por exemplo, Frei Bruno Linden); os professores renomados (dentre eles, Frei Alberto Beckh\u00e4user); os bispos que marcaram a hist\u00f3ria antes e depois do Conc\u00edlio Vaticano II, a t\u00edtulo de exemplo, Dom Paulo Evaristo Arns; os santos canonizados, como Santo Ant\u00f4nio de Sant\u2019Ana Galv\u00e3o, entre outros. Essas grandes testemunhas mostram a riqueza da nossa hist\u00f3ria e, ao mesmo tempo, o compromisso com a nossa miss\u00e3o franciscana, inspirados no carisma de S\u00e3o Francisco, de Santa Clara e de outros santos franciscanos.<\/p>\n<p>Na sequ\u00eancia, Frei Jo\u00e3o Francisco falou dos subs\u00eddios que est\u00e3o sendo disponibilizados pela Secretaria provincial para as fraternidades repensarem e reformularem o seu Projeto Fraterno de Vida e Miss\u00e3o. Frei Robson abordou a tem\u00e1tica da administra\u00e7\u00e3o evang\u00e9lica dos bens, com \u00eanfase na transpar\u00eancia dos bens, na pr\u00e1tica do caixa comum, na confian\u00e7a m\u00fatua entre os irm\u00e3os. Com esse tema, prop\u00f5e-se tamb\u00e9m salvaguardar o carisma franciscano, a miss\u00e3o evangelizadora e a voca\u00e7\u00e3o do frade menor.<\/p>\n<p><img loading=\"lazy\" class=\"aligncenter wp-image-259482 size-full\" src=\"https:\/\/franciscanos.org.br\/noticias\/wp-content\/uploads\/2025\/08\/MATERIA-2-7.png\" alt=\"\" width=\"1280\" height=\"720\" srcset=\"https:\/\/franciscanos.org.br\/noticias\/wp-content\/uploads\/2025\/08\/MATERIA-2-7.png 1280w, https:\/\/franciscanos.org.br\/noticias\/wp-content\/uploads\/2025\/08\/MATERIA-2-7-450x253.png 450w, https:\/\/franciscanos.org.br\/noticias\/wp-content\/uploads\/2025\/08\/MATERIA-2-7-1024x576.png 1024w, https:\/\/franciscanos.org.br\/noticias\/wp-content\/uploads\/2025\/08\/MATERIA-2-7-768x432.png 768w, https:\/\/franciscanos.org.br\/noticias\/wp-content\/uploads\/2025\/08\/MATERIA-2-7-150x84.png 150w\" sizes=\"(max-width: 1280px) 100vw, 1280px\" \/><\/p>\n<p>No final da tarde, os frades participaram da missa em louvor a Santa Clara, presidida pelo Frei Robson. Durante a homilia, o definidor destacou \u201ca santidade de Clara de Assis. Uma mulher que participou da santidade de Deus e tornou-se para n\u00f3s um exemplo de vida. Clara continua sendo para o mundo de hoje sinal e profecia da vida em fraternidade\u201d. \u00c0 noite, os frades participaram do jantar e encontro fraterno.<\/p>\n<p>No segundo dia, reiniciou-se o encontro com a ora\u00e7\u00e3o pelos 350 anos da Prov\u00edncia. Em seguida, os frades refletiram sobre a atual conjuntura pol\u00edtica, comercial e econ\u00f4mica do pa\u00eds, com \u00eanfase no compromisso com a vida, sobretudo, dos menos favorecidos. Acentuou-se a responsabilidade com a nossa maneira franciscana de ser e agir a partir dos princ\u00edpios \u00e9ticos e evang\u00e9licos. Precisamos defender a soberania nacional, o estado democr\u00e1tico de direito, diante das inger\u00eancias de poderes internacionais. A nossa miss\u00e3o se fundamenta no Evangelho, nos princ\u00edpios da \u00e9tica, nos valores basilares \u00e0 vida humana no conjunto de todos os seres da Cria\u00e7\u00e3o.<\/p>\n<p>Em seguida, houve um momento de partilha da vida e miss\u00e3o das Fraternidades. Os frades agradeceram a vida e miss\u00e3o do Frei Jos\u00e9 Bertoldi, em Rodeio, e na regi\u00e3o do leste catarinense, as miss\u00f5es populares nas par\u00f3quias de Ituporanga e Rodeio, o crescente n\u00famero de pessoas (padres, religiosos, leigos \u2013 jovens e casais) que buscam o Eremit\u00e9rio para retiros; a entreajuda do Regional nas celebra\u00e7\u00f5es em Gaspar devido ao n\u00famero insuficiente de frades. Frei Jo\u00e3o Francisco falou tamb\u00e9m do Congresso Franciscano que acontecer\u00e1 no Convento Santo Ant\u00f4nio , no Rio de Janeiro, de 24 a 26 de setembro de 2025, bem como do Curso de Extens\u00e3o sobre a Administra\u00e7\u00e3o Franciscana da Economia que ser\u00e1 ministrado pelo Frei Robson Scudela no pr\u00f3ximo m\u00eas, que ser\u00e1 realizado na modalidade online.<\/p>\n<p>Por fim, agradeceu a presen\u00e7a de todos os confrades e conduziu um momento de ora\u00e7\u00e3o, seguido da b\u00ean\u00e7\u00e3o, encontro fraterno e almo\u00e7o a todos.<\/p>\n<hr \/>\n<p><em>Frei M\u00e1rio Jos\u00e9 Knapik<\/em><\/p>\n","protected":false},"excerpt":{"rendered":"<p>Forma\u00e7\u00e3o e Estudos<\/p>\n","protected":false},"author":11,"featured_media":259481,"comment_status":"open","ping_status":"open","sticky":false,"template":"","format":"standard","meta":[],"categories":[1],"tags":[2397,2349,1203],"acf":[],"yoast_head":"<!-- This site is optimized with the Yoast SEO plugin v19.2 - https:\/\/yoast.com\/wordpress\/plugins\/seo\/ -->\n<title>Frades do Regional Vale do Itaja\u00ed e Leste Catarinense se re\u00fanem em Ituporanga - Not\u00edcias - Franciscanos<\/title>\n<meta name=\"robots\" content=\"index, follow, max-snippet:-1, max-image-preview:large, max-video-preview:-1\" \/>\n<link rel=\"canonical\" href=\"https:\/\/franciscanos.org.br\/noticias\/frades-do-regional-vale-do-itajai-e-leste-catarinense-se-reunem-em-ituporanga.html\" \/>\n<meta property=\"og:locale\" content=\"pt_BR\" \/>\n<meta property=\"og:type\" content=\"article\" \/>\n<meta property=\"og:title\" content=\"Frades do Regional Vale do Itaja\u00ed e Leste Catarinense se re\u00fanem em Ituporanga - Not\u00edcias - Franciscanos\" \/>\n<meta property=\"og:description\" content=\"Forma\u00e7\u00e3o e Estudos\" \/>\n<meta property=\"og:url\" content=\"https:\/\/franciscanos.org.br\/noticias\/frades-do-regional-vale-do-itajai-e-leste-catarinense-se-reunem-em-ituporanga.html\" \/>\n<meta property=\"og:site_name\" content=\"Not\u00edcias - Franciscanos\" \/>\n<meta property=\"article:published_time\" content=\"2025-08-14T12:02:06+00:00\" \/>\n<meta property=\"article:modified_time\" content=\"2025-08-20T11:39:27+00:00\" \/>\n<meta property=\"og:image\" content=\"https:\/\/franciscanos.org.br\/noticias\/wp-content\/uploads\/2025\/08\/CHAMADA-22.png\" \/>\n\t<meta property=\"og:image:width\" content=\"800\" \/>\n\t<meta property=\"og:image:height\" content=\"550\" \/>\n\t<meta property=\"og:image:type\" content=\"image\/png\" \/>\n<meta name=\"author\" content=\"Adriana Rabelo\" \/>\n<meta name=\"twitter:card\" content=\"summary_large_image\" \/>\n<meta name=\"twitter:label1\" content=\"Escrito por\" \/>\n\t<meta name=\"twitter:data1\" content=\"Adriana Rabelo\" \/>\n\t<meta name=\"twitter:label2\" content=\"Est. tempo de leitura\" \/>\n\t<meta name=\"twitter:data2\" content=\"4 minutos\" \/>\n<script type=\"application\/ld+json\" class=\"yoast-schema-graph\">{\"@context\":\"https:\/\/schema.org\",\"@graph\":[{\"@type\":\"WebSite\",\"@id\":\"https:\/\/franciscanos.org.br\/noticias\/#website\",\"url\":\"https:\/\/franciscanos.org.br\/noticias\/\",\"name\":\"Not\u00edcias - Franciscanos\",\"description\":\"Prov\u00edncia Franciscana da Imaculada Concei\u00e7\u00e3o do Brasil - Ordem dos Frades Menores - OFM\",\"potentialAction\":[{\"@type\":\"SearchAction\",\"target\":{\"@type\":\"EntryPoint\",\"urlTemplate\":\"https:\/\/franciscanos.org.br\/noticias\/?s={search_term_string}\"},\"query-input\":\"required name=search_term_string\"}],\"inLanguage\":\"pt-BR\"},{\"@type\":\"ImageObject\",\"inLanguage\":\"pt-BR\",\"@id\":\"https:\/\/franciscanos.org.br\/noticias\/frades-do-regional-vale-do-itajai-e-leste-catarinense-se-reunem-em-ituporanga.html#primaryimage\",\"url\":\"https:\/\/franciscanos.org.br\/noticias\/wp-content\/uploads\/2025\/08\/CHAMADA-22.png\",\"contentUrl\":\"https:\/\/franciscanos.org.br\/noticias\/wp-content\/uploads\/2025\/08\/CHAMADA-22.png\",\"width\":800,\"height\":550},{\"@type\":\"WebPage\",\"@id\":\"https:\/\/franciscanos.org.br\/noticias\/frades-do-regional-vale-do-itajai-e-leste-catarinense-se-reunem-em-ituporanga.html#webpage\",\"url\":\"https:\/\/franciscanos.org.br\/noticias\/frades-do-regional-vale-do-itajai-e-leste-catarinense-se-reunem-em-ituporanga.html\",\"name\":\"Frades do Regional Vale do Itaja\u00ed e Leste Catarinense se re\u00fanem em Ituporanga - Not\u00edcias - Franciscanos\",\"isPartOf\":{\"@id\":\"https:\/\/franciscanos.org.br\/noticias\/#website\"},\"primaryImageOfPage\":{\"@id\":\"https:\/\/franciscanos.org.br\/noticias\/frades-do-regional-vale-do-itajai-e-leste-catarinense-se-reunem-em-ituporanga.html#primaryimage\"},\"datePublished\":\"2025-08-14T12:02:06+00:00\",\"dateModified\":\"2025-08-20T11:39:27+00:00\",\"author\":{\"@id\":\"https:\/\/franciscanos.org.br\/noticias\/#\/schema\/person\/d9422e83121c3ad3b0f423d195f5bb25\"},\"breadcrumb\":{\"@id\":\"https:\/\/franciscanos.org.br\/noticias\/frades-do-regional-vale-do-itajai-e-leste-catarinense-se-reunem-em-ituporanga.html#breadcrumb\"},\"inLanguage\":\"pt-BR\",\"potentialAction\":[{\"@type\":\"ReadAction\",\"target\":[\"https:\/\/franciscanos.org.br\/noticias\/frades-do-regional-vale-do-itajai-e-leste-catarinense-se-reunem-em-ituporanga.html\"]}]},{\"@type\":\"BreadcrumbList\",\"@id\":\"https:\/\/franciscanos.org.br\/noticias\/frades-do-regional-vale-do-itajai-e-leste-catarinense-se-reunem-em-ituporanga.html#breadcrumb\",\"itemListElement\":[{\"@type\":\"ListItem\",\"position\":1,\"name\":\"Home\",\"item\":\"https:\/\/franciscanos.org.br\/noticias\"},{\"@type\":\"ListItem\",\"position\":2,\"name\":\"Frades do Regional Vale do Itaja\u00ed e Leste Catarinense se re\u00fanem em Ituporanga\"}]},{\"@type\":\"Person\",\"@id\":\"https:\/\/franciscanos.org.br\/noticias\/#\/schema\/person\/d9422e83121c3ad3b0f423d195f5bb25\",\"name\":\"Adriana Rabelo\",\"image\":{\"@type\":\"ImageObject\",\"inLanguage\":\"pt-BR\",\"@id\":\"https:\/\/franciscanos.org.br\/noticias\/#\/schema\/person\/image\/\",\"url\":\"https:\/\/secure.gravatar.com\/avatar\/0a937b7500cd7df77540cfb8bede877d?s=96&d=mm&r=g\",\"contentUrl\":\"https:\/\/secure.gravatar.com\/avatar\/0a937b7500cd7df77540cfb8bede877d?s=96&d=mm&r=g\",\"caption\":\"Adriana Rabelo\"},\"url\":\"https:\/\/franciscanos.org.br\/noticias\/author\/adrianarabelo\"}]}<\/script>\n<!-- \/ Yoast SEO plugin. -->","yoast_head_json":{"title":"Frades do Regional Vale do Itaja\u00ed e Leste Catarinense se re\u00fanem em Ituporanga - Not\u00edcias - Franciscanos","robots":{"index":"index","follow":"follow","max-snippet":"max-snippet:-1","max-image-preview":"max-image-preview:large","max-video-preview":"max-video-preview:-1"},"canonical":"https:\/\/franciscanos.org.br\/noticias\/frades-do-regional-vale-do-itajai-e-leste-catarinense-se-reunem-em-ituporanga.html","og_locale":"pt_BR","og_type":"article","og_title":"Frades do Regional Vale do Itaja\u00ed e Leste Catarinense se re\u00fanem em Ituporanga - Not\u00edcias - Franciscanos","og_description":"Forma\u00e7\u00e3o e Estudos","og_url":"https:\/\/franciscanos.org.br\/noticias\/frades-do-regional-vale-do-itajai-e-leste-catarinense-se-reunem-em-ituporanga.html","og_site_name":"Not\u00edcias - Franciscanos","article_published_time":"2025-08-14T12:02:06+00:00","article_modified_time":"2025-08-20T11:39:27+00:00","og_image":[{"width":800,"height":550,"url":"https:\/\/franciscanos.org.br\/noticias\/wp-content\/uploads\/2025\/08\/CHAMADA-22.png","type":"image\/png"}],"author":"Adriana Rabelo","twitter_card":"summary_large_image","twitter_misc":{"Escrito por":"Adriana Rabelo","Est. tempo de leitura":"4 minutos"},"schema":{"@context":"https:\/\/schema.org","@graph":[{"@type":"WebSite","@id":"https:\/\/franciscanos.org.br\/noticias\/#website","url":"https:\/\/franciscanos.org.br\/noticias\/","name":"Not\u00edcias - Franciscanos","description":"Prov\u00edncia Franciscana da Imaculada Concei\u00e7\u00e3o do Brasil - Ordem dos Frades Menores - OFM","potentialAction":[{"@type":"SearchAction","target":{"@type":"EntryPoint","urlTemplate":"https:\/\/franciscanos.org.br\/noticias\/?s={search_term_string}"},"query-input":"required name=search_term_string"}],"inLanguage":"pt-BR"},{"@type":"ImageObject","inLanguage":"pt-BR","@id":"https:\/\/franciscanos.org.br\/noticias\/frades-do-regional-vale-do-itajai-e-leste-catarinense-se-reunem-em-ituporanga.html#primaryimage","url":"https:\/\/franciscanos.org.br\/noticias\/wp-content\/uploads\/2025\/08\/CHAMADA-22.png","contentUrl":"https:\/\/franciscanos.org.br\/noticias\/wp-content\/uploads\/2025\/08\/CHAMADA-22.png","width":800,"height":550},{"@type":"WebPage","@id":"https:\/\/franciscanos.org.br\/noticias\/frades-do-regional-vale-do-itajai-e-leste-catarinense-se-reunem-em-ituporanga.html#webpage","url":"https:\/\/franciscanos.org.br\/noticias\/frades-do-regional-vale-do-itajai-e-leste-catarinense-se-reunem-em-ituporanga.html","name":"Frades do Regional Vale do Itaja\u00ed e Leste Catarinense se re\u00fanem em Ituporanga - Not\u00edcias - Franciscanos","isPartOf":{"@id":"https:\/\/franciscanos.org.br\/noticias\/#website"},"primaryImageOfPage":{"@id":"https:\/\/franciscanos.org.br\/noticias\/frades-do-regional-vale-do-itajai-e-leste-catarinense-se-reunem-em-ituporanga.html#primaryimage"},"datePublished":"2025-08-14T12:02:06+00:00","dateModified":"2025-08-20T11:39:27+00:00","author":{"@id":"https:\/\/franciscanos.org.br\/noticias\/#\/schema\/person\/d9422e83121c3ad3b0f423d195f5bb25"},"breadcrumb":{"@id":"https:\/\/franciscanos.org.br\/noticias\/frades-do-regional-vale-do-itajai-e-leste-catarinense-se-reunem-em-ituporanga.html#breadcrumb"},"inLanguage":"pt-BR","potentialAction":[{"@type":"ReadAction","target":["https:\/\/franciscanos.org.br\/noticias\/frades-do-regional-vale-do-itajai-e-leste-catarinense-se-reunem-em-ituporanga.html"]}]},{"@type":"BreadcrumbList","@id":"https:\/\/franciscanos.org.br\/noticias\/frades-do-regional-vale-do-itajai-e-leste-catarinense-se-reunem-em-ituporanga.html#breadcrumb","itemListElement":[{"@type":"ListItem","position":1,"name":"Home","item":"https:\/\/franciscanos.org.br\/noticias"},{"@type":"ListItem","position":2,"name":"Frades do Regional Vale do Itaja\u00ed e Leste Catarinense se re\u00fanem em Ituporanga"}]},{"@type":"Person","@id":"https:\/\/franciscanos.org.br\/noticias\/#\/schema\/person\/d9422e83121c3ad3b0f423d195f5bb25","name":"Adriana Rabelo","image":{"@type":"ImageObject","inLanguage":"pt-BR","@id":"https:\/\/franciscanos.org.br\/noticias\/#\/schema\/person\/image\/","url":"https:\/\/secure.gravatar.com\/avatar\/0a937b7500cd7df77540cfb8bede877d?s=96&d=mm&r=g","contentUrl":"https:\/\/secure.gravatar.com\/avatar\/0a937b7500cd7df77540cfb8bede877d?s=96&d=mm&r=g","caption":"Adriana Rabelo"},"url":"https:\/\/franciscanos.org.br\/noticias\/author\/adrianarabelo"}]}},"_links":{"self":[{"href":"https:\/\/franciscanos.org.br\/noticias\/wp-json\/wp\/v2\/posts\/259479"}],"collection":[{"href":"https:\/\/franciscanos.org.br\/noticias\/wp-json\/wp\/v2\/posts"}],"about":[{"href":"https:\/\/franciscanos.org.br\/noticias\/wp-json\/wp\/v2\/types\/post"}],"author":[{"embeddable":true,"href":"https:\/\/franciscanos.org.br\/noticias\/wp-json\/wp\/v2\/users\/11"}],"replies":[{"embeddable":true,"href":"https:\/\/franciscanos.org.br\/noticias\/wp-json\/wp\/v2\/comments?post=259479"}],"version-history":[{"count":3,"href":"https:\/\/franciscanos.org.br\/noticias\/wp-json\/wp\/v2\/posts\/259479\/revisions"}],"predecessor-version":[{"id":259567,"href":"https:\/\/franciscanos.org.br\/noticias\/wp-json\/wp\/v2\/posts\/259479\/revisions\/259567"}],"wp:featuredmedia":[{"embeddable":true,"href":"https:\/\/franciscanos.org.br\/noticias\/wp-json\/wp\/v2\/media\/259481"}],"wp:attachment":[{"href":"https:\/\/franciscanos.org.br\/noticias\/wp-json\/wp\/v2\/media?parent=259479"}],"wp:term":[{"taxonomy":"category","embeddable":true,"href":"https:\/\/franciscanos.org.br\/noticias\/wp-json\/wp\/v2\/categories?post=259479"},{"taxonomy":"post_tag","embeddable":true,"href":"https:\/\/franciscanos.org.br\/noticias\/wp-json\/wp\/v2\/tags?post=259479"}],"curies":[{"name":"wp","href":"https:\/\/api.w.org\/{rel}","templated":true}]}}