{"id":259475,"date":"2025-08-13T15:04:55","date_gmt":"2025-08-13T18:04:55","guid":{"rendered":"https:\/\/franciscanos.org.br\/noticias\/?p=259475"},"modified":"2025-08-13T15:04:55","modified_gmt":"2025-08-13T18:04:55","slug":"paz-fraternidade-e-cuidado-da-criacao-inspiram-a-festa-de-frei-galvao-2025","status":"publish","type":"post","link":"https:\/\/franciscanos.org.br\/noticias\/paz-fraternidade-e-cuidado-da-criacao-inspiram-a-festa-de-frei-galvao-2025.html","title":{"rendered":"Paz, fraternidade e cuidado da cria\u00e7\u00e3o inspiram a Festa de Frei Galv\u00e3o 2025"},"content":{"rendered":"<p><img loading=\"lazy\" class=\"aligncenter wp-image-259476 size-full\" src=\"https:\/\/franciscanos.org.br\/noticias\/wp-content\/uploads\/2025\/08\/materia-24.png\" alt=\"\" width=\"1280\" height=\"720\" srcset=\"https:\/\/franciscanos.org.br\/noticias\/wp-content\/uploads\/2025\/08\/materia-24.png 1280w, https:\/\/franciscanos.org.br\/noticias\/wp-content\/uploads\/2025\/08\/materia-24-450x253.png 450w, https:\/\/franciscanos.org.br\/noticias\/wp-content\/uploads\/2025\/08\/materia-24-1024x576.png 1024w, https:\/\/franciscanos.org.br\/noticias\/wp-content\/uploads\/2025\/08\/materia-24-768x432.png 768w, https:\/\/franciscanos.org.br\/noticias\/wp-content\/uploads\/2025\/08\/materia-24-150x84.png 150w\" sizes=\"(max-width: 1280px) 100vw, 1280px\" \/><\/p>\n<p>O Santu\u00e1rio de Frei Galv\u00e3o est\u00e1 se preparando para acolher milhares de fi\u00e9is em mais uma edi\u00e7\u00e3o da tradicional festa em louvor ao primeiro Santo brasileiro, que ser\u00e1 realizada entre os dias 16 e 26 de outubro deste ano.<\/p>\n<p>Nesta ter\u00e7a-feira, 12 de agosto, foi apresentada a identidade visual que marcar\u00e1 a mem\u00f3ria dos fi\u00e9is devotos. Com o tema <em data-start=\"503\" data-end=\"558\">\u201cCom Frei Galv\u00e3o cultivemos a Paz com toda a cria\u00e7\u00e3o\u201d<\/em> e o lema inspirado na passagem do Evangelho: <em data-start=\"604\" data-end=\"680\">\u201cFelizes os que promovem a paz, porque ser\u00e3o chamados filhos do Alt\u00edssimo\u201d<\/em> (Mt 5,9), os filhos e filhas de Deus ir\u00e3o refletir, durante a novena e celebra\u00e7\u00f5es, sobre aspectos da vida, da caridade e do amor de Deus por todas as suas criaturas.<\/p>\n<p>Seguindo os passos de S\u00e3o Francisco de Assis, assim como fez Frei Galv\u00e3o, a Festa de 2025 destacar\u00e1 a \u00edntima conex\u00e3o entre paz, fraternidade e cuidado da cria\u00e7\u00e3o. Frei Galv\u00e3o, reconhecido como o \u201cHomem da Paz e da Caridade\u201d desde sua beatifica\u00e7\u00e3o, em 1998, por S\u00e3o Jo\u00e3o Paulo II, \u00e9 exemplo de vida pacificadora, caridosa e profundamente ligada \u00e0 espiritualidade franciscana.<\/p>\n<h3><strong>Inspira\u00e7\u00e3o franciscana para a celebra\u00e7\u00e3o<\/strong><\/h3>\n<p>A escolha da tem\u00e1tica deste ano foi iluminada por duas comemora\u00e7\u00f5es que marcam 2025: os 800 anos do <em data-start=\"1379\" data-end=\"1402\">C\u00e2ntico das Criaturas<\/em>, de S\u00e3o Francisco de Assis, e os 10 anos da Enc\u00edclica <em data-start=\"1457\" data-end=\"1470\">Laudato si\u2019<\/em>, do Papa Francisco. Os dois textos convidam \u00e0 contempla\u00e7\u00e3o e ao respeito pela cria\u00e7\u00e3o, elementos centrais da espiritualidade franciscana, vividos com intensidade por Frei Galv\u00e3o.<\/p>\n<p>O <em data-start=\"1656\" data-end=\"1679\">C\u00e2ntico das Criaturas<\/em>, tamb\u00e9m conhecido como <em data-start=\"1703\" data-end=\"1725\">C\u00e2ntico do Irm\u00e3o Sol<\/em>, exalta a beleza e a harmonia da cria\u00e7\u00e3o como express\u00e3o do amor divino. Este louvor ecoa na proposta da Festa: viver em paz com o pr\u00f3ximo, com Deus e com toda a cria\u00e7\u00e3o.<\/p>\n<h3><strong>Um hino que nasce da espiritualidade da Paz<\/strong><\/h3>\n<p>Em sintonia com esse esp\u00edrito, o Santu\u00e1rio tamb\u00e9m est\u00e1 preparando o hino oficial da Festa de Frei Galv\u00e3o 2025, que ter\u00e1 como base os ensinamentos do <em data-start=\"2098\" data-end=\"2121\">C\u00e2ntico das Criaturas<\/em> e da famosa <em data-start=\"2134\" data-end=\"2149\">Ora\u00e7\u00e3o da Paz<\/em>, atribu\u00edda a S\u00e3o Francisco de Assis:<\/p>\n<p><em>\u201cSenhor, fazei de mim um instrumento de vossa Paz&#8230;\u201d<\/em><\/p>\n<p>Essa ora\u00e7\u00e3o, conhecida mundialmente e rezada inclusive por pessoas de outras cren\u00e7as, refor\u00e7a o chamado para sermos instrumentos da paz onde houver \u00f3dio, disc\u00f3rdia, tristeza ou desespero. \u00c9 esse esp\u00edrito que se deseja vivenciar e propagar durante toda a programa\u00e7\u00e3o da Festa.<\/p>\n<h3><strong>Paz e Bem: sauda\u00e7\u00e3o e miss\u00e3o<\/strong><\/h3>\n<p>A sauda\u00e7\u00e3o <em data-start=\"2573\" data-end=\"2586\">\u201cPaz e Bem\u201d<\/em>, t\u00e3o presente na vida e nos encontros franciscanos, ser\u00e1 um dos gestos concretos de acolhida a todos os devotos que visitar\u00e3o o Santu\u00e1rio. Acredita-se que Frei Galv\u00e3o assim saudava os irm\u00e3os e irm\u00e3s que cruzavam seu caminho. \u00c9 tamb\u00e9m um convite para que, ao celebrarmos sua mem\u00f3ria, sejamos construtores da verdadeira paz, aquela que nasce do di\u00e1logo, da partilha, do perd\u00e3o e da fraternidade com toda a cria\u00e7\u00e3o.<\/p>\n<hr \/>\n<p>Fonte: https:\/\/www.santuariofreigalvao.com\/post\/festa-de-frei-galvao-2025<\/p>\n","protected":false},"excerpt":{"rendered":"<p>Festa de Frei Galv\u00e3o 2025<\/p>\n","protected":false},"author":11,"featured_media":259477,"comment_status":"open","ping_status":"open","sticky":false,"template":"","format":"standard","meta":[],"categories":[1],"tags":[1923,2396,1821],"acf":[],"yoast_head":"<!-- This site is optimized with the Yoast SEO plugin v19.2 - https:\/\/yoast.com\/wordpress\/plugins\/seo\/ -->\n<title>Paz, fraternidade e cuidado da cria\u00e7\u00e3o inspiram a Festa de Frei Galv\u00e3o 2025 - Not\u00edcias - Franciscanos<\/title>\n<meta name=\"robots\" content=\"index, follow, max-snippet:-1, max-image-preview:large, max-video-preview:-1\" \/>\n<link rel=\"canonical\" href=\"https:\/\/franciscanos.org.br\/noticias\/paz-fraternidade-e-cuidado-da-criacao-inspiram-a-festa-de-frei-galvao-2025.html\" \/>\n<meta property=\"og:locale\" content=\"pt_BR\" \/>\n<meta property=\"og:type\" content=\"article\" \/>\n<meta property=\"og:title\" content=\"Paz, fraternidade e cuidado da cria\u00e7\u00e3o inspiram a Festa de Frei Galv\u00e3o 2025 - Not\u00edcias - Franciscanos\" \/>\n<meta property=\"og:description\" content=\"Festa de Frei Galv\u00e3o 2025\" \/>\n<meta property=\"og:url\" content=\"https:\/\/franciscanos.org.br\/noticias\/paz-fraternidade-e-cuidado-da-criacao-inspiram-a-festa-de-frei-galvao-2025.html\" \/>\n<meta property=\"og:site_name\" content=\"Not\u00edcias - Franciscanos\" \/>\n<meta property=\"article:published_time\" content=\"2025-08-13T18:04:55+00:00\" \/>\n<meta property=\"og:image\" content=\"https:\/\/franciscanos.org.br\/noticias\/wp-content\/uploads\/2025\/08\/chamada-21.png\" \/>\n\t<meta property=\"og:image:width\" content=\"800\" \/>\n\t<meta property=\"og:image:height\" content=\"550\" \/>\n\t<meta property=\"og:image:type\" content=\"image\/png\" \/>\n<meta name=\"author\" content=\"Adriana Rabelo\" \/>\n<meta name=\"twitter:card\" content=\"summary_large_image\" \/>\n<meta name=\"twitter:label1\" content=\"Escrito por\" \/>\n\t<meta name=\"twitter:data1\" content=\"Adriana Rabelo\" \/>\n\t<meta name=\"twitter:label2\" content=\"Est. tempo de leitura\" \/>\n\t<meta name=\"twitter:data2\" content=\"3 minutos\" \/>\n<script type=\"application\/ld+json\" class=\"yoast-schema-graph\">{\"@context\":\"https:\/\/schema.org\",\"@graph\":[{\"@type\":\"WebSite\",\"@id\":\"https:\/\/franciscanos.org.br\/noticias\/#website\",\"url\":\"https:\/\/franciscanos.org.br\/noticias\/\",\"name\":\"Not\u00edcias - Franciscanos\",\"description\":\"Prov\u00edncia Franciscana da Imaculada Concei\u00e7\u00e3o do Brasil - Ordem dos Frades Menores - OFM\",\"potentialAction\":[{\"@type\":\"SearchAction\",\"target\":{\"@type\":\"EntryPoint\",\"urlTemplate\":\"https:\/\/franciscanos.org.br\/noticias\/?s={search_term_string}\"},\"query-input\":\"required name=search_term_string\"}],\"inLanguage\":\"pt-BR\"},{\"@type\":\"ImageObject\",\"inLanguage\":\"pt-BR\",\"@id\":\"https:\/\/franciscanos.org.br\/noticias\/paz-fraternidade-e-cuidado-da-criacao-inspiram-a-festa-de-frei-galvao-2025.html#primaryimage\",\"url\":\"https:\/\/franciscanos.org.br\/noticias\/wp-content\/uploads\/2025\/08\/chamada-21.png\",\"contentUrl\":\"https:\/\/franciscanos.org.br\/noticias\/wp-content\/uploads\/2025\/08\/chamada-21.png\",\"width\":800,\"height\":550},{\"@type\":\"WebPage\",\"@id\":\"https:\/\/franciscanos.org.br\/noticias\/paz-fraternidade-e-cuidado-da-criacao-inspiram-a-festa-de-frei-galvao-2025.html#webpage\",\"url\":\"https:\/\/franciscanos.org.br\/noticias\/paz-fraternidade-e-cuidado-da-criacao-inspiram-a-festa-de-frei-galvao-2025.html\",\"name\":\"Paz, fraternidade e cuidado da cria\u00e7\u00e3o inspiram a Festa de Frei Galv\u00e3o 2025 - Not\u00edcias - Franciscanos\",\"isPartOf\":{\"@id\":\"https:\/\/franciscanos.org.br\/noticias\/#website\"},\"primaryImageOfPage\":{\"@id\":\"https:\/\/franciscanos.org.br\/noticias\/paz-fraternidade-e-cuidado-da-criacao-inspiram-a-festa-de-frei-galvao-2025.html#primaryimage\"},\"datePublished\":\"2025-08-13T18:04:55+00:00\",\"dateModified\":\"2025-08-13T18:04:55+00:00\",\"author\":{\"@id\":\"https:\/\/franciscanos.org.br\/noticias\/#\/schema\/person\/d9422e83121c3ad3b0f423d195f5bb25\"},\"breadcrumb\":{\"@id\":\"https:\/\/franciscanos.org.br\/noticias\/paz-fraternidade-e-cuidado-da-criacao-inspiram-a-festa-de-frei-galvao-2025.html#breadcrumb\"},\"inLanguage\":\"pt-BR\",\"potentialAction\":[{\"@type\":\"ReadAction\",\"target\":[\"https:\/\/franciscanos.org.br\/noticias\/paz-fraternidade-e-cuidado-da-criacao-inspiram-a-festa-de-frei-galvao-2025.html\"]}]},{\"@type\":\"BreadcrumbList\",\"@id\":\"https:\/\/franciscanos.org.br\/noticias\/paz-fraternidade-e-cuidado-da-criacao-inspiram-a-festa-de-frei-galvao-2025.html#breadcrumb\",\"itemListElement\":[{\"@type\":\"ListItem\",\"position\":1,\"name\":\"Home\",\"item\":\"https:\/\/franciscanos.org.br\/noticias\"},{\"@type\":\"ListItem\",\"position\":2,\"name\":\"Paz, fraternidade e cuidado da cria\u00e7\u00e3o inspiram a Festa de Frei Galv\u00e3o 2025\"}]},{\"@type\":\"Person\",\"@id\":\"https:\/\/franciscanos.org.br\/noticias\/#\/schema\/person\/d9422e83121c3ad3b0f423d195f5bb25\",\"name\":\"Adriana Rabelo\",\"image\":{\"@type\":\"ImageObject\",\"inLanguage\":\"pt-BR\",\"@id\":\"https:\/\/franciscanos.org.br\/noticias\/#\/schema\/person\/image\/\",\"url\":\"https:\/\/secure.gravatar.com\/avatar\/0a937b7500cd7df77540cfb8bede877d?s=96&d=mm&r=g\",\"contentUrl\":\"https:\/\/secure.gravatar.com\/avatar\/0a937b7500cd7df77540cfb8bede877d?s=96&d=mm&r=g\",\"caption\":\"Adriana Rabelo\"},\"url\":\"https:\/\/franciscanos.org.br\/noticias\/author\/adrianarabelo\"}]}<\/script>\n<!-- \/ Yoast SEO plugin. -->","yoast_head_json":{"title":"Paz, fraternidade e cuidado da cria\u00e7\u00e3o inspiram a Festa de Frei Galv\u00e3o 2025 - Not\u00edcias - Franciscanos","robots":{"index":"index","follow":"follow","max-snippet":"max-snippet:-1","max-image-preview":"max-image-preview:large","max-video-preview":"max-video-preview:-1"},"canonical":"https:\/\/franciscanos.org.br\/noticias\/paz-fraternidade-e-cuidado-da-criacao-inspiram-a-festa-de-frei-galvao-2025.html","og_locale":"pt_BR","og_type":"article","og_title":"Paz, fraternidade e cuidado da cria\u00e7\u00e3o inspiram a Festa de Frei Galv\u00e3o 2025 - Not\u00edcias - Franciscanos","og_description":"Festa de Frei Galv\u00e3o 2025","og_url":"https:\/\/franciscanos.org.br\/noticias\/paz-fraternidade-e-cuidado-da-criacao-inspiram-a-festa-de-frei-galvao-2025.html","og_site_name":"Not\u00edcias - Franciscanos","article_published_time":"2025-08-13T18:04:55+00:00","og_image":[{"width":800,"height":550,"url":"https:\/\/franciscanos.org.br\/noticias\/wp-content\/uploads\/2025\/08\/chamada-21.png","type":"image\/png"}],"author":"Adriana Rabelo","twitter_card":"summary_large_image","twitter_misc":{"Escrito por":"Adriana Rabelo","Est. tempo de leitura":"3 minutos"},"schema":{"@context":"https:\/\/schema.org","@graph":[{"@type":"WebSite","@id":"https:\/\/franciscanos.org.br\/noticias\/#website","url":"https:\/\/franciscanos.org.br\/noticias\/","name":"Not\u00edcias - Franciscanos","description":"Prov\u00edncia Franciscana da Imaculada Concei\u00e7\u00e3o do Brasil - Ordem dos Frades Menores - OFM","potentialAction":[{"@type":"SearchAction","target":{"@type":"EntryPoint","urlTemplate":"https:\/\/franciscanos.org.br\/noticias\/?s={search_term_string}"},"query-input":"required name=search_term_string"}],"inLanguage":"pt-BR"},{"@type":"ImageObject","inLanguage":"pt-BR","@id":"https:\/\/franciscanos.org.br\/noticias\/paz-fraternidade-e-cuidado-da-criacao-inspiram-a-festa-de-frei-galvao-2025.html#primaryimage","url":"https:\/\/franciscanos.org.br\/noticias\/wp-content\/uploads\/2025\/08\/chamada-21.png","contentUrl":"https:\/\/franciscanos.org.br\/noticias\/wp-content\/uploads\/2025\/08\/chamada-21.png","width":800,"height":550},{"@type":"WebPage","@id":"https:\/\/franciscanos.org.br\/noticias\/paz-fraternidade-e-cuidado-da-criacao-inspiram-a-festa-de-frei-galvao-2025.html#webpage","url":"https:\/\/franciscanos.org.br\/noticias\/paz-fraternidade-e-cuidado-da-criacao-inspiram-a-festa-de-frei-galvao-2025.html","name":"Paz, fraternidade e cuidado da cria\u00e7\u00e3o inspiram a Festa de Frei Galv\u00e3o 2025 - Not\u00edcias - Franciscanos","isPartOf":{"@id":"https:\/\/franciscanos.org.br\/noticias\/#website"},"primaryImageOfPage":{"@id":"https:\/\/franciscanos.org.br\/noticias\/paz-fraternidade-e-cuidado-da-criacao-inspiram-a-festa-de-frei-galvao-2025.html#primaryimage"},"datePublished":"2025-08-13T18:04:55+00:00","dateModified":"2025-08-13T18:04:55+00:00","author":{"@id":"https:\/\/franciscanos.org.br\/noticias\/#\/schema\/person\/d9422e83121c3ad3b0f423d195f5bb25"},"breadcrumb":{"@id":"https:\/\/franciscanos.org.br\/noticias\/paz-fraternidade-e-cuidado-da-criacao-inspiram-a-festa-de-frei-galvao-2025.html#breadcrumb"},"inLanguage":"pt-BR","potentialAction":[{"@type":"ReadAction","target":["https:\/\/franciscanos.org.br\/noticias\/paz-fraternidade-e-cuidado-da-criacao-inspiram-a-festa-de-frei-galvao-2025.html"]}]},{"@type":"BreadcrumbList","@id":"https:\/\/franciscanos.org.br\/noticias\/paz-fraternidade-e-cuidado-da-criacao-inspiram-a-festa-de-frei-galvao-2025.html#breadcrumb","itemListElement":[{"@type":"ListItem","position":1,"name":"Home","item":"https:\/\/franciscanos.org.br\/noticias"},{"@type":"ListItem","position":2,"name":"Paz, fraternidade e cuidado da cria\u00e7\u00e3o inspiram a Festa de Frei Galv\u00e3o 2025"}]},{"@type":"Person","@id":"https:\/\/franciscanos.org.br\/noticias\/#\/schema\/person\/d9422e83121c3ad3b0f423d195f5bb25","name":"Adriana Rabelo","image":{"@type":"ImageObject","inLanguage":"pt-BR","@id":"https:\/\/franciscanos.org.br\/noticias\/#\/schema\/person\/image\/","url":"https:\/\/secure.gravatar.com\/avatar\/0a937b7500cd7df77540cfb8bede877d?s=96&d=mm&r=g","contentUrl":"https:\/\/secure.gravatar.com\/avatar\/0a937b7500cd7df77540cfb8bede877d?s=96&d=mm&r=g","caption":"Adriana Rabelo"},"url":"https:\/\/franciscanos.org.br\/noticias\/author\/adrianarabelo"}]}},"_links":{"self":[{"href":"https:\/\/franciscanos.org.br\/noticias\/wp-json\/wp\/v2\/posts\/259475"}],"collection":[{"href":"https:\/\/franciscanos.org.br\/noticias\/wp-json\/wp\/v2\/posts"}],"about":[{"href":"https:\/\/franciscanos.org.br\/noticias\/wp-json\/wp\/v2\/types\/post"}],"author":[{"embeddable":true,"href":"https:\/\/franciscanos.org.br\/noticias\/wp-json\/wp\/v2\/users\/11"}],"replies":[{"embeddable":true,"href":"https:\/\/franciscanos.org.br\/noticias\/wp-json\/wp\/v2\/comments?post=259475"}],"version-history":[{"count":1,"href":"https:\/\/franciscanos.org.br\/noticias\/wp-json\/wp\/v2\/posts\/259475\/revisions"}],"predecessor-version":[{"id":259478,"href":"https:\/\/franciscanos.org.br\/noticias\/wp-json\/wp\/v2\/posts\/259475\/revisions\/259478"}],"wp:featuredmedia":[{"embeddable":true,"href":"https:\/\/franciscanos.org.br\/noticias\/wp-json\/wp\/v2\/media\/259477"}],"wp:attachment":[{"href":"https:\/\/franciscanos.org.br\/noticias\/wp-json\/wp\/v2\/media?parent=259475"}],"wp:term":[{"taxonomy":"category","embeddable":true,"href":"https:\/\/franciscanos.org.br\/noticias\/wp-json\/wp\/v2\/categories?post=259475"},{"taxonomy":"post_tag","embeddable":true,"href":"https:\/\/franciscanos.org.br\/noticias\/wp-json\/wp\/v2\/tags?post=259475"}],"curies":[{"name":"wp","href":"https:\/\/api.w.org\/{rel}","templated":true}]}}