{"id":259458,"date":"2025-08-13T11:54:02","date_gmt":"2025-08-13T14:54:02","guid":{"rendered":"https:\/\/franciscanos.org.br\/noticias\/?p=259458"},"modified":"2025-08-13T11:54:02","modified_gmt":"2025-08-13T14:54:02","slug":"casa-de-clara-belem-celebra-29-anos-com-musica-danca-e-historias-que-inspiram","status":"publish","type":"post","link":"https:\/\/franciscanos.org.br\/noticias\/casa-de-clara-belem-celebra-29-anos-com-musica-danca-e-historias-que-inspiram.html","title":{"rendered":"Casa de Clara \u2013 Bel\u00e9m celebra 29 anos com m\u00fasica, dan\u00e7a e hist\u00f3rias que inspiram"},"content":{"rendered":"<p><img loading=\"lazy\" class=\"aligncenter wp-image-259460 size-full\" src=\"https:\/\/franciscanos.org.br\/noticias\/wp-content\/uploads\/2025\/08\/materia-23.png\" alt=\"\" width=\"1280\" height=\"720\" srcset=\"https:\/\/franciscanos.org.br\/noticias\/wp-content\/uploads\/2025\/08\/materia-23.png 1280w, https:\/\/franciscanos.org.br\/noticias\/wp-content\/uploads\/2025\/08\/materia-23-450x253.png 450w, https:\/\/franciscanos.org.br\/noticias\/wp-content\/uploads\/2025\/08\/materia-23-1024x576.png 1024w, https:\/\/franciscanos.org.br\/noticias\/wp-content\/uploads\/2025\/08\/materia-23-768x432.png 768w, https:\/\/franciscanos.org.br\/noticias\/wp-content\/uploads\/2025\/08\/materia-23-150x84.png 150w\" sizes=\"(max-width: 1280px) 100vw, 1280px\" \/><\/p>\n<p>O sal\u00e3o estava cheio de sorrisos, passos de dan\u00e7a e vozes afinadas. No \u00faltimo s\u00e1bado (9), a Casa de Clara \u2013 Bel\u00e9m, projeto do Sefras &#8211; A\u00e7\u00e3o Social Franciscana voltado para pessoas idosas, celebrou seus 29 anos de atua\u00e7\u00e3o com uma festa repleta de arte, espiritualidade e afeto.<\/p>\n<p>A comemora\u00e7\u00e3o come\u00e7ou com apresenta\u00e7\u00f5es das pr\u00f3prias participantes: com uma dan\u00e7a e encantou o p\u00fablico, seguido pela percuss\u00e3o vibrante e pelo coral, que interpretou com emo\u00e7\u00e3o o <em>C\u00e2ntico das Criaturas<\/em>. Entre as homenagens, Frei Tiago Elias, vice-presidente do Sefras, conduziu uma m\u00edstica especial contando a hist\u00f3ria de Santa Clara e sua amizade com S\u00e3o Francisco, ressaltando que \u201cas melhores coisas est\u00e3o em tudo\u201d e que \u201ccuidar de si tamb\u00e9m \u00e9 uma ora\u00e7\u00e3o\u201d. Ele tamb\u00e9m recordou como o esp\u00edrito de Santa Clara chegou a S\u00e3o Paulo e inspirou a miss\u00e3o da Casa: assim como a santa defendeu suas irm\u00e3s, o projeto defende e valoriza a pessoa idosa.<\/p>\n\n\t\t<style type=\"text\/css\">\n\t\t\t#gallery-1 {\n\t\t\t\tmargin: auto;\n\t\t\t}\n\t\t\t#gallery-1 .gallery-item {\n\t\t\t\tfloat: left;\n\t\t\t\tmargin-top: 10px;\n\t\t\t\ttext-align: center;\n\t\t\t\twidth: 25%;\n\t\t\t}\n\t\t\t#gallery-1 img {\n\t\t\t\tborder: 2px solid #cfcfcf;\n\t\t\t}\n\t\t\t#gallery-1 .gallery-caption {\n\t\t\t\tmargin-left: 0;\n\t\t\t}\n\t\t\t\/* see gallery_shortcode() in wp-includes\/media.php *\/\n\t\t<\/style>\n\t\t<div id='gallery-1' class='gallery galleryid-259458 gallery-columns-4 gallery-size-thumbnail'><dl class='gallery-item'>\n\t\t\t<dt class='gallery-icon portrait'>\n\t\t\t\t<a href='https:\/\/franciscanos.org.br\/noticias\/wp-content\/uploads\/2025\/08\/IMG_5815-scaled.jpg'><img width=\"300\" height=\"300\" src=\"https:\/\/franciscanos.org.br\/noticias\/wp-content\/uploads\/2025\/08\/IMG_5815-300x300.jpg\" class=\"attachment-thumbnail size-thumbnail\" alt=\"\" loading=\"lazy\" srcset=\"https:\/\/franciscanos.org.br\/noticias\/wp-content\/uploads\/2025\/08\/IMG_5815-300x300.jpg 300w, https:\/\/franciscanos.org.br\/noticias\/wp-content\/uploads\/2025\/08\/IMG_5815-100x100.jpg 100w\" sizes=\"(max-width: 300px) 100vw, 300px\" \/><\/a>\n\t\t\t<\/dt><\/dl><dl class='gallery-item'>\n\t\t\t<dt class='gallery-icon portrait'>\n\t\t\t\t<a href='https:\/\/franciscanos.org.br\/noticias\/wp-content\/uploads\/2025\/08\/IMG_5809-scaled.jpg'><img width=\"300\" height=\"300\" src=\"https:\/\/franciscanos.org.br\/noticias\/wp-content\/uploads\/2025\/08\/IMG_5809-300x300.jpg\" class=\"attachment-thumbnail size-thumbnail\" alt=\"\" loading=\"lazy\" srcset=\"https:\/\/franciscanos.org.br\/noticias\/wp-content\/uploads\/2025\/08\/IMG_5809-300x300.jpg 300w, https:\/\/franciscanos.org.br\/noticias\/wp-content\/uploads\/2025\/08\/IMG_5809-100x100.jpg 100w\" sizes=\"(max-width: 300px) 100vw, 300px\" \/><\/a>\n\t\t\t<\/dt><\/dl><dl class='gallery-item'>\n\t\t\t<dt class='gallery-icon portrait'>\n\t\t\t\t<a href='https:\/\/franciscanos.org.br\/noticias\/wp-content\/uploads\/2025\/08\/IMG_5775-scaled.jpg'><img width=\"300\" height=\"300\" src=\"https:\/\/franciscanos.org.br\/noticias\/wp-content\/uploads\/2025\/08\/IMG_5775-300x300.jpg\" class=\"attachment-thumbnail size-thumbnail\" alt=\"\" loading=\"lazy\" srcset=\"https:\/\/franciscanos.org.br\/noticias\/wp-content\/uploads\/2025\/08\/IMG_5775-300x300.jpg 300w, https:\/\/franciscanos.org.br\/noticias\/wp-content\/uploads\/2025\/08\/IMG_5775-100x100.jpg 100w\" sizes=\"(max-width: 300px) 100vw, 300px\" \/><\/a>\n\t\t\t<\/dt><\/dl><dl class='gallery-item'>\n\t\t\t<dt class='gallery-icon portrait'>\n\t\t\t\t<a href='https:\/\/franciscanos.org.br\/noticias\/wp-content\/uploads\/2025\/08\/PHOTO-2025-08-11-10-26-32-18.jpg'><img width=\"300\" height=\"300\" src=\"https:\/\/franciscanos.org.br\/noticias\/wp-content\/uploads\/2025\/08\/PHOTO-2025-08-11-10-26-32-18-300x300.jpg\" class=\"attachment-thumbnail size-thumbnail\" alt=\"\" loading=\"lazy\" srcset=\"https:\/\/franciscanos.org.br\/noticias\/wp-content\/uploads\/2025\/08\/PHOTO-2025-08-11-10-26-32-18-300x300.jpg 300w, https:\/\/franciscanos.org.br\/noticias\/wp-content\/uploads\/2025\/08\/PHOTO-2025-08-11-10-26-32-18-100x100.jpg 100w\" sizes=\"(max-width: 300px) 100vw, 300px\" \/><\/a>\n\t\t\t<\/dt><\/dl><br style=\"clear: both\" \/>\n\t\t<\/div>\n\n<p>Durante a m\u00edstica, houve a partilha do p\u00e3o, aben\u00e7oada pelo Frei Melo: <strong>\u201cO p\u00e3o sempre traz o amor, a partilha e a uni\u00e3o.\u201d<\/strong> No palco, Frei Tiago tamb\u00e9m cantou, levando m\u00fasica e alegria ao encontro, e um painel coletivo com a imagem de Santa Clara foi confeccionado pelos presentes como s\u00edmbolo de uni\u00e3o e gratid\u00e3o.<\/p>\n<p>O Frei Vagner Sassi, diretor-presidente do Sefras, lembrou que a Casa de Clara \u00e9 o projeto mais antigo da institui\u00e7\u00e3o e carrega ra\u00edzes profundas:<\/p>\n<p>\u201cHoje \u00e9 dia de festa, de comemora\u00e7\u00e3o e alegria. Esse projeto nasceu da Prov\u00edncia Imaculada Concei\u00e7\u00e3o, que tamb\u00e9m vive este ano um jubileu de 350 anos. A Casa de Clara nos ensina a iluminar a comunidade, o bairro e as fam\u00edlias. Unidos, somos uma luz para iluminar o mundo.\u201d<\/p>\n<p><img loading=\"lazy\" class=\"aligncenter wp-image-259464 size-full\" src=\"https:\/\/franciscanos.org.br\/noticias\/wp-content\/uploads\/2025\/08\/mareria-3.png\" alt=\"\" width=\"1280\" height=\"720\" srcset=\"https:\/\/franciscanos.org.br\/noticias\/wp-content\/uploads\/2025\/08\/mareria-3.png 1280w, https:\/\/franciscanos.org.br\/noticias\/wp-content\/uploads\/2025\/08\/mareria-3-450x253.png 450w, https:\/\/franciscanos.org.br\/noticias\/wp-content\/uploads\/2025\/08\/mareria-3-1024x576.png 1024w, https:\/\/franciscanos.org.br\/noticias\/wp-content\/uploads\/2025\/08\/mareria-3-768x432.png 768w, https:\/\/franciscanos.org.br\/noticias\/wp-content\/uploads\/2025\/08\/mareria-3-150x84.png 150w\" sizes=\"(max-width: 1280px) 100vw, 1280px\" \/><\/p>\n<p>Para a coordenadora Joseane Carneiro, a data celebra n\u00e3o apenas uma hist\u00f3ria, mas um compromisso cont\u00ednuo:<\/p>\n<p>\u201cAqui, a pessoa idosa \u00e9 valorizada. Foram 29 anos de desafios e conquistas. Nosso acolher, cuidar e defender vai al\u00e9m: tamb\u00e9m \u00e9 defender a Casa Comum e o planeta.\u201d<\/p>\n\n\t\t<style type=\"text\/css\">\n\t\t\t#gallery-2 {\n\t\t\t\tmargin: auto;\n\t\t\t}\n\t\t\t#gallery-2 .gallery-item {\n\t\t\t\tfloat: left;\n\t\t\t\tmargin-top: 10px;\n\t\t\t\ttext-align: center;\n\t\t\t\twidth: 25%;\n\t\t\t}\n\t\t\t#gallery-2 img {\n\t\t\t\tborder: 2px solid #cfcfcf;\n\t\t\t}\n\t\t\t#gallery-2 .gallery-caption {\n\t\t\t\tmargin-left: 0;\n\t\t\t}\n\t\t\t\/* see gallery_shortcode() in wp-includes\/media.php *\/\n\t\t<\/style>\n\t\t<div id='gallery-2' class='gallery galleryid-259458 gallery-columns-4 gallery-size-thumbnail'><dl class='gallery-item'>\n\t\t\t<dt class='gallery-icon portrait'>\n\t\t\t\t<a href='https:\/\/franciscanos.org.br\/noticias\/wp-content\/uploads\/2025\/08\/PHOTO-2025-08-11-10-26-32-9.jpg'><img width=\"300\" height=\"300\" src=\"https:\/\/franciscanos.org.br\/noticias\/wp-content\/uploads\/2025\/08\/PHOTO-2025-08-11-10-26-32-9-300x300.jpg\" class=\"attachment-thumbnail size-thumbnail\" alt=\"\" loading=\"lazy\" srcset=\"https:\/\/franciscanos.org.br\/noticias\/wp-content\/uploads\/2025\/08\/PHOTO-2025-08-11-10-26-32-9-300x300.jpg 300w, https:\/\/franciscanos.org.br\/noticias\/wp-content\/uploads\/2025\/08\/PHOTO-2025-08-11-10-26-32-9-100x100.jpg 100w\" sizes=\"(max-width: 300px) 100vw, 300px\" \/><\/a>\n\t\t\t<\/dt><\/dl><dl class='gallery-item'>\n\t\t\t<dt class='gallery-icon portrait'>\n\t\t\t\t<a href='https:\/\/franciscanos.org.br\/noticias\/wp-content\/uploads\/2025\/08\/IMG_5735-scaled.jpg'><img width=\"300\" height=\"300\" src=\"https:\/\/franciscanos.org.br\/noticias\/wp-content\/uploads\/2025\/08\/IMG_5735-300x300.jpg\" class=\"attachment-thumbnail size-thumbnail\" alt=\"\" loading=\"lazy\" srcset=\"https:\/\/franciscanos.org.br\/noticias\/wp-content\/uploads\/2025\/08\/IMG_5735-300x300.jpg 300w, https:\/\/franciscanos.org.br\/noticias\/wp-content\/uploads\/2025\/08\/IMG_5735-100x100.jpg 100w\" sizes=\"(max-width: 300px) 100vw, 300px\" \/><\/a>\n\t\t\t<\/dt><\/dl><dl class='gallery-item'>\n\t\t\t<dt class='gallery-icon portrait'>\n\t\t\t\t<a href='https:\/\/franciscanos.org.br\/noticias\/wp-content\/uploads\/2025\/08\/IMG_5697-scaled.jpg'><img width=\"300\" height=\"300\" src=\"https:\/\/franciscanos.org.br\/noticias\/wp-content\/uploads\/2025\/08\/IMG_5697-300x300.jpg\" class=\"attachment-thumbnail size-thumbnail\" alt=\"\" loading=\"lazy\" srcset=\"https:\/\/franciscanos.org.br\/noticias\/wp-content\/uploads\/2025\/08\/IMG_5697-300x300.jpg 300w, https:\/\/franciscanos.org.br\/noticias\/wp-content\/uploads\/2025\/08\/IMG_5697-100x100.jpg 100w\" sizes=\"(max-width: 300px) 100vw, 300px\" \/><\/a>\n\t\t\t<\/dt><\/dl><dl class='gallery-item'>\n\t\t\t<dt class='gallery-icon portrait'>\n\t\t\t\t<a href='https:\/\/franciscanos.org.br\/noticias\/wp-content\/uploads\/2025\/08\/IMG_5685-scaled.jpg'><img width=\"300\" height=\"300\" src=\"https:\/\/franciscanos.org.br\/noticias\/wp-content\/uploads\/2025\/08\/IMG_5685-300x300.jpg\" class=\"attachment-thumbnail size-thumbnail\" alt=\"\" loading=\"lazy\" srcset=\"https:\/\/franciscanos.org.br\/noticias\/wp-content\/uploads\/2025\/08\/IMG_5685-300x300.jpg 300w, https:\/\/franciscanos.org.br\/noticias\/wp-content\/uploads\/2025\/08\/IMG_5685-100x100.jpg 100w\" sizes=\"(max-width: 300px) 100vw, 300px\" \/><\/a>\n\t\t\t<\/dt><\/dl><br style=\"clear: both\" \/>\n\t\t<\/div>\n\n<p>&nbsp;<\/p>\n<h3><strong>Onde 200 hist\u00f3rias se encontram para viver, aprender e florescer<\/strong><\/h3>\n<p>Vivenciamos no Brasil uma transforma\u00e7\u00e3o acelerada da pir\u00e2mide et\u00e1ria, com um crescimento da popula\u00e7\u00e3o idosa muito mais intenso do que em outros pa\u00edses. Esse cen\u00e1rio imp\u00f5e o desafio urgente de pensar pol\u00edticas p\u00fablicas que assegurem condi\u00e7\u00f5es dignas de vida e promovam um envelhecimento saud\u00e1vel e ativo.<\/p>\n<p>A Casa de Clara \u2013 Bel\u00e9m, alinhada ao Estatuto da Pessoa Idosa, tem como miss\u00e3o acolher, cuidar e defender, garantindo acesso a direitos, fortalecendo v\u00ednculos e valorizando cada hist\u00f3ria. O N\u00facleo de Conviv\u00eancia funciona de segunda a sexta-feira, das 8h \u00e0s 17h, oferecendo tr\u00eas refei\u00e7\u00f5es di\u00e1rias e um ambiente de partilha, aprendizado e afeto.<\/p>\n<p><em>Em 2024, com a parceria da Secretaria de Desenvolvimento Social do Estado de S\u00e3o Paulo e recursos captados pelo Fundo Estadual do Idoso, a Casa ampliou o atendimento e hoje acolhe 200 pessoas idosas. S\u00e3o 17 oficinas semanais, como canto e coral, teatro, arteterapia, jogos recreativos, mem\u00f3ria, yoga, pilates, percuss\u00e3o, dan\u00e7a s\u00eanior, alongamento, fortalecimento f\u00edsico, dan\u00e7a brasileira, capoterapia, trabalhos manuais, entre outras. Al\u00e9m das atividades internas, o projeto promove sa\u00eddas culturais e art\u00edsticas, incentivando a autonomia e a participa\u00e7\u00e3o ativa na vida comunit\u00e1ria.<\/em><\/p>\n<p>O espa\u00e7o tamb\u00e9m tem forte atua\u00e7\u00e3o pol\u00edtica, com profissionais representando a institui\u00e7\u00e3o em f\u00f3runs e confer\u00eancias, como o F\u00f3rum Mooca, contribuindo para a formula\u00e7\u00e3o e fiscaliza\u00e7\u00e3o de pol\u00edticas p\u00fablicas voltadas \u00e0 pessoa idosa.<\/p>\n<div data-breakout=\"normal\">\n<div data-hook=\"rcv-block21\">\n<div data-breakout=\"normal\">\n<hr \/>\n<p id=\"viewer-jf2o1543\" class=\"pQuHl TfvTg z3yvg logrL\" dir=\"auto\"><em>Melissa Galdino \u2013 Sefras<\/em><\/p>\n<\/div>\n<\/div>\n<\/div>\n","protected":false},"excerpt":{"rendered":"<p>A\u00e7\u00e3o Social Franciscana<\/p>\n","protected":false},"author":11,"featured_media":259459,"comment_status":"open","ping_status":"open","sticky":false,"template":"","format":"standard","meta":[],"categories":[1],"tags":[2346,228],"acf":[],"yoast_head":"<!-- This site is optimized with the Yoast SEO plugin v19.2 - https:\/\/yoast.com\/wordpress\/plugins\/seo\/ -->\n<title>Casa de Clara \u2013 Bel\u00e9m celebra 29 anos com m\u00fasica, dan\u00e7a e hist\u00f3rias que inspiram - Not\u00edcias - Franciscanos<\/title>\n<meta name=\"robots\" content=\"index, follow, max-snippet:-1, max-image-preview:large, max-video-preview:-1\" \/>\n<link rel=\"canonical\" href=\"https:\/\/franciscanos.org.br\/noticias\/casa-de-clara-belem-celebra-29-anos-com-musica-danca-e-historias-que-inspiram.html\" \/>\n<meta property=\"og:locale\" content=\"pt_BR\" \/>\n<meta property=\"og:type\" content=\"article\" \/>\n<meta property=\"og:title\" content=\"Casa de Clara \u2013 Bel\u00e9m celebra 29 anos com m\u00fasica, dan\u00e7a e hist\u00f3rias que inspiram - Not\u00edcias - Franciscanos\" \/>\n<meta property=\"og:description\" content=\"A\u00e7\u00e3o Social Franciscana\" \/>\n<meta property=\"og:url\" content=\"https:\/\/franciscanos.org.br\/noticias\/casa-de-clara-belem-celebra-29-anos-com-musica-danca-e-historias-que-inspiram.html\" \/>\n<meta property=\"og:site_name\" content=\"Not\u00edcias - Franciscanos\" \/>\n<meta property=\"article:published_time\" content=\"2025-08-13T14:54:02+00:00\" \/>\n<meta property=\"og:image\" content=\"https:\/\/franciscanos.org.br\/noticias\/wp-content\/uploads\/2025\/08\/chamada-20.png\" \/>\n\t<meta property=\"og:image:width\" content=\"800\" \/>\n\t<meta property=\"og:image:height\" content=\"550\" \/>\n\t<meta property=\"og:image:type\" content=\"image\/png\" \/>\n<meta name=\"author\" content=\"Adriana Rabelo\" \/>\n<meta name=\"twitter:card\" content=\"summary_large_image\" \/>\n<meta name=\"twitter:label1\" content=\"Escrito por\" \/>\n\t<meta name=\"twitter:data1\" content=\"Adriana Rabelo\" \/>\n\t<meta name=\"twitter:label2\" content=\"Est. tempo de leitura\" \/>\n\t<meta name=\"twitter:data2\" content=\"3 minutos\" \/>\n<script type=\"application\/ld+json\" class=\"yoast-schema-graph\">{\"@context\":\"https:\/\/schema.org\",\"@graph\":[{\"@type\":\"WebSite\",\"@id\":\"https:\/\/franciscanos.org.br\/noticias\/#website\",\"url\":\"https:\/\/franciscanos.org.br\/noticias\/\",\"name\":\"Not\u00edcias - Franciscanos\",\"description\":\"Prov\u00edncia Franciscana da Imaculada Concei\u00e7\u00e3o do Brasil - Ordem dos Frades Menores - OFM\",\"potentialAction\":[{\"@type\":\"SearchAction\",\"target\":{\"@type\":\"EntryPoint\",\"urlTemplate\":\"https:\/\/franciscanos.org.br\/noticias\/?s={search_term_string}\"},\"query-input\":\"required name=search_term_string\"}],\"inLanguage\":\"pt-BR\"},{\"@type\":\"ImageObject\",\"inLanguage\":\"pt-BR\",\"@id\":\"https:\/\/franciscanos.org.br\/noticias\/casa-de-clara-belem-celebra-29-anos-com-musica-danca-e-historias-que-inspiram.html#primaryimage\",\"url\":\"https:\/\/franciscanos.org.br\/noticias\/wp-content\/uploads\/2025\/08\/chamada-20.png\",\"contentUrl\":\"https:\/\/franciscanos.org.br\/noticias\/wp-content\/uploads\/2025\/08\/chamada-20.png\",\"width\":800,\"height\":550},{\"@type\":\"WebPage\",\"@id\":\"https:\/\/franciscanos.org.br\/noticias\/casa-de-clara-belem-celebra-29-anos-com-musica-danca-e-historias-que-inspiram.html#webpage\",\"url\":\"https:\/\/franciscanos.org.br\/noticias\/casa-de-clara-belem-celebra-29-anos-com-musica-danca-e-historias-que-inspiram.html\",\"name\":\"Casa de Clara \u2013 Bel\u00e9m celebra 29 anos com m\u00fasica, dan\u00e7a e hist\u00f3rias que inspiram - Not\u00edcias - Franciscanos\",\"isPartOf\":{\"@id\":\"https:\/\/franciscanos.org.br\/noticias\/#website\"},\"primaryImageOfPage\":{\"@id\":\"https:\/\/franciscanos.org.br\/noticias\/casa-de-clara-belem-celebra-29-anos-com-musica-danca-e-historias-que-inspiram.html#primaryimage\"},\"datePublished\":\"2025-08-13T14:54:02+00:00\",\"dateModified\":\"2025-08-13T14:54:02+00:00\",\"author\":{\"@id\":\"https:\/\/franciscanos.org.br\/noticias\/#\/schema\/person\/d9422e83121c3ad3b0f423d195f5bb25\"},\"breadcrumb\":{\"@id\":\"https:\/\/franciscanos.org.br\/noticias\/casa-de-clara-belem-celebra-29-anos-com-musica-danca-e-historias-que-inspiram.html#breadcrumb\"},\"inLanguage\":\"pt-BR\",\"potentialAction\":[{\"@type\":\"ReadAction\",\"target\":[\"https:\/\/franciscanos.org.br\/noticias\/casa-de-clara-belem-celebra-29-anos-com-musica-danca-e-historias-que-inspiram.html\"]}]},{\"@type\":\"BreadcrumbList\",\"@id\":\"https:\/\/franciscanos.org.br\/noticias\/casa-de-clara-belem-celebra-29-anos-com-musica-danca-e-historias-que-inspiram.html#breadcrumb\",\"itemListElement\":[{\"@type\":\"ListItem\",\"position\":1,\"name\":\"Home\",\"item\":\"https:\/\/franciscanos.org.br\/noticias\"},{\"@type\":\"ListItem\",\"position\":2,\"name\":\"Casa de Clara \u2013 Bel\u00e9m celebra 29 anos com m\u00fasica, dan\u00e7a e hist\u00f3rias que inspiram\"}]},{\"@type\":\"Person\",\"@id\":\"https:\/\/franciscanos.org.br\/noticias\/#\/schema\/person\/d9422e83121c3ad3b0f423d195f5bb25\",\"name\":\"Adriana Rabelo\",\"image\":{\"@type\":\"ImageObject\",\"inLanguage\":\"pt-BR\",\"@id\":\"https:\/\/franciscanos.org.br\/noticias\/#\/schema\/person\/image\/\",\"url\":\"https:\/\/secure.gravatar.com\/avatar\/0a937b7500cd7df77540cfb8bede877d?s=96&d=mm&r=g\",\"contentUrl\":\"https:\/\/secure.gravatar.com\/avatar\/0a937b7500cd7df77540cfb8bede877d?s=96&d=mm&r=g\",\"caption\":\"Adriana Rabelo\"},\"url\":\"https:\/\/franciscanos.org.br\/noticias\/author\/adrianarabelo\"}]}<\/script>\n<!-- \/ Yoast SEO plugin. -->","yoast_head_json":{"title":"Casa de Clara \u2013 Bel\u00e9m celebra 29 anos com m\u00fasica, dan\u00e7a e hist\u00f3rias que inspiram - Not\u00edcias - Franciscanos","robots":{"index":"index","follow":"follow","max-snippet":"max-snippet:-1","max-image-preview":"max-image-preview:large","max-video-preview":"max-video-preview:-1"},"canonical":"https:\/\/franciscanos.org.br\/noticias\/casa-de-clara-belem-celebra-29-anos-com-musica-danca-e-historias-que-inspiram.html","og_locale":"pt_BR","og_type":"article","og_title":"Casa de Clara \u2013 Bel\u00e9m celebra 29 anos com m\u00fasica, dan\u00e7a e hist\u00f3rias que inspiram - Not\u00edcias - Franciscanos","og_description":"A\u00e7\u00e3o Social Franciscana","og_url":"https:\/\/franciscanos.org.br\/noticias\/casa-de-clara-belem-celebra-29-anos-com-musica-danca-e-historias-que-inspiram.html","og_site_name":"Not\u00edcias - Franciscanos","article_published_time":"2025-08-13T14:54:02+00:00","og_image":[{"width":800,"height":550,"url":"https:\/\/franciscanos.org.br\/noticias\/wp-content\/uploads\/2025\/08\/chamada-20.png","type":"image\/png"}],"author":"Adriana Rabelo","twitter_card":"summary_large_image","twitter_misc":{"Escrito por":"Adriana Rabelo","Est. tempo de leitura":"3 minutos"},"schema":{"@context":"https:\/\/schema.org","@graph":[{"@type":"WebSite","@id":"https:\/\/franciscanos.org.br\/noticias\/#website","url":"https:\/\/franciscanos.org.br\/noticias\/","name":"Not\u00edcias - Franciscanos","description":"Prov\u00edncia Franciscana da Imaculada Concei\u00e7\u00e3o do Brasil - Ordem dos Frades Menores - OFM","potentialAction":[{"@type":"SearchAction","target":{"@type":"EntryPoint","urlTemplate":"https:\/\/franciscanos.org.br\/noticias\/?s={search_term_string}"},"query-input":"required name=search_term_string"}],"inLanguage":"pt-BR"},{"@type":"ImageObject","inLanguage":"pt-BR","@id":"https:\/\/franciscanos.org.br\/noticias\/casa-de-clara-belem-celebra-29-anos-com-musica-danca-e-historias-que-inspiram.html#primaryimage","url":"https:\/\/franciscanos.org.br\/noticias\/wp-content\/uploads\/2025\/08\/chamada-20.png","contentUrl":"https:\/\/franciscanos.org.br\/noticias\/wp-content\/uploads\/2025\/08\/chamada-20.png","width":800,"height":550},{"@type":"WebPage","@id":"https:\/\/franciscanos.org.br\/noticias\/casa-de-clara-belem-celebra-29-anos-com-musica-danca-e-historias-que-inspiram.html#webpage","url":"https:\/\/franciscanos.org.br\/noticias\/casa-de-clara-belem-celebra-29-anos-com-musica-danca-e-historias-que-inspiram.html","name":"Casa de Clara \u2013 Bel\u00e9m celebra 29 anos com m\u00fasica, dan\u00e7a e hist\u00f3rias que inspiram - Not\u00edcias - Franciscanos","isPartOf":{"@id":"https:\/\/franciscanos.org.br\/noticias\/#website"},"primaryImageOfPage":{"@id":"https:\/\/franciscanos.org.br\/noticias\/casa-de-clara-belem-celebra-29-anos-com-musica-danca-e-historias-que-inspiram.html#primaryimage"},"datePublished":"2025-08-13T14:54:02+00:00","dateModified":"2025-08-13T14:54:02+00:00","author":{"@id":"https:\/\/franciscanos.org.br\/noticias\/#\/schema\/person\/d9422e83121c3ad3b0f423d195f5bb25"},"breadcrumb":{"@id":"https:\/\/franciscanos.org.br\/noticias\/casa-de-clara-belem-celebra-29-anos-com-musica-danca-e-historias-que-inspiram.html#breadcrumb"},"inLanguage":"pt-BR","potentialAction":[{"@type":"ReadAction","target":["https:\/\/franciscanos.org.br\/noticias\/casa-de-clara-belem-celebra-29-anos-com-musica-danca-e-historias-que-inspiram.html"]}]},{"@type":"BreadcrumbList","@id":"https:\/\/franciscanos.org.br\/noticias\/casa-de-clara-belem-celebra-29-anos-com-musica-danca-e-historias-que-inspiram.html#breadcrumb","itemListElement":[{"@type":"ListItem","position":1,"name":"Home","item":"https:\/\/franciscanos.org.br\/noticias"},{"@type":"ListItem","position":2,"name":"Casa de Clara \u2013 Bel\u00e9m celebra 29 anos com m\u00fasica, dan\u00e7a e hist\u00f3rias que inspiram"}]},{"@type":"Person","@id":"https:\/\/franciscanos.org.br\/noticias\/#\/schema\/person\/d9422e83121c3ad3b0f423d195f5bb25","name":"Adriana Rabelo","image":{"@type":"ImageObject","inLanguage":"pt-BR","@id":"https:\/\/franciscanos.org.br\/noticias\/#\/schema\/person\/image\/","url":"https:\/\/secure.gravatar.com\/avatar\/0a937b7500cd7df77540cfb8bede877d?s=96&d=mm&r=g","contentUrl":"https:\/\/secure.gravatar.com\/avatar\/0a937b7500cd7df77540cfb8bede877d?s=96&d=mm&r=g","caption":"Adriana Rabelo"},"url":"https:\/\/franciscanos.org.br\/noticias\/author\/adrianarabelo"}]}},"_links":{"self":[{"href":"https:\/\/franciscanos.org.br\/noticias\/wp-json\/wp\/v2\/posts\/259458"}],"collection":[{"href":"https:\/\/franciscanos.org.br\/noticias\/wp-json\/wp\/v2\/posts"}],"about":[{"href":"https:\/\/franciscanos.org.br\/noticias\/wp-json\/wp\/v2\/types\/post"}],"author":[{"embeddable":true,"href":"https:\/\/franciscanos.org.br\/noticias\/wp-json\/wp\/v2\/users\/11"}],"replies":[{"embeddable":true,"href":"https:\/\/franciscanos.org.br\/noticias\/wp-json\/wp\/v2\/comments?post=259458"}],"version-history":[{"count":4,"href":"https:\/\/franciscanos.org.br\/noticias\/wp-json\/wp\/v2\/posts\/259458\/revisions"}],"predecessor-version":[{"id":259473,"href":"https:\/\/franciscanos.org.br\/noticias\/wp-json\/wp\/v2\/posts\/259458\/revisions\/259473"}],"wp:featuredmedia":[{"embeddable":true,"href":"https:\/\/franciscanos.org.br\/noticias\/wp-json\/wp\/v2\/media\/259459"}],"wp:attachment":[{"href":"https:\/\/franciscanos.org.br\/noticias\/wp-json\/wp\/v2\/media?parent=259458"}],"wp:term":[{"taxonomy":"category","embeddable":true,"href":"https:\/\/franciscanos.org.br\/noticias\/wp-json\/wp\/v2\/categories?post=259458"},{"taxonomy":"post_tag","embeddable":true,"href":"https:\/\/franciscanos.org.br\/noticias\/wp-json\/wp\/v2\/tags?post=259458"}],"curies":[{"name":"wp","href":"https:\/\/api.w.org\/{rel}","templated":true}]}}