{"id":259451,"date":"2025-08-13T09:22:59","date_gmt":"2025-08-13T12:22:59","guid":{"rendered":"https:\/\/franciscanos.org.br\/noticias\/?p=259451"},"modified":"2025-09-12T08:17:19","modified_gmt":"2025-09-12T11:17:19","slug":"leao-xiv-na-audiencia-geral-mesmo-falhando-para-deus-seremos-filhos-sempre-amados","status":"publish","type":"post","link":"https:\/\/franciscanos.org.br\/noticias\/leao-xiv-na-audiencia-geral-mesmo-falhando-para-deus-seremos-filhos-sempre-amados.html","title":{"rendered":"Le\u00e3o XIV na Audi\u00eancia Geral: mesmo falhando, para Deus, seremos filhos sempre amados"},"content":{"rendered":"<p><img loading=\"lazy\" class=\"aligncenter wp-image-259453 size-full\" src=\"https:\/\/franciscanos.org.br\/noticias\/wp-content\/uploads\/2025\/08\/materia-1-5.png\" alt=\"\" width=\"1280\" height=\"720\" srcset=\"https:\/\/franciscanos.org.br\/noticias\/wp-content\/uploads\/2025\/08\/materia-1-5.png 1280w, https:\/\/franciscanos.org.br\/noticias\/wp-content\/uploads\/2025\/08\/materia-1-5-450x253.png 450w, https:\/\/franciscanos.org.br\/noticias\/wp-content\/uploads\/2025\/08\/materia-1-5-1024x576.png 1024w, https:\/\/franciscanos.org.br\/noticias\/wp-content\/uploads\/2025\/08\/materia-1-5-768x432.png 768w, https:\/\/franciscanos.org.br\/noticias\/wp-content\/uploads\/2025\/08\/materia-1-5-150x84.png 150w\" sizes=\"(max-width: 1280px) 100vw, 1280px\" \/><\/p>\n<p><em>Na catequese desta quarta-feira (13\/08), de calor forte em Roma e com a Audi\u00eancia Geral sendo dividida entre fi\u00e9is reunidos entre Sala Paulo VI, Piazza Petriano e Bas\u00edlica de S\u00e3o Pedro, o Papa refletiu sobre a revela\u00e7\u00e3o da trai\u00e7\u00e3o de Judas, feita n\u00e3o para condenar, mas para ensinar que o amor, quando sincero, n\u00e3o pode ocultar a verdade. A esperan\u00e7a \u00e9 esta, disse o Papa: &#8220;saber que, ainda que possamos falhar, Deus nunca falha. Mesmo que possamos trair, Ele nunca deixa de nos amar&#8221;.<\/em><\/p>\n<hr \/>\n<p>Como temperaturas durante a semana que est\u00e3o superando os 30 graus em Roma, a Audi\u00eancia Geral desta quarta-feira (13\/08) foi transferida da Pra\u00e7a S\u00e3o Pedro para a Sala Paulo VI, no Vaticano, com capacidade para cerca de 6 mil pessoas. Devido ao grande n\u00famero de fi\u00e9is, eles tamb\u00e9m foram divididos entre a Bas\u00edlica de S\u00e3o Pedro e a Pra\u00e7a Petriano, que d\u00e1 entrada \u00e0 Sala Paulo VI, e onde o Papa Le\u00e3o XIV fez uma primeira sauda\u00e7\u00e3o multil\u00edngue &#8211; inclusive em portugu\u00eas &#8211; aos peregrinos reunidos, de onde tamb\u00e9m acompanharam a catequese por tel\u00f5es:\u00a0 \u201c<i>Buongiorno a tutti<\/i>! Bom dia!\u00a0<i>Buenos d\u00edas<\/i>!\u201d<\/p>\n<p>Em seguida, antes de iniciar a Audi\u00eancia Geral na Sala Paulo VI, o Pont\u00edfice voltou a saudar em v\u00e1rias l\u00ednguas &#8211; ingl\u00eas, espanhol e italiano &#8211; os milhares de fi\u00e9is, agradecendo pela paci\u00eancia e pela decis\u00e3o de mudar de local para se proteger do sol:<\/p>\n<p><i><img loading=\"lazy\" class=\"aligncenter wp-image-259454 size-full\" src=\"https:\/\/franciscanos.org.br\/noticias\/wp-content\/uploads\/2025\/08\/materia-4-2.png\" alt=\"\" width=\"1280\" height=\"720\" srcset=\"https:\/\/franciscanos.org.br\/noticias\/wp-content\/uploads\/2025\/08\/materia-4-2.png 1280w, https:\/\/franciscanos.org.br\/noticias\/wp-content\/uploads\/2025\/08\/materia-4-2-450x253.png 450w, https:\/\/franciscanos.org.br\/noticias\/wp-content\/uploads\/2025\/08\/materia-4-2-1024x576.png 1024w, https:\/\/franciscanos.org.br\/noticias\/wp-content\/uploads\/2025\/08\/materia-4-2-768x432.png 768w, https:\/\/franciscanos.org.br\/noticias\/wp-content\/uploads\/2025\/08\/materia-4-2-150x84.png 150w\" sizes=\"(max-width: 1280px) 100vw, 1280px\" \/><\/i><\/p>\n<p><i>&#8220;Buongiorno!\u00a0Good morning everyone! Buenos d\u00edas!\u00a0Nesta manh\u00e3, teremos a audi\u00eancia em v\u00e1rios locais, em momentos diferentes para ficarmos um pouco longe do sol e do calor extremo. Agradecemos a paci\u00eancia de voc\u00eas e agradecemos a Deus pelo maravilhoso dom da vida, do bom tempo e de todas as suas b\u00ean\u00e7\u00e3os [em ingl\u00eas]. Vamos realizar a audi\u00eancia desta manh\u00e3 em dois momentos, porque tem pessoas aqui ao lado, pessoas na bas\u00edlica e tamb\u00e9m na pra\u00e7a. Sejam todos bem-vindos. E, aos poucos, vamos cumprimentando todos os grupos, na medida do poss\u00edvel. [em espanhol]. Hoje celebramos esta audi\u00eancia nestes momentos diferentes, um pouco para nos protegermos do sol, do calor extremo. Obrigado por terem vindo. Sejam todos bem-vindos [em italiano].&#8221;<\/i><\/p>\n<h3><strong>Deus nunca deixa de nos amar<\/strong><\/h3>\n<p>Em seguida, o Papa Le\u00e3o XIV deu sequ\u00eancia ao novo ciclo de catequeses iniciado na semana passada sobre o mist\u00e9rio pascal e &#8220;seguindo os passos de Jesus nos \u00faltimos dias de sua vida&#8221;, em particular, sobre a &#8220;cena \u00edntima, dram\u00e1tica, mas tamb\u00e9m profundamente verdadeira&#8221; do momento em que, durante a ceia pascal, Jesus revelou que um dos Doze estava prestes a tra\u00ed-lo. Mas ele n\u00e3o o fez para condenar ou humilhar, comentou o Pont\u00edfice, porque n\u00e3o apontou o culpado e nem sequer disse o nome de Judas: mas o fez para &#8220;salvar&#8221;, ensinando que o amor, quando \u00e9 sincero, n\u00e3o pode ocultar a verdade.\u00a0&#8220;O Evangelho n\u00e3o nos ensina a negar o mal, mas a reconhec\u00ea-lo como uma oportunidade dolorosa para renascer&#8221;, continuou Le\u00e3o XIV.<\/p>\n<p><img loading=\"lazy\" class=\"aligncenter wp-image-259455 size-full\" src=\"https:\/\/franciscanos.org.br\/noticias\/wp-content\/uploads\/2025\/08\/materia-2-6.png\" alt=\"\" width=\"1280\" height=\"720\" srcset=\"https:\/\/franciscanos.org.br\/noticias\/wp-content\/uploads\/2025\/08\/materia-2-6.png 1280w, https:\/\/franciscanos.org.br\/noticias\/wp-content\/uploads\/2025\/08\/materia-2-6-450x253.png 450w, https:\/\/franciscanos.org.br\/noticias\/wp-content\/uploads\/2025\/08\/materia-2-6-1024x576.png 1024w, https:\/\/franciscanos.org.br\/noticias\/wp-content\/uploads\/2025\/08\/materia-2-6-768x432.png 768w, https:\/\/franciscanos.org.br\/noticias\/wp-content\/uploads\/2025\/08\/materia-2-6-150x84.png 150w\" sizes=\"(max-width: 1280px) 100vw, 1280px\" \/><\/p>\n<p>A rea\u00e7\u00e3o dos disc\u00edpulos n\u00e3o foi de raiva, mas de tristeza, &#8220;de uma dor silenciosa, feita de perguntas, de suspeitas, de vulnerabilidade. \u00c9 uma dor que tamb\u00e9m n\u00f3s conhecemos bem, quando a sombra da trai\u00e7\u00e3o se insinua nos relacionamentos mais queridos&#8221;. E na possibilidade real de serem envolvidos, todos come\u00e7aram a se interrogar se \u201cacaso serei eu?\u201d, reconhecendo a fragilidade do seu pr\u00f3prio amor.<\/p>\n<p>\u201cCaros amigos, esta pergunta \u2014 &#8220;Acaso serei eu?&#8221; \u2014 est\u00e1 talvez entre as mais sinceras que podemos fazer a n\u00f3s mesmos. N\u00e3o \u00e9 a pergunta do inocente, mas do disc\u00edpulo que se descobre fr\u00e1gil. N\u00e3o \u00e9 o grito do culpado, mas o sussurro de quem, mesmo querendo amar, sabe que pode ferir. \u00c9 nessa consci\u00eancia que come\u00e7a o caminho da salva\u00e7\u00e3o.\u201d<\/p>\n<p>Deus, refletiu o Papa, &#8220;quando v\u00ea o mal, n\u00e3o se vinga, mas se entristece&#8221;. As duras palavras de Jesus \u201cMelhor seria que nunca tivesse nascido!\u201d, referindo-se ao traidor, n\u00e3o s\u00e3o uma maldi\u00e7\u00e3o ou condena\u00e7\u00e3o, mas um grito de dor. Com efeito, se renegamos o Amor que nos gerou, &#8220;perdemos o sentido da nossa vinda ao mundo e nos autoexclu\u00edmos da salva\u00e7\u00e3o&#8221;. Jesus n\u00e3o se escandaliza diante da nossa fragilidade e continua a confiar, ponderou Le\u00e3o XIV, &#8220;Ele sabe bem que nenhuma amizade est\u00e1 imune ao risco da trai\u00e7\u00e3o&#8221;, tanto que sentou \u00e0 mesa com os seus: &#8220;esta \u00e9 a for\u00e7a silenciosa de Deus: n\u00e3o abandona nunca a mesa do amor, nem mesmo quando sabe que ser\u00e1 deixado sozinho&#8221;.<\/p>\n<p>\u201cNo fundo, esta \u00e9 a esperan\u00e7a: saber que, ainda que possamos falhar, Deus nunca falha. Mesmo que possamos trair, Ele nunca deixa de nos amar. E se nos deixarmos alcan\u00e7ar por esse amor \u2014 humilde, ferido, mas sempre fiel \u2014 ent\u00e3o podemos verdadeiramente renascer. E come\u00e7ar a viver n\u00e3o mais como traidores, mas como filhos sempre amados.\u201d<\/p>\n<hr \/>\n<p><em>Andressa Collet &#8211; Vatican News<\/em><\/p>\n","protected":false},"excerpt":{"rendered":"<p>Audi\u00eancia Geral<\/p>\n","protected":false},"author":11,"featured_media":259452,"comment_status":"open","ping_status":"open","sticky":false,"template":"","format":"standard","meta":[],"categories":[1,2410,2345],"tags":[487,2343],"acf":[],"yoast_head":"<!-- This site is optimized with the Yoast SEO plugin v19.2 - https:\/\/yoast.com\/wordpress\/plugins\/seo\/ -->\n<title>Le\u00e3o XIV na Audi\u00eancia Geral: mesmo falhando, para Deus, seremos filhos sempre amados - Not\u00edcias - Franciscanos<\/title>\n<meta name=\"robots\" content=\"index, follow, max-snippet:-1, max-image-preview:large, max-video-preview:-1\" \/>\n<link rel=\"canonical\" href=\"https:\/\/franciscanos.org.br\/noticias\/leao-xiv-na-audiencia-geral-mesmo-falhando-para-deus-seremos-filhos-sempre-amados.html\" \/>\n<meta property=\"og:locale\" content=\"pt_BR\" \/>\n<meta property=\"og:type\" content=\"article\" \/>\n<meta property=\"og:title\" content=\"Le\u00e3o XIV na Audi\u00eancia Geral: mesmo falhando, para Deus, seremos filhos sempre amados - Not\u00edcias - Franciscanos\" \/>\n<meta property=\"og:description\" content=\"Audi\u00eancia Geral\" \/>\n<meta property=\"og:url\" content=\"https:\/\/franciscanos.org.br\/noticias\/leao-xiv-na-audiencia-geral-mesmo-falhando-para-deus-seremos-filhos-sempre-amados.html\" \/>\n<meta property=\"og:site_name\" content=\"Not\u00edcias - Franciscanos\" \/>\n<meta property=\"article:published_time\" content=\"2025-08-13T12:22:59+00:00\" \/>\n<meta property=\"article:modified_time\" content=\"2025-09-12T11:17:19+00:00\" \/>\n<meta property=\"og:image\" content=\"https:\/\/franciscanos.org.br\/noticias\/wp-content\/uploads\/2025\/08\/chamada-19.png\" \/>\n\t<meta property=\"og:image:width\" content=\"800\" \/>\n\t<meta property=\"og:image:height\" content=\"550\" \/>\n\t<meta property=\"og:image:type\" content=\"image\/png\" \/>\n<meta name=\"author\" content=\"Adriana Rabelo\" \/>\n<meta name=\"twitter:card\" content=\"summary_large_image\" \/>\n<meta name=\"twitter:label1\" content=\"Escrito por\" \/>\n\t<meta name=\"twitter:data1\" content=\"Adriana Rabelo\" \/>\n\t<meta name=\"twitter:label2\" content=\"Est. tempo de leitura\" \/>\n\t<meta name=\"twitter:data2\" content=\"4 minutos\" \/>\n<script type=\"application\/ld+json\" class=\"yoast-schema-graph\">{\"@context\":\"https:\/\/schema.org\",\"@graph\":[{\"@type\":\"WebSite\",\"@id\":\"https:\/\/franciscanos.org.br\/noticias\/#website\",\"url\":\"https:\/\/franciscanos.org.br\/noticias\/\",\"name\":\"Not\u00edcias - Franciscanos\",\"description\":\"Prov\u00edncia Franciscana da Imaculada Concei\u00e7\u00e3o do Brasil - Ordem dos Frades Menores - OFM\",\"potentialAction\":[{\"@type\":\"SearchAction\",\"target\":{\"@type\":\"EntryPoint\",\"urlTemplate\":\"https:\/\/franciscanos.org.br\/noticias\/?s={search_term_string}\"},\"query-input\":\"required name=search_term_string\"}],\"inLanguage\":\"pt-BR\"},{\"@type\":\"ImageObject\",\"inLanguage\":\"pt-BR\",\"@id\":\"https:\/\/franciscanos.org.br\/noticias\/leao-xiv-na-audiencia-geral-mesmo-falhando-para-deus-seremos-filhos-sempre-amados.html#primaryimage\",\"url\":\"https:\/\/franciscanos.org.br\/noticias\/wp-content\/uploads\/2025\/08\/chamada-19.png\",\"contentUrl\":\"https:\/\/franciscanos.org.br\/noticias\/wp-content\/uploads\/2025\/08\/chamada-19.png\",\"width\":800,\"height\":550},{\"@type\":\"WebPage\",\"@id\":\"https:\/\/franciscanos.org.br\/noticias\/leao-xiv-na-audiencia-geral-mesmo-falhando-para-deus-seremos-filhos-sempre-amados.html#webpage\",\"url\":\"https:\/\/franciscanos.org.br\/noticias\/leao-xiv-na-audiencia-geral-mesmo-falhando-para-deus-seremos-filhos-sempre-amados.html\",\"name\":\"Le\u00e3o XIV na Audi\u00eancia Geral: mesmo falhando, para Deus, seremos filhos sempre amados - Not\u00edcias - Franciscanos\",\"isPartOf\":{\"@id\":\"https:\/\/franciscanos.org.br\/noticias\/#website\"},\"primaryImageOfPage\":{\"@id\":\"https:\/\/franciscanos.org.br\/noticias\/leao-xiv-na-audiencia-geral-mesmo-falhando-para-deus-seremos-filhos-sempre-amados.html#primaryimage\"},\"datePublished\":\"2025-08-13T12:22:59+00:00\",\"dateModified\":\"2025-09-12T11:17:19+00:00\",\"author\":{\"@id\":\"https:\/\/franciscanos.org.br\/noticias\/#\/schema\/person\/d9422e83121c3ad3b0f423d195f5bb25\"},\"breadcrumb\":{\"@id\":\"https:\/\/franciscanos.org.br\/noticias\/leao-xiv-na-audiencia-geral-mesmo-falhando-para-deus-seremos-filhos-sempre-amados.html#breadcrumb\"},\"inLanguage\":\"pt-BR\",\"potentialAction\":[{\"@type\":\"ReadAction\",\"target\":[\"https:\/\/franciscanos.org.br\/noticias\/leao-xiv-na-audiencia-geral-mesmo-falhando-para-deus-seremos-filhos-sempre-amados.html\"]}]},{\"@type\":\"BreadcrumbList\",\"@id\":\"https:\/\/franciscanos.org.br\/noticias\/leao-xiv-na-audiencia-geral-mesmo-falhando-para-deus-seremos-filhos-sempre-amados.html#breadcrumb\",\"itemListElement\":[{\"@type\":\"ListItem\",\"position\":1,\"name\":\"Home\",\"item\":\"https:\/\/franciscanos.org.br\/noticias\"},{\"@type\":\"ListItem\",\"position\":2,\"name\":\"Le\u00e3o XIV na Audi\u00eancia Geral: mesmo falhando, para Deus, seremos filhos sempre amados\"}]},{\"@type\":\"Person\",\"@id\":\"https:\/\/franciscanos.org.br\/noticias\/#\/schema\/person\/d9422e83121c3ad3b0f423d195f5bb25\",\"name\":\"Adriana Rabelo\",\"image\":{\"@type\":\"ImageObject\",\"inLanguage\":\"pt-BR\",\"@id\":\"https:\/\/franciscanos.org.br\/noticias\/#\/schema\/person\/image\/\",\"url\":\"https:\/\/secure.gravatar.com\/avatar\/0a937b7500cd7df77540cfb8bede877d?s=96&d=mm&r=g\",\"contentUrl\":\"https:\/\/secure.gravatar.com\/avatar\/0a937b7500cd7df77540cfb8bede877d?s=96&d=mm&r=g\",\"caption\":\"Adriana Rabelo\"},\"url\":\"https:\/\/franciscanos.org.br\/noticias\/author\/adrianarabelo\"}]}<\/script>\n<!-- \/ Yoast SEO plugin. -->","yoast_head_json":{"title":"Le\u00e3o XIV na Audi\u00eancia Geral: mesmo falhando, para Deus, seremos filhos sempre amados - Not\u00edcias - Franciscanos","robots":{"index":"index","follow":"follow","max-snippet":"max-snippet:-1","max-image-preview":"max-image-preview:large","max-video-preview":"max-video-preview:-1"},"canonical":"https:\/\/franciscanos.org.br\/noticias\/leao-xiv-na-audiencia-geral-mesmo-falhando-para-deus-seremos-filhos-sempre-amados.html","og_locale":"pt_BR","og_type":"article","og_title":"Le\u00e3o XIV na Audi\u00eancia Geral: mesmo falhando, para Deus, seremos filhos sempre amados - Not\u00edcias - Franciscanos","og_description":"Audi\u00eancia Geral","og_url":"https:\/\/franciscanos.org.br\/noticias\/leao-xiv-na-audiencia-geral-mesmo-falhando-para-deus-seremos-filhos-sempre-amados.html","og_site_name":"Not\u00edcias - Franciscanos","article_published_time":"2025-08-13T12:22:59+00:00","article_modified_time":"2025-09-12T11:17:19+00:00","og_image":[{"width":800,"height":550,"url":"https:\/\/franciscanos.org.br\/noticias\/wp-content\/uploads\/2025\/08\/chamada-19.png","type":"image\/png"}],"author":"Adriana Rabelo","twitter_card":"summary_large_image","twitter_misc":{"Escrito por":"Adriana Rabelo","Est. tempo de leitura":"4 minutos"},"schema":{"@context":"https:\/\/schema.org","@graph":[{"@type":"WebSite","@id":"https:\/\/franciscanos.org.br\/noticias\/#website","url":"https:\/\/franciscanos.org.br\/noticias\/","name":"Not\u00edcias - Franciscanos","description":"Prov\u00edncia Franciscana da Imaculada Concei\u00e7\u00e3o do Brasil - Ordem dos Frades Menores - OFM","potentialAction":[{"@type":"SearchAction","target":{"@type":"EntryPoint","urlTemplate":"https:\/\/franciscanos.org.br\/noticias\/?s={search_term_string}"},"query-input":"required name=search_term_string"}],"inLanguage":"pt-BR"},{"@type":"ImageObject","inLanguage":"pt-BR","@id":"https:\/\/franciscanos.org.br\/noticias\/leao-xiv-na-audiencia-geral-mesmo-falhando-para-deus-seremos-filhos-sempre-amados.html#primaryimage","url":"https:\/\/franciscanos.org.br\/noticias\/wp-content\/uploads\/2025\/08\/chamada-19.png","contentUrl":"https:\/\/franciscanos.org.br\/noticias\/wp-content\/uploads\/2025\/08\/chamada-19.png","width":800,"height":550},{"@type":"WebPage","@id":"https:\/\/franciscanos.org.br\/noticias\/leao-xiv-na-audiencia-geral-mesmo-falhando-para-deus-seremos-filhos-sempre-amados.html#webpage","url":"https:\/\/franciscanos.org.br\/noticias\/leao-xiv-na-audiencia-geral-mesmo-falhando-para-deus-seremos-filhos-sempre-amados.html","name":"Le\u00e3o XIV na Audi\u00eancia Geral: mesmo falhando, para Deus, seremos filhos sempre amados - Not\u00edcias - Franciscanos","isPartOf":{"@id":"https:\/\/franciscanos.org.br\/noticias\/#website"},"primaryImageOfPage":{"@id":"https:\/\/franciscanos.org.br\/noticias\/leao-xiv-na-audiencia-geral-mesmo-falhando-para-deus-seremos-filhos-sempre-amados.html#primaryimage"},"datePublished":"2025-08-13T12:22:59+00:00","dateModified":"2025-09-12T11:17:19+00:00","author":{"@id":"https:\/\/franciscanos.org.br\/noticias\/#\/schema\/person\/d9422e83121c3ad3b0f423d195f5bb25"},"breadcrumb":{"@id":"https:\/\/franciscanos.org.br\/noticias\/leao-xiv-na-audiencia-geral-mesmo-falhando-para-deus-seremos-filhos-sempre-amados.html#breadcrumb"},"inLanguage":"pt-BR","potentialAction":[{"@type":"ReadAction","target":["https:\/\/franciscanos.org.br\/noticias\/leao-xiv-na-audiencia-geral-mesmo-falhando-para-deus-seremos-filhos-sempre-amados.html"]}]},{"@type":"BreadcrumbList","@id":"https:\/\/franciscanos.org.br\/noticias\/leao-xiv-na-audiencia-geral-mesmo-falhando-para-deus-seremos-filhos-sempre-amados.html#breadcrumb","itemListElement":[{"@type":"ListItem","position":1,"name":"Home","item":"https:\/\/franciscanos.org.br\/noticias"},{"@type":"ListItem","position":2,"name":"Le\u00e3o XIV na Audi\u00eancia Geral: mesmo falhando, para Deus, seremos filhos sempre amados"}]},{"@type":"Person","@id":"https:\/\/franciscanos.org.br\/noticias\/#\/schema\/person\/d9422e83121c3ad3b0f423d195f5bb25","name":"Adriana Rabelo","image":{"@type":"ImageObject","inLanguage":"pt-BR","@id":"https:\/\/franciscanos.org.br\/noticias\/#\/schema\/person\/image\/","url":"https:\/\/secure.gravatar.com\/avatar\/0a937b7500cd7df77540cfb8bede877d?s=96&d=mm&r=g","contentUrl":"https:\/\/secure.gravatar.com\/avatar\/0a937b7500cd7df77540cfb8bede877d?s=96&d=mm&r=g","caption":"Adriana Rabelo"},"url":"https:\/\/franciscanos.org.br\/noticias\/author\/adrianarabelo"}]}},"_links":{"self":[{"href":"https:\/\/franciscanos.org.br\/noticias\/wp-json\/wp\/v2\/posts\/259451"}],"collection":[{"href":"https:\/\/franciscanos.org.br\/noticias\/wp-json\/wp\/v2\/posts"}],"about":[{"href":"https:\/\/franciscanos.org.br\/noticias\/wp-json\/wp\/v2\/types\/post"}],"author":[{"embeddable":true,"href":"https:\/\/franciscanos.org.br\/noticias\/wp-json\/wp\/v2\/users\/11"}],"replies":[{"embeddable":true,"href":"https:\/\/franciscanos.org.br\/noticias\/wp-json\/wp\/v2\/comments?post=259451"}],"version-history":[{"count":1,"href":"https:\/\/franciscanos.org.br\/noticias\/wp-json\/wp\/v2\/posts\/259451\/revisions"}],"predecessor-version":[{"id":259456,"href":"https:\/\/franciscanos.org.br\/noticias\/wp-json\/wp\/v2\/posts\/259451\/revisions\/259456"}],"wp:featuredmedia":[{"embeddable":true,"href":"https:\/\/franciscanos.org.br\/noticias\/wp-json\/wp\/v2\/media\/259452"}],"wp:attachment":[{"href":"https:\/\/franciscanos.org.br\/noticias\/wp-json\/wp\/v2\/media?parent=259451"}],"wp:term":[{"taxonomy":"category","embeddable":true,"href":"https:\/\/franciscanos.org.br\/noticias\/wp-json\/wp\/v2\/categories?post=259451"},{"taxonomy":"post_tag","embeddable":true,"href":"https:\/\/franciscanos.org.br\/noticias\/wp-json\/wp\/v2\/tags?post=259451"}],"curies":[{"name":"wp","href":"https:\/\/api.w.org\/{rel}","templated":true}]}}