{"id":25943,"date":"2012-10-08T07:18:58","date_gmt":"2012-10-08T10:18:58","guid":{"rendered":"http:\/\/new.franciscanos.org.br\/?p=25943"},"modified":"2020-01-21T07:36:36","modified_gmt":"2020-01-21T10:36:36","slug":"sao-francisco-e-celebrado-com-festa-e-devocao-em-duque-de-caxias","status":"publish","type":"post","link":"https:\/\/franciscanos.org.br\/noticias\/sao-francisco-e-celebrado-com-festa-e-devocao-em-duque-de-caxias.html","title":{"rendered":"S\u00e3o Francisco \u00e9 celebrado com festa e devo\u00e7\u00e3o em Duque de Caxias"},"content":{"rendered":"<p><strong><img loading=\"lazy\" class=\"alignright size-full wp-image-25944\" title=\"3763_081012\" src=\"http:\/\/franciscanos.org.br\/wp-content\/uploads\/2012\/10\/3763_081012.jpg\" alt=\"\" width=\"400\" height=\"300\" \/><\/strong><br \/>\nCentenas de pessoas estiveram na Catedral de Santo Ant\u00f4nio de Duque de Caxias (RJ) para celebrar e festejar S\u00e3o Francisco de Assis na Missa promovida pelo Col\u00e9gio S\u00e3o Francisco, obra da Prov\u00edncia da Imaculada Concei\u00e7\u00e3o do Brasil, e com a participa\u00e7\u00e3o da Fraternidade Santo Ant\u00f4nio, da Ordem Franciscana Secular (OFS).<\/p>\n<p>A celebra\u00e7\u00e3o foi presidida pelo Administrador da Diocese de Duque de Caxias e S\u00e3o Jo\u00e3o de Meriti, padre Renato Gentille, e concelebrada pelo Frei Walter Ferreira J\u00fanior, OFM, p\u00e1roco da Par\u00f3quia S\u00e3o Jo\u00e3o Batista de S\u00e3o Jo\u00e3o de Meriti, e pelo di\u00e1cono permanente Jo\u00e3o Quirino. Al\u00e9m dos professores, alunos, familiares e colaboradores, a cerim\u00f4nia atraiu devotos do santo e irm\u00e3os da OFS que foram festejar a data e comemorar os 52 anos de vida fraterna da Fraternidade Santo Ant\u00f4nio.<\/p>\n<p>A celebra\u00e7\u00e3o faz parte da programa\u00e7\u00e3o da Semana Franciscana promovida pela OFS que tem como objetivos difundir o carisma franciscano na Catedral de Santo Ant\u00f4nio e tornar presente as ra\u00edzes da presen\u00e7a franciscana na Baixada Fluminense.<\/p>\n<p>Em sua homilia, frei Walter destacou a alegria celebrar a festa de S\u00e3o Francisco que foi considerado no s\u00e9culo passado o homem do mil\u00eanio e que ainda hoje encanta as pessoas pelo modo de vida por ele vivido. Frei Walter fez uma reflex\u00e3o sobre o itiner\u00e1rio vocacionalde Francisco e real\u00e7ou que a grande descoberta da vida do santo foi ter encontrado Jesus Cristo no Evangelho. O seu desejo de conhecer e viver a mensagem de Cristo no Evangelho transformou para sempre a vida de Francisco e o fez descobrir a presen\u00e7a viva de Cristo em sua vida e tamb\u00e9m a encontr\u00e1-la na vida das crian\u00e7as, dos idosos e dos leprosos de sua \u00e9poca.<\/p>\n<p>Francisco descobriu a presen\u00e7a de Deus e sua infinita bondade em toda a obra da Cria\u00e7\u00e3o, pois Deus criou o homem e o colocou na terra para dominar todos os seres vivos e celebrar a gl\u00f3ria do Criador. Frei Walter encerrou sua homilia convidando os fi\u00e9is a fazer a mesma descoberta do Cristo vivo feita por S\u00e3o Francisco no Evangelho.<\/p>\n<p>No encerramento da celebra\u00e7\u00e3o os alunos do Col\u00e9gio S\u00e3o Francisco encenaram um musical narrando os momentos mais marcantes da vida do santo de Assis desde seu nascimento, passando pela sua convers\u00e3o e o chamado de Cristo atrav\u00e9s do Crucifixo de S\u00e3o Dami\u00e3o, sua experi\u00eancia fraterna com os frades e a convers\u00e3o da jovem Clara de Assis.<\/p>\n<p>A celebra\u00e7\u00e3o foi encerrada com a comemora\u00e7\u00e3o dos aniversariantes e a tradicional B\u00ean\u00e7\u00e3o de S\u00e3o Francisco. Ap\u00f3s a Santa Missa, muitos dos presentes trouxeram seus animais de estima\u00e7\u00e3o para serem aben\u00e7oados e louvar o Alt\u00edssimo e Bom Senhor pelo dom da vida e por toda a obra da Cria\u00e7\u00e3o.<\/p>\n<p><strong><img loading=\"lazy\" class=\"alignleft size-full wp-image-25945\" title=\"3764_081012\" src=\"http:\/\/franciscanos.org.br\/wp-content\/uploads\/2012\/10\/3764_081012.jpg\" alt=\"\" width=\"400\" height=\"300\" \/>Hist\u00f3rico da Fraternidade Santo Ant\u00f4nio<\/strong><br \/>\nA Fraternidade Santo Ant\u00f4nio foi erigida canonicamente em 03 de outubro de 1960, autorizada por Dom Manoel Pedro da Cunha Cintra, bispo da Diocese de Petr\u00f3polis, conforme licen\u00e7a assinada em 17 de setembro de 1960 pelo Monsenhor Gentil Costa, Secret\u00e1rio do Bispado, pois a \u00e9poca, a Cidade de Duque de Caxias pertencia a Diocese de Petr\u00f3polis. No dia 02 de outubro de 1960, frei Matheus Hoepers, OFM, que a \u00e9poca exercia o cargo de Comiss\u00e1rio Provincial da Prov\u00edncia da Imaculada Concei\u00e7\u00e3o do Brasil, redigiu de pr\u00f3prio punho o termo de ere\u00e7\u00e3o can\u00f4nica da Fraternidade da Ordem Terceira em Duque de Caxias que, \u201csob a invoca\u00e7\u00e3o e patroc\u00ednio de Santo Ant\u00f4nio, estando presentes como testemunhas o R. Padre Superior e Vig\u00e1rio Frei Teodoro Zimmermann e o R. Padre Diretor Frei Urbano Monteiro\u201d.<\/p>\n<p>Somam-se aos esfor\u00e7os dos frades, as ora\u00e7\u00f5es e o empenho de valorosos irm\u00e3os da Fraternidade S\u00e3o Sebasti\u00e3o dos frades capuchinhos e Santo Ant\u00f4nio do Convento do Largo da Carioca, ambas no Rio de Janeiro. Estes precederam a fraternidade na caminhada e contribu\u00edram para a funda\u00e7\u00e3o da Fraternidade Santo Ant\u00f4nio, e assim proporcionar ao povo de Duque de Caxias o seguimento do Santo Evangelho de Nosso Senhor Jesus Cristo nos passos de S\u00e3o Francisco de Assis.<\/p>\n<p>Frei Urbano Monteiro, primeiro assistente espiritual, deixou registrado, \u00e0 \u00e9poca, no livro de cr\u00f4nicas da fraternidade sua expectativa sobre a funda\u00e7\u00e3o da Fraternidade Santo Ant\u00f4nio de Duque de Caxias: \u201cA semente \u00e9 pequena, como o gr\u00e3o de mostarda da par\u00e1bola do Divino Mestre. Mas o zelo e o fervor dos primeiros nos levam \u00e0 esperan\u00e7a de que num dia n\u00e3o muito remoto a \u00e1rvore seja frondosa. Deus assim o permita, para sua maior gl\u00f3ria e santifica\u00e7\u00e3o e edifica\u00e7\u00e3o de muitas almas\u201d.<\/p>\n","protected":false},"excerpt":{"rendered":"<p>Ordem Franciscana Secular<\/p>\n","protected":false},"author":1,"featured_media":213381,"comment_status":"closed","ping_status":"open","sticky":false,"template":"","format":"standard","meta":[],"categories":[1],"tags":[60],"acf":[],"yoast_head":"<!-- This site is optimized with the Yoast SEO plugin v19.2 - https:\/\/yoast.com\/wordpress\/plugins\/seo\/ -->\n<title>S\u00e3o Francisco \u00e9 celebrado com festa e devo\u00e7\u00e3o em Duque de Caxias - Not\u00edcias - Franciscanos<\/title>\n<meta name=\"robots\" content=\"index, follow, max-snippet:-1, max-image-preview:large, max-video-preview:-1\" \/>\n<link rel=\"canonical\" href=\"https:\/\/franciscanos.org.br\/noticias\/sao-francisco-e-celebrado-com-festa-e-devocao-em-duque-de-caxias.html\" \/>\n<meta property=\"og:locale\" content=\"pt_BR\" \/>\n<meta property=\"og:type\" content=\"article\" \/>\n<meta property=\"og:title\" content=\"S\u00e3o Francisco \u00e9 celebrado com festa e devo\u00e7\u00e3o em Duque de Caxias - Not\u00edcias - Franciscanos\" \/>\n<meta property=\"og:description\" content=\"Ordem Franciscana Secular\" \/>\n<meta property=\"og:url\" content=\"https:\/\/franciscanos.org.br\/noticias\/sao-francisco-e-celebrado-com-festa-e-devocao-em-duque-de-caxias.html\" \/>\n<meta property=\"og:site_name\" content=\"Not\u00edcias - Franciscanos\" \/>\n<meta property=\"article:published_time\" content=\"2012-10-08T10:18:58+00:00\" \/>\n<meta property=\"article:modified_time\" content=\"2020-01-21T10:36:36+00:00\" \/>\n<meta property=\"og:image\" content=\"https:\/\/franciscanos.org.br\/noticias\/wp-content\/uploads\/2012\/10\/3764_081012.jpg\" \/>\n\t<meta property=\"og:image:width\" content=\"273\" \/>\n\t<meta property=\"og:image:height\" content=\"181\" \/>\n\t<meta property=\"og:image:type\" content=\"image\/jpeg\" \/>\n<meta name=\"author\" content=\"admin\" \/>\n<meta name=\"twitter:card\" content=\"summary_large_image\" \/>\n<meta name=\"twitter:label1\" content=\"Escrito por\" \/>\n\t<meta name=\"twitter:data1\" content=\"admin\" \/>\n\t<meta name=\"twitter:label2\" content=\"Est. tempo de leitura\" \/>\n\t<meta name=\"twitter:data2\" content=\"4 minutos\" \/>\n<script type=\"application\/ld+json\" class=\"yoast-schema-graph\">{\"@context\":\"https:\/\/schema.org\",\"@graph\":[{\"@type\":\"WebSite\",\"@id\":\"https:\/\/franciscanos.org.br\/noticias\/#website\",\"url\":\"https:\/\/franciscanos.org.br\/noticias\/\",\"name\":\"Not\u00edcias - Franciscanos\",\"description\":\"Prov\u00edncia Franciscana da Imaculada Concei\u00e7\u00e3o do Brasil - Ordem dos Frades Menores - OFM\",\"potentialAction\":[{\"@type\":\"SearchAction\",\"target\":{\"@type\":\"EntryPoint\",\"urlTemplate\":\"https:\/\/franciscanos.org.br\/noticias\/?s={search_term_string}\"},\"query-input\":\"required name=search_term_string\"}],\"inLanguage\":\"pt-BR\"},{\"@type\":\"ImageObject\",\"inLanguage\":\"pt-BR\",\"@id\":\"https:\/\/franciscanos.org.br\/noticias\/sao-francisco-e-celebrado-com-festa-e-devocao-em-duque-de-caxias.html#primaryimage\",\"url\":\"https:\/\/franciscanos.org.br\/noticias\/wp-content\/uploads\/2012\/10\/3764_081012.jpg\",\"contentUrl\":\"https:\/\/franciscanos.org.br\/noticias\/wp-content\/uploads\/2012\/10\/3764_081012.jpg\",\"width\":273,\"height\":181},{\"@type\":\"WebPage\",\"@id\":\"https:\/\/franciscanos.org.br\/noticias\/sao-francisco-e-celebrado-com-festa-e-devocao-em-duque-de-caxias.html#webpage\",\"url\":\"https:\/\/franciscanos.org.br\/noticias\/sao-francisco-e-celebrado-com-festa-e-devocao-em-duque-de-caxias.html\",\"name\":\"S\u00e3o Francisco \u00e9 celebrado com festa e devo\u00e7\u00e3o em Duque de Caxias - Not\u00edcias - Franciscanos\",\"isPartOf\":{\"@id\":\"https:\/\/franciscanos.org.br\/noticias\/#website\"},\"primaryImageOfPage\":{\"@id\":\"https:\/\/franciscanos.org.br\/noticias\/sao-francisco-e-celebrado-com-festa-e-devocao-em-duque-de-caxias.html#primaryimage\"},\"datePublished\":\"2012-10-08T10:18:58+00:00\",\"dateModified\":\"2020-01-21T10:36:36+00:00\",\"author\":{\"@id\":\"https:\/\/franciscanos.org.br\/noticias\/#\/schema\/person\/b38fbf43118f02820bd932f2e4b14ad3\"},\"breadcrumb\":{\"@id\":\"https:\/\/franciscanos.org.br\/noticias\/sao-francisco-e-celebrado-com-festa-e-devocao-em-duque-de-caxias.html#breadcrumb\"},\"inLanguage\":\"pt-BR\",\"potentialAction\":[{\"@type\":\"ReadAction\",\"target\":[\"https:\/\/franciscanos.org.br\/noticias\/sao-francisco-e-celebrado-com-festa-e-devocao-em-duque-de-caxias.html\"]}]},{\"@type\":\"BreadcrumbList\",\"@id\":\"https:\/\/franciscanos.org.br\/noticias\/sao-francisco-e-celebrado-com-festa-e-devocao-em-duque-de-caxias.html#breadcrumb\",\"itemListElement\":[{\"@type\":\"ListItem\",\"position\":1,\"name\":\"Home\",\"item\":\"https:\/\/franciscanos.org.br\/noticias\"},{\"@type\":\"ListItem\",\"position\":2,\"name\":\"S\u00e3o Francisco \u00e9 celebrado com festa e devo\u00e7\u00e3o em Duque de Caxias\"}]},{\"@type\":\"Person\",\"@id\":\"https:\/\/franciscanos.org.br\/noticias\/#\/schema\/person\/b38fbf43118f02820bd932f2e4b14ad3\",\"name\":\"admin\",\"image\":{\"@type\":\"ImageObject\",\"inLanguage\":\"pt-BR\",\"@id\":\"https:\/\/franciscanos.org.br\/noticias\/#\/schema\/person\/image\/\",\"url\":\"https:\/\/secure.gravatar.com\/avatar\/e8495742d34d0ba6448ea1c628263b3e?s=96&d=mm&r=g\",\"contentUrl\":\"https:\/\/secure.gravatar.com\/avatar\/e8495742d34d0ba6448ea1c628263b3e?s=96&d=mm&r=g\",\"caption\":\"admin\"},\"url\":\"https:\/\/franciscanos.org.br\/noticias\/author\/admin\"}]}<\/script>\n<!-- \/ Yoast SEO plugin. -->","yoast_head_json":{"title":"S\u00e3o Francisco \u00e9 celebrado com festa e devo\u00e7\u00e3o em Duque de Caxias - Not\u00edcias - Franciscanos","robots":{"index":"index","follow":"follow","max-snippet":"max-snippet:-1","max-image-preview":"max-image-preview:large","max-video-preview":"max-video-preview:-1"},"canonical":"https:\/\/franciscanos.org.br\/noticias\/sao-francisco-e-celebrado-com-festa-e-devocao-em-duque-de-caxias.html","og_locale":"pt_BR","og_type":"article","og_title":"S\u00e3o Francisco \u00e9 celebrado com festa e devo\u00e7\u00e3o em Duque de Caxias - Not\u00edcias - Franciscanos","og_description":"Ordem Franciscana Secular","og_url":"https:\/\/franciscanos.org.br\/noticias\/sao-francisco-e-celebrado-com-festa-e-devocao-em-duque-de-caxias.html","og_site_name":"Not\u00edcias - Franciscanos","article_published_time":"2012-10-08T10:18:58+00:00","article_modified_time":"2020-01-21T10:36:36+00:00","og_image":[{"width":273,"height":181,"url":"https:\/\/franciscanos.org.br\/noticias\/wp-content\/uploads\/2012\/10\/3764_081012.jpg","type":"image\/jpeg"}],"author":"admin","twitter_card":"summary_large_image","twitter_misc":{"Escrito por":"admin","Est. tempo de leitura":"4 minutos"},"schema":{"@context":"https:\/\/schema.org","@graph":[{"@type":"WebSite","@id":"https:\/\/franciscanos.org.br\/noticias\/#website","url":"https:\/\/franciscanos.org.br\/noticias\/","name":"Not\u00edcias - Franciscanos","description":"Prov\u00edncia Franciscana da Imaculada Concei\u00e7\u00e3o do Brasil - Ordem dos Frades Menores - OFM","potentialAction":[{"@type":"SearchAction","target":{"@type":"EntryPoint","urlTemplate":"https:\/\/franciscanos.org.br\/noticias\/?s={search_term_string}"},"query-input":"required name=search_term_string"}],"inLanguage":"pt-BR"},{"@type":"ImageObject","inLanguage":"pt-BR","@id":"https:\/\/franciscanos.org.br\/noticias\/sao-francisco-e-celebrado-com-festa-e-devocao-em-duque-de-caxias.html#primaryimage","url":"https:\/\/franciscanos.org.br\/noticias\/wp-content\/uploads\/2012\/10\/3764_081012.jpg","contentUrl":"https:\/\/franciscanos.org.br\/noticias\/wp-content\/uploads\/2012\/10\/3764_081012.jpg","width":273,"height":181},{"@type":"WebPage","@id":"https:\/\/franciscanos.org.br\/noticias\/sao-francisco-e-celebrado-com-festa-e-devocao-em-duque-de-caxias.html#webpage","url":"https:\/\/franciscanos.org.br\/noticias\/sao-francisco-e-celebrado-com-festa-e-devocao-em-duque-de-caxias.html","name":"S\u00e3o Francisco \u00e9 celebrado com festa e devo\u00e7\u00e3o em Duque de Caxias - Not\u00edcias - Franciscanos","isPartOf":{"@id":"https:\/\/franciscanos.org.br\/noticias\/#website"},"primaryImageOfPage":{"@id":"https:\/\/franciscanos.org.br\/noticias\/sao-francisco-e-celebrado-com-festa-e-devocao-em-duque-de-caxias.html#primaryimage"},"datePublished":"2012-10-08T10:18:58+00:00","dateModified":"2020-01-21T10:36:36+00:00","author":{"@id":"https:\/\/franciscanos.org.br\/noticias\/#\/schema\/person\/b38fbf43118f02820bd932f2e4b14ad3"},"breadcrumb":{"@id":"https:\/\/franciscanos.org.br\/noticias\/sao-francisco-e-celebrado-com-festa-e-devocao-em-duque-de-caxias.html#breadcrumb"},"inLanguage":"pt-BR","potentialAction":[{"@type":"ReadAction","target":["https:\/\/franciscanos.org.br\/noticias\/sao-francisco-e-celebrado-com-festa-e-devocao-em-duque-de-caxias.html"]}]},{"@type":"BreadcrumbList","@id":"https:\/\/franciscanos.org.br\/noticias\/sao-francisco-e-celebrado-com-festa-e-devocao-em-duque-de-caxias.html#breadcrumb","itemListElement":[{"@type":"ListItem","position":1,"name":"Home","item":"https:\/\/franciscanos.org.br\/noticias"},{"@type":"ListItem","position":2,"name":"S\u00e3o Francisco \u00e9 celebrado com festa e devo\u00e7\u00e3o em Duque de Caxias"}]},{"@type":"Person","@id":"https:\/\/franciscanos.org.br\/noticias\/#\/schema\/person\/b38fbf43118f02820bd932f2e4b14ad3","name":"admin","image":{"@type":"ImageObject","inLanguage":"pt-BR","@id":"https:\/\/franciscanos.org.br\/noticias\/#\/schema\/person\/image\/","url":"https:\/\/secure.gravatar.com\/avatar\/e8495742d34d0ba6448ea1c628263b3e?s=96&d=mm&r=g","contentUrl":"https:\/\/secure.gravatar.com\/avatar\/e8495742d34d0ba6448ea1c628263b3e?s=96&d=mm&r=g","caption":"admin"},"url":"https:\/\/franciscanos.org.br\/noticias\/author\/admin"}]}},"_links":{"self":[{"href":"https:\/\/franciscanos.org.br\/noticias\/wp-json\/wp\/v2\/posts\/25943"}],"collection":[{"href":"https:\/\/franciscanos.org.br\/noticias\/wp-json\/wp\/v2\/posts"}],"about":[{"href":"https:\/\/franciscanos.org.br\/noticias\/wp-json\/wp\/v2\/types\/post"}],"author":[{"embeddable":true,"href":"https:\/\/franciscanos.org.br\/noticias\/wp-json\/wp\/v2\/users\/1"}],"replies":[{"embeddable":true,"href":"https:\/\/franciscanos.org.br\/noticias\/wp-json\/wp\/v2\/comments?post=25943"}],"version-history":[{"count":0,"href":"https:\/\/franciscanos.org.br\/noticias\/wp-json\/wp\/v2\/posts\/25943\/revisions"}],"wp:featuredmedia":[{"embeddable":true,"href":"https:\/\/franciscanos.org.br\/noticias\/wp-json\/wp\/v2\/media\/213381"}],"wp:attachment":[{"href":"https:\/\/franciscanos.org.br\/noticias\/wp-json\/wp\/v2\/media?parent=25943"}],"wp:term":[{"taxonomy":"category","embeddable":true,"href":"https:\/\/franciscanos.org.br\/noticias\/wp-json\/wp\/v2\/categories?post=25943"},{"taxonomy":"post_tag","embeddable":true,"href":"https:\/\/franciscanos.org.br\/noticias\/wp-json\/wp\/v2\/tags?post=25943"}],"curies":[{"name":"wp","href":"https:\/\/api.w.org\/{rel}","templated":true}]}}