{"id":259410,"date":"2025-08-12T15:58:12","date_gmt":"2025-08-12T18:58:12","guid":{"rendered":"https:\/\/franciscanos.org.br\/noticias\/?p=259410"},"modified":"2025-08-20T10:51:09","modified_gmt":"2025-08-20T13:51:09","slug":"rede-celinauta-inicia-nova-fase-e-apresenta-a-tv-celinauta-no-dia-de-santa-clara-padroeira-da-televisao","status":"publish","type":"post","link":"https:\/\/franciscanos.org.br\/noticias\/rede-celinauta-inicia-nova-fase-e-apresenta-a-tv-celinauta-no-dia-de-santa-clara-padroeira-da-televisao.html","title":{"rendered":"Rede Celinauta inicia nova fase e apresenta a TV Celinauta no dia de Santa Clara, padroeira da televis\u00e3o"},"content":{"rendered":"<p><img loading=\"lazy\" class=\"aligncenter wp-image-259427 size-full\" src=\"https:\/\/franciscanos.org.br\/noticias\/wp-content\/uploads\/2025\/08\/principal.png\" alt=\"\" width=\"1280\" height=\"720\" srcset=\"https:\/\/franciscanos.org.br\/noticias\/wp-content\/uploads\/2025\/08\/principal.png 1280w, https:\/\/franciscanos.org.br\/noticias\/wp-content\/uploads\/2025\/08\/principal-450x253.png 450w, https:\/\/franciscanos.org.br\/noticias\/wp-content\/uploads\/2025\/08\/principal-1024x576.png 1024w, https:\/\/franciscanos.org.br\/noticias\/wp-content\/uploads\/2025\/08\/principal-768x432.png 768w, https:\/\/franciscanos.org.br\/noticias\/wp-content\/uploads\/2025\/08\/principal-150x84.png 150w\" sizes=\"(max-width: 1280px) 100vw, 1280px\" \/><\/p>\n<p>Na manh\u00e3 desta segunda-feira (11), a Rede Celinauta de Comunica\u00e7\u00e3o oficializou a troca de nome de TV Sudoeste para TV Celinauta<strong>,<\/strong> a TV da Nossa Casa, marcando um novo cap\u00edtulo na hist\u00f3ria da emissora, que h\u00e1 38 anos integra a vida de milhares de pessoas. A oficializa\u00e7\u00e3o iniciou com uma missa em homenagem ao Dia de Santa Clara de Assis<strong>,<\/strong> padroeira da televis\u00e3o, celebrada pelo Frei M\u00e1rio Luiz Tagliari, presidente da Funda\u00e7\u00e3o Cultural Celinauta,\u00a0 com transmiss\u00e3o ao vivo diretamente da Igreja Matriz S\u00e3o Pedro Ap\u00f3stolo.<\/p>\n\n\t\t<style type=\"text\/css\">\n\t\t\t#gallery-1 {\n\t\t\t\tmargin: auto;\n\t\t\t}\n\t\t\t#gallery-1 .gallery-item {\n\t\t\t\tfloat: left;\n\t\t\t\tmargin-top: 10px;\n\t\t\t\ttext-align: center;\n\t\t\t\twidth: 33%;\n\t\t\t}\n\t\t\t#gallery-1 img {\n\t\t\t\tborder: 2px solid #cfcfcf;\n\t\t\t}\n\t\t\t#gallery-1 .gallery-caption {\n\t\t\t\tmargin-left: 0;\n\t\t\t}\n\t\t\t\/* see gallery_shortcode() in wp-includes\/media.php *\/\n\t\t<\/style>\n\t\t<div id='gallery-1' class='gallery galleryid-259410 gallery-columns-3 gallery-size-thumbnail'><dl class='gallery-item'>\n\t\t\t<dt class='gallery-icon landscape'>\n\t\t\t\t<a href='https:\/\/franciscanos.org.br\/noticias\/wp-content\/uploads\/2025\/08\/11.png'><img width=\"300\" height=\"300\" src=\"https:\/\/franciscanos.org.br\/noticias\/wp-content\/uploads\/2025\/08\/11-300x300.png\" class=\"attachment-thumbnail size-thumbnail\" alt=\"\" loading=\"lazy\" srcset=\"https:\/\/franciscanos.org.br\/noticias\/wp-content\/uploads\/2025\/08\/11-300x300.png 300w, https:\/\/franciscanos.org.br\/noticias\/wp-content\/uploads\/2025\/08\/11-100x100.png 100w\" sizes=\"(max-width: 300px) 100vw, 300px\" \/><\/a>\n\t\t\t<\/dt><\/dl><dl class='gallery-item'>\n\t\t\t<dt class='gallery-icon landscape'>\n\t\t\t\t<a href='https:\/\/franciscanos.org.br\/noticias\/wp-content\/uploads\/2025\/08\/4-3.png'><img width=\"300\" height=\"300\" src=\"https:\/\/franciscanos.org.br\/noticias\/wp-content\/uploads\/2025\/08\/4-3-300x300.png\" class=\"attachment-thumbnail size-thumbnail\" alt=\"\" loading=\"lazy\" srcset=\"https:\/\/franciscanos.org.br\/noticias\/wp-content\/uploads\/2025\/08\/4-3-300x300.png 300w, https:\/\/franciscanos.org.br\/noticias\/wp-content\/uploads\/2025\/08\/4-3-100x100.png 100w\" sizes=\"(max-width: 300px) 100vw, 300px\" \/><\/a>\n\t\t\t<\/dt><\/dl><dl class='gallery-item'>\n\t\t\t<dt class='gallery-icon landscape'>\n\t\t\t\t<a href='https:\/\/franciscanos.org.br\/noticias\/wp-content\/uploads\/2025\/08\/materia-3-5.png'><img width=\"300\" height=\"300\" src=\"https:\/\/franciscanos.org.br\/noticias\/wp-content\/uploads\/2025\/08\/materia-3-5-300x300.png\" class=\"attachment-thumbnail size-thumbnail\" alt=\"\" loading=\"lazy\" srcset=\"https:\/\/franciscanos.org.br\/noticias\/wp-content\/uploads\/2025\/08\/materia-3-5-300x300.png 300w, https:\/\/franciscanos.org.br\/noticias\/wp-content\/uploads\/2025\/08\/materia-3-5-100x100.png 100w\" sizes=\"(max-width: 300px) 100vw, 300px\" \/><\/a>\n\t\t\t<\/dt><\/dl><br style=\"clear: both\" \/>\n\t\t<\/div>\n\n<p>Ap\u00f3s a Santa Missa das 7h, presidida por Frei M\u00e1rio Luiz Tagliari e concelebrada pelos frades presentes, foi realizada a cerim\u00f4nia de inaugura\u00e7\u00e3o da TV Celinauta. Durante o evento, foram apresentadas a nova identidade visual da emissora, os novos est\u00fadios, cen\u00e1rios e programas, seguidos de um caf\u00e9 da manh\u00e3 na sede da Obra. Estiveram presentes diretores da emissora, colaboradores, empres\u00e1rios e representantes da comunidade local. Autoridades pol\u00edticas e civis tamb\u00e9m marcaram presen\u00e7a, refor\u00e7ando a import\u00e2ncia da emissora para a regi\u00e3o.<\/p>\n<p><iframe loading=\"lazy\" title=\"YouTube video player\" src=\"https:\/\/www.youtube.com\/embed\/AfJ65Y8dJ8o?si=4HoosrmXvFWeTy11\" width=\"100%\" height=\"480\" frameborder=\"0\" allowfullscreen=\"allowfullscreen\"><span data-mce-type=\"bookmark\" style=\"display: inline-block; width: 0px; overflow: hidden; line-height: 0;\" class=\"mce_SELRES_start\">\ufeff<\/span><\/iframe><\/p>\n<p>Frei M\u00e1rio informou na cerim\u00f4nia de inaugura\u00e7\u00e3o que a troca de nome para TV Celinauta ocorreu porque j\u00e1 havia outra TV registrada na Bahia, como TV Sudoeste. Ele destacou o empenho dos colaboradores no processo da troca de nome. \u201cChegamos at\u00e9 aqui ap\u00f3s um processo bastante longo, que recebeu contribui\u00e7\u00e3o de todos. A TV Celinauta \u00e9 fruto de um trabalho conjunto de todos os colaboradores, que h\u00e1 mais de dois anos se reuniram muitas vezes em grupos tem\u00e1ticos para projetar, idealizar e sonhar juntos essa nova televis\u00e3o, que n\u00e3o \u00e9 s\u00f3 uma pl\u00e1stica nova, mas que cada um assumiu o compromisso de tamb\u00e9m ser novo, ser nova, fazer uma nova televis\u00e3o. A nossa miss\u00e3o e nossa voca\u00e7\u00e3o se confundem exatamente com a evangeliza\u00e7\u00e3o franciscana, porque \u00e9 nossa principal miss\u00e3o. Hoje \u00e9 o come\u00e7o de uma nova p\u00e1gina na hist\u00f3ria da TV, que h\u00e1 38 anos vem se modernizando, acompanhando a evolu\u00e7\u00e3o tecnol\u00f3gica e os desafios decorrentes da era digital e, porque n\u00e3o dizer, recentemente da Intelig\u00eancia Artificial. Muito teremos ainda pela frente para os pr\u00f3ximos 38 anos ou mais se assim Deus permitir. Sintam-se em casa na TV da Nossa Casa, a TV que tem a ousadia de \u00a0querer ser tamb\u00e9m a TV que divulga e vive a paz e o bem\u201d completou.<\/p>\n<p><img loading=\"lazy\" class=\"aligncenter wp-image-259423 size-full\" src=\"https:\/\/franciscanos.org.br\/noticias\/wp-content\/uploads\/2025\/08\/materia-3-4.png\" alt=\"\" width=\"1280\" height=\"720\" srcset=\"https:\/\/franciscanos.org.br\/noticias\/wp-content\/uploads\/2025\/08\/materia-3-4.png 1280w, https:\/\/franciscanos.org.br\/noticias\/wp-content\/uploads\/2025\/08\/materia-3-4-450x253.png 450w, https:\/\/franciscanos.org.br\/noticias\/wp-content\/uploads\/2025\/08\/materia-3-4-1024x576.png 1024w, https:\/\/franciscanos.org.br\/noticias\/wp-content\/uploads\/2025\/08\/materia-3-4-768x432.png 768w, https:\/\/franciscanos.org.br\/noticias\/wp-content\/uploads\/2025\/08\/materia-3-4-150x84.png 150w\" sizes=\"(max-width: 1280px) 100vw, 1280px\" \/><\/p>\n<p>Frei Paulo Roberto Pereira, Ministro provincial da Prov\u00edncia Franciscana da Imaculada Concei\u00e7\u00e3o cumprimentou todos os presentes na cerim\u00f4nia de inaugura\u00e7\u00e3o e afirmou que fazer comunica\u00e7\u00e3o \u00e9 reunir o esfor\u00e7o, a criatividade e a boa vontade de tanta gente. \u201cReunidas as boas vontades, reunidos os ideais n\u00f3s podemos oferecer voz \u00e0queles que n\u00e3o t\u00eam voz. Essa \u00e9 a tarefa nossa. Hoje multiplicam-se os especialistas em todas as \u00e1reas, multiplicam-se os comunicadores, que falam sem fazer aquilo que n\u00f3s ouvimos na abertura do nosso encontro. Antes de falar, os profissionais da Rede Celinauta, da TV Celinauta, devem ouvir, estar atentos \u00e0s necessidades, \u00e0s dores, \u00e0s alegrias. Refletir, traduzir pra depois, ent\u00e3o, anunciar. Hoje n\u00f3s sofremos muito\u00a0 com as mentiras espalhadas, n\u00f3s sofremos muito com os cancelamentos e com a crueldade. As hist\u00f3rias s\u00e3o negadas, s\u00e3o ofendidas, as hist\u00f3rias pessoais, os projetos \u2014 que s\u00e3o projetos de todos \u2014 s\u00e3o amea\u00e7ados pela crueldade do ju\u00edzo temer\u00e1rio. Sem filtrar, sem refletir as pessoas saem falando a partir da vis\u00e3o de mundo que somente elas tem. E n\u00e3o \u00e9 esse o trabalho do comunicador. O comunicador deve, antes de tudo, ser aquele que percebe a realidade, que sonda os sonhos, que percebe a possibilidade de crescer juntos com aquilo que se anuncia. Esse \u00e9 o compromisso que n\u00f3s, franciscanos, hoje renovamos. Ouvir, prestar aten\u00e7\u00e3o, acolher e ent\u00e3o comunicar. A nossa comunica\u00e7\u00e3o, portanto, n\u00e3o vai ser uma comunica\u00e7\u00e3o opressiva. Ela n\u00e3o vai ser uma comunica\u00e7\u00e3o destrutiva, mas vai ser aquilo que o saudoso Papa Francisco pediu na Carta do Dia Mundial da Comunica\u00e7\u00e3o: que os comunicadores fossem os sinais de esperan\u00e7a, enchendo o mundo desta virtude, fazendo de todos os homens e mulheres deste tempo esperan\u00e7adores\u201d, destacou.<\/p>\n\n\t\t<style type=\"text\/css\">\n\t\t\t#gallery-2 {\n\t\t\t\tmargin: auto;\n\t\t\t}\n\t\t\t#gallery-2 .gallery-item {\n\t\t\t\tfloat: left;\n\t\t\t\tmargin-top: 10px;\n\t\t\t\ttext-align: center;\n\t\t\t\twidth: 33%;\n\t\t\t}\n\t\t\t#gallery-2 img {\n\t\t\t\tborder: 2px solid #cfcfcf;\n\t\t\t}\n\t\t\t#gallery-2 .gallery-caption {\n\t\t\t\tmargin-left: 0;\n\t\t\t}\n\t\t\t\/* see gallery_shortcode() in wp-includes\/media.php *\/\n\t\t<\/style>\n\t\t<div id='gallery-2' class='gallery galleryid-259410 gallery-columns-3 gallery-size-thumbnail'><dl class='gallery-item'>\n\t\t\t<dt class='gallery-icon portrait'>\n\t\t\t\t<a href='https:\/\/franciscanos.org.br\/noticias\/wp-content\/uploads\/2025\/08\/WhatsApp-Image-2025-08-12-at-15.55.56-scaled.jpeg'><img width=\"300\" height=\"300\" src=\"https:\/\/franciscanos.org.br\/noticias\/wp-content\/uploads\/2025\/08\/WhatsApp-Image-2025-08-12-at-15.55.56-300x300.jpeg\" class=\"attachment-thumbnail size-thumbnail\" alt=\"\" loading=\"lazy\" aria-describedby=\"gallery-2-259433\" srcset=\"https:\/\/franciscanos.org.br\/noticias\/wp-content\/uploads\/2025\/08\/WhatsApp-Image-2025-08-12-at-15.55.56-300x300.jpeg 300w, https:\/\/franciscanos.org.br\/noticias\/wp-content\/uploads\/2025\/08\/WhatsApp-Image-2025-08-12-at-15.55.56-100x100.jpeg 100w\" sizes=\"(max-width: 300px) 100vw, 300px\" \/><\/a>\n\t\t\t<\/dt>\n\t\t\t\t<dd class='wp-caption-text gallery-caption' id='gallery-2-259433'>\n\t\t\t\tFrei Paulo Roberto Pereira\n\t\t\t\t<\/dd><\/dl><dl class='gallery-item'>\n\t\t\t<dt class='gallery-icon portrait'>\n\t\t\t\t<a href='https:\/\/franciscanos.org.br\/noticias\/wp-content\/uploads\/2025\/08\/WhatsApp-Image-2025-08-12-at-15.55.55-1-scaled.jpeg'><img width=\"300\" height=\"300\" src=\"https:\/\/franciscanos.org.br\/noticias\/wp-content\/uploads\/2025\/08\/WhatsApp-Image-2025-08-12-at-15.55.55-1-300x300.jpeg\" class=\"attachment-thumbnail size-thumbnail\" alt=\"\" loading=\"lazy\" aria-describedby=\"gallery-2-259434\" srcset=\"https:\/\/franciscanos.org.br\/noticias\/wp-content\/uploads\/2025\/08\/WhatsApp-Image-2025-08-12-at-15.55.55-1-300x300.jpeg 300w, https:\/\/franciscanos.org.br\/noticias\/wp-content\/uploads\/2025\/08\/WhatsApp-Image-2025-08-12-at-15.55.55-1-100x100.jpeg 100w\" sizes=\"(max-width: 300px) 100vw, 300px\" \/><\/a>\n\t\t\t<\/dt>\n\t\t\t\t<dd class='wp-caption-text gallery-caption' id='gallery-2-259434'>\n\t\t\t\tFrei Leandro Costa\n\t\t\t\t<\/dd><\/dl><dl class='gallery-item'>\n\t\t\t<dt class='gallery-icon portrait'>\n\t\t\t\t<a href='https:\/\/franciscanos.org.br\/noticias\/wp-content\/uploads\/2025\/08\/WhatsApp-Image-2025-08-12-at-15.55.55-scaled.jpeg'><img width=\"300\" height=\"300\" src=\"https:\/\/franciscanos.org.br\/noticias\/wp-content\/uploads\/2025\/08\/WhatsApp-Image-2025-08-12-at-15.55.55-300x300.jpeg\" class=\"attachment-thumbnail size-thumbnail\" alt=\"\" loading=\"lazy\" aria-describedby=\"gallery-2-259435\" srcset=\"https:\/\/franciscanos.org.br\/noticias\/wp-content\/uploads\/2025\/08\/WhatsApp-Image-2025-08-12-at-15.55.55-300x300.jpeg 300w, https:\/\/franciscanos.org.br\/noticias\/wp-content\/uploads\/2025\/08\/WhatsApp-Image-2025-08-12-at-15.55.55-100x100.jpeg 100w\" sizes=\"(max-width: 300px) 100vw, 300px\" \/><\/a>\n\t\t\t<\/dt>\n\t\t\t\t<dd class='wp-caption-text gallery-caption' id='gallery-2-259435'>\n\t\t\t\tFrei Augusto Luiz Gabriel\n\t\t\t\t<\/dd><\/dl><br style=\"clear: both\" \/>\n\t\t<\/div>\n\n<p>Frei Leandro Costa Santos, Coordenador da Frente de Evangeliza\u00e7\u00e3o da Comunica\u00e7\u00e3o, saudou todos os presentes e afirmou\u00a0 \u201cdentro dos meus esfor\u00e7os e dos meus limites e tamb\u00e9m no interesse da comunica\u00e7\u00e3o, quero fazer valer o que n\u00f3s, frades, acreditamos. Evangelizar, levar a Boa Not\u00edcia, tendo como aliados a comunica\u00e7\u00e3o, os comunicadores e seus instrumentos. Gostaria de retomar uma ora\u00e7\u00e3o que n\u00f3s fazemos todos os dias quando participamos da Santa Missa. \u00c9 uma fala de algu\u00e9m que tinha sede de Jesus Cristo. &#8216;Senhor, eu n\u00e3o sou digno de que entreis em minha casa, mas dizei uma s\u00f3 palavra e eu serei salvo&#8217;. Como j\u00e1 foi dito repetidamente o <em>slogan<\/em> da TV Celinauta \u00e9 a TV da Nossa Casa. Ent\u00e3o n\u00f3s abrimos as portas, conectamos a televis\u00e3o com a Rede e TV Celinauta, justamente para experimentar a parte dela de seus comunicadores essa salva\u00e7\u00e3o. N\u00e3o \u00e9 presun\u00e7\u00e3o e pretens\u00e3o sua quando voc\u00ea for comunicar diga aos nossos colaboradores de querer trazer por meio da not\u00edcia, a salva\u00e7\u00e3o, a sa\u00fade, a paz, a tranquilidade e a boa not\u00edcia. Digam uma s\u00f3 palavra, por meio da comunica\u00e7\u00e3o, e certamente a salva\u00e7\u00e3o entrar\u00e1 nos cora\u00e7\u00f5es daqueles que se colocam a ouvir, a interagir, aqueles que usufruem da comunica\u00e7\u00e3o da TV Celinauta\u201d, completou.<\/p>\n\n\t\t<style type=\"text\/css\">\n\t\t\t#gallery-3 {\n\t\t\t\tmargin: auto;\n\t\t\t}\n\t\t\t#gallery-3 .gallery-item {\n\t\t\t\tfloat: left;\n\t\t\t\tmargin-top: 10px;\n\t\t\t\ttext-align: center;\n\t\t\t\twidth: 33%;\n\t\t\t}\n\t\t\t#gallery-3 img {\n\t\t\t\tborder: 2px solid #cfcfcf;\n\t\t\t}\n\t\t\t#gallery-3 .gallery-caption {\n\t\t\t\tmargin-left: 0;\n\t\t\t}\n\t\t\t\/* see gallery_shortcode() in wp-includes\/media.php *\/\n\t\t<\/style>\n\t\t<div id='gallery-3' class='gallery galleryid-259410 gallery-columns-3 gallery-size-thumbnail'><dl class='gallery-item'>\n\t\t\t<dt class='gallery-icon landscape'>\n\t\t\t\t<a href='https:\/\/franciscanos.org.br\/noticias\/wp-content\/uploads\/2025\/08\/15.png'><img width=\"300\" height=\"300\" src=\"https:\/\/franciscanos.org.br\/noticias\/wp-content\/uploads\/2025\/08\/15-300x300.png\" class=\"attachment-thumbnail size-thumbnail\" alt=\"\" loading=\"lazy\" srcset=\"https:\/\/franciscanos.org.br\/noticias\/wp-content\/uploads\/2025\/08\/15-300x300.png 300w, https:\/\/franciscanos.org.br\/noticias\/wp-content\/uploads\/2025\/08\/15-100x100.png 100w\" sizes=\"(max-width: 300px) 100vw, 300px\" \/><\/a>\n\t\t\t<\/dt><\/dl><dl class='gallery-item'>\n\t\t\t<dt class='gallery-icon landscape'>\n\t\t\t\t<a href='https:\/\/franciscanos.org.br\/noticias\/wp-content\/uploads\/2025\/08\/17.png'><img width=\"300\" height=\"300\" src=\"https:\/\/franciscanos.org.br\/noticias\/wp-content\/uploads\/2025\/08\/17-300x300.png\" class=\"attachment-thumbnail size-thumbnail\" alt=\"\" loading=\"lazy\" srcset=\"https:\/\/franciscanos.org.br\/noticias\/wp-content\/uploads\/2025\/08\/17-300x300.png 300w, https:\/\/franciscanos.org.br\/noticias\/wp-content\/uploads\/2025\/08\/17-100x100.png 100w\" sizes=\"(max-width: 300px) 100vw, 300px\" \/><\/a>\n\t\t\t<\/dt><\/dl><dl class='gallery-item'>\n\t\t\t<dt class='gallery-icon landscape'>\n\t\t\t\t<a href='https:\/\/franciscanos.org.br\/noticias\/wp-content\/uploads\/2025\/08\/14.png'><img width=\"300\" height=\"300\" src=\"https:\/\/franciscanos.org.br\/noticias\/wp-content\/uploads\/2025\/08\/14-300x300.png\" class=\"attachment-thumbnail size-thumbnail\" alt=\"\" loading=\"lazy\" srcset=\"https:\/\/franciscanos.org.br\/noticias\/wp-content\/uploads\/2025\/08\/14-300x300.png 300w, https:\/\/franciscanos.org.br\/noticias\/wp-content\/uploads\/2025\/08\/14-100x100.png 100w\" sizes=\"(max-width: 300px) 100vw, 300px\" \/><\/a>\n\t\t\t<\/dt><\/dl><br style=\"clear: both\" \/>\n\t\t<\/div>\n\n<p>Frei Augusto Luiz Gabriel, Vice-Presidente da Funda\u00e7\u00e3o Cultural Celinauta, disse ser um dia de profunda alegria celebrar 38 anos de uma hist\u00f3ria feita com \u00a0dedica\u00e7\u00e3o, f\u00e9 e compromisso com a verdade. \u201cE, justamente no dia de Santa Clara de Assis, padroeira da televis\u00e3o, damos um passo importante: a nossa emissora passa a se chamar <strong>TV Celinauta<\/strong> \u2014 \u201cnavegante do c\u00e9u\u201d. Um nome que traduz o nosso desejo de continuar levando a Boa Not\u00edcia a todos os cantos, navegando nos vastos horizontes da comunica\u00e7\u00e3o\u201d. O frade acrescentou que a mudan\u00e7a vai muito al\u00e9m de um nome ou de uma marca nova.\u00a0 Ela \u00e9 um marco de continuidade e renova\u00e7\u00e3o. \u201cContinuamos com a mesma miss\u00e3o, mas com novas perspectivas: mais intera\u00e7\u00e3o com o nosso p\u00fablico, mais conte\u00fados que alimentem a espiritualidade, mais dinamismo para acompanhar o ritmo do mundo e, ao mesmo tempo, manter a profundidade que o Evangelho nos pede\u201d.<\/p>\n<p>Segundo ele,\u00a0 a capacidade de resili\u00eancia de todos os envolvidos com a emissora e comprometidos com a sua hist\u00f3ria, faz da emissora esse importante canal de comunica\u00e7\u00e3o franciscano. \u201cAo longo destes 38 anos, nossa emissora \u2014 fruto do idealismo e coragem franciscana \u2014 soube se adaptar, crescer e inovar. E \u00e9 isso que nos move para o futuro. Queremos que a TV Celinauta seja cada vez mais pr\u00f3xima das pessoas, que d\u00ea voz \u00e0s comunidades, que abra espa\u00e7o para o di\u00e1logo e para a escuta. Queremos que cada programa seja n\u00e3o apenas informativo, mas formativo; n\u00e3o apenas entretenimento, mas tamb\u00e9m encontro com a beleza e com a f\u00e9\u201d, concluiu.<\/p>\n<h3><iframe loading=\"lazy\" title=\"YouTube video player\" src=\"https:\/\/www.youtube.com\/embed\/4kAruu7TURU?si=HxG07mKd6RZcnC-5\" width=\"100%\" height=\"480\" frameborder=\"0\" allowfullscreen=\"allowfullscreen\"><span data-mce-type=\"bookmark\" style=\"display: inline-block; width: 0px; overflow: hidden; line-height: 0;\" class=\"mce_SELRES_start\">\ufeff<\/span><\/iframe><br \/>\n<strong>Hist\u00f3ria<\/strong><\/h3>\n<p>Em 1965, o Frei Policarpo Berri, da Ordem dos Frades Menores, solicitou a concess\u00e3o de uma emissora de TV em nome da Funda\u00e7\u00e3o Cultural Celinauta, j\u00e1 respons\u00e1vel pela R\u00e1dio Celinauta AM. A autoriza\u00e7\u00e3o foi concedida em 1979 e a TV Sudoeste entrou no ar em 1987, tornando-se a primeira emissora vinculada a um grupo religioso a obter uma concess\u00e3o no Brasil. Inicialmente afiliada \u00e0 Rede Manchete, a TV Sudoeste foi a \u00fanica emissora do Paran\u00e1 a manter essa parceria, mesmo ap\u00f3s a migra\u00e7\u00e3o da maioria das emissoras para a Rede Record, em 1995. Em 1999, com o encerramento da Manchete, a emissora chegou a se afiliar brevemente a TV Can\u00e7\u00e3o Nova, mas retornou ainda em 1999 \u00e0 rec\u00e9m-lan\u00e7ada Rede TV. Em 2015, o sinal da emissora passou a ser transmitido em alta defini\u00e7\u00e3o (HD) em Pato Branco e regi\u00e3o.<\/p>\n<h3 data-start=\"114\" data-end=\"791\"><strong>Em sintonia com o futuro<\/strong><\/h3>\n<p data-start=\"114\" data-end=\"791\">Nesse processo de evolu\u00e7\u00e3o e adequa\u00e7\u00e3o aos sinais dos tempos e ao desenvolvimento tecnol\u00f3gico, a TV Celinauta percorreu uma importante caminhada, quase em itiner\u00e2ncia. Mesmo tendo sua sede em Pato Branco (PR), a emissora alcan\u00e7a diversas regi\u00f5es do Paran\u00e1 e outras localidades do pa\u00eds, entrando nas casas, nos ambientes de trabalho e em outros espa\u00e7os onde o aparelho de televis\u00e3o est\u00e1 sintonizado no canal. Essa sintonia vai al\u00e9m das fronteiras e leva informa\u00e7\u00f5es que contribuem para a constru\u00e7\u00e3o de uma sociedade atenta aos fatos, sem esquecer que, como cidad\u00e3os conscientes, tamb\u00e9m podem ser propagadores da esperan\u00e7a, presente no carisma e na espiritualidade franciscana.<\/p>\n<p data-start=\"793\" data-end=\"1452\">Nessa nova etapa, os franciscanos est\u00e3o ainda mais presentes na programa\u00e7\u00e3o da emissora, como \u00e9 o caso do programa <strong>\u201cCompadre Francisco\u201d<\/strong>, uma produ\u00e7\u00e3o semanal conduzida pelo Frei Augusto, que tem como objetivo apresentar um olhar franciscano sobre a vida, a miss\u00e3o e as boas not\u00edcias que brotam das fraternidades, da Prov\u00edncia e da grande fam\u00edlia franciscana espalhada pelo mundo. \u201cO Compadre Francisco vai rodar, ir ao encontro, mostrar com beleza o que os irm\u00e3os vivem e que o mundo precisa saber. Em outras palavras, o programa ser\u00e1 itinerante, como S\u00e3o Francisco o foi\u201d, ressaltou o frade. O programa tamb\u00e9m ser\u00e1 veiculado na TV Franciscanos, no <em>YouTube<\/em>.<\/p>\n<p><iframe loading=\"lazy\" title=\"YouTube video player\" src=\"https:\/\/www.youtube.com\/embed\/yl2_fPw9vFI?si=ziXQ1lo8DclzqjWh\" width=\"100%\" height=\"480\" frameborder=\"0\" allowfullscreen=\"allowfullscreen\"><span data-mce-type=\"bookmark\" style=\"display: inline-block; width: 0px; overflow: hidden; line-height: 0;\" class=\"mce_SELRES_start\">\ufeff<\/span><\/iframe><\/p>\n<hr \/>\n<p><em>Adenir Brocco, jornalista da Rede Celinauta de Comunica\u00e7\u00e3o e Adriana Rabelo Rodrigues\u00a0<\/em><\/p>\n\n\t\t<style type=\"text\/css\">\n\t\t\t#gallery-4 {\n\t\t\t\tmargin: auto;\n\t\t\t}\n\t\t\t#gallery-4 .gallery-item {\n\t\t\t\tfloat: left;\n\t\t\t\tmargin-top: 10px;\n\t\t\t\ttext-align: center;\n\t\t\t\twidth: 25%;\n\t\t\t}\n\t\t\t#gallery-4 img {\n\t\t\t\tborder: 2px solid #cfcfcf;\n\t\t\t}\n\t\t\t#gallery-4 .gallery-caption {\n\t\t\t\tmargin-left: 0;\n\t\t\t}\n\t\t\t\/* see gallery_shortcode() in wp-includes\/media.php *\/\n\t\t<\/style>\n\t\t<div id='gallery-4' class='gallery galleryid-259410 gallery-columns-4 gallery-size-thumbnail'><dl class='gallery-item'>\n\t\t\t<dt class='gallery-icon landscape'>\n\t\t\t\t<a href='https:\/\/franciscanos.org.br\/noticias\/wp-content\/uploads\/2025\/08\/IMG_6049-scaled.jpg'><img width=\"300\" height=\"300\" src=\"https:\/\/franciscanos.org.br\/noticias\/wp-content\/uploads\/2025\/08\/IMG_6049-300x300.jpg\" class=\"attachment-thumbnail size-thumbnail\" alt=\"\" loading=\"lazy\" srcset=\"https:\/\/franciscanos.org.br\/noticias\/wp-content\/uploads\/2025\/08\/IMG_6049-300x300.jpg 300w, https:\/\/franciscanos.org.br\/noticias\/wp-content\/uploads\/2025\/08\/IMG_6049-100x100.jpg 100w\" sizes=\"(max-width: 300px) 100vw, 300px\" \/><\/a>\n\t\t\t<\/dt><\/dl><dl class='gallery-item'>\n\t\t\t<dt class='gallery-icon landscape'>\n\t\t\t\t<a href='https:\/\/franciscanos.org.br\/noticias\/wp-content\/uploads\/2025\/08\/IMG_6061-scaled.jpg'><img width=\"300\" height=\"300\" src=\"https:\/\/franciscanos.org.br\/noticias\/wp-content\/uploads\/2025\/08\/IMG_6061-300x300.jpg\" class=\"attachment-thumbnail size-thumbnail\" alt=\"\" loading=\"lazy\" srcset=\"https:\/\/franciscanos.org.br\/noticias\/wp-content\/uploads\/2025\/08\/IMG_6061-300x300.jpg 300w, https:\/\/franciscanos.org.br\/noticias\/wp-content\/uploads\/2025\/08\/IMG_6061-100x100.jpg 100w\" sizes=\"(max-width: 300px) 100vw, 300px\" \/><\/a>\n\t\t\t<\/dt><\/dl><dl class='gallery-item'>\n\t\t\t<dt class='gallery-icon landscape'>\n\t\t\t\t<a href='https:\/\/franciscanos.org.br\/noticias\/wp-content\/uploads\/2025\/08\/IMG_6133-scaled.jpg'><img width=\"300\" height=\"300\" src=\"https:\/\/franciscanos.org.br\/noticias\/wp-content\/uploads\/2025\/08\/IMG_6133-300x300.jpg\" class=\"attachment-thumbnail size-thumbnail\" alt=\"\" loading=\"lazy\" srcset=\"https:\/\/franciscanos.org.br\/noticias\/wp-content\/uploads\/2025\/08\/IMG_6133-300x300.jpg 300w, https:\/\/franciscanos.org.br\/noticias\/wp-content\/uploads\/2025\/08\/IMG_6133-100x100.jpg 100w\" sizes=\"(max-width: 300px) 100vw, 300px\" \/><\/a>\n\t\t\t<\/dt><\/dl><dl class='gallery-item'>\n\t\t\t<dt class='gallery-icon landscape'>\n\t\t\t\t<a href='https:\/\/franciscanos.org.br\/noticias\/wp-content\/uploads\/2025\/08\/IMG_6137-scaled.jpg'><img width=\"300\" height=\"300\" src=\"https:\/\/franciscanos.org.br\/noticias\/wp-content\/uploads\/2025\/08\/IMG_6137-300x300.jpg\" class=\"attachment-thumbnail size-thumbnail\" alt=\"\" loading=\"lazy\" srcset=\"https:\/\/franciscanos.org.br\/noticias\/wp-content\/uploads\/2025\/08\/IMG_6137-300x300.jpg 300w, https:\/\/franciscanos.org.br\/noticias\/wp-content\/uploads\/2025\/08\/IMG_6137-100x100.jpg 100w\" sizes=\"(max-width: 300px) 100vw, 300px\" \/><\/a>\n\t\t\t<\/dt><\/dl><br style=\"clear: both\" \/><dl class='gallery-item'>\n\t\t\t<dt class='gallery-icon landscape'>\n\t\t\t\t<a href='https:\/\/franciscanos.org.br\/noticias\/wp-content\/uploads\/2025\/08\/15-1.png'><img width=\"300\" height=\"300\" src=\"https:\/\/franciscanos.org.br\/noticias\/wp-content\/uploads\/2025\/08\/15-1-300x300.png\" class=\"attachment-thumbnail size-thumbnail\" alt=\"\" loading=\"lazy\" srcset=\"https:\/\/franciscanos.org.br\/noticias\/wp-content\/uploads\/2025\/08\/15-1-300x300.png 300w, https:\/\/franciscanos.org.br\/noticias\/wp-content\/uploads\/2025\/08\/15-1-100x100.png 100w\" sizes=\"(max-width: 300px) 100vw, 300px\" \/><\/a>\n\t\t\t<\/dt><\/dl><dl class='gallery-item'>\n\t\t\t<dt class='gallery-icon landscape'>\n\t\t\t\t<a href='https:\/\/franciscanos.org.br\/noticias\/wp-content\/uploads\/2025\/08\/14-1.png'><img width=\"300\" height=\"300\" src=\"https:\/\/franciscanos.org.br\/noticias\/wp-content\/uploads\/2025\/08\/14-1-300x300.png\" class=\"attachment-thumbnail size-thumbnail\" alt=\"\" loading=\"lazy\" srcset=\"https:\/\/franciscanos.org.br\/noticias\/wp-content\/uploads\/2025\/08\/14-1-300x300.png 300w, https:\/\/franciscanos.org.br\/noticias\/wp-content\/uploads\/2025\/08\/14-1-100x100.png 100w\" sizes=\"(max-width: 300px) 100vw, 300px\" \/><\/a>\n\t\t\t<\/dt><\/dl><dl class='gallery-item'>\n\t\t\t<dt class='gallery-icon landscape'>\n\t\t\t\t<a href='https:\/\/franciscanos.org.br\/noticias\/wp-content\/uploads\/2025\/08\/21.png'><img width=\"300\" height=\"300\" src=\"https:\/\/franciscanos.org.br\/noticias\/wp-content\/uploads\/2025\/08\/21-300x300.png\" class=\"attachment-thumbnail size-thumbnail\" alt=\"\" loading=\"lazy\" srcset=\"https:\/\/franciscanos.org.br\/noticias\/wp-content\/uploads\/2025\/08\/21-300x300.png 300w, https:\/\/franciscanos.org.br\/noticias\/wp-content\/uploads\/2025\/08\/21-100x100.png 100w\" sizes=\"(max-width: 300px) 100vw, 300px\" \/><\/a>\n\t\t\t<\/dt><\/dl><dl class='gallery-item'>\n\t\t\t<dt class='gallery-icon landscape'>\n\t\t\t\t<a href='https:\/\/franciscanos.org.br\/noticias\/wp-content\/uploads\/2025\/08\/17-1.png'><img width=\"300\" height=\"300\" src=\"https:\/\/franciscanos.org.br\/noticias\/wp-content\/uploads\/2025\/08\/17-1-300x300.png\" class=\"attachment-thumbnail size-thumbnail\" alt=\"\" loading=\"lazy\" srcset=\"https:\/\/franciscanos.org.br\/noticias\/wp-content\/uploads\/2025\/08\/17-1-300x300.png 300w, https:\/\/franciscanos.org.br\/noticias\/wp-content\/uploads\/2025\/08\/17-1-100x100.png 100w\" sizes=\"(max-width: 300px) 100vw, 300px\" \/><\/a>\n\t\t\t<\/dt><\/dl><br style=\"clear: both\" \/>\n\t\t<\/div>\n\n","protected":false},"excerpt":{"rendered":"<p>Comunica\u00e7\u00e3o franciscana<\/p>\n","protected":false},"author":11,"featured_media":259417,"comment_status":"open","ping_status":"open","sticky":false,"template":"","format":"standard","meta":[],"categories":[1],"tags":[2371,1434,2395],"acf":[],"yoast_head":"<!-- This site is optimized with the Yoast SEO plugin v19.2 - https:\/\/yoast.com\/wordpress\/plugins\/seo\/ -->\n<title>Rede Celinauta inicia nova fase e apresenta a TV Celinauta no dia de Santa Clara, padroeira da televis\u00e3o - Not\u00edcias - Franciscanos<\/title>\n<meta name=\"robots\" content=\"index, follow, max-snippet:-1, max-image-preview:large, max-video-preview:-1\" \/>\n<link rel=\"canonical\" href=\"https:\/\/franciscanos.org.br\/noticias\/rede-celinauta-inicia-nova-fase-e-apresenta-a-tv-celinauta-no-dia-de-santa-clara-padroeira-da-televisao.html\" \/>\n<meta property=\"og:locale\" content=\"pt_BR\" \/>\n<meta property=\"og:type\" content=\"article\" \/>\n<meta property=\"og:title\" content=\"Rede Celinauta inicia nova fase e apresenta a TV Celinauta no dia de Santa Clara, padroeira da televis\u00e3o - Not\u00edcias - Franciscanos\" \/>\n<meta property=\"og:description\" content=\"Comunica\u00e7\u00e3o franciscana\" \/>\n<meta property=\"og:url\" content=\"https:\/\/franciscanos.org.br\/noticias\/rede-celinauta-inicia-nova-fase-e-apresenta-a-tv-celinauta-no-dia-de-santa-clara-padroeira-da-televisao.html\" \/>\n<meta property=\"og:site_name\" content=\"Not\u00edcias - Franciscanos\" \/>\n<meta property=\"article:published_time\" content=\"2025-08-12T18:58:12+00:00\" \/>\n<meta property=\"article:modified_time\" content=\"2025-08-20T13:51:09+00:00\" \/>\n<meta property=\"og:image\" content=\"https:\/\/franciscanos.org.br\/noticias\/wp-content\/uploads\/2025\/08\/chamada-18.png\" \/>\n\t<meta property=\"og:image:width\" content=\"800\" \/>\n\t<meta property=\"og:image:height\" content=\"550\" \/>\n\t<meta property=\"og:image:type\" content=\"image\/png\" \/>\n<meta name=\"author\" content=\"Adriana Rabelo\" \/>\n<meta name=\"twitter:card\" content=\"summary_large_image\" \/>\n<meta name=\"twitter:label1\" content=\"Escrito por\" \/>\n\t<meta name=\"twitter:data1\" content=\"Adriana Rabelo\" \/>\n\t<meta name=\"twitter:label2\" content=\"Est. tempo de leitura\" \/>\n\t<meta name=\"twitter:data2\" content=\"8 minutos\" \/>\n<script type=\"application\/ld+json\" class=\"yoast-schema-graph\">{\"@context\":\"https:\/\/schema.org\",\"@graph\":[{\"@type\":\"WebSite\",\"@id\":\"https:\/\/franciscanos.org.br\/noticias\/#website\",\"url\":\"https:\/\/franciscanos.org.br\/noticias\/\",\"name\":\"Not\u00edcias - Franciscanos\",\"description\":\"Prov\u00edncia Franciscana da Imaculada Concei\u00e7\u00e3o do Brasil - Ordem dos Frades Menores - OFM\",\"potentialAction\":[{\"@type\":\"SearchAction\",\"target\":{\"@type\":\"EntryPoint\",\"urlTemplate\":\"https:\/\/franciscanos.org.br\/noticias\/?s={search_term_string}\"},\"query-input\":\"required name=search_term_string\"}],\"inLanguage\":\"pt-BR\"},{\"@type\":\"ImageObject\",\"inLanguage\":\"pt-BR\",\"@id\":\"https:\/\/franciscanos.org.br\/noticias\/rede-celinauta-inicia-nova-fase-e-apresenta-a-tv-celinauta-no-dia-de-santa-clara-padroeira-da-televisao.html#primaryimage\",\"url\":\"https:\/\/franciscanos.org.br\/noticias\/wp-content\/uploads\/2025\/08\/chamada-18.png\",\"contentUrl\":\"https:\/\/franciscanos.org.br\/noticias\/wp-content\/uploads\/2025\/08\/chamada-18.png\",\"width\":800,\"height\":550},{\"@type\":\"WebPage\",\"@id\":\"https:\/\/franciscanos.org.br\/noticias\/rede-celinauta-inicia-nova-fase-e-apresenta-a-tv-celinauta-no-dia-de-santa-clara-padroeira-da-televisao.html#webpage\",\"url\":\"https:\/\/franciscanos.org.br\/noticias\/rede-celinauta-inicia-nova-fase-e-apresenta-a-tv-celinauta-no-dia-de-santa-clara-padroeira-da-televisao.html\",\"name\":\"Rede Celinauta inicia nova fase e apresenta a TV Celinauta no dia de Santa Clara, padroeira da televis\u00e3o - Not\u00edcias - Franciscanos\",\"isPartOf\":{\"@id\":\"https:\/\/franciscanos.org.br\/noticias\/#website\"},\"primaryImageOfPage\":{\"@id\":\"https:\/\/franciscanos.org.br\/noticias\/rede-celinauta-inicia-nova-fase-e-apresenta-a-tv-celinauta-no-dia-de-santa-clara-padroeira-da-televisao.html#primaryimage\"},\"datePublished\":\"2025-08-12T18:58:12+00:00\",\"dateModified\":\"2025-08-20T13:51:09+00:00\",\"author\":{\"@id\":\"https:\/\/franciscanos.org.br\/noticias\/#\/schema\/person\/d9422e83121c3ad3b0f423d195f5bb25\"},\"breadcrumb\":{\"@id\":\"https:\/\/franciscanos.org.br\/noticias\/rede-celinauta-inicia-nova-fase-e-apresenta-a-tv-celinauta-no-dia-de-santa-clara-padroeira-da-televisao.html#breadcrumb\"},\"inLanguage\":\"pt-BR\",\"potentialAction\":[{\"@type\":\"ReadAction\",\"target\":[\"https:\/\/franciscanos.org.br\/noticias\/rede-celinauta-inicia-nova-fase-e-apresenta-a-tv-celinauta-no-dia-de-santa-clara-padroeira-da-televisao.html\"]}]},{\"@type\":\"BreadcrumbList\",\"@id\":\"https:\/\/franciscanos.org.br\/noticias\/rede-celinauta-inicia-nova-fase-e-apresenta-a-tv-celinauta-no-dia-de-santa-clara-padroeira-da-televisao.html#breadcrumb\",\"itemListElement\":[{\"@type\":\"ListItem\",\"position\":1,\"name\":\"Home\",\"item\":\"https:\/\/franciscanos.org.br\/noticias\"},{\"@type\":\"ListItem\",\"position\":2,\"name\":\"Rede Celinauta inicia nova fase e apresenta a TV Celinauta no dia de Santa Clara, padroeira da televis\u00e3o\"}]},{\"@type\":\"Person\",\"@id\":\"https:\/\/franciscanos.org.br\/noticias\/#\/schema\/person\/d9422e83121c3ad3b0f423d195f5bb25\",\"name\":\"Adriana Rabelo\",\"image\":{\"@type\":\"ImageObject\",\"inLanguage\":\"pt-BR\",\"@id\":\"https:\/\/franciscanos.org.br\/noticias\/#\/schema\/person\/image\/\",\"url\":\"https:\/\/secure.gravatar.com\/avatar\/0a937b7500cd7df77540cfb8bede877d?s=96&d=mm&r=g\",\"contentUrl\":\"https:\/\/secure.gravatar.com\/avatar\/0a937b7500cd7df77540cfb8bede877d?s=96&d=mm&r=g\",\"caption\":\"Adriana Rabelo\"},\"url\":\"https:\/\/franciscanos.org.br\/noticias\/author\/adrianarabelo\"}]}<\/script>\n<!-- \/ Yoast SEO plugin. -->","yoast_head_json":{"title":"Rede Celinauta inicia nova fase e apresenta a TV Celinauta no dia de Santa Clara, padroeira da televis\u00e3o - Not\u00edcias - Franciscanos","robots":{"index":"index","follow":"follow","max-snippet":"max-snippet:-1","max-image-preview":"max-image-preview:large","max-video-preview":"max-video-preview:-1"},"canonical":"https:\/\/franciscanos.org.br\/noticias\/rede-celinauta-inicia-nova-fase-e-apresenta-a-tv-celinauta-no-dia-de-santa-clara-padroeira-da-televisao.html","og_locale":"pt_BR","og_type":"article","og_title":"Rede Celinauta inicia nova fase e apresenta a TV Celinauta no dia de Santa Clara, padroeira da televis\u00e3o - Not\u00edcias - Franciscanos","og_description":"Comunica\u00e7\u00e3o franciscana","og_url":"https:\/\/franciscanos.org.br\/noticias\/rede-celinauta-inicia-nova-fase-e-apresenta-a-tv-celinauta-no-dia-de-santa-clara-padroeira-da-televisao.html","og_site_name":"Not\u00edcias - Franciscanos","article_published_time":"2025-08-12T18:58:12+00:00","article_modified_time":"2025-08-20T13:51:09+00:00","og_image":[{"width":800,"height":550,"url":"https:\/\/franciscanos.org.br\/noticias\/wp-content\/uploads\/2025\/08\/chamada-18.png","type":"image\/png"}],"author":"Adriana Rabelo","twitter_card":"summary_large_image","twitter_misc":{"Escrito por":"Adriana Rabelo","Est. tempo de leitura":"8 minutos"},"schema":{"@context":"https:\/\/schema.org","@graph":[{"@type":"WebSite","@id":"https:\/\/franciscanos.org.br\/noticias\/#website","url":"https:\/\/franciscanos.org.br\/noticias\/","name":"Not\u00edcias - Franciscanos","description":"Prov\u00edncia Franciscana da Imaculada Concei\u00e7\u00e3o do Brasil - Ordem dos Frades Menores - OFM","potentialAction":[{"@type":"SearchAction","target":{"@type":"EntryPoint","urlTemplate":"https:\/\/franciscanos.org.br\/noticias\/?s={search_term_string}"},"query-input":"required name=search_term_string"}],"inLanguage":"pt-BR"},{"@type":"ImageObject","inLanguage":"pt-BR","@id":"https:\/\/franciscanos.org.br\/noticias\/rede-celinauta-inicia-nova-fase-e-apresenta-a-tv-celinauta-no-dia-de-santa-clara-padroeira-da-televisao.html#primaryimage","url":"https:\/\/franciscanos.org.br\/noticias\/wp-content\/uploads\/2025\/08\/chamada-18.png","contentUrl":"https:\/\/franciscanos.org.br\/noticias\/wp-content\/uploads\/2025\/08\/chamada-18.png","width":800,"height":550},{"@type":"WebPage","@id":"https:\/\/franciscanos.org.br\/noticias\/rede-celinauta-inicia-nova-fase-e-apresenta-a-tv-celinauta-no-dia-de-santa-clara-padroeira-da-televisao.html#webpage","url":"https:\/\/franciscanos.org.br\/noticias\/rede-celinauta-inicia-nova-fase-e-apresenta-a-tv-celinauta-no-dia-de-santa-clara-padroeira-da-televisao.html","name":"Rede Celinauta inicia nova fase e apresenta a TV Celinauta no dia de Santa Clara, padroeira da televis\u00e3o - Not\u00edcias - Franciscanos","isPartOf":{"@id":"https:\/\/franciscanos.org.br\/noticias\/#website"},"primaryImageOfPage":{"@id":"https:\/\/franciscanos.org.br\/noticias\/rede-celinauta-inicia-nova-fase-e-apresenta-a-tv-celinauta-no-dia-de-santa-clara-padroeira-da-televisao.html#primaryimage"},"datePublished":"2025-08-12T18:58:12+00:00","dateModified":"2025-08-20T13:51:09+00:00","author":{"@id":"https:\/\/franciscanos.org.br\/noticias\/#\/schema\/person\/d9422e83121c3ad3b0f423d195f5bb25"},"breadcrumb":{"@id":"https:\/\/franciscanos.org.br\/noticias\/rede-celinauta-inicia-nova-fase-e-apresenta-a-tv-celinauta-no-dia-de-santa-clara-padroeira-da-televisao.html#breadcrumb"},"inLanguage":"pt-BR","potentialAction":[{"@type":"ReadAction","target":["https:\/\/franciscanos.org.br\/noticias\/rede-celinauta-inicia-nova-fase-e-apresenta-a-tv-celinauta-no-dia-de-santa-clara-padroeira-da-televisao.html"]}]},{"@type":"BreadcrumbList","@id":"https:\/\/franciscanos.org.br\/noticias\/rede-celinauta-inicia-nova-fase-e-apresenta-a-tv-celinauta-no-dia-de-santa-clara-padroeira-da-televisao.html#breadcrumb","itemListElement":[{"@type":"ListItem","position":1,"name":"Home","item":"https:\/\/franciscanos.org.br\/noticias"},{"@type":"ListItem","position":2,"name":"Rede Celinauta inicia nova fase e apresenta a TV Celinauta no dia de Santa Clara, padroeira da televis\u00e3o"}]},{"@type":"Person","@id":"https:\/\/franciscanos.org.br\/noticias\/#\/schema\/person\/d9422e83121c3ad3b0f423d195f5bb25","name":"Adriana Rabelo","image":{"@type":"ImageObject","inLanguage":"pt-BR","@id":"https:\/\/franciscanos.org.br\/noticias\/#\/schema\/person\/image\/","url":"https:\/\/secure.gravatar.com\/avatar\/0a937b7500cd7df77540cfb8bede877d?s=96&d=mm&r=g","contentUrl":"https:\/\/secure.gravatar.com\/avatar\/0a937b7500cd7df77540cfb8bede877d?s=96&d=mm&r=g","caption":"Adriana Rabelo"},"url":"https:\/\/franciscanos.org.br\/noticias\/author\/adrianarabelo"}]}},"_links":{"self":[{"href":"https:\/\/franciscanos.org.br\/noticias\/wp-json\/wp\/v2\/posts\/259410"}],"collection":[{"href":"https:\/\/franciscanos.org.br\/noticias\/wp-json\/wp\/v2\/posts"}],"about":[{"href":"https:\/\/franciscanos.org.br\/noticias\/wp-json\/wp\/v2\/types\/post"}],"author":[{"embeddable":true,"href":"https:\/\/franciscanos.org.br\/noticias\/wp-json\/wp\/v2\/users\/11"}],"replies":[{"embeddable":true,"href":"https:\/\/franciscanos.org.br\/noticias\/wp-json\/wp\/v2\/comments?post=259410"}],"version-history":[{"count":16,"href":"https:\/\/franciscanos.org.br\/noticias\/wp-json\/wp\/v2\/posts\/259410\/revisions"}],"predecessor-version":[{"id":259569,"href":"https:\/\/franciscanos.org.br\/noticias\/wp-json\/wp\/v2\/posts\/259410\/revisions\/259569"}],"wp:featuredmedia":[{"embeddable":true,"href":"https:\/\/franciscanos.org.br\/noticias\/wp-json\/wp\/v2\/media\/259417"}],"wp:attachment":[{"href":"https:\/\/franciscanos.org.br\/noticias\/wp-json\/wp\/v2\/media?parent=259410"}],"wp:term":[{"taxonomy":"category","embeddable":true,"href":"https:\/\/franciscanos.org.br\/noticias\/wp-json\/wp\/v2\/categories?post=259410"},{"taxonomy":"post_tag","embeddable":true,"href":"https:\/\/franciscanos.org.br\/noticias\/wp-json\/wp\/v2\/tags?post=259410"}],"curies":[{"name":"wp","href":"https:\/\/api.w.org\/{rel}","templated":true}]}}