{"id":259393,"date":"2025-08-12T11:24:12","date_gmt":"2025-08-12T14:24:12","guid":{"rendered":"https:\/\/franciscanos.org.br\/noticias\/?p=259393"},"modified":"2025-08-12T11:24:12","modified_gmt":"2025-08-12T14:24:12","slug":"inspiracoes-de-santa-clara-fortalecem-a-fe-dos-fieis-no-convento-da-penha","status":"publish","type":"post","link":"https:\/\/franciscanos.org.br\/noticias\/inspiracoes-de-santa-clara-fortalecem-a-fe-dos-fieis-no-convento-da-penha.html","title":{"rendered":"Inspira\u00e7\u00f5es de Santa Clara fortalecem a f\u00e9 dos fi\u00e9is no Convento da Penha"},"content":{"rendered":"<p><img loading=\"lazy\" class=\"aligncenter wp-image-259394 size-full\" src=\"https:\/\/franciscanos.org.br\/noticias\/wp-content\/uploads\/2025\/08\/MATERIA-21.png\" alt=\"\" width=\"1280\" height=\"720\" srcset=\"https:\/\/franciscanos.org.br\/noticias\/wp-content\/uploads\/2025\/08\/MATERIA-21.png 1280w, https:\/\/franciscanos.org.br\/noticias\/wp-content\/uploads\/2025\/08\/MATERIA-21-450x253.png 450w, https:\/\/franciscanos.org.br\/noticias\/wp-content\/uploads\/2025\/08\/MATERIA-21-1024x576.png 1024w, https:\/\/franciscanos.org.br\/noticias\/wp-content\/uploads\/2025\/08\/MATERIA-21-768x432.png 768w, https:\/\/franciscanos.org.br\/noticias\/wp-content\/uploads\/2025\/08\/MATERIA-21-150x84.png 150w\" sizes=\"(max-width: 1280px) 100vw, 1280px\" \/><\/p>\n<p>A fraternidade franciscana do Convento da Penha, em comunh\u00e3o com toda a Igreja, celebrou no dia 11 de agosto, a festa em honra \u00e0 Santa Clara de Assis, a \u201cPlantinha de S\u00e3o Francisco\u201d, t\u00e3o querida e venerada por cat\u00f3licos do mundo inteiro. Ela \u00e9 invocada como a Padroeira da Televis\u00e3o e a Fundadora da Ordem das Clarissas, sendo a primeira mulher a ter uma Regra aprovada pela Igreja Cat\u00f3lica. No Brasil, a devo\u00e7\u00e3o popular conhece mais a santa como a padroeira da TV e de seus profissionais.<\/p>\n<p>A Missa Solene das 15 horas foi presidida pelo Guardi\u00e3o da Penha, Frei Gabriel Dellandrea, com presen\u00e7a do Frei Pedro Engel e Frei Jorge L\u00e1zaro de Souza, al\u00e9m de centenas de fi\u00e9is que lotaram a Capela no alto da Montanha Sagrada. \u201cClara, preclara por seus claros m\u00e9ritos, clareia claramente no c\u00e9u pela claridade da grande gl\u00f3ria, e na terra pelo esplendor dos milagres sublimes. O mundo recebeu de Clara um claro espelho de exemplo\u2026 Brilhou no s\u00e9culo\u2026, brilhou na vida\u2026, foi clara na terra e reluz no c\u00e9u\u201d, diz a Bula de Canoniza\u00e7\u00e3o da santa.<\/p>\n\n\t\t<style type=\"text\/css\">\n\t\t\t#gallery-1 {\n\t\t\t\tmargin: auto;\n\t\t\t}\n\t\t\t#gallery-1 .gallery-item {\n\t\t\t\tfloat: left;\n\t\t\t\tmargin-top: 10px;\n\t\t\t\ttext-align: center;\n\t\t\t\twidth: 33%;\n\t\t\t}\n\t\t\t#gallery-1 img {\n\t\t\t\tborder: 2px solid #cfcfcf;\n\t\t\t}\n\t\t\t#gallery-1 .gallery-caption {\n\t\t\t\tmargin-left: 0;\n\t\t\t}\n\t\t\t\/* see gallery_shortcode() in wp-includes\/media.php *\/\n\t\t<\/style>\n\t\t<div id='gallery-1' class='gallery galleryid-259393 gallery-columns-3 gallery-size-thumbnail'><dl class='gallery-item'>\n\t\t\t<dt class='gallery-icon landscape'>\n\t\t\t\t<a href='https:\/\/franciscanos.org.br\/noticias\/wp-content\/uploads\/2025\/08\/Festa-de-Santa-Clara-de-Assis-11-08-2025-13-2048x1365-1-scaled.jpg'><img width=\"300\" height=\"300\" src=\"https:\/\/franciscanos.org.br\/noticias\/wp-content\/uploads\/2025\/08\/Festa-de-Santa-Clara-de-Assis-11-08-2025-13-2048x1365-1-300x300.jpg\" class=\"attachment-thumbnail size-thumbnail\" alt=\"\" loading=\"lazy\" srcset=\"https:\/\/franciscanos.org.br\/noticias\/wp-content\/uploads\/2025\/08\/Festa-de-Santa-Clara-de-Assis-11-08-2025-13-2048x1365-1-300x300.jpg 300w, https:\/\/franciscanos.org.br\/noticias\/wp-content\/uploads\/2025\/08\/Festa-de-Santa-Clara-de-Assis-11-08-2025-13-2048x1365-1-100x100.jpg 100w\" sizes=\"(max-width: 300px) 100vw, 300px\" \/><\/a>\n\t\t\t<\/dt><\/dl><dl class='gallery-item'>\n\t\t\t<dt class='gallery-icon landscape'>\n\t\t\t\t<a href='https:\/\/franciscanos.org.br\/noticias\/wp-content\/uploads\/2025\/08\/Festa-de-Santa-Clara-de-Assis-11-08-2025-20-2048x1365-1-scaled.jpg'><img width=\"300\" height=\"300\" src=\"https:\/\/franciscanos.org.br\/noticias\/wp-content\/uploads\/2025\/08\/Festa-de-Santa-Clara-de-Assis-11-08-2025-20-2048x1365-1-300x300.jpg\" class=\"attachment-thumbnail size-thumbnail\" alt=\"\" loading=\"lazy\" srcset=\"https:\/\/franciscanos.org.br\/noticias\/wp-content\/uploads\/2025\/08\/Festa-de-Santa-Clara-de-Assis-11-08-2025-20-2048x1365-1-300x300.jpg 300w, https:\/\/franciscanos.org.br\/noticias\/wp-content\/uploads\/2025\/08\/Festa-de-Santa-Clara-de-Assis-11-08-2025-20-2048x1365-1-100x100.jpg 100w\" sizes=\"(max-width: 300px) 100vw, 300px\" \/><\/a>\n\t\t\t<\/dt><\/dl><dl class='gallery-item'>\n\t\t\t<dt class='gallery-icon landscape'>\n\t\t\t\t<a href='https:\/\/franciscanos.org.br\/noticias\/wp-content\/uploads\/2025\/08\/Festa-de-Santa-Clara-de-Assis-11-08-2025-40-2048x1365-1-scaled.jpg'><img width=\"300\" height=\"300\" src=\"https:\/\/franciscanos.org.br\/noticias\/wp-content\/uploads\/2025\/08\/Festa-de-Santa-Clara-de-Assis-11-08-2025-40-2048x1365-1-300x300.jpg\" class=\"attachment-thumbnail size-thumbnail\" alt=\"\" loading=\"lazy\" srcset=\"https:\/\/franciscanos.org.br\/noticias\/wp-content\/uploads\/2025\/08\/Festa-de-Santa-Clara-de-Assis-11-08-2025-40-2048x1365-1-300x300.jpg 300w, https:\/\/franciscanos.org.br\/noticias\/wp-content\/uploads\/2025\/08\/Festa-de-Santa-Clara-de-Assis-11-08-2025-40-2048x1365-1-100x100.jpg 100w\" sizes=\"(max-width: 300px) 100vw, 300px\" \/><\/a>\n\t\t\t<\/dt><\/dl><br style=\"clear: both\" \/>\n\t\t<\/div>\n\n<p>Na homilia, Frei Gabriel destacou porque Santa Clara \u00e9 invocada pelas pessoas que trabalham e gostam de televis\u00e3o, ressaltando que ela tamb\u00e9m intercede pela nova gera\u00e7\u00e3o que acompanha \u201ctransmiss\u00f5es\u201d pelas redes sociais, o que ficou ainda mais forte no per\u00edodo da pandemia.<\/p>\n<p>\u201cSem muita dificuldade, ao passarmos pelos canais da televis\u00e3o aberta ou rolarmos as nossas redes sociais, n\u00f3s encontramos uma oportunidade que ajuda muitos crist\u00e3os a participarem de um dos momentos mais importantes da Igreja. N\u00e3o \u00e9 uma participa\u00e7\u00e3o plena, mas \u00e9 uma forma de estar presente no momento que \u00e9 \u00e1pice da experi\u00eancia de f\u00e9. Este recurso tamb\u00e9m nos ajudou muito num dos per\u00edodos mais dif\u00edceis que vivemos nos \u00faltimos tempos, que foi a pandemia, e por muitas vezes nos obrigamos e procuramos desenvolver a presen\u00e7a diante desse recurso de um modo mais assertivo, para bem aproveit\u00e1-lo, embora sent\u00edssemos saudade de estar vivamente, presencialmente naquele evento. Estou falando da Missa transmitida, que agora muitos irm\u00e3os \u2018l\u00e1 de casa est\u00e3o acompanhando\u2019. Este recurso da Missa transmitida n\u00e3o sup\u00f5e a missa presencial, mas ajuda muitos a terem a oportunidade de tamb\u00e9m, ao menos ouvirem a Palavra de Deus, visualizarem o rito, matarem a saudade da Igreja, ou at\u00e9 participarem de uma Missa de um outro lugar para verem aquela celebra\u00e7\u00e3o\u201d, recordou Frei Gabriel.<\/p>\n<p><img loading=\"lazy\" class=\"aligncenter wp-image-259400 size-full\" src=\"https:\/\/franciscanos.org.br\/noticias\/wp-content\/uploads\/2025\/08\/MATERIA-4-1.png\" alt=\"\" width=\"1280\" height=\"720\" srcset=\"https:\/\/franciscanos.org.br\/noticias\/wp-content\/uploads\/2025\/08\/MATERIA-4-1.png 1280w, https:\/\/franciscanos.org.br\/noticias\/wp-content\/uploads\/2025\/08\/MATERIA-4-1-450x253.png 450w, https:\/\/franciscanos.org.br\/noticias\/wp-content\/uploads\/2025\/08\/MATERIA-4-1-1024x576.png 1024w, https:\/\/franciscanos.org.br\/noticias\/wp-content\/uploads\/2025\/08\/MATERIA-4-1-768x432.png 768w, https:\/\/franciscanos.org.br\/noticias\/wp-content\/uploads\/2025\/08\/MATERIA-4-1-150x84.png 150w\" sizes=\"(max-width: 1280px) 100vw, 1280px\" \/><\/p>\n<p>\u201cMas por que eu estou falando de Missa transmitida no dia de Santa Clara? \u201d, questionou o Guardi\u00e3o. \u201cPorque se voc\u00eas acham que fomos os primeiros a assistir Missa transmitida pela televis\u00e3o, est\u00e3o muito enganados. A primeira pessoa que assistiu uma Missa transmitida na Igreja \u00e9 a santa que celebramos hoje: Santa Clara de Assis. A\u00ed voc\u00eas olham para mim e falam, mas como assim? Porque l\u00e1 na idade m\u00e9dia, \u2018mil duzentos e tanto\u2019, nem r\u00e1dio tinha, nem energia el\u00e9trica e como \u00e9 que ela assistiu \u00e0 Missa transmitida? Conta a hist\u00f3ria que Santa Clara, j\u00e1 no final de sua vida, muito doente, na noite de Natal, queria muito ir na missa com as irm\u00e3s, na Bas\u00edlica de S\u00e3o Francisco, por\u00e9m a doen\u00e7a n\u00e3o a permitiu e as irm\u00e3s todas foram e ela ficou sozinha em casa e conta a hist\u00f3ria de que ela, assim que come\u00e7ou sua ora\u00e7\u00e3o, passou a ouvir, mesmo que muito distante da Bas\u00edlica de S\u00e3o Francisco, os frades cantando os salmos e hinos da missa do dia de Natal. Mesmo de longe, a santa sentiu a emo\u00e7\u00e3o de participar daquela celebra\u00e7\u00e3o l\u00e1 no seu leito de dor. Ela inclusive, conta os relatos, escutava at\u00e9 os instrumentos musicais e, quando as irm\u00e3s retornaram para casa, foram contar para ela como foi a Missa, mas ela mandou que as irm\u00e3s silenciassem e contou \u00e0s irm\u00e3s como tudo havia ocorrido, ratificando essa experi\u00eancia m\u00edstica que ela realizou. Diante dessa hist\u00f3ria, devemos ter uma certeza, a do Evangelho que ouvimos, \u2018permanecer em mim e eu permanecerei em v\u00f3s\u2019. As irm\u00e3s todas foram para a Missa, mas ficou com Clara Aquele que ela buscou a vida inteira que foi Jesus\u201d, detalhou.<\/p>\n<p>Fazendo uma correla\u00e7\u00e3o com o Evangelho, Frei Gabriel disse: \u201cClara permaneceu a sua vida e Jesus permaneceu com ela o tempo inteiro. Um outro elemento interessante \u00e9 essa capacidade de visualizar a a\u00e7\u00e3o de Deus no dia a dia especialmente num momento de maior ang\u00fastia. Clara poderia se sentir abandonada, sozinha, mas ao estar com o cora\u00e7\u00e3o, o ouvido e a voz atentos, percebeu e visualizou o Senhor ali, presente com ela. Portanto, irm\u00e3os e irm\u00e3s, ela n\u00e3o s\u00f3 assistiu \u00e0 Missa transmitida, ela participou da Eucaristia, porque participar da Eucaristia n\u00e3o \u00e9 s\u00f3 a Missa, \u00e9 ser tamb\u00e9m algu\u00e9m que se transforma pela Eucaristia e Clara \u00e9 assim, se deixou transformar por aquele Jesus que todos os dias recebia no mist\u00e9rio Eucar\u00edstico\u201d.<\/p>\n<p><img loading=\"lazy\" class=\"aligncenter wp-image-259396 size-full\" src=\"https:\/\/franciscanos.org.br\/noticias\/wp-content\/uploads\/2025\/08\/MATERIA3.png\" alt=\"\" width=\"1280\" height=\"720\" srcset=\"https:\/\/franciscanos.org.br\/noticias\/wp-content\/uploads\/2025\/08\/MATERIA3.png 1280w, https:\/\/franciscanos.org.br\/noticias\/wp-content\/uploads\/2025\/08\/MATERIA3-450x253.png 450w, https:\/\/franciscanos.org.br\/noticias\/wp-content\/uploads\/2025\/08\/MATERIA3-1024x576.png 1024w, https:\/\/franciscanos.org.br\/noticias\/wp-content\/uploads\/2025\/08\/MATERIA3-768x432.png 768w, https:\/\/franciscanos.org.br\/noticias\/wp-content\/uploads\/2025\/08\/MATERIA3-150x84.png 150w\" sizes=\"(max-width: 1280px) 100vw, 1280px\" \/><\/p>\n<p>E concluiu: \u201cSanta Clara n\u00e3o s\u00f3 visualizou a Missa, mas ela todos os dias, ao buscar o Corpo do Senhor, tamb\u00e9m foi se transformando cada vez mais nEle, a partir de sua vida, de tal modo que prop\u00f5e a todas as suas filhas [Clarissas], e essa dica vale a cada um de n\u00f3s, que na nossa experi\u00eancia de f\u00e9, podemos rezar de um modo muito interessante, segundo Santa Clara. Devemos perceber Jesus como um espelho e considerando-o e contemplando-o, nos transformarmos naquele que vemos. O milagre dela ter assistido a Missa transmitida n\u00e3o foi s\u00f3 uma coisa qualquer, mas a demonstra\u00e7\u00e3o de que aquele Senhor que ela em vida procurou o tempo inteiro, se espelhando nele, agora estava com ela e sempre esteve. Para n\u00f3s fica esse convite: espelhemo-nos no Senhor! Tantas vezes a gente se espelha em pessoas, n\u00e3o \u00e9?! L\u00e1 nas redes sociais, \u00e0s vezes, a gente tem algu\u00e9m que faz uma receita, ent\u00e3o a gente passa a seguir aquela pessoa porque ela faz uma receita boa, ou ent\u00e3o, a gente se espelha numa outra pessoa para fazer o corte do cabelo, os homens para deixar a barba, ou ent\u00e3o para usar algum tipo de roupa. \u00c9 normal que nos espelhemos em alguns exemplos ou em algumas figuras, mas a partir da perspectiva crist\u00e3 e inspirados em Santa Clara, espelhemo-nos no Senhor, olhando-o, considerando-o e contemplando-o. tenho certeza que assim como Santa Clara, vamos colher muitos frutos da presen\u00e7a Dele, porque Ele est\u00e1 conosco. Permanecei em mim e eu permanecerei em v\u00f3s\u201d, finalizou Frei Gabriel.<\/p>\n<p>Antes da B\u00ean\u00e7\u00e3o Final, o frade destacou sua rela\u00e7\u00e3o de devo\u00e7\u00e3o a Santa Clara, tendo inclusive, familiares com o nome da santa, como a sobrinha \u201cClara\u201d e uma tia \u201cClarisse\u201d. Ele tamb\u00e9m lembrou que, recentemente, teve a oportunidade de conhecer locais franciscanos na cidade de Assis, na It\u00e1lia.<\/p>\n<hr \/>\n<p><em>Cristian Oliveira\/ASCOM Convento da Penha<\/em><\/p>\n","protected":false},"excerpt":{"rendered":"<p>Festa de Santa Clara<\/p>\n","protected":false},"author":11,"featured_media":259395,"comment_status":"open","ping_status":"open","sticky":false,"template":"","format":"standard","meta":[],"categories":[1],"tags":[248,1887],"acf":[],"yoast_head":"<!-- This site is optimized with the Yoast SEO plugin v19.2 - https:\/\/yoast.com\/wordpress\/plugins\/seo\/ -->\n<title>Inspira\u00e7\u00f5es de Santa Clara fortalecem a f\u00e9 dos fi\u00e9is no Convento da Penha - Not\u00edcias - Franciscanos<\/title>\n<meta name=\"robots\" content=\"index, follow, max-snippet:-1, max-image-preview:large, max-video-preview:-1\" \/>\n<link rel=\"canonical\" href=\"https:\/\/franciscanos.org.br\/noticias\/inspiracoes-de-santa-clara-fortalecem-a-fe-dos-fieis-no-convento-da-penha.html\" \/>\n<meta property=\"og:locale\" content=\"pt_BR\" \/>\n<meta property=\"og:type\" content=\"article\" \/>\n<meta property=\"og:title\" content=\"Inspira\u00e7\u00f5es de Santa Clara fortalecem a f\u00e9 dos fi\u00e9is no Convento da Penha - Not\u00edcias - Franciscanos\" \/>\n<meta property=\"og:description\" content=\"Festa de Santa Clara\" \/>\n<meta property=\"og:url\" content=\"https:\/\/franciscanos.org.br\/noticias\/inspiracoes-de-santa-clara-fortalecem-a-fe-dos-fieis-no-convento-da-penha.html\" \/>\n<meta property=\"og:site_name\" content=\"Not\u00edcias - Franciscanos\" \/>\n<meta property=\"article:published_time\" content=\"2025-08-12T14:24:12+00:00\" \/>\n<meta property=\"og:image\" content=\"https:\/\/franciscanos.org.br\/noticias\/wp-content\/uploads\/2025\/08\/chamada-16.png\" \/>\n\t<meta property=\"og:image:width\" content=\"800\" \/>\n\t<meta property=\"og:image:height\" content=\"550\" \/>\n\t<meta property=\"og:image:type\" content=\"image\/png\" \/>\n<meta name=\"author\" content=\"Adriana Rabelo\" \/>\n<meta name=\"twitter:card\" content=\"summary_large_image\" \/>\n<meta name=\"twitter:label1\" content=\"Escrito por\" \/>\n\t<meta name=\"twitter:data1\" content=\"Adriana Rabelo\" \/>\n\t<meta name=\"twitter:label2\" content=\"Est. tempo de leitura\" \/>\n\t<meta name=\"twitter:data2\" content=\"6 minutos\" \/>\n<script type=\"application\/ld+json\" class=\"yoast-schema-graph\">{\"@context\":\"https:\/\/schema.org\",\"@graph\":[{\"@type\":\"WebSite\",\"@id\":\"https:\/\/franciscanos.org.br\/noticias\/#website\",\"url\":\"https:\/\/franciscanos.org.br\/noticias\/\",\"name\":\"Not\u00edcias - Franciscanos\",\"description\":\"Prov\u00edncia Franciscana da Imaculada Concei\u00e7\u00e3o do Brasil - Ordem dos Frades Menores - OFM\",\"potentialAction\":[{\"@type\":\"SearchAction\",\"target\":{\"@type\":\"EntryPoint\",\"urlTemplate\":\"https:\/\/franciscanos.org.br\/noticias\/?s={search_term_string}\"},\"query-input\":\"required name=search_term_string\"}],\"inLanguage\":\"pt-BR\"},{\"@type\":\"ImageObject\",\"inLanguage\":\"pt-BR\",\"@id\":\"https:\/\/franciscanos.org.br\/noticias\/inspiracoes-de-santa-clara-fortalecem-a-fe-dos-fieis-no-convento-da-penha.html#primaryimage\",\"url\":\"https:\/\/franciscanos.org.br\/noticias\/wp-content\/uploads\/2025\/08\/chamada-16.png\",\"contentUrl\":\"https:\/\/franciscanos.org.br\/noticias\/wp-content\/uploads\/2025\/08\/chamada-16.png\",\"width\":800,\"height\":550},{\"@type\":\"WebPage\",\"@id\":\"https:\/\/franciscanos.org.br\/noticias\/inspiracoes-de-santa-clara-fortalecem-a-fe-dos-fieis-no-convento-da-penha.html#webpage\",\"url\":\"https:\/\/franciscanos.org.br\/noticias\/inspiracoes-de-santa-clara-fortalecem-a-fe-dos-fieis-no-convento-da-penha.html\",\"name\":\"Inspira\u00e7\u00f5es de Santa Clara fortalecem a f\u00e9 dos fi\u00e9is no Convento da Penha - Not\u00edcias - Franciscanos\",\"isPartOf\":{\"@id\":\"https:\/\/franciscanos.org.br\/noticias\/#website\"},\"primaryImageOfPage\":{\"@id\":\"https:\/\/franciscanos.org.br\/noticias\/inspiracoes-de-santa-clara-fortalecem-a-fe-dos-fieis-no-convento-da-penha.html#primaryimage\"},\"datePublished\":\"2025-08-12T14:24:12+00:00\",\"dateModified\":\"2025-08-12T14:24:12+00:00\",\"author\":{\"@id\":\"https:\/\/franciscanos.org.br\/noticias\/#\/schema\/person\/d9422e83121c3ad3b0f423d195f5bb25\"},\"breadcrumb\":{\"@id\":\"https:\/\/franciscanos.org.br\/noticias\/inspiracoes-de-santa-clara-fortalecem-a-fe-dos-fieis-no-convento-da-penha.html#breadcrumb\"},\"inLanguage\":\"pt-BR\",\"potentialAction\":[{\"@type\":\"ReadAction\",\"target\":[\"https:\/\/franciscanos.org.br\/noticias\/inspiracoes-de-santa-clara-fortalecem-a-fe-dos-fieis-no-convento-da-penha.html\"]}]},{\"@type\":\"BreadcrumbList\",\"@id\":\"https:\/\/franciscanos.org.br\/noticias\/inspiracoes-de-santa-clara-fortalecem-a-fe-dos-fieis-no-convento-da-penha.html#breadcrumb\",\"itemListElement\":[{\"@type\":\"ListItem\",\"position\":1,\"name\":\"Home\",\"item\":\"https:\/\/franciscanos.org.br\/noticias\"},{\"@type\":\"ListItem\",\"position\":2,\"name\":\"Inspira\u00e7\u00f5es de Santa Clara fortalecem a f\u00e9 dos fi\u00e9is no Convento da Penha\"}]},{\"@type\":\"Person\",\"@id\":\"https:\/\/franciscanos.org.br\/noticias\/#\/schema\/person\/d9422e83121c3ad3b0f423d195f5bb25\",\"name\":\"Adriana Rabelo\",\"image\":{\"@type\":\"ImageObject\",\"inLanguage\":\"pt-BR\",\"@id\":\"https:\/\/franciscanos.org.br\/noticias\/#\/schema\/person\/image\/\",\"url\":\"https:\/\/secure.gravatar.com\/avatar\/0a937b7500cd7df77540cfb8bede877d?s=96&d=mm&r=g\",\"contentUrl\":\"https:\/\/secure.gravatar.com\/avatar\/0a937b7500cd7df77540cfb8bede877d?s=96&d=mm&r=g\",\"caption\":\"Adriana Rabelo\"},\"url\":\"https:\/\/franciscanos.org.br\/noticias\/author\/adrianarabelo\"}]}<\/script>\n<!-- \/ Yoast SEO plugin. -->","yoast_head_json":{"title":"Inspira\u00e7\u00f5es de Santa Clara fortalecem a f\u00e9 dos fi\u00e9is no Convento da Penha - Not\u00edcias - Franciscanos","robots":{"index":"index","follow":"follow","max-snippet":"max-snippet:-1","max-image-preview":"max-image-preview:large","max-video-preview":"max-video-preview:-1"},"canonical":"https:\/\/franciscanos.org.br\/noticias\/inspiracoes-de-santa-clara-fortalecem-a-fe-dos-fieis-no-convento-da-penha.html","og_locale":"pt_BR","og_type":"article","og_title":"Inspira\u00e7\u00f5es de Santa Clara fortalecem a f\u00e9 dos fi\u00e9is no Convento da Penha - Not\u00edcias - Franciscanos","og_description":"Festa de Santa Clara","og_url":"https:\/\/franciscanos.org.br\/noticias\/inspiracoes-de-santa-clara-fortalecem-a-fe-dos-fieis-no-convento-da-penha.html","og_site_name":"Not\u00edcias - Franciscanos","article_published_time":"2025-08-12T14:24:12+00:00","og_image":[{"width":800,"height":550,"url":"https:\/\/franciscanos.org.br\/noticias\/wp-content\/uploads\/2025\/08\/chamada-16.png","type":"image\/png"}],"author":"Adriana Rabelo","twitter_card":"summary_large_image","twitter_misc":{"Escrito por":"Adriana Rabelo","Est. tempo de leitura":"6 minutos"},"schema":{"@context":"https:\/\/schema.org","@graph":[{"@type":"WebSite","@id":"https:\/\/franciscanos.org.br\/noticias\/#website","url":"https:\/\/franciscanos.org.br\/noticias\/","name":"Not\u00edcias - Franciscanos","description":"Prov\u00edncia Franciscana da Imaculada Concei\u00e7\u00e3o do Brasil - Ordem dos Frades Menores - OFM","potentialAction":[{"@type":"SearchAction","target":{"@type":"EntryPoint","urlTemplate":"https:\/\/franciscanos.org.br\/noticias\/?s={search_term_string}"},"query-input":"required name=search_term_string"}],"inLanguage":"pt-BR"},{"@type":"ImageObject","inLanguage":"pt-BR","@id":"https:\/\/franciscanos.org.br\/noticias\/inspiracoes-de-santa-clara-fortalecem-a-fe-dos-fieis-no-convento-da-penha.html#primaryimage","url":"https:\/\/franciscanos.org.br\/noticias\/wp-content\/uploads\/2025\/08\/chamada-16.png","contentUrl":"https:\/\/franciscanos.org.br\/noticias\/wp-content\/uploads\/2025\/08\/chamada-16.png","width":800,"height":550},{"@type":"WebPage","@id":"https:\/\/franciscanos.org.br\/noticias\/inspiracoes-de-santa-clara-fortalecem-a-fe-dos-fieis-no-convento-da-penha.html#webpage","url":"https:\/\/franciscanos.org.br\/noticias\/inspiracoes-de-santa-clara-fortalecem-a-fe-dos-fieis-no-convento-da-penha.html","name":"Inspira\u00e7\u00f5es de Santa Clara fortalecem a f\u00e9 dos fi\u00e9is no Convento da Penha - Not\u00edcias - Franciscanos","isPartOf":{"@id":"https:\/\/franciscanos.org.br\/noticias\/#website"},"primaryImageOfPage":{"@id":"https:\/\/franciscanos.org.br\/noticias\/inspiracoes-de-santa-clara-fortalecem-a-fe-dos-fieis-no-convento-da-penha.html#primaryimage"},"datePublished":"2025-08-12T14:24:12+00:00","dateModified":"2025-08-12T14:24:12+00:00","author":{"@id":"https:\/\/franciscanos.org.br\/noticias\/#\/schema\/person\/d9422e83121c3ad3b0f423d195f5bb25"},"breadcrumb":{"@id":"https:\/\/franciscanos.org.br\/noticias\/inspiracoes-de-santa-clara-fortalecem-a-fe-dos-fieis-no-convento-da-penha.html#breadcrumb"},"inLanguage":"pt-BR","potentialAction":[{"@type":"ReadAction","target":["https:\/\/franciscanos.org.br\/noticias\/inspiracoes-de-santa-clara-fortalecem-a-fe-dos-fieis-no-convento-da-penha.html"]}]},{"@type":"BreadcrumbList","@id":"https:\/\/franciscanos.org.br\/noticias\/inspiracoes-de-santa-clara-fortalecem-a-fe-dos-fieis-no-convento-da-penha.html#breadcrumb","itemListElement":[{"@type":"ListItem","position":1,"name":"Home","item":"https:\/\/franciscanos.org.br\/noticias"},{"@type":"ListItem","position":2,"name":"Inspira\u00e7\u00f5es de Santa Clara fortalecem a f\u00e9 dos fi\u00e9is no Convento da Penha"}]},{"@type":"Person","@id":"https:\/\/franciscanos.org.br\/noticias\/#\/schema\/person\/d9422e83121c3ad3b0f423d195f5bb25","name":"Adriana Rabelo","image":{"@type":"ImageObject","inLanguage":"pt-BR","@id":"https:\/\/franciscanos.org.br\/noticias\/#\/schema\/person\/image\/","url":"https:\/\/secure.gravatar.com\/avatar\/0a937b7500cd7df77540cfb8bede877d?s=96&d=mm&r=g","contentUrl":"https:\/\/secure.gravatar.com\/avatar\/0a937b7500cd7df77540cfb8bede877d?s=96&d=mm&r=g","caption":"Adriana Rabelo"},"url":"https:\/\/franciscanos.org.br\/noticias\/author\/adrianarabelo"}]}},"_links":{"self":[{"href":"https:\/\/franciscanos.org.br\/noticias\/wp-json\/wp\/v2\/posts\/259393"}],"collection":[{"href":"https:\/\/franciscanos.org.br\/noticias\/wp-json\/wp\/v2\/posts"}],"about":[{"href":"https:\/\/franciscanos.org.br\/noticias\/wp-json\/wp\/v2\/types\/post"}],"author":[{"embeddable":true,"href":"https:\/\/franciscanos.org.br\/noticias\/wp-json\/wp\/v2\/users\/11"}],"replies":[{"embeddable":true,"href":"https:\/\/franciscanos.org.br\/noticias\/wp-json\/wp\/v2\/comments?post=259393"}],"version-history":[{"count":2,"href":"https:\/\/franciscanos.org.br\/noticias\/wp-json\/wp\/v2\/posts\/259393\/revisions"}],"predecessor-version":[{"id":259402,"href":"https:\/\/franciscanos.org.br\/noticias\/wp-json\/wp\/v2\/posts\/259393\/revisions\/259402"}],"wp:featuredmedia":[{"embeddable":true,"href":"https:\/\/franciscanos.org.br\/noticias\/wp-json\/wp\/v2\/media\/259395"}],"wp:attachment":[{"href":"https:\/\/franciscanos.org.br\/noticias\/wp-json\/wp\/v2\/media?parent=259393"}],"wp:term":[{"taxonomy":"category","embeddable":true,"href":"https:\/\/franciscanos.org.br\/noticias\/wp-json\/wp\/v2\/categories?post=259393"},{"taxonomy":"post_tag","embeddable":true,"href":"https:\/\/franciscanos.org.br\/noticias\/wp-json\/wp\/v2\/tags?post=259393"}],"curies":[{"name":"wp","href":"https:\/\/api.w.org\/{rel}","templated":true}]}}