{"id":259368,"date":"2025-08-11T15:36:40","date_gmt":"2025-08-11T18:36:40","guid":{"rendered":"https:\/\/franciscanos.org.br\/noticias\/?p=259368"},"modified":"2025-08-11T15:53:31","modified_gmt":"2025-08-11T18:53:31","slug":"peregrinacao-e-reflexoes-marcam-festa-de-santa-clara-em-aldeia-angolana","status":"publish","type":"post","link":"https:\/\/franciscanos.org.br\/noticias\/peregrinacao-e-reflexoes-marcam-festa-de-santa-clara-em-aldeia-angolana.html","title":{"rendered":"Peregrina\u00e7\u00e3o e reflex\u00f5es marcam festa de Santa Clara em aldeia angolana"},"content":{"rendered":"<p><img loading=\"lazy\" class=\"aligncenter wp-image-259369 size-full\" src=\"https:\/\/franciscanos.org.br\/noticias\/wp-content\/uploads\/2025\/08\/MATERIA-18.png\" alt=\"\" width=\"1280\" height=\"720\" srcset=\"https:\/\/franciscanos.org.br\/noticias\/wp-content\/uploads\/2025\/08\/MATERIA-18.png 1280w, https:\/\/franciscanos.org.br\/noticias\/wp-content\/uploads\/2025\/08\/MATERIA-18-450x253.png 450w, https:\/\/franciscanos.org.br\/noticias\/wp-content\/uploads\/2025\/08\/MATERIA-18-1024x576.png 1024w, https:\/\/franciscanos.org.br\/noticias\/wp-content\/uploads\/2025\/08\/MATERIA-18-768x432.png 768w, https:\/\/franciscanos.org.br\/noticias\/wp-content\/uploads\/2025\/08\/MATERIA-18-150x84.png 150w\" sizes=\"(max-width: 1280px) 100vw, 1280px\" \/><\/p>\n<p>A comunidade de Santa Clara de Assis, da aldeia rural Dala Cachibo, na cidade de Quibala, em Angola, celebrou com alegria e devo\u00e7\u00e3o a sua padroeira, Santa Clara, neste dia 11 de agosto. Foi uma ocasi\u00e3o especial para renovar o compromisso de viver o Evangelho de Nosso Senhor Jesus Cristo, inspirados pela espiritualidade clariana.<\/p>\n<p>As celebra\u00e7\u00f5es come\u00e7aram na sexta-feira (08\/08) e culminaram nesta segunda-feira, dia solene dedicado \u00e0 Fundadora das Irm\u00e3s Pobres. Durante esse per\u00edodo, Frei Paulo Ngungu Ngumbe Gabriel e Frei Jos\u00e9 Cambanda Catimba conduziram as reflex\u00f5es com os fi\u00e9is, nas quais ressaltaram a experi\u00eancia do encontro de Santa Clara de Assis com Jesus Cristo crucificado, pobre e humilde, encarnado e eucar\u00edstico. Os frades tamb\u00e9m falaram sobre como Santa Clara, no sil\u00eancio feito ora\u00e7\u00e3o, contempla\u00e7\u00e3o e miss\u00e3o de sua vida enclausurada no mosteiro de S\u00e3o Dami\u00e3o de Assis, soube clarear e irradiar para suas irm\u00e3s a beleza e a for\u00e7a dessa uni\u00e3o espiritual com o Filho de Deus, que se fez nosso caminho para nos conduzir a Deus Pai.<\/p>\n\n\t\t<style type=\"text\/css\">\n\t\t\t#gallery-1 {\n\t\t\t\tmargin: auto;\n\t\t\t}\n\t\t\t#gallery-1 .gallery-item {\n\t\t\t\tfloat: left;\n\t\t\t\tmargin-top: 10px;\n\t\t\t\ttext-align: center;\n\t\t\t\twidth: 50%;\n\t\t\t}\n\t\t\t#gallery-1 img {\n\t\t\t\tborder: 2px solid #cfcfcf;\n\t\t\t}\n\t\t\t#gallery-1 .gallery-caption {\n\t\t\t\tmargin-left: 0;\n\t\t\t}\n\t\t\t\/* see gallery_shortcode() in wp-includes\/media.php *\/\n\t\t<\/style>\n\t\t<div id='gallery-1' class='gallery galleryid-259368 gallery-columns-2 gallery-size-medium'><dl class='gallery-item'>\n\t\t\t<dt class='gallery-icon portrait'>\n\t\t\t\t<a href='https:\/\/franciscanos.org.br\/noticias\/wp-content\/uploads\/2025\/08\/Katch.jpg'><img width=\"338\" height=\"450\" src=\"https:\/\/franciscanos.org.br\/noticias\/wp-content\/uploads\/2025\/08\/Katch-338x450.jpg\" class=\"attachment-medium size-medium\" alt=\"\" loading=\"lazy\" srcset=\"https:\/\/franciscanos.org.br\/noticias\/wp-content\/uploads\/2025\/08\/Katch-338x450.jpg 338w, https:\/\/franciscanos.org.br\/noticias\/wp-content\/uploads\/2025\/08\/Katch-768x1024.jpg 768w, https:\/\/franciscanos.org.br\/noticias\/wp-content\/uploads\/2025\/08\/Katch-150x200.jpg 150w, https:\/\/franciscanos.org.br\/noticias\/wp-content\/uploads\/2025\/08\/Katch.jpg 780w\" sizes=\"(max-width: 338px) 100vw, 338px\" \/><\/a>\n\t\t\t<\/dt><\/dl><dl class='gallery-item'>\n\t\t\t<dt class='gallery-icon portrait'>\n\t\t\t\t<a href='https:\/\/franciscanos.org.br\/noticias\/wp-content\/uploads\/2025\/08\/sim.jpg'><img width=\"338\" height=\"450\" src=\"https:\/\/franciscanos.org.br\/noticias\/wp-content\/uploads\/2025\/08\/sim-338x450.jpg\" class=\"attachment-medium size-medium\" alt=\"\" loading=\"lazy\" srcset=\"https:\/\/franciscanos.org.br\/noticias\/wp-content\/uploads\/2025\/08\/sim-338x450.jpg 338w, https:\/\/franciscanos.org.br\/noticias\/wp-content\/uploads\/2025\/08\/sim-768x1024.jpg 768w, https:\/\/franciscanos.org.br\/noticias\/wp-content\/uploads\/2025\/08\/sim-150x200.jpg 150w, https:\/\/franciscanos.org.br\/noticias\/wp-content\/uploads\/2025\/08\/sim.jpg 780w\" sizes=\"(max-width: 338px) 100vw, 338px\" \/><\/a>\n\t\t\t<\/dt><\/dl><br style=\"clear: both\" \/>\n\t\t<\/div>\n\n<p>Um dos momentos marcantes foi a peregrina\u00e7\u00e3o com a imagem de Santa Clara por diversos pontos da aldeia. A caminhada, acompanhada pela ora\u00e7\u00e3o do Santo Ter\u00e7o e por cantos de j\u00fabilo e louvor a Deus Pai, fonte de todo bem, foi mais do que uma express\u00e3o viva da piedade popular. O momento representou tamb\u00e9m uma oportunidade para os fi\u00e9is agradecerem pelos in\u00fameros benef\u00edcios concedidos por Deus, por seu Filho Jesus Cristo e pelo Esp\u00edrito Santo, por intercess\u00e3o da santa franciscana.<\/p>\n<p>Vale destacar que Dala Cachibo \u00e9 uma das sete aldeias assistidas pelos frades da Funda\u00e7\u00e3o Imaculada M\u00e3e de Deus de Angola (FIMDA), presente no territ\u00f3rio onde est\u00e1 a Fraternidade de Santo Ant\u00f4nio. Aos finais de semana, os frades s\u00e3o enviados em miss\u00e3o, percorrendo longas dist\u00e2ncias, com o objetivo de animar a f\u00e9 dos fi\u00e9is, celebrar os mist\u00e9rios da nossa salva\u00e7\u00e3o e manter um apostolado de proximidade com essas comunidades, que se dedicam principalmente \u00e0 atividade agr\u00edcola.<\/p>\n<hr \/>\n<p><em>Frades em ano Mission\u00e1rio em Quibala<\/em><\/p>\n","protected":false},"excerpt":{"rendered":"<p>Festa de Santa Clara<\/p>\n","protected":false},"author":11,"featured_media":259373,"comment_status":"open","ping_status":"open","sticky":false,"template":"","format":"standard","meta":[],"categories":[1],"tags":[109,195,2393],"acf":[],"yoast_head":"<!-- This site is optimized with the Yoast SEO plugin v19.2 - https:\/\/yoast.com\/wordpress\/plugins\/seo\/ -->\n<title>Peregrina\u00e7\u00e3o e reflex\u00f5es marcam festa de Santa Clara em aldeia angolana - Not\u00edcias - Franciscanos<\/title>\n<meta name=\"robots\" content=\"index, follow, max-snippet:-1, max-image-preview:large, max-video-preview:-1\" \/>\n<link rel=\"canonical\" href=\"https:\/\/franciscanos.org.br\/noticias\/peregrinacao-e-reflexoes-marcam-festa-de-santa-clara-em-aldeia-angolana.html\" \/>\n<meta property=\"og:locale\" content=\"pt_BR\" \/>\n<meta property=\"og:type\" content=\"article\" \/>\n<meta property=\"og:title\" content=\"Peregrina\u00e7\u00e3o e reflex\u00f5es marcam festa de Santa Clara em aldeia angolana - Not\u00edcias - Franciscanos\" \/>\n<meta property=\"og:description\" content=\"Festa de Santa Clara\" \/>\n<meta property=\"og:url\" content=\"https:\/\/franciscanos.org.br\/noticias\/peregrinacao-e-reflexoes-marcam-festa-de-santa-clara-em-aldeia-angolana.html\" \/>\n<meta property=\"og:site_name\" content=\"Not\u00edcias - Franciscanos\" \/>\n<meta property=\"article:published_time\" content=\"2025-08-11T18:36:40+00:00\" \/>\n<meta property=\"article:modified_time\" content=\"2025-08-11T18:53:31+00:00\" \/>\n<meta property=\"og:image\" content=\"https:\/\/franciscanos.org.br\/noticias\/wp-content\/uploads\/2025\/08\/CHAMADA-14.png\" \/>\n\t<meta property=\"og:image:width\" content=\"800\" \/>\n\t<meta property=\"og:image:height\" content=\"550\" \/>\n\t<meta property=\"og:image:type\" content=\"image\/png\" \/>\n<meta name=\"author\" content=\"Adriana Rabelo\" \/>\n<meta name=\"twitter:card\" content=\"summary_large_image\" \/>\n<meta name=\"twitter:label1\" content=\"Escrito por\" \/>\n\t<meta name=\"twitter:data1\" content=\"Adriana Rabelo\" \/>\n\t<meta name=\"twitter:label2\" content=\"Est. tempo de leitura\" \/>\n\t<meta name=\"twitter:data2\" content=\"2 minutos\" \/>\n<script type=\"application\/ld+json\" class=\"yoast-schema-graph\">{\"@context\":\"https:\/\/schema.org\",\"@graph\":[{\"@type\":\"WebSite\",\"@id\":\"https:\/\/franciscanos.org.br\/noticias\/#website\",\"url\":\"https:\/\/franciscanos.org.br\/noticias\/\",\"name\":\"Not\u00edcias - Franciscanos\",\"description\":\"Prov\u00edncia Franciscana da Imaculada Concei\u00e7\u00e3o do Brasil - Ordem dos Frades Menores - OFM\",\"potentialAction\":[{\"@type\":\"SearchAction\",\"target\":{\"@type\":\"EntryPoint\",\"urlTemplate\":\"https:\/\/franciscanos.org.br\/noticias\/?s={search_term_string}\"},\"query-input\":\"required name=search_term_string\"}],\"inLanguage\":\"pt-BR\"},{\"@type\":\"ImageObject\",\"inLanguage\":\"pt-BR\",\"@id\":\"https:\/\/franciscanos.org.br\/noticias\/peregrinacao-e-reflexoes-marcam-festa-de-santa-clara-em-aldeia-angolana.html#primaryimage\",\"url\":\"https:\/\/franciscanos.org.br\/noticias\/wp-content\/uploads\/2025\/08\/CHAMADA-14.png\",\"contentUrl\":\"https:\/\/franciscanos.org.br\/noticias\/wp-content\/uploads\/2025\/08\/CHAMADA-14.png\",\"width\":800,\"height\":550},{\"@type\":\"WebPage\",\"@id\":\"https:\/\/franciscanos.org.br\/noticias\/peregrinacao-e-reflexoes-marcam-festa-de-santa-clara-em-aldeia-angolana.html#webpage\",\"url\":\"https:\/\/franciscanos.org.br\/noticias\/peregrinacao-e-reflexoes-marcam-festa-de-santa-clara-em-aldeia-angolana.html\",\"name\":\"Peregrina\u00e7\u00e3o e reflex\u00f5es marcam festa de Santa Clara em aldeia angolana - Not\u00edcias - Franciscanos\",\"isPartOf\":{\"@id\":\"https:\/\/franciscanos.org.br\/noticias\/#website\"},\"primaryImageOfPage\":{\"@id\":\"https:\/\/franciscanos.org.br\/noticias\/peregrinacao-e-reflexoes-marcam-festa-de-santa-clara-em-aldeia-angolana.html#primaryimage\"},\"datePublished\":\"2025-08-11T18:36:40+00:00\",\"dateModified\":\"2025-08-11T18:53:31+00:00\",\"author\":{\"@id\":\"https:\/\/franciscanos.org.br\/noticias\/#\/schema\/person\/d9422e83121c3ad3b0f423d195f5bb25\"},\"breadcrumb\":{\"@id\":\"https:\/\/franciscanos.org.br\/noticias\/peregrinacao-e-reflexoes-marcam-festa-de-santa-clara-em-aldeia-angolana.html#breadcrumb\"},\"inLanguage\":\"pt-BR\",\"potentialAction\":[{\"@type\":\"ReadAction\",\"target\":[\"https:\/\/franciscanos.org.br\/noticias\/peregrinacao-e-reflexoes-marcam-festa-de-santa-clara-em-aldeia-angolana.html\"]}]},{\"@type\":\"BreadcrumbList\",\"@id\":\"https:\/\/franciscanos.org.br\/noticias\/peregrinacao-e-reflexoes-marcam-festa-de-santa-clara-em-aldeia-angolana.html#breadcrumb\",\"itemListElement\":[{\"@type\":\"ListItem\",\"position\":1,\"name\":\"Home\",\"item\":\"https:\/\/franciscanos.org.br\/noticias\"},{\"@type\":\"ListItem\",\"position\":2,\"name\":\"Peregrina\u00e7\u00e3o e reflex\u00f5es marcam festa de Santa Clara em aldeia angolana\"}]},{\"@type\":\"Person\",\"@id\":\"https:\/\/franciscanos.org.br\/noticias\/#\/schema\/person\/d9422e83121c3ad3b0f423d195f5bb25\",\"name\":\"Adriana Rabelo\",\"image\":{\"@type\":\"ImageObject\",\"inLanguage\":\"pt-BR\",\"@id\":\"https:\/\/franciscanos.org.br\/noticias\/#\/schema\/person\/image\/\",\"url\":\"https:\/\/secure.gravatar.com\/avatar\/0a937b7500cd7df77540cfb8bede877d?s=96&d=mm&r=g\",\"contentUrl\":\"https:\/\/secure.gravatar.com\/avatar\/0a937b7500cd7df77540cfb8bede877d?s=96&d=mm&r=g\",\"caption\":\"Adriana Rabelo\"},\"url\":\"https:\/\/franciscanos.org.br\/noticias\/author\/adrianarabelo\"}]}<\/script>\n<!-- \/ Yoast SEO plugin. -->","yoast_head_json":{"title":"Peregrina\u00e7\u00e3o e reflex\u00f5es marcam festa de Santa Clara em aldeia angolana - Not\u00edcias - Franciscanos","robots":{"index":"index","follow":"follow","max-snippet":"max-snippet:-1","max-image-preview":"max-image-preview:large","max-video-preview":"max-video-preview:-1"},"canonical":"https:\/\/franciscanos.org.br\/noticias\/peregrinacao-e-reflexoes-marcam-festa-de-santa-clara-em-aldeia-angolana.html","og_locale":"pt_BR","og_type":"article","og_title":"Peregrina\u00e7\u00e3o e reflex\u00f5es marcam festa de Santa Clara em aldeia angolana - Not\u00edcias - Franciscanos","og_description":"Festa de Santa Clara","og_url":"https:\/\/franciscanos.org.br\/noticias\/peregrinacao-e-reflexoes-marcam-festa-de-santa-clara-em-aldeia-angolana.html","og_site_name":"Not\u00edcias - Franciscanos","article_published_time":"2025-08-11T18:36:40+00:00","article_modified_time":"2025-08-11T18:53:31+00:00","og_image":[{"width":800,"height":550,"url":"https:\/\/franciscanos.org.br\/noticias\/wp-content\/uploads\/2025\/08\/CHAMADA-14.png","type":"image\/png"}],"author":"Adriana Rabelo","twitter_card":"summary_large_image","twitter_misc":{"Escrito por":"Adriana Rabelo","Est. tempo de leitura":"2 minutos"},"schema":{"@context":"https:\/\/schema.org","@graph":[{"@type":"WebSite","@id":"https:\/\/franciscanos.org.br\/noticias\/#website","url":"https:\/\/franciscanos.org.br\/noticias\/","name":"Not\u00edcias - Franciscanos","description":"Prov\u00edncia Franciscana da Imaculada Concei\u00e7\u00e3o do Brasil - Ordem dos Frades Menores - OFM","potentialAction":[{"@type":"SearchAction","target":{"@type":"EntryPoint","urlTemplate":"https:\/\/franciscanos.org.br\/noticias\/?s={search_term_string}"},"query-input":"required name=search_term_string"}],"inLanguage":"pt-BR"},{"@type":"ImageObject","inLanguage":"pt-BR","@id":"https:\/\/franciscanos.org.br\/noticias\/peregrinacao-e-reflexoes-marcam-festa-de-santa-clara-em-aldeia-angolana.html#primaryimage","url":"https:\/\/franciscanos.org.br\/noticias\/wp-content\/uploads\/2025\/08\/CHAMADA-14.png","contentUrl":"https:\/\/franciscanos.org.br\/noticias\/wp-content\/uploads\/2025\/08\/CHAMADA-14.png","width":800,"height":550},{"@type":"WebPage","@id":"https:\/\/franciscanos.org.br\/noticias\/peregrinacao-e-reflexoes-marcam-festa-de-santa-clara-em-aldeia-angolana.html#webpage","url":"https:\/\/franciscanos.org.br\/noticias\/peregrinacao-e-reflexoes-marcam-festa-de-santa-clara-em-aldeia-angolana.html","name":"Peregrina\u00e7\u00e3o e reflex\u00f5es marcam festa de Santa Clara em aldeia angolana - Not\u00edcias - Franciscanos","isPartOf":{"@id":"https:\/\/franciscanos.org.br\/noticias\/#website"},"primaryImageOfPage":{"@id":"https:\/\/franciscanos.org.br\/noticias\/peregrinacao-e-reflexoes-marcam-festa-de-santa-clara-em-aldeia-angolana.html#primaryimage"},"datePublished":"2025-08-11T18:36:40+00:00","dateModified":"2025-08-11T18:53:31+00:00","author":{"@id":"https:\/\/franciscanos.org.br\/noticias\/#\/schema\/person\/d9422e83121c3ad3b0f423d195f5bb25"},"breadcrumb":{"@id":"https:\/\/franciscanos.org.br\/noticias\/peregrinacao-e-reflexoes-marcam-festa-de-santa-clara-em-aldeia-angolana.html#breadcrumb"},"inLanguage":"pt-BR","potentialAction":[{"@type":"ReadAction","target":["https:\/\/franciscanos.org.br\/noticias\/peregrinacao-e-reflexoes-marcam-festa-de-santa-clara-em-aldeia-angolana.html"]}]},{"@type":"BreadcrumbList","@id":"https:\/\/franciscanos.org.br\/noticias\/peregrinacao-e-reflexoes-marcam-festa-de-santa-clara-em-aldeia-angolana.html#breadcrumb","itemListElement":[{"@type":"ListItem","position":1,"name":"Home","item":"https:\/\/franciscanos.org.br\/noticias"},{"@type":"ListItem","position":2,"name":"Peregrina\u00e7\u00e3o e reflex\u00f5es marcam festa de Santa Clara em aldeia angolana"}]},{"@type":"Person","@id":"https:\/\/franciscanos.org.br\/noticias\/#\/schema\/person\/d9422e83121c3ad3b0f423d195f5bb25","name":"Adriana Rabelo","image":{"@type":"ImageObject","inLanguage":"pt-BR","@id":"https:\/\/franciscanos.org.br\/noticias\/#\/schema\/person\/image\/","url":"https:\/\/secure.gravatar.com\/avatar\/0a937b7500cd7df77540cfb8bede877d?s=96&d=mm&r=g","contentUrl":"https:\/\/secure.gravatar.com\/avatar\/0a937b7500cd7df77540cfb8bede877d?s=96&d=mm&r=g","caption":"Adriana Rabelo"},"url":"https:\/\/franciscanos.org.br\/noticias\/author\/adrianarabelo"}]}},"_links":{"self":[{"href":"https:\/\/franciscanos.org.br\/noticias\/wp-json\/wp\/v2\/posts\/259368"}],"collection":[{"href":"https:\/\/franciscanos.org.br\/noticias\/wp-json\/wp\/v2\/posts"}],"about":[{"href":"https:\/\/franciscanos.org.br\/noticias\/wp-json\/wp\/v2\/types\/post"}],"author":[{"embeddable":true,"href":"https:\/\/franciscanos.org.br\/noticias\/wp-json\/wp\/v2\/users\/11"}],"replies":[{"embeddable":true,"href":"https:\/\/franciscanos.org.br\/noticias\/wp-json\/wp\/v2\/comments?post=259368"}],"version-history":[{"count":3,"href":"https:\/\/franciscanos.org.br\/noticias\/wp-json\/wp\/v2\/posts\/259368\/revisions"}],"predecessor-version":[{"id":259375,"href":"https:\/\/franciscanos.org.br\/noticias\/wp-json\/wp\/v2\/posts\/259368\/revisions\/259375"}],"wp:featuredmedia":[{"embeddable":true,"href":"https:\/\/franciscanos.org.br\/noticias\/wp-json\/wp\/v2\/media\/259373"}],"wp:attachment":[{"href":"https:\/\/franciscanos.org.br\/noticias\/wp-json\/wp\/v2\/media?parent=259368"}],"wp:term":[{"taxonomy":"category","embeddable":true,"href":"https:\/\/franciscanos.org.br\/noticias\/wp-json\/wp\/v2\/categories?post=259368"},{"taxonomy":"post_tag","embeddable":true,"href":"https:\/\/franciscanos.org.br\/noticias\/wp-json\/wp\/v2\/tags?post=259368"}],"curies":[{"name":"wp","href":"https:\/\/api.w.org\/{rel}","templated":true}]}}