{"id":259362,"date":"2025-08-11T13:02:07","date_gmt":"2025-08-11T16:02:07","guid":{"rendered":"https:\/\/franciscanos.org.br\/noticias\/?p=259362"},"modified":"2025-08-11T13:02:07","modified_gmt":"2025-08-11T16:02:07","slug":"cnbb-lanca-cartaz-da-campanha-da-fraternidade-2026-com-foco-na-moradia-digna","status":"publish","type":"post","link":"https:\/\/franciscanos.org.br\/noticias\/cnbb-lanca-cartaz-da-campanha-da-fraternidade-2026-com-foco-na-moradia-digna.html","title":{"rendered":"CNBB lan\u00e7a cartaz da Campanha da Fraternidade 2026 com foco na moradia digna"},"content":{"rendered":"<p><img loading=\"lazy\" class=\"aligncenter wp-image-259364 size-full\" src=\"https:\/\/franciscanos.org.br\/noticias\/wp-content\/uploads\/2025\/08\/MATERIA-17.png\" alt=\"\" width=\"1280\" height=\"720\" srcset=\"https:\/\/franciscanos.org.br\/noticias\/wp-content\/uploads\/2025\/08\/MATERIA-17.png 1280w, https:\/\/franciscanos.org.br\/noticias\/wp-content\/uploads\/2025\/08\/MATERIA-17-450x253.png 450w, https:\/\/franciscanos.org.br\/noticias\/wp-content\/uploads\/2025\/08\/MATERIA-17-1024x576.png 1024w, https:\/\/franciscanos.org.br\/noticias\/wp-content\/uploads\/2025\/08\/MATERIA-17-768x432.png 768w, https:\/\/franciscanos.org.br\/noticias\/wp-content\/uploads\/2025\/08\/MATERIA-17-150x84.png 150w\" sizes=\"(max-width: 1280px) 100vw, 1280px\" \/><\/p>\n<p>A Confer\u00eancia Nacional dos Bispos do Brasil (CNBB) lan\u00e7ou nesta quinta-feira, 7 de agosto, a identidade visual da Campanha da Fraternidade (CF) 2026. Com o tema \u201cFraternidade e Moradia\u201d e o lema b\u00edblico \u201cEle veio morar entre n\u00f3s\u201d (Jo 1,14), a iniciativa busca despertar a consci\u00eancia sobre o direito \u00e0 moradia digna como express\u00e3o concreta da f\u00e9 crist\u00e3.<\/p>\n<p>O assessor do Setor de Campanhas da CNBB, padre Jean Poul Hansen, explicou que a escolha do tema foi motivada por um pedido da Pastoral da Moradia e Favela e acolhida pelo Conselho Episcopal Pastoral da CNBB (Consep). O lema, segundo ele, ilumina teologicamente o debate, a partir do mist\u00e9rio da encarna\u00e7\u00e3o.<\/p>\n<p>\u201cDeus veio morar entre n\u00f3s, e isso fundamenta a dimens\u00e3o social da nossa f\u00e9. A Campanha da Fraternidade nos convida a construir aqui, entre n\u00f3s, sinais do Reino de Deus, promovendo dignidade, especialmente nas realidades onde ela \u00e9 negada\u201d, afirmou.<\/p>\n<p>Segundo o padre Jean, o Brasil enfrenta um d\u00e9ficit habitacional de 6 milh\u00f5es de moradias, somado a um d\u00e9ficit qualitativo de 26 milh\u00f5es de resid\u00eancias inadequadas \u2013 sem saneamento b\u00e1sico, com espa\u00e7os superlotados ou estruturas prec\u00e1rias. \u201cEssa realidade clama por convers\u00e3o social e a\u00e7\u00f5es concretas que garantam um lar digno a todos\u201d, pontuou.<\/p>\n<p><strong>A mensagem do cartaz<\/strong><\/p>\n<p>A imagem escolhida para representar visualmente a Campanha foi desenvolvida pela Assessoria de Comunica\u00e7\u00e3o da CNBB e traz elementos simb\u00f3licos que provocam reflex\u00e3o. No centro, destaca-se a escultura \u201cCristo sem-teto\u201d, criada por um artista cat\u00f3lico canadense em 2012, Timothy Schmalz, ap\u00f3s a experi\u00eancia de ver um homem em situa\u00e7\u00e3o de rua dormindo em um banco de parque, em Toronto.<\/p>\n<p>A escultura, que tem r\u00e9plicas em diversas cidades do mundo \u2013 inclusive no Brasil \u2013 mostra um homem coberto por um cobertor, com o rosto e as m\u00e3os escondidos, mas com os p\u00e9s feridos, revelando ser Jesus. H\u00e1 um espa\u00e7o vazio no banco, convidando quem v\u00ea a se aproximar.<\/p>\n<p>\u201cA mensagem \u00e9 clara: \u00e9 preciso se aproximar para reconhecer o Cristo presente nas periferias e entre os empobrecidos. Deus habita nossas cidades, mas muitas vezes est\u00e1 escondido nos que mais sofrem\u201d, explicou padre Jean.<\/p>\n<p>O fundo do cartaz exibe a silhueta de uma cidade dividida por duas cores contrastantes \u2013 marrom e laranja \u2013 representando os paradoxos urbanos e sociais. Ao centro, uma igreja com uma cruz simboliza a presen\u00e7a da f\u00e9 nesse contexto, chamada a ser sinal de esperan\u00e7a e transforma\u00e7\u00e3o.<\/p>\n<p>\u201cO cartaz quer nos provocar \u00e0 convers\u00e3o: mudar o olhar, reconhecer o Cristo no irm\u00e3o sem moradia, e assumir um compromisso pessoal, comunit\u00e1rio e social com a dignidade humana\u201d, completou o assessor.<\/p>\n<p>A Campanha da Fraternidade \u00e9 realizada anualmente pela Igreja no Brasil durante a Quaresma, como caminho de convers\u00e3o, solidariedade e compromisso social. Em 2026, ao voltar-se para a realidade da moradia, a Igreja convida todos a construir uma sociedade mais justa, onde ningu\u00e9m seja exclu\u00eddo do direito de \u201cmorar com dignidade\u201d. Seu gesto concreto, a Coleta Nacional da Solidariedade, acontecer\u00e1 no dia 29 de mar\u00e7o.<\/p>\n<p><span style=\"color: #0000ff;\"><strong><a style=\"color: #0000ff;\" href=\"https:\/\/franciscanos.org.br\/banca\/wp-content\/uploads\/2025\/08\/CF-2026-final-1.pdf\">ACESSE O CARTAZ<\/a><\/strong><\/span><\/p>\n<p><iframe loading=\"lazy\" title=\"YouTube video player\" src=\"https:\/\/www.youtube.com\/embed\/Hw8JYM8U8Zk?si=V3y7w2OoVU02TYoi\" width=\"100%\" height=\"480\" frameborder=\"0\" allowfullscreen=\"allowfullscreen\"><span data-mce-type=\"bookmark\" style=\"display: inline-block; width: 0px; overflow: hidden; line-height: 0;\" class=\"mce_SELRES_start\">\ufeff<\/span><\/iframe><\/p>\n<hr \/>\n<p><em>Larissa Carvalho | Foto: Giany Costa<\/em><\/p>\n<p>Fonte: <a href=\"https:\/\/www.cnbb.org.br\">https:\/\/www.cnbb.org.br<\/a><\/p>\n","protected":false},"excerpt":{"rendered":"<p>Campanha da Fraternidade 2026<\/p>\n","protected":false},"author":11,"featured_media":259363,"comment_status":"open","ping_status":"open","sticky":false,"template":"","format":"standard","meta":[],"categories":[1],"tags":[818,2392,29],"acf":[],"yoast_head":"<!-- This site is optimized with the Yoast SEO plugin v19.2 - https:\/\/yoast.com\/wordpress\/plugins\/seo\/ -->\n<title>CNBB lan\u00e7a cartaz da Campanha da Fraternidade 2026 com foco na moradia digna - Not\u00edcias - Franciscanos<\/title>\n<meta name=\"robots\" content=\"index, follow, max-snippet:-1, max-image-preview:large, max-video-preview:-1\" \/>\n<link rel=\"canonical\" href=\"https:\/\/franciscanos.org.br\/noticias\/cnbb-lanca-cartaz-da-campanha-da-fraternidade-2026-com-foco-na-moradia-digna.html\" \/>\n<meta property=\"og:locale\" content=\"pt_BR\" \/>\n<meta property=\"og:type\" content=\"article\" \/>\n<meta property=\"og:title\" content=\"CNBB lan\u00e7a cartaz da Campanha da Fraternidade 2026 com foco na moradia digna - Not\u00edcias - Franciscanos\" \/>\n<meta property=\"og:description\" content=\"Campanha da Fraternidade 2026\" \/>\n<meta property=\"og:url\" content=\"https:\/\/franciscanos.org.br\/noticias\/cnbb-lanca-cartaz-da-campanha-da-fraternidade-2026-com-foco-na-moradia-digna.html\" \/>\n<meta property=\"og:site_name\" content=\"Not\u00edcias - Franciscanos\" \/>\n<meta property=\"article:published_time\" content=\"2025-08-11T16:02:07+00:00\" \/>\n<meta property=\"og:image\" content=\"https:\/\/franciscanos.org.br\/noticias\/wp-content\/uploads\/2025\/08\/CHAMADA-13.png\" \/>\n\t<meta property=\"og:image:width\" content=\"800\" \/>\n\t<meta property=\"og:image:height\" content=\"550\" \/>\n\t<meta property=\"og:image:type\" content=\"image\/png\" \/>\n<meta name=\"author\" content=\"Adriana Rabelo\" \/>\n<meta name=\"twitter:card\" content=\"summary_large_image\" \/>\n<meta name=\"twitter:label1\" content=\"Escrito por\" \/>\n\t<meta name=\"twitter:data1\" content=\"Adriana Rabelo\" \/>\n\t<meta name=\"twitter:label2\" content=\"Est. tempo de leitura\" \/>\n\t<meta name=\"twitter:data2\" content=\"3 minutos\" \/>\n<script type=\"application\/ld+json\" class=\"yoast-schema-graph\">{\"@context\":\"https:\/\/schema.org\",\"@graph\":[{\"@type\":\"WebSite\",\"@id\":\"https:\/\/franciscanos.org.br\/noticias\/#website\",\"url\":\"https:\/\/franciscanos.org.br\/noticias\/\",\"name\":\"Not\u00edcias - Franciscanos\",\"description\":\"Prov\u00edncia Franciscana da Imaculada Concei\u00e7\u00e3o do Brasil - Ordem dos Frades Menores - OFM\",\"potentialAction\":[{\"@type\":\"SearchAction\",\"target\":{\"@type\":\"EntryPoint\",\"urlTemplate\":\"https:\/\/franciscanos.org.br\/noticias\/?s={search_term_string}\"},\"query-input\":\"required name=search_term_string\"}],\"inLanguage\":\"pt-BR\"},{\"@type\":\"ImageObject\",\"inLanguage\":\"pt-BR\",\"@id\":\"https:\/\/franciscanos.org.br\/noticias\/cnbb-lanca-cartaz-da-campanha-da-fraternidade-2026-com-foco-na-moradia-digna.html#primaryimage\",\"url\":\"https:\/\/franciscanos.org.br\/noticias\/wp-content\/uploads\/2025\/08\/CHAMADA-13.png\",\"contentUrl\":\"https:\/\/franciscanos.org.br\/noticias\/wp-content\/uploads\/2025\/08\/CHAMADA-13.png\",\"width\":800,\"height\":550},{\"@type\":\"WebPage\",\"@id\":\"https:\/\/franciscanos.org.br\/noticias\/cnbb-lanca-cartaz-da-campanha-da-fraternidade-2026-com-foco-na-moradia-digna.html#webpage\",\"url\":\"https:\/\/franciscanos.org.br\/noticias\/cnbb-lanca-cartaz-da-campanha-da-fraternidade-2026-com-foco-na-moradia-digna.html\",\"name\":\"CNBB lan\u00e7a cartaz da Campanha da Fraternidade 2026 com foco na moradia digna - Not\u00edcias - Franciscanos\",\"isPartOf\":{\"@id\":\"https:\/\/franciscanos.org.br\/noticias\/#website\"},\"primaryImageOfPage\":{\"@id\":\"https:\/\/franciscanos.org.br\/noticias\/cnbb-lanca-cartaz-da-campanha-da-fraternidade-2026-com-foco-na-moradia-digna.html#primaryimage\"},\"datePublished\":\"2025-08-11T16:02:07+00:00\",\"dateModified\":\"2025-08-11T16:02:07+00:00\",\"author\":{\"@id\":\"https:\/\/franciscanos.org.br\/noticias\/#\/schema\/person\/d9422e83121c3ad3b0f423d195f5bb25\"},\"breadcrumb\":{\"@id\":\"https:\/\/franciscanos.org.br\/noticias\/cnbb-lanca-cartaz-da-campanha-da-fraternidade-2026-com-foco-na-moradia-digna.html#breadcrumb\"},\"inLanguage\":\"pt-BR\",\"potentialAction\":[{\"@type\":\"ReadAction\",\"target\":[\"https:\/\/franciscanos.org.br\/noticias\/cnbb-lanca-cartaz-da-campanha-da-fraternidade-2026-com-foco-na-moradia-digna.html\"]}]},{\"@type\":\"BreadcrumbList\",\"@id\":\"https:\/\/franciscanos.org.br\/noticias\/cnbb-lanca-cartaz-da-campanha-da-fraternidade-2026-com-foco-na-moradia-digna.html#breadcrumb\",\"itemListElement\":[{\"@type\":\"ListItem\",\"position\":1,\"name\":\"Home\",\"item\":\"https:\/\/franciscanos.org.br\/noticias\"},{\"@type\":\"ListItem\",\"position\":2,\"name\":\"CNBB lan\u00e7a cartaz da Campanha da Fraternidade 2026 com foco na moradia digna\"}]},{\"@type\":\"Person\",\"@id\":\"https:\/\/franciscanos.org.br\/noticias\/#\/schema\/person\/d9422e83121c3ad3b0f423d195f5bb25\",\"name\":\"Adriana Rabelo\",\"image\":{\"@type\":\"ImageObject\",\"inLanguage\":\"pt-BR\",\"@id\":\"https:\/\/franciscanos.org.br\/noticias\/#\/schema\/person\/image\/\",\"url\":\"https:\/\/secure.gravatar.com\/avatar\/0a937b7500cd7df77540cfb8bede877d?s=96&d=mm&r=g\",\"contentUrl\":\"https:\/\/secure.gravatar.com\/avatar\/0a937b7500cd7df77540cfb8bede877d?s=96&d=mm&r=g\",\"caption\":\"Adriana Rabelo\"},\"url\":\"https:\/\/franciscanos.org.br\/noticias\/author\/adrianarabelo\"}]}<\/script>\n<!-- \/ Yoast SEO plugin. -->","yoast_head_json":{"title":"CNBB lan\u00e7a cartaz da Campanha da Fraternidade 2026 com foco na moradia digna - Not\u00edcias - Franciscanos","robots":{"index":"index","follow":"follow","max-snippet":"max-snippet:-1","max-image-preview":"max-image-preview:large","max-video-preview":"max-video-preview:-1"},"canonical":"https:\/\/franciscanos.org.br\/noticias\/cnbb-lanca-cartaz-da-campanha-da-fraternidade-2026-com-foco-na-moradia-digna.html","og_locale":"pt_BR","og_type":"article","og_title":"CNBB lan\u00e7a cartaz da Campanha da Fraternidade 2026 com foco na moradia digna - Not\u00edcias - Franciscanos","og_description":"Campanha da Fraternidade 2026","og_url":"https:\/\/franciscanos.org.br\/noticias\/cnbb-lanca-cartaz-da-campanha-da-fraternidade-2026-com-foco-na-moradia-digna.html","og_site_name":"Not\u00edcias - Franciscanos","article_published_time":"2025-08-11T16:02:07+00:00","og_image":[{"width":800,"height":550,"url":"https:\/\/franciscanos.org.br\/noticias\/wp-content\/uploads\/2025\/08\/CHAMADA-13.png","type":"image\/png"}],"author":"Adriana Rabelo","twitter_card":"summary_large_image","twitter_misc":{"Escrito por":"Adriana Rabelo","Est. tempo de leitura":"3 minutos"},"schema":{"@context":"https:\/\/schema.org","@graph":[{"@type":"WebSite","@id":"https:\/\/franciscanos.org.br\/noticias\/#website","url":"https:\/\/franciscanos.org.br\/noticias\/","name":"Not\u00edcias - Franciscanos","description":"Prov\u00edncia Franciscana da Imaculada Concei\u00e7\u00e3o do Brasil - Ordem dos Frades Menores - OFM","potentialAction":[{"@type":"SearchAction","target":{"@type":"EntryPoint","urlTemplate":"https:\/\/franciscanos.org.br\/noticias\/?s={search_term_string}"},"query-input":"required name=search_term_string"}],"inLanguage":"pt-BR"},{"@type":"ImageObject","inLanguage":"pt-BR","@id":"https:\/\/franciscanos.org.br\/noticias\/cnbb-lanca-cartaz-da-campanha-da-fraternidade-2026-com-foco-na-moradia-digna.html#primaryimage","url":"https:\/\/franciscanos.org.br\/noticias\/wp-content\/uploads\/2025\/08\/CHAMADA-13.png","contentUrl":"https:\/\/franciscanos.org.br\/noticias\/wp-content\/uploads\/2025\/08\/CHAMADA-13.png","width":800,"height":550},{"@type":"WebPage","@id":"https:\/\/franciscanos.org.br\/noticias\/cnbb-lanca-cartaz-da-campanha-da-fraternidade-2026-com-foco-na-moradia-digna.html#webpage","url":"https:\/\/franciscanos.org.br\/noticias\/cnbb-lanca-cartaz-da-campanha-da-fraternidade-2026-com-foco-na-moradia-digna.html","name":"CNBB lan\u00e7a cartaz da Campanha da Fraternidade 2026 com foco na moradia digna - Not\u00edcias - Franciscanos","isPartOf":{"@id":"https:\/\/franciscanos.org.br\/noticias\/#website"},"primaryImageOfPage":{"@id":"https:\/\/franciscanos.org.br\/noticias\/cnbb-lanca-cartaz-da-campanha-da-fraternidade-2026-com-foco-na-moradia-digna.html#primaryimage"},"datePublished":"2025-08-11T16:02:07+00:00","dateModified":"2025-08-11T16:02:07+00:00","author":{"@id":"https:\/\/franciscanos.org.br\/noticias\/#\/schema\/person\/d9422e83121c3ad3b0f423d195f5bb25"},"breadcrumb":{"@id":"https:\/\/franciscanos.org.br\/noticias\/cnbb-lanca-cartaz-da-campanha-da-fraternidade-2026-com-foco-na-moradia-digna.html#breadcrumb"},"inLanguage":"pt-BR","potentialAction":[{"@type":"ReadAction","target":["https:\/\/franciscanos.org.br\/noticias\/cnbb-lanca-cartaz-da-campanha-da-fraternidade-2026-com-foco-na-moradia-digna.html"]}]},{"@type":"BreadcrumbList","@id":"https:\/\/franciscanos.org.br\/noticias\/cnbb-lanca-cartaz-da-campanha-da-fraternidade-2026-com-foco-na-moradia-digna.html#breadcrumb","itemListElement":[{"@type":"ListItem","position":1,"name":"Home","item":"https:\/\/franciscanos.org.br\/noticias"},{"@type":"ListItem","position":2,"name":"CNBB lan\u00e7a cartaz da Campanha da Fraternidade 2026 com foco na moradia digna"}]},{"@type":"Person","@id":"https:\/\/franciscanos.org.br\/noticias\/#\/schema\/person\/d9422e83121c3ad3b0f423d195f5bb25","name":"Adriana Rabelo","image":{"@type":"ImageObject","inLanguage":"pt-BR","@id":"https:\/\/franciscanos.org.br\/noticias\/#\/schema\/person\/image\/","url":"https:\/\/secure.gravatar.com\/avatar\/0a937b7500cd7df77540cfb8bede877d?s=96&d=mm&r=g","contentUrl":"https:\/\/secure.gravatar.com\/avatar\/0a937b7500cd7df77540cfb8bede877d?s=96&d=mm&r=g","caption":"Adriana Rabelo"},"url":"https:\/\/franciscanos.org.br\/noticias\/author\/adrianarabelo"}]}},"_links":{"self":[{"href":"https:\/\/franciscanos.org.br\/noticias\/wp-json\/wp\/v2\/posts\/259362"}],"collection":[{"href":"https:\/\/franciscanos.org.br\/noticias\/wp-json\/wp\/v2\/posts"}],"about":[{"href":"https:\/\/franciscanos.org.br\/noticias\/wp-json\/wp\/v2\/types\/post"}],"author":[{"embeddable":true,"href":"https:\/\/franciscanos.org.br\/noticias\/wp-json\/wp\/v2\/users\/11"}],"replies":[{"embeddable":true,"href":"https:\/\/franciscanos.org.br\/noticias\/wp-json\/wp\/v2\/comments?post=259362"}],"version-history":[{"count":3,"href":"https:\/\/franciscanos.org.br\/noticias\/wp-json\/wp\/v2\/posts\/259362\/revisions"}],"predecessor-version":[{"id":259367,"href":"https:\/\/franciscanos.org.br\/noticias\/wp-json\/wp\/v2\/posts\/259362\/revisions\/259367"}],"wp:featuredmedia":[{"embeddable":true,"href":"https:\/\/franciscanos.org.br\/noticias\/wp-json\/wp\/v2\/media\/259363"}],"wp:attachment":[{"href":"https:\/\/franciscanos.org.br\/noticias\/wp-json\/wp\/v2\/media?parent=259362"}],"wp:term":[{"taxonomy":"category","embeddable":true,"href":"https:\/\/franciscanos.org.br\/noticias\/wp-json\/wp\/v2\/categories?post=259362"},{"taxonomy":"post_tag","embeddable":true,"href":"https:\/\/franciscanos.org.br\/noticias\/wp-json\/wp\/v2\/tags?post=259362"}],"curies":[{"name":"wp","href":"https:\/\/api.w.org\/{rel}","templated":true}]}}