{"id":259357,"date":"2025-08-11T12:40:01","date_gmt":"2025-08-11T15:40:01","guid":{"rendered":"https:\/\/franciscanos.org.br\/noticias\/?p=259357"},"modified":"2025-08-11T12:43:24","modified_gmt":"2025-08-11T15:43:24","slug":"quando-o-dinheiro-chega-na-ponta-ele-vira-floresta-autonomia-e-justica","status":"publish","type":"post","link":"https:\/\/franciscanos.org.br\/noticias\/quando-o-dinheiro-chega-na-ponta-ele-vira-floresta-autonomia-e-justica.html","title":{"rendered":"Quando o dinheiro chega na ponta, ele vira floresta, autonomia e justi\u00e7a"},"content":{"rendered":"<p><em><img loading=\"lazy\" class=\"aligncenter wp-image-259358 size-full\" src=\"https:\/\/franciscanos.org.br\/noticias\/wp-content\/uploads\/2025\/08\/materia-16.png\" alt=\"\" width=\"1280\" height=\"720\" srcset=\"https:\/\/franciscanos.org.br\/noticias\/wp-content\/uploads\/2025\/08\/materia-16.png 1280w, https:\/\/franciscanos.org.br\/noticias\/wp-content\/uploads\/2025\/08\/materia-16-450x253.png 450w, https:\/\/franciscanos.org.br\/noticias\/wp-content\/uploads\/2025\/08\/materia-16-1024x576.png 1024w, https:\/\/franciscanos.org.br\/noticias\/wp-content\/uploads\/2025\/08\/materia-16-768x432.png 768w, https:\/\/franciscanos.org.br\/noticias\/wp-content\/uploads\/2025\/08\/materia-16-150x84.png 150w\" sizes=\"(max-width: 1280px) 100vw, 1280px\" \/><\/em><\/p>\n<p><em>Publica\u00e7\u00e3o do Sefras apresenta caminhos para fortalecer a autonomia financeira e territorial de povos tradicionais no Brasil<\/em><\/p>\n<hr \/>\n<p>H\u00e1 transforma\u00e7\u00f5es que n\u00e3o v\u00eam de cima para baixo, mas de dentro pra fora \u2014 do interior dos territ\u00f3rios, das m\u00e3os calejadas de lideran\u00e7as quilombolas, ind\u00edgenas, ribeirinhas e quebradeiras de coco. E \u00e9 exatamente essa virada de chave que a publica\u00e7\u00e3o <a class=\"OHs8- IyRpB\" href=\"https:\/\/www.sefras.org.br\/_files\/ugd\/32575b_26f57d0a1a9049da9990f23fbc91163a.pdf\" target=\"_blank\" rel=\"noopener noreferrer\" data-hook=\"web-link\"><em><u>Ra\u00edzes do Bem Viver \u2013 Mecanismos financeiros para povos ind\u00edgenas e outros povos e comunidades<\/u><\/em><\/a><em> locais<\/em>, realizada pelo Sefras \u2013 A\u00e7\u00e3o Social Franciscana, se prop\u00f5e a mostrar: quando o dinheiro chega na ponta, ele vira futuro.<\/p>\n<div data-breakout=\"normal\">\n<p id=\"viewer-dd0rx610\" class=\"pQuHl TfvTg z3yvg logrL\" dir=\"auto\"><span class=\"kJaSN\">Coordenado por uma equipe de pesquisadores com forte liga\u00e7\u00e3o com os territ\u00f3rios, entre eles Aur\u00e9lio Vianna Jr., o estudo mapeou mais de 50 mecanismos financeiros que, de forma inovadora, apoiam diretamente comunidades locais da Amaz\u00f4nia e do Cerrado. S\u00e3o fundos criados e geridos pelos pr\u00f3prios movimentos sociais \u2013 fundos dos territ\u00f3rios para os territ\u00f3rios \u2013 que promovem uma autonomia que \u00e9 ao mesmo tempo financeira e pol\u00edtica.<\/span><\/p>\n<p class=\"pQuHl TfvTg z3yvg logrL\" dir=\"auto\">\u201cEu trabalho nesse campo h\u00e1 muitos anos, e o que vemos agora \u00e9 um reencantamento profundo das organiza\u00e7\u00f5es ind\u00edgenas. Esse estudo \u00e9 fruto de uma reflex\u00e3o sobre os caminhos que esses mecanismos tra\u00e7aram at\u00e9 aqui. Estamos diante de algo muito poderoso\u201d, conta Aur\u00e9lio.<\/p>\n<p class=\"pQuHl TfvTg z3yvg logrL\" dir=\"auto\">A publica\u00e7\u00e3o, que teve apoio da Climate and Land Use Alliance (CLUA) e da Funda\u00e7\u00e3o Mott, \u00e9 fruto de uma escuta participativa e detalhada com lideran\u00e7as de fundos comunit\u00e1rios. Mais do que um relat\u00f3rio, o material \u00e9 uma fotografia atual e contundente de um ecossistema de financiamento que vem sendo constru\u00eddo por dentro, rompendo com l\u00f3gicas tradicionais de hierarquia e depend\u00eancia.<\/p>\n<p class=\"pQuHl TfvTg z3yvg logrL\" dir=\"auto\">Aur\u00e9lio destaca que o momento hist\u00f3rico exige essa mudan\u00e7a de rota:<\/p>\n<p class=\"pQuHl TfvTg z3yvg logrL\" dir=\"auto\">\u201cNunca estivemos t\u00e3o afetados pelas emerg\u00eancias clim\u00e1ticas e, ao mesmo tempo, t\u00e3o desconectados como humanidade. Guerras, desinforma\u00e7\u00e3o, fragmenta\u00e7\u00e3o social. Mas esses fundos mostram que h\u00e1 outro caminho poss\u00edvel: quando os recursos chegam diretamente \u00e0s m\u00e3os dos povos que protegem as florestas, os resultados s\u00e3o reais.\u201d<\/p>\n<p class=\"pQuHl TfvTg z3yvg logrL\" dir=\"auto\">Ao hospedar a pesquisa e incentivar o debate sobre o tema, o Sefras mais uma vez reafirma seu papel como agente de transforma\u00e7\u00e3o, articulando saberes, alian\u00e7as e estrat\u00e9gias que colocam os mais vulnerabilizados no centro da solu\u00e7\u00e3o.<\/p>\n<p class=\"pQuHl TfvTg z3yvg logrL\" dir=\"auto\">\u201cEsse tipo de apoio direto \u00e0s comunidades n\u00e3o substitui o papel das organiza\u00e7\u00f5es de apoio, mas fortalece as bases. Fortalece as mulheres que est\u00e3o \u00e0 frente da gest\u00e3o, fortalece o pertencimento, fortalece a autonomia\u201d, refor\u00e7a Aur\u00e9lio.<\/p>\n<p class=\"pQuHl TfvTg z3yvg logrL\" dir=\"auto\"><em>Ra\u00edzes do Bem Viver<\/em> \u00e9, acima de tudo, um convite para pensar uma nova filantropia: menos colonial, mais horizontal e enraizada na sabedoria de quem vive e resiste todos os dias nos territ\u00f3rios.<\/p>\n<h3 class=\"pQuHl TfvTg z3yvg logrL\" dir=\"auto\"><strong>O que voc\u00ea vai encontrar neste estudo<\/strong><\/h3>\n<p class=\"pQuHl TfvTg z3yvg logrL\" dir=\"auto\">A publica\u00e7\u00e3o <em>Ra\u00edzes do Bem Viver<\/em> \u00e9 fruto de uma pesquisa robusta e sens\u00edvel, voltada a compreender como os recursos financeiros podem, de fato, fortalecer a autonomia dos povos ind\u00edgenas, quilombolas, comunidades tradicionais e movimentos sociais de base.<\/p>\n<p class=\"pQuHl TfvTg z3yvg logrL\" dir=\"auto\">Neste estudo, voc\u00ea encontrar\u00e1:<\/p>\n<p class=\"pQuHl TfvTg z3yvg logrL\" dir=\"auto\">Um mapeamento in\u00e9dito de 54 mecanismos financeiros que atuam diretamente com povos e comunidades tradicionais na Amaz\u00f4nia e no Cerrado;<\/p>\n<p class=\"pQuHl TfvTg z3yvg logrL\" dir=\"auto\">Uma proposta de classifica\u00e7\u00e3o desses mecanismos, com base em sua governan\u00e7a, estrutura e rela\u00e7\u00e3o com os territ\u00f3rios. S\u00e3o apresentados fundos comunit\u00e1rios, fundos de justi\u00e7a social, institui\u00e7\u00f5es religiosas de apoio, ONGs com programas de repasse e mecanismos com governan\u00e7a compartilhada;<\/p>\n<p class=\"pQuHl TfvTg z3yvg logrL\" dir=\"auto\">A hist\u00f3ria do surgimento e fortalecimento dos fundos comunit\u00e1rios territoriais, criados e geridos pelos pr\u00f3prios movimentos sociais para garantir autonomia pol\u00edtica e financeira;<\/p>\n<p class=\"pQuHl TfvTg z3yvg logrL\" dir=\"auto\">An\u00e1lises sobre os desafios do financiamento clim\u00e1tico e sobre o papel da coopera\u00e7\u00e3o internacional e da filantropia diante das novas demandas dos territ\u00f3rios;<\/p>\n<p class=\"pQuHl TfvTg z3yvg logrL\" dir=\"auto\">Reflex\u00f5es sobre a import\u00e2ncia da participa\u00e7\u00e3o de mulheres e jovens lideran\u00e7as na gest\u00e3o desses fundos, com destaque para experi\u00eancias que mostram como a organiza\u00e7\u00e3o comunit\u00e1ria pode transformar territ\u00f3rios inteiros;<\/p>\n<p class=\"pQuHl TfvTg z3yvg logrL\" dir=\"auto\">Propostas concretas para fortalecer o ecossistema de financiamento direto, buscando uma nova l\u00f3gica de apoio aos povos tradicionais: mais inclusiva, horizontal e enraizada.<\/p>\n<\/div>\n<div data-breakout=\"normal\">\n<p class=\"pQuHl TfvTg z3yvg logrL\" dir=\"auto\"><span class=\"kJaSN\">Acesse o estudo aqui: \u00a0<a class=\"OHs8- IyRpB\" href=\"https:\/\/www.sefras.org.br\/_files\/ugd\/32575b_26f57d0a1a9049da9990f23fbc91163a.pdf\" target=\"_blank\" rel=\"noopener noreferrer\" data-hook=\"web-link\"><em><u>Ra\u00edzes do Bem Viver \u2013 Mecanismos financeiros para povos ind\u00edgenas e outros povos e comunidades<\/u><\/em><\/a><\/span><\/p>\n<hr \/>\n<\/div>\n<p><em><span class=\"IkAhjA\" data-hook=\"profile-link\">Melissa Galdino \u2013 Sefras<\/span><\/em><\/p>\n","protected":false},"excerpt":{"rendered":"<p>Cuidado com a Casa Comum<\/p>\n","protected":false},"author":11,"featured_media":259359,"comment_status":"open","ping_status":"open","sticky":false,"template":"","format":"standard","meta":[],"categories":[1],"tags":[228],"acf":[],"yoast_head":"<!-- This site is optimized with the Yoast SEO plugin v19.2 - https:\/\/yoast.com\/wordpress\/plugins\/seo\/ -->\n<title>Quando o dinheiro chega na ponta, ele vira floresta, autonomia e justi\u00e7a - Not\u00edcias - Franciscanos<\/title>\n<meta name=\"robots\" content=\"index, follow, max-snippet:-1, max-image-preview:large, max-video-preview:-1\" \/>\n<link rel=\"canonical\" href=\"https:\/\/franciscanos.org.br\/noticias\/quando-o-dinheiro-chega-na-ponta-ele-vira-floresta-autonomia-e-justica.html\" \/>\n<meta property=\"og:locale\" content=\"pt_BR\" \/>\n<meta property=\"og:type\" content=\"article\" \/>\n<meta property=\"og:title\" content=\"Quando o dinheiro chega na ponta, ele vira floresta, autonomia e justi\u00e7a - Not\u00edcias - Franciscanos\" \/>\n<meta property=\"og:description\" content=\"Cuidado com a Casa Comum\" \/>\n<meta property=\"og:url\" content=\"https:\/\/franciscanos.org.br\/noticias\/quando-o-dinheiro-chega-na-ponta-ele-vira-floresta-autonomia-e-justica.html\" \/>\n<meta property=\"og:site_name\" content=\"Not\u00edcias - Franciscanos\" \/>\n<meta property=\"article:published_time\" content=\"2025-08-11T15:40:01+00:00\" \/>\n<meta property=\"article:modified_time\" content=\"2025-08-11T15:43:24+00:00\" \/>\n<meta property=\"og:image\" content=\"https:\/\/franciscanos.org.br\/noticias\/wp-content\/uploads\/2025\/08\/chamada-sefras.png\" \/>\n\t<meta property=\"og:image:width\" content=\"800\" \/>\n\t<meta property=\"og:image:height\" content=\"550\" \/>\n\t<meta property=\"og:image:type\" content=\"image\/png\" \/>\n<meta name=\"author\" content=\"Adriana Rabelo\" \/>\n<meta name=\"twitter:card\" content=\"summary_large_image\" \/>\n<meta name=\"twitter:label1\" content=\"Escrito por\" \/>\n\t<meta name=\"twitter:data1\" content=\"Adriana Rabelo\" \/>\n\t<meta name=\"twitter:label2\" content=\"Est. tempo de leitura\" \/>\n\t<meta name=\"twitter:data2\" content=\"4 minutos\" \/>\n<script type=\"application\/ld+json\" class=\"yoast-schema-graph\">{\"@context\":\"https:\/\/schema.org\",\"@graph\":[{\"@type\":\"WebSite\",\"@id\":\"https:\/\/franciscanos.org.br\/noticias\/#website\",\"url\":\"https:\/\/franciscanos.org.br\/noticias\/\",\"name\":\"Not\u00edcias - Franciscanos\",\"description\":\"Prov\u00edncia Franciscana da Imaculada Concei\u00e7\u00e3o do Brasil - Ordem dos Frades Menores - OFM\",\"potentialAction\":[{\"@type\":\"SearchAction\",\"target\":{\"@type\":\"EntryPoint\",\"urlTemplate\":\"https:\/\/franciscanos.org.br\/noticias\/?s={search_term_string}\"},\"query-input\":\"required name=search_term_string\"}],\"inLanguage\":\"pt-BR\"},{\"@type\":\"ImageObject\",\"inLanguage\":\"pt-BR\",\"@id\":\"https:\/\/franciscanos.org.br\/noticias\/quando-o-dinheiro-chega-na-ponta-ele-vira-floresta-autonomia-e-justica.html#primaryimage\",\"url\":\"https:\/\/franciscanos.org.br\/noticias\/wp-content\/uploads\/2025\/08\/chamada-sefras.png\",\"contentUrl\":\"https:\/\/franciscanos.org.br\/noticias\/wp-content\/uploads\/2025\/08\/chamada-sefras.png\",\"width\":800,\"height\":550},{\"@type\":\"WebPage\",\"@id\":\"https:\/\/franciscanos.org.br\/noticias\/quando-o-dinheiro-chega-na-ponta-ele-vira-floresta-autonomia-e-justica.html#webpage\",\"url\":\"https:\/\/franciscanos.org.br\/noticias\/quando-o-dinheiro-chega-na-ponta-ele-vira-floresta-autonomia-e-justica.html\",\"name\":\"Quando o dinheiro chega na ponta, ele vira floresta, autonomia e justi\u00e7a - Not\u00edcias - Franciscanos\",\"isPartOf\":{\"@id\":\"https:\/\/franciscanos.org.br\/noticias\/#website\"},\"primaryImageOfPage\":{\"@id\":\"https:\/\/franciscanos.org.br\/noticias\/quando-o-dinheiro-chega-na-ponta-ele-vira-floresta-autonomia-e-justica.html#primaryimage\"},\"datePublished\":\"2025-08-11T15:40:01+00:00\",\"dateModified\":\"2025-08-11T15:43:24+00:00\",\"author\":{\"@id\":\"https:\/\/franciscanos.org.br\/noticias\/#\/schema\/person\/d9422e83121c3ad3b0f423d195f5bb25\"},\"breadcrumb\":{\"@id\":\"https:\/\/franciscanos.org.br\/noticias\/quando-o-dinheiro-chega-na-ponta-ele-vira-floresta-autonomia-e-justica.html#breadcrumb\"},\"inLanguage\":\"pt-BR\",\"potentialAction\":[{\"@type\":\"ReadAction\",\"target\":[\"https:\/\/franciscanos.org.br\/noticias\/quando-o-dinheiro-chega-na-ponta-ele-vira-floresta-autonomia-e-justica.html\"]}]},{\"@type\":\"BreadcrumbList\",\"@id\":\"https:\/\/franciscanos.org.br\/noticias\/quando-o-dinheiro-chega-na-ponta-ele-vira-floresta-autonomia-e-justica.html#breadcrumb\",\"itemListElement\":[{\"@type\":\"ListItem\",\"position\":1,\"name\":\"Home\",\"item\":\"https:\/\/franciscanos.org.br\/noticias\"},{\"@type\":\"ListItem\",\"position\":2,\"name\":\"Quando o dinheiro chega na ponta, ele vira floresta, autonomia e justi\u00e7a\"}]},{\"@type\":\"Person\",\"@id\":\"https:\/\/franciscanos.org.br\/noticias\/#\/schema\/person\/d9422e83121c3ad3b0f423d195f5bb25\",\"name\":\"Adriana Rabelo\",\"image\":{\"@type\":\"ImageObject\",\"inLanguage\":\"pt-BR\",\"@id\":\"https:\/\/franciscanos.org.br\/noticias\/#\/schema\/person\/image\/\",\"url\":\"https:\/\/secure.gravatar.com\/avatar\/0a937b7500cd7df77540cfb8bede877d?s=96&d=mm&r=g\",\"contentUrl\":\"https:\/\/secure.gravatar.com\/avatar\/0a937b7500cd7df77540cfb8bede877d?s=96&d=mm&r=g\",\"caption\":\"Adriana Rabelo\"},\"url\":\"https:\/\/franciscanos.org.br\/noticias\/author\/adrianarabelo\"}]}<\/script>\n<!-- \/ Yoast SEO plugin. -->","yoast_head_json":{"title":"Quando o dinheiro chega na ponta, ele vira floresta, autonomia e justi\u00e7a - Not\u00edcias - Franciscanos","robots":{"index":"index","follow":"follow","max-snippet":"max-snippet:-1","max-image-preview":"max-image-preview:large","max-video-preview":"max-video-preview:-1"},"canonical":"https:\/\/franciscanos.org.br\/noticias\/quando-o-dinheiro-chega-na-ponta-ele-vira-floresta-autonomia-e-justica.html","og_locale":"pt_BR","og_type":"article","og_title":"Quando o dinheiro chega na ponta, ele vira floresta, autonomia e justi\u00e7a - Not\u00edcias - Franciscanos","og_description":"Cuidado com a Casa Comum","og_url":"https:\/\/franciscanos.org.br\/noticias\/quando-o-dinheiro-chega-na-ponta-ele-vira-floresta-autonomia-e-justica.html","og_site_name":"Not\u00edcias - Franciscanos","article_published_time":"2025-08-11T15:40:01+00:00","article_modified_time":"2025-08-11T15:43:24+00:00","og_image":[{"width":800,"height":550,"url":"https:\/\/franciscanos.org.br\/noticias\/wp-content\/uploads\/2025\/08\/chamada-sefras.png","type":"image\/png"}],"author":"Adriana Rabelo","twitter_card":"summary_large_image","twitter_misc":{"Escrito por":"Adriana Rabelo","Est. tempo de leitura":"4 minutos"},"schema":{"@context":"https:\/\/schema.org","@graph":[{"@type":"WebSite","@id":"https:\/\/franciscanos.org.br\/noticias\/#website","url":"https:\/\/franciscanos.org.br\/noticias\/","name":"Not\u00edcias - Franciscanos","description":"Prov\u00edncia Franciscana da Imaculada Concei\u00e7\u00e3o do Brasil - Ordem dos Frades Menores - OFM","potentialAction":[{"@type":"SearchAction","target":{"@type":"EntryPoint","urlTemplate":"https:\/\/franciscanos.org.br\/noticias\/?s={search_term_string}"},"query-input":"required name=search_term_string"}],"inLanguage":"pt-BR"},{"@type":"ImageObject","inLanguage":"pt-BR","@id":"https:\/\/franciscanos.org.br\/noticias\/quando-o-dinheiro-chega-na-ponta-ele-vira-floresta-autonomia-e-justica.html#primaryimage","url":"https:\/\/franciscanos.org.br\/noticias\/wp-content\/uploads\/2025\/08\/chamada-sefras.png","contentUrl":"https:\/\/franciscanos.org.br\/noticias\/wp-content\/uploads\/2025\/08\/chamada-sefras.png","width":800,"height":550},{"@type":"WebPage","@id":"https:\/\/franciscanos.org.br\/noticias\/quando-o-dinheiro-chega-na-ponta-ele-vira-floresta-autonomia-e-justica.html#webpage","url":"https:\/\/franciscanos.org.br\/noticias\/quando-o-dinheiro-chega-na-ponta-ele-vira-floresta-autonomia-e-justica.html","name":"Quando o dinheiro chega na ponta, ele vira floresta, autonomia e justi\u00e7a - Not\u00edcias - Franciscanos","isPartOf":{"@id":"https:\/\/franciscanos.org.br\/noticias\/#website"},"primaryImageOfPage":{"@id":"https:\/\/franciscanos.org.br\/noticias\/quando-o-dinheiro-chega-na-ponta-ele-vira-floresta-autonomia-e-justica.html#primaryimage"},"datePublished":"2025-08-11T15:40:01+00:00","dateModified":"2025-08-11T15:43:24+00:00","author":{"@id":"https:\/\/franciscanos.org.br\/noticias\/#\/schema\/person\/d9422e83121c3ad3b0f423d195f5bb25"},"breadcrumb":{"@id":"https:\/\/franciscanos.org.br\/noticias\/quando-o-dinheiro-chega-na-ponta-ele-vira-floresta-autonomia-e-justica.html#breadcrumb"},"inLanguage":"pt-BR","potentialAction":[{"@type":"ReadAction","target":["https:\/\/franciscanos.org.br\/noticias\/quando-o-dinheiro-chega-na-ponta-ele-vira-floresta-autonomia-e-justica.html"]}]},{"@type":"BreadcrumbList","@id":"https:\/\/franciscanos.org.br\/noticias\/quando-o-dinheiro-chega-na-ponta-ele-vira-floresta-autonomia-e-justica.html#breadcrumb","itemListElement":[{"@type":"ListItem","position":1,"name":"Home","item":"https:\/\/franciscanos.org.br\/noticias"},{"@type":"ListItem","position":2,"name":"Quando o dinheiro chega na ponta, ele vira floresta, autonomia e justi\u00e7a"}]},{"@type":"Person","@id":"https:\/\/franciscanos.org.br\/noticias\/#\/schema\/person\/d9422e83121c3ad3b0f423d195f5bb25","name":"Adriana Rabelo","image":{"@type":"ImageObject","inLanguage":"pt-BR","@id":"https:\/\/franciscanos.org.br\/noticias\/#\/schema\/person\/image\/","url":"https:\/\/secure.gravatar.com\/avatar\/0a937b7500cd7df77540cfb8bede877d?s=96&d=mm&r=g","contentUrl":"https:\/\/secure.gravatar.com\/avatar\/0a937b7500cd7df77540cfb8bede877d?s=96&d=mm&r=g","caption":"Adriana Rabelo"},"url":"https:\/\/franciscanos.org.br\/noticias\/author\/adrianarabelo"}]}},"_links":{"self":[{"href":"https:\/\/franciscanos.org.br\/noticias\/wp-json\/wp\/v2\/posts\/259357"}],"collection":[{"href":"https:\/\/franciscanos.org.br\/noticias\/wp-json\/wp\/v2\/posts"}],"about":[{"href":"https:\/\/franciscanos.org.br\/noticias\/wp-json\/wp\/v2\/types\/post"}],"author":[{"embeddable":true,"href":"https:\/\/franciscanos.org.br\/noticias\/wp-json\/wp\/v2\/users\/11"}],"replies":[{"embeddable":true,"href":"https:\/\/franciscanos.org.br\/noticias\/wp-json\/wp\/v2\/comments?post=259357"}],"version-history":[{"count":2,"href":"https:\/\/franciscanos.org.br\/noticias\/wp-json\/wp\/v2\/posts\/259357\/revisions"}],"predecessor-version":[{"id":259361,"href":"https:\/\/franciscanos.org.br\/noticias\/wp-json\/wp\/v2\/posts\/259357\/revisions\/259361"}],"wp:featuredmedia":[{"embeddable":true,"href":"https:\/\/franciscanos.org.br\/noticias\/wp-json\/wp\/v2\/media\/259359"}],"wp:attachment":[{"href":"https:\/\/franciscanos.org.br\/noticias\/wp-json\/wp\/v2\/media?parent=259357"}],"wp:term":[{"taxonomy":"category","embeddable":true,"href":"https:\/\/franciscanos.org.br\/noticias\/wp-json\/wp\/v2\/categories?post=259357"},{"taxonomy":"post_tag","embeddable":true,"href":"https:\/\/franciscanos.org.br\/noticias\/wp-json\/wp\/v2\/tags?post=259357"}],"curies":[{"name":"wp","href":"https:\/\/api.w.org\/{rel}","templated":true}]}}