{"id":259344,"date":"2025-08-11T10:31:17","date_gmt":"2025-08-11T13:31:17","guid":{"rendered":"https:\/\/franciscanos.org.br\/noticias\/?p=259344"},"modified":"2025-08-11T10:50:22","modified_gmt":"2025-08-11T13:50:22","slug":"paroquia-santa-clara-de-imbarie-celebra-o-triduo-em-honra-a-sua-padroeira","status":"publish","type":"post","link":"https:\/\/franciscanos.org.br\/noticias\/paroquia-santa-clara-de-imbarie-celebra-o-triduo-em-honra-a-sua-padroeira.html","title":{"rendered":"Par\u00f3quia Santa Clara de Imbari\u00ea celebra o Tr\u00edduo em honra \u00e0 sua padroeira"},"content":{"rendered":"<p><img loading=\"lazy\" class=\"aligncenter wp-image-259345 size-full\" src=\"https:\/\/franciscanos.org.br\/noticias\/wp-content\/uploads\/2025\/08\/MATERIA-1-4.png\" alt=\"\" width=\"1280\" height=\"720\" srcset=\"https:\/\/franciscanos.org.br\/noticias\/wp-content\/uploads\/2025\/08\/MATERIA-1-4.png 1280w, https:\/\/franciscanos.org.br\/noticias\/wp-content\/uploads\/2025\/08\/MATERIA-1-4-450x253.png 450w, https:\/\/franciscanos.org.br\/noticias\/wp-content\/uploads\/2025\/08\/MATERIA-1-4-1024x576.png 1024w, https:\/\/franciscanos.org.br\/noticias\/wp-content\/uploads\/2025\/08\/MATERIA-1-4-768x432.png 768w, https:\/\/franciscanos.org.br\/noticias\/wp-content\/uploads\/2025\/08\/MATERIA-1-4-150x84.png 150w\" sizes=\"(max-width: 1280px) 100vw, 1280px\" \/><\/p>\n<p>A Par\u00f3quia Santa Clara de Assis, do bairro Imbari\u00ea, em Duque de Caxias (RJ), viveu dias de intensa espiritualidade e comunh\u00e3o fraterna durante a realiza\u00e7\u00e3o do Tr\u00edduo em prepara\u00e7\u00e3o \u00e0 festa da sua padroeira. Entre momentos de ora\u00e7\u00e3o, louvor e reflex\u00e3o, a comunidade paroquial se uniu para celebrar o exemplo de vida e santidade de Santa Clara, modelo de simplicidade, humildade e amor a Deus.<\/p>\n<p>O Tr\u00edduo teve in\u00edcio na Solenidade de S\u00e3o Domingos Gusm\u00e3o, 8 de agosto, em que reunidos como comunidade de f\u00e9, vivemos um momento especial na comunidade cujo ele \u00e9 o Padroeiro. Vivendo sua experi\u00eancia de f\u00e9, no mesmo per\u00edodo hist\u00f3rico de Francisco e Clara de Assis, Domingos foi um grande pregador da Igreja e \u00e9 celebrado por n\u00f3s Franciscanos como nosso Pai, pela sua proximidade com Francisco e seus Filhos e filhas. Durante a homilia, nosso p\u00e1roco, Frei Jean Carlos Ajluni Oliveira, nos convidou a contemplar a vida e miss\u00e3o de S\u00e3o Domingos, destacando sua profunda devo\u00e7\u00e3o ao Verbo Encarnado, Jesus Cristo, e o seu amor filial \u00e0 Virgem Maria. Foi a partir dessa intimidade com Cristo e com a M\u00e3e de Deus que S\u00e3o Domingos encontrou for\u00e7a para anunciar o Evangelho com coragem, iluminar os cora\u00e7\u00f5es e ser um verdadeiro \u201csal da terra e luz do mundo\u201d. No fim da Celebra\u00e7\u00e3o realizou-se as ora\u00e7\u00f5es em honra a Santa Clara exaltando suas virtudes e sua fidelidade no seguimento de Cristo ao modo de Francisco de Assis.<\/p>\n\n\t\t<style type=\"text\/css\">\n\t\t\t#gallery-1 {\n\t\t\t\tmargin: auto;\n\t\t\t}\n\t\t\t#gallery-1 .gallery-item {\n\t\t\t\tfloat: left;\n\t\t\t\tmargin-top: 10px;\n\t\t\t\ttext-align: center;\n\t\t\t\twidth: 25%;\n\t\t\t}\n\t\t\t#gallery-1 img {\n\t\t\t\tborder: 2px solid #cfcfcf;\n\t\t\t}\n\t\t\t#gallery-1 .gallery-caption {\n\t\t\t\tmargin-left: 0;\n\t\t\t}\n\t\t\t\/* see gallery_shortcode() in wp-includes\/media.php *\/\n\t\t<\/style>\n\t\t<div id='gallery-1' class='gallery galleryid-259344 gallery-columns-4 gallery-size-thumbnail'><dl class='gallery-item'>\n\t\t\t<dt class='gallery-icon portrait'>\n\t\t\t\t<a href='https:\/\/franciscanos.org.br\/noticias\/wp-content\/uploads\/2025\/08\/Imagem-do-WhatsApp-de-2025-08-08-as-23.05.02_4ca4b5fb.jpg'><img width=\"300\" height=\"300\" src=\"https:\/\/franciscanos.org.br\/noticias\/wp-content\/uploads\/2025\/08\/Imagem-do-WhatsApp-de-2025-08-08-as-23.05.02_4ca4b5fb-300x300.jpg\" class=\"attachment-thumbnail size-thumbnail\" alt=\"\" loading=\"lazy\" srcset=\"https:\/\/franciscanos.org.br\/noticias\/wp-content\/uploads\/2025\/08\/Imagem-do-WhatsApp-de-2025-08-08-as-23.05.02_4ca4b5fb-300x300.jpg 300w, https:\/\/franciscanos.org.br\/noticias\/wp-content\/uploads\/2025\/08\/Imagem-do-WhatsApp-de-2025-08-08-as-23.05.02_4ca4b5fb-100x100.jpg 100w\" sizes=\"(max-width: 300px) 100vw, 300px\" \/><\/a>\n\t\t\t<\/dt><\/dl><dl class='gallery-item'>\n\t\t\t<dt class='gallery-icon landscape'>\n\t\t\t\t<a href='https:\/\/franciscanos.org.br\/noticias\/wp-content\/uploads\/2025\/08\/Imagem-do-WhatsApp-de-2025-08-09-as-20.23.12_35198b05-1.jpg'><img width=\"300\" height=\"300\" src=\"https:\/\/franciscanos.org.br\/noticias\/wp-content\/uploads\/2025\/08\/Imagem-do-WhatsApp-de-2025-08-09-as-20.23.12_35198b05-1-300x300.jpg\" class=\"attachment-thumbnail size-thumbnail\" alt=\"\" loading=\"lazy\" srcset=\"https:\/\/franciscanos.org.br\/noticias\/wp-content\/uploads\/2025\/08\/Imagem-do-WhatsApp-de-2025-08-09-as-20.23.12_35198b05-1-300x300.jpg 300w, https:\/\/franciscanos.org.br\/noticias\/wp-content\/uploads\/2025\/08\/Imagem-do-WhatsApp-de-2025-08-09-as-20.23.12_35198b05-1-100x100.jpg 100w\" sizes=\"(max-width: 300px) 100vw, 300px\" \/><\/a>\n\t\t\t<\/dt><\/dl><dl class='gallery-item'>\n\t\t\t<dt class='gallery-icon portrait'>\n\t\t\t\t<a href='https:\/\/franciscanos.org.br\/noticias\/wp-content\/uploads\/2025\/08\/Imagem-do-WhatsApp-de-2025-08-09-as-21.28.36_1b21f04b.jpg'><img width=\"300\" height=\"300\" src=\"https:\/\/franciscanos.org.br\/noticias\/wp-content\/uploads\/2025\/08\/Imagem-do-WhatsApp-de-2025-08-09-as-21.28.36_1b21f04b-300x300.jpg\" class=\"attachment-thumbnail size-thumbnail\" alt=\"\" loading=\"lazy\" srcset=\"https:\/\/franciscanos.org.br\/noticias\/wp-content\/uploads\/2025\/08\/Imagem-do-WhatsApp-de-2025-08-09-as-21.28.36_1b21f04b-300x300.jpg 300w, https:\/\/franciscanos.org.br\/noticias\/wp-content\/uploads\/2025\/08\/Imagem-do-WhatsApp-de-2025-08-09-as-21.28.36_1b21f04b-100x100.jpg 100w\" sizes=\"(max-width: 300px) 100vw, 300px\" \/><\/a>\n\t\t\t<\/dt><\/dl><dl class='gallery-item'>\n\t\t\t<dt class='gallery-icon landscape'>\n\t\t\t\t<a href='https:\/\/franciscanos.org.br\/noticias\/wp-content\/uploads\/2025\/08\/Imagem-do-WhatsApp-de-2025-08-09-as-21.28.36_f3e1e077.jpg'><img width=\"300\" height=\"300\" src=\"https:\/\/franciscanos.org.br\/noticias\/wp-content\/uploads\/2025\/08\/Imagem-do-WhatsApp-de-2025-08-09-as-21.28.36_f3e1e077-300x300.jpg\" class=\"attachment-thumbnail size-thumbnail\" alt=\"\" loading=\"lazy\" srcset=\"https:\/\/franciscanos.org.br\/noticias\/wp-content\/uploads\/2025\/08\/Imagem-do-WhatsApp-de-2025-08-09-as-21.28.36_f3e1e077-300x300.jpg 300w, https:\/\/franciscanos.org.br\/noticias\/wp-content\/uploads\/2025\/08\/Imagem-do-WhatsApp-de-2025-08-09-as-21.28.36_f3e1e077-100x100.jpg 100w\" sizes=\"(max-width: 300px) 100vw, 300px\" \/><\/a>\n\t\t\t<\/dt><\/dl><br style=\"clear: both\" \/>\n\t\t<\/div>\n\n<p>No segundo dia do Tr\u00edduo (09\/08), as comunidades reunidas por proximidades geogr\u00e1ficas meditaram e rezaram a tem\u00e1tica: Clara, Mulher de Esperan\u00e7a. Clara nos ensina que a esperan\u00e7a crist\u00e3 n\u00e3o \u00e9 um sentimento vago ou ing\u00eanuo, mas uma for\u00e7a interior que brota do encontro profundo com Cristo. Em sua \u00e9poca, ela tamb\u00e9m enfrentou um mundo em mudan\u00e7a, onde a voz feminina era silenciada e onde seguir o Evangelho radicalmente era visto com desconfian\u00e7a. Mesmo assim, n\u00e3o recuou. Com coragem, deixou tudo para viver em comunh\u00e3o com o Senhor, confiando n\u00e3o nas estruturas do mundo, mas na fidelidade de Deus. O que no sil\u00eancio de S\u00e3o Dami\u00e3o, cultivou uma esperan\u00e7a ativa: rezava, trabalhava, cuidava das irm\u00e3s, escrevia cartas de \u00e2nimo, intercedia pelos necessitados. Sua vida contemplativa n\u00e3o era fuga, mas presen\u00e7a. Sua clausura n\u00e3o era isolamento, mas comunh\u00e3o com os sofrimentos do mundo. Sua f\u00e9 inabal\u00e1vel no Cristo pobre e crucificado tornou-se farol em meio \u00e0 escurid\u00e3o. Diante da injusti\u00e7a, ela nos inspira a viver com simplicidade e solidariedade. Diante das incertezas do futuro, ela nos ensina a confiar: Deus n\u00e3o decepciona. Como ela mesma escreveu: &#8220;Ama a pobreza, pois Cristo foi pobre; olha para Aquele que te chama e n\u00e3o olhes para tr\u00e1s.&#8221;<\/p>\n<p><img loading=\"lazy\" class=\"aligncenter wp-image-259351 size-full\" src=\"https:\/\/franciscanos.org.br\/noticias\/wp-content\/uploads\/2025\/08\/MATERIA2-2.png\" alt=\"\" width=\"1280\" height=\"720\" srcset=\"https:\/\/franciscanos.org.br\/noticias\/wp-content\/uploads\/2025\/08\/MATERIA2-2.png 1280w, https:\/\/franciscanos.org.br\/noticias\/wp-content\/uploads\/2025\/08\/MATERIA2-2-450x253.png 450w, https:\/\/franciscanos.org.br\/noticias\/wp-content\/uploads\/2025\/08\/MATERIA2-2-1024x576.png 1024w, https:\/\/franciscanos.org.br\/noticias\/wp-content\/uploads\/2025\/08\/MATERIA2-2-768x432.png 768w, https:\/\/franciscanos.org.br\/noticias\/wp-content\/uploads\/2025\/08\/MATERIA2-2-150x84.png 150w\" sizes=\"(max-width: 1280px) 100vw, 1280px\" \/><\/p>\n<p>No terceiro dia do Tr\u00edduo (10\/08), 19\u00b0 Domingo do Tempo Comum, as comunidades reunidas celebraram Santa Clara de Assis como mulher de claridade, simplicidade e entrega total a Deus. Irm\u00e3 espiritual de S\u00e3o Francisco, viveu com profundidade a pobreza evang\u00e9lica, a ora\u00e7\u00e3o e o servi\u00e7o, tornando-se exemplo para todos que buscam seguir Cristo de forma humilde e verdadeira. Clara \u00e9 lembrada como perfume das coisas puras, luz que clareia caminhos tortuosos e frescor que renova cora\u00e7\u00f5es cansados. Seu testemunho convida a vencer o ego\u00edsmo e as trevas do isolamento, cultivando a simplicidade, a contempla\u00e7\u00e3o e o amor ao pr\u00f3ximo. Comparada \u00e0 lua que reflete a luz do \u201cSol de Assis\u201d, Clara permanece como intercessora fiel, levando aos c\u00e9us as s\u00faplicas de seus devotos e inspirando comunidades a viverem na luz do Evangelho. Nesta celebra\u00e7\u00e3o tamb\u00e9m se recordou o Dia dos Pais.<\/p>\n\n\t\t<style type=\"text\/css\">\n\t\t\t#gallery-2 {\n\t\t\t\tmargin: auto;\n\t\t\t}\n\t\t\t#gallery-2 .gallery-item {\n\t\t\t\tfloat: left;\n\t\t\t\tmargin-top: 10px;\n\t\t\t\ttext-align: center;\n\t\t\t\twidth: 33%;\n\t\t\t}\n\t\t\t#gallery-2 img {\n\t\t\t\tborder: 2px solid #cfcfcf;\n\t\t\t}\n\t\t\t#gallery-2 .gallery-caption {\n\t\t\t\tmargin-left: 0;\n\t\t\t}\n\t\t\t\/* see gallery_shortcode() in wp-includes\/media.php *\/\n\t\t<\/style>\n\t\t<div id='gallery-2' class='gallery galleryid-259344 gallery-columns-3 gallery-size-thumbnail'><dl class='gallery-item'>\n\t\t\t<dt class='gallery-icon landscape'>\n\t\t\t\t<a href='https:\/\/franciscanos.org.br\/noticias\/wp-content\/uploads\/2025\/08\/Imagem-do-WhatsApp-de-2025-08-10-as-10.23.42_debf5398.jpg'><img width=\"300\" height=\"300\" src=\"https:\/\/franciscanos.org.br\/noticias\/wp-content\/uploads\/2025\/08\/Imagem-do-WhatsApp-de-2025-08-10-as-10.23.42_debf5398-300x300.jpg\" class=\"attachment-thumbnail size-thumbnail\" alt=\"\" loading=\"lazy\" srcset=\"https:\/\/franciscanos.org.br\/noticias\/wp-content\/uploads\/2025\/08\/Imagem-do-WhatsApp-de-2025-08-10-as-10.23.42_debf5398-300x300.jpg 300w, https:\/\/franciscanos.org.br\/noticias\/wp-content\/uploads\/2025\/08\/Imagem-do-WhatsApp-de-2025-08-10-as-10.23.42_debf5398-100x100.jpg 100w\" sizes=\"(max-width: 300px) 100vw, 300px\" \/><\/a>\n\t\t\t<\/dt><\/dl><dl class='gallery-item'>\n\t\t\t<dt class='gallery-icon landscape'>\n\t\t\t\t<a href='https:\/\/franciscanos.org.br\/noticias\/wp-content\/uploads\/2025\/08\/Imagem-do-WhatsApp-de-2025-08-10-as-10.27.03_0a8b62a7.jpg'><img width=\"300\" height=\"300\" src=\"https:\/\/franciscanos.org.br\/noticias\/wp-content\/uploads\/2025\/08\/Imagem-do-WhatsApp-de-2025-08-10-as-10.27.03_0a8b62a7-300x300.jpg\" class=\"attachment-thumbnail size-thumbnail\" alt=\"\" loading=\"lazy\" srcset=\"https:\/\/franciscanos.org.br\/noticias\/wp-content\/uploads\/2025\/08\/Imagem-do-WhatsApp-de-2025-08-10-as-10.27.03_0a8b62a7-300x300.jpg 300w, https:\/\/franciscanos.org.br\/noticias\/wp-content\/uploads\/2025\/08\/Imagem-do-WhatsApp-de-2025-08-10-as-10.27.03_0a8b62a7-100x100.jpg 100w\" sizes=\"(max-width: 300px) 100vw, 300px\" \/><\/a>\n\t\t\t<\/dt><\/dl><dl class='gallery-item'>\n\t\t\t<dt class='gallery-icon landscape'>\n\t\t\t\t<a href='https:\/\/franciscanos.org.br\/noticias\/wp-content\/uploads\/2025\/08\/Imagem-do-WhatsApp-de-2025-08-10-as-10.27.03_66b4d7c0.jpg'><img width=\"300\" height=\"300\" src=\"https:\/\/franciscanos.org.br\/noticias\/wp-content\/uploads\/2025\/08\/Imagem-do-WhatsApp-de-2025-08-10-as-10.27.03_66b4d7c0-300x300.jpg\" class=\"attachment-thumbnail size-thumbnail\" alt=\"\" loading=\"lazy\" srcset=\"https:\/\/franciscanos.org.br\/noticias\/wp-content\/uploads\/2025\/08\/Imagem-do-WhatsApp-de-2025-08-10-as-10.27.03_66b4d7c0-300x300.jpg 300w, https:\/\/franciscanos.org.br\/noticias\/wp-content\/uploads\/2025\/08\/Imagem-do-WhatsApp-de-2025-08-10-as-10.27.03_66b4d7c0-100x100.jpg 100w\" sizes=\"(max-width: 300px) 100vw, 300px\" \/><\/a>\n\t\t\t<\/dt><\/dl><br style=\"clear: both\" \/>\n\t\t<\/div>\n\n<p>A participa\u00e7\u00e3o expressiva dos paroquianos e visitantes demonstrou a for\u00e7a da devo\u00e7\u00e3o a Santa Clara na regi\u00e3o. Os momentos de confraterniza\u00e7\u00e3o, realizados ap\u00f3s as celebra\u00e7\u00f5es, tamb\u00e9m proporcionaram um clima de alegria e partilha, caracter\u00edsticas marcantes da vida franciscana.<\/p>\n<p>Encerrando o Tr\u00edduo, todos se prepararam para a grande solenidade da festa da padroeira, celebrada neste dia 11 de agosto, quando a Igreja recorda a vida e a obra de Santa Clara de Assis, disc\u00edpula fiel de S\u00e3o Francisco e fundadora da Ordem das Clarissas. Assim, a Par\u00f3quia Santa Clara de Assis, em Imbari\u00ea, renovou seu compromisso de viver e testemunhar o Evangelho, inspirada pelo exemplo luminoso de sua padroeira, fortalecendo a f\u00e9 e a uni\u00e3o entre seus membros.<\/p>\n<hr \/>\n<p><em>Texto: Frei Franklin Matheus, ofm\/\u00a0Fotos: Pascom\u00a0<\/em><\/p>\n","protected":false},"excerpt":{"rendered":"<p>Tr\u00edduo de Santa Clara<\/p>\n","protected":false},"author":11,"featured_media":259346,"comment_status":"open","ping_status":"open","sticky":false,"template":"","format":"standard","meta":[],"categories":[1],"tags":[185,2325],"acf":[],"yoast_head":"<!-- This site is optimized with the Yoast SEO plugin v19.2 - https:\/\/yoast.com\/wordpress\/plugins\/seo\/ -->\n<title>Par\u00f3quia Santa Clara de Imbari\u00ea celebra o Tr\u00edduo em honra \u00e0 sua padroeira - Not\u00edcias - Franciscanos<\/title>\n<meta name=\"robots\" content=\"index, follow, max-snippet:-1, max-image-preview:large, max-video-preview:-1\" \/>\n<link rel=\"canonical\" href=\"https:\/\/franciscanos.org.br\/noticias\/paroquia-santa-clara-de-imbarie-celebra-o-triduo-em-honra-a-sua-padroeira.html\" \/>\n<meta property=\"og:locale\" content=\"pt_BR\" \/>\n<meta property=\"og:type\" content=\"article\" \/>\n<meta property=\"og:title\" content=\"Par\u00f3quia Santa Clara de Imbari\u00ea celebra o Tr\u00edduo em honra \u00e0 sua padroeira - Not\u00edcias - Franciscanos\" \/>\n<meta property=\"og:description\" content=\"Tr\u00edduo de Santa Clara\" \/>\n<meta property=\"og:url\" content=\"https:\/\/franciscanos.org.br\/noticias\/paroquia-santa-clara-de-imbarie-celebra-o-triduo-em-honra-a-sua-padroeira.html\" \/>\n<meta property=\"og:site_name\" content=\"Not\u00edcias - Franciscanos\" \/>\n<meta property=\"article:published_time\" content=\"2025-08-11T13:31:17+00:00\" \/>\n<meta property=\"article:modified_time\" content=\"2025-08-11T13:50:22+00:00\" \/>\n<meta property=\"og:image\" content=\"https:\/\/franciscanos.org.br\/noticias\/wp-content\/uploads\/2025\/08\/CHAMADA-12.png\" \/>\n\t<meta property=\"og:image:width\" content=\"800\" \/>\n\t<meta property=\"og:image:height\" content=\"550\" \/>\n\t<meta property=\"og:image:type\" content=\"image\/png\" \/>\n<meta name=\"author\" content=\"Adriana Rabelo\" \/>\n<meta name=\"twitter:card\" content=\"summary_large_image\" \/>\n<meta name=\"twitter:label1\" content=\"Escrito por\" \/>\n\t<meta name=\"twitter:data1\" content=\"Adriana Rabelo\" \/>\n\t<meta name=\"twitter:label2\" content=\"Est. tempo de leitura\" \/>\n\t<meta name=\"twitter:data2\" content=\"4 minutos\" \/>\n<script type=\"application\/ld+json\" class=\"yoast-schema-graph\">{\"@context\":\"https:\/\/schema.org\",\"@graph\":[{\"@type\":\"WebSite\",\"@id\":\"https:\/\/franciscanos.org.br\/noticias\/#website\",\"url\":\"https:\/\/franciscanos.org.br\/noticias\/\",\"name\":\"Not\u00edcias - Franciscanos\",\"description\":\"Prov\u00edncia Franciscana da Imaculada Concei\u00e7\u00e3o do Brasil - Ordem dos Frades Menores - OFM\",\"potentialAction\":[{\"@type\":\"SearchAction\",\"target\":{\"@type\":\"EntryPoint\",\"urlTemplate\":\"https:\/\/franciscanos.org.br\/noticias\/?s={search_term_string}\"},\"query-input\":\"required name=search_term_string\"}],\"inLanguage\":\"pt-BR\"},{\"@type\":\"ImageObject\",\"inLanguage\":\"pt-BR\",\"@id\":\"https:\/\/franciscanos.org.br\/noticias\/paroquia-santa-clara-de-imbarie-celebra-o-triduo-em-honra-a-sua-padroeira.html#primaryimage\",\"url\":\"https:\/\/franciscanos.org.br\/noticias\/wp-content\/uploads\/2025\/08\/CHAMADA-12.png\",\"contentUrl\":\"https:\/\/franciscanos.org.br\/noticias\/wp-content\/uploads\/2025\/08\/CHAMADA-12.png\",\"width\":800,\"height\":550},{\"@type\":\"WebPage\",\"@id\":\"https:\/\/franciscanos.org.br\/noticias\/paroquia-santa-clara-de-imbarie-celebra-o-triduo-em-honra-a-sua-padroeira.html#webpage\",\"url\":\"https:\/\/franciscanos.org.br\/noticias\/paroquia-santa-clara-de-imbarie-celebra-o-triduo-em-honra-a-sua-padroeira.html\",\"name\":\"Par\u00f3quia Santa Clara de Imbari\u00ea celebra o Tr\u00edduo em honra \u00e0 sua padroeira - Not\u00edcias - Franciscanos\",\"isPartOf\":{\"@id\":\"https:\/\/franciscanos.org.br\/noticias\/#website\"},\"primaryImageOfPage\":{\"@id\":\"https:\/\/franciscanos.org.br\/noticias\/paroquia-santa-clara-de-imbarie-celebra-o-triduo-em-honra-a-sua-padroeira.html#primaryimage\"},\"datePublished\":\"2025-08-11T13:31:17+00:00\",\"dateModified\":\"2025-08-11T13:50:22+00:00\",\"author\":{\"@id\":\"https:\/\/franciscanos.org.br\/noticias\/#\/schema\/person\/d9422e83121c3ad3b0f423d195f5bb25\"},\"breadcrumb\":{\"@id\":\"https:\/\/franciscanos.org.br\/noticias\/paroquia-santa-clara-de-imbarie-celebra-o-triduo-em-honra-a-sua-padroeira.html#breadcrumb\"},\"inLanguage\":\"pt-BR\",\"potentialAction\":[{\"@type\":\"ReadAction\",\"target\":[\"https:\/\/franciscanos.org.br\/noticias\/paroquia-santa-clara-de-imbarie-celebra-o-triduo-em-honra-a-sua-padroeira.html\"]}]},{\"@type\":\"BreadcrumbList\",\"@id\":\"https:\/\/franciscanos.org.br\/noticias\/paroquia-santa-clara-de-imbarie-celebra-o-triduo-em-honra-a-sua-padroeira.html#breadcrumb\",\"itemListElement\":[{\"@type\":\"ListItem\",\"position\":1,\"name\":\"Home\",\"item\":\"https:\/\/franciscanos.org.br\/noticias\"},{\"@type\":\"ListItem\",\"position\":2,\"name\":\"Par\u00f3quia Santa Clara de Imbari\u00ea celebra o Tr\u00edduo em honra \u00e0 sua padroeira\"}]},{\"@type\":\"Person\",\"@id\":\"https:\/\/franciscanos.org.br\/noticias\/#\/schema\/person\/d9422e83121c3ad3b0f423d195f5bb25\",\"name\":\"Adriana Rabelo\",\"image\":{\"@type\":\"ImageObject\",\"inLanguage\":\"pt-BR\",\"@id\":\"https:\/\/franciscanos.org.br\/noticias\/#\/schema\/person\/image\/\",\"url\":\"https:\/\/secure.gravatar.com\/avatar\/0a937b7500cd7df77540cfb8bede877d?s=96&d=mm&r=g\",\"contentUrl\":\"https:\/\/secure.gravatar.com\/avatar\/0a937b7500cd7df77540cfb8bede877d?s=96&d=mm&r=g\",\"caption\":\"Adriana Rabelo\"},\"url\":\"https:\/\/franciscanos.org.br\/noticias\/author\/adrianarabelo\"}]}<\/script>\n<!-- \/ Yoast SEO plugin. -->","yoast_head_json":{"title":"Par\u00f3quia Santa Clara de Imbari\u00ea celebra o Tr\u00edduo em honra \u00e0 sua padroeira - Not\u00edcias - Franciscanos","robots":{"index":"index","follow":"follow","max-snippet":"max-snippet:-1","max-image-preview":"max-image-preview:large","max-video-preview":"max-video-preview:-1"},"canonical":"https:\/\/franciscanos.org.br\/noticias\/paroquia-santa-clara-de-imbarie-celebra-o-triduo-em-honra-a-sua-padroeira.html","og_locale":"pt_BR","og_type":"article","og_title":"Par\u00f3quia Santa Clara de Imbari\u00ea celebra o Tr\u00edduo em honra \u00e0 sua padroeira - Not\u00edcias - Franciscanos","og_description":"Tr\u00edduo de Santa Clara","og_url":"https:\/\/franciscanos.org.br\/noticias\/paroquia-santa-clara-de-imbarie-celebra-o-triduo-em-honra-a-sua-padroeira.html","og_site_name":"Not\u00edcias - Franciscanos","article_published_time":"2025-08-11T13:31:17+00:00","article_modified_time":"2025-08-11T13:50:22+00:00","og_image":[{"width":800,"height":550,"url":"https:\/\/franciscanos.org.br\/noticias\/wp-content\/uploads\/2025\/08\/CHAMADA-12.png","type":"image\/png"}],"author":"Adriana Rabelo","twitter_card":"summary_large_image","twitter_misc":{"Escrito por":"Adriana Rabelo","Est. tempo de leitura":"4 minutos"},"schema":{"@context":"https:\/\/schema.org","@graph":[{"@type":"WebSite","@id":"https:\/\/franciscanos.org.br\/noticias\/#website","url":"https:\/\/franciscanos.org.br\/noticias\/","name":"Not\u00edcias - Franciscanos","description":"Prov\u00edncia Franciscana da Imaculada Concei\u00e7\u00e3o do Brasil - Ordem dos Frades Menores - OFM","potentialAction":[{"@type":"SearchAction","target":{"@type":"EntryPoint","urlTemplate":"https:\/\/franciscanos.org.br\/noticias\/?s={search_term_string}"},"query-input":"required name=search_term_string"}],"inLanguage":"pt-BR"},{"@type":"ImageObject","inLanguage":"pt-BR","@id":"https:\/\/franciscanos.org.br\/noticias\/paroquia-santa-clara-de-imbarie-celebra-o-triduo-em-honra-a-sua-padroeira.html#primaryimage","url":"https:\/\/franciscanos.org.br\/noticias\/wp-content\/uploads\/2025\/08\/CHAMADA-12.png","contentUrl":"https:\/\/franciscanos.org.br\/noticias\/wp-content\/uploads\/2025\/08\/CHAMADA-12.png","width":800,"height":550},{"@type":"WebPage","@id":"https:\/\/franciscanos.org.br\/noticias\/paroquia-santa-clara-de-imbarie-celebra-o-triduo-em-honra-a-sua-padroeira.html#webpage","url":"https:\/\/franciscanos.org.br\/noticias\/paroquia-santa-clara-de-imbarie-celebra-o-triduo-em-honra-a-sua-padroeira.html","name":"Par\u00f3quia Santa Clara de Imbari\u00ea celebra o Tr\u00edduo em honra \u00e0 sua padroeira - Not\u00edcias - Franciscanos","isPartOf":{"@id":"https:\/\/franciscanos.org.br\/noticias\/#website"},"primaryImageOfPage":{"@id":"https:\/\/franciscanos.org.br\/noticias\/paroquia-santa-clara-de-imbarie-celebra-o-triduo-em-honra-a-sua-padroeira.html#primaryimage"},"datePublished":"2025-08-11T13:31:17+00:00","dateModified":"2025-08-11T13:50:22+00:00","author":{"@id":"https:\/\/franciscanos.org.br\/noticias\/#\/schema\/person\/d9422e83121c3ad3b0f423d195f5bb25"},"breadcrumb":{"@id":"https:\/\/franciscanos.org.br\/noticias\/paroquia-santa-clara-de-imbarie-celebra-o-triduo-em-honra-a-sua-padroeira.html#breadcrumb"},"inLanguage":"pt-BR","potentialAction":[{"@type":"ReadAction","target":["https:\/\/franciscanos.org.br\/noticias\/paroquia-santa-clara-de-imbarie-celebra-o-triduo-em-honra-a-sua-padroeira.html"]}]},{"@type":"BreadcrumbList","@id":"https:\/\/franciscanos.org.br\/noticias\/paroquia-santa-clara-de-imbarie-celebra-o-triduo-em-honra-a-sua-padroeira.html#breadcrumb","itemListElement":[{"@type":"ListItem","position":1,"name":"Home","item":"https:\/\/franciscanos.org.br\/noticias"},{"@type":"ListItem","position":2,"name":"Par\u00f3quia Santa Clara de Imbari\u00ea celebra o Tr\u00edduo em honra \u00e0 sua padroeira"}]},{"@type":"Person","@id":"https:\/\/franciscanos.org.br\/noticias\/#\/schema\/person\/d9422e83121c3ad3b0f423d195f5bb25","name":"Adriana Rabelo","image":{"@type":"ImageObject","inLanguage":"pt-BR","@id":"https:\/\/franciscanos.org.br\/noticias\/#\/schema\/person\/image\/","url":"https:\/\/secure.gravatar.com\/avatar\/0a937b7500cd7df77540cfb8bede877d?s=96&d=mm&r=g","contentUrl":"https:\/\/secure.gravatar.com\/avatar\/0a937b7500cd7df77540cfb8bede877d?s=96&d=mm&r=g","caption":"Adriana Rabelo"},"url":"https:\/\/franciscanos.org.br\/noticias\/author\/adrianarabelo"}]}},"_links":{"self":[{"href":"https:\/\/franciscanos.org.br\/noticias\/wp-json\/wp\/v2\/posts\/259344"}],"collection":[{"href":"https:\/\/franciscanos.org.br\/noticias\/wp-json\/wp\/v2\/posts"}],"about":[{"href":"https:\/\/franciscanos.org.br\/noticias\/wp-json\/wp\/v2\/types\/post"}],"author":[{"embeddable":true,"href":"https:\/\/franciscanos.org.br\/noticias\/wp-json\/wp\/v2\/users\/11"}],"replies":[{"embeddable":true,"href":"https:\/\/franciscanos.org.br\/noticias\/wp-json\/wp\/v2\/comments?post=259344"}],"version-history":[{"count":2,"href":"https:\/\/franciscanos.org.br\/noticias\/wp-json\/wp\/v2\/posts\/259344\/revisions"}],"predecessor-version":[{"id":259356,"href":"https:\/\/franciscanos.org.br\/noticias\/wp-json\/wp\/v2\/posts\/259344\/revisions\/259356"}],"wp:featuredmedia":[{"embeddable":true,"href":"https:\/\/franciscanos.org.br\/noticias\/wp-json\/wp\/v2\/media\/259346"}],"wp:attachment":[{"href":"https:\/\/franciscanos.org.br\/noticias\/wp-json\/wp\/v2\/media?parent=259344"}],"wp:term":[{"taxonomy":"category","embeddable":true,"href":"https:\/\/franciscanos.org.br\/noticias\/wp-json\/wp\/v2\/categories?post=259344"},{"taxonomy":"post_tag","embeddable":true,"href":"https:\/\/franciscanos.org.br\/noticias\/wp-json\/wp\/v2\/tags?post=259344"}],"curies":[{"name":"wp","href":"https:\/\/api.w.org\/{rel}","templated":true}]}}