{"id":259332,"date":"2025-08-11T07:28:13","date_gmt":"2025-08-11T10:28:13","guid":{"rendered":"https:\/\/franciscanos.org.br\/noticias\/?p=259332"},"modified":"2025-08-11T09:37:21","modified_gmt":"2025-08-11T12:37:21","slug":"tv-celinauta-uma-historia-que-se-constroi-e-evolui","status":"publish","type":"post","link":"https:\/\/franciscanos.org.br\/noticias\/tv-celinauta-uma-historia-que-se-constroi-e-evolui.html","title":{"rendered":"TV Celinauta: uma hist\u00f3ria que se constr\u00f3i e evolui"},"content":{"rendered":"<p><img loading=\"lazy\" class=\"aligncenter wp-image-259334 size-full\" src=\"https:\/\/franciscanos.org.br\/noticias\/wp-content\/uploads\/2025\/08\/materia-15.png\" alt=\"\" width=\"1280\" height=\"720\" srcset=\"https:\/\/franciscanos.org.br\/noticias\/wp-content\/uploads\/2025\/08\/materia-15.png 1280w, https:\/\/franciscanos.org.br\/noticias\/wp-content\/uploads\/2025\/08\/materia-15-450x253.png 450w, https:\/\/franciscanos.org.br\/noticias\/wp-content\/uploads\/2025\/08\/materia-15-1024x576.png 1024w, https:\/\/franciscanos.org.br\/noticias\/wp-content\/uploads\/2025\/08\/materia-15-768x432.png 768w, https:\/\/franciscanos.org.br\/noticias\/wp-content\/uploads\/2025\/08\/materia-15-150x84.png 150w\" sizes=\"(max-width: 1280px) 100vw, 1280px\" \/><\/p>\n<p>A Prov\u00edncia Franciscana da Imaculada Concei\u00e7\u00e3o do Brasil e a Funda\u00e7\u00e3o Celinauta est\u00e3o empenhadas na qualidade da comunica\u00e7\u00e3o vinculada aos preceitos franciscanos, sem perder o foco no futuro e nas evolu\u00e7\u00f5es que o mundo apresenta.<\/p>\n<p>Seguindo o caminho da paz e do bem, firmes na esperan\u00e7a e convictos da miss\u00e3o evangelizadora, nesta segunda-feira, 11 de agosto, dia da celebra\u00e7\u00e3o de Santa Clara de Assis, padroeira da televis\u00e3o, a TV Sudoeste, localizada na cidade de Pato Branco (PR), passar\u00e1 a se chamar oficialmente <strong>TV Celinauta<\/strong>.<\/p>\n<p><img loading=\"lazy\" class=\"size-medium wp-image-259335 alignright\" src=\"https:\/\/franciscanos.org.br\/noticias\/wp-content\/uploads\/2025\/08\/WhatsApp-Image-2025-08-08-at-10.57.22-317x450.jpeg\" alt=\"\" width=\"317\" height=\"450\" srcset=\"https:\/\/franciscanos.org.br\/noticias\/wp-content\/uploads\/2025\/08\/WhatsApp-Image-2025-08-08-at-10.57.22-317x450.jpeg 317w, https:\/\/franciscanos.org.br\/noticias\/wp-content\/uploads\/2025\/08\/WhatsApp-Image-2025-08-08-at-10.57.22-722x1024.jpeg 722w, https:\/\/franciscanos.org.br\/noticias\/wp-content\/uploads\/2025\/08\/WhatsApp-Image-2025-08-08-at-10.57.22-768x1089.jpeg 768w, https:\/\/franciscanos.org.br\/noticias\/wp-content\/uploads\/2025\/08\/WhatsApp-Image-2025-08-08-at-10.57.22-1083x1536.jpeg 1083w, https:\/\/franciscanos.org.br\/noticias\/wp-content\/uploads\/2025\/08\/WhatsApp-Image-2025-08-08-at-10.57.22-150x213.jpeg 150w, https:\/\/franciscanos.org.br\/noticias\/wp-content\/uploads\/2025\/08\/WhatsApp-Image-2025-08-08-at-10.57.22.jpeg 761w\" sizes=\"(max-width: 317px) 100vw, 317px\" \/>De acordo com Frei Augusto Luiz Gabriel, vice-presidente da emissora, a decis\u00e3o pela mudan\u00e7a do nome est\u00e1 em processo de ajustes e amadurecimento h\u00e1 um bom tempo e, dentre os motivos da altera\u00e7\u00e3o, est\u00e1 o costume dos telespectadores da regi\u00e3o, que j\u00e1 se referem \u00e0 emissora como TV Celinauta.<\/p>\n<p>\u201cAp\u00f3s um tempo de prepara\u00e7\u00e3o e readequa\u00e7\u00f5es internas, com a reformula\u00e7\u00e3o da programa\u00e7\u00e3o e dos novos est\u00fadios, vamos estrear a nova fase desse importante ve\u00edculo de comunica\u00e7\u00e3o franciscana\u201d.<\/p>\n<h3><strong>Compadre Francisco<\/strong><\/h3>\n<p>Dentre os novos programas que estar\u00e3o na estreia da nova fase est\u00e1 o <strong>\u201cCompadre Francisco\u201d<\/strong>, uma produ\u00e7\u00e3o que ser\u00e1 levada ao ar no pr\u00f3ximo dia 11, \u00e0s 11h30. A proposta do programa semanal, conduzido pelo Frei Augusto, ser\u00e1 apresentar um olhar franciscano sobre a vida, a miss\u00e3o e as boas not\u00edcias que brotam das fraternidades, da Prov\u00edncia e da grande fam\u00edlia franciscana espalhada pelo mundo inteiro.<\/p>\n<p>\u201cO Compadre Francisco vai rodar, ir ao encontro, mostrar com beleza o que os irm\u00e3os vivem e que o mundo precisa saber. Em outras palavras, o programa ser\u00e1 itinerante, como S\u00e3o Francisco o foi \u201d, ressaltou o frade.<\/p>\n<p>O \u201cCompadre Francisco\u201d ser\u00e1 transmitido pela <strong>TV Celinauta<\/strong> e pela <strong>TV Franciscanos<\/strong>, no YouTube.<\/p>\n<p>Para este dia 11, foi preparada uma programa\u00e7\u00e3o especial, aberta a todos que gostam de seguir os passos franciscanos por meio dos ve\u00edculos de comunica\u00e7\u00e3o.<\/p>\n<p><iframe loading=\"lazy\" title=\"YouTube video player\" src=\"https:\/\/www.youtube.com\/embed\/YsCFUjZxV9w?si=5oF-iAZvxbAB3HQz\" width=\"100%\" height=\"480\" frameborder=\"0\" allowfullscreen=\"allowfullscreen\"><\/iframe><br \/>\n<strong>Programa\u00e7\u00e3o \u2013 11\/08:<\/strong><\/p>\n<ul>\n<li><strong>7h<\/strong> \u2013 Santa Missa (com transmiss\u00e3o pela TV Celinauta)<\/li>\n<li><strong>9h<\/strong> \u2013 Recep\u00e7\u00e3o com caf\u00e9 na sede da Rede Celinauta<\/li>\n<li><strong>10h<\/strong> \u2013 Cerimonial de Inaugura\u00e7\u00e3o<\/li>\n<li><strong>11h30 <\/strong>\u2013 Estreia da nova programa\u00e7\u00e3o que se estender\u00e1 durante todo o dia<\/li>\n<\/ul>\n<p>Que esta etapa de evolu\u00e7\u00e3o para a TV Celinauta seja sempre luz na vida de todos que buscam por uma comunica\u00e7\u00e3o de paz, do bem e da esperan\u00e7a.<\/p>\n<p><iframe loading=\"lazy\" title=\"YouTube video player\" src=\"https:\/\/www.youtube.com\/embed\/fL5u8q5H0PA?si=Mg-1_646jUw5nuys\" width=\"100%\" height=\"480\" frameborder=\"0\" allowfullscreen=\"allowfullscreen\"><\/iframe><\/p>\n<hr \/>\n<p>Adriana Rabelo Rodrigues<\/p>\n","protected":false},"excerpt":{"rendered":"<p>TV Celinauta<\/p>\n","protected":false},"author":11,"featured_media":259333,"comment_status":"open","ping_status":"open","sticky":false,"template":"","format":"standard","meta":[],"categories":[1],"tags":[1167,1434],"acf":[],"yoast_head":"<!-- This site is optimized with the Yoast SEO plugin v19.2 - https:\/\/yoast.com\/wordpress\/plugins\/seo\/ -->\n<title>TV Celinauta: uma hist\u00f3ria que se constr\u00f3i e evolui - Not\u00edcias - Franciscanos<\/title>\n<meta name=\"robots\" content=\"index, follow, max-snippet:-1, max-image-preview:large, max-video-preview:-1\" \/>\n<link rel=\"canonical\" href=\"https:\/\/franciscanos.org.br\/noticias\/tv-celinauta-uma-historia-que-se-constroi-e-evolui.html\" \/>\n<meta property=\"og:locale\" content=\"pt_BR\" \/>\n<meta property=\"og:type\" content=\"article\" \/>\n<meta property=\"og:title\" content=\"TV Celinauta: uma hist\u00f3ria que se constr\u00f3i e evolui - Not\u00edcias - Franciscanos\" \/>\n<meta property=\"og:description\" content=\"TV Celinauta\" \/>\n<meta property=\"og:url\" content=\"https:\/\/franciscanos.org.br\/noticias\/tv-celinauta-uma-historia-que-se-constroi-e-evolui.html\" \/>\n<meta property=\"og:site_name\" content=\"Not\u00edcias - Franciscanos\" \/>\n<meta property=\"article:published_time\" content=\"2025-08-11T10:28:13+00:00\" \/>\n<meta property=\"article:modified_time\" content=\"2025-08-11T12:37:21+00:00\" \/>\n<meta property=\"og:image\" content=\"https:\/\/franciscanos.org.br\/noticias\/wp-content\/uploads\/2025\/08\/chamada-11.png\" \/>\n\t<meta property=\"og:image:width\" content=\"800\" \/>\n\t<meta property=\"og:image:height\" content=\"550\" \/>\n\t<meta property=\"og:image:type\" content=\"image\/png\" \/>\n<meta name=\"author\" content=\"Adriana Rabelo\" \/>\n<meta name=\"twitter:card\" content=\"summary_large_image\" \/>\n<meta name=\"twitter:label1\" content=\"Escrito por\" \/>\n\t<meta name=\"twitter:data1\" content=\"Adriana Rabelo\" \/>\n\t<meta name=\"twitter:label2\" content=\"Est. tempo de leitura\" \/>\n\t<meta name=\"twitter:data2\" content=\"2 minutos\" \/>\n<script type=\"application\/ld+json\" class=\"yoast-schema-graph\">{\"@context\":\"https:\/\/schema.org\",\"@graph\":[{\"@type\":\"WebSite\",\"@id\":\"https:\/\/franciscanos.org.br\/noticias\/#website\",\"url\":\"https:\/\/franciscanos.org.br\/noticias\/\",\"name\":\"Not\u00edcias - Franciscanos\",\"description\":\"Prov\u00edncia Franciscana da Imaculada Concei\u00e7\u00e3o do Brasil - Ordem dos Frades Menores - OFM\",\"potentialAction\":[{\"@type\":\"SearchAction\",\"target\":{\"@type\":\"EntryPoint\",\"urlTemplate\":\"https:\/\/franciscanos.org.br\/noticias\/?s={search_term_string}\"},\"query-input\":\"required name=search_term_string\"}],\"inLanguage\":\"pt-BR\"},{\"@type\":\"ImageObject\",\"inLanguage\":\"pt-BR\",\"@id\":\"https:\/\/franciscanos.org.br\/noticias\/tv-celinauta-uma-historia-que-se-constroi-e-evolui.html#primaryimage\",\"url\":\"https:\/\/franciscanos.org.br\/noticias\/wp-content\/uploads\/2025\/08\/chamada-11.png\",\"contentUrl\":\"https:\/\/franciscanos.org.br\/noticias\/wp-content\/uploads\/2025\/08\/chamada-11.png\",\"width\":800,\"height\":550},{\"@type\":\"WebPage\",\"@id\":\"https:\/\/franciscanos.org.br\/noticias\/tv-celinauta-uma-historia-que-se-constroi-e-evolui.html#webpage\",\"url\":\"https:\/\/franciscanos.org.br\/noticias\/tv-celinauta-uma-historia-que-se-constroi-e-evolui.html\",\"name\":\"TV Celinauta: uma hist\u00f3ria que se constr\u00f3i e evolui - Not\u00edcias - Franciscanos\",\"isPartOf\":{\"@id\":\"https:\/\/franciscanos.org.br\/noticias\/#website\"},\"primaryImageOfPage\":{\"@id\":\"https:\/\/franciscanos.org.br\/noticias\/tv-celinauta-uma-historia-que-se-constroi-e-evolui.html#primaryimage\"},\"datePublished\":\"2025-08-11T10:28:13+00:00\",\"dateModified\":\"2025-08-11T12:37:21+00:00\",\"author\":{\"@id\":\"https:\/\/franciscanos.org.br\/noticias\/#\/schema\/person\/d9422e83121c3ad3b0f423d195f5bb25\"},\"breadcrumb\":{\"@id\":\"https:\/\/franciscanos.org.br\/noticias\/tv-celinauta-uma-historia-que-se-constroi-e-evolui.html#breadcrumb\"},\"inLanguage\":\"pt-BR\",\"potentialAction\":[{\"@type\":\"ReadAction\",\"target\":[\"https:\/\/franciscanos.org.br\/noticias\/tv-celinauta-uma-historia-que-se-constroi-e-evolui.html\"]}]},{\"@type\":\"BreadcrumbList\",\"@id\":\"https:\/\/franciscanos.org.br\/noticias\/tv-celinauta-uma-historia-que-se-constroi-e-evolui.html#breadcrumb\",\"itemListElement\":[{\"@type\":\"ListItem\",\"position\":1,\"name\":\"Home\",\"item\":\"https:\/\/franciscanos.org.br\/noticias\"},{\"@type\":\"ListItem\",\"position\":2,\"name\":\"TV Celinauta: uma hist\u00f3ria que se constr\u00f3i e evolui\"}]},{\"@type\":\"Person\",\"@id\":\"https:\/\/franciscanos.org.br\/noticias\/#\/schema\/person\/d9422e83121c3ad3b0f423d195f5bb25\",\"name\":\"Adriana Rabelo\",\"image\":{\"@type\":\"ImageObject\",\"inLanguage\":\"pt-BR\",\"@id\":\"https:\/\/franciscanos.org.br\/noticias\/#\/schema\/person\/image\/\",\"url\":\"https:\/\/secure.gravatar.com\/avatar\/0a937b7500cd7df77540cfb8bede877d?s=96&d=mm&r=g\",\"contentUrl\":\"https:\/\/secure.gravatar.com\/avatar\/0a937b7500cd7df77540cfb8bede877d?s=96&d=mm&r=g\",\"caption\":\"Adriana Rabelo\"},\"url\":\"https:\/\/franciscanos.org.br\/noticias\/author\/adrianarabelo\"}]}<\/script>\n<!-- \/ Yoast SEO plugin. -->","yoast_head_json":{"title":"TV Celinauta: uma hist\u00f3ria que se constr\u00f3i e evolui - Not\u00edcias - Franciscanos","robots":{"index":"index","follow":"follow","max-snippet":"max-snippet:-1","max-image-preview":"max-image-preview:large","max-video-preview":"max-video-preview:-1"},"canonical":"https:\/\/franciscanos.org.br\/noticias\/tv-celinauta-uma-historia-que-se-constroi-e-evolui.html","og_locale":"pt_BR","og_type":"article","og_title":"TV Celinauta: uma hist\u00f3ria que se constr\u00f3i e evolui - Not\u00edcias - Franciscanos","og_description":"TV Celinauta","og_url":"https:\/\/franciscanos.org.br\/noticias\/tv-celinauta-uma-historia-que-se-constroi-e-evolui.html","og_site_name":"Not\u00edcias - Franciscanos","article_published_time":"2025-08-11T10:28:13+00:00","article_modified_time":"2025-08-11T12:37:21+00:00","og_image":[{"width":800,"height":550,"url":"https:\/\/franciscanos.org.br\/noticias\/wp-content\/uploads\/2025\/08\/chamada-11.png","type":"image\/png"}],"author":"Adriana Rabelo","twitter_card":"summary_large_image","twitter_misc":{"Escrito por":"Adriana Rabelo","Est. tempo de leitura":"2 minutos"},"schema":{"@context":"https:\/\/schema.org","@graph":[{"@type":"WebSite","@id":"https:\/\/franciscanos.org.br\/noticias\/#website","url":"https:\/\/franciscanos.org.br\/noticias\/","name":"Not\u00edcias - Franciscanos","description":"Prov\u00edncia Franciscana da Imaculada Concei\u00e7\u00e3o do Brasil - Ordem dos Frades Menores - OFM","potentialAction":[{"@type":"SearchAction","target":{"@type":"EntryPoint","urlTemplate":"https:\/\/franciscanos.org.br\/noticias\/?s={search_term_string}"},"query-input":"required name=search_term_string"}],"inLanguage":"pt-BR"},{"@type":"ImageObject","inLanguage":"pt-BR","@id":"https:\/\/franciscanos.org.br\/noticias\/tv-celinauta-uma-historia-que-se-constroi-e-evolui.html#primaryimage","url":"https:\/\/franciscanos.org.br\/noticias\/wp-content\/uploads\/2025\/08\/chamada-11.png","contentUrl":"https:\/\/franciscanos.org.br\/noticias\/wp-content\/uploads\/2025\/08\/chamada-11.png","width":800,"height":550},{"@type":"WebPage","@id":"https:\/\/franciscanos.org.br\/noticias\/tv-celinauta-uma-historia-que-se-constroi-e-evolui.html#webpage","url":"https:\/\/franciscanos.org.br\/noticias\/tv-celinauta-uma-historia-que-se-constroi-e-evolui.html","name":"TV Celinauta: uma hist\u00f3ria que se constr\u00f3i e evolui - Not\u00edcias - Franciscanos","isPartOf":{"@id":"https:\/\/franciscanos.org.br\/noticias\/#website"},"primaryImageOfPage":{"@id":"https:\/\/franciscanos.org.br\/noticias\/tv-celinauta-uma-historia-que-se-constroi-e-evolui.html#primaryimage"},"datePublished":"2025-08-11T10:28:13+00:00","dateModified":"2025-08-11T12:37:21+00:00","author":{"@id":"https:\/\/franciscanos.org.br\/noticias\/#\/schema\/person\/d9422e83121c3ad3b0f423d195f5bb25"},"breadcrumb":{"@id":"https:\/\/franciscanos.org.br\/noticias\/tv-celinauta-uma-historia-que-se-constroi-e-evolui.html#breadcrumb"},"inLanguage":"pt-BR","potentialAction":[{"@type":"ReadAction","target":["https:\/\/franciscanos.org.br\/noticias\/tv-celinauta-uma-historia-que-se-constroi-e-evolui.html"]}]},{"@type":"BreadcrumbList","@id":"https:\/\/franciscanos.org.br\/noticias\/tv-celinauta-uma-historia-que-se-constroi-e-evolui.html#breadcrumb","itemListElement":[{"@type":"ListItem","position":1,"name":"Home","item":"https:\/\/franciscanos.org.br\/noticias"},{"@type":"ListItem","position":2,"name":"TV Celinauta: uma hist\u00f3ria que se constr\u00f3i e evolui"}]},{"@type":"Person","@id":"https:\/\/franciscanos.org.br\/noticias\/#\/schema\/person\/d9422e83121c3ad3b0f423d195f5bb25","name":"Adriana Rabelo","image":{"@type":"ImageObject","inLanguage":"pt-BR","@id":"https:\/\/franciscanos.org.br\/noticias\/#\/schema\/person\/image\/","url":"https:\/\/secure.gravatar.com\/avatar\/0a937b7500cd7df77540cfb8bede877d?s=96&d=mm&r=g","contentUrl":"https:\/\/secure.gravatar.com\/avatar\/0a937b7500cd7df77540cfb8bede877d?s=96&d=mm&r=g","caption":"Adriana Rabelo"},"url":"https:\/\/franciscanos.org.br\/noticias\/author\/adrianarabelo"}]}},"_links":{"self":[{"href":"https:\/\/franciscanos.org.br\/noticias\/wp-json\/wp\/v2\/posts\/259332"}],"collection":[{"href":"https:\/\/franciscanos.org.br\/noticias\/wp-json\/wp\/v2\/posts"}],"about":[{"href":"https:\/\/franciscanos.org.br\/noticias\/wp-json\/wp\/v2\/types\/post"}],"author":[{"embeddable":true,"href":"https:\/\/franciscanos.org.br\/noticias\/wp-json\/wp\/v2\/users\/11"}],"replies":[{"embeddable":true,"href":"https:\/\/franciscanos.org.br\/noticias\/wp-json\/wp\/v2\/comments?post=259332"}],"version-history":[{"count":8,"href":"https:\/\/franciscanos.org.br\/noticias\/wp-json\/wp\/v2\/posts\/259332\/revisions"}],"predecessor-version":[{"id":259343,"href":"https:\/\/franciscanos.org.br\/noticias\/wp-json\/wp\/v2\/posts\/259332\/revisions\/259343"}],"wp:featuredmedia":[{"embeddable":true,"href":"https:\/\/franciscanos.org.br\/noticias\/wp-json\/wp\/v2\/media\/259333"}],"wp:attachment":[{"href":"https:\/\/franciscanos.org.br\/noticias\/wp-json\/wp\/v2\/media?parent=259332"}],"wp:term":[{"taxonomy":"category","embeddable":true,"href":"https:\/\/franciscanos.org.br\/noticias\/wp-json\/wp\/v2\/categories?post=259332"},{"taxonomy":"post_tag","embeddable":true,"href":"https:\/\/franciscanos.org.br\/noticias\/wp-json\/wp\/v2\/tags?post=259332"}],"curies":[{"name":"wp","href":"https:\/\/api.w.org\/{rel}","templated":true}]}}