{"id":259311,"date":"2025-08-07T10:23:05","date_gmt":"2025-08-07T13:23:05","guid":{"rendered":"https:\/\/franciscanos.org.br\/noticias\/?p=259311"},"modified":"2025-08-07T10:26:31","modified_gmt":"2025-08-07T13:26:31","slug":"presidencia-da-cnbb-inicia-tratativas-para-celebracao-dos-200-anos-de-dialogo-diplomatico-da-santa-se-com-o-brasil","status":"publish","type":"post","link":"https:\/\/franciscanos.org.br\/noticias\/presidencia-da-cnbb-inicia-tratativas-para-celebracao-dos-200-anos-de-dialogo-diplomatico-da-santa-se-com-o-brasil.html","title":{"rendered":"Presid\u00eancia da CNBB inicia tratativas para celebra\u00e7\u00e3o dos 200 anos de di\u00e1logo diplom\u00e1tico da Santa S\u00e9 com o Brasil"},"content":{"rendered":"<p><img loading=\"lazy\" class=\"aligncenter wp-image-259313 size-full\" src=\"https:\/\/franciscanos.org.br\/noticias\/wp-content\/uploads\/2025\/08\/MATFERIA.png\" alt=\"\" width=\"1280\" height=\"720\" srcset=\"https:\/\/franciscanos.org.br\/noticias\/wp-content\/uploads\/2025\/08\/MATFERIA.png 1280w, https:\/\/franciscanos.org.br\/noticias\/wp-content\/uploads\/2025\/08\/MATFERIA-450x253.png 450w, https:\/\/franciscanos.org.br\/noticias\/wp-content\/uploads\/2025\/08\/MATFERIA-1024x576.png 1024w, https:\/\/franciscanos.org.br\/noticias\/wp-content\/uploads\/2025\/08\/MATFERIA-768x432.png 768w, https:\/\/franciscanos.org.br\/noticias\/wp-content\/uploads\/2025\/08\/MATFERIA-150x84.png 150w\" sizes=\"(max-width: 1280px) 100vw, 1280px\" \/><\/p>\n<p>A Presid\u00eancia da Confer\u00eancia Nacional dos Bispos do Brasil (CNBB) e alguns dos cardeais brasileiros foram recebidos pelo presidente da Rep\u00fablica, Luiz In\u00e1cio Lula da Silva, em audi\u00eancia oficial na manh\u00e3 da quarta-feira, 6 de agosto. A reuni\u00e3o teve como pauta central as tratativas sobre a celebra\u00e7\u00e3o dos 200 anos de rela\u00e7\u00f5es diplom\u00e1ticas entre o Brasil e a Santa S\u00e9. A agenda, solicitada pela presid\u00eancia da CNBB desde o dia 23 de julho,\u00a0 tamb\u00e9m foi oportunidade de os bispos manifestarem sua preocupa\u00e7\u00e3o com o projeto de Lei do licenciamento ambiental, aprovado no final de julho, e iniciativas de cuidado com a cria\u00e7\u00e3o, como as a\u00e7\u00f5es da Igreja rumo \u00e0 COP30.<\/p>\n<p>Da Presid\u00eancia da CNBB, estiveram presentes o cardeal Jaime Spengler, arcebispo de Porto Alegre (RS) e presidente da Confer\u00eancia dos Bispos; dom Paulo Jackson N\u00f3brega de Souza, arcebispo de Olinda e Recife (PE) e segundo vice-presidente; e dom Ricardo Hoepers, secret\u00e1rio-geral da CNBB. Junto deles, estiveram os cardeais Odilo Pedro Scherer, arcebispo de S\u00e3o Paulo (SP); Leonardo Ulrich Steiner, arcebispo de Manaus (AM); e Jo\u00e3o Braz de Aviz, arcebispo em\u00e9rito de Bras\u00edlia (DF). Tamb\u00e9m esteve presente dom Evaristo Pascoal Spengler, bispo de Roraima e presidente da Rede Eclesial Pan-Amaz\u00f4nica (Repam-Brasil).<\/p>\n<h3><strong>Bicenten\u00e1rio das rela\u00e7\u00f5es entre o Brasil e a Santa S\u00e9<\/strong><\/h3>\n<p>Os bispos apresentaram ao presidente Lula o convite para participar da celebra\u00e7\u00e3o do Bicenten\u00e1rio do estabelecimento de rela\u00e7\u00f5es diplom\u00e1ticas entre o Brasil e a Santa S\u00e9. Est\u00e1 prevista uma missa solene para o dia 23 de janeiro de 2026, na Bas\u00edlica de Santa Maria Maggiore, em Roma, It\u00e1lia.<\/p>\n<p>Espera-se para esta ocasi\u00e3o especial \u201ca presen\u00e7a de representantes de alto n\u00edvel do Governo do Brasil, da Santa S\u00e9 e da Igreja Cat\u00f3lica no Brasil\u201d, segundo carta do embaixador do Brasil na Santa S\u00e9, Everto Vieira Vargas, enviada ao presidente da CNBB, cardeal Jaime Spengler.<\/p>\n<h3><strong>Licenciamento ambiental<\/strong><\/h3>\n<p>Os bispos apresentaram suas preocupa\u00e7\u00f5es com o projeto de Lei n\u00ba 2.159\/2021, aprovado pela C\u00e2mara dos Deputados no dia 17 de julho. Eles refor\u00e7aram o posicionamento da Confer\u00eancia Episcopal e de organismos eclesiais divulgado em nota, nas \u00faltimas semanas, de que o projeto \u201crepresenta um grave retrocesso na pol\u00edtica ambiental brasileira\u201d.<\/p>\n<p>A nova reda\u00e7\u00e3o proposta pelo projeto de lei da C\u00e2mara dos Deputados \u00e9 \u201cainda mais fr\u00e1gil que a aprovada no Senado\u201d, segundo os organismos eclesiais: \u201cdesestrutura princ\u00edpios consolidados de prote\u00e7\u00e3o ambiental, enfraquece o licenciamento, fragiliza o controle p\u00fablico e amea\u00e7a os territ\u00f3rios, as \u00e1guas, as florestas e a vida\u201d.<\/p>\n<p>O projeto, denunciaram as organiza\u00e7\u00f5es cat\u00f3licas, \u201ctem impactos severos como a redu\u00e7\u00e3o de avalia\u00e7\u00e3o pr\u00e9via de empreendimentos com o potencial de causar danos irrevers\u00edveis. Tamb\u00e9m enfraquece as normas em \u00e1reas sens\u00edveis como a Amaz\u00f4nia, a Mata Atl\u00e2ntica e o Cerrado\u201d.<\/p>\n<h3><strong>Prote\u00e7\u00e3o da cria\u00e7\u00e3o<\/strong><\/h3>\n<p>A preocupa\u00e7\u00e3o da Igreja Cat\u00f3lica \u00e9 manifestada em \u00e2mbito local e mundial. O Papa Le\u00e3o XVI, em continuidade com seus predecessores, tem refor\u00e7ado a miss\u00e3o da humanidade em cuidar a cria\u00e7\u00e3o, como algo confiado por Deus a seu povo. \u201cN\u00f3s ouvimos o clamor da terra, n\u00f3s ouvimos o clamor dos pobres porque esse clamor chegou ao cora\u00e7\u00e3o de Deus\u201d, afirmou recentemente na Missa pelo cuidado da cria\u00e7\u00e3o.<\/p>\n<p>No dia 9 de julho, \u00a0o Santo Padre utilizou, pela primeira vez, o novo formul\u00e1rio lit\u00fargico \u201cPela Prote\u00e7\u00e3o da Cria\u00e7\u00e3o\u201d. O texto, apresentado em 3 de julho pelo cardeal Michael Czerny, prefeito do Dicast\u00e9rio para o Servi\u00e7o do Desenvolvimento Humano Integral, insere-se no compromisso da Igreja de viver a convers\u00e3o ecol\u00f3gica de forma concreta e celebrativa, por meio de ora\u00e7\u00f5es e leituras b\u00edblicas espec\u00edficas.<\/p>\n<p>Na ocasi\u00e3o, o Papa disse que \u201cin\u00fameros desastres naturais que ainda vemos no mundo quase todos os dias em muitos lugares e em muitos pa\u00edses, s\u00e3o em parte causados pelos excessos do ser humano, com o seu estilo de vida\u201d.<\/p>\n<hr \/>\n<p><em>Texto: Luiz Lopes com foto de Ricardo Stuckert<\/em><\/p>\n<p>Fonte: <a href=\"https:\/\/www.cnbb.org.br\/\">https:\/\/www.cnbb.org.br\/<\/a><\/p>\n","protected":false},"excerpt":{"rendered":"<p>Cuidado com a Cria\u00e7\u00e3o<\/p>\n","protected":false},"author":11,"featured_media":259312,"comment_status":"open","ping_status":"open","sticky":false,"template":"","format":"standard","meta":[],"categories":[1],"tags":[29,1390],"acf":[],"yoast_head":"<!-- This site is optimized with the Yoast SEO plugin v19.2 - https:\/\/yoast.com\/wordpress\/plugins\/seo\/ -->\n<title>Presid\u00eancia da CNBB inicia tratativas para celebra\u00e7\u00e3o dos 200 anos de di\u00e1logo diplom\u00e1tico da Santa S\u00e9 com o Brasil - Not\u00edcias - Franciscanos<\/title>\n<meta name=\"robots\" content=\"index, follow, max-snippet:-1, max-image-preview:large, max-video-preview:-1\" \/>\n<link rel=\"canonical\" href=\"https:\/\/franciscanos.org.br\/noticias\/presidencia-da-cnbb-inicia-tratativas-para-celebracao-dos-200-anos-de-dialogo-diplomatico-da-santa-se-com-o-brasil.html\" \/>\n<meta property=\"og:locale\" content=\"pt_BR\" \/>\n<meta property=\"og:type\" content=\"article\" \/>\n<meta property=\"og:title\" content=\"Presid\u00eancia da CNBB inicia tratativas para celebra\u00e7\u00e3o dos 200 anos de di\u00e1logo diplom\u00e1tico da Santa S\u00e9 com o Brasil - Not\u00edcias - Franciscanos\" \/>\n<meta property=\"og:description\" content=\"Cuidado com a Cria\u00e7\u00e3o\" \/>\n<meta property=\"og:url\" content=\"https:\/\/franciscanos.org.br\/noticias\/presidencia-da-cnbb-inicia-tratativas-para-celebracao-dos-200-anos-de-dialogo-diplomatico-da-santa-se-com-o-brasil.html\" \/>\n<meta property=\"og:site_name\" content=\"Not\u00edcias - Franciscanos\" \/>\n<meta property=\"article:published_time\" content=\"2025-08-07T13:23:05+00:00\" \/>\n<meta property=\"article:modified_time\" content=\"2025-08-07T13:26:31+00:00\" \/>\n<meta property=\"og:image\" content=\"https:\/\/franciscanos.org.br\/noticias\/wp-content\/uploads\/2025\/08\/CHAMADA-9.png\" \/>\n\t<meta property=\"og:image:width\" content=\"800\" \/>\n\t<meta property=\"og:image:height\" content=\"550\" \/>\n\t<meta property=\"og:image:type\" content=\"image\/png\" \/>\n<meta name=\"author\" content=\"Adriana Rabelo\" \/>\n<meta name=\"twitter:card\" content=\"summary_large_image\" \/>\n<meta name=\"twitter:label1\" content=\"Escrito por\" \/>\n\t<meta name=\"twitter:data1\" content=\"Adriana Rabelo\" \/>\n\t<meta name=\"twitter:label2\" content=\"Est. tempo de leitura\" \/>\n\t<meta name=\"twitter:data2\" content=\"4 minutos\" \/>\n<script type=\"application\/ld+json\" class=\"yoast-schema-graph\">{\"@context\":\"https:\/\/schema.org\",\"@graph\":[{\"@type\":\"WebSite\",\"@id\":\"https:\/\/franciscanos.org.br\/noticias\/#website\",\"url\":\"https:\/\/franciscanos.org.br\/noticias\/\",\"name\":\"Not\u00edcias - Franciscanos\",\"description\":\"Prov\u00edncia Franciscana da Imaculada Concei\u00e7\u00e3o do Brasil - Ordem dos Frades Menores - OFM\",\"potentialAction\":[{\"@type\":\"SearchAction\",\"target\":{\"@type\":\"EntryPoint\",\"urlTemplate\":\"https:\/\/franciscanos.org.br\/noticias\/?s={search_term_string}\"},\"query-input\":\"required name=search_term_string\"}],\"inLanguage\":\"pt-BR\"},{\"@type\":\"ImageObject\",\"inLanguage\":\"pt-BR\",\"@id\":\"https:\/\/franciscanos.org.br\/noticias\/presidencia-da-cnbb-inicia-tratativas-para-celebracao-dos-200-anos-de-dialogo-diplomatico-da-santa-se-com-o-brasil.html#primaryimage\",\"url\":\"https:\/\/franciscanos.org.br\/noticias\/wp-content\/uploads\/2025\/08\/CHAMADA-9.png\",\"contentUrl\":\"https:\/\/franciscanos.org.br\/noticias\/wp-content\/uploads\/2025\/08\/CHAMADA-9.png\",\"width\":800,\"height\":550},{\"@type\":\"WebPage\",\"@id\":\"https:\/\/franciscanos.org.br\/noticias\/presidencia-da-cnbb-inicia-tratativas-para-celebracao-dos-200-anos-de-dialogo-diplomatico-da-santa-se-com-o-brasil.html#webpage\",\"url\":\"https:\/\/franciscanos.org.br\/noticias\/presidencia-da-cnbb-inicia-tratativas-para-celebracao-dos-200-anos-de-dialogo-diplomatico-da-santa-se-com-o-brasil.html\",\"name\":\"Presid\u00eancia da CNBB inicia tratativas para celebra\u00e7\u00e3o dos 200 anos de di\u00e1logo diplom\u00e1tico da Santa S\u00e9 com o Brasil - Not\u00edcias - Franciscanos\",\"isPartOf\":{\"@id\":\"https:\/\/franciscanos.org.br\/noticias\/#website\"},\"primaryImageOfPage\":{\"@id\":\"https:\/\/franciscanos.org.br\/noticias\/presidencia-da-cnbb-inicia-tratativas-para-celebracao-dos-200-anos-de-dialogo-diplomatico-da-santa-se-com-o-brasil.html#primaryimage\"},\"datePublished\":\"2025-08-07T13:23:05+00:00\",\"dateModified\":\"2025-08-07T13:26:31+00:00\",\"author\":{\"@id\":\"https:\/\/franciscanos.org.br\/noticias\/#\/schema\/person\/d9422e83121c3ad3b0f423d195f5bb25\"},\"breadcrumb\":{\"@id\":\"https:\/\/franciscanos.org.br\/noticias\/presidencia-da-cnbb-inicia-tratativas-para-celebracao-dos-200-anos-de-dialogo-diplomatico-da-santa-se-com-o-brasil.html#breadcrumb\"},\"inLanguage\":\"pt-BR\",\"potentialAction\":[{\"@type\":\"ReadAction\",\"target\":[\"https:\/\/franciscanos.org.br\/noticias\/presidencia-da-cnbb-inicia-tratativas-para-celebracao-dos-200-anos-de-dialogo-diplomatico-da-santa-se-com-o-brasil.html\"]}]},{\"@type\":\"BreadcrumbList\",\"@id\":\"https:\/\/franciscanos.org.br\/noticias\/presidencia-da-cnbb-inicia-tratativas-para-celebracao-dos-200-anos-de-dialogo-diplomatico-da-santa-se-com-o-brasil.html#breadcrumb\",\"itemListElement\":[{\"@type\":\"ListItem\",\"position\":1,\"name\":\"Home\",\"item\":\"https:\/\/franciscanos.org.br\/noticias\"},{\"@type\":\"ListItem\",\"position\":2,\"name\":\"Presid\u00eancia da CNBB inicia tratativas para celebra\u00e7\u00e3o dos 200 anos de di\u00e1logo diplom\u00e1tico da Santa S\u00e9 com o Brasil\"}]},{\"@type\":\"Person\",\"@id\":\"https:\/\/franciscanos.org.br\/noticias\/#\/schema\/person\/d9422e83121c3ad3b0f423d195f5bb25\",\"name\":\"Adriana Rabelo\",\"image\":{\"@type\":\"ImageObject\",\"inLanguage\":\"pt-BR\",\"@id\":\"https:\/\/franciscanos.org.br\/noticias\/#\/schema\/person\/image\/\",\"url\":\"https:\/\/secure.gravatar.com\/avatar\/0a937b7500cd7df77540cfb8bede877d?s=96&d=mm&r=g\",\"contentUrl\":\"https:\/\/secure.gravatar.com\/avatar\/0a937b7500cd7df77540cfb8bede877d?s=96&d=mm&r=g\",\"caption\":\"Adriana Rabelo\"},\"url\":\"https:\/\/franciscanos.org.br\/noticias\/author\/adrianarabelo\"}]}<\/script>\n<!-- \/ Yoast SEO plugin. -->","yoast_head_json":{"title":"Presid\u00eancia da CNBB inicia tratativas para celebra\u00e7\u00e3o dos 200 anos de di\u00e1logo diplom\u00e1tico da Santa S\u00e9 com o Brasil - Not\u00edcias - Franciscanos","robots":{"index":"index","follow":"follow","max-snippet":"max-snippet:-1","max-image-preview":"max-image-preview:large","max-video-preview":"max-video-preview:-1"},"canonical":"https:\/\/franciscanos.org.br\/noticias\/presidencia-da-cnbb-inicia-tratativas-para-celebracao-dos-200-anos-de-dialogo-diplomatico-da-santa-se-com-o-brasil.html","og_locale":"pt_BR","og_type":"article","og_title":"Presid\u00eancia da CNBB inicia tratativas para celebra\u00e7\u00e3o dos 200 anos de di\u00e1logo diplom\u00e1tico da Santa S\u00e9 com o Brasil - Not\u00edcias - Franciscanos","og_description":"Cuidado com a Cria\u00e7\u00e3o","og_url":"https:\/\/franciscanos.org.br\/noticias\/presidencia-da-cnbb-inicia-tratativas-para-celebracao-dos-200-anos-de-dialogo-diplomatico-da-santa-se-com-o-brasil.html","og_site_name":"Not\u00edcias - Franciscanos","article_published_time":"2025-08-07T13:23:05+00:00","article_modified_time":"2025-08-07T13:26:31+00:00","og_image":[{"width":800,"height":550,"url":"https:\/\/franciscanos.org.br\/noticias\/wp-content\/uploads\/2025\/08\/CHAMADA-9.png","type":"image\/png"}],"author":"Adriana Rabelo","twitter_card":"summary_large_image","twitter_misc":{"Escrito por":"Adriana Rabelo","Est. tempo de leitura":"4 minutos"},"schema":{"@context":"https:\/\/schema.org","@graph":[{"@type":"WebSite","@id":"https:\/\/franciscanos.org.br\/noticias\/#website","url":"https:\/\/franciscanos.org.br\/noticias\/","name":"Not\u00edcias - Franciscanos","description":"Prov\u00edncia Franciscana da Imaculada Concei\u00e7\u00e3o do Brasil - Ordem dos Frades Menores - OFM","potentialAction":[{"@type":"SearchAction","target":{"@type":"EntryPoint","urlTemplate":"https:\/\/franciscanos.org.br\/noticias\/?s={search_term_string}"},"query-input":"required name=search_term_string"}],"inLanguage":"pt-BR"},{"@type":"ImageObject","inLanguage":"pt-BR","@id":"https:\/\/franciscanos.org.br\/noticias\/presidencia-da-cnbb-inicia-tratativas-para-celebracao-dos-200-anos-de-dialogo-diplomatico-da-santa-se-com-o-brasil.html#primaryimage","url":"https:\/\/franciscanos.org.br\/noticias\/wp-content\/uploads\/2025\/08\/CHAMADA-9.png","contentUrl":"https:\/\/franciscanos.org.br\/noticias\/wp-content\/uploads\/2025\/08\/CHAMADA-9.png","width":800,"height":550},{"@type":"WebPage","@id":"https:\/\/franciscanos.org.br\/noticias\/presidencia-da-cnbb-inicia-tratativas-para-celebracao-dos-200-anos-de-dialogo-diplomatico-da-santa-se-com-o-brasil.html#webpage","url":"https:\/\/franciscanos.org.br\/noticias\/presidencia-da-cnbb-inicia-tratativas-para-celebracao-dos-200-anos-de-dialogo-diplomatico-da-santa-se-com-o-brasil.html","name":"Presid\u00eancia da CNBB inicia tratativas para celebra\u00e7\u00e3o dos 200 anos de di\u00e1logo diplom\u00e1tico da Santa S\u00e9 com o Brasil - Not\u00edcias - Franciscanos","isPartOf":{"@id":"https:\/\/franciscanos.org.br\/noticias\/#website"},"primaryImageOfPage":{"@id":"https:\/\/franciscanos.org.br\/noticias\/presidencia-da-cnbb-inicia-tratativas-para-celebracao-dos-200-anos-de-dialogo-diplomatico-da-santa-se-com-o-brasil.html#primaryimage"},"datePublished":"2025-08-07T13:23:05+00:00","dateModified":"2025-08-07T13:26:31+00:00","author":{"@id":"https:\/\/franciscanos.org.br\/noticias\/#\/schema\/person\/d9422e83121c3ad3b0f423d195f5bb25"},"breadcrumb":{"@id":"https:\/\/franciscanos.org.br\/noticias\/presidencia-da-cnbb-inicia-tratativas-para-celebracao-dos-200-anos-de-dialogo-diplomatico-da-santa-se-com-o-brasil.html#breadcrumb"},"inLanguage":"pt-BR","potentialAction":[{"@type":"ReadAction","target":["https:\/\/franciscanos.org.br\/noticias\/presidencia-da-cnbb-inicia-tratativas-para-celebracao-dos-200-anos-de-dialogo-diplomatico-da-santa-se-com-o-brasil.html"]}]},{"@type":"BreadcrumbList","@id":"https:\/\/franciscanos.org.br\/noticias\/presidencia-da-cnbb-inicia-tratativas-para-celebracao-dos-200-anos-de-dialogo-diplomatico-da-santa-se-com-o-brasil.html#breadcrumb","itemListElement":[{"@type":"ListItem","position":1,"name":"Home","item":"https:\/\/franciscanos.org.br\/noticias"},{"@type":"ListItem","position":2,"name":"Presid\u00eancia da CNBB inicia tratativas para celebra\u00e7\u00e3o dos 200 anos de di\u00e1logo diplom\u00e1tico da Santa S\u00e9 com o Brasil"}]},{"@type":"Person","@id":"https:\/\/franciscanos.org.br\/noticias\/#\/schema\/person\/d9422e83121c3ad3b0f423d195f5bb25","name":"Adriana Rabelo","image":{"@type":"ImageObject","inLanguage":"pt-BR","@id":"https:\/\/franciscanos.org.br\/noticias\/#\/schema\/person\/image\/","url":"https:\/\/secure.gravatar.com\/avatar\/0a937b7500cd7df77540cfb8bede877d?s=96&d=mm&r=g","contentUrl":"https:\/\/secure.gravatar.com\/avatar\/0a937b7500cd7df77540cfb8bede877d?s=96&d=mm&r=g","caption":"Adriana Rabelo"},"url":"https:\/\/franciscanos.org.br\/noticias\/author\/adrianarabelo"}]}},"_links":{"self":[{"href":"https:\/\/franciscanos.org.br\/noticias\/wp-json\/wp\/v2\/posts\/259311"}],"collection":[{"href":"https:\/\/franciscanos.org.br\/noticias\/wp-json\/wp\/v2\/posts"}],"about":[{"href":"https:\/\/franciscanos.org.br\/noticias\/wp-json\/wp\/v2\/types\/post"}],"author":[{"embeddable":true,"href":"https:\/\/franciscanos.org.br\/noticias\/wp-json\/wp\/v2\/users\/11"}],"replies":[{"embeddable":true,"href":"https:\/\/franciscanos.org.br\/noticias\/wp-json\/wp\/v2\/comments?post=259311"}],"version-history":[{"count":3,"href":"https:\/\/franciscanos.org.br\/noticias\/wp-json\/wp\/v2\/posts\/259311\/revisions"}],"predecessor-version":[{"id":259317,"href":"https:\/\/franciscanos.org.br\/noticias\/wp-json\/wp\/v2\/posts\/259311\/revisions\/259317"}],"wp:featuredmedia":[{"embeddable":true,"href":"https:\/\/franciscanos.org.br\/noticias\/wp-json\/wp\/v2\/media\/259312"}],"wp:attachment":[{"href":"https:\/\/franciscanos.org.br\/noticias\/wp-json\/wp\/v2\/media?parent=259311"}],"wp:term":[{"taxonomy":"category","embeddable":true,"href":"https:\/\/franciscanos.org.br\/noticias\/wp-json\/wp\/v2\/categories?post=259311"},{"taxonomy":"post_tag","embeddable":true,"href":"https:\/\/franciscanos.org.br\/noticias\/wp-json\/wp\/v2\/tags?post=259311"}],"curies":[{"name":"wp","href":"https:\/\/api.w.org\/{rel}","templated":true}]}}