{"id":259292,"date":"2025-08-07T09:39:19","date_gmt":"2025-08-07T12:39:19","guid":{"rendered":"https:\/\/franciscanos.org.br\/noticias\/?p=259292"},"modified":"2025-08-07T09:39:19","modified_gmt":"2025-08-07T12:39:19","slug":"jovens-vocacionados-trocam-as-ferias-por-fraternidade-oracao-e-discernimento","status":"publish","type":"post","link":"https:\/\/franciscanos.org.br\/noticias\/jovens-vocacionados-trocam-as-ferias-por-fraternidade-oracao-e-discernimento.html","title":{"rendered":"Jovens vocacionados trocam as f\u00e9rias por fraternidade, ora\u00e7\u00e3o e discernimento"},"content":{"rendered":"<p><img loading=\"lazy\" class=\"aligncenter wp-image-259293 size-full\" src=\"https:\/\/franciscanos.org.br\/noticias\/wp-content\/uploads\/2025\/08\/materia-1-3.png\" alt=\"\" width=\"1280\" height=\"720\" srcset=\"https:\/\/franciscanos.org.br\/noticias\/wp-content\/uploads\/2025\/08\/materia-1-3.png 1280w, https:\/\/franciscanos.org.br\/noticias\/wp-content\/uploads\/2025\/08\/materia-1-3-450x253.png 450w, https:\/\/franciscanos.org.br\/noticias\/wp-content\/uploads\/2025\/08\/materia-1-3-1024x576.png 1024w, https:\/\/franciscanos.org.br\/noticias\/wp-content\/uploads\/2025\/08\/materia-1-3-768x432.png 768w, https:\/\/franciscanos.org.br\/noticias\/wp-content\/uploads\/2025\/08\/materia-1-3-150x84.png 150w\" sizes=\"(max-width: 1280px) 100vw, 1280px\" \/><\/p>\n<p>Durante o m\u00eas de julho, o Servi\u00e7o de Anima\u00e7\u00e3o Vocacional da Prov\u00edncia da Imaculada realizou dois encontros voltados ao acompanhamento de adolescentes vocacionados que ainda est\u00e3o no Ensino M\u00e9dio. A proposta desses encontros \u00e9 oferecer um espa\u00e7o de conviv\u00eancia fraterna, forma\u00e7\u00e3o e discernimento, em sintonia com o carisma franciscano, para jovens que demonstram sinais vocacionais e desejam conhecer mais profundamente a vida dos frades menores. O Servi\u00e7o de Anima\u00e7\u00e3o Vocacional Provincial \u00e9 coordenado pelo Frei Je\u00e2 Paulo Andrade, que acompanha as diversas etapas do processo vocacional e articula as equipes que atuam nas frentes de anima\u00e7\u00e3o nos estados onde a Prov\u00edncia est\u00e1 presente.<\/p>\n<p><img loading=\"lazy\" class=\"aligncenter wp-image-259295 size-full\" src=\"https:\/\/franciscanos.org.br\/noticias\/wp-content\/uploads\/2025\/08\/materia-2-3.png\" alt=\"\" width=\"1280\" height=\"720\" srcset=\"https:\/\/franciscanos.org.br\/noticias\/wp-content\/uploads\/2025\/08\/materia-2-3.png 1280w, https:\/\/franciscanos.org.br\/noticias\/wp-content\/uploads\/2025\/08\/materia-2-3-450x253.png 450w, https:\/\/franciscanos.org.br\/noticias\/wp-content\/uploads\/2025\/08\/materia-2-3-1024x576.png 1024w, https:\/\/franciscanos.org.br\/noticias\/wp-content\/uploads\/2025\/08\/materia-2-3-768x432.png 768w, https:\/\/franciscanos.org.br\/noticias\/wp-content\/uploads\/2025\/08\/materia-2-3-150x84.png 150w\" sizes=\"(max-width: 1280px) 100vw, 1280px\" \/><\/p>\n<p>O primeiro encontro aconteceu de 9 a 21 de julho no Semin\u00e1rio Frei Galv\u00e3o, em Guaratinguet\u00e1 (SP), reunindo oito vocacionados provenientes dos estados de S\u00e3o Paulo e Paran\u00e1. Coordenado pelo Frei Gabriel Nogueira, o grupo viveu dias de intensa partilha, ora\u00e7\u00e3o, escuta da Palavra de Deus e contato com a realidade da vida fraterna dos frades. Al\u00e9m da programa\u00e7\u00e3o formativa e espiritual, os jovens tiveram a oportunidade de conhecer o Santu\u00e1rio Frei Galv\u00e3o, refer\u00eancia de devo\u00e7\u00e3o popular, experimentando de perto a express\u00e3o da f\u00e9 simples do povo e o servi\u00e7o pastoral dos frades. A programa\u00e7\u00e3o incluiu ainda atividades esportivas e momentos de lazer, fortalecendo os v\u00ednculos entre os participantes e favorecendo uma conviv\u00eancia mais leve e fraterna.<\/p>\n\n\t\t<style type=\"text\/css\">\n\t\t\t#gallery-1 {\n\t\t\t\tmargin: auto;\n\t\t\t}\n\t\t\t#gallery-1 .gallery-item {\n\t\t\t\tfloat: left;\n\t\t\t\tmargin-top: 10px;\n\t\t\t\ttext-align: center;\n\t\t\t\twidth: 33%;\n\t\t\t}\n\t\t\t#gallery-1 img {\n\t\t\t\tborder: 2px solid #cfcfcf;\n\t\t\t}\n\t\t\t#gallery-1 .gallery-caption {\n\t\t\t\tmargin-left: 0;\n\t\t\t}\n\t\t\t\/* see gallery_shortcode() in wp-includes\/media.php *\/\n\t\t<\/style>\n\t\t<div id='gallery-1' class='gallery galleryid-259292 gallery-columns-3 gallery-size-thumbnail'><dl class='gallery-item'>\n\t\t\t<dt class='gallery-icon landscape'>\n\t\t\t\t<a href='https:\/\/franciscanos.org.br\/noticias\/jovens-vocacionados-trocam-as-ferias-por-fraternidade-oracao-e-discernimento.html\/slide-8'><img width=\"300\" height=\"300\" src=\"https:\/\/franciscanos.org.br\/noticias\/wp-content\/uploads\/2025\/08\/slide-300x300.png\" class=\"attachment-thumbnail size-thumbnail\" alt=\"\" loading=\"lazy\" srcset=\"https:\/\/franciscanos.org.br\/noticias\/wp-content\/uploads\/2025\/08\/slide-300x300.png 300w, https:\/\/franciscanos.org.br\/noticias\/wp-content\/uploads\/2025\/08\/slide-100x100.png 100w\" sizes=\"(max-width: 300px) 100vw, 300px\" \/><\/a>\n\t\t\t<\/dt><\/dl><dl class='gallery-item'>\n\t\t\t<dt class='gallery-icon landscape'>\n\t\t\t\t<a href='https:\/\/franciscanos.org.br\/noticias\/jovens-vocacionados-trocam-as-ferias-por-fraternidade-oracao-e-discernimento.html\/materia-5-19'><img width=\"300\" height=\"300\" src=\"https:\/\/franciscanos.org.br\/noticias\/wp-content\/uploads\/2025\/08\/materia-5-2-300x300.png\" class=\"attachment-thumbnail size-thumbnail\" alt=\"\" loading=\"lazy\" srcset=\"https:\/\/franciscanos.org.br\/noticias\/wp-content\/uploads\/2025\/08\/materia-5-2-300x300.png 300w, https:\/\/franciscanos.org.br\/noticias\/wp-content\/uploads\/2025\/08\/materia-5-2-100x100.png 100w\" sizes=\"(max-width: 300px) 100vw, 300px\" \/><\/a>\n\t\t\t<\/dt><\/dl><dl class='gallery-item'>\n\t\t\t<dt class='gallery-icon landscape'>\n\t\t\t\t<a href='https:\/\/franciscanos.org.br\/noticias\/jovens-vocacionados-trocam-as-ferias-por-fraternidade-oracao-e-discernimento.html\/whatsapp-image-2025-08-06-at-16-30-14-1'><img width=\"300\" height=\"300\" src=\"https:\/\/franciscanos.org.br\/noticias\/wp-content\/uploads\/2025\/08\/WhatsApp-Image-2025-08-06-at-16.30.14-1-300x300.jpeg\" class=\"attachment-thumbnail size-thumbnail\" alt=\"\" loading=\"lazy\" srcset=\"https:\/\/franciscanos.org.br\/noticias\/wp-content\/uploads\/2025\/08\/WhatsApp-Image-2025-08-06-at-16.30.14-1-300x300.jpeg 300w, https:\/\/franciscanos.org.br\/noticias\/wp-content\/uploads\/2025\/08\/WhatsApp-Image-2025-08-06-at-16.30.14-1-100x100.jpeg 100w\" sizes=\"(max-width: 300px) 100vw, 300px\" \/><\/a>\n\t\t\t<\/dt><\/dl><br style=\"clear: both\" \/>\n\t\t<\/div>\n\n<p>J\u00e1 o segundo encontro foi realizado de 18 a 31 de julho no Semin\u00e1rio S\u00e3o Francisco de Assis, em Ituporanga (SC), com a participa\u00e7\u00e3o de nove adolescentes vindos de diferentes cidades de Santa Catarina. Conduzido pelo Frei Marcos Prado, o grupo foi convidado a mergulhar na proposta de vida franciscana por meio de momentos de ora\u00e7\u00e3o, estudo, din\u00e2micas e conviv\u00eancia fraterna. Uma das atividades de destaque foi a forma\u00e7\u00e3o conduzida pela psic\u00f3loga Joelma da Silva, que abordou temas ligados \u00e0 dimens\u00e3o humana e \u00e0 sa\u00fade mental, contribuindo para o autoconhecimento e a maturidade no processo de discernimento vocacional dos adolescentes. Em meio \u00e0 programa\u00e7\u00e3o, os vocacionados tamb\u00e9m visitaram a Gruta de Nossa Senhora de Lourdes, local de ora\u00e7\u00e3o e beleza natural, e conheceram o trabalho social desenvolvido no Abrigo M\u00e3o Amiga, fortalecendo a sensibilidade para com os pobres e sofredores \u2014 marca essencial do carisma franciscano. Assim como em Guaratinguet\u00e1, os momentos de lazer e atividades esportivas fizeram parte da rotina, oferecendo aos jovens um equil\u00edbrio saud\u00e1vel entre forma\u00e7\u00e3o, espiritualidade e trabalho fraterno.<\/p>\n<p><img loading=\"lazy\" class=\"aligncenter wp-image-259296 size-full\" src=\"https:\/\/franciscanos.org.br\/noticias\/wp-content\/uploads\/2025\/08\/materia-3-2.png\" alt=\"\" width=\"1280\" height=\"720\" srcset=\"https:\/\/franciscanos.org.br\/noticias\/wp-content\/uploads\/2025\/08\/materia-3-2.png 1280w, https:\/\/franciscanos.org.br\/noticias\/wp-content\/uploads\/2025\/08\/materia-3-2-450x253.png 450w, https:\/\/franciscanos.org.br\/noticias\/wp-content\/uploads\/2025\/08\/materia-3-2-1024x576.png 1024w, https:\/\/franciscanos.org.br\/noticias\/wp-content\/uploads\/2025\/08\/materia-3-2-768x432.png 768w, https:\/\/franciscanos.org.br\/noticias\/wp-content\/uploads\/2025\/08\/materia-3-2-150x84.png 150w\" sizes=\"(max-width: 1280px) 100vw, 1280px\" \/>Os dois encontros representam \u201cTempos Fortes\u201d no processo de acompanhamento vocacional e ajudam a lan\u00e7ar sementes de esperan\u00e7a no cora\u00e7\u00e3o desses adolescentes. Atrav\u00e9s do testemunho dos frades, da conviv\u00eancia entre os vocacionados, do contato com realidades pastorais e sociais e das experi\u00eancias de fraternidade, vai se fortalecendo nos jovens o desejo de seguir Jesus Cristo segundo o estilo de vida de S\u00e3o Francisco de Assis.<\/p>\n\n\t\t<style type=\"text\/css\">\n\t\t\t#gallery-2 {\n\t\t\t\tmargin: auto;\n\t\t\t}\n\t\t\t#gallery-2 .gallery-item {\n\t\t\t\tfloat: left;\n\t\t\t\tmargin-top: 10px;\n\t\t\t\ttext-align: center;\n\t\t\t\twidth: 50%;\n\t\t\t}\n\t\t\t#gallery-2 img {\n\t\t\t\tborder: 2px solid #cfcfcf;\n\t\t\t}\n\t\t\t#gallery-2 .gallery-caption {\n\t\t\t\tmargin-left: 0;\n\t\t\t}\n\t\t\t\/* see gallery_shortcode() in wp-includes\/media.php *\/\n\t\t<\/style>\n\t\t<div id='gallery-2' class='gallery galleryid-259292 gallery-columns-2 gallery-size-medium'><dl class='gallery-item'>\n\t\t\t<dt class='gallery-icon landscape'>\n\t\t\t\t<a href='https:\/\/franciscanos.org.br\/noticias\/wp-content\/uploads\/2025\/08\/WhatsApp-Image-2025-08-06-at-16.29.10-1-2.jpeg'><img width=\"450\" height=\"338\" src=\"https:\/\/franciscanos.org.br\/noticias\/wp-content\/uploads\/2025\/08\/WhatsApp-Image-2025-08-06-at-16.29.10-1-2-450x338.jpeg\" class=\"attachment-medium size-medium\" alt=\"\" loading=\"lazy\" srcset=\"https:\/\/franciscanos.org.br\/noticias\/wp-content\/uploads\/2025\/08\/WhatsApp-Image-2025-08-06-at-16.29.10-1-2-450x338.jpeg 450w, https:\/\/franciscanos.org.br\/noticias\/wp-content\/uploads\/2025\/08\/WhatsApp-Image-2025-08-06-at-16.29.10-1-2-1024x768.jpeg 1024w, https:\/\/franciscanos.org.br\/noticias\/wp-content\/uploads\/2025\/08\/WhatsApp-Image-2025-08-06-at-16.29.10-1-2-768x576.jpeg 768w, https:\/\/franciscanos.org.br\/noticias\/wp-content\/uploads\/2025\/08\/WhatsApp-Image-2025-08-06-at-16.29.10-1-2-150x113.jpeg 150w, https:\/\/franciscanos.org.br\/noticias\/wp-content\/uploads\/2025\/08\/WhatsApp-Image-2025-08-06-at-16.29.10-1-2-600x450.jpeg 600w, https:\/\/franciscanos.org.br\/noticias\/wp-content\/uploads\/2025\/08\/WhatsApp-Image-2025-08-06-at-16.29.10-1-2.jpeg 1280w\" sizes=\"(max-width: 450px) 100vw, 450px\" \/><\/a>\n\t\t\t<\/dt><\/dl><dl class='gallery-item'>\n\t\t\t<dt class='gallery-icon landscape'>\n\t\t\t\t<a href='https:\/\/franciscanos.org.br\/noticias\/wp-content\/uploads\/2025\/08\/WhatsApp-Image-2025-08-06-at-16.31.14-1.jpeg'><img width=\"450\" height=\"338\" src=\"https:\/\/franciscanos.org.br\/noticias\/wp-content\/uploads\/2025\/08\/WhatsApp-Image-2025-08-06-at-16.31.14-1-450x338.jpeg\" class=\"attachment-medium size-medium\" alt=\"\" loading=\"lazy\" srcset=\"https:\/\/franciscanos.org.br\/noticias\/wp-content\/uploads\/2025\/08\/WhatsApp-Image-2025-08-06-at-16.31.14-1-450x338.jpeg 450w, https:\/\/franciscanos.org.br\/noticias\/wp-content\/uploads\/2025\/08\/WhatsApp-Image-2025-08-06-at-16.31.14-1-1024x768.jpeg 1024w, https:\/\/franciscanos.org.br\/noticias\/wp-content\/uploads\/2025\/08\/WhatsApp-Image-2025-08-06-at-16.31.14-1-768x576.jpeg 768w, https:\/\/franciscanos.org.br\/noticias\/wp-content\/uploads\/2025\/08\/WhatsApp-Image-2025-08-06-at-16.31.14-1-1536x1152.jpeg 1536w, https:\/\/franciscanos.org.br\/noticias\/wp-content\/uploads\/2025\/08\/WhatsApp-Image-2025-08-06-at-16.31.14-1-150x113.jpeg 150w, https:\/\/franciscanos.org.br\/noticias\/wp-content\/uploads\/2025\/08\/WhatsApp-Image-2025-08-06-at-16.31.14-1-600x450.jpeg 600w, https:\/\/franciscanos.org.br\/noticias\/wp-content\/uploads\/2025\/08\/WhatsApp-Image-2025-08-06-at-16.31.14-1.jpeg 1440w\" sizes=\"(max-width: 450px) 100vw, 450px\" \/><\/a>\n\t\t\t<\/dt><\/dl><br style=\"clear: both\" \/>\n\t\t<\/div>\n\n<hr \/>\n<p><em>Frei Je\u00e2 Paulo Andrade<\/em><\/p>\n","protected":false},"excerpt":{"rendered":"<p>Anima\u00e7\u00e3o Vocacional<\/p>\n","protected":false},"author":11,"featured_media":259294,"comment_status":"open","ping_status":"open","sticky":false,"template":"","format":"standard","meta":[],"categories":[1],"tags":[552,2391],"acf":[],"yoast_head":"<!-- This site is optimized with the Yoast SEO plugin v19.2 - https:\/\/yoast.com\/wordpress\/plugins\/seo\/ -->\n<title>Jovens vocacionados trocam as f\u00e9rias por fraternidade, ora\u00e7\u00e3o e discernimento - Not\u00edcias - Franciscanos<\/title>\n<meta name=\"robots\" content=\"index, follow, max-snippet:-1, max-image-preview:large, max-video-preview:-1\" \/>\n<link rel=\"canonical\" href=\"https:\/\/franciscanos.org.br\/noticias\/jovens-vocacionados-trocam-as-ferias-por-fraternidade-oracao-e-discernimento.html\" \/>\n<meta property=\"og:locale\" content=\"pt_BR\" \/>\n<meta property=\"og:type\" content=\"article\" \/>\n<meta property=\"og:title\" content=\"Jovens vocacionados trocam as f\u00e9rias por fraternidade, ora\u00e7\u00e3o e discernimento - Not\u00edcias - Franciscanos\" \/>\n<meta property=\"og:description\" content=\"Anima\u00e7\u00e3o Vocacional\" \/>\n<meta property=\"og:url\" content=\"https:\/\/franciscanos.org.br\/noticias\/jovens-vocacionados-trocam-as-ferias-por-fraternidade-oracao-e-discernimento.html\" \/>\n<meta property=\"og:site_name\" content=\"Not\u00edcias - Franciscanos\" \/>\n<meta property=\"article:published_time\" content=\"2025-08-07T12:39:19+00:00\" \/>\n<meta property=\"og:image\" content=\"https:\/\/franciscanos.org.br\/noticias\/wp-content\/uploads\/2025\/08\/chamada-8.png\" \/>\n\t<meta property=\"og:image:width\" content=\"800\" \/>\n\t<meta property=\"og:image:height\" content=\"550\" \/>\n\t<meta property=\"og:image:type\" content=\"image\/png\" \/>\n<meta name=\"author\" content=\"Adriana Rabelo\" \/>\n<meta name=\"twitter:card\" content=\"summary_large_image\" \/>\n<meta name=\"twitter:label1\" content=\"Escrito por\" \/>\n\t<meta name=\"twitter:data1\" content=\"Adriana Rabelo\" \/>\n\t<meta name=\"twitter:label2\" content=\"Est. tempo de leitura\" \/>\n\t<meta name=\"twitter:data2\" content=\"3 minutos\" \/>\n<script type=\"application\/ld+json\" class=\"yoast-schema-graph\">{\"@context\":\"https:\/\/schema.org\",\"@graph\":[{\"@type\":\"WebSite\",\"@id\":\"https:\/\/franciscanos.org.br\/noticias\/#website\",\"url\":\"https:\/\/franciscanos.org.br\/noticias\/\",\"name\":\"Not\u00edcias - Franciscanos\",\"description\":\"Prov\u00edncia Franciscana da Imaculada Concei\u00e7\u00e3o do Brasil - Ordem dos Frades Menores - OFM\",\"potentialAction\":[{\"@type\":\"SearchAction\",\"target\":{\"@type\":\"EntryPoint\",\"urlTemplate\":\"https:\/\/franciscanos.org.br\/noticias\/?s={search_term_string}\"},\"query-input\":\"required name=search_term_string\"}],\"inLanguage\":\"pt-BR\"},{\"@type\":\"ImageObject\",\"inLanguage\":\"pt-BR\",\"@id\":\"https:\/\/franciscanos.org.br\/noticias\/jovens-vocacionados-trocam-as-ferias-por-fraternidade-oracao-e-discernimento.html#primaryimage\",\"url\":\"https:\/\/franciscanos.org.br\/noticias\/wp-content\/uploads\/2025\/08\/chamada-8.png\",\"contentUrl\":\"https:\/\/franciscanos.org.br\/noticias\/wp-content\/uploads\/2025\/08\/chamada-8.png\",\"width\":800,\"height\":550},{\"@type\":\"WebPage\",\"@id\":\"https:\/\/franciscanos.org.br\/noticias\/jovens-vocacionados-trocam-as-ferias-por-fraternidade-oracao-e-discernimento.html#webpage\",\"url\":\"https:\/\/franciscanos.org.br\/noticias\/jovens-vocacionados-trocam-as-ferias-por-fraternidade-oracao-e-discernimento.html\",\"name\":\"Jovens vocacionados trocam as f\u00e9rias por fraternidade, ora\u00e7\u00e3o e discernimento - Not\u00edcias - Franciscanos\",\"isPartOf\":{\"@id\":\"https:\/\/franciscanos.org.br\/noticias\/#website\"},\"primaryImageOfPage\":{\"@id\":\"https:\/\/franciscanos.org.br\/noticias\/jovens-vocacionados-trocam-as-ferias-por-fraternidade-oracao-e-discernimento.html#primaryimage\"},\"datePublished\":\"2025-08-07T12:39:19+00:00\",\"dateModified\":\"2025-08-07T12:39:19+00:00\",\"author\":{\"@id\":\"https:\/\/franciscanos.org.br\/noticias\/#\/schema\/person\/d9422e83121c3ad3b0f423d195f5bb25\"},\"breadcrumb\":{\"@id\":\"https:\/\/franciscanos.org.br\/noticias\/jovens-vocacionados-trocam-as-ferias-por-fraternidade-oracao-e-discernimento.html#breadcrumb\"},\"inLanguage\":\"pt-BR\",\"potentialAction\":[{\"@type\":\"ReadAction\",\"target\":[\"https:\/\/franciscanos.org.br\/noticias\/jovens-vocacionados-trocam-as-ferias-por-fraternidade-oracao-e-discernimento.html\"]}]},{\"@type\":\"BreadcrumbList\",\"@id\":\"https:\/\/franciscanos.org.br\/noticias\/jovens-vocacionados-trocam-as-ferias-por-fraternidade-oracao-e-discernimento.html#breadcrumb\",\"itemListElement\":[{\"@type\":\"ListItem\",\"position\":1,\"name\":\"Home\",\"item\":\"https:\/\/franciscanos.org.br\/noticias\"},{\"@type\":\"ListItem\",\"position\":2,\"name\":\"Jovens vocacionados trocam as f\u00e9rias por fraternidade, ora\u00e7\u00e3o e discernimento\"}]},{\"@type\":\"Person\",\"@id\":\"https:\/\/franciscanos.org.br\/noticias\/#\/schema\/person\/d9422e83121c3ad3b0f423d195f5bb25\",\"name\":\"Adriana Rabelo\",\"image\":{\"@type\":\"ImageObject\",\"inLanguage\":\"pt-BR\",\"@id\":\"https:\/\/franciscanos.org.br\/noticias\/#\/schema\/person\/image\/\",\"url\":\"https:\/\/secure.gravatar.com\/avatar\/0a937b7500cd7df77540cfb8bede877d?s=96&d=mm&r=g\",\"contentUrl\":\"https:\/\/secure.gravatar.com\/avatar\/0a937b7500cd7df77540cfb8bede877d?s=96&d=mm&r=g\",\"caption\":\"Adriana Rabelo\"},\"url\":\"https:\/\/franciscanos.org.br\/noticias\/author\/adrianarabelo\"}]}<\/script>\n<!-- \/ Yoast SEO plugin. -->","yoast_head_json":{"title":"Jovens vocacionados trocam as f\u00e9rias por fraternidade, ora\u00e7\u00e3o e discernimento - Not\u00edcias - Franciscanos","robots":{"index":"index","follow":"follow","max-snippet":"max-snippet:-1","max-image-preview":"max-image-preview:large","max-video-preview":"max-video-preview:-1"},"canonical":"https:\/\/franciscanos.org.br\/noticias\/jovens-vocacionados-trocam-as-ferias-por-fraternidade-oracao-e-discernimento.html","og_locale":"pt_BR","og_type":"article","og_title":"Jovens vocacionados trocam as f\u00e9rias por fraternidade, ora\u00e7\u00e3o e discernimento - Not\u00edcias - Franciscanos","og_description":"Anima\u00e7\u00e3o Vocacional","og_url":"https:\/\/franciscanos.org.br\/noticias\/jovens-vocacionados-trocam-as-ferias-por-fraternidade-oracao-e-discernimento.html","og_site_name":"Not\u00edcias - Franciscanos","article_published_time":"2025-08-07T12:39:19+00:00","og_image":[{"width":800,"height":550,"url":"https:\/\/franciscanos.org.br\/noticias\/wp-content\/uploads\/2025\/08\/chamada-8.png","type":"image\/png"}],"author":"Adriana Rabelo","twitter_card":"summary_large_image","twitter_misc":{"Escrito por":"Adriana Rabelo","Est. tempo de leitura":"3 minutos"},"schema":{"@context":"https:\/\/schema.org","@graph":[{"@type":"WebSite","@id":"https:\/\/franciscanos.org.br\/noticias\/#website","url":"https:\/\/franciscanos.org.br\/noticias\/","name":"Not\u00edcias - Franciscanos","description":"Prov\u00edncia Franciscana da Imaculada Concei\u00e7\u00e3o do Brasil - Ordem dos Frades Menores - OFM","potentialAction":[{"@type":"SearchAction","target":{"@type":"EntryPoint","urlTemplate":"https:\/\/franciscanos.org.br\/noticias\/?s={search_term_string}"},"query-input":"required name=search_term_string"}],"inLanguage":"pt-BR"},{"@type":"ImageObject","inLanguage":"pt-BR","@id":"https:\/\/franciscanos.org.br\/noticias\/jovens-vocacionados-trocam-as-ferias-por-fraternidade-oracao-e-discernimento.html#primaryimage","url":"https:\/\/franciscanos.org.br\/noticias\/wp-content\/uploads\/2025\/08\/chamada-8.png","contentUrl":"https:\/\/franciscanos.org.br\/noticias\/wp-content\/uploads\/2025\/08\/chamada-8.png","width":800,"height":550},{"@type":"WebPage","@id":"https:\/\/franciscanos.org.br\/noticias\/jovens-vocacionados-trocam-as-ferias-por-fraternidade-oracao-e-discernimento.html#webpage","url":"https:\/\/franciscanos.org.br\/noticias\/jovens-vocacionados-trocam-as-ferias-por-fraternidade-oracao-e-discernimento.html","name":"Jovens vocacionados trocam as f\u00e9rias por fraternidade, ora\u00e7\u00e3o e discernimento - Not\u00edcias - Franciscanos","isPartOf":{"@id":"https:\/\/franciscanos.org.br\/noticias\/#website"},"primaryImageOfPage":{"@id":"https:\/\/franciscanos.org.br\/noticias\/jovens-vocacionados-trocam-as-ferias-por-fraternidade-oracao-e-discernimento.html#primaryimage"},"datePublished":"2025-08-07T12:39:19+00:00","dateModified":"2025-08-07T12:39:19+00:00","author":{"@id":"https:\/\/franciscanos.org.br\/noticias\/#\/schema\/person\/d9422e83121c3ad3b0f423d195f5bb25"},"breadcrumb":{"@id":"https:\/\/franciscanos.org.br\/noticias\/jovens-vocacionados-trocam-as-ferias-por-fraternidade-oracao-e-discernimento.html#breadcrumb"},"inLanguage":"pt-BR","potentialAction":[{"@type":"ReadAction","target":["https:\/\/franciscanos.org.br\/noticias\/jovens-vocacionados-trocam-as-ferias-por-fraternidade-oracao-e-discernimento.html"]}]},{"@type":"BreadcrumbList","@id":"https:\/\/franciscanos.org.br\/noticias\/jovens-vocacionados-trocam-as-ferias-por-fraternidade-oracao-e-discernimento.html#breadcrumb","itemListElement":[{"@type":"ListItem","position":1,"name":"Home","item":"https:\/\/franciscanos.org.br\/noticias"},{"@type":"ListItem","position":2,"name":"Jovens vocacionados trocam as f\u00e9rias por fraternidade, ora\u00e7\u00e3o e discernimento"}]},{"@type":"Person","@id":"https:\/\/franciscanos.org.br\/noticias\/#\/schema\/person\/d9422e83121c3ad3b0f423d195f5bb25","name":"Adriana Rabelo","image":{"@type":"ImageObject","inLanguage":"pt-BR","@id":"https:\/\/franciscanos.org.br\/noticias\/#\/schema\/person\/image\/","url":"https:\/\/secure.gravatar.com\/avatar\/0a937b7500cd7df77540cfb8bede877d?s=96&d=mm&r=g","contentUrl":"https:\/\/secure.gravatar.com\/avatar\/0a937b7500cd7df77540cfb8bede877d?s=96&d=mm&r=g","caption":"Adriana Rabelo"},"url":"https:\/\/franciscanos.org.br\/noticias\/author\/adrianarabelo"}]}},"_links":{"self":[{"href":"https:\/\/franciscanos.org.br\/noticias\/wp-json\/wp\/v2\/posts\/259292"}],"collection":[{"href":"https:\/\/franciscanos.org.br\/noticias\/wp-json\/wp\/v2\/posts"}],"about":[{"href":"https:\/\/franciscanos.org.br\/noticias\/wp-json\/wp\/v2\/types\/post"}],"author":[{"embeddable":true,"href":"https:\/\/franciscanos.org.br\/noticias\/wp-json\/wp\/v2\/users\/11"}],"replies":[{"embeddable":true,"href":"https:\/\/franciscanos.org.br\/noticias\/wp-json\/wp\/v2\/comments?post=259292"}],"version-history":[{"count":7,"href":"https:\/\/franciscanos.org.br\/noticias\/wp-json\/wp\/v2\/posts\/259292\/revisions"}],"predecessor-version":[{"id":259310,"href":"https:\/\/franciscanos.org.br\/noticias\/wp-json\/wp\/v2\/posts\/259292\/revisions\/259310"}],"wp:featuredmedia":[{"embeddable":true,"href":"https:\/\/franciscanos.org.br\/noticias\/wp-json\/wp\/v2\/media\/259294"}],"wp:attachment":[{"href":"https:\/\/franciscanos.org.br\/noticias\/wp-json\/wp\/v2\/media?parent=259292"}],"wp:term":[{"taxonomy":"category","embeddable":true,"href":"https:\/\/franciscanos.org.br\/noticias\/wp-json\/wp\/v2\/categories?post=259292"},{"taxonomy":"post_tag","embeddable":true,"href":"https:\/\/franciscanos.org.br\/noticias\/wp-json\/wp\/v2\/tags?post=259292"}],"curies":[{"name":"wp","href":"https:\/\/api.w.org\/{rel}","templated":true}]}}