{"id":259273,"date":"2025-08-07T08:03:17","date_gmt":"2025-08-07T11:03:17","guid":{"rendered":"https:\/\/franciscanos.org.br\/noticias\/?p=259273"},"modified":"2025-08-07T14:32:45","modified_gmt":"2025-08-07T17:32:45","slug":"259273","status":"publish","type":"post","link":"https:\/\/franciscanos.org.br\/noticias\/259273.html","title":{"rendered":"Postulantes franciscanos vivem imers\u00e3o pastoral no SEFRAS, em S\u00e3o Paulo"},"content":{"rendered":"<p><img loading=\"lazy\" class=\"aligncenter wp-image-259275 size-full\" src=\"https:\/\/franciscanos.org.br\/noticias\/wp-content\/uploads\/2025\/08\/materia-13.png\" alt=\"\" width=\"1280\" height=\"720\" srcset=\"https:\/\/franciscanos.org.br\/noticias\/wp-content\/uploads\/2025\/08\/materia-13.png 1280w, https:\/\/franciscanos.org.br\/noticias\/wp-content\/uploads\/2025\/08\/materia-13-450x253.png 450w, https:\/\/franciscanos.org.br\/noticias\/wp-content\/uploads\/2025\/08\/materia-13-1024x576.png 1024w, https:\/\/franciscanos.org.br\/noticias\/wp-content\/uploads\/2025\/08\/materia-13-768x432.png 768w, https:\/\/franciscanos.org.br\/noticias\/wp-content\/uploads\/2025\/08\/materia-13-150x84.png 150w\" sizes=\"(max-width: 1280px) 100vw, 1280px\" \/><\/p>\n<p><em>Experi\u00eancia marcou um tempo de aprendizado, servi\u00e7o e encontro com as realidades desafiadoras da sociedade urbana<\/em><\/p>\n<hr \/>\n<p>Entre os dias 1\u00ba e 28 de julho, os postulantes da Prov\u00edncia da Imaculada Concei\u00e7\u00e3o do Brasil vivenciaram um intenso e significativo per\u00edodo de est\u00e1gio pastoral e voluntariado no Sefras \u2013 A\u00e7\u00e3o Social Franciscana, localizado em S\u00e3o Paulo (SP). A iniciativa teve como objetivo proporcionar aos jovens em forma\u00e7\u00e3o uma experi\u00eancia concreta com as diversas frentes de atua\u00e7\u00e3o social inspiradas no carisma franciscano.<\/p>\n<p>Durante as quatro semanas, os postulantes foram acolhidos pela Fraternidade Santo Ant\u00f4nio do Pari, sede central da A\u00e7\u00e3o Social, onde passaram a residir e se integrar \u00e0s atividades di\u00e1rias. Segundo Frei Je\u00e2 Paulo Andrade, mestre da etapa do postulantado, o tempo de est\u00e1gio durante o ano formativo proporciona um contato real e direto com diferentes contextos e realidades, muitas delas complexas e desafiadoras, &#8220;representando o encontro de Francisco de Assis com o leproso, com os marginalizados e com todas as situa\u00e7\u00f5es de vulnerabilidade presentes na sociedade&#8221;.<\/p>\n\n\t\t<style type=\"text\/css\">\n\t\t\t#gallery-1 {\n\t\t\t\tmargin: auto;\n\t\t\t}\n\t\t\t#gallery-1 .gallery-item {\n\t\t\t\tfloat: left;\n\t\t\t\tmargin-top: 10px;\n\t\t\t\ttext-align: center;\n\t\t\t\twidth: 33%;\n\t\t\t}\n\t\t\t#gallery-1 img {\n\t\t\t\tborder: 2px solid #cfcfcf;\n\t\t\t}\n\t\t\t#gallery-1 .gallery-caption {\n\t\t\t\tmargin-left: 0;\n\t\t\t}\n\t\t\t\/* see gallery_shortcode() in wp-includes\/media.php *\/\n\t\t<\/style>\n\t\t<div id='gallery-1' class='gallery galleryid-259273 gallery-columns-3 gallery-size-thumbnail'><dl class='gallery-item'>\n\t\t\t<dt class='gallery-icon portrait'>\n\t\t\t\t<a href='https:\/\/franciscanos.org.br\/noticias\/wp-content\/uploads\/2025\/08\/WhatsApp-Image-2025-08-06-at-15.50.11-3.jpeg'><img width=\"300\" height=\"300\" src=\"https:\/\/franciscanos.org.br\/noticias\/wp-content\/uploads\/2025\/08\/WhatsApp-Image-2025-08-06-at-15.50.11-3-300x300.jpeg\" class=\"attachment-thumbnail size-thumbnail\" alt=\"\" loading=\"lazy\" srcset=\"https:\/\/franciscanos.org.br\/noticias\/wp-content\/uploads\/2025\/08\/WhatsApp-Image-2025-08-06-at-15.50.11-3-300x300.jpeg 300w, https:\/\/franciscanos.org.br\/noticias\/wp-content\/uploads\/2025\/08\/WhatsApp-Image-2025-08-06-at-15.50.11-3-100x100.jpeg 100w\" sizes=\"(max-width: 300px) 100vw, 300px\" \/><\/a>\n\t\t\t<\/dt><\/dl><dl class='gallery-item'>\n\t\t\t<dt class='gallery-icon landscape'>\n\t\t\t\t<a href='https:\/\/franciscanos.org.br\/noticias\/wp-content\/uploads\/2025\/08\/WhatsApp-Image-2025-08-06-at-15.50.12-11.jpeg'><img width=\"300\" height=\"300\" src=\"https:\/\/franciscanos.org.br\/noticias\/wp-content\/uploads\/2025\/08\/WhatsApp-Image-2025-08-06-at-15.50.12-11-300x300.jpeg\" class=\"attachment-thumbnail size-thumbnail\" alt=\"\" loading=\"lazy\" srcset=\"https:\/\/franciscanos.org.br\/noticias\/wp-content\/uploads\/2025\/08\/WhatsApp-Image-2025-08-06-at-15.50.12-11-300x300.jpeg 300w, https:\/\/franciscanos.org.br\/noticias\/wp-content\/uploads\/2025\/08\/WhatsApp-Image-2025-08-06-at-15.50.12-11-100x100.jpeg 100w\" sizes=\"(max-width: 300px) 100vw, 300px\" \/><\/a>\n\t\t\t<\/dt><\/dl><dl class='gallery-item'>\n\t\t\t<dt class='gallery-icon portrait'>\n\t\t\t\t<a href='https:\/\/franciscanos.org.br\/noticias\/wp-content\/uploads\/2025\/08\/WhatsApp-Image-2025-08-06-at-15.50.12-10.jpeg'><img width=\"300\" height=\"300\" src=\"https:\/\/franciscanos.org.br\/noticias\/wp-content\/uploads\/2025\/08\/WhatsApp-Image-2025-08-06-at-15.50.12-10-300x300.jpeg\" class=\"attachment-thumbnail size-thumbnail\" alt=\"\" loading=\"lazy\" srcset=\"https:\/\/franciscanos.org.br\/noticias\/wp-content\/uploads\/2025\/08\/WhatsApp-Image-2025-08-06-at-15.50.12-10-300x300.jpeg 300w, https:\/\/franciscanos.org.br\/noticias\/wp-content\/uploads\/2025\/08\/WhatsApp-Image-2025-08-06-at-15.50.12-10-100x100.jpeg 100w\" sizes=\"(max-width: 300px) 100vw, 300px\" \/><\/a>\n\t\t\t<\/dt><\/dl><br style=\"clear: both\" \/>\n\t\t<\/div>\n\n<p>Logo na primeira semana, os postulantes participaram de momentos introdut\u00f3rios e formativos. Frei Vagner Sassi, diretor-presidente do Sefras, apresentou a estrutura organizacional da institui\u00e7\u00e3o, suas \u00e1reas de atua\u00e7\u00e3o e a miss\u00e3o franciscana que orienta os projetos sociais. Na sequ\u00eancia, Ros\u00e2ngela Pezoti, supervisora t\u00e9cnica da entidade, conduziu uma forma\u00e7\u00e3o sobre as pol\u00edticas p\u00fablicas no Brasil, promovendo reflex\u00f5es cr\u00edticas sobre a realidade social e respondendo aos questionamentos dos participantes.<\/p>\n<p>Ap\u00f3s essa prepara\u00e7\u00e3o, os nove postulantes foram distribu\u00eddos em quatro frentes de trabalho: Recifran (Servi\u00e7o de Apoio \u00e0 Reciclagem), Casa de Clara (Centro de Conviv\u00eancia e Apoio \u00e0 Pessoa Idosa), Casa Franciscana e &#8220;Ch\u00e1 do Padre&#8221; (ambas respons\u00e1veis pelo atendimento \u00e0 popula\u00e7\u00e3o em situa\u00e7\u00e3o de rua). De segunda a sexta-feira, os jovens se dedicaram \u00e0s rotinas de cada projeto, colaborando desde a prepara\u00e7\u00e3o e entrega de refei\u00e7\u00f5es at\u00e9 a organiza\u00e7\u00e3o de materiais recicl\u00e1veis e a promo\u00e7\u00e3o de momentos de conviv\u00eancia e lazer. A intera\u00e7\u00e3o com os atendidos e com os demais volunt\u00e1rios proporcionou experi\u00eancias marcantes de empatia, escuta e servi\u00e7o.<\/p>\n\n\t\t<style type=\"text\/css\">\n\t\t\t#gallery-2 {\n\t\t\t\tmargin: auto;\n\t\t\t}\n\t\t\t#gallery-2 .gallery-item {\n\t\t\t\tfloat: left;\n\t\t\t\tmargin-top: 10px;\n\t\t\t\ttext-align: center;\n\t\t\t\twidth: 25%;\n\t\t\t}\n\t\t\t#gallery-2 img {\n\t\t\t\tborder: 2px solid #cfcfcf;\n\t\t\t}\n\t\t\t#gallery-2 .gallery-caption {\n\t\t\t\tmargin-left: 0;\n\t\t\t}\n\t\t\t\/* see gallery_shortcode() in wp-includes\/media.php *\/\n\t\t<\/style>\n\t\t<div id='gallery-2' class='gallery galleryid-259273 gallery-columns-4 gallery-size-thumbnail'><dl class='gallery-item'>\n\t\t\t<dt class='gallery-icon portrait'>\n\t\t\t\t<a href='https:\/\/franciscanos.org.br\/noticias\/wp-content\/uploads\/2025\/08\/WhatsApp-Image-2025-08-06-at-15.50.12-8.jpeg'><img width=\"300\" height=\"300\" src=\"https:\/\/franciscanos.org.br\/noticias\/wp-content\/uploads\/2025\/08\/WhatsApp-Image-2025-08-06-at-15.50.12-8-300x300.jpeg\" class=\"attachment-thumbnail size-thumbnail\" alt=\"\" loading=\"lazy\" srcset=\"https:\/\/franciscanos.org.br\/noticias\/wp-content\/uploads\/2025\/08\/WhatsApp-Image-2025-08-06-at-15.50.12-8-300x300.jpeg 300w, https:\/\/franciscanos.org.br\/noticias\/wp-content\/uploads\/2025\/08\/WhatsApp-Image-2025-08-06-at-15.50.12-8-100x100.jpeg 100w\" sizes=\"(max-width: 300px) 100vw, 300px\" \/><\/a>\n\t\t\t<\/dt><\/dl><dl class='gallery-item'>\n\t\t\t<dt class='gallery-icon portrait'>\n\t\t\t\t<a href='https:\/\/franciscanos.org.br\/noticias\/wp-content\/uploads\/2025\/08\/WhatsApp-Image-2025-08-06-at-15.50.12-9.jpeg'><img width=\"300\" height=\"300\" src=\"https:\/\/franciscanos.org.br\/noticias\/wp-content\/uploads\/2025\/08\/WhatsApp-Image-2025-08-06-at-15.50.12-9-300x300.jpeg\" class=\"attachment-thumbnail size-thumbnail\" alt=\"\" loading=\"lazy\" srcset=\"https:\/\/franciscanos.org.br\/noticias\/wp-content\/uploads\/2025\/08\/WhatsApp-Image-2025-08-06-at-15.50.12-9-300x300.jpeg 300w, https:\/\/franciscanos.org.br\/noticias\/wp-content\/uploads\/2025\/08\/WhatsApp-Image-2025-08-06-at-15.50.12-9-100x100.jpeg 100w\" sizes=\"(max-width: 300px) 100vw, 300px\" \/><\/a>\n\t\t\t<\/dt><\/dl><dl class='gallery-item'>\n\t\t\t<dt class='gallery-icon portrait'>\n\t\t\t\t<a href='https:\/\/franciscanos.org.br\/noticias\/wp-content\/uploads\/2025\/08\/WhatsApp-Image-2025-08-06-at-15.50.13-1.jpeg'><img width=\"300\" height=\"300\" src=\"https:\/\/franciscanos.org.br\/noticias\/wp-content\/uploads\/2025\/08\/WhatsApp-Image-2025-08-06-at-15.50.13-1-300x300.jpeg\" class=\"attachment-thumbnail size-thumbnail\" alt=\"\" loading=\"lazy\" srcset=\"https:\/\/franciscanos.org.br\/noticias\/wp-content\/uploads\/2025\/08\/WhatsApp-Image-2025-08-06-at-15.50.13-1-300x300.jpeg 300w, https:\/\/franciscanos.org.br\/noticias\/wp-content\/uploads\/2025\/08\/WhatsApp-Image-2025-08-06-at-15.50.13-1-100x100.jpeg 100w\" sizes=\"(max-width: 300px) 100vw, 300px\" \/><\/a>\n\t\t\t<\/dt><\/dl><dl class='gallery-item'>\n\t\t\t<dt class='gallery-icon portrait'>\n\t\t\t\t<a href='https:\/\/franciscanos.org.br\/noticias\/wp-content\/uploads\/2025\/08\/WhatsApp-Image-2025-08-06-at-15.50.11-5.jpeg'><img width=\"300\" height=\"300\" src=\"https:\/\/franciscanos.org.br\/noticias\/wp-content\/uploads\/2025\/08\/WhatsApp-Image-2025-08-06-at-15.50.11-5-300x300.jpeg\" class=\"attachment-thumbnail size-thumbnail\" alt=\"\" loading=\"lazy\" srcset=\"https:\/\/franciscanos.org.br\/noticias\/wp-content\/uploads\/2025\/08\/WhatsApp-Image-2025-08-06-at-15.50.11-5-300x300.jpeg 300w, https:\/\/franciscanos.org.br\/noticias\/wp-content\/uploads\/2025\/08\/WhatsApp-Image-2025-08-06-at-15.50.11-5-100x100.jpeg 100w\" sizes=\"(max-width: 300px) 100vw, 300px\" \/><\/a>\n\t\t\t<\/dt><\/dl><br style=\"clear: both\" \/>\n\t\t<\/div>\n\n<p>Al\u00e9m do trabalho direto nas unidades do Sefras, os postulantes tamb\u00e9m realizaram visitas \u00e0s fraternidades franciscanas presentes na capital paulista, fortalecendo os la\u00e7os com a miss\u00e3o e a presen\u00e7a da Ordem dos Frades Menores na cidade.<\/p>\n<p>Aproveitando o clima das festas juninas e julinas, o grupo participou da tradicional Festa Julina do Sefras, realizada na unidade do Jardim Peri Alto, onde est\u00e1 situada a Fraternidade Franciscana Dom Paulo Evaristo Arns. O evento refor\u00e7ou o esp\u00edrito comunit\u00e1rio, celebrando a vida e a cultura popular com a comunidade e colaboradores da institui\u00e7\u00e3o. No campo cultural, os postulantes tamb\u00e9m visitaram museus, igrejas hist\u00f3ricas e pontos tur\u00edsticos do centro de S\u00e3o Paulo, al\u00e9m de participarem do projeto \u201c\u00d3pera Fora da Caixa\u201d, promovido pelo Theatro Municipal de S\u00e3o Paulo.<\/p>\n<p><img loading=\"lazy\" class=\"aligncenter wp-image-259274 size-full\" src=\"https:\/\/franciscanos.org.br\/noticias\/wp-content\/uploads\/2025\/08\/materia-2-2.png\" alt=\"\" width=\"1280\" height=\"720\" srcset=\"https:\/\/franciscanos.org.br\/noticias\/wp-content\/uploads\/2025\/08\/materia-2-2.png 1280w, https:\/\/franciscanos.org.br\/noticias\/wp-content\/uploads\/2025\/08\/materia-2-2-450x253.png 450w, https:\/\/franciscanos.org.br\/noticias\/wp-content\/uploads\/2025\/08\/materia-2-2-1024x576.png 1024w, https:\/\/franciscanos.org.br\/noticias\/wp-content\/uploads\/2025\/08\/materia-2-2-768x432.png 768w, https:\/\/franciscanos.org.br\/noticias\/wp-content\/uploads\/2025\/08\/materia-2-2-150x84.png 150w\" sizes=\"(max-width: 1280px) 100vw, 1280px\" \/><\/p>\n<p>Durante os momentos de partilha, os postulantes refletiram sobre os aprendizados da experi\u00eancia, destacando que a viv\u00eancia pastoral vai al\u00e9m do assistencialismo. Para eles, o per\u00edodo de est\u00e1gio representou um verdadeiro encontro transformador, capaz de iluminar a caminhada vocacional e sobretudo o entendimento da f\u00e9 a partir da realidade concreta.<\/p>\n<p>\u201cPercebemos que o seguimento de Jesus, na espiritualidade franciscana, exige mais do que a compreens\u00e3o de elementos religiosos. \u00c9 preciso viver a f\u00e9 em contato direto com o mundo real, com seus sofrimentos e esperan\u00e7as,\u201d compartilhou um dos postulantes.<\/p>\n<p>A experi\u00eancia no Sefras foi marcada n\u00e3o apenas pelo servi\u00e7o prestado, mas pela conviv\u00eancia fraterna e pela sensibilidade pastoral despertada no cora\u00e7\u00e3o de cada jovem. A acolhida calorosa da Fraternidade Santo Ant\u00f4nio do Pari tamb\u00e9m foi ressaltada como um sinal de verdadeira amizade e comunh\u00e3o.<\/p>\n<p>Ao final da experi\u00eancia, ficou claro que, mais do que um est\u00e1gio, o per\u00edodo vivido em S\u00e3o Paulo foi uma verdadeira imers\u00e3o na din\u00e2mica do encontro, como prop\u00f5e o carisma de Francisco de Assis, onde o lema \u201cAcolher, cuidar e defender\u201d n\u00e3o \u00e9 resumido em \u201cverbos espalhados\u201d presentes em uma organiza\u00e7\u00e3o social, mas resume perfeitamente o esp\u00edrito dessa etapa formativa, que certamente deixar\u00e1 marcas profundas na trajet\u00f3ria de cada postulante e no caminho da constru\u00e7\u00e3o de uma sociedade mais justa, fraterna e solid\u00e1ria.<\/p>\n<hr \/>\n<p><em>Texto: Postulante Cau\u00e3 Bertolacini<\/em><\/p>\n","protected":false},"excerpt":{"rendered":"<p>Viv\u00eancias franciscanas<\/p>\n","protected":false},"author":11,"featured_media":259286,"comment_status":"open","ping_status":"open","sticky":false,"template":"","format":"standard","meta":[],"categories":[1],"tags":[2204,228],"acf":[],"yoast_head":"<!-- This site is optimized with the Yoast SEO plugin v19.2 - https:\/\/yoast.com\/wordpress\/plugins\/seo\/ -->\n<title>Postulantes franciscanos vivem imers\u00e3o pastoral no SEFRAS, em S\u00e3o Paulo - Not\u00edcias - Franciscanos<\/title>\n<meta name=\"robots\" content=\"index, follow, max-snippet:-1, max-image-preview:large, max-video-preview:-1\" \/>\n<link rel=\"canonical\" href=\"https:\/\/franciscanos.org.br\/noticias\/259273.html\" \/>\n<meta property=\"og:locale\" content=\"pt_BR\" \/>\n<meta property=\"og:type\" content=\"article\" \/>\n<meta property=\"og:title\" content=\"Postulantes franciscanos vivem imers\u00e3o pastoral no SEFRAS, em S\u00e3o Paulo - Not\u00edcias - Franciscanos\" \/>\n<meta property=\"og:description\" content=\"Viv\u00eancias franciscanas\" \/>\n<meta property=\"og:url\" content=\"https:\/\/franciscanos.org.br\/noticias\/259273.html\" \/>\n<meta property=\"og:site_name\" content=\"Not\u00edcias - Franciscanos\" \/>\n<meta property=\"article:published_time\" content=\"2025-08-07T11:03:17+00:00\" \/>\n<meta property=\"article:modified_time\" content=\"2025-08-07T17:32:45+00:00\" \/>\n<meta property=\"og:image\" content=\"https:\/\/franciscanos.org.br\/noticias\/wp-content\/uploads\/2025\/08\/chamada-7.png\" \/>\n\t<meta property=\"og:image:width\" content=\"800\" \/>\n\t<meta property=\"og:image:height\" content=\"550\" \/>\n\t<meta property=\"og:image:type\" content=\"image\/png\" \/>\n<meta name=\"author\" content=\"Adriana Rabelo\" \/>\n<meta name=\"twitter:card\" content=\"summary_large_image\" \/>\n<meta name=\"twitter:label1\" content=\"Escrito por\" \/>\n\t<meta name=\"twitter:data1\" content=\"Adriana Rabelo\" \/>\n\t<meta name=\"twitter:label2\" content=\"Est. tempo de leitura\" \/>\n\t<meta name=\"twitter:data2\" content=\"4 minutos\" \/>\n<script type=\"application\/ld+json\" class=\"yoast-schema-graph\">{\"@context\":\"https:\/\/schema.org\",\"@graph\":[{\"@type\":\"WebSite\",\"@id\":\"https:\/\/franciscanos.org.br\/noticias\/#website\",\"url\":\"https:\/\/franciscanos.org.br\/noticias\/\",\"name\":\"Not\u00edcias - Franciscanos\",\"description\":\"Prov\u00edncia Franciscana da Imaculada Concei\u00e7\u00e3o do Brasil - Ordem dos Frades Menores - OFM\",\"potentialAction\":[{\"@type\":\"SearchAction\",\"target\":{\"@type\":\"EntryPoint\",\"urlTemplate\":\"https:\/\/franciscanos.org.br\/noticias\/?s={search_term_string}\"},\"query-input\":\"required name=search_term_string\"}],\"inLanguage\":\"pt-BR\"},{\"@type\":\"ImageObject\",\"inLanguage\":\"pt-BR\",\"@id\":\"https:\/\/franciscanos.org.br\/noticias\/259273.html#primaryimage\",\"url\":\"https:\/\/franciscanos.org.br\/noticias\/wp-content\/uploads\/2025\/08\/chamada-7.png\",\"contentUrl\":\"https:\/\/franciscanos.org.br\/noticias\/wp-content\/uploads\/2025\/08\/chamada-7.png\",\"width\":800,\"height\":550},{\"@type\":\"WebPage\",\"@id\":\"https:\/\/franciscanos.org.br\/noticias\/259273.html#webpage\",\"url\":\"https:\/\/franciscanos.org.br\/noticias\/259273.html\",\"name\":\"Postulantes franciscanos vivem imers\u00e3o pastoral no SEFRAS, em S\u00e3o Paulo - Not\u00edcias - Franciscanos\",\"isPartOf\":{\"@id\":\"https:\/\/franciscanos.org.br\/noticias\/#website\"},\"primaryImageOfPage\":{\"@id\":\"https:\/\/franciscanos.org.br\/noticias\/259273.html#primaryimage\"},\"datePublished\":\"2025-08-07T11:03:17+00:00\",\"dateModified\":\"2025-08-07T17:32:45+00:00\",\"author\":{\"@id\":\"https:\/\/franciscanos.org.br\/noticias\/#\/schema\/person\/d9422e83121c3ad3b0f423d195f5bb25\"},\"breadcrumb\":{\"@id\":\"https:\/\/franciscanos.org.br\/noticias\/259273.html#breadcrumb\"},\"inLanguage\":\"pt-BR\",\"potentialAction\":[{\"@type\":\"ReadAction\",\"target\":[\"https:\/\/franciscanos.org.br\/noticias\/259273.html\"]}]},{\"@type\":\"BreadcrumbList\",\"@id\":\"https:\/\/franciscanos.org.br\/noticias\/259273.html#breadcrumb\",\"itemListElement\":[{\"@type\":\"ListItem\",\"position\":1,\"name\":\"Home\",\"item\":\"https:\/\/franciscanos.org.br\/noticias\"},{\"@type\":\"ListItem\",\"position\":2,\"name\":\"Postulantes franciscanos vivem imers\u00e3o pastoral no SEFRAS, em S\u00e3o Paulo\"}]},{\"@type\":\"Person\",\"@id\":\"https:\/\/franciscanos.org.br\/noticias\/#\/schema\/person\/d9422e83121c3ad3b0f423d195f5bb25\",\"name\":\"Adriana Rabelo\",\"image\":{\"@type\":\"ImageObject\",\"inLanguage\":\"pt-BR\",\"@id\":\"https:\/\/franciscanos.org.br\/noticias\/#\/schema\/person\/image\/\",\"url\":\"https:\/\/secure.gravatar.com\/avatar\/0a937b7500cd7df77540cfb8bede877d?s=96&d=mm&r=g\",\"contentUrl\":\"https:\/\/secure.gravatar.com\/avatar\/0a937b7500cd7df77540cfb8bede877d?s=96&d=mm&r=g\",\"caption\":\"Adriana Rabelo\"},\"url\":\"https:\/\/franciscanos.org.br\/noticias\/author\/adrianarabelo\"}]}<\/script>\n<!-- \/ Yoast SEO plugin. -->","yoast_head_json":{"title":"Postulantes franciscanos vivem imers\u00e3o pastoral no SEFRAS, em S\u00e3o Paulo - Not\u00edcias - Franciscanos","robots":{"index":"index","follow":"follow","max-snippet":"max-snippet:-1","max-image-preview":"max-image-preview:large","max-video-preview":"max-video-preview:-1"},"canonical":"https:\/\/franciscanos.org.br\/noticias\/259273.html","og_locale":"pt_BR","og_type":"article","og_title":"Postulantes franciscanos vivem imers\u00e3o pastoral no SEFRAS, em S\u00e3o Paulo - Not\u00edcias - Franciscanos","og_description":"Viv\u00eancias franciscanas","og_url":"https:\/\/franciscanos.org.br\/noticias\/259273.html","og_site_name":"Not\u00edcias - Franciscanos","article_published_time":"2025-08-07T11:03:17+00:00","article_modified_time":"2025-08-07T17:32:45+00:00","og_image":[{"width":800,"height":550,"url":"https:\/\/franciscanos.org.br\/noticias\/wp-content\/uploads\/2025\/08\/chamada-7.png","type":"image\/png"}],"author":"Adriana Rabelo","twitter_card":"summary_large_image","twitter_misc":{"Escrito por":"Adriana Rabelo","Est. tempo de leitura":"4 minutos"},"schema":{"@context":"https:\/\/schema.org","@graph":[{"@type":"WebSite","@id":"https:\/\/franciscanos.org.br\/noticias\/#website","url":"https:\/\/franciscanos.org.br\/noticias\/","name":"Not\u00edcias - Franciscanos","description":"Prov\u00edncia Franciscana da Imaculada Concei\u00e7\u00e3o do Brasil - Ordem dos Frades Menores - OFM","potentialAction":[{"@type":"SearchAction","target":{"@type":"EntryPoint","urlTemplate":"https:\/\/franciscanos.org.br\/noticias\/?s={search_term_string}"},"query-input":"required name=search_term_string"}],"inLanguage":"pt-BR"},{"@type":"ImageObject","inLanguage":"pt-BR","@id":"https:\/\/franciscanos.org.br\/noticias\/259273.html#primaryimage","url":"https:\/\/franciscanos.org.br\/noticias\/wp-content\/uploads\/2025\/08\/chamada-7.png","contentUrl":"https:\/\/franciscanos.org.br\/noticias\/wp-content\/uploads\/2025\/08\/chamada-7.png","width":800,"height":550},{"@type":"WebPage","@id":"https:\/\/franciscanos.org.br\/noticias\/259273.html#webpage","url":"https:\/\/franciscanos.org.br\/noticias\/259273.html","name":"Postulantes franciscanos vivem imers\u00e3o pastoral no SEFRAS, em S\u00e3o Paulo - Not\u00edcias - Franciscanos","isPartOf":{"@id":"https:\/\/franciscanos.org.br\/noticias\/#website"},"primaryImageOfPage":{"@id":"https:\/\/franciscanos.org.br\/noticias\/259273.html#primaryimage"},"datePublished":"2025-08-07T11:03:17+00:00","dateModified":"2025-08-07T17:32:45+00:00","author":{"@id":"https:\/\/franciscanos.org.br\/noticias\/#\/schema\/person\/d9422e83121c3ad3b0f423d195f5bb25"},"breadcrumb":{"@id":"https:\/\/franciscanos.org.br\/noticias\/259273.html#breadcrumb"},"inLanguage":"pt-BR","potentialAction":[{"@type":"ReadAction","target":["https:\/\/franciscanos.org.br\/noticias\/259273.html"]}]},{"@type":"BreadcrumbList","@id":"https:\/\/franciscanos.org.br\/noticias\/259273.html#breadcrumb","itemListElement":[{"@type":"ListItem","position":1,"name":"Home","item":"https:\/\/franciscanos.org.br\/noticias"},{"@type":"ListItem","position":2,"name":"Postulantes franciscanos vivem imers\u00e3o pastoral no SEFRAS, em S\u00e3o Paulo"}]},{"@type":"Person","@id":"https:\/\/franciscanos.org.br\/noticias\/#\/schema\/person\/d9422e83121c3ad3b0f423d195f5bb25","name":"Adriana Rabelo","image":{"@type":"ImageObject","inLanguage":"pt-BR","@id":"https:\/\/franciscanos.org.br\/noticias\/#\/schema\/person\/image\/","url":"https:\/\/secure.gravatar.com\/avatar\/0a937b7500cd7df77540cfb8bede877d?s=96&d=mm&r=g","contentUrl":"https:\/\/secure.gravatar.com\/avatar\/0a937b7500cd7df77540cfb8bede877d?s=96&d=mm&r=g","caption":"Adriana Rabelo"},"url":"https:\/\/franciscanos.org.br\/noticias\/author\/adrianarabelo"}]}},"_links":{"self":[{"href":"https:\/\/franciscanos.org.br\/noticias\/wp-json\/wp\/v2\/posts\/259273"}],"collection":[{"href":"https:\/\/franciscanos.org.br\/noticias\/wp-json\/wp\/v2\/posts"}],"about":[{"href":"https:\/\/franciscanos.org.br\/noticias\/wp-json\/wp\/v2\/types\/post"}],"author":[{"embeddable":true,"href":"https:\/\/franciscanos.org.br\/noticias\/wp-json\/wp\/v2\/users\/11"}],"replies":[{"embeddable":true,"href":"https:\/\/franciscanos.org.br\/noticias\/wp-json\/wp\/v2\/comments?post=259273"}],"version-history":[{"count":8,"href":"https:\/\/franciscanos.org.br\/noticias\/wp-json\/wp\/v2\/posts\/259273\/revisions"}],"predecessor-version":[{"id":259318,"href":"https:\/\/franciscanos.org.br\/noticias\/wp-json\/wp\/v2\/posts\/259273\/revisions\/259318"}],"wp:featuredmedia":[{"embeddable":true,"href":"https:\/\/franciscanos.org.br\/noticias\/wp-json\/wp\/v2\/media\/259286"}],"wp:attachment":[{"href":"https:\/\/franciscanos.org.br\/noticias\/wp-json\/wp\/v2\/media?parent=259273"}],"wp:term":[{"taxonomy":"category","embeddable":true,"href":"https:\/\/franciscanos.org.br\/noticias\/wp-json\/wp\/v2\/categories?post=259273"},{"taxonomy":"post_tag","embeddable":true,"href":"https:\/\/franciscanos.org.br\/noticias\/wp-json\/wp\/v2\/tags?post=259273"}],"curies":[{"name":"wp","href":"https:\/\/api.w.org\/{rel}","templated":true}]}}