{"id":259236,"date":"2025-08-06T08:27:58","date_gmt":"2025-08-06T11:27:58","guid":{"rendered":"https:\/\/franciscanos.org.br\/noticias\/?p=259236"},"modified":"2025-08-06T08:34:16","modified_gmt":"2025-08-06T11:34:16","slug":"novicos-participam-da-jornada-vocacional-da-diocese-de-rio-do-sul","status":"publish","type":"post","link":"https:\/\/franciscanos.org.br\/noticias\/novicos-participam-da-jornada-vocacional-da-diocese-de-rio-do-sul.html","title":{"rendered":"Novi\u00e7os participam da Jornada Vocacional da Diocese de Rio do Sul"},"content":{"rendered":"<p><em><img loading=\"lazy\" class=\"aligncenter wp-image-259238 size-full\" src=\"https:\/\/franciscanos.org.br\/noticias\/wp-content\/uploads\/2025\/08\/MATERIA-1-2.png\" alt=\"\" width=\"1280\" height=\"720\" srcset=\"https:\/\/franciscanos.org.br\/noticias\/wp-content\/uploads\/2025\/08\/MATERIA-1-2.png 1280w, https:\/\/franciscanos.org.br\/noticias\/wp-content\/uploads\/2025\/08\/MATERIA-1-2-450x253.png 450w, https:\/\/franciscanos.org.br\/noticias\/wp-content\/uploads\/2025\/08\/MATERIA-1-2-1024x576.png 1024w, https:\/\/franciscanos.org.br\/noticias\/wp-content\/uploads\/2025\/08\/MATERIA-1-2-768x432.png 768w, https:\/\/franciscanos.org.br\/noticias\/wp-content\/uploads\/2025\/08\/MATERIA-1-2-150x84.png 150w\" sizes=\"(max-width: 1280px) 100vw, 1280px\" \/><\/em><\/p>\n<p><em>\u201cRogai, pois, ao Senhor da messe que envie oper\u00e1rios para a sua messe\u201d (Mt 9,38).<\/em><\/p>\n<p>No primeiro domingo de agosto (03), m\u00eas dedicado \u00e0s voca\u00e7\u00f5es na Igreja, cerca de 1.800 jovens da Diocese de Rio do Sul marcaram presen\u00e7a na Jornada Vocacional realizada no Semin\u00e1rio S\u00e3o Francisco de Assis, em Ituporanga (SC). Este evento deu in\u00edcio ao projeto \u201cPadres para a Igreja de Santa Catarina\u201d, promovido pelo Regional Sul 4 da CNBB, que tem como pilares ora\u00e7\u00e3o, chamado, forma\u00e7\u00e3o, divulga\u00e7\u00e3o e corresponsabilidade.<\/p>\n<p>Segundo o Papa Le\u00e3o XIV: \u201cA Igreja necessita com urg\u00eancia de voca\u00e7\u00f5es! \u00c9 essencial que os jovens de nossas comunidades encontrem acolhimento caloroso, aten\u00e7\u00e3o e incentivo em seu percurso vocacional, podendo se espelhar em exemplos de dedica\u00e7\u00e3o generosa a Deus e ao pr\u00f3ximo\u201d. Nesse contexto, o evento revelou-se um excelente instrumento de incentivo \u00e0 voca\u00e7\u00e3o.<\/p>\n<p><img loading=\"lazy\" class=\"aligncenter wp-image-259240 size-full\" src=\"https:\/\/franciscanos.org.br\/noticias\/wp-content\/uploads\/2025\/08\/MATERIA2.png\" alt=\"\" width=\"1280\" height=\"720\" srcset=\"https:\/\/franciscanos.org.br\/noticias\/wp-content\/uploads\/2025\/08\/MATERIA2.png 1280w, https:\/\/franciscanos.org.br\/noticias\/wp-content\/uploads\/2025\/08\/MATERIA2-450x253.png 450w, https:\/\/franciscanos.org.br\/noticias\/wp-content\/uploads\/2025\/08\/MATERIA2-1024x576.png 1024w, https:\/\/franciscanos.org.br\/noticias\/wp-content\/uploads\/2025\/08\/MATERIA2-768x432.png 768w, https:\/\/franciscanos.org.br\/noticias\/wp-content\/uploads\/2025\/08\/MATERIA2-150x84.png 150w\" sizes=\"(max-width: 1280px) 100vw, 1280px\" \/><\/p>\n<p>A jornada, organizada pela Diocese, teve in\u00edcio \u00e0s 8h30, com a presen\u00e7a de Dom Adalberto Donadelli Junior, Bispo Diocesano; frades das fraternidades de Ituporanga e Rodeio; religiosas, padres, seminaristas, jovens e o povo santo de Deus. O bispo destacou a beleza e riqueza da Igreja ao contemplar a diversidade de religiosos, religiosas, padres e seminaristas presentes, chamando-os de \u201cplantas do jardim de Deus\u201d.<\/p>\n<p>Com uma programa\u00e7\u00e3o animada para aquecer o frio que fazia em Ituporanga, os jovens eram constantemente convidados a meditar o tema: &#8220;Voca\u00e7\u00e3o acertada, vida feliz!\u201d. Iniciou-se a manh\u00e3 com caf\u00e9 partilhado, e em seguida momentos de ora\u00e7\u00e3o, gincanas, palestras e testemunho vocacional sobre as diferentes voca\u00e7\u00f5es na Igreja: presbiteral, religiosa, matrimonial e laical. Tamb\u00e9m foi realizada uma mesa-redonda com a participa\u00e7\u00e3o de Dom Adalberto, Di\u00e1cono Vinicius, Irm\u00e3 Carmelita, seminarista diocesano, e Frei Luis Naldo Rodrigues da Concei\u00e7\u00e3o (novi\u00e7o). Este \u00faltimo, ao falar de sua experi\u00eancia como novi\u00e7o na Ordem dos Frades Menores, expressou sua felicidade na vida religiosa franciscana, descrevendo seu processo vocacional e fazendo um apelo aos jovens para que se animem em conhecer a vida franciscana.<\/p>\n<p><img loading=\"lazy\" class=\"aligncenter wp-image-259241 size-full\" src=\"https:\/\/franciscanos.org.br\/noticias\/wp-content\/uploads\/2025\/08\/MATERIA-3-1.png\" alt=\"\" width=\"1280\" height=\"720\" srcset=\"https:\/\/franciscanos.org.br\/noticias\/wp-content\/uploads\/2025\/08\/MATERIA-3-1.png 1280w, https:\/\/franciscanos.org.br\/noticias\/wp-content\/uploads\/2025\/08\/MATERIA-3-1-450x253.png 450w, https:\/\/franciscanos.org.br\/noticias\/wp-content\/uploads\/2025\/08\/MATERIA-3-1-1024x576.png 1024w, https:\/\/franciscanos.org.br\/noticias\/wp-content\/uploads\/2025\/08\/MATERIA-3-1-768x432.png 768w, https:\/\/franciscanos.org.br\/noticias\/wp-content\/uploads\/2025\/08\/MATERIA-3-1-150x84.png 150w\" sizes=\"(max-width: 1280px) 100vw, 1280px\" \/>As atividades da manh\u00e3 foram conclu\u00eddas com um momento de adora\u00e7\u00e3o ao Cristo Eucar\u00edstico. Logo ap\u00f3s, os participantes desfrutaram de um almo\u00e7o preparado pelos paroquianos da Par\u00f3quia Santo Estev\u00e3o de Ituporanga. Em seguida, como \u201cPeregrinos da Esperan\u00e7a\u201d, manifestaram sua f\u00e9 p\u00fablica em uma caminhada de louvor e ora\u00e7\u00e3o, cantando e rezando, carregando a \u201cEsperan\u00e7a que n\u00e3o decepciona\u201d (Rm 5,5), at\u00e9 a Igreja Matriz Santo Estev\u00e3o, onde ocorreu a Celebra\u00e7\u00e3o Eucar\u00edstica de encerramento \u00e0s 15h. Durante a caminhada, houve momentos de sil\u00eancio e preces por paz no mundo e solidariedade \u00e0s crian\u00e7as que sofrem com os horrores das guerras.<\/p>\n<p>Ao final da jornada, Dom Adalberto agradeceu aos frades pela presen\u00e7a marcante dos novi\u00e7os, pela acolhida fraterna, pela abertura do Semin\u00e1rio e da Par\u00f3quia para a realiza\u00e7\u00e3o do evento, destacando a import\u00e2ncia do esp\u00edrito franciscano na Diocese.<\/p>\n<p>A Par\u00f3quia de Rodeio enviou dois \u00f4nibus com jovens, coroinhas, catequizandos, catequistas e respons\u00e1veis. Maria Fiamoncini, coroinha da Matriz S\u00e3o Francisco de Assis, compartilhou sua emo\u00e7\u00e3o por participar do evento, dizendo que essa experi\u00eancia representou um \u201cDespertar Vocacional\u201d importante para sua caminhada de f\u00e9 e amadurecimento vocacional.<\/p>\n<p>Manifestamos nossa gratid\u00e3o \u00e0 comiss\u00e3o organizadora pelo convite para participar deste momento vocacional t\u00e3o significativo, bem como \u00e0 equipe da PASCOM Diocesana, na pessoa de Jo\u00e3o V\u00edtor Martins, pelo suporte na divulga\u00e7\u00e3o com o uso de imagens do evento.<\/p>\n<p><img loading=\"lazy\" class=\"aligncenter wp-image-259246 size-full\" src=\"https:\/\/franciscanos.org.br\/noticias\/wp-content\/uploads\/2025\/08\/materia4-1.png\" alt=\"\" width=\"1280\" height=\"720\" srcset=\"https:\/\/franciscanos.org.br\/noticias\/wp-content\/uploads\/2025\/08\/materia4-1.png 1280w, https:\/\/franciscanos.org.br\/noticias\/wp-content\/uploads\/2025\/08\/materia4-1-450x253.png 450w, https:\/\/franciscanos.org.br\/noticias\/wp-content\/uploads\/2025\/08\/materia4-1-1024x576.png 1024w, https:\/\/franciscanos.org.br\/noticias\/wp-content\/uploads\/2025\/08\/materia4-1-768x432.png 768w, https:\/\/franciscanos.org.br\/noticias\/wp-content\/uploads\/2025\/08\/materia4-1-150x84.png 150w\" sizes=\"(max-width: 1280px) 100vw, 1280px\" \/><\/p>\n<p>Neste m\u00eas de agosto, a Igreja celebra a mem\u00f3ria de Santa Clara. A Santa de Assis, ao escrever para Santa In\u00eas de Praga, nos lembra: \u201cN\u00e3o perca de vista seu ponto de partida, conserve o que tem, fa\u00e7a o que est\u00e1 fazendo e n\u00e3o deixe, mas avance com passo seguro, confiante e alegre, pelo caminho da bem-aventuran\u00e7a. N\u00e3o confie em ningu\u00e9m nem permita nada que possa desvi\u00e1-la de seu prop\u00f3sito, que seja obst\u00e1culo para o cumprimento de seus votos ao Alt\u00edssimo na perfei\u00e7\u00e3o em que o Esp\u00edrito do Senhor a chamou.\u201d (2CtIn, 11-14).<\/p>\n<p>Que a M\u00e3e da \u201cOrdem das Damas Pobres\u201d interceda pelos jovens em discernimento vocacional, seguindo o Bom Pastor. Tamb\u00e9m Nosso Pai S\u00e3o Francisco, em seu testamento, afirmou: \u201cDepois que o Senhor me deu irm\u00e3os, ningu\u00e9m me mostrou o que fazer, mas o pr\u00f3prio Alt\u00edssimo revelou que eu deveria viver segundo a forma do Santo Evangelho.\u201d (Test, 14). Se voc\u00ea jovem deseja integrar essa bonita fam\u00edlia franciscana, <a href=\"https:\/\/franciscanos.org.br\/vocacional\/orientacao\/#gsc.tab=0\"><span style=\"color: #000080;\"><strong>entre em contato conosco<\/strong><\/span><\/a>.<\/p>\n<p>Reiteramos a ora\u00e7\u00e3o vocacional do Papa S\u00e3o Paulo VI: \u201cJesus, mestre divino que chamastes os ap\u00f3stolos para vos seguirem, continuai a passar pelos nossos caminhos, pelas nossas fam\u00edlias, pelas nossas escolas. Repeti o convite a muitos jovens. Dai coragem \u00e0s pessoas convidadas, dai for\u00e7as para que vos sejam fi\u00e9is como ap\u00f3stolos leigos, sacerdotes, religiosos e religiosas, pelo bem do povo de Deus e de toda a humanidade. Am\u00e9m! \u201d<\/p>\n<p>Que Deus aben\u00e7oe a todos os jovens em sua jornada vocacional.<\/p>\n<hr \/>\n<p><em>Equipe de Novi\u00e7os 2025<\/em><\/p>\n","protected":false},"excerpt":{"rendered":"<p>M\u00eas Vocacional<\/p>\n","protected":false},"author":11,"featured_media":259237,"comment_status":"open","ping_status":"open","sticky":false,"template":"","format":"standard","meta":[],"categories":[1],"tags":[1877,127],"acf":[],"yoast_head":"<!-- This site is optimized with the Yoast SEO plugin v19.2 - https:\/\/yoast.com\/wordpress\/plugins\/seo\/ -->\n<title>Novi\u00e7os participam da Jornada Vocacional da Diocese de Rio do Sul - Not\u00edcias - Franciscanos<\/title>\n<meta name=\"robots\" content=\"index, follow, max-snippet:-1, max-image-preview:large, max-video-preview:-1\" \/>\n<link rel=\"canonical\" href=\"https:\/\/franciscanos.org.br\/noticias\/novicos-participam-da-jornada-vocacional-da-diocese-de-rio-do-sul.html\" \/>\n<meta property=\"og:locale\" content=\"pt_BR\" \/>\n<meta property=\"og:type\" content=\"article\" \/>\n<meta property=\"og:title\" content=\"Novi\u00e7os participam da Jornada Vocacional da Diocese de Rio do Sul - Not\u00edcias - Franciscanos\" \/>\n<meta property=\"og:description\" content=\"M\u00eas Vocacional\" \/>\n<meta property=\"og:url\" content=\"https:\/\/franciscanos.org.br\/noticias\/novicos-participam-da-jornada-vocacional-da-diocese-de-rio-do-sul.html\" \/>\n<meta property=\"og:site_name\" content=\"Not\u00edcias - Franciscanos\" \/>\n<meta property=\"article:published_time\" content=\"2025-08-06T11:27:58+00:00\" \/>\n<meta property=\"article:modified_time\" content=\"2025-08-06T11:34:16+00:00\" \/>\n<meta property=\"og:image\" content=\"https:\/\/franciscanos.org.br\/noticias\/wp-content\/uploads\/2025\/08\/CHAMADA-5.png\" \/>\n\t<meta property=\"og:image:width\" content=\"800\" \/>\n\t<meta property=\"og:image:height\" content=\"550\" \/>\n\t<meta property=\"og:image:type\" content=\"image\/png\" \/>\n<meta name=\"author\" content=\"Adriana Rabelo\" \/>\n<meta name=\"twitter:card\" content=\"summary_large_image\" \/>\n<meta name=\"twitter:label1\" content=\"Escrito por\" \/>\n\t<meta name=\"twitter:data1\" content=\"Adriana Rabelo\" \/>\n\t<meta name=\"twitter:label2\" content=\"Est. tempo de leitura\" \/>\n\t<meta name=\"twitter:data2\" content=\"4 minutos\" \/>\n<script type=\"application\/ld+json\" class=\"yoast-schema-graph\">{\"@context\":\"https:\/\/schema.org\",\"@graph\":[{\"@type\":\"WebSite\",\"@id\":\"https:\/\/franciscanos.org.br\/noticias\/#website\",\"url\":\"https:\/\/franciscanos.org.br\/noticias\/\",\"name\":\"Not\u00edcias - Franciscanos\",\"description\":\"Prov\u00edncia Franciscana da Imaculada Concei\u00e7\u00e3o do Brasil - Ordem dos Frades Menores - OFM\",\"potentialAction\":[{\"@type\":\"SearchAction\",\"target\":{\"@type\":\"EntryPoint\",\"urlTemplate\":\"https:\/\/franciscanos.org.br\/noticias\/?s={search_term_string}\"},\"query-input\":\"required name=search_term_string\"}],\"inLanguage\":\"pt-BR\"},{\"@type\":\"ImageObject\",\"inLanguage\":\"pt-BR\",\"@id\":\"https:\/\/franciscanos.org.br\/noticias\/novicos-participam-da-jornada-vocacional-da-diocese-de-rio-do-sul.html#primaryimage\",\"url\":\"https:\/\/franciscanos.org.br\/noticias\/wp-content\/uploads\/2025\/08\/CHAMADA-5.png\",\"contentUrl\":\"https:\/\/franciscanos.org.br\/noticias\/wp-content\/uploads\/2025\/08\/CHAMADA-5.png\",\"width\":800,\"height\":550},{\"@type\":\"WebPage\",\"@id\":\"https:\/\/franciscanos.org.br\/noticias\/novicos-participam-da-jornada-vocacional-da-diocese-de-rio-do-sul.html#webpage\",\"url\":\"https:\/\/franciscanos.org.br\/noticias\/novicos-participam-da-jornada-vocacional-da-diocese-de-rio-do-sul.html\",\"name\":\"Novi\u00e7os participam da Jornada Vocacional da Diocese de Rio do Sul - Not\u00edcias - Franciscanos\",\"isPartOf\":{\"@id\":\"https:\/\/franciscanos.org.br\/noticias\/#website\"},\"primaryImageOfPage\":{\"@id\":\"https:\/\/franciscanos.org.br\/noticias\/novicos-participam-da-jornada-vocacional-da-diocese-de-rio-do-sul.html#primaryimage\"},\"datePublished\":\"2025-08-06T11:27:58+00:00\",\"dateModified\":\"2025-08-06T11:34:16+00:00\",\"author\":{\"@id\":\"https:\/\/franciscanos.org.br\/noticias\/#\/schema\/person\/d9422e83121c3ad3b0f423d195f5bb25\"},\"breadcrumb\":{\"@id\":\"https:\/\/franciscanos.org.br\/noticias\/novicos-participam-da-jornada-vocacional-da-diocese-de-rio-do-sul.html#breadcrumb\"},\"inLanguage\":\"pt-BR\",\"potentialAction\":[{\"@type\":\"ReadAction\",\"target\":[\"https:\/\/franciscanos.org.br\/noticias\/novicos-participam-da-jornada-vocacional-da-diocese-de-rio-do-sul.html\"]}]},{\"@type\":\"BreadcrumbList\",\"@id\":\"https:\/\/franciscanos.org.br\/noticias\/novicos-participam-da-jornada-vocacional-da-diocese-de-rio-do-sul.html#breadcrumb\",\"itemListElement\":[{\"@type\":\"ListItem\",\"position\":1,\"name\":\"Home\",\"item\":\"https:\/\/franciscanos.org.br\/noticias\"},{\"@type\":\"ListItem\",\"position\":2,\"name\":\"Novi\u00e7os participam da Jornada Vocacional da Diocese de Rio do Sul\"}]},{\"@type\":\"Person\",\"@id\":\"https:\/\/franciscanos.org.br\/noticias\/#\/schema\/person\/d9422e83121c3ad3b0f423d195f5bb25\",\"name\":\"Adriana Rabelo\",\"image\":{\"@type\":\"ImageObject\",\"inLanguage\":\"pt-BR\",\"@id\":\"https:\/\/franciscanos.org.br\/noticias\/#\/schema\/person\/image\/\",\"url\":\"https:\/\/secure.gravatar.com\/avatar\/0a937b7500cd7df77540cfb8bede877d?s=96&d=mm&r=g\",\"contentUrl\":\"https:\/\/secure.gravatar.com\/avatar\/0a937b7500cd7df77540cfb8bede877d?s=96&d=mm&r=g\",\"caption\":\"Adriana Rabelo\"},\"url\":\"https:\/\/franciscanos.org.br\/noticias\/author\/adrianarabelo\"}]}<\/script>\n<!-- \/ Yoast SEO plugin. -->","yoast_head_json":{"title":"Novi\u00e7os participam da Jornada Vocacional da Diocese de Rio do Sul - Not\u00edcias - Franciscanos","robots":{"index":"index","follow":"follow","max-snippet":"max-snippet:-1","max-image-preview":"max-image-preview:large","max-video-preview":"max-video-preview:-1"},"canonical":"https:\/\/franciscanos.org.br\/noticias\/novicos-participam-da-jornada-vocacional-da-diocese-de-rio-do-sul.html","og_locale":"pt_BR","og_type":"article","og_title":"Novi\u00e7os participam da Jornada Vocacional da Diocese de Rio do Sul - Not\u00edcias - Franciscanos","og_description":"M\u00eas Vocacional","og_url":"https:\/\/franciscanos.org.br\/noticias\/novicos-participam-da-jornada-vocacional-da-diocese-de-rio-do-sul.html","og_site_name":"Not\u00edcias - Franciscanos","article_published_time":"2025-08-06T11:27:58+00:00","article_modified_time":"2025-08-06T11:34:16+00:00","og_image":[{"width":800,"height":550,"url":"https:\/\/franciscanos.org.br\/noticias\/wp-content\/uploads\/2025\/08\/CHAMADA-5.png","type":"image\/png"}],"author":"Adriana Rabelo","twitter_card":"summary_large_image","twitter_misc":{"Escrito por":"Adriana Rabelo","Est. tempo de leitura":"4 minutos"},"schema":{"@context":"https:\/\/schema.org","@graph":[{"@type":"WebSite","@id":"https:\/\/franciscanos.org.br\/noticias\/#website","url":"https:\/\/franciscanos.org.br\/noticias\/","name":"Not\u00edcias - Franciscanos","description":"Prov\u00edncia Franciscana da Imaculada Concei\u00e7\u00e3o do Brasil - Ordem dos Frades Menores - OFM","potentialAction":[{"@type":"SearchAction","target":{"@type":"EntryPoint","urlTemplate":"https:\/\/franciscanos.org.br\/noticias\/?s={search_term_string}"},"query-input":"required name=search_term_string"}],"inLanguage":"pt-BR"},{"@type":"ImageObject","inLanguage":"pt-BR","@id":"https:\/\/franciscanos.org.br\/noticias\/novicos-participam-da-jornada-vocacional-da-diocese-de-rio-do-sul.html#primaryimage","url":"https:\/\/franciscanos.org.br\/noticias\/wp-content\/uploads\/2025\/08\/CHAMADA-5.png","contentUrl":"https:\/\/franciscanos.org.br\/noticias\/wp-content\/uploads\/2025\/08\/CHAMADA-5.png","width":800,"height":550},{"@type":"WebPage","@id":"https:\/\/franciscanos.org.br\/noticias\/novicos-participam-da-jornada-vocacional-da-diocese-de-rio-do-sul.html#webpage","url":"https:\/\/franciscanos.org.br\/noticias\/novicos-participam-da-jornada-vocacional-da-diocese-de-rio-do-sul.html","name":"Novi\u00e7os participam da Jornada Vocacional da Diocese de Rio do Sul - Not\u00edcias - Franciscanos","isPartOf":{"@id":"https:\/\/franciscanos.org.br\/noticias\/#website"},"primaryImageOfPage":{"@id":"https:\/\/franciscanos.org.br\/noticias\/novicos-participam-da-jornada-vocacional-da-diocese-de-rio-do-sul.html#primaryimage"},"datePublished":"2025-08-06T11:27:58+00:00","dateModified":"2025-08-06T11:34:16+00:00","author":{"@id":"https:\/\/franciscanos.org.br\/noticias\/#\/schema\/person\/d9422e83121c3ad3b0f423d195f5bb25"},"breadcrumb":{"@id":"https:\/\/franciscanos.org.br\/noticias\/novicos-participam-da-jornada-vocacional-da-diocese-de-rio-do-sul.html#breadcrumb"},"inLanguage":"pt-BR","potentialAction":[{"@type":"ReadAction","target":["https:\/\/franciscanos.org.br\/noticias\/novicos-participam-da-jornada-vocacional-da-diocese-de-rio-do-sul.html"]}]},{"@type":"BreadcrumbList","@id":"https:\/\/franciscanos.org.br\/noticias\/novicos-participam-da-jornada-vocacional-da-diocese-de-rio-do-sul.html#breadcrumb","itemListElement":[{"@type":"ListItem","position":1,"name":"Home","item":"https:\/\/franciscanos.org.br\/noticias"},{"@type":"ListItem","position":2,"name":"Novi\u00e7os participam da Jornada Vocacional da Diocese de Rio do Sul"}]},{"@type":"Person","@id":"https:\/\/franciscanos.org.br\/noticias\/#\/schema\/person\/d9422e83121c3ad3b0f423d195f5bb25","name":"Adriana Rabelo","image":{"@type":"ImageObject","inLanguage":"pt-BR","@id":"https:\/\/franciscanos.org.br\/noticias\/#\/schema\/person\/image\/","url":"https:\/\/secure.gravatar.com\/avatar\/0a937b7500cd7df77540cfb8bede877d?s=96&d=mm&r=g","contentUrl":"https:\/\/secure.gravatar.com\/avatar\/0a937b7500cd7df77540cfb8bede877d?s=96&d=mm&r=g","caption":"Adriana Rabelo"},"url":"https:\/\/franciscanos.org.br\/noticias\/author\/adrianarabelo"}]}},"_links":{"self":[{"href":"https:\/\/franciscanos.org.br\/noticias\/wp-json\/wp\/v2\/posts\/259236"}],"collection":[{"href":"https:\/\/franciscanos.org.br\/noticias\/wp-json\/wp\/v2\/posts"}],"about":[{"href":"https:\/\/franciscanos.org.br\/noticias\/wp-json\/wp\/v2\/types\/post"}],"author":[{"embeddable":true,"href":"https:\/\/franciscanos.org.br\/noticias\/wp-json\/wp\/v2\/users\/11"}],"replies":[{"embeddable":true,"href":"https:\/\/franciscanos.org.br\/noticias\/wp-json\/wp\/v2\/comments?post=259236"}],"version-history":[{"count":2,"href":"https:\/\/franciscanos.org.br\/noticias\/wp-json\/wp\/v2\/posts\/259236\/revisions"}],"predecessor-version":[{"id":259247,"href":"https:\/\/franciscanos.org.br\/noticias\/wp-json\/wp\/v2\/posts\/259236\/revisions\/259247"}],"wp:featuredmedia":[{"embeddable":true,"href":"https:\/\/franciscanos.org.br\/noticias\/wp-json\/wp\/v2\/media\/259237"}],"wp:attachment":[{"href":"https:\/\/franciscanos.org.br\/noticias\/wp-json\/wp\/v2\/media?parent=259236"}],"wp:term":[{"taxonomy":"category","embeddable":true,"href":"https:\/\/franciscanos.org.br\/noticias\/wp-json\/wp\/v2\/categories?post=259236"},{"taxonomy":"post_tag","embeddable":true,"href":"https:\/\/franciscanos.org.br\/noticias\/wp-json\/wp\/v2\/tags?post=259236"}],"curies":[{"name":"wp","href":"https:\/\/api.w.org\/{rel}","templated":true}]}}