{"id":259231,"date":"2025-08-06T08:06:47","date_gmt":"2025-08-06T11:06:47","guid":{"rendered":"https:\/\/franciscanos.org.br\/noticias\/?p=259231"},"modified":"2025-08-06T08:06:47","modified_gmt":"2025-08-06T11:06:47","slug":"papa-a-eucaristia-celebra-se-nao-so-no-altar-mas-tambem-na-vida-quotidiana","status":"publish","type":"post","link":"https:\/\/franciscanos.org.br\/noticias\/papa-a-eucaristia-celebra-se-nao-so-no-altar-mas-tambem-na-vida-quotidiana.html","title":{"rendered":"Papa: \u201cA Eucaristia celebra-se n\u00e3o s\u00f3 no altar, mas tamb\u00e9m na vida quotidiana\u201d"},"content":{"rendered":"<p><em><img loading=\"lazy\" class=\"aligncenter wp-image-259232 size-full\" src=\"https:\/\/franciscanos.org.br\/noticias\/wp-content\/uploads\/2025\/08\/MATERIA-06.08.png\" alt=\"\" width=\"1280\" height=\"720\" srcset=\"https:\/\/franciscanos.org.br\/noticias\/wp-content\/uploads\/2025\/08\/MATERIA-06.08.png 1280w, https:\/\/franciscanos.org.br\/noticias\/wp-content\/uploads\/2025\/08\/MATERIA-06.08-450x253.png 450w, https:\/\/franciscanos.org.br\/noticias\/wp-content\/uploads\/2025\/08\/MATERIA-06.08-1024x576.png 1024w, https:\/\/franciscanos.org.br\/noticias\/wp-content\/uploads\/2025\/08\/MATERIA-06.08-768x432.png 768w, https:\/\/franciscanos.org.br\/noticias\/wp-content\/uploads\/2025\/08\/MATERIA-06.08-150x84.png 150w\" sizes=\"(max-width: 1280px) 100vw, 1280px\" \/><\/em><\/p>\n<p><em>\u201cIrm\u00e3os e irm\u00e3s, bom dia!\u201d<\/em><\/p>\n<p>Com essas palavras proferidas em portugu\u00eas, o Papa iniciou a Audi\u00eancia Geral desta quarta-feira, 6 de agosto, realizada na Pra\u00e7a S\u00e3o Pedro. Le\u00e3o XIV deu continuidade \u00e0s reflex\u00f5es sobre o itiner\u00e1rio jubilar e prop\u00f4s uma nova etapa de medita\u00e7\u00f5es sobre a paix\u00e3o, morte e ressurrei\u00e7\u00e3o de Jesus. O Pont\u00edfice sugeriu aos fi\u00e9is uma leitura espiritual do verbo \u201cpreparar\u201d, a partir de um trecho do Evangelho de Marcos.<\/p>\n<p>\u201cContinuamos a nossa caminhada jubilar para descobrir o rosto de Cristo, em quem a nossa esperan\u00e7a toma forma e subst\u00e2ncia\u201d, afirmou o Papa. E, partindo do epis\u00f3dio evang\u00e9lico em que os disc\u00edpulos perguntam a Jesus onde desejava celebrar a P\u00e1scoa, Le\u00e3o XIV destacou a import\u00e2ncia dos pequenos detalhes: \u201cNo primeiro dia dos \u00c1zimos, quando se imolava a P\u00e1scoa, disseram-lhe os seus disc\u00edpulos: \u2018Onde queres que vamos fazer os preparativos para comeres a P\u00e1scoa?\u2019\u201d (Mc 14,12).<\/p>\n<p>Segundo o Papa, \u201ca resposta de Jesus parece quase enigm\u00e1tica: \u2018Ide \u00e0 cidade, e vir\u00e1 ao vosso encontro um homem carregando uma bilha de \u00e1gua\u2019 (v. 13)\u201d. E prosseguiu explicando que os elementos aparentemente banais da cena \u2013 como o homem com o c\u00e2ntaro ou a sala no andar superior \u2013 revelam uma realidade mais profunda: \u201cCom efeito, \u00e9 exatamente assim. Neste epis\u00f3dio, o Evangelho revela-nos que o amor n\u00e3o \u00e9 fruto do acaso, mas de uma escolha consciente. N\u00e3o \u00e9 uma rea\u00e7\u00e3o simples, mas uma decis\u00e3o que exige prepara\u00e7\u00e3o.\u201d<\/p>\n<h3><strong>Deus sempre nos precede<\/strong><\/h3>\n<p>O Papa ressaltou que a imagem da \u201csala j\u00e1 pronta no andar superior\u201d mostra como Deus se antecipa \u00e0s nossas necessidades: \u201cAntes mesmo de percebermos que precisamos de ser acolhidos, o Senhor j\u00e1 preparou um espa\u00e7o para n\u00f3s, onde nos podemos reconhecer e sentir seus amigos.\u201d Esse espa\u00e7o, segundo o Santo Padre, \u00e9 o nosso pr\u00f3prio cora\u00e7\u00e3o, muitas vezes vazio, mas chamado a ser preenchido pela presen\u00e7a divina:<\/p>\n<p>\u201cJesus n\u00e3o enfrenta a sua paix\u00e3o pelo destino, mas pela fidelidade a um caminho que abra\u00e7ou e percorreu com liberdade e cuidado. \u00c9 isso que nos consola: saber que o dom da sua vida vem de uma inten\u00e7\u00e3o profunda, n\u00e3o de um impulso imediato.\u201d<\/p>\n<p>Neste caminho, destacou o Pont\u00edfice, \u201ca gra\u00e7a n\u00e3o elimina a nossa liberdade, mas desperta-a. O dom de Deus n\u00e3o anula a nossa responsabilidade, mas torna-a fecunda.\u201d<\/p>\n<h3><strong>Celebrar a Eucaristia na vida quotidiana<\/strong><\/h3>\n<p>Le\u00e3o XIV advertiu para a tenta\u00e7\u00e3o de confundir os preparativos com ativismo ou expectativas vazias. Preparar-se para celebrar esta a\u00e7\u00e3o de gra\u00e7as n\u00e3o significa fazer mais, mas deixar espa\u00e7o. Significa remover o que \u00e9 pesado, baixar as nossas exig\u00eancias, deixar de cultivar expectativas irrealistas:<\/p>\n<p>\u201cAinda hoje, como ent\u00e3o, h\u00e1 uma ceia a preparar. N\u00e3o se trata apenas da liturgia, mas da nossa disponibilidade para participar num gesto que nos transcende. A Eucaristia celebra-se n\u00e3o s\u00f3 no altar, mas tamb\u00e9m na vida quotidiana, onde \u00e9 poss\u00edvel experimentar tudo como oferta e a\u00e7\u00e3o de gra\u00e7as.\u201d<\/p>\n<p>Para o Papa, a cena do Cen\u00e1culo revela o verdadeiro amor de Cristo, que prepara um banquete mesmo diante da trai\u00e7\u00e3o e da nega\u00e7\u00e3o dos disc\u00edpulos: \u201cEnquanto eles ainda n\u00e3o compreendiam, enquanto um estava prestes a tra\u00ed-lo e outro a neg\u00e1-lo, Ele preparava uma ceia de comunh\u00e3o para todos.\u201d<\/p>\n<h3><strong>Preparar a P\u00e1scoa da vida<\/strong><\/h3>\n<p>O Papa tamb\u00e9m fez um convite concreto aos fi\u00e9is e peregrinos: \u201cTamb\u00e9m n\u00f3s somos convidados a \u2018preparar a P\u00e1scoa do Senhor\u2019. N\u00e3o s\u00f3 a P\u00e1scoa lit\u00fargica, mas tamb\u00e9m a P\u00e1scoa das nossas vidas.\u201d E sugeriu uma reflex\u00e3o:<\/p>\n<p>\u201cQue espa\u00e7os da minha vida preciso de reorganizar para estar pronto para acolher o Senhor? O que significa \u2018preparar\u2019 para mim hoje? Talvez signifique renunciar a uma exig\u00eancia, deixar de esperar que o outro mude, dar o primeiro passo. Talvez signifique ouvir mais, agir menos ou aprender a confiar no que j\u00e1 foi predisposto.\u201d<\/p>\n<h3><strong>Mist\u00e9rio de um amor infinito<\/strong><\/h3>\n<p>Ao concluir a catequese, Le\u00e3o XIV sublinhou que, se aceitamos o convite para preparar o lugar da comunh\u00e3o com Deus e uns com os outros, iremos descobrir que estamos rodeados de sinais, encontros e palavras que nos indicam aquela sala espa\u00e7osa e j\u00e1 pronta, onde o mist\u00e9rio de um amor infinito, que nos sustenta e sempre nos precede, \u00e9 incessantemente celebrado. E completou:<\/p>\n<p>\u201cQue o Senhor nos conceda ser humildes preparadores da sua presen\u00e7a. E, nesta disponibilidade di\u00e1ria, cres\u00e7a em n\u00f3s aquela confian\u00e7a serena que nos permite enfrentar tudo de cora\u00e7\u00e3o aberto. Pois, onde o amor estiver pronto, a vida pode verdadeiramente florescer.\u201d<\/p>\n<hr \/>\n<p><em>Thulio Fonseca \u2013 Vatican News<\/em><\/p>\n","protected":false},"excerpt":{"rendered":"<p>Audi\u00eancia Geral<\/p>\n","protected":false},"author":11,"featured_media":259233,"comment_status":"open","ping_status":"open","sticky":false,"template":"","format":"standard","meta":[],"categories":[1],"tags":[487,2343],"acf":[],"yoast_head":"<!-- This site is optimized with the Yoast SEO plugin v19.2 - https:\/\/yoast.com\/wordpress\/plugins\/seo\/ -->\n<title>Papa: \u201cA Eucaristia celebra-se n\u00e3o s\u00f3 no altar, mas tamb\u00e9m na vida quotidiana\u201d - Not\u00edcias - Franciscanos<\/title>\n<meta name=\"robots\" content=\"index, follow, max-snippet:-1, max-image-preview:large, max-video-preview:-1\" \/>\n<link rel=\"canonical\" href=\"https:\/\/franciscanos.org.br\/noticias\/papa-a-eucaristia-celebra-se-nao-so-no-altar-mas-tambem-na-vida-quotidiana.html\" \/>\n<meta property=\"og:locale\" content=\"pt_BR\" \/>\n<meta property=\"og:type\" content=\"article\" \/>\n<meta property=\"og:title\" content=\"Papa: \u201cA Eucaristia celebra-se n\u00e3o s\u00f3 no altar, mas tamb\u00e9m na vida quotidiana\u201d - Not\u00edcias - Franciscanos\" \/>\n<meta property=\"og:description\" content=\"Audi\u00eancia Geral\" \/>\n<meta property=\"og:url\" content=\"https:\/\/franciscanos.org.br\/noticias\/papa-a-eucaristia-celebra-se-nao-so-no-altar-mas-tambem-na-vida-quotidiana.html\" \/>\n<meta property=\"og:site_name\" content=\"Not\u00edcias - Franciscanos\" \/>\n<meta property=\"article:published_time\" content=\"2025-08-06T11:06:47+00:00\" \/>\n<meta property=\"og:image\" content=\"https:\/\/franciscanos.org.br\/noticias\/wp-content\/uploads\/2025\/08\/CHAMADA-06.08.png\" \/>\n\t<meta property=\"og:image:width\" content=\"800\" \/>\n\t<meta property=\"og:image:height\" content=\"550\" \/>\n\t<meta property=\"og:image:type\" content=\"image\/png\" \/>\n<meta name=\"author\" content=\"Adriana Rabelo\" \/>\n<meta name=\"twitter:card\" content=\"summary_large_image\" \/>\n<meta name=\"twitter:label1\" content=\"Escrito por\" \/>\n\t<meta name=\"twitter:data1\" content=\"Adriana Rabelo\" \/>\n\t<meta name=\"twitter:label2\" content=\"Est. tempo de leitura\" \/>\n\t<meta name=\"twitter:data2\" content=\"4 minutos\" \/>\n<script type=\"application\/ld+json\" class=\"yoast-schema-graph\">{\"@context\":\"https:\/\/schema.org\",\"@graph\":[{\"@type\":\"WebSite\",\"@id\":\"https:\/\/franciscanos.org.br\/noticias\/#website\",\"url\":\"https:\/\/franciscanos.org.br\/noticias\/\",\"name\":\"Not\u00edcias - Franciscanos\",\"description\":\"Prov\u00edncia Franciscana da Imaculada Concei\u00e7\u00e3o do Brasil - Ordem dos Frades Menores - OFM\",\"potentialAction\":[{\"@type\":\"SearchAction\",\"target\":{\"@type\":\"EntryPoint\",\"urlTemplate\":\"https:\/\/franciscanos.org.br\/noticias\/?s={search_term_string}\"},\"query-input\":\"required name=search_term_string\"}],\"inLanguage\":\"pt-BR\"},{\"@type\":\"ImageObject\",\"inLanguage\":\"pt-BR\",\"@id\":\"https:\/\/franciscanos.org.br\/noticias\/papa-a-eucaristia-celebra-se-nao-so-no-altar-mas-tambem-na-vida-quotidiana.html#primaryimage\",\"url\":\"https:\/\/franciscanos.org.br\/noticias\/wp-content\/uploads\/2025\/08\/CHAMADA-06.08.png\",\"contentUrl\":\"https:\/\/franciscanos.org.br\/noticias\/wp-content\/uploads\/2025\/08\/CHAMADA-06.08.png\",\"width\":800,\"height\":550},{\"@type\":\"WebPage\",\"@id\":\"https:\/\/franciscanos.org.br\/noticias\/papa-a-eucaristia-celebra-se-nao-so-no-altar-mas-tambem-na-vida-quotidiana.html#webpage\",\"url\":\"https:\/\/franciscanos.org.br\/noticias\/papa-a-eucaristia-celebra-se-nao-so-no-altar-mas-tambem-na-vida-quotidiana.html\",\"name\":\"Papa: \u201cA Eucaristia celebra-se n\u00e3o s\u00f3 no altar, mas tamb\u00e9m na vida quotidiana\u201d - Not\u00edcias - Franciscanos\",\"isPartOf\":{\"@id\":\"https:\/\/franciscanos.org.br\/noticias\/#website\"},\"primaryImageOfPage\":{\"@id\":\"https:\/\/franciscanos.org.br\/noticias\/papa-a-eucaristia-celebra-se-nao-so-no-altar-mas-tambem-na-vida-quotidiana.html#primaryimage\"},\"datePublished\":\"2025-08-06T11:06:47+00:00\",\"dateModified\":\"2025-08-06T11:06:47+00:00\",\"author\":{\"@id\":\"https:\/\/franciscanos.org.br\/noticias\/#\/schema\/person\/d9422e83121c3ad3b0f423d195f5bb25\"},\"breadcrumb\":{\"@id\":\"https:\/\/franciscanos.org.br\/noticias\/papa-a-eucaristia-celebra-se-nao-so-no-altar-mas-tambem-na-vida-quotidiana.html#breadcrumb\"},\"inLanguage\":\"pt-BR\",\"potentialAction\":[{\"@type\":\"ReadAction\",\"target\":[\"https:\/\/franciscanos.org.br\/noticias\/papa-a-eucaristia-celebra-se-nao-so-no-altar-mas-tambem-na-vida-quotidiana.html\"]}]},{\"@type\":\"BreadcrumbList\",\"@id\":\"https:\/\/franciscanos.org.br\/noticias\/papa-a-eucaristia-celebra-se-nao-so-no-altar-mas-tambem-na-vida-quotidiana.html#breadcrumb\",\"itemListElement\":[{\"@type\":\"ListItem\",\"position\":1,\"name\":\"Home\",\"item\":\"https:\/\/franciscanos.org.br\/noticias\"},{\"@type\":\"ListItem\",\"position\":2,\"name\":\"Papa: \u201cA Eucaristia celebra-se n\u00e3o s\u00f3 no altar, mas tamb\u00e9m na vida quotidiana\u201d\"}]},{\"@type\":\"Person\",\"@id\":\"https:\/\/franciscanos.org.br\/noticias\/#\/schema\/person\/d9422e83121c3ad3b0f423d195f5bb25\",\"name\":\"Adriana Rabelo\",\"image\":{\"@type\":\"ImageObject\",\"inLanguage\":\"pt-BR\",\"@id\":\"https:\/\/franciscanos.org.br\/noticias\/#\/schema\/person\/image\/\",\"url\":\"https:\/\/secure.gravatar.com\/avatar\/0a937b7500cd7df77540cfb8bede877d?s=96&d=mm&r=g\",\"contentUrl\":\"https:\/\/secure.gravatar.com\/avatar\/0a937b7500cd7df77540cfb8bede877d?s=96&d=mm&r=g\",\"caption\":\"Adriana Rabelo\"},\"url\":\"https:\/\/franciscanos.org.br\/noticias\/author\/adrianarabelo\"}]}<\/script>\n<!-- \/ Yoast SEO plugin. -->","yoast_head_json":{"title":"Papa: \u201cA Eucaristia celebra-se n\u00e3o s\u00f3 no altar, mas tamb\u00e9m na vida quotidiana\u201d - Not\u00edcias - Franciscanos","robots":{"index":"index","follow":"follow","max-snippet":"max-snippet:-1","max-image-preview":"max-image-preview:large","max-video-preview":"max-video-preview:-1"},"canonical":"https:\/\/franciscanos.org.br\/noticias\/papa-a-eucaristia-celebra-se-nao-so-no-altar-mas-tambem-na-vida-quotidiana.html","og_locale":"pt_BR","og_type":"article","og_title":"Papa: \u201cA Eucaristia celebra-se n\u00e3o s\u00f3 no altar, mas tamb\u00e9m na vida quotidiana\u201d - Not\u00edcias - Franciscanos","og_description":"Audi\u00eancia Geral","og_url":"https:\/\/franciscanos.org.br\/noticias\/papa-a-eucaristia-celebra-se-nao-so-no-altar-mas-tambem-na-vida-quotidiana.html","og_site_name":"Not\u00edcias - Franciscanos","article_published_time":"2025-08-06T11:06:47+00:00","og_image":[{"width":800,"height":550,"url":"https:\/\/franciscanos.org.br\/noticias\/wp-content\/uploads\/2025\/08\/CHAMADA-06.08.png","type":"image\/png"}],"author":"Adriana Rabelo","twitter_card":"summary_large_image","twitter_misc":{"Escrito por":"Adriana Rabelo","Est. tempo de leitura":"4 minutos"},"schema":{"@context":"https:\/\/schema.org","@graph":[{"@type":"WebSite","@id":"https:\/\/franciscanos.org.br\/noticias\/#website","url":"https:\/\/franciscanos.org.br\/noticias\/","name":"Not\u00edcias - Franciscanos","description":"Prov\u00edncia Franciscana da Imaculada Concei\u00e7\u00e3o do Brasil - Ordem dos Frades Menores - OFM","potentialAction":[{"@type":"SearchAction","target":{"@type":"EntryPoint","urlTemplate":"https:\/\/franciscanos.org.br\/noticias\/?s={search_term_string}"},"query-input":"required name=search_term_string"}],"inLanguage":"pt-BR"},{"@type":"ImageObject","inLanguage":"pt-BR","@id":"https:\/\/franciscanos.org.br\/noticias\/papa-a-eucaristia-celebra-se-nao-so-no-altar-mas-tambem-na-vida-quotidiana.html#primaryimage","url":"https:\/\/franciscanos.org.br\/noticias\/wp-content\/uploads\/2025\/08\/CHAMADA-06.08.png","contentUrl":"https:\/\/franciscanos.org.br\/noticias\/wp-content\/uploads\/2025\/08\/CHAMADA-06.08.png","width":800,"height":550},{"@type":"WebPage","@id":"https:\/\/franciscanos.org.br\/noticias\/papa-a-eucaristia-celebra-se-nao-so-no-altar-mas-tambem-na-vida-quotidiana.html#webpage","url":"https:\/\/franciscanos.org.br\/noticias\/papa-a-eucaristia-celebra-se-nao-so-no-altar-mas-tambem-na-vida-quotidiana.html","name":"Papa: \u201cA Eucaristia celebra-se n\u00e3o s\u00f3 no altar, mas tamb\u00e9m na vida quotidiana\u201d - Not\u00edcias - Franciscanos","isPartOf":{"@id":"https:\/\/franciscanos.org.br\/noticias\/#website"},"primaryImageOfPage":{"@id":"https:\/\/franciscanos.org.br\/noticias\/papa-a-eucaristia-celebra-se-nao-so-no-altar-mas-tambem-na-vida-quotidiana.html#primaryimage"},"datePublished":"2025-08-06T11:06:47+00:00","dateModified":"2025-08-06T11:06:47+00:00","author":{"@id":"https:\/\/franciscanos.org.br\/noticias\/#\/schema\/person\/d9422e83121c3ad3b0f423d195f5bb25"},"breadcrumb":{"@id":"https:\/\/franciscanos.org.br\/noticias\/papa-a-eucaristia-celebra-se-nao-so-no-altar-mas-tambem-na-vida-quotidiana.html#breadcrumb"},"inLanguage":"pt-BR","potentialAction":[{"@type":"ReadAction","target":["https:\/\/franciscanos.org.br\/noticias\/papa-a-eucaristia-celebra-se-nao-so-no-altar-mas-tambem-na-vida-quotidiana.html"]}]},{"@type":"BreadcrumbList","@id":"https:\/\/franciscanos.org.br\/noticias\/papa-a-eucaristia-celebra-se-nao-so-no-altar-mas-tambem-na-vida-quotidiana.html#breadcrumb","itemListElement":[{"@type":"ListItem","position":1,"name":"Home","item":"https:\/\/franciscanos.org.br\/noticias"},{"@type":"ListItem","position":2,"name":"Papa: \u201cA Eucaristia celebra-se n\u00e3o s\u00f3 no altar, mas tamb\u00e9m na vida quotidiana\u201d"}]},{"@type":"Person","@id":"https:\/\/franciscanos.org.br\/noticias\/#\/schema\/person\/d9422e83121c3ad3b0f423d195f5bb25","name":"Adriana Rabelo","image":{"@type":"ImageObject","inLanguage":"pt-BR","@id":"https:\/\/franciscanos.org.br\/noticias\/#\/schema\/person\/image\/","url":"https:\/\/secure.gravatar.com\/avatar\/0a937b7500cd7df77540cfb8bede877d?s=96&d=mm&r=g","contentUrl":"https:\/\/secure.gravatar.com\/avatar\/0a937b7500cd7df77540cfb8bede877d?s=96&d=mm&r=g","caption":"Adriana Rabelo"},"url":"https:\/\/franciscanos.org.br\/noticias\/author\/adrianarabelo"}]}},"_links":{"self":[{"href":"https:\/\/franciscanos.org.br\/noticias\/wp-json\/wp\/v2\/posts\/259231"}],"collection":[{"href":"https:\/\/franciscanos.org.br\/noticias\/wp-json\/wp\/v2\/posts"}],"about":[{"href":"https:\/\/franciscanos.org.br\/noticias\/wp-json\/wp\/v2\/types\/post"}],"author":[{"embeddable":true,"href":"https:\/\/franciscanos.org.br\/noticias\/wp-json\/wp\/v2\/users\/11"}],"replies":[{"embeddable":true,"href":"https:\/\/franciscanos.org.br\/noticias\/wp-json\/wp\/v2\/comments?post=259231"}],"version-history":[{"count":2,"href":"https:\/\/franciscanos.org.br\/noticias\/wp-json\/wp\/v2\/posts\/259231\/revisions"}],"predecessor-version":[{"id":259235,"href":"https:\/\/franciscanos.org.br\/noticias\/wp-json\/wp\/v2\/posts\/259231\/revisions\/259235"}],"wp:featuredmedia":[{"embeddable":true,"href":"https:\/\/franciscanos.org.br\/noticias\/wp-json\/wp\/v2\/media\/259233"}],"wp:attachment":[{"href":"https:\/\/franciscanos.org.br\/noticias\/wp-json\/wp\/v2\/media?parent=259231"}],"wp:term":[{"taxonomy":"category","embeddable":true,"href":"https:\/\/franciscanos.org.br\/noticias\/wp-json\/wp\/v2\/categories?post=259231"},{"taxonomy":"post_tag","embeddable":true,"href":"https:\/\/franciscanos.org.br\/noticias\/wp-json\/wp\/v2\/tags?post=259231"}],"curies":[{"name":"wp","href":"https:\/\/api.w.org\/{rel}","templated":true}]}}