{"id":259219,"date":"2025-08-05T12:39:52","date_gmt":"2025-08-05T15:39:52","guid":{"rendered":"https:\/\/franciscanos.org.br\/noticias\/?p=259219"},"modified":"2025-08-05T12:46:44","modified_gmt":"2025-08-05T15:46:44","slug":"congresso-franciscano-sera-em-setembro-no-rio-de-janeiro","status":"publish","type":"post","link":"https:\/\/franciscanos.org.br\/noticias\/congresso-franciscano-sera-em-setembro-no-rio-de-janeiro.html","title":{"rendered":"Congresso Franciscano ser\u00e1 em setembro, no Rio de Janeiro"},"content":{"rendered":"<p><img loading=\"lazy\" class=\"aligncenter wp-image-259222 size-full\" src=\"https:\/\/franciscanos.org.br\/noticias\/wp-content\/uploads\/2025\/08\/MATERIA-11.png\" alt=\"\" width=\"1280\" height=\"720\" srcset=\"https:\/\/franciscanos.org.br\/noticias\/wp-content\/uploads\/2025\/08\/MATERIA-11.png 1280w, https:\/\/franciscanos.org.br\/noticias\/wp-content\/uploads\/2025\/08\/MATERIA-11-450x253.png 450w, https:\/\/franciscanos.org.br\/noticias\/wp-content\/uploads\/2025\/08\/MATERIA-11-1024x576.png 1024w, https:\/\/franciscanos.org.br\/noticias\/wp-content\/uploads\/2025\/08\/MATERIA-11-768x432.png 768w, https:\/\/franciscanos.org.br\/noticias\/wp-content\/uploads\/2025\/08\/MATERIA-11-150x84.png 150w\" sizes=\"(max-width: 1280px) 100vw, 1280px\" \/><\/p>\n<p>No dia 15 de julho de 1675 o Papa Clemente X criava a Prov\u00edncia Franciscana da Imaculada Concei\u00e7\u00e3o do Brasil, com sede no Convento Santo Ant\u00f4nio, do Rio de Janeiro, desmembrando-a da Prov\u00edncia de Santo Ant\u00f4nio, que tinha sua sede em Recife, Pernambuco. Hoje, 350 anos depois, queremos celebrar este momento marcante, trazendo \u00e0 luz a vida, o legado, desafios e esperan\u00e7as que motivaram homens de f\u00e9 a traduzirem, para as Terras de Santa Cruz, os valores, ideais e o modo de ser de Francisco de Assis.<\/p>\n<p>Para comemorarmos essa data, a Prov\u00edncia Franciscana da Imaculada Concei\u00e7\u00e3o do Brasil est\u00e1 organizando o <strong><a href=\"https:\/\/sites.google.com\/usf.edu.br\/congresso350provincia\/apresenta%C3%A7%C3%A3o?authuser=0\">Congresso Franciscano\u2013 Prov\u00edncia da Imaculada: 350 anos de Evangeliza\u00e7\u00e3o, Hist\u00f3ria e Cultura<\/a>, nos dias 24, 25 e 26 de setembro<\/strong>.<\/p>\n<p>Ser\u00e1 uma oportunidade \u00edmpar para o interc\u00e2mbio de conhecimentos, reflex\u00f5es, viv\u00eancias e mem\u00f3rias sobre as realiza\u00e7\u00f5es dos franciscanos da Prov\u00edncia da Imaculada nestes mais de tr\u00eas s\u00e9culos de funda\u00e7\u00e3o. O <strong>Convento de Santo Ant\u00f4nio<\/strong>, ic\u00f4nico edif\u00edcio tombado pelo IPHAN, com mais de quatro s\u00e9culos de exist\u00eancia, localizado no cora\u00e7\u00e3o do Rio de Janeiro, no Largo da Carioca, servir\u00e1 de cen\u00e1rio para o evento.<\/p>\n<p>Especialistas de todo o Brasil e do exterior estar\u00e3o presentes, compartilhando as mais recentes pesquisas sobre temas relacionados \u00e0 hist\u00f3ria, arte, evangeliza\u00e7\u00e3o, cultura e as din\u00e2micas sociais, pol\u00edticas e de poder, nas v\u00e1rias fases que comp\u00f5em a trajet\u00f3ria da entidade e do franciscanismo no Brasil. Pesquisadores tamb\u00e9m ter\u00e3o a chance de apresentar o resultado de seus trabalhos em mesas tem\u00e1ticas.<\/p>\n<p>Para aqueles que n\u00e3o puderem comparecer presencialmente, haver\u00e1 a op\u00e7\u00e3o de participa\u00e7\u00e3o remota, com transmiss\u00e3o ao vivo.<\/p>\n\n\t\t<style type=\"text\/css\">\n\t\t\t#gallery-1 {\n\t\t\t\tmargin: auto;\n\t\t\t}\n\t\t\t#gallery-1 .gallery-item {\n\t\t\t\tfloat: left;\n\t\t\t\tmargin-top: 10px;\n\t\t\t\ttext-align: center;\n\t\t\t\twidth: 50%;\n\t\t\t}\n\t\t\t#gallery-1 img {\n\t\t\t\tborder: 2px solid #cfcfcf;\n\t\t\t}\n\t\t\t#gallery-1 .gallery-caption {\n\t\t\t\tmargin-left: 0;\n\t\t\t}\n\t\t\t\/* see gallery_shortcode() in wp-includes\/media.php *\/\n\t\t<\/style>\n\t\t<div id='gallery-1' class='gallery galleryid-259219 gallery-columns-2 gallery-size-large'><dl class='gallery-item'>\n\t\t\t<dt class='gallery-icon portrait'>\n\t\t\t\t<a href='https:\/\/franciscanos.org.br\/noticias\/wp-content\/uploads\/2025\/08\/WhatsApp-Image-2025-08-04-at-14.59.29-2-1.jpeg'><img width=\"819\" height=\"1024\" src=\"https:\/\/franciscanos.org.br\/noticias\/wp-content\/uploads\/2025\/08\/WhatsApp-Image-2025-08-04-at-14.59.29-2-1-819x1024.jpeg\" class=\"attachment-large size-large\" alt=\"\" loading=\"lazy\" srcset=\"https:\/\/franciscanos.org.br\/noticias\/wp-content\/uploads\/2025\/08\/WhatsApp-Image-2025-08-04-at-14.59.29-2-1-819x1024.jpeg 819w, https:\/\/franciscanos.org.br\/noticias\/wp-content\/uploads\/2025\/08\/WhatsApp-Image-2025-08-04-at-14.59.29-2-1-360x450.jpeg 360w, https:\/\/franciscanos.org.br\/noticias\/wp-content\/uploads\/2025\/08\/WhatsApp-Image-2025-08-04-at-14.59.29-2-1-768x960.jpeg 768w, https:\/\/franciscanos.org.br\/noticias\/wp-content\/uploads\/2025\/08\/WhatsApp-Image-2025-08-04-at-14.59.29-2-1-150x188.jpeg 150w, https:\/\/franciscanos.org.br\/noticias\/wp-content\/uploads\/2025\/08\/WhatsApp-Image-2025-08-04-at-14.59.29-2-1.jpeg 864w\" sizes=\"(max-width: 819px) 100vw, 819px\" \/><\/a>\n\t\t\t<\/dt><\/dl><dl class='gallery-item'>\n\t\t\t<dt class='gallery-icon portrait'>\n\t\t\t\t<a href='https:\/\/franciscanos.org.br\/noticias\/wp-content\/uploads\/2025\/08\/WhatsApp-Image-2025-08-04-at-14.59.29-1.jpeg'><img width=\"819\" height=\"1024\" src=\"https:\/\/franciscanos.org.br\/noticias\/wp-content\/uploads\/2025\/08\/WhatsApp-Image-2025-08-04-at-14.59.29-1-819x1024.jpeg\" class=\"attachment-large size-large\" alt=\"\" loading=\"lazy\" srcset=\"https:\/\/franciscanos.org.br\/noticias\/wp-content\/uploads\/2025\/08\/WhatsApp-Image-2025-08-04-at-14.59.29-1-819x1024.jpeg 819w, https:\/\/franciscanos.org.br\/noticias\/wp-content\/uploads\/2025\/08\/WhatsApp-Image-2025-08-04-at-14.59.29-1-360x450.jpeg 360w, https:\/\/franciscanos.org.br\/noticias\/wp-content\/uploads\/2025\/08\/WhatsApp-Image-2025-08-04-at-14.59.29-1-768x960.jpeg 768w, https:\/\/franciscanos.org.br\/noticias\/wp-content\/uploads\/2025\/08\/WhatsApp-Image-2025-08-04-at-14.59.29-1-150x188.jpeg 150w, https:\/\/franciscanos.org.br\/noticias\/wp-content\/uploads\/2025\/08\/WhatsApp-Image-2025-08-04-at-14.59.29-1.jpeg 864w\" sizes=\"(max-width: 819px) 100vw, 819px\" \/><\/a>\n\t\t\t<\/dt><\/dl><br style=\"clear: both\" \/>\n\t\t<\/div>\n\n<p>O Congresso Franciscano \u00e9 uma realiza\u00e7\u00e3o do Instituto Teol\u00f3gico Franciscano (ITF), Universidade S\u00e3o Francisco (USF), Grupo Educacional Bom Jesus, FAE e Convento Santo Ant\u00f4nio; com apoio da Editora Vozes e da Confer\u00eancia da Fam\u00edlia Franciscana do Brasil (CFFB).<\/p>\n<p>Acesse o site do ITF e fa\u00e7a sua incri\u00e7\u00e3o: <strong><a href=\"https:\/\/sites.google.com\/usf.edu.br\/congresso350provincia\/apresenta%C3%A7%C3%A3o?authuser=0\">https:\/\/sites.google.com\/usf.edu.br\/congresso350provincia\/apresenta%C3%A7%C3%A3o?authuser=0<\/a><\/strong><\/p>\n<hr \/>\n<p><em>Fonte: <a href=\"https:\/\/www.itf.edu.br\/\">https:\/\/www.itf.edu.br\/<\/a><\/em><\/p>\n","protected":false},"excerpt":{"rendered":"<p>Jubileu 350 anos<\/p>\n","protected":false},"author":11,"featured_media":259221,"comment_status":"open","ping_status":"open","sticky":false,"template":"","format":"standard","meta":[],"categories":[1],"tags":[2388,2278],"acf":[],"yoast_head":"<!-- This site is optimized with the Yoast SEO plugin v19.2 - https:\/\/yoast.com\/wordpress\/plugins\/seo\/ -->\n<title>Congresso Franciscano ser\u00e1 em setembro, no Rio de Janeiro - Not\u00edcias - Franciscanos<\/title>\n<meta name=\"robots\" content=\"index, follow, max-snippet:-1, max-image-preview:large, max-video-preview:-1\" \/>\n<link rel=\"canonical\" href=\"https:\/\/franciscanos.org.br\/noticias\/congresso-franciscano-sera-em-setembro-no-rio-de-janeiro.html\" \/>\n<meta property=\"og:locale\" content=\"pt_BR\" \/>\n<meta property=\"og:type\" content=\"article\" \/>\n<meta property=\"og:title\" content=\"Congresso Franciscano ser\u00e1 em setembro, no Rio de Janeiro - Not\u00edcias - Franciscanos\" \/>\n<meta property=\"og:description\" content=\"Jubileu 350 anos\" \/>\n<meta property=\"og:url\" content=\"https:\/\/franciscanos.org.br\/noticias\/congresso-franciscano-sera-em-setembro-no-rio-de-janeiro.html\" \/>\n<meta property=\"og:site_name\" content=\"Not\u00edcias - Franciscanos\" \/>\n<meta property=\"article:published_time\" content=\"2025-08-05T15:39:52+00:00\" \/>\n<meta property=\"article:modified_time\" content=\"2025-08-05T15:46:44+00:00\" \/>\n<meta property=\"og:image\" content=\"https:\/\/franciscanos.org.br\/noticias\/wp-content\/uploads\/2025\/08\/CHAMADA-CONGRESSO.png\" \/>\n\t<meta property=\"og:image:width\" content=\"800\" \/>\n\t<meta property=\"og:image:height\" content=\"550\" \/>\n\t<meta property=\"og:image:type\" content=\"image\/png\" \/>\n<meta name=\"author\" content=\"Adriana Rabelo\" \/>\n<meta name=\"twitter:card\" content=\"summary_large_image\" \/>\n<meta name=\"twitter:label1\" content=\"Escrito por\" \/>\n\t<meta name=\"twitter:data1\" content=\"Adriana Rabelo\" \/>\n\t<meta name=\"twitter:label2\" content=\"Est. tempo de leitura\" \/>\n\t<meta name=\"twitter:data2\" content=\"2 minutos\" \/>\n<script type=\"application\/ld+json\" class=\"yoast-schema-graph\">{\"@context\":\"https:\/\/schema.org\",\"@graph\":[{\"@type\":\"WebSite\",\"@id\":\"https:\/\/franciscanos.org.br\/noticias\/#website\",\"url\":\"https:\/\/franciscanos.org.br\/noticias\/\",\"name\":\"Not\u00edcias - Franciscanos\",\"description\":\"Prov\u00edncia Franciscana da Imaculada Concei\u00e7\u00e3o do Brasil - Ordem dos Frades Menores - OFM\",\"potentialAction\":[{\"@type\":\"SearchAction\",\"target\":{\"@type\":\"EntryPoint\",\"urlTemplate\":\"https:\/\/franciscanos.org.br\/noticias\/?s={search_term_string}\"},\"query-input\":\"required name=search_term_string\"}],\"inLanguage\":\"pt-BR\"},{\"@type\":\"ImageObject\",\"inLanguage\":\"pt-BR\",\"@id\":\"https:\/\/franciscanos.org.br\/noticias\/congresso-franciscano-sera-em-setembro-no-rio-de-janeiro.html#primaryimage\",\"url\":\"https:\/\/franciscanos.org.br\/noticias\/wp-content\/uploads\/2025\/08\/CHAMADA-CONGRESSO.png\",\"contentUrl\":\"https:\/\/franciscanos.org.br\/noticias\/wp-content\/uploads\/2025\/08\/CHAMADA-CONGRESSO.png\",\"width\":800,\"height\":550},{\"@type\":\"WebPage\",\"@id\":\"https:\/\/franciscanos.org.br\/noticias\/congresso-franciscano-sera-em-setembro-no-rio-de-janeiro.html#webpage\",\"url\":\"https:\/\/franciscanos.org.br\/noticias\/congresso-franciscano-sera-em-setembro-no-rio-de-janeiro.html\",\"name\":\"Congresso Franciscano ser\u00e1 em setembro, no Rio de Janeiro - Not\u00edcias - Franciscanos\",\"isPartOf\":{\"@id\":\"https:\/\/franciscanos.org.br\/noticias\/#website\"},\"primaryImageOfPage\":{\"@id\":\"https:\/\/franciscanos.org.br\/noticias\/congresso-franciscano-sera-em-setembro-no-rio-de-janeiro.html#primaryimage\"},\"datePublished\":\"2025-08-05T15:39:52+00:00\",\"dateModified\":\"2025-08-05T15:46:44+00:00\",\"author\":{\"@id\":\"https:\/\/franciscanos.org.br\/noticias\/#\/schema\/person\/d9422e83121c3ad3b0f423d195f5bb25\"},\"breadcrumb\":{\"@id\":\"https:\/\/franciscanos.org.br\/noticias\/congresso-franciscano-sera-em-setembro-no-rio-de-janeiro.html#breadcrumb\"},\"inLanguage\":\"pt-BR\",\"potentialAction\":[{\"@type\":\"ReadAction\",\"target\":[\"https:\/\/franciscanos.org.br\/noticias\/congresso-franciscano-sera-em-setembro-no-rio-de-janeiro.html\"]}]},{\"@type\":\"BreadcrumbList\",\"@id\":\"https:\/\/franciscanos.org.br\/noticias\/congresso-franciscano-sera-em-setembro-no-rio-de-janeiro.html#breadcrumb\",\"itemListElement\":[{\"@type\":\"ListItem\",\"position\":1,\"name\":\"Home\",\"item\":\"https:\/\/franciscanos.org.br\/noticias\"},{\"@type\":\"ListItem\",\"position\":2,\"name\":\"Congresso Franciscano ser\u00e1 em setembro, no Rio de Janeiro\"}]},{\"@type\":\"Person\",\"@id\":\"https:\/\/franciscanos.org.br\/noticias\/#\/schema\/person\/d9422e83121c3ad3b0f423d195f5bb25\",\"name\":\"Adriana Rabelo\",\"image\":{\"@type\":\"ImageObject\",\"inLanguage\":\"pt-BR\",\"@id\":\"https:\/\/franciscanos.org.br\/noticias\/#\/schema\/person\/image\/\",\"url\":\"https:\/\/secure.gravatar.com\/avatar\/0a937b7500cd7df77540cfb8bede877d?s=96&d=mm&r=g\",\"contentUrl\":\"https:\/\/secure.gravatar.com\/avatar\/0a937b7500cd7df77540cfb8bede877d?s=96&d=mm&r=g\",\"caption\":\"Adriana Rabelo\"},\"url\":\"https:\/\/franciscanos.org.br\/noticias\/author\/adrianarabelo\"}]}<\/script>\n<!-- \/ Yoast SEO plugin. -->","yoast_head_json":{"title":"Congresso Franciscano ser\u00e1 em setembro, no Rio de Janeiro - Not\u00edcias - Franciscanos","robots":{"index":"index","follow":"follow","max-snippet":"max-snippet:-1","max-image-preview":"max-image-preview:large","max-video-preview":"max-video-preview:-1"},"canonical":"https:\/\/franciscanos.org.br\/noticias\/congresso-franciscano-sera-em-setembro-no-rio-de-janeiro.html","og_locale":"pt_BR","og_type":"article","og_title":"Congresso Franciscano ser\u00e1 em setembro, no Rio de Janeiro - Not\u00edcias - Franciscanos","og_description":"Jubileu 350 anos","og_url":"https:\/\/franciscanos.org.br\/noticias\/congresso-franciscano-sera-em-setembro-no-rio-de-janeiro.html","og_site_name":"Not\u00edcias - Franciscanos","article_published_time":"2025-08-05T15:39:52+00:00","article_modified_time":"2025-08-05T15:46:44+00:00","og_image":[{"width":800,"height":550,"url":"https:\/\/franciscanos.org.br\/noticias\/wp-content\/uploads\/2025\/08\/CHAMADA-CONGRESSO.png","type":"image\/png"}],"author":"Adriana Rabelo","twitter_card":"summary_large_image","twitter_misc":{"Escrito por":"Adriana Rabelo","Est. tempo de leitura":"2 minutos"},"schema":{"@context":"https:\/\/schema.org","@graph":[{"@type":"WebSite","@id":"https:\/\/franciscanos.org.br\/noticias\/#website","url":"https:\/\/franciscanos.org.br\/noticias\/","name":"Not\u00edcias - Franciscanos","description":"Prov\u00edncia Franciscana da Imaculada Concei\u00e7\u00e3o do Brasil - Ordem dos Frades Menores - OFM","potentialAction":[{"@type":"SearchAction","target":{"@type":"EntryPoint","urlTemplate":"https:\/\/franciscanos.org.br\/noticias\/?s={search_term_string}"},"query-input":"required name=search_term_string"}],"inLanguage":"pt-BR"},{"@type":"ImageObject","inLanguage":"pt-BR","@id":"https:\/\/franciscanos.org.br\/noticias\/congresso-franciscano-sera-em-setembro-no-rio-de-janeiro.html#primaryimage","url":"https:\/\/franciscanos.org.br\/noticias\/wp-content\/uploads\/2025\/08\/CHAMADA-CONGRESSO.png","contentUrl":"https:\/\/franciscanos.org.br\/noticias\/wp-content\/uploads\/2025\/08\/CHAMADA-CONGRESSO.png","width":800,"height":550},{"@type":"WebPage","@id":"https:\/\/franciscanos.org.br\/noticias\/congresso-franciscano-sera-em-setembro-no-rio-de-janeiro.html#webpage","url":"https:\/\/franciscanos.org.br\/noticias\/congresso-franciscano-sera-em-setembro-no-rio-de-janeiro.html","name":"Congresso Franciscano ser\u00e1 em setembro, no Rio de Janeiro - Not\u00edcias - Franciscanos","isPartOf":{"@id":"https:\/\/franciscanos.org.br\/noticias\/#website"},"primaryImageOfPage":{"@id":"https:\/\/franciscanos.org.br\/noticias\/congresso-franciscano-sera-em-setembro-no-rio-de-janeiro.html#primaryimage"},"datePublished":"2025-08-05T15:39:52+00:00","dateModified":"2025-08-05T15:46:44+00:00","author":{"@id":"https:\/\/franciscanos.org.br\/noticias\/#\/schema\/person\/d9422e83121c3ad3b0f423d195f5bb25"},"breadcrumb":{"@id":"https:\/\/franciscanos.org.br\/noticias\/congresso-franciscano-sera-em-setembro-no-rio-de-janeiro.html#breadcrumb"},"inLanguage":"pt-BR","potentialAction":[{"@type":"ReadAction","target":["https:\/\/franciscanos.org.br\/noticias\/congresso-franciscano-sera-em-setembro-no-rio-de-janeiro.html"]}]},{"@type":"BreadcrumbList","@id":"https:\/\/franciscanos.org.br\/noticias\/congresso-franciscano-sera-em-setembro-no-rio-de-janeiro.html#breadcrumb","itemListElement":[{"@type":"ListItem","position":1,"name":"Home","item":"https:\/\/franciscanos.org.br\/noticias"},{"@type":"ListItem","position":2,"name":"Congresso Franciscano ser\u00e1 em setembro, no Rio de Janeiro"}]},{"@type":"Person","@id":"https:\/\/franciscanos.org.br\/noticias\/#\/schema\/person\/d9422e83121c3ad3b0f423d195f5bb25","name":"Adriana Rabelo","image":{"@type":"ImageObject","inLanguage":"pt-BR","@id":"https:\/\/franciscanos.org.br\/noticias\/#\/schema\/person\/image\/","url":"https:\/\/secure.gravatar.com\/avatar\/0a937b7500cd7df77540cfb8bede877d?s=96&d=mm&r=g","contentUrl":"https:\/\/secure.gravatar.com\/avatar\/0a937b7500cd7df77540cfb8bede877d?s=96&d=mm&r=g","caption":"Adriana Rabelo"},"url":"https:\/\/franciscanos.org.br\/noticias\/author\/adrianarabelo"}]}},"_links":{"self":[{"href":"https:\/\/franciscanos.org.br\/noticias\/wp-json\/wp\/v2\/posts\/259219"}],"collection":[{"href":"https:\/\/franciscanos.org.br\/noticias\/wp-json\/wp\/v2\/posts"}],"about":[{"href":"https:\/\/franciscanos.org.br\/noticias\/wp-json\/wp\/v2\/types\/post"}],"author":[{"embeddable":true,"href":"https:\/\/franciscanos.org.br\/noticias\/wp-json\/wp\/v2\/users\/11"}],"replies":[{"embeddable":true,"href":"https:\/\/franciscanos.org.br\/noticias\/wp-json\/wp\/v2\/comments?post=259219"}],"version-history":[{"count":4,"href":"https:\/\/franciscanos.org.br\/noticias\/wp-json\/wp\/v2\/posts\/259219\/revisions"}],"predecessor-version":[{"id":259230,"href":"https:\/\/franciscanos.org.br\/noticias\/wp-json\/wp\/v2\/posts\/259219\/revisions\/259230"}],"wp:featuredmedia":[{"embeddable":true,"href":"https:\/\/franciscanos.org.br\/noticias\/wp-json\/wp\/v2\/media\/259221"}],"wp:attachment":[{"href":"https:\/\/franciscanos.org.br\/noticias\/wp-json\/wp\/v2\/media?parent=259219"}],"wp:term":[{"taxonomy":"category","embeddable":true,"href":"https:\/\/franciscanos.org.br\/noticias\/wp-json\/wp\/v2\/categories?post=259219"},{"taxonomy":"post_tag","embeddable":true,"href":"https:\/\/franciscanos.org.br\/noticias\/wp-json\/wp\/v2\/tags?post=259219"}],"curies":[{"name":"wp","href":"https:\/\/api.w.org\/{rel}","templated":true}]}}