{"id":259175,"date":"2025-08-04T16:34:40","date_gmt":"2025-08-04T19:34:40","guid":{"rendered":"https:\/\/franciscanos.org.br\/noticias\/?p=259175"},"modified":"2025-08-04T16:34:40","modified_gmt":"2025-08-04T19:34:40","slug":"concerto-erudito-anuncia-temporada-de-musica-no-convento-santo-antonio","status":"publish","type":"post","link":"https:\/\/franciscanos.org.br\/noticias\/concerto-erudito-anuncia-temporada-de-musica-no-convento-santo-antonio.html","title":{"rendered":"Concerto erudito anuncia temporada de m\u00fasica no Convento Santo Ant\u00f4nio"},"content":{"rendered":"<p><img loading=\"lazy\" class=\"aligncenter wp-image-259176 size-full\" src=\"https:\/\/franciscanos.org.br\/noticias\/wp-content\/uploads\/2025\/08\/materia-2.png\" alt=\"\" width=\"1280\" height=\"720\" srcset=\"https:\/\/franciscanos.org.br\/noticias\/wp-content\/uploads\/2025\/08\/materia-2.png 1280w, https:\/\/franciscanos.org.br\/noticias\/wp-content\/uploads\/2025\/08\/materia-2-450x253.png 450w, https:\/\/franciscanos.org.br\/noticias\/wp-content\/uploads\/2025\/08\/materia-2-1024x576.png 1024w, https:\/\/franciscanos.org.br\/noticias\/wp-content\/uploads\/2025\/08\/materia-2-768x432.png 768w, https:\/\/franciscanos.org.br\/noticias\/wp-content\/uploads\/2025\/08\/materia-2-150x84.png 150w\" sizes=\"(max-width: 1280px) 100vw, 1280px\" \/><\/p>\n<p>O Convento de Santo Ant\u00f4nio, no cora\u00e7\u00e3o do Rio de Janeiro, abre suas portas a partir de agosto para uma temporada de concertos gratuitos, celebrando jovens talentos brasileiros da m\u00fasica erudita \u00e0 popular. S\u00e3o m\u00fasicos que assinam um repert\u00f3rio art\u00edstico diverso, mesclando composi\u00e7\u00f5es nacionais e internacionais.<\/p>\n<p>As apresenta\u00e7\u00f5es ocorrem mensalmente no per\u00edodo da manh\u00e3, a partir do dia <strong>23 de agosto<\/strong>, logo ap\u00f3s a Celebra\u00e7\u00e3o Eucar\u00edstica (\u00e0s 9h), sempre \u00e0s 11h. Embora a entrada seja gratuita, os frades pedem ao p\u00fablico, como gesto solid\u00e1rio, para trazer um ou mais quilos de alimento n\u00e3o perec\u00edvel a serem oferecidos a projetos como o Semente, no Jardim Gramacho, entre outros, apoiados pelos franciscanos.<\/p>\n<p>Segundo o Vig\u00e1rio provincial, Frei Gustavo Wayand Medella, o objetivo do projeto \u201cM\u00fasica e Arte no Convento\u201d \u00e9 manter viva a tradi\u00e7\u00e3o centen\u00e1ria franciscana de oferecer \u00e0 comunidade carioca, e tamb\u00e9m aos in\u00fameros visitantes que diariamente v\u00eam conhecer a Cidade Maravilhosa, uma experi\u00eancia que une a espiritualidade e a cultura.<\/p>\n<p>\u201cCom seus 416 anos de Hist\u00f3ria, desde a arquitetura da Capela, passando pela Sacristia, do Sal\u00e3o das Confiss\u00f5es \u00e0s pequenas Capelas do Claustro, o encanto do convento se expressa nas diferentes manifesta\u00e7\u00f5es art\u00edsticas tamb\u00e9m ajudam a conduzir as pessoas ao mist\u00e9rio da beleza e do Sagrado\u201d.<\/p>\n<p>A dire\u00e7\u00e3o art\u00edstica do projeto fica a cargo da Viajart, iniciativa fundada na \u00c1ustria pela \u00edtalo-brasileira Ana Daldon, em 2018, que conecta jovens talentos brasileiros da m\u00fasica cl\u00e1ssica a profissionais e academias internacionais por meio de interc\u00e2mbios culturais, bolsas de estudo e resid\u00eancias art\u00edsticas.<\/p>\n<p>\u201cNossa miss\u00e3o \u00e9 ampliar o acesso \u00e0 m\u00fasica de concerto e promover encontros entre jovens artistas brasileiros consolidados no cen\u00e1rio nacional e internacional. \u00c9 uma alegria imensa poder dar in\u00edcio \u00e0 essa temporada\u201d, afirma Ana.<\/p>\n<p>Na estreia, os violoncelistas Lucas Garcia Muramoto e Ign\u00e1cio Garc\u00eda Nu\u00f1ez, e os violinistas Guilherme Perez e Pablo Araya Betancourt apresentam o concerto \u201cBrasil &#8211; \u00c1ustria: 200 anos\u201d, como parte do encerramento do Festival apARTE, evento de m\u00fasica de c\u00e2mara e de forma\u00e7\u00e3o profissional realizado para jovens m\u00fasicos no Rio de Janeiro.<\/p>\n<h3><strong>Programa\u00e7\u00e3o<\/strong><\/h3>\n<p><strong>Datas:<\/strong> 23\/08 | 20\/09 | 25\/10 | 22\/11 | 13\/12<\/p>\n<h3><strong>Confirmados<\/strong><\/h3>\n<p><strong>23 de agosto<\/strong> &#8211; Festival apART<\/p>\n<p>Os violoncelistas Lucas Garcia Muramoto, e Ign\u00e1cio Garc\u00eda Nu\u00f1ez, e os violinistas Guilherme Perez e Pablo Araya Betancourt fazem do Convento o palco do encerramento do Festival apARTE, com o concerto beneficente \u201cBrasil &#8211; \u00c1ustria: 200 anos\u201d.. Saiba mais em <a href=\"http:\/\/www.apartefest.com\/\">www.apartefest.com\/<\/a>.<\/p>\n<p><strong>Programa dia 23<\/strong><\/p>\n<p><strong>DOWLAND<\/strong><\/p>\n<p>Lachrimae Antiquae (Arr. for Strings) &#8211; 4 min.<\/p>\n<p><strong>A. MOZART<\/strong><\/p>\n<p>Requiem, K. 626: Introit &amp; Kyrie (Arr. for Strings by P. Lichtenthal) &#8211; 6 min.<\/p>\n<p><strong>S. BACH<\/strong><\/p>\n<p>Choirs &#8211; 2 min.<\/p>\n<p><strong>NEUKOMM<\/strong><\/p>\n<p>Marche Fun\u00e8bre &#8211; 6 min.<\/p>\n<p><strong>BRAHMS<\/strong><\/p>\n<p>String Sextet No. 1 in B-flat Major, Op. 18 &#8211; 40 min.<\/p>\n<h3><strong>Ingresso<\/strong><\/h3>\n<p>Cadastre-se no site <strong><a href=\"https:\/\/musicanoconvento.com\/\">musicanoconvento.com<\/a><\/strong> para mais informa\u00e7\u00f5es sobre a programa\u00e7\u00e3o. Para tickets, basta entrar na plataforma <a href=\"https:\/\/www.sympla.com.br\/\">Sympla<\/a>. Entrada Solid\u00e1ria: 1 kg de alimento n\u00e3o perec\u00edvel para quem mais precisa.<\/p>\n<h3><strong>Ingressos limitados<\/strong><\/h3>\n<p>Entrada apenas com apresenta\u00e7\u00e3o do ticket<\/p>\n<h3><strong>Sobre o Convento Santo Ant\u00f4nio<\/strong><\/h3>\n<p>Com 416 anos de hist\u00f3ria, o Convento Santo Ant\u00f4nio \u00e9 uma Institui\u00e7\u00e3o da Igreja Cat\u00f3lica, moradia dos Frades Franciscanos, sem fins lucrativos e que tem como miss\u00e3o anunciar o Evangelho, promover a paz, o bem, a solidariedade, viver a espiritualidade franciscana e promover a cultura no cora\u00e7\u00e3o da cidade do Rio de Janeiro (RJ), Largo da Carioca S\/N.<\/p>\n<h3><strong>Sobre a Viajart<\/strong><\/h3>\n<p>Fundada na \u00c1ustria, em 2018, a Viajart conecta talentos brasileiros da m\u00fasica cl\u00e1ssica a institui\u00e7\u00f5es de excel\u00eancia por meio de bolsas de estudo, interc\u00e2mbios culturais e resid\u00eancias art\u00edsticas.<\/p>\n<p>Ao mesmo tempo, promove o repert\u00f3rio erudito brasileiro no cen\u00e1rio internacional e democratiza o acesso \u00e0 m\u00fasica de concerto no Brasil.<\/p>\n<p>Com representa\u00e7\u00f5es na \u00c1ustria, Brasil e Alemanha, a Viajart conta com uma rede de parceiros \u2013 entre m\u00fasicos, institui\u00e7\u00f5es e apoiadores \u2013 em diversos pa\u00edses ao redor do mundo.<\/p>\n<h3><strong>Contato:<\/strong><\/h3>\n<p>RODRIGO ALEXANDRE | Whatsapp +55 11 999792414<\/p>\n<p><a href=\"mailto:viajart@acdaldon.com\">viajart@acdaldon.com<\/a><\/p>\n<hr \/>\n<p><em>Equipe de comunica\u00e7\u00e3o Convento Santo Ant\u00f4nio e Vijart<\/em><\/p>\n","protected":false},"excerpt":{"rendered":"<p>Cultura no Convento Santo Ant\u00f4nio<\/p>\n","protected":false},"author":11,"featured_media":259178,"comment_status":"open","ping_status":"open","sticky":false,"template":"","format":"standard","meta":[],"categories":[1],"tags":[2221],"acf":[],"yoast_head":"<!-- This site is optimized with the Yoast SEO plugin v19.2 - https:\/\/yoast.com\/wordpress\/plugins\/seo\/ -->\n<title>Concerto erudito anuncia temporada de m\u00fasica no Convento Santo Ant\u00f4nio - Not\u00edcias - Franciscanos<\/title>\n<meta name=\"robots\" content=\"index, follow, max-snippet:-1, max-image-preview:large, max-video-preview:-1\" \/>\n<link rel=\"canonical\" href=\"https:\/\/franciscanos.org.br\/noticias\/concerto-erudito-anuncia-temporada-de-musica-no-convento-santo-antonio.html\" \/>\n<meta property=\"og:locale\" content=\"pt_BR\" \/>\n<meta property=\"og:type\" content=\"article\" \/>\n<meta property=\"og:title\" content=\"Concerto erudito anuncia temporada de m\u00fasica no Convento Santo Ant\u00f4nio - Not\u00edcias - Franciscanos\" \/>\n<meta property=\"og:description\" content=\"Cultura no Convento Santo Ant\u00f4nio\" \/>\n<meta property=\"og:url\" content=\"https:\/\/franciscanos.org.br\/noticias\/concerto-erudito-anuncia-temporada-de-musica-no-convento-santo-antonio.html\" \/>\n<meta property=\"og:site_name\" content=\"Not\u00edcias - Franciscanos\" \/>\n<meta property=\"article:published_time\" content=\"2025-08-04T19:34:40+00:00\" \/>\n<meta property=\"og:image\" content=\"https:\/\/franciscanos.org.br\/noticias\/wp-content\/uploads\/2025\/08\/chamada-3.png\" \/>\n\t<meta property=\"og:image:width\" content=\"800\" \/>\n\t<meta property=\"og:image:height\" content=\"550\" \/>\n\t<meta property=\"og:image:type\" content=\"image\/png\" \/>\n<meta name=\"author\" content=\"Adriana Rabelo\" \/>\n<meta name=\"twitter:card\" content=\"summary_large_image\" \/>\n<meta name=\"twitter:label1\" content=\"Escrito por\" \/>\n\t<meta name=\"twitter:data1\" content=\"Adriana Rabelo\" \/>\n\t<meta name=\"twitter:label2\" content=\"Est. tempo de leitura\" \/>\n\t<meta name=\"twitter:data2\" content=\"3 minutos\" \/>\n<script type=\"application\/ld+json\" class=\"yoast-schema-graph\">{\"@context\":\"https:\/\/schema.org\",\"@graph\":[{\"@type\":\"WebSite\",\"@id\":\"https:\/\/franciscanos.org.br\/noticias\/#website\",\"url\":\"https:\/\/franciscanos.org.br\/noticias\/\",\"name\":\"Not\u00edcias - Franciscanos\",\"description\":\"Prov\u00edncia Franciscana da Imaculada Concei\u00e7\u00e3o do Brasil - Ordem dos Frades Menores - OFM\",\"potentialAction\":[{\"@type\":\"SearchAction\",\"target\":{\"@type\":\"EntryPoint\",\"urlTemplate\":\"https:\/\/franciscanos.org.br\/noticias\/?s={search_term_string}\"},\"query-input\":\"required name=search_term_string\"}],\"inLanguage\":\"pt-BR\"},{\"@type\":\"ImageObject\",\"inLanguage\":\"pt-BR\",\"@id\":\"https:\/\/franciscanos.org.br\/noticias\/concerto-erudito-anuncia-temporada-de-musica-no-convento-santo-antonio.html#primaryimage\",\"url\":\"https:\/\/franciscanos.org.br\/noticias\/wp-content\/uploads\/2025\/08\/chamada-3.png\",\"contentUrl\":\"https:\/\/franciscanos.org.br\/noticias\/wp-content\/uploads\/2025\/08\/chamada-3.png\",\"width\":800,\"height\":550},{\"@type\":\"WebPage\",\"@id\":\"https:\/\/franciscanos.org.br\/noticias\/concerto-erudito-anuncia-temporada-de-musica-no-convento-santo-antonio.html#webpage\",\"url\":\"https:\/\/franciscanos.org.br\/noticias\/concerto-erudito-anuncia-temporada-de-musica-no-convento-santo-antonio.html\",\"name\":\"Concerto erudito anuncia temporada de m\u00fasica no Convento Santo Ant\u00f4nio - Not\u00edcias - Franciscanos\",\"isPartOf\":{\"@id\":\"https:\/\/franciscanos.org.br\/noticias\/#website\"},\"primaryImageOfPage\":{\"@id\":\"https:\/\/franciscanos.org.br\/noticias\/concerto-erudito-anuncia-temporada-de-musica-no-convento-santo-antonio.html#primaryimage\"},\"datePublished\":\"2025-08-04T19:34:40+00:00\",\"dateModified\":\"2025-08-04T19:34:40+00:00\",\"author\":{\"@id\":\"https:\/\/franciscanos.org.br\/noticias\/#\/schema\/person\/d9422e83121c3ad3b0f423d195f5bb25\"},\"breadcrumb\":{\"@id\":\"https:\/\/franciscanos.org.br\/noticias\/concerto-erudito-anuncia-temporada-de-musica-no-convento-santo-antonio.html#breadcrumb\"},\"inLanguage\":\"pt-BR\",\"potentialAction\":[{\"@type\":\"ReadAction\",\"target\":[\"https:\/\/franciscanos.org.br\/noticias\/concerto-erudito-anuncia-temporada-de-musica-no-convento-santo-antonio.html\"]}]},{\"@type\":\"BreadcrumbList\",\"@id\":\"https:\/\/franciscanos.org.br\/noticias\/concerto-erudito-anuncia-temporada-de-musica-no-convento-santo-antonio.html#breadcrumb\",\"itemListElement\":[{\"@type\":\"ListItem\",\"position\":1,\"name\":\"Home\",\"item\":\"https:\/\/franciscanos.org.br\/noticias\"},{\"@type\":\"ListItem\",\"position\":2,\"name\":\"Concerto erudito anuncia temporada de m\u00fasica no Convento Santo Ant\u00f4nio\"}]},{\"@type\":\"Person\",\"@id\":\"https:\/\/franciscanos.org.br\/noticias\/#\/schema\/person\/d9422e83121c3ad3b0f423d195f5bb25\",\"name\":\"Adriana Rabelo\",\"image\":{\"@type\":\"ImageObject\",\"inLanguage\":\"pt-BR\",\"@id\":\"https:\/\/franciscanos.org.br\/noticias\/#\/schema\/person\/image\/\",\"url\":\"https:\/\/secure.gravatar.com\/avatar\/0a937b7500cd7df77540cfb8bede877d?s=96&d=mm&r=g\",\"contentUrl\":\"https:\/\/secure.gravatar.com\/avatar\/0a937b7500cd7df77540cfb8bede877d?s=96&d=mm&r=g\",\"caption\":\"Adriana Rabelo\"},\"url\":\"https:\/\/franciscanos.org.br\/noticias\/author\/adrianarabelo\"}]}<\/script>\n<!-- \/ Yoast SEO plugin. -->","yoast_head_json":{"title":"Concerto erudito anuncia temporada de m\u00fasica no Convento Santo Ant\u00f4nio - Not\u00edcias - Franciscanos","robots":{"index":"index","follow":"follow","max-snippet":"max-snippet:-1","max-image-preview":"max-image-preview:large","max-video-preview":"max-video-preview:-1"},"canonical":"https:\/\/franciscanos.org.br\/noticias\/concerto-erudito-anuncia-temporada-de-musica-no-convento-santo-antonio.html","og_locale":"pt_BR","og_type":"article","og_title":"Concerto erudito anuncia temporada de m\u00fasica no Convento Santo Ant\u00f4nio - Not\u00edcias - Franciscanos","og_description":"Cultura no Convento Santo Ant\u00f4nio","og_url":"https:\/\/franciscanos.org.br\/noticias\/concerto-erudito-anuncia-temporada-de-musica-no-convento-santo-antonio.html","og_site_name":"Not\u00edcias - Franciscanos","article_published_time":"2025-08-04T19:34:40+00:00","og_image":[{"width":800,"height":550,"url":"https:\/\/franciscanos.org.br\/noticias\/wp-content\/uploads\/2025\/08\/chamada-3.png","type":"image\/png"}],"author":"Adriana Rabelo","twitter_card":"summary_large_image","twitter_misc":{"Escrito por":"Adriana Rabelo","Est. tempo de leitura":"3 minutos"},"schema":{"@context":"https:\/\/schema.org","@graph":[{"@type":"WebSite","@id":"https:\/\/franciscanos.org.br\/noticias\/#website","url":"https:\/\/franciscanos.org.br\/noticias\/","name":"Not\u00edcias - Franciscanos","description":"Prov\u00edncia Franciscana da Imaculada Concei\u00e7\u00e3o do Brasil - Ordem dos Frades Menores - OFM","potentialAction":[{"@type":"SearchAction","target":{"@type":"EntryPoint","urlTemplate":"https:\/\/franciscanos.org.br\/noticias\/?s={search_term_string}"},"query-input":"required name=search_term_string"}],"inLanguage":"pt-BR"},{"@type":"ImageObject","inLanguage":"pt-BR","@id":"https:\/\/franciscanos.org.br\/noticias\/concerto-erudito-anuncia-temporada-de-musica-no-convento-santo-antonio.html#primaryimage","url":"https:\/\/franciscanos.org.br\/noticias\/wp-content\/uploads\/2025\/08\/chamada-3.png","contentUrl":"https:\/\/franciscanos.org.br\/noticias\/wp-content\/uploads\/2025\/08\/chamada-3.png","width":800,"height":550},{"@type":"WebPage","@id":"https:\/\/franciscanos.org.br\/noticias\/concerto-erudito-anuncia-temporada-de-musica-no-convento-santo-antonio.html#webpage","url":"https:\/\/franciscanos.org.br\/noticias\/concerto-erudito-anuncia-temporada-de-musica-no-convento-santo-antonio.html","name":"Concerto erudito anuncia temporada de m\u00fasica no Convento Santo Ant\u00f4nio - Not\u00edcias - Franciscanos","isPartOf":{"@id":"https:\/\/franciscanos.org.br\/noticias\/#website"},"primaryImageOfPage":{"@id":"https:\/\/franciscanos.org.br\/noticias\/concerto-erudito-anuncia-temporada-de-musica-no-convento-santo-antonio.html#primaryimage"},"datePublished":"2025-08-04T19:34:40+00:00","dateModified":"2025-08-04T19:34:40+00:00","author":{"@id":"https:\/\/franciscanos.org.br\/noticias\/#\/schema\/person\/d9422e83121c3ad3b0f423d195f5bb25"},"breadcrumb":{"@id":"https:\/\/franciscanos.org.br\/noticias\/concerto-erudito-anuncia-temporada-de-musica-no-convento-santo-antonio.html#breadcrumb"},"inLanguage":"pt-BR","potentialAction":[{"@type":"ReadAction","target":["https:\/\/franciscanos.org.br\/noticias\/concerto-erudito-anuncia-temporada-de-musica-no-convento-santo-antonio.html"]}]},{"@type":"BreadcrumbList","@id":"https:\/\/franciscanos.org.br\/noticias\/concerto-erudito-anuncia-temporada-de-musica-no-convento-santo-antonio.html#breadcrumb","itemListElement":[{"@type":"ListItem","position":1,"name":"Home","item":"https:\/\/franciscanos.org.br\/noticias"},{"@type":"ListItem","position":2,"name":"Concerto erudito anuncia temporada de m\u00fasica no Convento Santo Ant\u00f4nio"}]},{"@type":"Person","@id":"https:\/\/franciscanos.org.br\/noticias\/#\/schema\/person\/d9422e83121c3ad3b0f423d195f5bb25","name":"Adriana Rabelo","image":{"@type":"ImageObject","inLanguage":"pt-BR","@id":"https:\/\/franciscanos.org.br\/noticias\/#\/schema\/person\/image\/","url":"https:\/\/secure.gravatar.com\/avatar\/0a937b7500cd7df77540cfb8bede877d?s=96&d=mm&r=g","contentUrl":"https:\/\/secure.gravatar.com\/avatar\/0a937b7500cd7df77540cfb8bede877d?s=96&d=mm&r=g","caption":"Adriana Rabelo"},"url":"https:\/\/franciscanos.org.br\/noticias\/author\/adrianarabelo"}]}},"_links":{"self":[{"href":"https:\/\/franciscanos.org.br\/noticias\/wp-json\/wp\/v2\/posts\/259175"}],"collection":[{"href":"https:\/\/franciscanos.org.br\/noticias\/wp-json\/wp\/v2\/posts"}],"about":[{"href":"https:\/\/franciscanos.org.br\/noticias\/wp-json\/wp\/v2\/types\/post"}],"author":[{"embeddable":true,"href":"https:\/\/franciscanos.org.br\/noticias\/wp-json\/wp\/v2\/users\/11"}],"replies":[{"embeddable":true,"href":"https:\/\/franciscanos.org.br\/noticias\/wp-json\/wp\/v2\/comments?post=259175"}],"version-history":[{"count":2,"href":"https:\/\/franciscanos.org.br\/noticias\/wp-json\/wp\/v2\/posts\/259175\/revisions"}],"predecessor-version":[{"id":259179,"href":"https:\/\/franciscanos.org.br\/noticias\/wp-json\/wp\/v2\/posts\/259175\/revisions\/259179"}],"wp:featuredmedia":[{"embeddable":true,"href":"https:\/\/franciscanos.org.br\/noticias\/wp-json\/wp\/v2\/media\/259178"}],"wp:attachment":[{"href":"https:\/\/franciscanos.org.br\/noticias\/wp-json\/wp\/v2\/media?parent=259175"}],"wp:term":[{"taxonomy":"category","embeddable":true,"href":"https:\/\/franciscanos.org.br\/noticias\/wp-json\/wp\/v2\/categories?post=259175"},{"taxonomy":"post_tag","embeddable":true,"href":"https:\/\/franciscanos.org.br\/noticias\/wp-json\/wp\/v2\/tags?post=259175"}],"curies":[{"name":"wp","href":"https:\/\/api.w.org\/{rel}","templated":true}]}}