{"id":259151,"date":"2025-08-04T15:52:16","date_gmt":"2025-08-04T18:52:16","guid":{"rendered":"https:\/\/franciscanos.org.br\/noticias\/?p=259151"},"modified":"2025-08-04T15:55:53","modified_gmt":"2025-08-04T18:55:53","slug":"perdao-de-assis-o-que-ficou-para-tras-ficou-lanca-te-para-o-que-vem-a-frente","status":"publish","type":"post","link":"https:\/\/franciscanos.org.br\/noticias\/perdao-de-assis-o-que-ficou-para-tras-ficou-lanca-te-para-o-que-vem-a-frente.html","title":{"rendered":"Perd\u00e3o de Assis em Vila Velha: \u201cO que ficou para tr\u00e1s, ficou! Lan\u00e7a-te para o que vem \u00e0 frente!\u201d"},"content":{"rendered":"<p><img loading=\"lazy\" class=\"aligncenter wp-image-259152 \" src=\"https:\/\/franciscanos.org.br\/noticias\/wp-content\/uploads\/2025\/08\/MATERIA-1-1.png\" alt=\"\" width=\"1280\" height=\"720\" srcset=\"https:\/\/franciscanos.org.br\/noticias\/wp-content\/uploads\/2025\/08\/MATERIA-1-1.png 1280w, https:\/\/franciscanos.org.br\/noticias\/wp-content\/uploads\/2025\/08\/MATERIA-1-1-450x253.png 450w, https:\/\/franciscanos.org.br\/noticias\/wp-content\/uploads\/2025\/08\/MATERIA-1-1-1024x576.png 1024w, https:\/\/franciscanos.org.br\/noticias\/wp-content\/uploads\/2025\/08\/MATERIA-1-1-768x432.png 768w, https:\/\/franciscanos.org.br\/noticias\/wp-content\/uploads\/2025\/08\/MATERIA-1-1-150x84.png 150w\" sizes=\"(max-width: 1280px) 100vw, 1280px\" \/><\/p>\n<p>Vila Velha (ES) se transformou na cidade de Assis! Foi com esse entusiasmo que fi\u00e9is se uniram aos frades da Par\u00f3quia do Ros\u00e1rio e do Convento da Penha para a celebra\u00e7\u00e3o do Perd\u00e3o de Assis, a festa da reconcilia\u00e7\u00e3o, recorda\u00e7\u00e3o do ber\u00e7o do movimento franciscano. Na noite da \u00faltima sexta-feira, 1\u00ba de agosto, milhares de pessoas se concentraram em frente \u00e0 igrejinha de Nossa Senhora do Ros\u00e1rio, na Prainha,\u00a0 considerada ponto inicial da hist\u00f3ria capixaba, que nesse dia concentrou os\u00a0 fi\u00e9is para a\u00a0 caminhada penitencial.<\/p>\n<p>\u201cPara n\u00f3s franciscanos neste estado, assim como, para os franciscanos do mundo inteiro, a Festa da Porci\u00fancula, nos remete ao in\u00edcio da Ordem, pois foi a partir da pequena igreja em Assis que Francisco e seus primeiros frades, se dispuseram a vencer os desafios de sair pelo mundo a anunciar o perd\u00e3o, a paz e o bem! Hoje, cada um veio proclamar sua f\u00e9 e buscar a miseric\u00f3rdia do Senhor, e assim, \u00e9 agraciada com um dom precioso de Deus, dom que reanima, revigora, levanta e cura as feridas. Este dom \u00e9 o pr\u00f3prio Deus&#8221;, animou Frei Vanderlei da Silva Neves, p\u00e1roco da Par\u00f3quia do Ros\u00e1rio.<\/p>\n\n\t\t<style type=\"text\/css\">\n\t\t\t#gallery-1 {\n\t\t\t\tmargin: auto;\n\t\t\t}\n\t\t\t#gallery-1 .gallery-item {\n\t\t\t\tfloat: left;\n\t\t\t\tmargin-top: 10px;\n\t\t\t\ttext-align: center;\n\t\t\t\twidth: 25%;\n\t\t\t}\n\t\t\t#gallery-1 img {\n\t\t\t\tborder: 2px solid #cfcfcf;\n\t\t\t}\n\t\t\t#gallery-1 .gallery-caption {\n\t\t\t\tmargin-left: 0;\n\t\t\t}\n\t\t\t\/* see gallery_shortcode() in wp-includes\/media.php *\/\n\t\t<\/style>\n\t\t<div id='gallery-1' class='gallery galleryid-259151 gallery-columns-4 gallery-size-thumbnail'><dl class='gallery-item'>\n\t\t\t<dt class='gallery-icon landscape'>\n\t\t\t\t<a href='https:\/\/franciscanos.org.br\/noticias\/wp-content\/uploads\/2025\/08\/Perdao-de-Assis-2025-6-1536x1024-1.jpg'><img width=\"300\" height=\"300\" src=\"https:\/\/franciscanos.org.br\/noticias\/wp-content\/uploads\/2025\/08\/Perdao-de-Assis-2025-6-1536x1024-1-300x300.jpg\" class=\"attachment-thumbnail size-thumbnail\" alt=\"\" loading=\"lazy\" srcset=\"https:\/\/franciscanos.org.br\/noticias\/wp-content\/uploads\/2025\/08\/Perdao-de-Assis-2025-6-1536x1024-1-300x300.jpg 300w, https:\/\/franciscanos.org.br\/noticias\/wp-content\/uploads\/2025\/08\/Perdao-de-Assis-2025-6-1536x1024-1-100x100.jpg 100w\" sizes=\"(max-width: 300px) 100vw, 300px\" \/><\/a>\n\t\t\t<\/dt><\/dl><dl class='gallery-item'>\n\t\t\t<dt class='gallery-icon landscape'>\n\t\t\t\t<a href='https:\/\/franciscanos.org.br\/noticias\/wp-content\/uploads\/2025\/08\/Perdao-de-Assis-2025-4-1536x1024-1.jpg'><img width=\"300\" height=\"300\" src=\"https:\/\/franciscanos.org.br\/noticias\/wp-content\/uploads\/2025\/08\/Perdao-de-Assis-2025-4-1536x1024-1-300x300.jpg\" class=\"attachment-thumbnail size-thumbnail\" alt=\"\" loading=\"lazy\" srcset=\"https:\/\/franciscanos.org.br\/noticias\/wp-content\/uploads\/2025\/08\/Perdao-de-Assis-2025-4-1536x1024-1-300x300.jpg 300w, https:\/\/franciscanos.org.br\/noticias\/wp-content\/uploads\/2025\/08\/Perdao-de-Assis-2025-4-1536x1024-1-100x100.jpg 100w\" sizes=\"(max-width: 300px) 100vw, 300px\" \/><\/a>\n\t\t\t<\/dt><\/dl><dl class='gallery-item'>\n\t\t\t<dt class='gallery-icon landscape'>\n\t\t\t\t<a href='https:\/\/franciscanos.org.br\/noticias\/wp-content\/uploads\/2025\/08\/Perdao-de-Assis-2025-14-1536x1024-1.jpg'><img width=\"300\" height=\"300\" src=\"https:\/\/franciscanos.org.br\/noticias\/wp-content\/uploads\/2025\/08\/Perdao-de-Assis-2025-14-1536x1024-1-300x300.jpg\" class=\"attachment-thumbnail size-thumbnail\" alt=\"\" loading=\"lazy\" srcset=\"https:\/\/franciscanos.org.br\/noticias\/wp-content\/uploads\/2025\/08\/Perdao-de-Assis-2025-14-1536x1024-1-300x300.jpg 300w, https:\/\/franciscanos.org.br\/noticias\/wp-content\/uploads\/2025\/08\/Perdao-de-Assis-2025-14-1536x1024-1-100x100.jpg 100w\" sizes=\"(max-width: 300px) 100vw, 300px\" \/><\/a>\n\t\t\t<\/dt><\/dl><dl class='gallery-item'>\n\t\t\t<dt class='gallery-icon landscape'>\n\t\t\t\t<a href='https:\/\/franciscanos.org.br\/noticias\/wp-content\/uploads\/2025\/08\/Perdao-de-Assis-2025-85-scaled-1-scaled.jpg'><img width=\"300\" height=\"300\" src=\"https:\/\/franciscanos.org.br\/noticias\/wp-content\/uploads\/2025\/08\/Perdao-de-Assis-2025-85-scaled-1-300x300.jpg\" class=\"attachment-thumbnail size-thumbnail\" alt=\"\" loading=\"lazy\" srcset=\"https:\/\/franciscanos.org.br\/noticias\/wp-content\/uploads\/2025\/08\/Perdao-de-Assis-2025-85-scaled-1-300x300.jpg 300w, https:\/\/franciscanos.org.br\/noticias\/wp-content\/uploads\/2025\/08\/Perdao-de-Assis-2025-85-scaled-1-100x100.jpg 100w\" sizes=\"(max-width: 300px) 100vw, 300px\" \/><\/a>\n\t\t\t<\/dt><\/dl><br style=\"clear: both\" \/>\n\t\t<\/div>\n\n<p>Ainda nos momentos iniciais da celebra\u00e7\u00e3o, os penitentes foram convidados a realizar o acendimento das velas a partir da Luz do Senhor do C\u00edrio Pascal. Em seguida, todos reafirmaram um compromisso de amor: \u201cCristo, quero ser instrumento de tua paz e do teu infinito amor\u201d. Desta forma, sa\u00edram em prociss\u00e3o luminosa cantando, meditando os mist\u00e9rios dolorosos da reden\u00e7\u00e3o, juntamente com Frei Paulo C\u00e9sar Ferreira e\u00a0 Frei Jorge L\u00e1zaro de Souza conduziram o trajeto orante.<\/p>\n<p><img loading=\"lazy\" class=\"aligncenter wp-image-259158 size-full\" src=\"https:\/\/franciscanos.org.br\/noticias\/wp-content\/uploads\/2025\/08\/MATERIA4.png\" alt=\"\" width=\"1280\" height=\"720\" srcset=\"https:\/\/franciscanos.org.br\/noticias\/wp-content\/uploads\/2025\/08\/MATERIA4.png 1280w, https:\/\/franciscanos.org.br\/noticias\/wp-content\/uploads\/2025\/08\/MATERIA4-450x253.png 450w, https:\/\/franciscanos.org.br\/noticias\/wp-content\/uploads\/2025\/08\/MATERIA4-1024x576.png 1024w, https:\/\/franciscanos.org.br\/noticias\/wp-content\/uploads\/2025\/08\/MATERIA4-768x432.png 768w, https:\/\/franciscanos.org.br\/noticias\/wp-content\/uploads\/2025\/08\/MATERIA4-150x84.png 150w\" sizes=\"(max-width: 1280px) 100vw, 1280px\" \/><\/p>\n<p>Na estrada de acesso ao Campinho, por diversos momentos ecoou o apelo pela paz, o sil\u00eancio pelas lembran\u00e7as e o som da natureza, a qual S\u00e3o Francisco de Assis tratava com \u201cirm\u00e3\u201d. Nesse mesmo caminho, muitos tamb\u00e9m refor\u00e7aram no cora\u00e7\u00e3o o desejo pela reconcilia\u00e7\u00e3o, num \u201ctrip\u00e9\u201d de situa\u00e7\u00f5es: reconcilia\u00e7\u00e3o com o irm\u00e3o e com a Casa Comum; reconcilia\u00e7\u00e3o com Deus; e reconcilia\u00e7\u00e3o consigo mesmo.<\/p>\n<p>As velas n\u00e3o apenas iluminaram a caminhada, como tamb\u00e9m encheram de brilho todo o Campinho. A medida em que chegavam, os \u201cperegrinos de esperan\u00e7a\u201d cantavam, recuperavam as for\u00e7as e entravam no clima de recolhimento, de contri\u00e7\u00e3o.<\/p>\n<p>O grupo de Teatro Santa Clara, encenou o acontecimento que originou a Indulg\u00eancia da Porci\u00fancula. \u201cUma noite, do ano do Senhor de 1216, Francisco estava compenetrado na ora\u00e7\u00e3o e na contempla\u00e7\u00e3o na igrejinha da Porci\u00fancula, perto de Assis, quando, repentinamente, a igrejinha ficou repleta de uma viv\u00edssima luz e Francisco viu sobre o altar o Cristo e \u00e0 sua direita a sua M\u00e3e Sant\u00edssima, circundados de uma multid\u00e3o de anjos. Francisco, em sil\u00eancio e com a face por terra, adorou a seu Senhor\u201d.<\/p>\n<p>Durante a apresenta\u00e7\u00e3o, o ator representando S\u00e3o Francisco de Assis se colocou ajoelhado diante do Crucifixo de S\u00e3o Dami\u00e3o, como narra a hist\u00f3ria. \u201cO jovem Francisco encontrava-se numa crise espiritual, cheio de d\u00favidas e trevas. \u2018Conduzido pelo Esp\u00edrito\u2019, entra na igrejinha de S\u00e3o Dami\u00e3o, onde se prostra, s\u00faplice, diante do Crucifixo. Tocado de modo extraordin\u00e1rio pela gra\u00e7a divina, encontra-se totalmente transformado. \u00c9 ent\u00e3o que a imagem de Cristo Crucificado lhe fala: \u2018Francisco, vai e repara minha casa que est\u00e1 em ru\u00edna\u2019.\u201d<\/p>\n<p><img loading=\"lazy\" class=\"aligncenter wp-image-259159 size-full\" src=\"https:\/\/franciscanos.org.br\/noticias\/wp-content\/uploads\/2025\/08\/MATERIA-5-1.png\" alt=\"\" width=\"1280\" height=\"720\" srcset=\"https:\/\/franciscanos.org.br\/noticias\/wp-content\/uploads\/2025\/08\/MATERIA-5-1.png 1280w, https:\/\/franciscanos.org.br\/noticias\/wp-content\/uploads\/2025\/08\/MATERIA-5-1-450x253.png 450w, https:\/\/franciscanos.org.br\/noticias\/wp-content\/uploads\/2025\/08\/MATERIA-5-1-1024x576.png 1024w, https:\/\/franciscanos.org.br\/noticias\/wp-content\/uploads\/2025\/08\/MATERIA-5-1-768x432.png 768w, https:\/\/franciscanos.org.br\/noticias\/wp-content\/uploads\/2025\/08\/MATERIA-5-1-150x84.png 150w\" sizes=\"(max-width: 1280px) 100vw, 1280px\" \/><\/p>\n<p>Na sequ\u00eancia, foi proclamado o Evangelho (Lucas 1,26-38) e a reflex\u00e3o feita pelo Frei Gabriel Dellandrea, Guardi\u00e3o e Reitor do Convento. Ele esteve em Assis recentemente para uma experi\u00eancia de peregrina\u00e7\u00e3o. Durante sua reflex\u00e3o, o frade utilizou uma met\u00e1fora do \u201cp\u00e3o de queijo\u201d, falando do sabor do alimento tipicamente mineiro, como algo saboroso que S\u00e3o Francisco tamb\u00e9m experimentou. \u201cA partir dessa imagem que quero explicar um pouco a celebra\u00e7\u00e3o de hoje: Francisco de Assis nunca comeu p\u00e3o de queijo, mas experimentou algo muito mais saboroso: a miseric\u00f3rdia de Deus. E assim como eu fa\u00e7o com o p\u00e3o de queijo, ele n\u00e3o se contenta de ter apenas para si. Quer que todos experimentem o sabor do perd\u00e3o, a gra\u00e7a de se alimentar da esperan\u00e7a misericordiosa que vem de Deus\u201d, disse.<\/p>\n<p>\u201cPor isso, assim como um dia eu experimentei o p\u00e3o de queijo da lanchonete do Convento, Francisco experimentou a miseric\u00f3rdia do Senhor. O perd\u00e3o \u00e9, antes de tudo, uma abertura a querer ser perdoado. Num lugar onde Francisco de Assis costumava se retirar em ora\u00e7\u00e3o, no processo de sua convers\u00e3o, ele se colocava diante do Senhor com temor e tremor, como vemos na imagem aqui (atr\u00e1s do frade). E ali, ele rezava: \u2018\u00d3 Deus, sede prop\u00edcio a mim, pecador\u2019. Para poder obter a gra\u00e7a do perd\u00e3o a pessoa deve ter fome de perd\u00e3o, assim como eu tenho fome de p\u00e3o de queijo. Mal sente o cheiro do perd\u00e3o e j\u00e1 se anima: a miseric\u00f3rdia se aproxima, a miseric\u00f3rdia j\u00e1 me alimenta pelo seu cheiro. Para alcan\u00e7ar o perd\u00e3o \u00e9 preciso querer ser perdoado. \u00c9 olhar para dentro de si mesmo e dizer: j\u00e1 n\u00e3o quero ser moldado pelas minhas vontades mesquinhas mas quero me entregar \u00e0 grandeza do amor de Deus\u201d, exortou Frei Gabriel.<\/p>\n<p>Em seguida, completou: \u201cE Francisco n\u00e3o s\u00f3 sente o cheiro da miseric\u00f3rdia: o Senhor o visita e, como afirma um de seus bi\u00f3grafos, \u2018uma indiz\u00edvel alegria e m\u00e1xima suavidade\u2019 pouco a pouco come\u00e7aram a inundar o \u00edntimo de seu cora\u00e7\u00e3o. Come\u00e7ou tamb\u00e9m a sentir-se indigno e, tendo sufocado os maus pensamentos sentimentos e afugentado as trevas que, pelo temor do pecado, haviam crescido em seu cora\u00e7\u00e3o, foi-lhe infundida a certeza do perd\u00e3o de todos os pecados e mostrada a confian\u00e7a de viver na gra\u00e7a. Em seguida, foi arrebatado em \u00eaxtase e totalmente absorvido por uma luz e, tendo aberto as portas do seu cora\u00e7\u00e3o, viu claramente as coisas que haveriam de acontecer. Retirando-se finalmente aque\u00e7a suavidade e luz, renovado no esp\u00edrito, ele parecia transformado em um outro homem\u201d, detalhou o Guardi\u00e3o da Penha.<\/p>\n\n\t\t<style type=\"text\/css\">\n\t\t\t#gallery-2 {\n\t\t\t\tmargin: auto;\n\t\t\t}\n\t\t\t#gallery-2 .gallery-item {\n\t\t\t\tfloat: left;\n\t\t\t\tmargin-top: 10px;\n\t\t\t\ttext-align: center;\n\t\t\t\twidth: 33%;\n\t\t\t}\n\t\t\t#gallery-2 img {\n\t\t\t\tborder: 2px solid #cfcfcf;\n\t\t\t}\n\t\t\t#gallery-2 .gallery-caption {\n\t\t\t\tmargin-left: 0;\n\t\t\t}\n\t\t\t\/* see gallery_shortcode() in wp-includes\/media.php *\/\n\t\t<\/style>\n\t\t<div id='gallery-2' class='gallery galleryid-259151 gallery-columns-3 gallery-size-thumbnail'><dl class='gallery-item'>\n\t\t\t<dt class='gallery-icon landscape'>\n\t\t\t\t<a href='https:\/\/franciscanos.org.br\/noticias\/wp-content\/uploads\/2025\/08\/Perdao-de-Assis-2025-67-1536x1024-1.jpg'><img width=\"300\" height=\"300\" src=\"https:\/\/franciscanos.org.br\/noticias\/wp-content\/uploads\/2025\/08\/Perdao-de-Assis-2025-67-1536x1024-1-300x300.jpg\" class=\"attachment-thumbnail size-thumbnail\" alt=\"\" loading=\"lazy\" srcset=\"https:\/\/franciscanos.org.br\/noticias\/wp-content\/uploads\/2025\/08\/Perdao-de-Assis-2025-67-1536x1024-1-300x300.jpg 300w, https:\/\/franciscanos.org.br\/noticias\/wp-content\/uploads\/2025\/08\/Perdao-de-Assis-2025-67-1536x1024-1-100x100.jpg 100w\" sizes=\"(max-width: 300px) 100vw, 300px\" \/><\/a>\n\t\t\t<\/dt><\/dl><dl class='gallery-item'>\n\t\t\t<dt class='gallery-icon landscape'>\n\t\t\t\t<a href='https:\/\/franciscanos.org.br\/noticias\/wp-content\/uploads\/2025\/08\/Perdao-de-Assis-2025-66-1536x1024-1.jpg'><img width=\"300\" height=\"300\" src=\"https:\/\/franciscanos.org.br\/noticias\/wp-content\/uploads\/2025\/08\/Perdao-de-Assis-2025-66-1536x1024-1-300x300.jpg\" class=\"attachment-thumbnail size-thumbnail\" alt=\"\" loading=\"lazy\" srcset=\"https:\/\/franciscanos.org.br\/noticias\/wp-content\/uploads\/2025\/08\/Perdao-de-Assis-2025-66-1536x1024-1-300x300.jpg 300w, https:\/\/franciscanos.org.br\/noticias\/wp-content\/uploads\/2025\/08\/Perdao-de-Assis-2025-66-1536x1024-1-100x100.jpg 100w\" sizes=\"(max-width: 300px) 100vw, 300px\" \/><\/a>\n\t\t\t<\/dt><\/dl><dl class='gallery-item'>\n\t\t\t<dt class='gallery-icon landscape'>\n\t\t\t\t<a href='https:\/\/franciscanos.org.br\/noticias\/wp-content\/uploads\/2025\/08\/Perdao-de-Assis-2025-65-1536x1024-1.jpg'><img width=\"300\" height=\"300\" src=\"https:\/\/franciscanos.org.br\/noticias\/wp-content\/uploads\/2025\/08\/Perdao-de-Assis-2025-65-1536x1024-1-300x300.jpg\" class=\"attachment-thumbnail size-thumbnail\" alt=\"\" loading=\"lazy\" srcset=\"https:\/\/franciscanos.org.br\/noticias\/wp-content\/uploads\/2025\/08\/Perdao-de-Assis-2025-65-1536x1024-1-300x300.jpg 300w, https:\/\/franciscanos.org.br\/noticias\/wp-content\/uploads\/2025\/08\/Perdao-de-Assis-2025-65-1536x1024-1-100x100.jpg 100w\" sizes=\"(max-width: 300px) 100vw, 300px\" \/><\/a>\n\t\t\t<\/dt><\/dl><br style=\"clear: both\" \/>\n\t\t<\/div>\n\n<p>Frei Gabriel ainda destacou que S\u00e3o Francisco alcan\u00e7ou o \u201csabor\u201d da miseric\u00f3rdia de Deus n\u00e3o apenas para si, mas para todos. \u201c\u00c9 como se o Senhor dissesse a S\u00e3o Francisco: \u2018Francisco, o que ficou para tr\u00e1s, ficou! Lan\u00e7a-te para o que vem \u00e0 frente!\u2019. E, sem sombra de d\u00favidas, ele saiu transformado para anunciar o amor que o atingiu. E assim como eu fa\u00e7o com o p\u00e3o de queijo que quero que os meus amigos, freis e familiares experimentem, Francisco faz com o perd\u00e3o. N\u00e3o ret\u00e9m para si mas, por meio do pedido que fez ao papa, alcan\u00e7ou o sabor da miseric\u00f3rdia de Deus n\u00e3o apenas para si, mas para todos que visitassem uma Igreja Franciscana como n\u00f3s hoje. Ele pediu ao Papa que concedesse que todos que entrassem na Igreja que ele reconstruiu, que tem como nome Porci\u00fancula, fossem perdoados dos pecados depois de se arrependerem dos mesmos. O Papa perguntou para ele: \u2018Por quanto anos queres esta indulg\u00eancia?\u2019 Francisco, de pronto respondeu-lhe: \u2018Pai Santo, n\u00e3o pe\u00e7o por anos, mas por almas\u2019. E assim, na mesa do perd\u00e3o que Francisco p\u00f5e e Deus serve o prato principal, agora estamos aqui tamb\u00e9m n\u00f3s. E vamos ser sinceros: mesmo que o p\u00e3o de queijo seja bom, melhor e ainda mais nutritivo \u00e9 o amor do Senhor que nos alcan\u00e7a nas nossas mis\u00e9rias e faz delas um ponto de encontro conosco para perdoar!\u201d.<\/p>\n<p>Por fim, o jovem frade conclamou o perd\u00e3o para os fi\u00e9is. \u201cPor isso, irm\u00e3os e irm\u00e3s, n\u00e3o podemos reter para n\u00f3s apenas aquilo que experimentamos como algo bom. Atrav\u00e9s do Perd\u00e3o n\u00f3s iremos nos alimentar juntos de um alimento sem fim. Vamos nos alimentar do Perd\u00e3o de Deus que nos deixa mais leves, diferente do p\u00e3o de queijo que engorda. Vamos saciar a nossa fome de miseric\u00f3rdia levando conosco a alegria do perd\u00e3o por todo lugar, enquanto que p\u00e3o de queijo bom como esse \u00e9 s\u00f3 aqui. E, sempre sobra, no cestinho, alguns p\u00e3es de queijo que a aqueles a quem eu ofereci n\u00e3o comeram. Eu me alimento depois. A miseric\u00f3rdia, ofertada aos outros, \u00e9 exagerada\u2026 Sempre vai ter para aquele que oferece. Portanto, o que hoje celebramos aqui n\u00e3o \u00e9 s\u00f3 uma celebra\u00e7\u00e3o bonita com vista para o Convento de noite. Celebramos a certeza que infundiu o cora\u00e7\u00e3o de Francisco: \u2018Francisco, o que ficou para tr\u00e1s, ficou! Lan\u00e7a-te para o que vem \u00e0 frente!\u2019. Perdoados, agora somos gar\u00e7ons do perd\u00e3o: queremos levar a miseric\u00f3rdia saborosa que experimentamos a todos que conhecemos. E assim, encheremos esse mundo de paz e bem!\u201d, finalizou.<\/p>\n<p>Houve o ato penitencial e a renova\u00e7\u00e3o das promessas batismais. Logo depois, Frei Gabriel conduziu o momento do ato penitencial\u201d, rezaram o Pai Nosso e em a\u00e7\u00e3o de gra\u00e7as, como experi\u00eancia franciscana, foram chamados a lan\u00e7ar a mensagem de perd\u00e3o e de reconcilia\u00e7\u00e3o. Cerca de 90 crian\u00e7as espalharam diversos bal\u00f5es em formato de cora\u00e7\u00e3o, s\u00edmbolo do amor, do compromisso de esperan\u00e7a.<\/p>\n<hr \/>\n<p><em>Cristian Oliveira (ASCOM)<\/em><\/p>\n\n\t\t<style type=\"text\/css\">\n\t\t\t#gallery-3 {\n\t\t\t\tmargin: auto;\n\t\t\t}\n\t\t\t#gallery-3 .gallery-item {\n\t\t\t\tfloat: left;\n\t\t\t\tmargin-top: 10px;\n\t\t\t\ttext-align: center;\n\t\t\t\twidth: 25%;\n\t\t\t}\n\t\t\t#gallery-3 img {\n\t\t\t\tborder: 2px solid #cfcfcf;\n\t\t\t}\n\t\t\t#gallery-3 .gallery-caption {\n\t\t\t\tmargin-left: 0;\n\t\t\t}\n\t\t\t\/* see gallery_shortcode() in wp-includes\/media.php *\/\n\t\t<\/style>\n\t\t<div id='gallery-3' class='gallery galleryid-259151 gallery-columns-4 gallery-size-thumbnail'><dl class='gallery-item'>\n\t\t\t<dt class='gallery-icon landscape'>\n\t\t\t\t<a href='https:\/\/franciscanos.org.br\/noticias\/perdao-de-assis-o-que-ficou-para-tras-ficou-lanca-te-para-o-que-vem-a-frente.html\/perdao-de-assis-2025-104-1536x1024'><img width=\"300\" height=\"300\" src=\"https:\/\/franciscanos.org.br\/noticias\/wp-content\/uploads\/2025\/08\/Perdao-de-Assis-2025-104-1536x1024-1-300x300.jpg\" class=\"attachment-thumbnail size-thumbnail\" alt=\"\" loading=\"lazy\" srcset=\"https:\/\/franciscanos.org.br\/noticias\/wp-content\/uploads\/2025\/08\/Perdao-de-Assis-2025-104-1536x1024-1-300x300.jpg 300w, https:\/\/franciscanos.org.br\/noticias\/wp-content\/uploads\/2025\/08\/Perdao-de-Assis-2025-104-1536x1024-1-100x100.jpg 100w\" sizes=\"(max-width: 300px) 100vw, 300px\" \/><\/a>\n\t\t\t<\/dt><\/dl><dl class='gallery-item'>\n\t\t\t<dt class='gallery-icon landscape'>\n\t\t\t\t<a href='https:\/\/franciscanos.org.br\/noticias\/perdao-de-assis-o-que-ficou-para-tras-ficou-lanca-te-para-o-que-vem-a-frente.html\/perdao-de-assis-2025-91-1536x1024'><img width=\"300\" height=\"300\" src=\"https:\/\/franciscanos.org.br\/noticias\/wp-content\/uploads\/2025\/08\/Perdao-de-Assis-2025-91-1536x1024-1-300x300.jpg\" class=\"attachment-thumbnail size-thumbnail\" alt=\"\" loading=\"lazy\" srcset=\"https:\/\/franciscanos.org.br\/noticias\/wp-content\/uploads\/2025\/08\/Perdao-de-Assis-2025-91-1536x1024-1-300x300.jpg 300w, https:\/\/franciscanos.org.br\/noticias\/wp-content\/uploads\/2025\/08\/Perdao-de-Assis-2025-91-1536x1024-1-100x100.jpg 100w\" sizes=\"(max-width: 300px) 100vw, 300px\" \/><\/a>\n\t\t\t<\/dt><\/dl><dl class='gallery-item'>\n\t\t\t<dt class='gallery-icon landscape'>\n\t\t\t\t<a href='https:\/\/franciscanos.org.br\/noticias\/perdao-de-assis-o-que-ficou-para-tras-ficou-lanca-te-para-o-que-vem-a-frente.html\/perdao-de-assis-2025-88-1536x1024'><img width=\"300\" height=\"300\" src=\"https:\/\/franciscanos.org.br\/noticias\/wp-content\/uploads\/2025\/08\/Perdao-de-Assis-2025-88-1536x1024-1-300x300.jpg\" class=\"attachment-thumbnail size-thumbnail\" alt=\"\" loading=\"lazy\" srcset=\"https:\/\/franciscanos.org.br\/noticias\/wp-content\/uploads\/2025\/08\/Perdao-de-Assis-2025-88-1536x1024-1-300x300.jpg 300w, https:\/\/franciscanos.org.br\/noticias\/wp-content\/uploads\/2025\/08\/Perdao-de-Assis-2025-88-1536x1024-1-100x100.jpg 100w\" sizes=\"(max-width: 300px) 100vw, 300px\" \/><\/a>\n\t\t\t<\/dt><\/dl><dl class='gallery-item'>\n\t\t\t<dt class='gallery-icon landscape'>\n\t\t\t\t<a href='https:\/\/franciscanos.org.br\/noticias\/perdao-de-assis-o-que-ficou-para-tras-ficou-lanca-te-para-o-que-vem-a-frente.html\/perdao-de-assis-2025-35-1536x1024-3'><img width=\"300\" height=\"300\" src=\"https:\/\/franciscanos.org.br\/noticias\/wp-content\/uploads\/2025\/08\/Perdao-de-Assis-2025-35-1536x1024-3-300x300.jpg\" class=\"attachment-thumbnail size-thumbnail\" alt=\"\" loading=\"lazy\" srcset=\"https:\/\/franciscanos.org.br\/noticias\/wp-content\/uploads\/2025\/08\/Perdao-de-Assis-2025-35-1536x1024-3-300x300.jpg 300w, https:\/\/franciscanos.org.br\/noticias\/wp-content\/uploads\/2025\/08\/Perdao-de-Assis-2025-35-1536x1024-3-100x100.jpg 100w\" sizes=\"(max-width: 300px) 100vw, 300px\" \/><\/a>\n\t\t\t<\/dt><\/dl><br style=\"clear: both\" \/><dl class='gallery-item'>\n\t\t\t<dt class='gallery-icon landscape'>\n\t\t\t\t<a href='https:\/\/franciscanos.org.br\/noticias\/perdao-de-assis-o-que-ficou-para-tras-ficou-lanca-te-para-o-que-vem-a-frente.html\/perdao-de-assis-2025-26-1536x1024'><img width=\"300\" height=\"300\" src=\"https:\/\/franciscanos.org.br\/noticias\/wp-content\/uploads\/2025\/08\/Perdao-de-Assis-2025-26-1536x1024-1-300x300.jpg\" class=\"attachment-thumbnail size-thumbnail\" alt=\"\" loading=\"lazy\" srcset=\"https:\/\/franciscanos.org.br\/noticias\/wp-content\/uploads\/2025\/08\/Perdao-de-Assis-2025-26-1536x1024-1-300x300.jpg 300w, https:\/\/franciscanos.org.br\/noticias\/wp-content\/uploads\/2025\/08\/Perdao-de-Assis-2025-26-1536x1024-1-100x100.jpg 100w\" sizes=\"(max-width: 300px) 100vw, 300px\" \/><\/a>\n\t\t\t<\/dt><\/dl><dl class='gallery-item'>\n\t\t\t<dt class='gallery-icon landscape'>\n\t\t\t\t<a href='https:\/\/franciscanos.org.br\/noticias\/perdao-de-assis-o-que-ficou-para-tras-ficou-lanca-te-para-o-que-vem-a-frente.html\/perdao-de-assis-2025-87-1536x1024'><img width=\"300\" height=\"300\" src=\"https:\/\/franciscanos.org.br\/noticias\/wp-content\/uploads\/2025\/08\/Perdao-de-Assis-2025-87-1536x1024-1-300x300.jpg\" class=\"attachment-thumbnail size-thumbnail\" alt=\"\" loading=\"lazy\" srcset=\"https:\/\/franciscanos.org.br\/noticias\/wp-content\/uploads\/2025\/08\/Perdao-de-Assis-2025-87-1536x1024-1-300x300.jpg 300w, https:\/\/franciscanos.org.br\/noticias\/wp-content\/uploads\/2025\/08\/Perdao-de-Assis-2025-87-1536x1024-1-100x100.jpg 100w\" sizes=\"(max-width: 300px) 100vw, 300px\" \/><\/a>\n\t\t\t<\/dt><\/dl><dl class='gallery-item'>\n\t\t\t<dt class='gallery-icon landscape'>\n\t\t\t\t<a href='https:\/\/franciscanos.org.br\/noticias\/perdao-de-assis-o-que-ficou-para-tras-ficou-lanca-te-para-o-que-vem-a-frente.html\/perdao-de-assis-2025-102-1536x1024'><img width=\"300\" height=\"300\" src=\"https:\/\/franciscanos.org.br\/noticias\/wp-content\/uploads\/2025\/08\/Perdao-de-Assis-2025-102-1536x1024-1-300x300.jpg\" class=\"attachment-thumbnail size-thumbnail\" alt=\"\" loading=\"lazy\" srcset=\"https:\/\/franciscanos.org.br\/noticias\/wp-content\/uploads\/2025\/08\/Perdao-de-Assis-2025-102-1536x1024-1-300x300.jpg 300w, https:\/\/franciscanos.org.br\/noticias\/wp-content\/uploads\/2025\/08\/Perdao-de-Assis-2025-102-1536x1024-1-100x100.jpg 100w\" sizes=\"(max-width: 300px) 100vw, 300px\" \/><\/a>\n\t\t\t<\/dt><\/dl><dl class='gallery-item'>\n\t\t\t<dt class='gallery-icon landscape'>\n\t\t\t\t<a href='https:\/\/franciscanos.org.br\/noticias\/perdao-de-assis-o-que-ficou-para-tras-ficou-lanca-te-para-o-que-vem-a-frente.html\/perdao-de-assis-2025-81-1536x1024'><img width=\"300\" height=\"300\" src=\"https:\/\/franciscanos.org.br\/noticias\/wp-content\/uploads\/2025\/08\/Perdao-de-Assis-2025-81-1536x1024-1-300x300.jpg\" class=\"attachment-thumbnail size-thumbnail\" alt=\"\" loading=\"lazy\" srcset=\"https:\/\/franciscanos.org.br\/noticias\/wp-content\/uploads\/2025\/08\/Perdao-de-Assis-2025-81-1536x1024-1-300x300.jpg 300w, https:\/\/franciscanos.org.br\/noticias\/wp-content\/uploads\/2025\/08\/Perdao-de-Assis-2025-81-1536x1024-1-100x100.jpg 100w\" sizes=\"(max-width: 300px) 100vw, 300px\" \/><\/a>\n\t\t\t<\/dt><\/dl><br style=\"clear: both\" \/>\n\t\t<\/div>\n\n<p>&nbsp;<\/p>\n","protected":false},"excerpt":{"rendered":"<p>Dia do Perd\u00e3o de Assis 2025<\/p>\n","protected":false},"author":11,"featured_media":259153,"comment_status":"open","ping_status":"open","sticky":false,"template":"","format":"standard","meta":[],"categories":[1],"tags":[248,1511,231],"acf":[],"yoast_head":"<!-- This site is optimized with the Yoast SEO plugin v19.2 - https:\/\/yoast.com\/wordpress\/plugins\/seo\/ -->\n<title>Perd\u00e3o de Assis em Vila Velha: \u201cO que ficou para tr\u00e1s, ficou! Lan\u00e7a-te para o que vem \u00e0 frente!\u201d - Not\u00edcias - Franciscanos<\/title>\n<meta name=\"robots\" content=\"index, follow, max-snippet:-1, max-image-preview:large, max-video-preview:-1\" \/>\n<link rel=\"canonical\" href=\"https:\/\/franciscanos.org.br\/noticias\/perdao-de-assis-o-que-ficou-para-tras-ficou-lanca-te-para-o-que-vem-a-frente.html\" \/>\n<meta property=\"og:locale\" content=\"pt_BR\" \/>\n<meta property=\"og:type\" content=\"article\" \/>\n<meta property=\"og:title\" content=\"Perd\u00e3o de Assis em Vila Velha: \u201cO que ficou para tr\u00e1s, ficou! Lan\u00e7a-te para o que vem \u00e0 frente!\u201d - Not\u00edcias - Franciscanos\" \/>\n<meta property=\"og:description\" content=\"Dia do Perd\u00e3o de Assis 2025\" \/>\n<meta property=\"og:url\" content=\"https:\/\/franciscanos.org.br\/noticias\/perdao-de-assis-o-que-ficou-para-tras-ficou-lanca-te-para-o-que-vem-a-frente.html\" \/>\n<meta property=\"og:site_name\" content=\"Not\u00edcias - Franciscanos\" \/>\n<meta property=\"article:published_time\" content=\"2025-08-04T18:52:16+00:00\" \/>\n<meta property=\"article:modified_time\" content=\"2025-08-04T18:55:53+00:00\" \/>\n<meta property=\"og:image\" content=\"https:\/\/franciscanos.org.br\/noticias\/wp-content\/uploads\/2025\/08\/MATERIA-7.png\" \/>\n\t<meta property=\"og:image:width\" content=\"800\" \/>\n\t<meta property=\"og:image:height\" content=\"550\" \/>\n\t<meta property=\"og:image:type\" content=\"image\/png\" \/>\n<meta name=\"author\" content=\"Adriana Rabelo\" \/>\n<meta name=\"twitter:card\" content=\"summary_large_image\" \/>\n<meta name=\"twitter:label1\" content=\"Escrito por\" \/>\n\t<meta name=\"twitter:data1\" content=\"Adriana Rabelo\" \/>\n\t<meta name=\"twitter:label2\" content=\"Est. tempo de leitura\" \/>\n\t<meta name=\"twitter:data2\" content=\"8 minutos\" \/>\n<script type=\"application\/ld+json\" class=\"yoast-schema-graph\">{\"@context\":\"https:\/\/schema.org\",\"@graph\":[{\"@type\":\"WebSite\",\"@id\":\"https:\/\/franciscanos.org.br\/noticias\/#website\",\"url\":\"https:\/\/franciscanos.org.br\/noticias\/\",\"name\":\"Not\u00edcias - Franciscanos\",\"description\":\"Prov\u00edncia Franciscana da Imaculada Concei\u00e7\u00e3o do Brasil - Ordem dos Frades Menores - OFM\",\"potentialAction\":[{\"@type\":\"SearchAction\",\"target\":{\"@type\":\"EntryPoint\",\"urlTemplate\":\"https:\/\/franciscanos.org.br\/noticias\/?s={search_term_string}\"},\"query-input\":\"required name=search_term_string\"}],\"inLanguage\":\"pt-BR\"},{\"@type\":\"ImageObject\",\"inLanguage\":\"pt-BR\",\"@id\":\"https:\/\/franciscanos.org.br\/noticias\/perdao-de-assis-o-que-ficou-para-tras-ficou-lanca-te-para-o-que-vem-a-frente.html#primaryimage\",\"url\":\"https:\/\/franciscanos.org.br\/noticias\/wp-content\/uploads\/2025\/08\/MATERIA-7.png\",\"contentUrl\":\"https:\/\/franciscanos.org.br\/noticias\/wp-content\/uploads\/2025\/08\/MATERIA-7.png\",\"width\":800,\"height\":550},{\"@type\":\"WebPage\",\"@id\":\"https:\/\/franciscanos.org.br\/noticias\/perdao-de-assis-o-que-ficou-para-tras-ficou-lanca-te-para-o-que-vem-a-frente.html#webpage\",\"url\":\"https:\/\/franciscanos.org.br\/noticias\/perdao-de-assis-o-que-ficou-para-tras-ficou-lanca-te-para-o-que-vem-a-frente.html\",\"name\":\"Perd\u00e3o de Assis em Vila Velha: \u201cO que ficou para tr\u00e1s, ficou! Lan\u00e7a-te para o que vem \u00e0 frente!\u201d - Not\u00edcias - Franciscanos\",\"isPartOf\":{\"@id\":\"https:\/\/franciscanos.org.br\/noticias\/#website\"},\"primaryImageOfPage\":{\"@id\":\"https:\/\/franciscanos.org.br\/noticias\/perdao-de-assis-o-que-ficou-para-tras-ficou-lanca-te-para-o-que-vem-a-frente.html#primaryimage\"},\"datePublished\":\"2025-08-04T18:52:16+00:00\",\"dateModified\":\"2025-08-04T18:55:53+00:00\",\"author\":{\"@id\":\"https:\/\/franciscanos.org.br\/noticias\/#\/schema\/person\/d9422e83121c3ad3b0f423d195f5bb25\"},\"breadcrumb\":{\"@id\":\"https:\/\/franciscanos.org.br\/noticias\/perdao-de-assis-o-que-ficou-para-tras-ficou-lanca-te-para-o-que-vem-a-frente.html#breadcrumb\"},\"inLanguage\":\"pt-BR\",\"potentialAction\":[{\"@type\":\"ReadAction\",\"target\":[\"https:\/\/franciscanos.org.br\/noticias\/perdao-de-assis-o-que-ficou-para-tras-ficou-lanca-te-para-o-que-vem-a-frente.html\"]}]},{\"@type\":\"BreadcrumbList\",\"@id\":\"https:\/\/franciscanos.org.br\/noticias\/perdao-de-assis-o-que-ficou-para-tras-ficou-lanca-te-para-o-que-vem-a-frente.html#breadcrumb\",\"itemListElement\":[{\"@type\":\"ListItem\",\"position\":1,\"name\":\"Home\",\"item\":\"https:\/\/franciscanos.org.br\/noticias\"},{\"@type\":\"ListItem\",\"position\":2,\"name\":\"Perd\u00e3o de Assis em Vila Velha: \u201cO que ficou para tr\u00e1s, ficou! Lan\u00e7a-te para o que vem \u00e0 frente!\u201d\"}]},{\"@type\":\"Person\",\"@id\":\"https:\/\/franciscanos.org.br\/noticias\/#\/schema\/person\/d9422e83121c3ad3b0f423d195f5bb25\",\"name\":\"Adriana Rabelo\",\"image\":{\"@type\":\"ImageObject\",\"inLanguage\":\"pt-BR\",\"@id\":\"https:\/\/franciscanos.org.br\/noticias\/#\/schema\/person\/image\/\",\"url\":\"https:\/\/secure.gravatar.com\/avatar\/0a937b7500cd7df77540cfb8bede877d?s=96&d=mm&r=g\",\"contentUrl\":\"https:\/\/secure.gravatar.com\/avatar\/0a937b7500cd7df77540cfb8bede877d?s=96&d=mm&r=g\",\"caption\":\"Adriana Rabelo\"},\"url\":\"https:\/\/franciscanos.org.br\/noticias\/author\/adrianarabelo\"}]}<\/script>\n<!-- \/ Yoast SEO plugin. -->","yoast_head_json":{"title":"Perd\u00e3o de Assis em Vila Velha: \u201cO que ficou para tr\u00e1s, ficou! Lan\u00e7a-te para o que vem \u00e0 frente!\u201d - Not\u00edcias - Franciscanos","robots":{"index":"index","follow":"follow","max-snippet":"max-snippet:-1","max-image-preview":"max-image-preview:large","max-video-preview":"max-video-preview:-1"},"canonical":"https:\/\/franciscanos.org.br\/noticias\/perdao-de-assis-o-que-ficou-para-tras-ficou-lanca-te-para-o-que-vem-a-frente.html","og_locale":"pt_BR","og_type":"article","og_title":"Perd\u00e3o de Assis em Vila Velha: \u201cO que ficou para tr\u00e1s, ficou! Lan\u00e7a-te para o que vem \u00e0 frente!\u201d - Not\u00edcias - Franciscanos","og_description":"Dia do Perd\u00e3o de Assis 2025","og_url":"https:\/\/franciscanos.org.br\/noticias\/perdao-de-assis-o-que-ficou-para-tras-ficou-lanca-te-para-o-que-vem-a-frente.html","og_site_name":"Not\u00edcias - Franciscanos","article_published_time":"2025-08-04T18:52:16+00:00","article_modified_time":"2025-08-04T18:55:53+00:00","og_image":[{"width":800,"height":550,"url":"https:\/\/franciscanos.org.br\/noticias\/wp-content\/uploads\/2025\/08\/MATERIA-7.png","type":"image\/png"}],"author":"Adriana Rabelo","twitter_card":"summary_large_image","twitter_misc":{"Escrito por":"Adriana Rabelo","Est. tempo de leitura":"8 minutos"},"schema":{"@context":"https:\/\/schema.org","@graph":[{"@type":"WebSite","@id":"https:\/\/franciscanos.org.br\/noticias\/#website","url":"https:\/\/franciscanos.org.br\/noticias\/","name":"Not\u00edcias - Franciscanos","description":"Prov\u00edncia Franciscana da Imaculada Concei\u00e7\u00e3o do Brasil - Ordem dos Frades Menores - OFM","potentialAction":[{"@type":"SearchAction","target":{"@type":"EntryPoint","urlTemplate":"https:\/\/franciscanos.org.br\/noticias\/?s={search_term_string}"},"query-input":"required name=search_term_string"}],"inLanguage":"pt-BR"},{"@type":"ImageObject","inLanguage":"pt-BR","@id":"https:\/\/franciscanos.org.br\/noticias\/perdao-de-assis-o-que-ficou-para-tras-ficou-lanca-te-para-o-que-vem-a-frente.html#primaryimage","url":"https:\/\/franciscanos.org.br\/noticias\/wp-content\/uploads\/2025\/08\/MATERIA-7.png","contentUrl":"https:\/\/franciscanos.org.br\/noticias\/wp-content\/uploads\/2025\/08\/MATERIA-7.png","width":800,"height":550},{"@type":"WebPage","@id":"https:\/\/franciscanos.org.br\/noticias\/perdao-de-assis-o-que-ficou-para-tras-ficou-lanca-te-para-o-que-vem-a-frente.html#webpage","url":"https:\/\/franciscanos.org.br\/noticias\/perdao-de-assis-o-que-ficou-para-tras-ficou-lanca-te-para-o-que-vem-a-frente.html","name":"Perd\u00e3o de Assis em Vila Velha: \u201cO que ficou para tr\u00e1s, ficou! Lan\u00e7a-te para o que vem \u00e0 frente!\u201d - Not\u00edcias - Franciscanos","isPartOf":{"@id":"https:\/\/franciscanos.org.br\/noticias\/#website"},"primaryImageOfPage":{"@id":"https:\/\/franciscanos.org.br\/noticias\/perdao-de-assis-o-que-ficou-para-tras-ficou-lanca-te-para-o-que-vem-a-frente.html#primaryimage"},"datePublished":"2025-08-04T18:52:16+00:00","dateModified":"2025-08-04T18:55:53+00:00","author":{"@id":"https:\/\/franciscanos.org.br\/noticias\/#\/schema\/person\/d9422e83121c3ad3b0f423d195f5bb25"},"breadcrumb":{"@id":"https:\/\/franciscanos.org.br\/noticias\/perdao-de-assis-o-que-ficou-para-tras-ficou-lanca-te-para-o-que-vem-a-frente.html#breadcrumb"},"inLanguage":"pt-BR","potentialAction":[{"@type":"ReadAction","target":["https:\/\/franciscanos.org.br\/noticias\/perdao-de-assis-o-que-ficou-para-tras-ficou-lanca-te-para-o-que-vem-a-frente.html"]}]},{"@type":"BreadcrumbList","@id":"https:\/\/franciscanos.org.br\/noticias\/perdao-de-assis-o-que-ficou-para-tras-ficou-lanca-te-para-o-que-vem-a-frente.html#breadcrumb","itemListElement":[{"@type":"ListItem","position":1,"name":"Home","item":"https:\/\/franciscanos.org.br\/noticias"},{"@type":"ListItem","position":2,"name":"Perd\u00e3o de Assis em Vila Velha: \u201cO que ficou para tr\u00e1s, ficou! Lan\u00e7a-te para o que vem \u00e0 frente!\u201d"}]},{"@type":"Person","@id":"https:\/\/franciscanos.org.br\/noticias\/#\/schema\/person\/d9422e83121c3ad3b0f423d195f5bb25","name":"Adriana Rabelo","image":{"@type":"ImageObject","inLanguage":"pt-BR","@id":"https:\/\/franciscanos.org.br\/noticias\/#\/schema\/person\/image\/","url":"https:\/\/secure.gravatar.com\/avatar\/0a937b7500cd7df77540cfb8bede877d?s=96&d=mm&r=g","contentUrl":"https:\/\/secure.gravatar.com\/avatar\/0a937b7500cd7df77540cfb8bede877d?s=96&d=mm&r=g","caption":"Adriana Rabelo"},"url":"https:\/\/franciscanos.org.br\/noticias\/author\/adrianarabelo"}]}},"_links":{"self":[{"href":"https:\/\/franciscanos.org.br\/noticias\/wp-json\/wp\/v2\/posts\/259151"}],"collection":[{"href":"https:\/\/franciscanos.org.br\/noticias\/wp-json\/wp\/v2\/posts"}],"about":[{"href":"https:\/\/franciscanos.org.br\/noticias\/wp-json\/wp\/v2\/types\/post"}],"author":[{"embeddable":true,"href":"https:\/\/franciscanos.org.br\/noticias\/wp-json\/wp\/v2\/users\/11"}],"replies":[{"embeddable":true,"href":"https:\/\/franciscanos.org.br\/noticias\/wp-json\/wp\/v2\/comments?post=259151"}],"version-history":[{"count":2,"href":"https:\/\/franciscanos.org.br\/noticias\/wp-json\/wp\/v2\/posts\/259151\/revisions"}],"predecessor-version":[{"id":259174,"href":"https:\/\/franciscanos.org.br\/noticias\/wp-json\/wp\/v2\/posts\/259151\/revisions\/259174"}],"wp:featuredmedia":[{"embeddable":true,"href":"https:\/\/franciscanos.org.br\/noticias\/wp-json\/wp\/v2\/media\/259153"}],"wp:attachment":[{"href":"https:\/\/franciscanos.org.br\/noticias\/wp-json\/wp\/v2\/media?parent=259151"}],"wp:term":[{"taxonomy":"category","embeddable":true,"href":"https:\/\/franciscanos.org.br\/noticias\/wp-json\/wp\/v2\/categories?post=259151"},{"taxonomy":"post_tag","embeddable":true,"href":"https:\/\/franciscanos.org.br\/noticias\/wp-json\/wp\/v2\/tags?post=259151"}],"curies":[{"name":"wp","href":"https:\/\/api.w.org\/{rel}","templated":true}]}}