{"id":259071,"date":"2025-07-31T11:10:33","date_gmt":"2025-07-31T14:10:33","guid":{"rendered":"https:\/\/franciscanos.org.br\/noticias\/?p=259071"},"modified":"2025-07-31T11:13:09","modified_gmt":"2025-07-31T14:13:09","slug":"usf-promove-abertura-da-semana-de-planejamento-pedagogico-do-2o-semestre-de-2025","status":"publish","type":"post","link":"https:\/\/franciscanos.org.br\/noticias\/usf-promove-abertura-da-semana-de-planejamento-pedagogico-do-2o-semestre-de-2025.html","title":{"rendered":"USF promove abertura da Semana de Planejamento Pedag\u00f3gico do 2\u00ba semestre de 2025"},"content":{"rendered":"<p><img loading=\"lazy\" class=\"aligncenter wp-image-259072 size-full\" src=\"https:\/\/franciscanos.org.br\/noticias\/wp-content\/uploads\/2025\/07\/MATERIA-15.png\" alt=\"\" width=\"1280\" height=\"720\" srcset=\"https:\/\/franciscanos.org.br\/noticias\/wp-content\/uploads\/2025\/07\/MATERIA-15.png 1280w, https:\/\/franciscanos.org.br\/noticias\/wp-content\/uploads\/2025\/07\/MATERIA-15-450x253.png 450w, https:\/\/franciscanos.org.br\/noticias\/wp-content\/uploads\/2025\/07\/MATERIA-15-1024x576.png 1024w, https:\/\/franciscanos.org.br\/noticias\/wp-content\/uploads\/2025\/07\/MATERIA-15-768x432.png 768w, https:\/\/franciscanos.org.br\/noticias\/wp-content\/uploads\/2025\/07\/MATERIA-15-150x84.png 150w\" sizes=\"(max-width: 1280px) 100vw, 1280px\" \/><\/p>\n<p>A Universidade S\u00e3o Francisco (USF) promoveu no dia\u00a0 28 de julho a abertura oficial da Semana de Planejamento Pedag\u00f3gico e Forma\u00e7\u00e3o Continuada do 2\u00ba semestre de 2025, que neste ano tem como tema \u201cEntre conex\u00f5es e prop\u00f3sitos, caminhos para uma educa\u00e7\u00e3o\u201d. As atividades ser\u00e3o realizadas at\u00e9 1\u00ba de agosto.<\/p>\n<p>A abertura oficial ocorreu no C\u00e2mpus Itatiba (SP), com transmiss\u00e3o para os demais C\u00e2mpus. O evento reuniu docentes, coordenadores de curso, diretores de c\u00e2mpus e n\u00facleos, al\u00e9m da presen\u00e7a do Reitor, Frei Alvaci Mendes da Luz, do Pr\u00f3-Reitor de Ensino, Pesquisa e Extens\u00e3o, professor Dilnei Lorenzi, e do Pr\u00f3-Reitor de Administra\u00e7\u00e3o e Planejamento, professor Adriel de Moura Cabral. A cerim\u00f4nia foi conduzida pela professora M\u00e1rcia Aparecida Antonio, que tamb\u00e9m coordena a organiza\u00e7\u00e3o da semana por meio do Programa CHAVE.<\/p>\n<p>O momento oracional foi conduzido por Frei Claudino Gilz, representante da Pastoral Universit\u00e1ria, que destacou o sentido profundo da ora\u00e7\u00e3o no contexto do carisma franciscano. \u201cSempre que nos colocamos em ora\u00e7\u00e3o, \u00e9 preciso deixar que tudo flua a partir do cora\u00e7\u00e3o, de todo o nosso ser, trazendo \u00e0 tona as motiva\u00e7\u00f5es que nos levam a reconhecer nossa condi\u00e7\u00e3o humana, de criaturas diante de um Deus criador, amoroso, providente e sempre presente em nossas vidas\u201d, afirmou o Frei Claudino.<\/p>\n\n\t\t<style type=\"text\/css\">\n\t\t\t#gallery-1 {\n\t\t\t\tmargin: auto;\n\t\t\t}\n\t\t\t#gallery-1 .gallery-item {\n\t\t\t\tfloat: left;\n\t\t\t\tmargin-top: 10px;\n\t\t\t\ttext-align: center;\n\t\t\t\twidth: 33%;\n\t\t\t}\n\t\t\t#gallery-1 img {\n\t\t\t\tborder: 2px solid #cfcfcf;\n\t\t\t}\n\t\t\t#gallery-1 .gallery-caption {\n\t\t\t\tmargin-left: 0;\n\t\t\t}\n\t\t\t\/* see gallery_shortcode() in wp-includes\/media.php *\/\n\t\t<\/style>\n\t\t<div id='gallery-1' class='gallery galleryid-259071 gallery-columns-3 gallery-size-thumbnail'><dl class='gallery-item'>\n\t\t\t<dt class='gallery-icon landscape'>\n\t\t\t\t<a href='https:\/\/franciscanos.org.br\/noticias\/wp-content\/uploads\/2025\/07\/02-scaled.jpg'><img width=\"300\" height=\"300\" src=\"https:\/\/franciscanos.org.br\/noticias\/wp-content\/uploads\/2025\/07\/02-300x300.jpg\" class=\"attachment-thumbnail size-thumbnail\" alt=\"\" loading=\"lazy\" aria-describedby=\"gallery-1-259076\" srcset=\"https:\/\/franciscanos.org.br\/noticias\/wp-content\/uploads\/2025\/07\/02-300x300.jpg 300w, https:\/\/franciscanos.org.br\/noticias\/wp-content\/uploads\/2025\/07\/02-100x100.jpg 100w\" sizes=\"(max-width: 300px) 100vw, 300px\" \/><\/a>\n\t\t\t<\/dt>\n\t\t\t\t<dd class='wp-caption-text gallery-caption' id='gallery-1-259076'>\n\t\t\t\tAdriel de Moura Cabral\n\t\t\t\t<\/dd><\/dl><dl class='gallery-item'>\n\t\t\t<dt class='gallery-icon landscape'>\n\t\t\t\t<a href='https:\/\/franciscanos.org.br\/noticias\/wp-content\/uploads\/2025\/07\/03-scaled.jpg'><img width=\"300\" height=\"300\" src=\"https:\/\/franciscanos.org.br\/noticias\/wp-content\/uploads\/2025\/07\/03-300x300.jpg\" class=\"attachment-thumbnail size-thumbnail\" alt=\"\" loading=\"lazy\" aria-describedby=\"gallery-1-259077\" srcset=\"https:\/\/franciscanos.org.br\/noticias\/wp-content\/uploads\/2025\/07\/03-300x300.jpg 300w, https:\/\/franciscanos.org.br\/noticias\/wp-content\/uploads\/2025\/07\/03-100x100.jpg 100w\" sizes=\"(max-width: 300px) 100vw, 300px\" \/><\/a>\n\t\t\t<\/dt>\n\t\t\t\t<dd class='wp-caption-text gallery-caption' id='gallery-1-259077'>\n\t\t\t\tDilnei Lorenzi\n\t\t\t\t<\/dd><\/dl><dl class='gallery-item'>\n\t\t\t<dt class='gallery-icon landscape'>\n\t\t\t\t<a href='https:\/\/franciscanos.org.br\/noticias\/wp-content\/uploads\/2025\/07\/04-scaled.jpg'><img width=\"300\" height=\"300\" src=\"https:\/\/franciscanos.org.br\/noticias\/wp-content\/uploads\/2025\/07\/04-300x300.jpg\" class=\"attachment-thumbnail size-thumbnail\" alt=\"\" loading=\"lazy\" aria-describedby=\"gallery-1-259078\" srcset=\"https:\/\/franciscanos.org.br\/noticias\/wp-content\/uploads\/2025\/07\/04-300x300.jpg 300w, https:\/\/franciscanos.org.br\/noticias\/wp-content\/uploads\/2025\/07\/04-100x100.jpg 100w\" sizes=\"(max-width: 300px) 100vw, 300px\" \/><\/a>\n\t\t\t<\/dt>\n\t\t\t\t<dd class='wp-caption-text gallery-caption' id='gallery-1-259078'>\n\t\t\t\tFrei Alvaci\n\t\t\t\t<\/dd><\/dl><br style=\"clear: both\" \/>\n\t\t<\/div>\n\n<p>Durante a abertura, o professor Adriel de Moura Cabral destacou a import\u00e2ncia de manter a Universidade alinhada \u00e0s transforma\u00e7\u00f5es do cen\u00e1rio educacional, marcadas por mudan\u00e7as tecnol\u00f3gicas, sociais e novos marcos regulat\u00f3rios. \u201cA USF \u00e9 um organismo vivo, que n\u00e3o para e est\u00e1 em constante transforma\u00e7\u00e3o. Acreditamos na qualidade do que entregamos e isso se deve, em grande parte, ao trabalho de voc\u00eas. Por isso, esperamos que todos tenham retornado com energia renovada para mantermos o nosso posicionamento em um mercado cada vez mais competitivo\u201d, ressaltou Adriel.<\/p>\n<p>O professor Dilnei Lorenzi refor\u00e7ou que a semana \u00e9 um momento de movimento formativo para toda a comunidade acad\u00eamica, e n\u00e3o apenas para os docentes. \u201cRealizamos uma abertura formal para uma semana que vem sendo cuidadosamente preparada, com base nas avalia\u00e7\u00f5es feitas em mar\u00e7o. Nosso desafio \u00e9 manter a Universidade em constante forma\u00e7\u00e3o, olhando tanto para as demandas espec\u00edficas dos cursos quanto para os aspectos mais amplos, como o uso de tecnologias e a reflex\u00e3o docente.\u201d<\/p>\n<p><img loading=\"lazy\" class=\"aligncenter wp-image-259074 size-full\" src=\"https:\/\/franciscanos.org.br\/noticias\/wp-content\/uploads\/2025\/07\/materia-2-7.png\" alt=\"\" width=\"1280\" height=\"720\" srcset=\"https:\/\/franciscanos.org.br\/noticias\/wp-content\/uploads\/2025\/07\/materia-2-7.png 1280w, https:\/\/franciscanos.org.br\/noticias\/wp-content\/uploads\/2025\/07\/materia-2-7-450x253.png 450w, https:\/\/franciscanos.org.br\/noticias\/wp-content\/uploads\/2025\/07\/materia-2-7-1024x576.png 1024w, https:\/\/franciscanos.org.br\/noticias\/wp-content\/uploads\/2025\/07\/materia-2-7-768x432.png 768w, https:\/\/franciscanos.org.br\/noticias\/wp-content\/uploads\/2025\/07\/materia-2-7-150x84.png 150w\" sizes=\"(max-width: 1280px) 100vw, 1280px\" \/><\/p>\n<p>Dilnei tamb\u00e9m anunciou que a partir deste semestre, a USF inicia uma nova especializa\u00e7\u00e3o voltada \u00e0 doc\u00eancia universit\u00e1ria, constru\u00edda em parceria com o curso de Pedagogia, o Programa de Educa\u00e7\u00e3o Stricto Sensu e professores convidados. \u201cEsse novo MBA ter\u00e1 como base tr\u00eas pilares: teorias da aprendizagem, abordagens em torno da educa\u00e7\u00e3o e pr\u00e1ticas docentes no ensino superior \u2014 reafirmando nosso compromisso com a forma\u00e7\u00e3o continuada e qualificada dos nossos educadores\u201d, explicou o Pr\u00f3-Reitor.<\/p>\n<p>O Reitor, apresentou oficialmente o novo diretor do C\u00e2mpus Itatiba, professor Marcelo da Silva, e agradeceu o empenho da comunidade acad\u00eamica pelas conquistas do primeiro semestre. \u201cAs avalia\u00e7\u00f5es do primeiro semestre foram extremamente positivas. E, para o segundo semestre, novos desafios j\u00e1 est\u00e3o no horizonte \u2014 desafios que temos certeza de que ser\u00e3o enfrentados com a mesma seriedade e compet\u00eancia. Por isso, nosso muito obrigado pelo que j\u00e1 conquistamos e, desde j\u00e1, nosso pedido de empenho e parceria para tudo o que ainda vir\u00e1\u201d, destacou.<\/p>\n<p>Por fim,\u00a0 Frei Alvaci anunciou o in\u00edcio das comemora\u00e7\u00f5es do Jubileu de Ouro da USF, que celebra os 50 anos como institui\u00e7\u00e3o de ensino superior. A programa\u00e7\u00e3o tem in\u00edcio em 24 de outubro de 2025, com o lan\u00e7amento da campanha e do site comemorativo. Em novembro, est\u00e1 previsto um evento com autoridades civis. J\u00e1 em dezembro, o encontro de fim de ano dos colaboradores ter\u00e1 como tema os 50 anos da USF.<\/p>\n<p>A agenda comemorativa se estender\u00e1 at\u00e9 outubro de 2026 e integrar\u00e1 todos os eventos institucionais da universidade nesse per\u00edodo.<\/p>\n<hr \/>\n<p><em>Ana Paula Moreira (Assessoria USF)<\/em><\/p>\n","protected":false},"excerpt":{"rendered":"<p>Educa\u00e7\u00e3o Franciscana<\/p>\n","protected":false},"author":11,"featured_media":259073,"comment_status":"open","ping_status":"open","sticky":false,"template":"","format":"standard","meta":[],"categories":[1],"tags":[354],"acf":[],"yoast_head":"<!-- This site is optimized with the Yoast SEO plugin v19.2 - https:\/\/yoast.com\/wordpress\/plugins\/seo\/ -->\n<title>USF promove abertura da Semana de Planejamento Pedag\u00f3gico do 2\u00ba semestre de 2025 - Not\u00edcias - Franciscanos<\/title>\n<meta name=\"robots\" content=\"index, follow, max-snippet:-1, max-image-preview:large, max-video-preview:-1\" \/>\n<link rel=\"canonical\" href=\"https:\/\/franciscanos.org.br\/noticias\/usf-promove-abertura-da-semana-de-planejamento-pedagogico-do-2o-semestre-de-2025.html\" \/>\n<meta property=\"og:locale\" content=\"pt_BR\" \/>\n<meta property=\"og:type\" content=\"article\" \/>\n<meta property=\"og:title\" content=\"USF promove abertura da Semana de Planejamento Pedag\u00f3gico do 2\u00ba semestre de 2025 - Not\u00edcias - Franciscanos\" \/>\n<meta property=\"og:description\" content=\"Educa\u00e7\u00e3o Franciscana\" \/>\n<meta property=\"og:url\" content=\"https:\/\/franciscanos.org.br\/noticias\/usf-promove-abertura-da-semana-de-planejamento-pedagogico-do-2o-semestre-de-2025.html\" \/>\n<meta property=\"og:site_name\" content=\"Not\u00edcias - Franciscanos\" \/>\n<meta property=\"article:published_time\" content=\"2025-07-31T14:10:33+00:00\" \/>\n<meta property=\"article:modified_time\" content=\"2025-07-31T14:13:09+00:00\" \/>\n<meta property=\"og:image\" content=\"https:\/\/franciscanos.org.br\/noticias\/wp-content\/uploads\/2025\/07\/chamada-18.png\" \/>\n\t<meta property=\"og:image:width\" content=\"800\" \/>\n\t<meta property=\"og:image:height\" content=\"550\" \/>\n\t<meta property=\"og:image:type\" content=\"image\/png\" \/>\n<meta name=\"author\" content=\"Adriana Rabelo\" \/>\n<meta name=\"twitter:card\" content=\"summary_large_image\" \/>\n<meta name=\"twitter:label1\" content=\"Escrito por\" \/>\n\t<meta name=\"twitter:data1\" content=\"Adriana Rabelo\" \/>\n\t<meta name=\"twitter:label2\" content=\"Est. tempo de leitura\" \/>\n\t<meta name=\"twitter:data2\" content=\"3 minutos\" \/>\n<script type=\"application\/ld+json\" class=\"yoast-schema-graph\">{\"@context\":\"https:\/\/schema.org\",\"@graph\":[{\"@type\":\"WebSite\",\"@id\":\"https:\/\/franciscanos.org.br\/noticias\/#website\",\"url\":\"https:\/\/franciscanos.org.br\/noticias\/\",\"name\":\"Not\u00edcias - Franciscanos\",\"description\":\"Prov\u00edncia Franciscana da Imaculada Concei\u00e7\u00e3o do Brasil - Ordem dos Frades Menores - OFM\",\"potentialAction\":[{\"@type\":\"SearchAction\",\"target\":{\"@type\":\"EntryPoint\",\"urlTemplate\":\"https:\/\/franciscanos.org.br\/noticias\/?s={search_term_string}\"},\"query-input\":\"required name=search_term_string\"}],\"inLanguage\":\"pt-BR\"},{\"@type\":\"ImageObject\",\"inLanguage\":\"pt-BR\",\"@id\":\"https:\/\/franciscanos.org.br\/noticias\/usf-promove-abertura-da-semana-de-planejamento-pedagogico-do-2o-semestre-de-2025.html#primaryimage\",\"url\":\"https:\/\/franciscanos.org.br\/noticias\/wp-content\/uploads\/2025\/07\/chamada-18.png\",\"contentUrl\":\"https:\/\/franciscanos.org.br\/noticias\/wp-content\/uploads\/2025\/07\/chamada-18.png\",\"width\":800,\"height\":550},{\"@type\":\"WebPage\",\"@id\":\"https:\/\/franciscanos.org.br\/noticias\/usf-promove-abertura-da-semana-de-planejamento-pedagogico-do-2o-semestre-de-2025.html#webpage\",\"url\":\"https:\/\/franciscanos.org.br\/noticias\/usf-promove-abertura-da-semana-de-planejamento-pedagogico-do-2o-semestre-de-2025.html\",\"name\":\"USF promove abertura da Semana de Planejamento Pedag\u00f3gico do 2\u00ba semestre de 2025 - Not\u00edcias - Franciscanos\",\"isPartOf\":{\"@id\":\"https:\/\/franciscanos.org.br\/noticias\/#website\"},\"primaryImageOfPage\":{\"@id\":\"https:\/\/franciscanos.org.br\/noticias\/usf-promove-abertura-da-semana-de-planejamento-pedagogico-do-2o-semestre-de-2025.html#primaryimage\"},\"datePublished\":\"2025-07-31T14:10:33+00:00\",\"dateModified\":\"2025-07-31T14:13:09+00:00\",\"author\":{\"@id\":\"https:\/\/franciscanos.org.br\/noticias\/#\/schema\/person\/d9422e83121c3ad3b0f423d195f5bb25\"},\"breadcrumb\":{\"@id\":\"https:\/\/franciscanos.org.br\/noticias\/usf-promove-abertura-da-semana-de-planejamento-pedagogico-do-2o-semestre-de-2025.html#breadcrumb\"},\"inLanguage\":\"pt-BR\",\"potentialAction\":[{\"@type\":\"ReadAction\",\"target\":[\"https:\/\/franciscanos.org.br\/noticias\/usf-promove-abertura-da-semana-de-planejamento-pedagogico-do-2o-semestre-de-2025.html\"]}]},{\"@type\":\"BreadcrumbList\",\"@id\":\"https:\/\/franciscanos.org.br\/noticias\/usf-promove-abertura-da-semana-de-planejamento-pedagogico-do-2o-semestre-de-2025.html#breadcrumb\",\"itemListElement\":[{\"@type\":\"ListItem\",\"position\":1,\"name\":\"Home\",\"item\":\"https:\/\/franciscanos.org.br\/noticias\"},{\"@type\":\"ListItem\",\"position\":2,\"name\":\"USF promove abertura da Semana de Planejamento Pedag\u00f3gico do 2\u00ba semestre de 2025\"}]},{\"@type\":\"Person\",\"@id\":\"https:\/\/franciscanos.org.br\/noticias\/#\/schema\/person\/d9422e83121c3ad3b0f423d195f5bb25\",\"name\":\"Adriana Rabelo\",\"image\":{\"@type\":\"ImageObject\",\"inLanguage\":\"pt-BR\",\"@id\":\"https:\/\/franciscanos.org.br\/noticias\/#\/schema\/person\/image\/\",\"url\":\"https:\/\/secure.gravatar.com\/avatar\/0a937b7500cd7df77540cfb8bede877d?s=96&d=mm&r=g\",\"contentUrl\":\"https:\/\/secure.gravatar.com\/avatar\/0a937b7500cd7df77540cfb8bede877d?s=96&d=mm&r=g\",\"caption\":\"Adriana Rabelo\"},\"url\":\"https:\/\/franciscanos.org.br\/noticias\/author\/adrianarabelo\"}]}<\/script>\n<!-- \/ Yoast SEO plugin. -->","yoast_head_json":{"title":"USF promove abertura da Semana de Planejamento Pedag\u00f3gico do 2\u00ba semestre de 2025 - Not\u00edcias - Franciscanos","robots":{"index":"index","follow":"follow","max-snippet":"max-snippet:-1","max-image-preview":"max-image-preview:large","max-video-preview":"max-video-preview:-1"},"canonical":"https:\/\/franciscanos.org.br\/noticias\/usf-promove-abertura-da-semana-de-planejamento-pedagogico-do-2o-semestre-de-2025.html","og_locale":"pt_BR","og_type":"article","og_title":"USF promove abertura da Semana de Planejamento Pedag\u00f3gico do 2\u00ba semestre de 2025 - Not\u00edcias - Franciscanos","og_description":"Educa\u00e7\u00e3o Franciscana","og_url":"https:\/\/franciscanos.org.br\/noticias\/usf-promove-abertura-da-semana-de-planejamento-pedagogico-do-2o-semestre-de-2025.html","og_site_name":"Not\u00edcias - Franciscanos","article_published_time":"2025-07-31T14:10:33+00:00","article_modified_time":"2025-07-31T14:13:09+00:00","og_image":[{"width":800,"height":550,"url":"https:\/\/franciscanos.org.br\/noticias\/wp-content\/uploads\/2025\/07\/chamada-18.png","type":"image\/png"}],"author":"Adriana Rabelo","twitter_card":"summary_large_image","twitter_misc":{"Escrito por":"Adriana Rabelo","Est. tempo de leitura":"3 minutos"},"schema":{"@context":"https:\/\/schema.org","@graph":[{"@type":"WebSite","@id":"https:\/\/franciscanos.org.br\/noticias\/#website","url":"https:\/\/franciscanos.org.br\/noticias\/","name":"Not\u00edcias - Franciscanos","description":"Prov\u00edncia Franciscana da Imaculada Concei\u00e7\u00e3o do Brasil - Ordem dos Frades Menores - OFM","potentialAction":[{"@type":"SearchAction","target":{"@type":"EntryPoint","urlTemplate":"https:\/\/franciscanos.org.br\/noticias\/?s={search_term_string}"},"query-input":"required name=search_term_string"}],"inLanguage":"pt-BR"},{"@type":"ImageObject","inLanguage":"pt-BR","@id":"https:\/\/franciscanos.org.br\/noticias\/usf-promove-abertura-da-semana-de-planejamento-pedagogico-do-2o-semestre-de-2025.html#primaryimage","url":"https:\/\/franciscanos.org.br\/noticias\/wp-content\/uploads\/2025\/07\/chamada-18.png","contentUrl":"https:\/\/franciscanos.org.br\/noticias\/wp-content\/uploads\/2025\/07\/chamada-18.png","width":800,"height":550},{"@type":"WebPage","@id":"https:\/\/franciscanos.org.br\/noticias\/usf-promove-abertura-da-semana-de-planejamento-pedagogico-do-2o-semestre-de-2025.html#webpage","url":"https:\/\/franciscanos.org.br\/noticias\/usf-promove-abertura-da-semana-de-planejamento-pedagogico-do-2o-semestre-de-2025.html","name":"USF promove abertura da Semana de Planejamento Pedag\u00f3gico do 2\u00ba semestre de 2025 - Not\u00edcias - Franciscanos","isPartOf":{"@id":"https:\/\/franciscanos.org.br\/noticias\/#website"},"primaryImageOfPage":{"@id":"https:\/\/franciscanos.org.br\/noticias\/usf-promove-abertura-da-semana-de-planejamento-pedagogico-do-2o-semestre-de-2025.html#primaryimage"},"datePublished":"2025-07-31T14:10:33+00:00","dateModified":"2025-07-31T14:13:09+00:00","author":{"@id":"https:\/\/franciscanos.org.br\/noticias\/#\/schema\/person\/d9422e83121c3ad3b0f423d195f5bb25"},"breadcrumb":{"@id":"https:\/\/franciscanos.org.br\/noticias\/usf-promove-abertura-da-semana-de-planejamento-pedagogico-do-2o-semestre-de-2025.html#breadcrumb"},"inLanguage":"pt-BR","potentialAction":[{"@type":"ReadAction","target":["https:\/\/franciscanos.org.br\/noticias\/usf-promove-abertura-da-semana-de-planejamento-pedagogico-do-2o-semestre-de-2025.html"]}]},{"@type":"BreadcrumbList","@id":"https:\/\/franciscanos.org.br\/noticias\/usf-promove-abertura-da-semana-de-planejamento-pedagogico-do-2o-semestre-de-2025.html#breadcrumb","itemListElement":[{"@type":"ListItem","position":1,"name":"Home","item":"https:\/\/franciscanos.org.br\/noticias"},{"@type":"ListItem","position":2,"name":"USF promove abertura da Semana de Planejamento Pedag\u00f3gico do 2\u00ba semestre de 2025"}]},{"@type":"Person","@id":"https:\/\/franciscanos.org.br\/noticias\/#\/schema\/person\/d9422e83121c3ad3b0f423d195f5bb25","name":"Adriana Rabelo","image":{"@type":"ImageObject","inLanguage":"pt-BR","@id":"https:\/\/franciscanos.org.br\/noticias\/#\/schema\/person\/image\/","url":"https:\/\/secure.gravatar.com\/avatar\/0a937b7500cd7df77540cfb8bede877d?s=96&d=mm&r=g","contentUrl":"https:\/\/secure.gravatar.com\/avatar\/0a937b7500cd7df77540cfb8bede877d?s=96&d=mm&r=g","caption":"Adriana Rabelo"},"url":"https:\/\/franciscanos.org.br\/noticias\/author\/adrianarabelo"}]}},"_links":{"self":[{"href":"https:\/\/franciscanos.org.br\/noticias\/wp-json\/wp\/v2\/posts\/259071"}],"collection":[{"href":"https:\/\/franciscanos.org.br\/noticias\/wp-json\/wp\/v2\/posts"}],"about":[{"href":"https:\/\/franciscanos.org.br\/noticias\/wp-json\/wp\/v2\/types\/post"}],"author":[{"embeddable":true,"href":"https:\/\/franciscanos.org.br\/noticias\/wp-json\/wp\/v2\/users\/11"}],"replies":[{"embeddable":true,"href":"https:\/\/franciscanos.org.br\/noticias\/wp-json\/wp\/v2\/comments?post=259071"}],"version-history":[{"count":4,"href":"https:\/\/franciscanos.org.br\/noticias\/wp-json\/wp\/v2\/posts\/259071\/revisions"}],"predecessor-version":[{"id":259081,"href":"https:\/\/franciscanos.org.br\/noticias\/wp-json\/wp\/v2\/posts\/259071\/revisions\/259081"}],"wp:featuredmedia":[{"embeddable":true,"href":"https:\/\/franciscanos.org.br\/noticias\/wp-json\/wp\/v2\/media\/259073"}],"wp:attachment":[{"href":"https:\/\/franciscanos.org.br\/noticias\/wp-json\/wp\/v2\/media?parent=259071"}],"wp:term":[{"taxonomy":"category","embeddable":true,"href":"https:\/\/franciscanos.org.br\/noticias\/wp-json\/wp\/v2\/categories?post=259071"},{"taxonomy":"post_tag","embeddable":true,"href":"https:\/\/franciscanos.org.br\/noticias\/wp-json\/wp\/v2\/tags?post=259071"}],"curies":[{"name":"wp","href":"https:\/\/api.w.org\/{rel}","templated":true}]}}