{"id":259052,"date":"2025-07-30T15:17:34","date_gmt":"2025-07-30T18:17:34","guid":{"rendered":"https:\/\/franciscanos.org.br\/noticias\/?p=259052"},"modified":"2025-07-30T19:01:55","modified_gmt":"2025-07-30T22:01:55","slug":"fimda-celebra-ordenacao-de-quatro-novos-presbiteros","status":"publish","type":"post","link":"https:\/\/franciscanos.org.br\/noticias\/fimda-celebra-ordenacao-de-quatro-novos-presbiteros.html","title":{"rendered":"FIMDA celebra Ordena\u00e7\u00e3o de quatro novos Presb\u00edteros"},"content":{"rendered":"<div id=\"attachment_259056\" style=\"width: 1290px\" class=\"wp-caption alignnone\"><img aria-describedby=\"caption-attachment-259056\" loading=\"lazy\" class=\"wp-image-259056 size-full\" src=\"https:\/\/franciscanos.org.br\/noticias\/wp-content\/uploads\/2025\/07\/MATERIA-3-6.png\" alt=\"\" width=\"1280\" height=\"720\" srcset=\"https:\/\/franciscanos.org.br\/noticias\/wp-content\/uploads\/2025\/07\/MATERIA-3-6.png 1280w, https:\/\/franciscanos.org.br\/noticias\/wp-content\/uploads\/2025\/07\/MATERIA-3-6-450x253.png 450w, https:\/\/franciscanos.org.br\/noticias\/wp-content\/uploads\/2025\/07\/MATERIA-3-6-1024x576.png 1024w, https:\/\/franciscanos.org.br\/noticias\/wp-content\/uploads\/2025\/07\/MATERIA-3-6-768x432.png 768w, https:\/\/franciscanos.org.br\/noticias\/wp-content\/uploads\/2025\/07\/MATERIA-3-6-150x84.png 150w\" sizes=\"(max-width: 1280px) 100vw, 1280px\" \/><p id=\"caption-attachment-259056\" class=\"wp-caption-text\">Da esq. para dir. Frei Jos\u00e9 Jo\u00e3o Ganga, Frei Elias Hebo Lu\u00eds, Frei Domingos Cacanda Soma, Frei Evaristo Seque Joaquim<\/p><\/div>\n<p>O pr\u00f3ximo s\u00e1bado, 2 de agosto, dia do Perd\u00e3o de Assis, celebra\u00e7\u00e3o de grande import\u00e2ncia para a Ordem dos Frades Menores, entrar\u00e1 para a hist\u00f3ria da Funda\u00e7\u00e3o Imaculada M\u00e3e de Deus de Angola (FIMDA). Quatro novos presb\u00edteros ser\u00e3o acolhidos pela Fraternidade S\u00e3o Francisco de Assis, localizada no bairro Palanca, em Kilamba Kiaxi\/ Luanda.<\/p>\n<p>Durante o per\u00edodo inicial de forma\u00e7\u00e3o franciscana, com os estudos, as experi\u00eancias em fraternidade e com o povo de Deus, os candidatos t\u00eam a oportunidade de imergir no carisma e na espiritualidade franciscana, buscando um encontro especial com Deus e com o pr\u00f3ximo, a partir do seguimento de Jesus Cristo, assim como fez S\u00e3o Francisco de Assis.<\/p>\n<p><img loading=\"lazy\" class=\"size-medium wp-image-259059 alignright\" src=\"https:\/\/franciscanos.org.br\/noticias\/wp-content\/uploads\/2025\/07\/WhatsApp-Image-2025-07-30-at-07.29.45-1-338x450.jpeg\" alt=\"\" width=\"338\" height=\"450\" srcset=\"https:\/\/franciscanos.org.br\/noticias\/wp-content\/uploads\/2025\/07\/WhatsApp-Image-2025-07-30-at-07.29.45-1-338x450.jpeg 338w, https:\/\/franciscanos.org.br\/noticias\/wp-content\/uploads\/2025\/07\/WhatsApp-Image-2025-07-30-at-07.29.45-1-768x1024.jpeg 768w, https:\/\/franciscanos.org.br\/noticias\/wp-content\/uploads\/2025\/07\/WhatsApp-Image-2025-07-30-at-07.29.45-1-1152x1536.jpeg 1152w, https:\/\/franciscanos.org.br\/noticias\/wp-content\/uploads\/2025\/07\/WhatsApp-Image-2025-07-30-at-07.29.45-1-1536x2048.jpeg 1536w, https:\/\/franciscanos.org.br\/noticias\/wp-content\/uploads\/2025\/07\/WhatsApp-Image-2025-07-30-at-07.29.45-1-150x200.jpeg 150w, https:\/\/franciscanos.org.br\/noticias\/wp-content\/uploads\/2025\/07\/WhatsApp-Image-2025-07-30-at-07.29.45-1-scaled.jpeg 810w\" sizes=\"(max-width: 338px) 100vw, 338px\" \/>Esse mergulho fora de si, sem excluir de sua hist\u00f3ria a bagagem assimilada na vida, pois com ela tamb\u00e9m \u00e9 poss\u00edvel ressignificar a caminhada a partir da miss\u00e3o franciscana assumida, os frades despem-se de tudo aquilo que os prendem ao mundo para encontrar-se com Deus e com os irm\u00e3os, por meio de uma vida de humildade, pobreza, obedi\u00eancia e itiner\u00e2ncia.<\/p>\n<p>Como cidad\u00e3os do mundo, de paz e bem, assumindo definitivamente a miss\u00e3o de levar o Evangelho por meio de atos concretos de amor e da Palavra, Frei Domingos Cacanda Soma, Frei Elias Hebo Lu\u00eds, Frei Evaristo Seque Joaquim e Frei Jos\u00e9 Jo\u00e3o Ganga, ser\u00e3o ordenados presb\u00edteros pelas m\u00e3os de Dom Filomeno Nascimento Vieira Dias, Arcebispo da Arquidiocese de Luanda. A celebra\u00e7\u00e3o ser\u00e1 \u00e0s 9h, no Kimbo S\u00e3o Francisco, e contar\u00e1 com a presen\u00e7a de frades, religiosos, religiosas, familiares, convidados e demais membros da comunidade local.<\/p>\n<p>A expectativa \u00e9 de que o local fique lotado de irm\u00e3os e irm\u00e3os que far\u00e3o quest\u00e3o de testemunhar o \u201csim\u201d dos jovens frades a Ordem dos Frades Menores e ao compromisso que assumem junto ao povo, especialmente no dia da Festa de Nossa Senhora dos Anjos.<\/p>\n<p>O que torna o momento ainda mais significativo para a Prov\u00edncia Franciscana da Imaculada Concei\u00e7\u00e3o do Brasil, \u00e0 Fam\u00edlia Franciscana e a todos que, de alguma forma, sentem os impactos da presen\u00e7a positiva dos frades franciscanos OFM, \u00e9 o fato de a FIMDA estar completando, em 2025, 35 anos de sua cria\u00e7\u00e3o em solo angolano. Esse momento ocorre no mesmo ano em que \u00e9 celebrado o VIII Centen\u00e1rio do C\u00e2ntico das Criaturas, de S\u00e3o Francisco de Assis, e o Ano Jubilar da Esperan\u00e7a, aquela que n\u00e3o decepciona e que \u00e9 filha da f\u00e9, pois ambas se juntam para que aconte\u00e7a a caridade.<\/p>\n<p>Envolvidos pela esperan\u00e7a de uma terra sem guerras, sem fome, na qual todos possam conhecer o verdadeiro amor de Deus pelo seus filhos e filhas, que os frades receber\u00e3o a Ordena\u00e7\u00e3o Presbiteral e todos os presentes, ir\u00e3o festejar o crescimento do n\u00famero de presb\u00edteros da FIMDA, que chegar\u00e1 a 14, no pr\u00f3ximo dia 2.<\/p>\n<p><img loading=\"lazy\" class=\"aligncenter wp-image-259053 size-full\" src=\"https:\/\/franciscanos.org.br\/noticias\/wp-content\/uploads\/2025\/07\/materia-convite.png\" alt=\"\" width=\"1280\" height=\"720\" srcset=\"https:\/\/franciscanos.org.br\/noticias\/wp-content\/uploads\/2025\/07\/materia-convite.png 1280w, https:\/\/franciscanos.org.br\/noticias\/wp-content\/uploads\/2025\/07\/materia-convite-450x253.png 450w, https:\/\/franciscanos.org.br\/noticias\/wp-content\/uploads\/2025\/07\/materia-convite-1024x576.png 1024w, https:\/\/franciscanos.org.br\/noticias\/wp-content\/uploads\/2025\/07\/materia-convite-768x432.png 768w, https:\/\/franciscanos.org.br\/noticias\/wp-content\/uploads\/2025\/07\/materia-convite-150x84.png 150w\" sizes=\"(max-width: 1280px) 100vw, 1280px\" \/><\/p>\n<p>A expectativa que envolve a comunidade tamb\u00e9m \u00e9 forte entre os frades que ser\u00e3o ordenados, isso, fica ainda mais evidente em seus depoimentos, nos quais evidenciam a clareza da miss\u00e3o assumida e da vontade de servir a Deus e \u00e0 Igreja. Acompanhe abaixo:<\/p>\n<h3><strong>Frei Domingos Cacanda Soma<\/strong><\/h3>\n<p><strong>Dados pessoais e forma\u00e7\u00e3o:<\/strong> Nasceu no dia 10 de setembro de 1992, em Benguela, Angola. Vestiu o h\u00e1bito pela primeira vez em 15 de janeiro de 2016. Sua Primeira Profiss\u00e3o foi no dia 5 de janeiro de 2017, e sua Profiss\u00e3o Solene em 8 de dezembro de 2022.<\/p>\n<p>Para o frade, ser Presb\u00edtero \u00e9 um desdobramento de uma voca\u00e7\u00e3o que se disp\u00f5e a ser sempre servidora. &#8220;O Presb\u00edtero, assim como o ser Frade Menor, n\u00e3o se faz para si mesmo, ele existe e se constitui em rela\u00e7\u00e3o ao outro. Ou melhor, sua raz\u00e3o de ser \u00e9 sempre para o outro. Por isso que o presbiterado \u00e9, fundamentalmente, uma voca\u00e7\u00e3o que se radica no servi\u00e7o. Ouvimos o chamado de Deus ao servi\u00e7o e colocamo-nos na disposi\u00e7\u00e3o de servir a Igreja e a Ordem dos Frades Menores como irm\u00e3os e tamb\u00e9m ministros ordenados. E quanto mais colocarmos em marcha o nosso servi\u00e7o, mais esse minist\u00e9rio vai se plenificando na sua ess\u00eancia\u201d.<\/p>\n<h3><strong>Frei Evaristo Seque Joaquim<\/strong><\/h3>\n<p><strong>Dados pessoais e forma\u00e7\u00e3o:<\/strong>\u00a0 Nasceu em 12 de janeiro de 1994, na cidade de Lobito, em Angola. Sua\u00a0 primeira vesti\u00e7\u00e3o do habito foi no dia 15 de janeiro de 2016. A Primeira Profiss\u00e3o, foi em 5 de janeiro de 2017 e a Profiss\u00e3o Solene no dia 8 de\u00a0 dezembro de 2022.<\/p>\n<p>Frei Evaristo refor\u00e7a seu compromisso com o cuidado, quando diz: \u201cParece-me profundo o que S\u00e3o Lucas escreve nos Atos dos Ap\u00f3stolos: \u2018Tomai cuidado convosco e com todo o rebanho, do qual o Esp\u00edrito Santo vos constituiu vigilantes, a fim de apascentardes a Igreja de Deus\u2019 (20,28). Assim como fomos cuidados e acolhidos, devemos cuidar para termos esse esp\u00edrito de acolhida e aten\u00e7\u00e3o com todas as pessoas nas comunidades em que atuaremos. A vigil\u00e2ncia se aproxima do cuidado quando, com coragem e esperan\u00e7a, nos damos conta dessa grande responsabilidade que \u00e9 ser cooperador de Jesus Cristo, o Bom Pastor, na miss\u00e3o de caminhar com o rebanho e, juntos, promovermos o Reino de Deus\u201d<\/p>\n<h3><strong>Frei Elias Hebo Lu\u00eds<\/strong><\/h3>\n<p><strong>Dados pessoais e forma\u00e7\u00e3o:<\/strong> Seu nascimento foi no dia 22 de novembro de 1992,\u00a0 em Cangola Alto Cuale, em Angola. Venstiu o h\u00e1bito franciscano pela primeira vez em 15 de janeiro de 2026. A Primeira Profiss\u00e3o foi no dia 15 de janeiro de 2017, e a Profiss\u00e3o Solene em 28 de setembro de 2024.<\/p>\n<p>O frade destaca a import\u00e2ncia da esperan\u00e7a: pr sua caminhada. \u201cVivemos num tempo de grandes quest\u00f5es ocorrendo em todo o mundo. Como frades e presb\u00edteros devemos estar atentos \u00e0 realidade do nosso tempo. As melhores respostas que podemos dar ao mundo vem da escuta atenta do povo e do Esp\u00edrito de Deus que est\u00e3o sempre indicando dire\u00e7\u00f5es para uma melhor atua\u00e7\u00e3o da Igreja. Nesse Ano Jubilar, sermos \u201cPeregrinos de Esperan\u00e7a\u201d \u00e9 um bom indicativo de que modo devemos enfrentar as dificuldades do nosso tempo. \u00c9 com Deus e com a esperan\u00e7a que marchamos firmes para sermos luz no mundo\u201d.<\/p>\n<h3><strong>Frei Jos\u00e9 Jo\u00e3o Ganga<\/strong><\/h3>\n<p><strong>Dados pessoais e forma\u00e7\u00e3o: <\/strong>Dados pessoais e forma\u00e7\u00e3o: Nasceu no dia 13 de novembro de 1990, em Cocanda, Angola. Vestiu o h\u00e1bito franciscano em 15 de janeiro de 2015. Sua Primeira Profiss\u00e3o foi no dia 5 de janeiro de 2016 e a Profiss\u00e3o Solene em 13 de novembro de 2021.<\/p>\n<p>Frei Jos\u00e9 Ganga refor\u00e7a a relev\u00e2ncia do Evangelho e da obedi\u00eancia \u00e0 Rega de Vida.\u00a0 \u201cNo nosso lema de Ordena\u00e7\u00e3o h\u00e1 uma indica\u00e7\u00e3o daquilo que almejamos viver: \u2018fazer o que Ele disser\u2019 (Jo 2,5). Atentos ao Evangelho como Regra de Vida, enquanto franciscanos, queremos ser presb\u00edteros atentos e fi\u00e9is ao mandato do Senhor de multiplicar o amor d\u2019Ele para todos. Por isso, ser Ministro Ordenado, \u00e9, antes de tudo, ser um ouvinte atento do modo de ser de Jesus Cristo; e quando o vinho da vida estiver em falta, possamos ajudar ao Senhor para que o vinho bom possa ser servido\u201d!<\/p>\n<p>Rezemos para que esses irm\u00e3os, por meio de seu sim, possam ser luz no mundo e pontes de esperan\u00e7a para todos que buscam por um encontro especial com Deus.<\/p>\n<hr \/>\n<p><em>Frei Jo\u00e3o Manoel Zechinatto e Adriana Rabelo Rodrigues<\/em><\/p>\n","protected":false},"excerpt":{"rendered":"<p>Ordena\u00e7\u00e3o Presbiteral Angola<\/p>\n","protected":false},"author":11,"featured_media":259054,"comment_status":"open","ping_status":"open","sticky":false,"template":"","format":"standard","meta":[],"categories":[1],"tags":[109,195,157],"acf":[],"yoast_head":"<!-- This site is optimized with the Yoast SEO plugin v19.2 - https:\/\/yoast.com\/wordpress\/plugins\/seo\/ -->\n<title>FIMDA celebra Ordena\u00e7\u00e3o de quatro novos Presb\u00edteros - Not\u00edcias - Franciscanos<\/title>\n<meta name=\"robots\" content=\"index, follow, max-snippet:-1, max-image-preview:large, max-video-preview:-1\" \/>\n<link rel=\"canonical\" href=\"https:\/\/franciscanos.org.br\/noticias\/fimda-celebra-ordenacao-de-quatro-novos-presbiteros.html\" \/>\n<meta property=\"og:locale\" content=\"pt_BR\" \/>\n<meta property=\"og:type\" content=\"article\" \/>\n<meta property=\"og:title\" content=\"FIMDA celebra Ordena\u00e7\u00e3o de quatro novos Presb\u00edteros - Not\u00edcias - Franciscanos\" \/>\n<meta property=\"og:description\" content=\"Ordena\u00e7\u00e3o Presbiteral Angola\" \/>\n<meta property=\"og:url\" content=\"https:\/\/franciscanos.org.br\/noticias\/fimda-celebra-ordenacao-de-quatro-novos-presbiteros.html\" \/>\n<meta property=\"og:site_name\" content=\"Not\u00edcias - Franciscanos\" \/>\n<meta property=\"article:published_time\" content=\"2025-07-30T18:17:34+00:00\" \/>\n<meta property=\"article:modified_time\" content=\"2025-07-30T22:01:55+00:00\" \/>\n<meta property=\"og:image\" content=\"https:\/\/franciscanos.org.br\/noticias\/wp-content\/uploads\/2025\/07\/chamada-17.png\" \/>\n\t<meta property=\"og:image:width\" content=\"800\" \/>\n\t<meta property=\"og:image:height\" content=\"550\" \/>\n\t<meta property=\"og:image:type\" content=\"image\/png\" \/>\n<meta name=\"author\" content=\"Adriana Rabelo\" \/>\n<meta name=\"twitter:card\" content=\"summary_large_image\" \/>\n<meta name=\"twitter:label1\" content=\"Escrito por\" \/>\n\t<meta name=\"twitter:data1\" content=\"Adriana Rabelo\" \/>\n\t<meta name=\"twitter:label2\" content=\"Est. tempo de leitura\" \/>\n\t<meta name=\"twitter:data2\" content=\"6 minutos\" \/>\n<script type=\"application\/ld+json\" class=\"yoast-schema-graph\">{\"@context\":\"https:\/\/schema.org\",\"@graph\":[{\"@type\":\"WebSite\",\"@id\":\"https:\/\/franciscanos.org.br\/noticias\/#website\",\"url\":\"https:\/\/franciscanos.org.br\/noticias\/\",\"name\":\"Not\u00edcias - Franciscanos\",\"description\":\"Prov\u00edncia Franciscana da Imaculada Concei\u00e7\u00e3o do Brasil - Ordem dos Frades Menores - OFM\",\"potentialAction\":[{\"@type\":\"SearchAction\",\"target\":{\"@type\":\"EntryPoint\",\"urlTemplate\":\"https:\/\/franciscanos.org.br\/noticias\/?s={search_term_string}\"},\"query-input\":\"required name=search_term_string\"}],\"inLanguage\":\"pt-BR\"},{\"@type\":\"ImageObject\",\"inLanguage\":\"pt-BR\",\"@id\":\"https:\/\/franciscanos.org.br\/noticias\/fimda-celebra-ordenacao-de-quatro-novos-presbiteros.html#primaryimage\",\"url\":\"https:\/\/franciscanos.org.br\/noticias\/wp-content\/uploads\/2025\/07\/chamada-17.png\",\"contentUrl\":\"https:\/\/franciscanos.org.br\/noticias\/wp-content\/uploads\/2025\/07\/chamada-17.png\",\"width\":800,\"height\":550},{\"@type\":\"WebPage\",\"@id\":\"https:\/\/franciscanos.org.br\/noticias\/fimda-celebra-ordenacao-de-quatro-novos-presbiteros.html#webpage\",\"url\":\"https:\/\/franciscanos.org.br\/noticias\/fimda-celebra-ordenacao-de-quatro-novos-presbiteros.html\",\"name\":\"FIMDA celebra Ordena\u00e7\u00e3o de quatro novos Presb\u00edteros - Not\u00edcias - Franciscanos\",\"isPartOf\":{\"@id\":\"https:\/\/franciscanos.org.br\/noticias\/#website\"},\"primaryImageOfPage\":{\"@id\":\"https:\/\/franciscanos.org.br\/noticias\/fimda-celebra-ordenacao-de-quatro-novos-presbiteros.html#primaryimage\"},\"datePublished\":\"2025-07-30T18:17:34+00:00\",\"dateModified\":\"2025-07-30T22:01:55+00:00\",\"author\":{\"@id\":\"https:\/\/franciscanos.org.br\/noticias\/#\/schema\/person\/d9422e83121c3ad3b0f423d195f5bb25\"},\"breadcrumb\":{\"@id\":\"https:\/\/franciscanos.org.br\/noticias\/fimda-celebra-ordenacao-de-quatro-novos-presbiteros.html#breadcrumb\"},\"inLanguage\":\"pt-BR\",\"potentialAction\":[{\"@type\":\"ReadAction\",\"target\":[\"https:\/\/franciscanos.org.br\/noticias\/fimda-celebra-ordenacao-de-quatro-novos-presbiteros.html\"]}]},{\"@type\":\"BreadcrumbList\",\"@id\":\"https:\/\/franciscanos.org.br\/noticias\/fimda-celebra-ordenacao-de-quatro-novos-presbiteros.html#breadcrumb\",\"itemListElement\":[{\"@type\":\"ListItem\",\"position\":1,\"name\":\"Home\",\"item\":\"https:\/\/franciscanos.org.br\/noticias\"},{\"@type\":\"ListItem\",\"position\":2,\"name\":\"FIMDA celebra Ordena\u00e7\u00e3o de quatro novos Presb\u00edteros\"}]},{\"@type\":\"Person\",\"@id\":\"https:\/\/franciscanos.org.br\/noticias\/#\/schema\/person\/d9422e83121c3ad3b0f423d195f5bb25\",\"name\":\"Adriana Rabelo\",\"image\":{\"@type\":\"ImageObject\",\"inLanguage\":\"pt-BR\",\"@id\":\"https:\/\/franciscanos.org.br\/noticias\/#\/schema\/person\/image\/\",\"url\":\"https:\/\/secure.gravatar.com\/avatar\/0a937b7500cd7df77540cfb8bede877d?s=96&d=mm&r=g\",\"contentUrl\":\"https:\/\/secure.gravatar.com\/avatar\/0a937b7500cd7df77540cfb8bede877d?s=96&d=mm&r=g\",\"caption\":\"Adriana Rabelo\"},\"url\":\"https:\/\/franciscanos.org.br\/noticias\/author\/adrianarabelo\"}]}<\/script>\n<!-- \/ Yoast SEO plugin. -->","yoast_head_json":{"title":"FIMDA celebra Ordena\u00e7\u00e3o de quatro novos Presb\u00edteros - Not\u00edcias - Franciscanos","robots":{"index":"index","follow":"follow","max-snippet":"max-snippet:-1","max-image-preview":"max-image-preview:large","max-video-preview":"max-video-preview:-1"},"canonical":"https:\/\/franciscanos.org.br\/noticias\/fimda-celebra-ordenacao-de-quatro-novos-presbiteros.html","og_locale":"pt_BR","og_type":"article","og_title":"FIMDA celebra Ordena\u00e7\u00e3o de quatro novos Presb\u00edteros - Not\u00edcias - Franciscanos","og_description":"Ordena\u00e7\u00e3o Presbiteral Angola","og_url":"https:\/\/franciscanos.org.br\/noticias\/fimda-celebra-ordenacao-de-quatro-novos-presbiteros.html","og_site_name":"Not\u00edcias - Franciscanos","article_published_time":"2025-07-30T18:17:34+00:00","article_modified_time":"2025-07-30T22:01:55+00:00","og_image":[{"width":800,"height":550,"url":"https:\/\/franciscanos.org.br\/noticias\/wp-content\/uploads\/2025\/07\/chamada-17.png","type":"image\/png"}],"author":"Adriana Rabelo","twitter_card":"summary_large_image","twitter_misc":{"Escrito por":"Adriana Rabelo","Est. tempo de leitura":"6 minutos"},"schema":{"@context":"https:\/\/schema.org","@graph":[{"@type":"WebSite","@id":"https:\/\/franciscanos.org.br\/noticias\/#website","url":"https:\/\/franciscanos.org.br\/noticias\/","name":"Not\u00edcias - Franciscanos","description":"Prov\u00edncia Franciscana da Imaculada Concei\u00e7\u00e3o do Brasil - Ordem dos Frades Menores - OFM","potentialAction":[{"@type":"SearchAction","target":{"@type":"EntryPoint","urlTemplate":"https:\/\/franciscanos.org.br\/noticias\/?s={search_term_string}"},"query-input":"required name=search_term_string"}],"inLanguage":"pt-BR"},{"@type":"ImageObject","inLanguage":"pt-BR","@id":"https:\/\/franciscanos.org.br\/noticias\/fimda-celebra-ordenacao-de-quatro-novos-presbiteros.html#primaryimage","url":"https:\/\/franciscanos.org.br\/noticias\/wp-content\/uploads\/2025\/07\/chamada-17.png","contentUrl":"https:\/\/franciscanos.org.br\/noticias\/wp-content\/uploads\/2025\/07\/chamada-17.png","width":800,"height":550},{"@type":"WebPage","@id":"https:\/\/franciscanos.org.br\/noticias\/fimda-celebra-ordenacao-de-quatro-novos-presbiteros.html#webpage","url":"https:\/\/franciscanos.org.br\/noticias\/fimda-celebra-ordenacao-de-quatro-novos-presbiteros.html","name":"FIMDA celebra Ordena\u00e7\u00e3o de quatro novos Presb\u00edteros - Not\u00edcias - Franciscanos","isPartOf":{"@id":"https:\/\/franciscanos.org.br\/noticias\/#website"},"primaryImageOfPage":{"@id":"https:\/\/franciscanos.org.br\/noticias\/fimda-celebra-ordenacao-de-quatro-novos-presbiteros.html#primaryimage"},"datePublished":"2025-07-30T18:17:34+00:00","dateModified":"2025-07-30T22:01:55+00:00","author":{"@id":"https:\/\/franciscanos.org.br\/noticias\/#\/schema\/person\/d9422e83121c3ad3b0f423d195f5bb25"},"breadcrumb":{"@id":"https:\/\/franciscanos.org.br\/noticias\/fimda-celebra-ordenacao-de-quatro-novos-presbiteros.html#breadcrumb"},"inLanguage":"pt-BR","potentialAction":[{"@type":"ReadAction","target":["https:\/\/franciscanos.org.br\/noticias\/fimda-celebra-ordenacao-de-quatro-novos-presbiteros.html"]}]},{"@type":"BreadcrumbList","@id":"https:\/\/franciscanos.org.br\/noticias\/fimda-celebra-ordenacao-de-quatro-novos-presbiteros.html#breadcrumb","itemListElement":[{"@type":"ListItem","position":1,"name":"Home","item":"https:\/\/franciscanos.org.br\/noticias"},{"@type":"ListItem","position":2,"name":"FIMDA celebra Ordena\u00e7\u00e3o de quatro novos Presb\u00edteros"}]},{"@type":"Person","@id":"https:\/\/franciscanos.org.br\/noticias\/#\/schema\/person\/d9422e83121c3ad3b0f423d195f5bb25","name":"Adriana Rabelo","image":{"@type":"ImageObject","inLanguage":"pt-BR","@id":"https:\/\/franciscanos.org.br\/noticias\/#\/schema\/person\/image\/","url":"https:\/\/secure.gravatar.com\/avatar\/0a937b7500cd7df77540cfb8bede877d?s=96&d=mm&r=g","contentUrl":"https:\/\/secure.gravatar.com\/avatar\/0a937b7500cd7df77540cfb8bede877d?s=96&d=mm&r=g","caption":"Adriana Rabelo"},"url":"https:\/\/franciscanos.org.br\/noticias\/author\/adrianarabelo"}]}},"_links":{"self":[{"href":"https:\/\/franciscanos.org.br\/noticias\/wp-json\/wp\/v2\/posts\/259052"}],"collection":[{"href":"https:\/\/franciscanos.org.br\/noticias\/wp-json\/wp\/v2\/posts"}],"about":[{"href":"https:\/\/franciscanos.org.br\/noticias\/wp-json\/wp\/v2\/types\/post"}],"author":[{"embeddable":true,"href":"https:\/\/franciscanos.org.br\/noticias\/wp-json\/wp\/v2\/users\/11"}],"replies":[{"embeddable":true,"href":"https:\/\/franciscanos.org.br\/noticias\/wp-json\/wp\/v2\/comments?post=259052"}],"version-history":[{"count":12,"href":"https:\/\/franciscanos.org.br\/noticias\/wp-json\/wp\/v2\/posts\/259052\/revisions"}],"predecessor-version":[{"id":259069,"href":"https:\/\/franciscanos.org.br\/noticias\/wp-json\/wp\/v2\/posts\/259052\/revisions\/259069"}],"wp:featuredmedia":[{"embeddable":true,"href":"https:\/\/franciscanos.org.br\/noticias\/wp-json\/wp\/v2\/media\/259054"}],"wp:attachment":[{"href":"https:\/\/franciscanos.org.br\/noticias\/wp-json\/wp\/v2\/media?parent=259052"}],"wp:term":[{"taxonomy":"category","embeddable":true,"href":"https:\/\/franciscanos.org.br\/noticias\/wp-json\/wp\/v2\/categories?post=259052"},{"taxonomy":"post_tag","embeddable":true,"href":"https:\/\/franciscanos.org.br\/noticias\/wp-json\/wp\/v2\/tags?post=259052"}],"curies":[{"name":"wp","href":"https:\/\/api.w.org\/{rel}","templated":true}]}}