{"id":259046,"date":"2025-07-30T07:22:27","date_gmt":"2025-07-30T10:22:27","guid":{"rendered":"https:\/\/franciscanos.org.br\/noticias\/?p=259046"},"modified":"2025-07-30T07:22:27","modified_gmt":"2025-07-30T10:22:27","slug":"o-papa-bulimia-de-ligacoes-nas-redes-sociais-comunicar-com-honestidade-e-prudencia","status":"publish","type":"post","link":"https:\/\/franciscanos.org.br\/noticias\/o-papa-bulimia-de-ligacoes-nas-redes-sociais-comunicar-com-honestidade-e-prudencia.html","title":{"rendered":"O Papa: \u201cbulimia\u201d de liga\u00e7\u00f5es nas redes sociais, comunicar com honestidade e prud\u00eancia"},"content":{"rendered":"<p><img loading=\"lazy\" class=\"aligncenter wp-image-259047 size-full\" src=\"https:\/\/franciscanos.org.br\/noticias\/wp-content\/uploads\/2025\/07\/MATERIA-AUDIENCIA-30.07.png\" alt=\"\" width=\"1280\" height=\"720\" srcset=\"https:\/\/franciscanos.org.br\/noticias\/wp-content\/uploads\/2025\/07\/MATERIA-AUDIENCIA-30.07.png 1280w, https:\/\/franciscanos.org.br\/noticias\/wp-content\/uploads\/2025\/07\/MATERIA-AUDIENCIA-30.07-450x253.png 450w, https:\/\/franciscanos.org.br\/noticias\/wp-content\/uploads\/2025\/07\/MATERIA-AUDIENCIA-30.07-1024x576.png 1024w, https:\/\/franciscanos.org.br\/noticias\/wp-content\/uploads\/2025\/07\/MATERIA-AUDIENCIA-30.07-768x432.png 768w, https:\/\/franciscanos.org.br\/noticias\/wp-content\/uploads\/2025\/07\/MATERIA-AUDIENCIA-30.07-150x84.png 150w\" sizes=\"(max-width: 1280px) 100vw, 1280px\" \/><\/p>\n<p>O Papa Le\u00e3o XIV retomou as Audi\u00eancias Gerais, nesta quarta-feira (30\/07), ap\u00f3s as f\u00e9rias de ver\u00e3o em que o Pont\u00edfice passou alguns dias de descanso em Castel Gandolfo e em meio ao Jubileu dos Jovens em andamento.<\/p>\n<p>&#8220;Com esta catequese conclu\u00edmos o nosso percurso sobre a vida p\u00fablica de Jesus, feita de encontros, par\u00e1bolas e curas&#8221;, disse o Papa no in\u00edcio de sua catequese proferida aos fi\u00e9is presentes na Pra\u00e7a S\u00e3o Pedro.<\/p>\n<p>De acordo com o Papa, &#8220;este tempo em que vivemos tamb\u00e9m exige cura. O nosso mundo est\u00e1 impregnado por um clima de viol\u00eancia e \u00f3dio que mortifica a dignidade humana&#8221;.<\/p>\n<p><i>Vivemos numa sociedade que est\u00e1 adoecendo com uma \u201cbulimia\u201d de liga\u00e7\u00f5es nas redes sociais: estamos hiperconectados, bombardeados por imagens, por vezes at\u00e9 falsas ou distorcidas. Somos inundados por m\u00faltiplas mensagens que despertam em n\u00f3s uma tempestade de emo\u00e7\u00f5es contradit\u00f3rias.<\/i><\/p>\n<p>&#8220;Neste cen\u00e1rio, podemos sentir vontade de desligar tudo. Podemos at\u00e9 preferir n\u00e3o ouvir nada&#8221;, ressaltou o Pont\u00edfice. Segundo ele, &#8220;at\u00e9 as nossas palavras correm o risco de serem mal interpretadas, e podemos ser tentados a isolar-nos no sil\u00eancio, a uma falta de comunica\u00e7\u00e3o onde, por mais pr\u00f3ximos que estejamos, j\u00e1 n\u00e3o conseguimos expressar as coisas mais simples e profundas&#8221;.<\/p>\n<p>A seguir, o Papa concentrou-se num texto do Evangelho de Marcos que nos apresenta um homem que n\u00e3o fala nem ouve. &#8220;N\u00e3o \u00e9 ele que vai ter com Jesus para ser curado, mas \u00e9 levado por outras pessoas&#8221;, disse ainda o Pont\u00edfice, sublinhando que &#8220;a comunidade crist\u00e3 viu nessas pessoas a imagem da Igreja, que acompanha cada homem a Jesus para que Ele ou\u00e7a a sua palavra&#8221;.<\/p>\n<p>&#8220;Jesus oferece-lhe, antes de tudo, uma proximidade silenciosa, atrav\u00e9s de gestos que falam de um encontro profundo: toca os ouvidos e a l\u00edngua deste homem. Jesus n\u00e3o usa muitas palavras; diz a \u00fanica coisa de que precisa naquele momento: \u201cAbre-te!\u201d. Marcos relata a palavra em aramaico, \u00e9feta, quase para nos fazer ouvir o seu som e a sua respira\u00e7\u00e3o como se fosse \u201cviver\u201d&#8221;, disse Le\u00e3o XIV, acrescentando:<\/p>\n<p><i>Esta palavra simples e bela cont\u00e9m o convite que Jesus dirige a este homem que deixou de ouvir e falar. \u00c9 como se Jesus lhe dissesse: \u201cAbre-te a este mundo que te assusta! Abre-te \u00e0s rela\u00e7\u00f5es que te desiludiram! Abre-te \u00e0 vida que desististe de enfrentar!\u201d. De fato, fechar-se nunca \u00e9 uma solu\u00e7\u00e3o.<\/i><\/p>\n<p>&#8220;Ap\u00f3s o encontro com Jesus, essa pessoa n\u00e3o s\u00f3 volta a falar, como o faz \u201cperfeitamente\u201d. Este adv\u00e9rbio inserido pelo evangelista parece dizer-nos algo mais sobre os motivos do seu sil\u00eancio. Talvez este homem tenha parado de falar porque sentiu que estava a dizer as coisas de forma incorreta, talvez se sentisse inadequado&#8221;, frisou o Papa.<\/p>\n<p><i>Todos n\u00f3s passamos pela experi\u00eancia de sermos incompreendidos e n\u00e3o nos sentirmos bem compreendidos. Todos n\u00f3s precisamos pedir ao Senhor que cure a nossa forma de comunicar, n\u00e3o s\u00f3 para sermos mais eficazes, mas tamb\u00e9m para evitarmos magoar os outros com as nossas palavras.<\/i><\/p>\n<p>&#8220;Voltar a falar perfeitamente \u00e9 o in\u00edcio de uma viagem, mas n\u00e3o ainda o fim. De fato, Jesus pro\u00edbe aquele homem de contar o que lhe aconteceu. Para conhecermos verdadeiramente Jesus, precisamos caminhar, estar com Ele e tamb\u00e9m viver a Sua Paix\u00e3o. Quando o tivermos visto humilhado e em sofrimento, quando tivermos experimentado o poder salvador da Sua Cruz, ent\u00e3o poderemos dizer que o conhecemos verdadeiramente. N\u00e3o h\u00e1 atalhos para nos tornarmos disc\u00edpulos de Jesus&#8221;, disse ainda Le\u00e3o XIV.<\/p>\n<p>&#8220;Queridos irm\u00e3os e irm\u00e3s, pe\u00e7amos ao Senhor que nos ensine a comunicar com honestidade e prud\u00eancia. Rezemos por todos aqueles que foram magoados pelas palavras dos outros. Rezemos pela Igreja, para que nunca descure a sua tarefa de levar as pessoas a Jesus, para que ou\u00e7am a Sua Palavra, sejam curadas por ela e, por sua vez, se tornem portadoras da sua mensagem de salva\u00e7\u00e3o&#8221;, concluiu o Papa.<\/p>\n<hr \/>\n<p><em>Mariangela Jaguraba \u2013 Vatican News<\/em><\/p>\n","protected":false},"excerpt":{"rendered":"<p>Audi\u00eancia Geral<\/p>\n","protected":false},"author":11,"featured_media":259048,"comment_status":"open","ping_status":"open","sticky":false,"template":"","format":"standard","meta":[],"categories":[1,1428],"tags":[2343],"acf":[],"yoast_head":"<!-- This site is optimized with the Yoast SEO plugin v19.2 - https:\/\/yoast.com\/wordpress\/plugins\/seo\/ -->\n<title>O Papa: \u201cbulimia\u201d de liga\u00e7\u00f5es nas redes sociais, comunicar com honestidade e prud\u00eancia - Not\u00edcias - Franciscanos<\/title>\n<meta name=\"robots\" content=\"index, follow, max-snippet:-1, max-image-preview:large, max-video-preview:-1\" \/>\n<link rel=\"canonical\" href=\"https:\/\/franciscanos.org.br\/noticias\/o-papa-bulimia-de-ligacoes-nas-redes-sociais-comunicar-com-honestidade-e-prudencia.html\" \/>\n<meta property=\"og:locale\" content=\"pt_BR\" \/>\n<meta property=\"og:type\" content=\"article\" \/>\n<meta property=\"og:title\" content=\"O Papa: \u201cbulimia\u201d de liga\u00e7\u00f5es nas redes sociais, comunicar com honestidade e prud\u00eancia - Not\u00edcias - Franciscanos\" \/>\n<meta property=\"og:description\" content=\"Audi\u00eancia Geral\" \/>\n<meta property=\"og:url\" content=\"https:\/\/franciscanos.org.br\/noticias\/o-papa-bulimia-de-ligacoes-nas-redes-sociais-comunicar-com-honestidade-e-prudencia.html\" \/>\n<meta property=\"og:site_name\" content=\"Not\u00edcias - Franciscanos\" \/>\n<meta property=\"article:published_time\" content=\"2025-07-30T10:22:27+00:00\" \/>\n<meta property=\"og:image\" content=\"https:\/\/franciscanos.org.br\/noticias\/wp-content\/uploads\/2025\/07\/CHAMADA-16.png\" \/>\n\t<meta property=\"og:image:width\" content=\"800\" \/>\n\t<meta property=\"og:image:height\" content=\"550\" \/>\n\t<meta property=\"og:image:type\" content=\"image\/png\" \/>\n<meta name=\"author\" content=\"Adriana Rabelo\" \/>\n<meta name=\"twitter:card\" content=\"summary_large_image\" \/>\n<meta name=\"twitter:label1\" content=\"Escrito por\" \/>\n\t<meta name=\"twitter:data1\" content=\"Adriana Rabelo\" \/>\n\t<meta name=\"twitter:label2\" content=\"Est. tempo de leitura\" \/>\n\t<meta name=\"twitter:data2\" content=\"3 minutos\" \/>\n<script type=\"application\/ld+json\" class=\"yoast-schema-graph\">{\"@context\":\"https:\/\/schema.org\",\"@graph\":[{\"@type\":\"WebSite\",\"@id\":\"https:\/\/franciscanos.org.br\/noticias\/#website\",\"url\":\"https:\/\/franciscanos.org.br\/noticias\/\",\"name\":\"Not\u00edcias - Franciscanos\",\"description\":\"Prov\u00edncia Franciscana da Imaculada Concei\u00e7\u00e3o do Brasil - Ordem dos Frades Menores - OFM\",\"potentialAction\":[{\"@type\":\"SearchAction\",\"target\":{\"@type\":\"EntryPoint\",\"urlTemplate\":\"https:\/\/franciscanos.org.br\/noticias\/?s={search_term_string}\"},\"query-input\":\"required name=search_term_string\"}],\"inLanguage\":\"pt-BR\"},{\"@type\":\"ImageObject\",\"inLanguage\":\"pt-BR\",\"@id\":\"https:\/\/franciscanos.org.br\/noticias\/o-papa-bulimia-de-ligacoes-nas-redes-sociais-comunicar-com-honestidade-e-prudencia.html#primaryimage\",\"url\":\"https:\/\/franciscanos.org.br\/noticias\/wp-content\/uploads\/2025\/07\/CHAMADA-16.png\",\"contentUrl\":\"https:\/\/franciscanos.org.br\/noticias\/wp-content\/uploads\/2025\/07\/CHAMADA-16.png\",\"width\":800,\"height\":550},{\"@type\":\"WebPage\",\"@id\":\"https:\/\/franciscanos.org.br\/noticias\/o-papa-bulimia-de-ligacoes-nas-redes-sociais-comunicar-com-honestidade-e-prudencia.html#webpage\",\"url\":\"https:\/\/franciscanos.org.br\/noticias\/o-papa-bulimia-de-ligacoes-nas-redes-sociais-comunicar-com-honestidade-e-prudencia.html\",\"name\":\"O Papa: \u201cbulimia\u201d de liga\u00e7\u00f5es nas redes sociais, comunicar com honestidade e prud\u00eancia - Not\u00edcias - Franciscanos\",\"isPartOf\":{\"@id\":\"https:\/\/franciscanos.org.br\/noticias\/#website\"},\"primaryImageOfPage\":{\"@id\":\"https:\/\/franciscanos.org.br\/noticias\/o-papa-bulimia-de-ligacoes-nas-redes-sociais-comunicar-com-honestidade-e-prudencia.html#primaryimage\"},\"datePublished\":\"2025-07-30T10:22:27+00:00\",\"dateModified\":\"2025-07-30T10:22:27+00:00\",\"author\":{\"@id\":\"https:\/\/franciscanos.org.br\/noticias\/#\/schema\/person\/d9422e83121c3ad3b0f423d195f5bb25\"},\"breadcrumb\":{\"@id\":\"https:\/\/franciscanos.org.br\/noticias\/o-papa-bulimia-de-ligacoes-nas-redes-sociais-comunicar-com-honestidade-e-prudencia.html#breadcrumb\"},\"inLanguage\":\"pt-BR\",\"potentialAction\":[{\"@type\":\"ReadAction\",\"target\":[\"https:\/\/franciscanos.org.br\/noticias\/o-papa-bulimia-de-ligacoes-nas-redes-sociais-comunicar-com-honestidade-e-prudencia.html\"]}]},{\"@type\":\"BreadcrumbList\",\"@id\":\"https:\/\/franciscanos.org.br\/noticias\/o-papa-bulimia-de-ligacoes-nas-redes-sociais-comunicar-com-honestidade-e-prudencia.html#breadcrumb\",\"itemListElement\":[{\"@type\":\"ListItem\",\"position\":1,\"name\":\"Home\",\"item\":\"https:\/\/franciscanos.org.br\/noticias\"},{\"@type\":\"ListItem\",\"position\":2,\"name\":\"O Papa: \u201cbulimia\u201d de liga\u00e7\u00f5es nas redes sociais, comunicar com honestidade e prud\u00eancia\"}]},{\"@type\":\"Person\",\"@id\":\"https:\/\/franciscanos.org.br\/noticias\/#\/schema\/person\/d9422e83121c3ad3b0f423d195f5bb25\",\"name\":\"Adriana Rabelo\",\"image\":{\"@type\":\"ImageObject\",\"inLanguage\":\"pt-BR\",\"@id\":\"https:\/\/franciscanos.org.br\/noticias\/#\/schema\/person\/image\/\",\"url\":\"https:\/\/secure.gravatar.com\/avatar\/0a937b7500cd7df77540cfb8bede877d?s=96&d=mm&r=g\",\"contentUrl\":\"https:\/\/secure.gravatar.com\/avatar\/0a937b7500cd7df77540cfb8bede877d?s=96&d=mm&r=g\",\"caption\":\"Adriana Rabelo\"},\"url\":\"https:\/\/franciscanos.org.br\/noticias\/author\/adrianarabelo\"}]}<\/script>\n<!-- \/ Yoast SEO plugin. -->","yoast_head_json":{"title":"O Papa: \u201cbulimia\u201d de liga\u00e7\u00f5es nas redes sociais, comunicar com honestidade e prud\u00eancia - Not\u00edcias - Franciscanos","robots":{"index":"index","follow":"follow","max-snippet":"max-snippet:-1","max-image-preview":"max-image-preview:large","max-video-preview":"max-video-preview:-1"},"canonical":"https:\/\/franciscanos.org.br\/noticias\/o-papa-bulimia-de-ligacoes-nas-redes-sociais-comunicar-com-honestidade-e-prudencia.html","og_locale":"pt_BR","og_type":"article","og_title":"O Papa: \u201cbulimia\u201d de liga\u00e7\u00f5es nas redes sociais, comunicar com honestidade e prud\u00eancia - Not\u00edcias - Franciscanos","og_description":"Audi\u00eancia Geral","og_url":"https:\/\/franciscanos.org.br\/noticias\/o-papa-bulimia-de-ligacoes-nas-redes-sociais-comunicar-com-honestidade-e-prudencia.html","og_site_name":"Not\u00edcias - Franciscanos","article_published_time":"2025-07-30T10:22:27+00:00","og_image":[{"width":800,"height":550,"url":"https:\/\/franciscanos.org.br\/noticias\/wp-content\/uploads\/2025\/07\/CHAMADA-16.png","type":"image\/png"}],"author":"Adriana Rabelo","twitter_card":"summary_large_image","twitter_misc":{"Escrito por":"Adriana Rabelo","Est. tempo de leitura":"3 minutos"},"schema":{"@context":"https:\/\/schema.org","@graph":[{"@type":"WebSite","@id":"https:\/\/franciscanos.org.br\/noticias\/#website","url":"https:\/\/franciscanos.org.br\/noticias\/","name":"Not\u00edcias - Franciscanos","description":"Prov\u00edncia Franciscana da Imaculada Concei\u00e7\u00e3o do Brasil - Ordem dos Frades Menores - OFM","potentialAction":[{"@type":"SearchAction","target":{"@type":"EntryPoint","urlTemplate":"https:\/\/franciscanos.org.br\/noticias\/?s={search_term_string}"},"query-input":"required name=search_term_string"}],"inLanguage":"pt-BR"},{"@type":"ImageObject","inLanguage":"pt-BR","@id":"https:\/\/franciscanos.org.br\/noticias\/o-papa-bulimia-de-ligacoes-nas-redes-sociais-comunicar-com-honestidade-e-prudencia.html#primaryimage","url":"https:\/\/franciscanos.org.br\/noticias\/wp-content\/uploads\/2025\/07\/CHAMADA-16.png","contentUrl":"https:\/\/franciscanos.org.br\/noticias\/wp-content\/uploads\/2025\/07\/CHAMADA-16.png","width":800,"height":550},{"@type":"WebPage","@id":"https:\/\/franciscanos.org.br\/noticias\/o-papa-bulimia-de-ligacoes-nas-redes-sociais-comunicar-com-honestidade-e-prudencia.html#webpage","url":"https:\/\/franciscanos.org.br\/noticias\/o-papa-bulimia-de-ligacoes-nas-redes-sociais-comunicar-com-honestidade-e-prudencia.html","name":"O Papa: \u201cbulimia\u201d de liga\u00e7\u00f5es nas redes sociais, comunicar com honestidade e prud\u00eancia - Not\u00edcias - Franciscanos","isPartOf":{"@id":"https:\/\/franciscanos.org.br\/noticias\/#website"},"primaryImageOfPage":{"@id":"https:\/\/franciscanos.org.br\/noticias\/o-papa-bulimia-de-ligacoes-nas-redes-sociais-comunicar-com-honestidade-e-prudencia.html#primaryimage"},"datePublished":"2025-07-30T10:22:27+00:00","dateModified":"2025-07-30T10:22:27+00:00","author":{"@id":"https:\/\/franciscanos.org.br\/noticias\/#\/schema\/person\/d9422e83121c3ad3b0f423d195f5bb25"},"breadcrumb":{"@id":"https:\/\/franciscanos.org.br\/noticias\/o-papa-bulimia-de-ligacoes-nas-redes-sociais-comunicar-com-honestidade-e-prudencia.html#breadcrumb"},"inLanguage":"pt-BR","potentialAction":[{"@type":"ReadAction","target":["https:\/\/franciscanos.org.br\/noticias\/o-papa-bulimia-de-ligacoes-nas-redes-sociais-comunicar-com-honestidade-e-prudencia.html"]}]},{"@type":"BreadcrumbList","@id":"https:\/\/franciscanos.org.br\/noticias\/o-papa-bulimia-de-ligacoes-nas-redes-sociais-comunicar-com-honestidade-e-prudencia.html#breadcrumb","itemListElement":[{"@type":"ListItem","position":1,"name":"Home","item":"https:\/\/franciscanos.org.br\/noticias"},{"@type":"ListItem","position":2,"name":"O Papa: \u201cbulimia\u201d de liga\u00e7\u00f5es nas redes sociais, comunicar com honestidade e prud\u00eancia"}]},{"@type":"Person","@id":"https:\/\/franciscanos.org.br\/noticias\/#\/schema\/person\/d9422e83121c3ad3b0f423d195f5bb25","name":"Adriana Rabelo","image":{"@type":"ImageObject","inLanguage":"pt-BR","@id":"https:\/\/franciscanos.org.br\/noticias\/#\/schema\/person\/image\/","url":"https:\/\/secure.gravatar.com\/avatar\/0a937b7500cd7df77540cfb8bede877d?s=96&d=mm&r=g","contentUrl":"https:\/\/secure.gravatar.com\/avatar\/0a937b7500cd7df77540cfb8bede877d?s=96&d=mm&r=g","caption":"Adriana Rabelo"},"url":"https:\/\/franciscanos.org.br\/noticias\/author\/adrianarabelo"}]}},"_links":{"self":[{"href":"https:\/\/franciscanos.org.br\/noticias\/wp-json\/wp\/v2\/posts\/259046"}],"collection":[{"href":"https:\/\/franciscanos.org.br\/noticias\/wp-json\/wp\/v2\/posts"}],"about":[{"href":"https:\/\/franciscanos.org.br\/noticias\/wp-json\/wp\/v2\/types\/post"}],"author":[{"embeddable":true,"href":"https:\/\/franciscanos.org.br\/noticias\/wp-json\/wp\/v2\/users\/11"}],"replies":[{"embeddable":true,"href":"https:\/\/franciscanos.org.br\/noticias\/wp-json\/wp\/v2\/comments?post=259046"}],"version-history":[{"count":2,"href":"https:\/\/franciscanos.org.br\/noticias\/wp-json\/wp\/v2\/posts\/259046\/revisions"}],"predecessor-version":[{"id":259050,"href":"https:\/\/franciscanos.org.br\/noticias\/wp-json\/wp\/v2\/posts\/259046\/revisions\/259050"}],"wp:featuredmedia":[{"embeddable":true,"href":"https:\/\/franciscanos.org.br\/noticias\/wp-json\/wp\/v2\/media\/259048"}],"wp:attachment":[{"href":"https:\/\/franciscanos.org.br\/noticias\/wp-json\/wp\/v2\/media?parent=259046"}],"wp:term":[{"taxonomy":"category","embeddable":true,"href":"https:\/\/franciscanos.org.br\/noticias\/wp-json\/wp\/v2\/categories?post=259046"},{"taxonomy":"post_tag","embeddable":true,"href":"https:\/\/franciscanos.org.br\/noticias\/wp-json\/wp\/v2\/tags?post=259046"}],"curies":[{"name":"wp","href":"https:\/\/api.w.org\/{rel}","templated":true}]}}