{"id":25904,"date":"2012-10-07T13:00:53","date_gmt":"2012-10-07T16:00:53","guid":{"rendered":"http:\/\/new.franciscanos.org.br\/?p=25904"},"modified":"2021-07-05T19:52:02","modified_gmt":"2021-07-05T22:52:02","slug":"frei-joao-francisco-esta-pronto-para-o-pastoreio","status":"publish","type":"post","link":"https:\/\/franciscanos.org.br\/noticias\/frei-joao-francisco-esta-pronto-para-o-pastoreio.html","title":{"rendered":"Frei Jo\u00e3o Francisco est\u00e1 pronto para o pastoreio"},"content":{"rendered":"<p><img loading=\"lazy\" class=\"alignnone wp-image-229168 size-full\" src=\"https:\/\/franciscanos.org.br\/noticias\/wp-content\/uploads\/2012\/10\/joao_1.jpg\" alt=\"\" width=\"1280\" height=\"880\" srcset=\"https:\/\/franciscanos.org.br\/noticias\/wp-content\/uploads\/2012\/10\/joao_1.jpg 1280w, https:\/\/franciscanos.org.br\/noticias\/wp-content\/uploads\/2012\/10\/joao_1-450x309.jpg 450w, https:\/\/franciscanos.org.br\/noticias\/wp-content\/uploads\/2012\/10\/joao_1-1024x704.jpg 1024w, https:\/\/franciscanos.org.br\/noticias\/wp-content\/uploads\/2012\/10\/joao_1-768x528.jpg 768w, https:\/\/franciscanos.org.br\/noticias\/wp-content\/uploads\/2012\/10\/joao_1-150x103.jpg 150w, https:\/\/franciscanos.org.br\/noticias\/wp-content\/uploads\/2012\/10\/joao_1-320x220.jpg 320w\" sizes=\"(max-width: 1280px) 100vw, 1280px\" \/><\/p>\n<p><strong>Moacir Beggo<\/strong><\/p>\n<p><strong>S\u00e3o Paulo (SP)<\/strong> &#8211; \u00a0Todo o simbolismo da par\u00e1bola do Bom Pastor marcou a ordena\u00e7\u00e3o presbiteral de Frei Jo\u00e3o Francisco da Silva, no s\u00e1bado (6\/10), \u00e0s 18 horas, na Par\u00f3quia Nossa Senhora de F\u00e1tima e S\u00e3o Roque, na Vila Tolst\u00f3i, em S\u00e3o Paulo.<\/p>\n<p>A Igreja e Fraternidade dos Frades Capuchinhos abriram suas portas para receber os Frades Menores da Prov\u00edncia da Imaculada Concei\u00e7\u00e3o e o seu confrade Frei Jo\u00e3o Francisco, que foi ordenado presb\u00edtero pelas m\u00e3os do bispo franciscano de \u00d3bidos (PA), Dom Bernardo Johannes Bahlmann.<\/p>\n<p>O Ministro Provincial, Frei Fid\u00eancio Vanboemmel, fez o pedido a D. Bernardo no in\u00edcio do rito da ordena\u00e7\u00e3o para que ordenasse Frei Jo\u00e3o Francisco. Al\u00e9m da Fraternidade Capuchinha, de seus confrades , religiosos e religiosas, os postulantes do Semin\u00e1rio Frei Galv\u00e3o, onde Frei Jo\u00e3o Francisco \u00e9 orientador, a fam\u00edlia do ordenando marcou presen\u00e7a junto com a m\u00e3e, Dona Maria Lindete da Silva.<\/p>\n<p><a href=\"http:\/\/franciscanos.org.br\/wp-content\/uploads\/2012\/10\/meio22.jpg\"><img loading=\"lazy\" class=\"alignright size-full wp-image-25918\" title=\"meio2\" src=\"http:\/\/franciscanos.org.br\/wp-content\/uploads\/2012\/10\/meio22.jpg\" alt=\"\" width=\"337\" height=\"600\" \/><\/a>A escolha do bispo ordenante de Frei Jo\u00e3o Francisco tinha um motivo especial. Dom Bernardo era o guardi\u00e3o do Convento S\u00e3o Francisco, em S\u00e3o Paulo, quando o jovem Jo\u00e3o Francisco procurou os frades para pedir orienta\u00e7\u00e3o vocacional.<\/p>\n<p>Esse gesto alegrou muito o bispo, que deixou sua diocese na Amaz\u00f4nia para ordenar o confrade. &#8220;Muito obrigado pelo convite de poder estar aqui na minha Prov\u00edncia de origem. Confesso que muitas vezes sinto saudades do meu tempo na Prov\u00edncia&#8221;, revelou.<\/p>\n<p>Dom Bernardo lembrou que toda a liturgia do dia estava carregada com o simbolismo da par\u00e1bola do Bom Pastor. A come\u00e7ar pelo lema escolhido por Frei Jo\u00e3o Francisco: &#8220;O Senhor \u00e9 o Pastor que me conduz, n\u00e3o me falta coisa alguma&#8221;.<\/p>\n<p>&#8220;Essa imagem do Bom Pastor expressa justamente o minist\u00e9rio presbiteral. O sacerdote \u00e9 aquele que carrega os mais fr\u00e1geis, os desprotegidos, os perdidos, e olha que n\u00e3o s\u00e3o poucos os que est\u00e3o perdidos neste mundo t\u00e3o complexo! Por isso, o sacerdote \u00e9 hoje um referencial onde as pessoas procuram al\u00edvio, onde possam encontrar os ombros do Bom Pastor para nos ajudar nos momentos que precisamos&#8221;, ressaltou.<\/p>\n<p>No meio da homilia, Dom Bernardo pediu \u00e0s Irm\u00e3s Franciscanas da A\u00e7\u00e3o Pastoral que levantassem para apresent\u00e1-las ao povo. E explicou: Frei Jo\u00e3o Francisco foi professor no col\u00e9gio das irm\u00e3s, que t\u00eam como s\u00edmbolo o Bom Pastor. &#8220;Se voc\u00eas observarem o tau que elas usam, h\u00e1 o s\u00edmbolo de um b\u00e1culo, porque elas t\u00eam como carisma o pastoreio, o Bom Pastor. Com certeza, Frei Jo\u00e3o Francisco, esse esp\u00edrito que havia no Col\u00e9gio onde voc\u00ea era professor o absorveu. E quem sabe n\u00e3o foi isso que aconteceu quando voc\u00ea procurou os frades no Convento S\u00e3o Francisco?&#8221;, perguntou o bispo de \u00d3bidos.<\/p>\n<p>Dom Bernardo deixou uma mensagem para Frei Jo\u00e3o Francisco, lembrando que o p\u00e1roco de sua cidade natal disse que o presb\u00edtero, quando celebrasse a Missa, deveria desaparecer para o Cristo ficar em primeiro plano. &#8220;Essa \u00e9 nossa fun\u00e7\u00e3o de padre. N\u00f3s deveremos desaparecer para o Cristo aparecer&#8221;.<\/p>\n<p>Terminada a homilia teve in\u00edcio o rito de ordena\u00e7\u00e3o\u00a0 (<strong><a href=\"http:\/\/franciscanos.org.br\/?p=25899\" target=\"_blank\" rel=\"noopener noreferrer\">clique aqui e veja como \u00e9 o rito<\/a><\/strong>). Frei Jo\u00e3o Francisco\u00a0 foi revestido das vestes lit\u00fargicas por Frei Daniel Dallandrea, guardi\u00e3o da<\/p>\n<p>Fraternidade do Postulantado Frei Galv\u00e3o de Guaratinguet\u00e1 (SP). J\u00e1 como presb\u00edtero, Frei Jo\u00e3o recebeu o c\u00e1lice e patena de Dom Bernardo e, pela primeira vez, ele exerceu o seu minist\u00e9rio, concelebrando com o bispo e os presb\u00edteros.<\/p>\n<p><strong>\u00a0\u00a0AGRADECIMENTOS<\/strong><\/p>\n<p><a href=\"http:\/\/franciscanos.org.br\/wp-content\/uploads\/2012\/10\/joao_meio.jpg\"><img loading=\"lazy\" class=\"alignleft size-full wp-image-25922\" title=\"joao_meio\" src=\"http:\/\/franciscanos.org.br\/wp-content\/uploads\/2012\/10\/joao_meio.jpg\" alt=\"\" width=\"347\" height=\"600\" \/><\/a>O Ministro Provincial, Frei Fid\u00eancio Vanboemmel, agradeceu em nome dos frades da Prov\u00edncia da Imaculada a presen\u00e7a do bispo de \u00d3bidos, a acolhida dos Capuchinhos, a comunidade e a fam\u00edlia. &#8220;Eu fui mestre do Frei Jo\u00e3o Francisco no Noviciado. Hoje, mais do que nunca, entendi o referencial, m\u00e3e e irm\u00e3os, dos quais ele falava muito. Voc\u00eas foram, sem d\u00favida, o grande pano de fundo da hist\u00f3ria de vida, da voca\u00e7\u00e3o de Frei Jo\u00e3o Francisco. M\u00e3e, agora nossa m\u00e3e, irm\u00e3os e irm\u00e3s, nosso muito obrigado&#8221;, enfatizou.<\/p>\n<p>J\u00e1 o p\u00e1roco Frei Jos\u00e9 Carlos de Oliveira, em nome de seus confrades da Fraternidade (Frei Jos\u00e9 Sales Ramos e Frei Claudio Moraes Messias), agradeceu \u00e0 equipe mission\u00e1ria que durante quatro dias esteve na Par\u00f3quia e a Frei Jo\u00e3o Francisco: &#8220;Nos sentimos felizes por participar de sua hist\u00f3ria vocacional, sua hist\u00f3ria de f\u00e9. Foi aqui que foi batizado, recebeu a crisma e trabalhou pastoralmente, antes de fazer sua op\u00e7\u00e3o religiosa&#8221;.<\/p>\n<p>O novo presb\u00edtero agradeceu ao bispo, aos frades, amigos, \u00e0 comunidade, movimentos e pastorais. &#8220;Assim que eu procurei a Par\u00f3quia para organizar a minha ordena\u00e7\u00e3o, Frei Jos\u00e9 Carlos disse: &#8216;N\u00f3s suspendemos toda a nossa agenda e a estrutura \u00e9 de voc\u00eas&#8217;. Muito obrigado a voc\u00eas por isso. Me sinto muito \u00e0 vontade e me sinto em casa, como disse a mim Frei Juca. Realmente eu estou em casa&#8221;, agradeceu.<\/p>\n<p>At\u00e9 este momento, Frei Jo\u00e3o Francisco estava muito tranquilo e sereno. Mas n\u00e3o resistiu quando falou da import\u00e2ncia de sua fam\u00edlia na hist\u00f3ria vocacional, especialmente do papel de sua m\u00e3e.\u00a0 &#8220;Dizem que a voca\u00e7\u00e3o nasce do ber\u00e7o. Recordo-me da minha inf\u00e2ncia, quando v\u00ednhamos limpar a igreja e carreg\u00e1vamos baldes, tir\u00e1vamos o p\u00f3 dos bancos, &#8216;tudo para Deus&#8217;, como minha m\u00e3e dizia. Acho que era um pren\u00fancio desse minist\u00e9rio que hoje eu abra\u00e7o, o minist\u00e9rio do servi\u00e7o aos pequenos e humildes, que aprendi com a dureza da vida e com a suavidade e o frescor da ora\u00e7\u00e3o colocada em meus l\u00e1bios pela senhora, m\u00e3e, e pela av\u00f3, Maria das Dores, que hoje se alegra no c\u00e9u juntamente com v\u00f4 e meu pai, que a irm\u00e3 morte levou precocemente. Obrigado por tudo m\u00e3e!&#8221;, completou a frase em meio ao choro, especialmente quando falou do pai.<\/p>\n<p>Frei Jo\u00e3o Francisco celebrou a Primeira Missa na mesma Par\u00f3quia no domingo (7\/10), \u00e0s 11 horas, tendo como pregador Frei Adriano Freixo Pinto, que foi seu guardi\u00e3o em Petr\u00f3polis, enquanto era estudante de Teologia.<\/p>\n<p>[nggallery id=244]<\/p>\n","protected":false},"excerpt":{"rendered":"<p>Ordena\u00e7\u00e3o presbiteral<\/p>\n","protected":false},"author":1,"featured_media":229169,"comment_status":"open","ping_status":"open","sticky":false,"template":"","format":"standard","meta":[],"categories":[1],"tags":[157],"acf":[],"yoast_head":"<!-- This site is optimized with the Yoast SEO plugin v19.2 - https:\/\/yoast.com\/wordpress\/plugins\/seo\/ -->\n<title>Frei Jo\u00e3o Francisco est\u00e1 pronto para o pastoreio - Not\u00edcias - Franciscanos<\/title>\n<meta name=\"robots\" content=\"index, follow, max-snippet:-1, max-image-preview:large, max-video-preview:-1\" \/>\n<link rel=\"canonical\" href=\"https:\/\/franciscanos.org.br\/noticias\/frei-joao-francisco-esta-pronto-para-o-pastoreio.html\" \/>\n<meta property=\"og:locale\" content=\"pt_BR\" \/>\n<meta property=\"og:type\" content=\"article\" \/>\n<meta property=\"og:title\" content=\"Frei Jo\u00e3o Francisco est\u00e1 pronto para o pastoreio - Not\u00edcias - Franciscanos\" \/>\n<meta property=\"og:description\" content=\"Ordena\u00e7\u00e3o presbiteral\" \/>\n<meta property=\"og:url\" content=\"https:\/\/franciscanos.org.br\/noticias\/frei-joao-francisco-esta-pronto-para-o-pastoreio.html\" \/>\n<meta property=\"og:site_name\" content=\"Not\u00edcias - Franciscanos\" \/>\n<meta property=\"article:published_time\" content=\"2012-10-07T16:00:53+00:00\" \/>\n<meta property=\"article:modified_time\" content=\"2021-07-05T22:52:02+00:00\" \/>\n<meta property=\"og:image\" content=\"https:\/\/franciscanos.org.br\/noticias\/wp-content\/uploads\/2012\/10\/joao_1d.jpg\" \/>\n\t<meta property=\"og:image:width\" content=\"800\" \/>\n\t<meta property=\"og:image:height\" content=\"600\" \/>\n\t<meta property=\"og:image:type\" content=\"image\/jpeg\" \/>\n<meta name=\"author\" content=\"admin\" \/>\n<meta name=\"twitter:card\" content=\"summary_large_image\" \/>\n<meta name=\"twitter:label1\" content=\"Escrito por\" \/>\n\t<meta name=\"twitter:data1\" content=\"admin\" \/>\n\t<meta name=\"twitter:label2\" content=\"Est. tempo de leitura\" \/>\n\t<meta name=\"twitter:data2\" content=\"5 minutos\" \/>\n<script type=\"application\/ld+json\" class=\"yoast-schema-graph\">{\"@context\":\"https:\/\/schema.org\",\"@graph\":[{\"@type\":\"WebSite\",\"@id\":\"https:\/\/franciscanos.org.br\/noticias\/#website\",\"url\":\"https:\/\/franciscanos.org.br\/noticias\/\",\"name\":\"Not\u00edcias - Franciscanos\",\"description\":\"Prov\u00edncia Franciscana da Imaculada Concei\u00e7\u00e3o do Brasil - Ordem dos Frades Menores - OFM\",\"potentialAction\":[{\"@type\":\"SearchAction\",\"target\":{\"@type\":\"EntryPoint\",\"urlTemplate\":\"https:\/\/franciscanos.org.br\/noticias\/?s={search_term_string}\"},\"query-input\":\"required name=search_term_string\"}],\"inLanguage\":\"pt-BR\"},{\"@type\":\"ImageObject\",\"inLanguage\":\"pt-BR\",\"@id\":\"https:\/\/franciscanos.org.br\/noticias\/frei-joao-francisco-esta-pronto-para-o-pastoreio.html#primaryimage\",\"url\":\"https:\/\/franciscanos.org.br\/noticias\/wp-content\/uploads\/2012\/10\/joao_1d.jpg\",\"contentUrl\":\"https:\/\/franciscanos.org.br\/noticias\/wp-content\/uploads\/2012\/10\/joao_1d.jpg\",\"width\":800,\"height\":600},{\"@type\":\"WebPage\",\"@id\":\"https:\/\/franciscanos.org.br\/noticias\/frei-joao-francisco-esta-pronto-para-o-pastoreio.html#webpage\",\"url\":\"https:\/\/franciscanos.org.br\/noticias\/frei-joao-francisco-esta-pronto-para-o-pastoreio.html\",\"name\":\"Frei Jo\u00e3o Francisco est\u00e1 pronto para o pastoreio - Not\u00edcias - Franciscanos\",\"isPartOf\":{\"@id\":\"https:\/\/franciscanos.org.br\/noticias\/#website\"},\"primaryImageOfPage\":{\"@id\":\"https:\/\/franciscanos.org.br\/noticias\/frei-joao-francisco-esta-pronto-para-o-pastoreio.html#primaryimage\"},\"datePublished\":\"2012-10-07T16:00:53+00:00\",\"dateModified\":\"2021-07-05T22:52:02+00:00\",\"author\":{\"@id\":\"https:\/\/franciscanos.org.br\/noticias\/#\/schema\/person\/b38fbf43118f02820bd932f2e4b14ad3\"},\"breadcrumb\":{\"@id\":\"https:\/\/franciscanos.org.br\/noticias\/frei-joao-francisco-esta-pronto-para-o-pastoreio.html#breadcrumb\"},\"inLanguage\":\"pt-BR\",\"potentialAction\":[{\"@type\":\"ReadAction\",\"target\":[\"https:\/\/franciscanos.org.br\/noticias\/frei-joao-francisco-esta-pronto-para-o-pastoreio.html\"]}]},{\"@type\":\"BreadcrumbList\",\"@id\":\"https:\/\/franciscanos.org.br\/noticias\/frei-joao-francisco-esta-pronto-para-o-pastoreio.html#breadcrumb\",\"itemListElement\":[{\"@type\":\"ListItem\",\"position\":1,\"name\":\"Home\",\"item\":\"https:\/\/franciscanos.org.br\/noticias\"},{\"@type\":\"ListItem\",\"position\":2,\"name\":\"Frei Jo\u00e3o Francisco est\u00e1 pronto para o pastoreio\"}]},{\"@type\":\"Person\",\"@id\":\"https:\/\/franciscanos.org.br\/noticias\/#\/schema\/person\/b38fbf43118f02820bd932f2e4b14ad3\",\"name\":\"admin\",\"image\":{\"@type\":\"ImageObject\",\"inLanguage\":\"pt-BR\",\"@id\":\"https:\/\/franciscanos.org.br\/noticias\/#\/schema\/person\/image\/\",\"url\":\"https:\/\/secure.gravatar.com\/avatar\/e8495742d34d0ba6448ea1c628263b3e?s=96&d=mm&r=g\",\"contentUrl\":\"https:\/\/secure.gravatar.com\/avatar\/e8495742d34d0ba6448ea1c628263b3e?s=96&d=mm&r=g\",\"caption\":\"admin\"},\"url\":\"https:\/\/franciscanos.org.br\/noticias\/author\/admin\"}]}<\/script>\n<!-- \/ Yoast SEO plugin. -->","yoast_head_json":{"title":"Frei Jo\u00e3o Francisco est\u00e1 pronto para o pastoreio - Not\u00edcias - Franciscanos","robots":{"index":"index","follow":"follow","max-snippet":"max-snippet:-1","max-image-preview":"max-image-preview:large","max-video-preview":"max-video-preview:-1"},"canonical":"https:\/\/franciscanos.org.br\/noticias\/frei-joao-francisco-esta-pronto-para-o-pastoreio.html","og_locale":"pt_BR","og_type":"article","og_title":"Frei Jo\u00e3o Francisco est\u00e1 pronto para o pastoreio - Not\u00edcias - Franciscanos","og_description":"Ordena\u00e7\u00e3o presbiteral","og_url":"https:\/\/franciscanos.org.br\/noticias\/frei-joao-francisco-esta-pronto-para-o-pastoreio.html","og_site_name":"Not\u00edcias - Franciscanos","article_published_time":"2012-10-07T16:00:53+00:00","article_modified_time":"2021-07-05T22:52:02+00:00","og_image":[{"width":800,"height":600,"url":"https:\/\/franciscanos.org.br\/noticias\/wp-content\/uploads\/2012\/10\/joao_1d.jpg","type":"image\/jpeg"}],"author":"admin","twitter_card":"summary_large_image","twitter_misc":{"Escrito por":"admin","Est. tempo de leitura":"5 minutos"},"schema":{"@context":"https:\/\/schema.org","@graph":[{"@type":"WebSite","@id":"https:\/\/franciscanos.org.br\/noticias\/#website","url":"https:\/\/franciscanos.org.br\/noticias\/","name":"Not\u00edcias - Franciscanos","description":"Prov\u00edncia Franciscana da Imaculada Concei\u00e7\u00e3o do Brasil - Ordem dos Frades Menores - OFM","potentialAction":[{"@type":"SearchAction","target":{"@type":"EntryPoint","urlTemplate":"https:\/\/franciscanos.org.br\/noticias\/?s={search_term_string}"},"query-input":"required name=search_term_string"}],"inLanguage":"pt-BR"},{"@type":"ImageObject","inLanguage":"pt-BR","@id":"https:\/\/franciscanos.org.br\/noticias\/frei-joao-francisco-esta-pronto-para-o-pastoreio.html#primaryimage","url":"https:\/\/franciscanos.org.br\/noticias\/wp-content\/uploads\/2012\/10\/joao_1d.jpg","contentUrl":"https:\/\/franciscanos.org.br\/noticias\/wp-content\/uploads\/2012\/10\/joao_1d.jpg","width":800,"height":600},{"@type":"WebPage","@id":"https:\/\/franciscanos.org.br\/noticias\/frei-joao-francisco-esta-pronto-para-o-pastoreio.html#webpage","url":"https:\/\/franciscanos.org.br\/noticias\/frei-joao-francisco-esta-pronto-para-o-pastoreio.html","name":"Frei Jo\u00e3o Francisco est\u00e1 pronto para o pastoreio - Not\u00edcias - Franciscanos","isPartOf":{"@id":"https:\/\/franciscanos.org.br\/noticias\/#website"},"primaryImageOfPage":{"@id":"https:\/\/franciscanos.org.br\/noticias\/frei-joao-francisco-esta-pronto-para-o-pastoreio.html#primaryimage"},"datePublished":"2012-10-07T16:00:53+00:00","dateModified":"2021-07-05T22:52:02+00:00","author":{"@id":"https:\/\/franciscanos.org.br\/noticias\/#\/schema\/person\/b38fbf43118f02820bd932f2e4b14ad3"},"breadcrumb":{"@id":"https:\/\/franciscanos.org.br\/noticias\/frei-joao-francisco-esta-pronto-para-o-pastoreio.html#breadcrumb"},"inLanguage":"pt-BR","potentialAction":[{"@type":"ReadAction","target":["https:\/\/franciscanos.org.br\/noticias\/frei-joao-francisco-esta-pronto-para-o-pastoreio.html"]}]},{"@type":"BreadcrumbList","@id":"https:\/\/franciscanos.org.br\/noticias\/frei-joao-francisco-esta-pronto-para-o-pastoreio.html#breadcrumb","itemListElement":[{"@type":"ListItem","position":1,"name":"Home","item":"https:\/\/franciscanos.org.br\/noticias"},{"@type":"ListItem","position":2,"name":"Frei Jo\u00e3o Francisco est\u00e1 pronto para o pastoreio"}]},{"@type":"Person","@id":"https:\/\/franciscanos.org.br\/noticias\/#\/schema\/person\/b38fbf43118f02820bd932f2e4b14ad3","name":"admin","image":{"@type":"ImageObject","inLanguage":"pt-BR","@id":"https:\/\/franciscanos.org.br\/noticias\/#\/schema\/person\/image\/","url":"https:\/\/secure.gravatar.com\/avatar\/e8495742d34d0ba6448ea1c628263b3e?s=96&d=mm&r=g","contentUrl":"https:\/\/secure.gravatar.com\/avatar\/e8495742d34d0ba6448ea1c628263b3e?s=96&d=mm&r=g","caption":"admin"},"url":"https:\/\/franciscanos.org.br\/noticias\/author\/admin"}]}},"_links":{"self":[{"href":"https:\/\/franciscanos.org.br\/noticias\/wp-json\/wp\/v2\/posts\/25904"}],"collection":[{"href":"https:\/\/franciscanos.org.br\/noticias\/wp-json\/wp\/v2\/posts"}],"about":[{"href":"https:\/\/franciscanos.org.br\/noticias\/wp-json\/wp\/v2\/types\/post"}],"author":[{"embeddable":true,"href":"https:\/\/franciscanos.org.br\/noticias\/wp-json\/wp\/v2\/users\/1"}],"replies":[{"embeddable":true,"href":"https:\/\/franciscanos.org.br\/noticias\/wp-json\/wp\/v2\/comments?post=25904"}],"version-history":[{"count":1,"href":"https:\/\/franciscanos.org.br\/noticias\/wp-json\/wp\/v2\/posts\/25904\/revisions"}],"predecessor-version":[{"id":229170,"href":"https:\/\/franciscanos.org.br\/noticias\/wp-json\/wp\/v2\/posts\/25904\/revisions\/229170"}],"wp:featuredmedia":[{"embeddable":true,"href":"https:\/\/franciscanos.org.br\/noticias\/wp-json\/wp\/v2\/media\/229169"}],"wp:attachment":[{"href":"https:\/\/franciscanos.org.br\/noticias\/wp-json\/wp\/v2\/media?parent=25904"}],"wp:term":[{"taxonomy":"category","embeddable":true,"href":"https:\/\/franciscanos.org.br\/noticias\/wp-json\/wp\/v2\/categories?post=25904"},{"taxonomy":"post_tag","embeddable":true,"href":"https:\/\/franciscanos.org.br\/noticias\/wp-json\/wp\/v2\/tags?post=25904"}],"curies":[{"name":"wp","href":"https:\/\/api.w.org\/{rel}","templated":true}]}}