{"id":259036,"date":"2025-07-29T16:30:13","date_gmt":"2025-07-29T19:30:13","guid":{"rendered":"https:\/\/franciscanos.org.br\/noticias\/?p=259036"},"modified":"2025-07-31T08:18:36","modified_gmt":"2025-07-31T11:18:36","slug":"celebracao-do-perdao-de-assis-em-vila-velha-sera-no-dia-1o-de-agosto","status":"publish","type":"post","link":"https:\/\/franciscanos.org.br\/noticias\/celebracao-do-perdao-de-assis-em-vila-velha-sera-no-dia-1o-de-agosto.html","title":{"rendered":"Celebra\u00e7\u00e3o do Perd\u00e3o de Assis, em Vila Velha, ser\u00e1 no dia 1\u00ba de agosto"},"content":{"rendered":"<p><img loading=\"lazy\" class=\"aligncenter wp-image-259037 size-full\" src=\"https:\/\/franciscanos.org.br\/noticias\/wp-content\/uploads\/2025\/07\/materia-1-4.png\" alt=\"\" width=\"1280\" height=\"720\" srcset=\"https:\/\/franciscanos.org.br\/noticias\/wp-content\/uploads\/2025\/07\/materia-1-4.png 1280w, https:\/\/franciscanos.org.br\/noticias\/wp-content\/uploads\/2025\/07\/materia-1-4-450x253.png 450w, https:\/\/franciscanos.org.br\/noticias\/wp-content\/uploads\/2025\/07\/materia-1-4-1024x576.png 1024w, https:\/\/franciscanos.org.br\/noticias\/wp-content\/uploads\/2025\/07\/materia-1-4-768x432.png 768w, https:\/\/franciscanos.org.br\/noticias\/wp-content\/uploads\/2025\/07\/materia-1-4-150x84.png 150w\" sizes=\"(max-width: 1280px) 100vw, 1280px\" \/><\/p>\n<p>No pr\u00f3ximo dia 1\u00ba de agosto, sexta-feira, a Par\u00f3quia do Ros\u00e1rio e o Convento da Penha, em Vila Velha (ES), realizam a celebra\u00e7\u00e3o do Perd\u00e3o de Assis, com caminhada penitencial luminosa at\u00e9 o Campinho e concess\u00e3o de Indulg\u00eancia Plen\u00e1ria. A fraternidade poder\u00e1 acompanhar uma encena\u00e7\u00e3o e o rito lit\u00fargico franciscano para a absolvi\u00e7\u00e3o dos pecados. Tamb\u00e9m haver\u00e1 a exorta\u00e7\u00e3o do Evangelho, a explica\u00e7\u00e3o e contextualiza\u00e7\u00e3o do sentido franciscano e a miss\u00e3o, simbolizados por meio de gesto concreto.<\/p>\n<p>Na ocasi\u00e3o, os fi\u00e9is ter\u00e3o a oportunidade de conhecer ainda mais a vida, os ensinamentos de S\u00e3o Francisco de Assis, deixados h\u00e1 mais de 800 anos, quando o \u201cPobrezinho de Assis\u201d pediu: \u201cPe\u00e7o-Te para que todos aqueles que, arrependidos e confessados, visitarem esta igreja, obtenham o perd\u00e3o amplo e generoso, com a remiss\u00e3o completa de todas as culpas\u201d.<\/p>\n<p>O Perd\u00e3o, constitui-se como uma manifesta\u00e7\u00e3o do amor misericordioso de Deus sobre \u00e0 Igreja e sobre os fi\u00e9is, sendo tamb\u00e9m um sinal da paz e do bem deixados como heran\u00e7a por S\u00e3o Francisco de Assis. Portanto, ao participar do Perd\u00e3o de Assis, todos, a partir de reflex\u00f5es pessoais, medita\u00e7\u00f5es, ora\u00e7\u00f5es, experi\u00eancias de f\u00e9 e dos ritos sacramentais, recebem de Deus a miseric\u00f3rdia, a compaix\u00e3o e a Indulg\u00eancia Plen\u00e1ria. O momento propicia aos filhos e filhas de Deus um profundo e sincero exame das atitudes e pensamentos.<\/p>\n<p><img loading=\"lazy\" class=\"aligncenter wp-image-259039 size-full\" src=\"https:\/\/franciscanos.org.br\/noticias\/wp-content\/uploads\/2025\/07\/materia-3-5.png\" alt=\"\" width=\"1280\" height=\"720\" srcset=\"https:\/\/franciscanos.org.br\/noticias\/wp-content\/uploads\/2025\/07\/materia-3-5.png 1280w, https:\/\/franciscanos.org.br\/noticias\/wp-content\/uploads\/2025\/07\/materia-3-5-450x253.png 450w, https:\/\/franciscanos.org.br\/noticias\/wp-content\/uploads\/2025\/07\/materia-3-5-1024x576.png 1024w, https:\/\/franciscanos.org.br\/noticias\/wp-content\/uploads\/2025\/07\/materia-3-5-768x432.png 768w, https:\/\/franciscanos.org.br\/noticias\/wp-content\/uploads\/2025\/07\/materia-3-5-150x84.png 150w\" sizes=\"(max-width: 1280px) 100vw, 1280px\" \/><\/p>\n<p>A concentra\u00e7\u00e3o ser\u00e1 em frente \u00e0 Igreja do Ros\u00e1rio, na Prainha, \u00e0s 19h. A partir das 19h30, os fi\u00e9is subir\u00e3o ao Campinho do Convento, em uma prociss\u00e3o luminosa penitencial.<\/p>\n<p>O privil\u00e9gio de receber o perd\u00e3o e a reconcilia\u00e7\u00e3o dada a todos como garantia, a partir do Evangelho de Nosso Senhor, se estende tamb\u00e9m ao Convento da Penha. \u201cIrm\u00e3os, quero levar-vos todos para Para\u00edso! \u201d. Essa manifesta\u00e7\u00e3o permanece a clamar Francisco de Assis a todo fiel crist\u00e3o. Deste modo, os franciscanos de Vila Velha convidam a todos: &#8220;Fa\u00e7amos de Vila Velha a nossa Cidade de Assis!&#8221;.<\/p>\n<p><strong>O que \u00e9 o \u201cPerd\u00e3o de Assis\u201d?<\/strong><\/p>\n<p>O Perd\u00e3o de Assis \u00e9 uma celebra\u00e7\u00e3o franciscana com mais de 800 anos de hist\u00f3ria. Com materna generosidade, a Ordem Franciscana abre os tesouros que por nosso Senhor, lhe foram confiados e d\u00e1 \u00e0 todos seus filhos e filhas a possibilidade de receber o Perd\u00e3o da Porci\u00fancula, cuja origem se deve \u00e0quela ardente caridade com que S\u00e3o Francisco de Assis, Pai Ser\u00e1fico dos Frades Menores e amante dos pobres, iluminou e incendiou de amor os lugares, as almas, os fi\u00e9is e toda a Igreja.<\/p>\n<p>Em 1216, ap\u00f3s passar a noite em profunda ora\u00e7\u00e3o, S\u00e3o Francisco estando na pequenina Igreja da Porci\u00fancula (It\u00e1lia), nas proximidades de Assis, uma vis\u00e3o de Maria Sant\u00edssima e de seu divino Filho. Perguntaram-lhe, naquela milagrosa e singular apari\u00e7\u00e3o, que favor ele gostaria de pedir. Zeloso pela salva\u00e7\u00e3o das almas, Francisco n\u00e3o demorou a responder-lhes: \u201cQue todos quantos, arrependidos e devidamente confessados, vierem visitar esta igrejinha, possam receber a completa remiss\u00e3o de seus pecados\u201d. Jesus ent\u00e3o lhe disse: \u201c\u00c9 grande o que me pedes; mas o concedo de bom grado, sob a condi\u00e7\u00e3o de que v\u00e1s pedir tal indulg\u00eancia ao meu vig\u00e1rio na terra, o Papa\u201d. Francisco foi \u00e0s pressas ao encontro do Pont\u00edfice da \u00e9poca, o Santo Padre Hon\u00f3rio III, que, apesar das hesita\u00e7\u00f5es e medos da C\u00faria Romana, acabou aceitando aquele inusitado pedido. Voltando para a Porci\u00fancula poucos dias depois, Francisco de Assis exclamou, com l\u00e1grimas de alegria, diante do povo e do episcopado da \u00dambria: \u201cIrm\u00e3os, quero levar-vos todos para o Para\u00edso!\u201d. E assim ficou institu\u00eddo o chamado Perd\u00e3o de Assis.<\/p>\n<p><iframe loading=\"lazy\" title=\"YouTube video player\" src=\"https:\/\/www.youtube.com\/embed\/lC51YS4AZ_4?si=KDs_eoxJFz1G2uU-\" width=\"100%\" height=\"480\" frameborder=\"0\" allowfullscreen=\"allowfullscreen\"><span data-mce-type=\"bookmark\" style=\"display: inline-block; width: 0px; overflow: hidden; line-height: 0;\" class=\"mce_SELRES_start\">\ufeff<\/span><\/iframe><\/p>\n<p><strong>Servi\u00e7o<\/strong><\/p>\n<p>Data: 1\u00ba de agosto de 2025<\/p>\n<p>Hor\u00e1rio: 19h (concentra\u00e7\u00e3o) | 19h30 (in\u00edcio da caminhada)<\/p>\n<p>Local:\u00a0 Igreja do Ros\u00e1rio, na Prainha | Caminhada em dire\u00e7\u00e3o ao Campinho do Convento.<\/p>\n<hr \/>\n<h4 class=\"elementor-author-box__name\"><em>Cristian Oliveira (ASCOM)<\/em><\/h4>\n","protected":false},"excerpt":{"rendered":"<p>Dia do Perd\u00e3o de Assis<\/p>\n","protected":false},"author":11,"featured_media":259038,"comment_status":"open","ping_status":"open","sticky":false,"template":"","format":"standard","meta":[],"categories":[1],"tags":[248,1511],"acf":[],"yoast_head":"<!-- This site is optimized with the Yoast SEO plugin v19.2 - https:\/\/yoast.com\/wordpress\/plugins\/seo\/ -->\n<title>Celebra\u00e7\u00e3o do Perd\u00e3o de Assis, em Vila Velha, ser\u00e1 no dia 1\u00ba de agosto - Not\u00edcias - Franciscanos<\/title>\n<meta name=\"robots\" content=\"index, follow, max-snippet:-1, max-image-preview:large, max-video-preview:-1\" \/>\n<link rel=\"canonical\" href=\"https:\/\/franciscanos.org.br\/noticias\/celebracao-do-perdao-de-assis-em-vila-velha-sera-no-dia-1o-de-agosto.html\" \/>\n<meta property=\"og:locale\" content=\"pt_BR\" \/>\n<meta property=\"og:type\" content=\"article\" \/>\n<meta property=\"og:title\" content=\"Celebra\u00e7\u00e3o do Perd\u00e3o de Assis, em Vila Velha, ser\u00e1 no dia 1\u00ba de agosto - Not\u00edcias - Franciscanos\" \/>\n<meta property=\"og:description\" content=\"Dia do Perd\u00e3o de Assis\" \/>\n<meta property=\"og:url\" content=\"https:\/\/franciscanos.org.br\/noticias\/celebracao-do-perdao-de-assis-em-vila-velha-sera-no-dia-1o-de-agosto.html\" \/>\n<meta property=\"og:site_name\" content=\"Not\u00edcias - Franciscanos\" \/>\n<meta property=\"article:published_time\" content=\"2025-07-29T19:30:13+00:00\" \/>\n<meta property=\"article:modified_time\" content=\"2025-07-31T11:18:36+00:00\" \/>\n<meta property=\"og:image\" content=\"https:\/\/franciscanos.org.br\/noticias\/wp-content\/uploads\/2025\/07\/chamada-15.png\" \/>\n\t<meta property=\"og:image:width\" content=\"800\" \/>\n\t<meta property=\"og:image:height\" content=\"550\" \/>\n\t<meta property=\"og:image:type\" content=\"image\/png\" \/>\n<meta name=\"author\" content=\"Adriana Rabelo\" \/>\n<meta name=\"twitter:card\" content=\"summary_large_image\" \/>\n<meta name=\"twitter:label1\" content=\"Escrito por\" \/>\n\t<meta name=\"twitter:data1\" content=\"Adriana Rabelo\" \/>\n\t<meta name=\"twitter:label2\" content=\"Est. tempo de leitura\" \/>\n\t<meta name=\"twitter:data2\" content=\"3 minutos\" \/>\n<script type=\"application\/ld+json\" class=\"yoast-schema-graph\">{\"@context\":\"https:\/\/schema.org\",\"@graph\":[{\"@type\":\"WebSite\",\"@id\":\"https:\/\/franciscanos.org.br\/noticias\/#website\",\"url\":\"https:\/\/franciscanos.org.br\/noticias\/\",\"name\":\"Not\u00edcias - Franciscanos\",\"description\":\"Prov\u00edncia Franciscana da Imaculada Concei\u00e7\u00e3o do Brasil - Ordem dos Frades Menores - OFM\",\"potentialAction\":[{\"@type\":\"SearchAction\",\"target\":{\"@type\":\"EntryPoint\",\"urlTemplate\":\"https:\/\/franciscanos.org.br\/noticias\/?s={search_term_string}\"},\"query-input\":\"required name=search_term_string\"}],\"inLanguage\":\"pt-BR\"},{\"@type\":\"ImageObject\",\"inLanguage\":\"pt-BR\",\"@id\":\"https:\/\/franciscanos.org.br\/noticias\/celebracao-do-perdao-de-assis-em-vila-velha-sera-no-dia-1o-de-agosto.html#primaryimage\",\"url\":\"https:\/\/franciscanos.org.br\/noticias\/wp-content\/uploads\/2025\/07\/chamada-15.png\",\"contentUrl\":\"https:\/\/franciscanos.org.br\/noticias\/wp-content\/uploads\/2025\/07\/chamada-15.png\",\"width\":800,\"height\":550},{\"@type\":\"WebPage\",\"@id\":\"https:\/\/franciscanos.org.br\/noticias\/celebracao-do-perdao-de-assis-em-vila-velha-sera-no-dia-1o-de-agosto.html#webpage\",\"url\":\"https:\/\/franciscanos.org.br\/noticias\/celebracao-do-perdao-de-assis-em-vila-velha-sera-no-dia-1o-de-agosto.html\",\"name\":\"Celebra\u00e7\u00e3o do Perd\u00e3o de Assis, em Vila Velha, ser\u00e1 no dia 1\u00ba de agosto - Not\u00edcias - Franciscanos\",\"isPartOf\":{\"@id\":\"https:\/\/franciscanos.org.br\/noticias\/#website\"},\"primaryImageOfPage\":{\"@id\":\"https:\/\/franciscanos.org.br\/noticias\/celebracao-do-perdao-de-assis-em-vila-velha-sera-no-dia-1o-de-agosto.html#primaryimage\"},\"datePublished\":\"2025-07-29T19:30:13+00:00\",\"dateModified\":\"2025-07-31T11:18:36+00:00\",\"author\":{\"@id\":\"https:\/\/franciscanos.org.br\/noticias\/#\/schema\/person\/d9422e83121c3ad3b0f423d195f5bb25\"},\"breadcrumb\":{\"@id\":\"https:\/\/franciscanos.org.br\/noticias\/celebracao-do-perdao-de-assis-em-vila-velha-sera-no-dia-1o-de-agosto.html#breadcrumb\"},\"inLanguage\":\"pt-BR\",\"potentialAction\":[{\"@type\":\"ReadAction\",\"target\":[\"https:\/\/franciscanos.org.br\/noticias\/celebracao-do-perdao-de-assis-em-vila-velha-sera-no-dia-1o-de-agosto.html\"]}]},{\"@type\":\"BreadcrumbList\",\"@id\":\"https:\/\/franciscanos.org.br\/noticias\/celebracao-do-perdao-de-assis-em-vila-velha-sera-no-dia-1o-de-agosto.html#breadcrumb\",\"itemListElement\":[{\"@type\":\"ListItem\",\"position\":1,\"name\":\"Home\",\"item\":\"https:\/\/franciscanos.org.br\/noticias\"},{\"@type\":\"ListItem\",\"position\":2,\"name\":\"Celebra\u00e7\u00e3o do Perd\u00e3o de Assis, em Vila Velha, ser\u00e1 no dia 1\u00ba de agosto\"}]},{\"@type\":\"Person\",\"@id\":\"https:\/\/franciscanos.org.br\/noticias\/#\/schema\/person\/d9422e83121c3ad3b0f423d195f5bb25\",\"name\":\"Adriana Rabelo\",\"image\":{\"@type\":\"ImageObject\",\"inLanguage\":\"pt-BR\",\"@id\":\"https:\/\/franciscanos.org.br\/noticias\/#\/schema\/person\/image\/\",\"url\":\"https:\/\/secure.gravatar.com\/avatar\/0a937b7500cd7df77540cfb8bede877d?s=96&d=mm&r=g\",\"contentUrl\":\"https:\/\/secure.gravatar.com\/avatar\/0a937b7500cd7df77540cfb8bede877d?s=96&d=mm&r=g\",\"caption\":\"Adriana Rabelo\"},\"url\":\"https:\/\/franciscanos.org.br\/noticias\/author\/adrianarabelo\"}]}<\/script>\n<!-- \/ Yoast SEO plugin. -->","yoast_head_json":{"title":"Celebra\u00e7\u00e3o do Perd\u00e3o de Assis, em Vila Velha, ser\u00e1 no dia 1\u00ba de agosto - Not\u00edcias - Franciscanos","robots":{"index":"index","follow":"follow","max-snippet":"max-snippet:-1","max-image-preview":"max-image-preview:large","max-video-preview":"max-video-preview:-1"},"canonical":"https:\/\/franciscanos.org.br\/noticias\/celebracao-do-perdao-de-assis-em-vila-velha-sera-no-dia-1o-de-agosto.html","og_locale":"pt_BR","og_type":"article","og_title":"Celebra\u00e7\u00e3o do Perd\u00e3o de Assis, em Vila Velha, ser\u00e1 no dia 1\u00ba de agosto - Not\u00edcias - Franciscanos","og_description":"Dia do Perd\u00e3o de Assis","og_url":"https:\/\/franciscanos.org.br\/noticias\/celebracao-do-perdao-de-assis-em-vila-velha-sera-no-dia-1o-de-agosto.html","og_site_name":"Not\u00edcias - Franciscanos","article_published_time":"2025-07-29T19:30:13+00:00","article_modified_time":"2025-07-31T11:18:36+00:00","og_image":[{"width":800,"height":550,"url":"https:\/\/franciscanos.org.br\/noticias\/wp-content\/uploads\/2025\/07\/chamada-15.png","type":"image\/png"}],"author":"Adriana Rabelo","twitter_card":"summary_large_image","twitter_misc":{"Escrito por":"Adriana Rabelo","Est. tempo de leitura":"3 minutos"},"schema":{"@context":"https:\/\/schema.org","@graph":[{"@type":"WebSite","@id":"https:\/\/franciscanos.org.br\/noticias\/#website","url":"https:\/\/franciscanos.org.br\/noticias\/","name":"Not\u00edcias - Franciscanos","description":"Prov\u00edncia Franciscana da Imaculada Concei\u00e7\u00e3o do Brasil - Ordem dos Frades Menores - OFM","potentialAction":[{"@type":"SearchAction","target":{"@type":"EntryPoint","urlTemplate":"https:\/\/franciscanos.org.br\/noticias\/?s={search_term_string}"},"query-input":"required name=search_term_string"}],"inLanguage":"pt-BR"},{"@type":"ImageObject","inLanguage":"pt-BR","@id":"https:\/\/franciscanos.org.br\/noticias\/celebracao-do-perdao-de-assis-em-vila-velha-sera-no-dia-1o-de-agosto.html#primaryimage","url":"https:\/\/franciscanos.org.br\/noticias\/wp-content\/uploads\/2025\/07\/chamada-15.png","contentUrl":"https:\/\/franciscanos.org.br\/noticias\/wp-content\/uploads\/2025\/07\/chamada-15.png","width":800,"height":550},{"@type":"WebPage","@id":"https:\/\/franciscanos.org.br\/noticias\/celebracao-do-perdao-de-assis-em-vila-velha-sera-no-dia-1o-de-agosto.html#webpage","url":"https:\/\/franciscanos.org.br\/noticias\/celebracao-do-perdao-de-assis-em-vila-velha-sera-no-dia-1o-de-agosto.html","name":"Celebra\u00e7\u00e3o do Perd\u00e3o de Assis, em Vila Velha, ser\u00e1 no dia 1\u00ba de agosto - Not\u00edcias - Franciscanos","isPartOf":{"@id":"https:\/\/franciscanos.org.br\/noticias\/#website"},"primaryImageOfPage":{"@id":"https:\/\/franciscanos.org.br\/noticias\/celebracao-do-perdao-de-assis-em-vila-velha-sera-no-dia-1o-de-agosto.html#primaryimage"},"datePublished":"2025-07-29T19:30:13+00:00","dateModified":"2025-07-31T11:18:36+00:00","author":{"@id":"https:\/\/franciscanos.org.br\/noticias\/#\/schema\/person\/d9422e83121c3ad3b0f423d195f5bb25"},"breadcrumb":{"@id":"https:\/\/franciscanos.org.br\/noticias\/celebracao-do-perdao-de-assis-em-vila-velha-sera-no-dia-1o-de-agosto.html#breadcrumb"},"inLanguage":"pt-BR","potentialAction":[{"@type":"ReadAction","target":["https:\/\/franciscanos.org.br\/noticias\/celebracao-do-perdao-de-assis-em-vila-velha-sera-no-dia-1o-de-agosto.html"]}]},{"@type":"BreadcrumbList","@id":"https:\/\/franciscanos.org.br\/noticias\/celebracao-do-perdao-de-assis-em-vila-velha-sera-no-dia-1o-de-agosto.html#breadcrumb","itemListElement":[{"@type":"ListItem","position":1,"name":"Home","item":"https:\/\/franciscanos.org.br\/noticias"},{"@type":"ListItem","position":2,"name":"Celebra\u00e7\u00e3o do Perd\u00e3o de Assis, em Vila Velha, ser\u00e1 no dia 1\u00ba de agosto"}]},{"@type":"Person","@id":"https:\/\/franciscanos.org.br\/noticias\/#\/schema\/person\/d9422e83121c3ad3b0f423d195f5bb25","name":"Adriana Rabelo","image":{"@type":"ImageObject","inLanguage":"pt-BR","@id":"https:\/\/franciscanos.org.br\/noticias\/#\/schema\/person\/image\/","url":"https:\/\/secure.gravatar.com\/avatar\/0a937b7500cd7df77540cfb8bede877d?s=96&d=mm&r=g","contentUrl":"https:\/\/secure.gravatar.com\/avatar\/0a937b7500cd7df77540cfb8bede877d?s=96&d=mm&r=g","caption":"Adriana Rabelo"},"url":"https:\/\/franciscanos.org.br\/noticias\/author\/adrianarabelo"}]}},"_links":{"self":[{"href":"https:\/\/franciscanos.org.br\/noticias\/wp-json\/wp\/v2\/posts\/259036"}],"collection":[{"href":"https:\/\/franciscanos.org.br\/noticias\/wp-json\/wp\/v2\/posts"}],"about":[{"href":"https:\/\/franciscanos.org.br\/noticias\/wp-json\/wp\/v2\/types\/post"}],"author":[{"embeddable":true,"href":"https:\/\/franciscanos.org.br\/noticias\/wp-json\/wp\/v2\/users\/11"}],"replies":[{"embeddable":true,"href":"https:\/\/franciscanos.org.br\/noticias\/wp-json\/wp\/v2\/comments?post=259036"}],"version-history":[{"count":5,"href":"https:\/\/franciscanos.org.br\/noticias\/wp-json\/wp\/v2\/posts\/259036\/revisions"}],"predecessor-version":[{"id":259070,"href":"https:\/\/franciscanos.org.br\/noticias\/wp-json\/wp\/v2\/posts\/259036\/revisions\/259070"}],"wp:featuredmedia":[{"embeddable":true,"href":"https:\/\/franciscanos.org.br\/noticias\/wp-json\/wp\/v2\/media\/259038"}],"wp:attachment":[{"href":"https:\/\/franciscanos.org.br\/noticias\/wp-json\/wp\/v2\/media?parent=259036"}],"wp:term":[{"taxonomy":"category","embeddable":true,"href":"https:\/\/franciscanos.org.br\/noticias\/wp-json\/wp\/v2\/categories?post=259036"},{"taxonomy":"post_tag","embeddable":true,"href":"https:\/\/franciscanos.org.br\/noticias\/wp-json\/wp\/v2\/tags?post=259036"}],"curies":[{"name":"wp","href":"https:\/\/api.w.org\/{rel}","templated":true}]}}