{"id":259021,"date":"2025-07-28T08:48:56","date_gmt":"2025-07-28T11:48:56","guid":{"rendered":"https:\/\/franciscanos.org.br\/noticias\/?p=259021"},"modified":"2025-07-28T08:49:24","modified_gmt":"2025-07-28T11:49:24","slug":"jovens-frades-renovam-votos-temporarios-em-celebracao-na-fraternidade-sao-boaventura","status":"publish","type":"post","link":"https:\/\/franciscanos.org.br\/noticias\/jovens-frades-renovam-votos-temporarios-em-celebracao-na-fraternidade-sao-boaventura.html","title":{"rendered":"Jovens frades renovam votos tempor\u00e1rios em celebra\u00e7\u00e3o na Fraternidade S\u00e3o Boaventura"},"content":{"rendered":"<p><img loading=\"lazy\" class=\"aligncenter wp-image-259023 size-full\" src=\"https:\/\/franciscanos.org.br\/noticias\/wp-content\/uploads\/2025\/07\/MATERIA-1-1-1.png\" alt=\"\" width=\"1280\" height=\"720\" srcset=\"https:\/\/franciscanos.org.br\/noticias\/wp-content\/uploads\/2025\/07\/MATERIA-1-1-1.png 1280w, https:\/\/franciscanos.org.br\/noticias\/wp-content\/uploads\/2025\/07\/MATERIA-1-1-1-450x253.png 450w, https:\/\/franciscanos.org.br\/noticias\/wp-content\/uploads\/2025\/07\/MATERIA-1-1-1-1024x576.png 1024w, https:\/\/franciscanos.org.br\/noticias\/wp-content\/uploads\/2025\/07\/MATERIA-1-1-1-768x432.png 768w, https:\/\/franciscanos.org.br\/noticias\/wp-content\/uploads\/2025\/07\/MATERIA-1-1-1-150x84.png 150w\" sizes=\"(max-width: 1280px) 100vw, 1280px\" \/><\/p>\n<p>Em um clima de alegria, a Fraternidade S\u00e3o Boaventura, em Campo Largo (PR), celebrou neste domingo (27\/07) a renova\u00e7\u00e3o dos votos tempor\u00e1rios de seis jovens frades da Ordem dos Frades Menores.<\/p>\n<p>A Celebra\u00e7\u00e3o Eucar\u00edstica foi presidida por Frei Paulo Roberto Pereira, Ministro provincial, e concelebrada por Frei Jo\u00e3o Mannes, guardi\u00e3o da fraternidade; e Frei Olivo Marafon, coordenador do Regional. Ap\u00f3s a leitura do Evangelho, Frei Alberto Andr\u00e9 Ant\u00f3nio, Frei Emanuel Bongo Chipuku, Frei Jo\u00e3o Kahamba Ant\u00f3nio, Frei Justino Tchianga Catimba e Frei Nascimento Artur Hebo renovaram seu &#8220;sim&#8221; ao chamado de Deus, reafirmando a promessa de viver, por mais um ano, a vida e a Regra dos Frades Menores.<\/p>\n<p><img loading=\"lazy\" class=\"aligncenter wp-image-259024 size-full\" src=\"https:\/\/franciscanos.org.br\/noticias\/wp-content\/uploads\/2025\/07\/materia2-4.png\" alt=\"\" width=\"1280\" height=\"720\" srcset=\"https:\/\/franciscanos.org.br\/noticias\/wp-content\/uploads\/2025\/07\/materia2-4.png 1280w, https:\/\/franciscanos.org.br\/noticias\/wp-content\/uploads\/2025\/07\/materia2-4-450x253.png 450w, https:\/\/franciscanos.org.br\/noticias\/wp-content\/uploads\/2025\/07\/materia2-4-1024x576.png 1024w, https:\/\/franciscanos.org.br\/noticias\/wp-content\/uploads\/2025\/07\/materia2-4-768x432.png 768w, https:\/\/franciscanos.org.br\/noticias\/wp-content\/uploads\/2025\/07\/materia2-4-150x84.png 150w\" sizes=\"(max-width: 1280px) 100vw, 1280px\" \/><\/p>\n<p>A renova\u00e7\u00e3o dos votos tempor\u00e1rios \u00e9 uma etapa importante na forma\u00e7\u00e3o religiosa, marcando o amadurecimento do compromisso assumido na primeira profiss\u00e3o. \u00c9 um tempo em que os frades, no conv\u00edvio di\u00e1rio da vida fraterna, na ora\u00e7\u00e3o, no estudo e no servi\u00e7o apost\u00f3lico, buscam aprofundar sua entrega a Cristo, moldando sua vida \u00e0 luz do Evangelho.<\/p>\n<p>Durante a homilia, Frei Paulo destacou que \u201cviver a partir da mo\u00e7\u00e3o do Esp\u00edrito Santo, da intercess\u00e3o e do exemplo dos santos, especialmente de Francisco e Clara de Assis, sob a prote\u00e7\u00e3o maternal de Maria, \u00e9 o que sustenta e d\u00e1 sentido \u00e0 caminhada vocacional\u201d.<\/p>\n<p><img loading=\"lazy\" class=\"aligncenter wp-image-259025 size-full\" src=\"https:\/\/franciscanos.org.br\/noticias\/wp-content\/uploads\/2025\/07\/materia-3-4.png\" alt=\"\" width=\"1280\" height=\"720\" srcset=\"https:\/\/franciscanos.org.br\/noticias\/wp-content\/uploads\/2025\/07\/materia-3-4.png 1280w, https:\/\/franciscanos.org.br\/noticias\/wp-content\/uploads\/2025\/07\/materia-3-4-450x253.png 450w, https:\/\/franciscanos.org.br\/noticias\/wp-content\/uploads\/2025\/07\/materia-3-4-1024x576.png 1024w, https:\/\/franciscanos.org.br\/noticias\/wp-content\/uploads\/2025\/07\/materia-3-4-768x432.png 768w, https:\/\/franciscanos.org.br\/noticias\/wp-content\/uploads\/2025\/07\/materia-3-4-150x84.png 150w\" sizes=\"(max-width: 1280px) 100vw, 1280px\" \/><\/p>\n<p>Ele tamb\u00e9m ressaltou que a din\u00e2mica da vida religiosa n\u00e3o est\u00e1 em se acomodar com o que j\u00e1 se alcan\u00e7ou. \u00c9 preciso cultivar o desejo de crescer continuamente, manter-se como aprendiz e ter consci\u00eancia de que nunca estamos plenamente prontos. \u00c9 necess\u00e1rio conservar o ardor do vocacionado, o vigor do novi\u00e7o, o brilho nos olhos de quem n\u00e3o se cansa de servir ao Senhor, de amar o Evangelho e de desejar, com entusiasmo, servir aos pobres.<\/p>\n<p>A celebra\u00e7\u00e3o tamb\u00e9m ressaltou a import\u00e2ncia da fraternidade como testemunho da Boa-Nova. A viv\u00eancia comunit\u00e1ria foi apresentada como solo f\u00e9rtil para o florescimento dos dons e a express\u00e3o da minoridade franciscana. \u201cO dom do carisma n\u00e3o \u00e9 para si; aquilo que se recebe por gra\u00e7a, de gra\u00e7a se deve oferecer\u201d, lembrou Frei Paulo.<\/p>\n\n\t\t<style type=\"text\/css\">\n\t\t\t#gallery-1 {\n\t\t\t\tmargin: auto;\n\t\t\t}\n\t\t\t#gallery-1 .gallery-item {\n\t\t\t\tfloat: left;\n\t\t\t\tmargin-top: 10px;\n\t\t\t\ttext-align: center;\n\t\t\t\twidth: 33%;\n\t\t\t}\n\t\t\t#gallery-1 img {\n\t\t\t\tborder: 2px solid #cfcfcf;\n\t\t\t}\n\t\t\t#gallery-1 .gallery-caption {\n\t\t\t\tmargin-left: 0;\n\t\t\t}\n\t\t\t\/* see gallery_shortcode() in wp-includes\/media.php *\/\n\t\t<\/style>\n\t\t<div id='gallery-1' class='gallery galleryid-259021 gallery-columns-3 gallery-size-thumbnail'><dl class='gallery-item'>\n\t\t\t<dt class='gallery-icon portrait'>\n\t\t\t\t<a href='https:\/\/franciscanos.org.br\/noticias\/wp-content\/uploads\/2025\/07\/IMG_8975-scaled.jpg'><img width=\"300\" height=\"300\" src=\"https:\/\/franciscanos.org.br\/noticias\/wp-content\/uploads\/2025\/07\/IMG_8975-300x300.jpg\" class=\"attachment-thumbnail size-thumbnail\" alt=\"\" loading=\"lazy\" srcset=\"https:\/\/franciscanos.org.br\/noticias\/wp-content\/uploads\/2025\/07\/IMG_8975-300x300.jpg 300w, https:\/\/franciscanos.org.br\/noticias\/wp-content\/uploads\/2025\/07\/IMG_8975-100x100.jpg 100w\" sizes=\"(max-width: 300px) 100vw, 300px\" \/><\/a>\n\t\t\t<\/dt><\/dl><dl class='gallery-item'>\n\t\t\t<dt class='gallery-icon portrait'>\n\t\t\t\t<a href='https:\/\/franciscanos.org.br\/noticias\/wp-content\/uploads\/2025\/07\/IMG_8972-1-scaled.jpg'><img width=\"300\" height=\"300\" src=\"https:\/\/franciscanos.org.br\/noticias\/wp-content\/uploads\/2025\/07\/IMG_8972-1-300x300.jpg\" class=\"attachment-thumbnail size-thumbnail\" alt=\"\" loading=\"lazy\" srcset=\"https:\/\/franciscanos.org.br\/noticias\/wp-content\/uploads\/2025\/07\/IMG_8972-1-300x300.jpg 300w, https:\/\/franciscanos.org.br\/noticias\/wp-content\/uploads\/2025\/07\/IMG_8972-1-100x100.jpg 100w\" sizes=\"(max-width: 300px) 100vw, 300px\" \/><\/a>\n\t\t\t<\/dt><\/dl><dl class='gallery-item'>\n\t\t\t<dt class='gallery-icon portrait'>\n\t\t\t\t<a href='https:\/\/franciscanos.org.br\/noticias\/wp-content\/uploads\/2025\/07\/IMG_8944-scaled.jpg'><img width=\"300\" height=\"300\" src=\"https:\/\/franciscanos.org.br\/noticias\/wp-content\/uploads\/2025\/07\/IMG_8944-300x300.jpg\" class=\"attachment-thumbnail size-thumbnail\" alt=\"\" loading=\"lazy\" srcset=\"https:\/\/franciscanos.org.br\/noticias\/wp-content\/uploads\/2025\/07\/IMG_8944-300x300.jpg 300w, https:\/\/franciscanos.org.br\/noticias\/wp-content\/uploads\/2025\/07\/IMG_8944-100x100.jpg 100w\" sizes=\"(max-width: 300px) 100vw, 300px\" \/><\/a>\n\t\t\t<\/dt><\/dl><br style=\"clear: both\" \/>\n\t\t<\/div>\n\n<p>Ao final da missa, toda a assembleia foi convidada a aben\u00e7oar os frades que renovaram os votos. Em retribui\u00e7\u00e3o, os religiosos estenderam as m\u00e3os para devolver a b\u00ean\u00e7\u00e3o, encerrando o rito e dando in\u00edcio a uma nova etapa de miss\u00e3o e servi\u00e7o. Frei Paulo refor\u00e7ou que a b\u00ean\u00e7\u00e3o nunca deve ser guardada para si, mas sempre partilhada e distribu\u00edda.<\/p>\n<hr \/>\n<p><em>Texto: Frei Patryck Ribeiro da Silva Dutra \/ Fotos: Frei Cristian dos Santos Lopes<\/em><\/p>\n","protected":false},"excerpt":{"rendered":"<p>Caminhada franciscana<\/p>\n","protected":false},"author":11,"featured_media":259022,"comment_status":"open","ping_status":"open","sticky":false,"template":"","format":"standard","meta":[],"categories":[1],"tags":[2173,1152],"acf":[],"yoast_head":"<!-- This site is optimized with the Yoast SEO plugin v19.2 - https:\/\/yoast.com\/wordpress\/plugins\/seo\/ -->\n<title>Jovens frades renovam votos tempor\u00e1rios em celebra\u00e7\u00e3o na Fraternidade S\u00e3o Boaventura - Not\u00edcias - Franciscanos<\/title>\n<meta name=\"robots\" content=\"index, follow, max-snippet:-1, max-image-preview:large, max-video-preview:-1\" \/>\n<link rel=\"canonical\" href=\"https:\/\/franciscanos.org.br\/noticias\/jovens-frades-renovam-votos-temporarios-em-celebracao-na-fraternidade-sao-boaventura.html\" \/>\n<meta property=\"og:locale\" content=\"pt_BR\" \/>\n<meta property=\"og:type\" content=\"article\" \/>\n<meta property=\"og:title\" content=\"Jovens frades renovam votos tempor\u00e1rios em celebra\u00e7\u00e3o na Fraternidade S\u00e3o Boaventura - Not\u00edcias - Franciscanos\" \/>\n<meta property=\"og:description\" content=\"Caminhada franciscana\" \/>\n<meta property=\"og:url\" content=\"https:\/\/franciscanos.org.br\/noticias\/jovens-frades-renovam-votos-temporarios-em-celebracao-na-fraternidade-sao-boaventura.html\" \/>\n<meta property=\"og:site_name\" content=\"Not\u00edcias - Franciscanos\" \/>\n<meta property=\"article:published_time\" content=\"2025-07-28T11:48:56+00:00\" \/>\n<meta property=\"article:modified_time\" content=\"2025-07-28T11:49:24+00:00\" \/>\n<meta property=\"og:image\" content=\"https:\/\/franciscanos.org.br\/noticias\/wp-content\/uploads\/2025\/07\/chamada-14.png\" \/>\n\t<meta property=\"og:image:width\" content=\"800\" \/>\n\t<meta property=\"og:image:height\" content=\"550\" \/>\n\t<meta property=\"og:image:type\" content=\"image\/png\" \/>\n<meta name=\"author\" content=\"Adriana Rabelo\" \/>\n<meta name=\"twitter:card\" content=\"summary_large_image\" \/>\n<meta name=\"twitter:label1\" content=\"Escrito por\" \/>\n\t<meta name=\"twitter:data1\" content=\"Adriana Rabelo\" \/>\n\t<meta name=\"twitter:label2\" content=\"Est. tempo de leitura\" \/>\n\t<meta name=\"twitter:data2\" content=\"2 minutos\" \/>\n<script type=\"application\/ld+json\" class=\"yoast-schema-graph\">{\"@context\":\"https:\/\/schema.org\",\"@graph\":[{\"@type\":\"WebSite\",\"@id\":\"https:\/\/franciscanos.org.br\/noticias\/#website\",\"url\":\"https:\/\/franciscanos.org.br\/noticias\/\",\"name\":\"Not\u00edcias - Franciscanos\",\"description\":\"Prov\u00edncia Franciscana da Imaculada Concei\u00e7\u00e3o do Brasil - Ordem dos Frades Menores - OFM\",\"potentialAction\":[{\"@type\":\"SearchAction\",\"target\":{\"@type\":\"EntryPoint\",\"urlTemplate\":\"https:\/\/franciscanos.org.br\/noticias\/?s={search_term_string}\"},\"query-input\":\"required name=search_term_string\"}],\"inLanguage\":\"pt-BR\"},{\"@type\":\"ImageObject\",\"inLanguage\":\"pt-BR\",\"@id\":\"https:\/\/franciscanos.org.br\/noticias\/jovens-frades-renovam-votos-temporarios-em-celebracao-na-fraternidade-sao-boaventura.html#primaryimage\",\"url\":\"https:\/\/franciscanos.org.br\/noticias\/wp-content\/uploads\/2025\/07\/chamada-14.png\",\"contentUrl\":\"https:\/\/franciscanos.org.br\/noticias\/wp-content\/uploads\/2025\/07\/chamada-14.png\",\"width\":800,\"height\":550},{\"@type\":\"WebPage\",\"@id\":\"https:\/\/franciscanos.org.br\/noticias\/jovens-frades-renovam-votos-temporarios-em-celebracao-na-fraternidade-sao-boaventura.html#webpage\",\"url\":\"https:\/\/franciscanos.org.br\/noticias\/jovens-frades-renovam-votos-temporarios-em-celebracao-na-fraternidade-sao-boaventura.html\",\"name\":\"Jovens frades renovam votos tempor\u00e1rios em celebra\u00e7\u00e3o na Fraternidade S\u00e3o Boaventura - Not\u00edcias - Franciscanos\",\"isPartOf\":{\"@id\":\"https:\/\/franciscanos.org.br\/noticias\/#website\"},\"primaryImageOfPage\":{\"@id\":\"https:\/\/franciscanos.org.br\/noticias\/jovens-frades-renovam-votos-temporarios-em-celebracao-na-fraternidade-sao-boaventura.html#primaryimage\"},\"datePublished\":\"2025-07-28T11:48:56+00:00\",\"dateModified\":\"2025-07-28T11:49:24+00:00\",\"author\":{\"@id\":\"https:\/\/franciscanos.org.br\/noticias\/#\/schema\/person\/d9422e83121c3ad3b0f423d195f5bb25\"},\"breadcrumb\":{\"@id\":\"https:\/\/franciscanos.org.br\/noticias\/jovens-frades-renovam-votos-temporarios-em-celebracao-na-fraternidade-sao-boaventura.html#breadcrumb\"},\"inLanguage\":\"pt-BR\",\"potentialAction\":[{\"@type\":\"ReadAction\",\"target\":[\"https:\/\/franciscanos.org.br\/noticias\/jovens-frades-renovam-votos-temporarios-em-celebracao-na-fraternidade-sao-boaventura.html\"]}]},{\"@type\":\"BreadcrumbList\",\"@id\":\"https:\/\/franciscanos.org.br\/noticias\/jovens-frades-renovam-votos-temporarios-em-celebracao-na-fraternidade-sao-boaventura.html#breadcrumb\",\"itemListElement\":[{\"@type\":\"ListItem\",\"position\":1,\"name\":\"Home\",\"item\":\"https:\/\/franciscanos.org.br\/noticias\"},{\"@type\":\"ListItem\",\"position\":2,\"name\":\"Jovens frades renovam votos tempor\u00e1rios em celebra\u00e7\u00e3o na Fraternidade S\u00e3o Boaventura\"}]},{\"@type\":\"Person\",\"@id\":\"https:\/\/franciscanos.org.br\/noticias\/#\/schema\/person\/d9422e83121c3ad3b0f423d195f5bb25\",\"name\":\"Adriana Rabelo\",\"image\":{\"@type\":\"ImageObject\",\"inLanguage\":\"pt-BR\",\"@id\":\"https:\/\/franciscanos.org.br\/noticias\/#\/schema\/person\/image\/\",\"url\":\"https:\/\/secure.gravatar.com\/avatar\/0a937b7500cd7df77540cfb8bede877d?s=96&d=mm&r=g\",\"contentUrl\":\"https:\/\/secure.gravatar.com\/avatar\/0a937b7500cd7df77540cfb8bede877d?s=96&d=mm&r=g\",\"caption\":\"Adriana Rabelo\"},\"url\":\"https:\/\/franciscanos.org.br\/noticias\/author\/adrianarabelo\"}]}<\/script>\n<!-- \/ Yoast SEO plugin. -->","yoast_head_json":{"title":"Jovens frades renovam votos tempor\u00e1rios em celebra\u00e7\u00e3o na Fraternidade S\u00e3o Boaventura - Not\u00edcias - Franciscanos","robots":{"index":"index","follow":"follow","max-snippet":"max-snippet:-1","max-image-preview":"max-image-preview:large","max-video-preview":"max-video-preview:-1"},"canonical":"https:\/\/franciscanos.org.br\/noticias\/jovens-frades-renovam-votos-temporarios-em-celebracao-na-fraternidade-sao-boaventura.html","og_locale":"pt_BR","og_type":"article","og_title":"Jovens frades renovam votos tempor\u00e1rios em celebra\u00e7\u00e3o na Fraternidade S\u00e3o Boaventura - Not\u00edcias - Franciscanos","og_description":"Caminhada franciscana","og_url":"https:\/\/franciscanos.org.br\/noticias\/jovens-frades-renovam-votos-temporarios-em-celebracao-na-fraternidade-sao-boaventura.html","og_site_name":"Not\u00edcias - Franciscanos","article_published_time":"2025-07-28T11:48:56+00:00","article_modified_time":"2025-07-28T11:49:24+00:00","og_image":[{"width":800,"height":550,"url":"https:\/\/franciscanos.org.br\/noticias\/wp-content\/uploads\/2025\/07\/chamada-14.png","type":"image\/png"}],"author":"Adriana Rabelo","twitter_card":"summary_large_image","twitter_misc":{"Escrito por":"Adriana Rabelo","Est. tempo de leitura":"2 minutos"},"schema":{"@context":"https:\/\/schema.org","@graph":[{"@type":"WebSite","@id":"https:\/\/franciscanos.org.br\/noticias\/#website","url":"https:\/\/franciscanos.org.br\/noticias\/","name":"Not\u00edcias - Franciscanos","description":"Prov\u00edncia Franciscana da Imaculada Concei\u00e7\u00e3o do Brasil - Ordem dos Frades Menores - OFM","potentialAction":[{"@type":"SearchAction","target":{"@type":"EntryPoint","urlTemplate":"https:\/\/franciscanos.org.br\/noticias\/?s={search_term_string}"},"query-input":"required name=search_term_string"}],"inLanguage":"pt-BR"},{"@type":"ImageObject","inLanguage":"pt-BR","@id":"https:\/\/franciscanos.org.br\/noticias\/jovens-frades-renovam-votos-temporarios-em-celebracao-na-fraternidade-sao-boaventura.html#primaryimage","url":"https:\/\/franciscanos.org.br\/noticias\/wp-content\/uploads\/2025\/07\/chamada-14.png","contentUrl":"https:\/\/franciscanos.org.br\/noticias\/wp-content\/uploads\/2025\/07\/chamada-14.png","width":800,"height":550},{"@type":"WebPage","@id":"https:\/\/franciscanos.org.br\/noticias\/jovens-frades-renovam-votos-temporarios-em-celebracao-na-fraternidade-sao-boaventura.html#webpage","url":"https:\/\/franciscanos.org.br\/noticias\/jovens-frades-renovam-votos-temporarios-em-celebracao-na-fraternidade-sao-boaventura.html","name":"Jovens frades renovam votos tempor\u00e1rios em celebra\u00e7\u00e3o na Fraternidade S\u00e3o Boaventura - Not\u00edcias - Franciscanos","isPartOf":{"@id":"https:\/\/franciscanos.org.br\/noticias\/#website"},"primaryImageOfPage":{"@id":"https:\/\/franciscanos.org.br\/noticias\/jovens-frades-renovam-votos-temporarios-em-celebracao-na-fraternidade-sao-boaventura.html#primaryimage"},"datePublished":"2025-07-28T11:48:56+00:00","dateModified":"2025-07-28T11:49:24+00:00","author":{"@id":"https:\/\/franciscanos.org.br\/noticias\/#\/schema\/person\/d9422e83121c3ad3b0f423d195f5bb25"},"breadcrumb":{"@id":"https:\/\/franciscanos.org.br\/noticias\/jovens-frades-renovam-votos-temporarios-em-celebracao-na-fraternidade-sao-boaventura.html#breadcrumb"},"inLanguage":"pt-BR","potentialAction":[{"@type":"ReadAction","target":["https:\/\/franciscanos.org.br\/noticias\/jovens-frades-renovam-votos-temporarios-em-celebracao-na-fraternidade-sao-boaventura.html"]}]},{"@type":"BreadcrumbList","@id":"https:\/\/franciscanos.org.br\/noticias\/jovens-frades-renovam-votos-temporarios-em-celebracao-na-fraternidade-sao-boaventura.html#breadcrumb","itemListElement":[{"@type":"ListItem","position":1,"name":"Home","item":"https:\/\/franciscanos.org.br\/noticias"},{"@type":"ListItem","position":2,"name":"Jovens frades renovam votos tempor\u00e1rios em celebra\u00e7\u00e3o na Fraternidade S\u00e3o Boaventura"}]},{"@type":"Person","@id":"https:\/\/franciscanos.org.br\/noticias\/#\/schema\/person\/d9422e83121c3ad3b0f423d195f5bb25","name":"Adriana Rabelo","image":{"@type":"ImageObject","inLanguage":"pt-BR","@id":"https:\/\/franciscanos.org.br\/noticias\/#\/schema\/person\/image\/","url":"https:\/\/secure.gravatar.com\/avatar\/0a937b7500cd7df77540cfb8bede877d?s=96&d=mm&r=g","contentUrl":"https:\/\/secure.gravatar.com\/avatar\/0a937b7500cd7df77540cfb8bede877d?s=96&d=mm&r=g","caption":"Adriana Rabelo"},"url":"https:\/\/franciscanos.org.br\/noticias\/author\/adrianarabelo"}]}},"_links":{"self":[{"href":"https:\/\/franciscanos.org.br\/noticias\/wp-json\/wp\/v2\/posts\/259021"}],"collection":[{"href":"https:\/\/franciscanos.org.br\/noticias\/wp-json\/wp\/v2\/posts"}],"about":[{"href":"https:\/\/franciscanos.org.br\/noticias\/wp-json\/wp\/v2\/types\/post"}],"author":[{"embeddable":true,"href":"https:\/\/franciscanos.org.br\/noticias\/wp-json\/wp\/v2\/users\/11"}],"replies":[{"embeddable":true,"href":"https:\/\/franciscanos.org.br\/noticias\/wp-json\/wp\/v2\/comments?post=259021"}],"version-history":[{"count":2,"href":"https:\/\/franciscanos.org.br\/noticias\/wp-json\/wp\/v2\/posts\/259021\/revisions"}],"predecessor-version":[{"id":259030,"href":"https:\/\/franciscanos.org.br\/noticias\/wp-json\/wp\/v2\/posts\/259021\/revisions\/259030"}],"wp:featuredmedia":[{"embeddable":true,"href":"https:\/\/franciscanos.org.br\/noticias\/wp-json\/wp\/v2\/media\/259022"}],"wp:attachment":[{"href":"https:\/\/franciscanos.org.br\/noticias\/wp-json\/wp\/v2\/media?parent=259021"}],"wp:term":[{"taxonomy":"category","embeddable":true,"href":"https:\/\/franciscanos.org.br\/noticias\/wp-json\/wp\/v2\/categories?post=259021"},{"taxonomy":"post_tag","embeddable":true,"href":"https:\/\/franciscanos.org.br\/noticias\/wp-json\/wp\/v2\/tags?post=259021"}],"curies":[{"name":"wp","href":"https:\/\/api.w.org\/{rel}","templated":true}]}}