{"id":259011,"date":"2025-07-28T08:09:57","date_gmt":"2025-07-28T11:09:57","guid":{"rendered":"https:\/\/franciscanos.org.br\/noticias\/?p=259011"},"modified":"2025-07-28T09:10:47","modified_gmt":"2025-07-28T12:10:47","slug":"frei-gaudencio-sens-recebe-a-vista-da-irma-morte-e-retorna-a-casa-do-pai","status":"publish","type":"post","link":"https:\/\/franciscanos.org.br\/noticias\/frei-gaudencio-sens-recebe-a-vista-da-irma-morte-e-retorna-a-casa-do-pai.html","title":{"rendered":"Frei Gaud\u00eancio Sens recebe a visita da Irm\u00e3 Morte e retorna \u00e0 casa do Pai"},"content":{"rendered":"<p><img loading=\"lazy\" class=\"aligncenter wp-image-259012 size-full\" src=\"https:\/\/franciscanos.org.br\/noticias\/wp-content\/uploads\/2025\/07\/Gaudencio-1280.jpg\" alt=\"\" width=\"1280\" height=\"720\" srcset=\"https:\/\/franciscanos.org.br\/noticias\/wp-content\/uploads\/2025\/07\/Gaudencio-1280.jpg 1280w, https:\/\/franciscanos.org.br\/noticias\/wp-content\/uploads\/2025\/07\/Gaudencio-1280-450x253.jpg 450w, https:\/\/franciscanos.org.br\/noticias\/wp-content\/uploads\/2025\/07\/Gaudencio-1280-1024x576.jpg 1024w, https:\/\/franciscanos.org.br\/noticias\/wp-content\/uploads\/2025\/07\/Gaudencio-1280-768x432.jpg 768w, https:\/\/franciscanos.org.br\/noticias\/wp-content\/uploads\/2025\/07\/Gaudencio-1280-150x84.jpg 150w\" sizes=\"(max-width: 1280px) 100vw, 1280px\" \/><\/p>\n<p>Faleceu, aos 93 anos,\u00a0 na tarde deste domingo, por volta das 15h30, <strong>Frei Gaud\u00eancio Sens<\/strong>. Ele pertencia \u00e0 Fraternidade S\u00e3o Francisco de Assis, de Bragan\u00e7a Paulista (SP), e veio a \u00f3bito em decorr\u00eancia do agravamento do quadro de senilidade.<\/p>\n<p>A Fraternidade S\u00e3o Francisco de Assis celebra na manh\u00e3 desta segunda-feira, 28 de julho, a missa exequial, \u00e0s 7h30. Em seguida, o corpo ser\u00e1 levado ao jazigo da Prov\u00edncia, no Cemit\u00e9rio do Sant\u00edssimo Sacramento, em S\u00e3o Paulo, onde ser\u00e1 celebrada a liturgia das ex\u00e9quias, \u00e0s 10h30.<\/p>\n<p>Confiemos o descanso eterno deste irm\u00e3o, bem como o consolo dos familiares e a prote\u00e7\u00e3o da Fraternidade S\u00e3o Francisco de Assis, \u00e0 miseric\u00f3rdia de Deus!<\/p>\n<h3><strong>Dados pessoais, forma\u00e7\u00e3o e atividades<\/strong><\/h3>\n<p style=\"padding-left: 40px;\"><strong>Nascimento<\/strong>: 08\/06\/1932 (93 anos)<br \/>\n<strong>Primeira Profiss\u00e3o<\/strong>: 24\/12\/1955 (69 anos de vida religiosa)<br \/>\n<strong>Profiss\u00e3o Solene<\/strong>: 24\/12\/1958<br \/>\n<strong>Ordena\u00e7\u00e3o Diaconal<\/strong>: 12\/12\/1959<br \/>\n<strong>Ordena\u00e7\u00e3o Presbiteral<\/strong>: 14\/12\/1960 (64 anos de exerc\u00edcio do minist\u00e9rio presbiteral)<br \/>\n<strong>1964 a 1968<\/strong> \u2013 Fraternidade Nossa Senhora do Ros\u00e1rio (Conc\u00f3rdia, SC), como vig\u00e1rio paroquial.<br \/>\n<strong>1969<\/strong> \u2013 Fraternidade Nossa Senhora da Concei\u00e7\u00e3o (Paty do Alferes, RJ).<br \/>\n<strong>1970 a 1975<\/strong> \u2013 Fraternidade Nossa Senhora da Concei\u00e7\u00e3o (Nil\u00f3polis, RJ), como vig\u00e1rio paroquial.<br \/>\n<strong>1975 a 1978<\/strong> \u2013 Fraternidade Nossa Senhora dos Anjos (Cabo Frio, RJ), como vig\u00e1rio paroquial e, posteriormente, p\u00e1roco.<br \/>\n<strong>1979<\/strong> \u2013 Caxias do Sul (RS) para reciclagem teol\u00f3gico-pastoral-catequ\u00e9tica.<br \/>\n<strong>1980 e 1981<\/strong> \u2013 Servi\u00e7o \u00e0 Diocese de Santo Andr\u00e9 (SP).<br \/>\n<strong>1981 a 1983<\/strong> \u2013 Mission\u00e1rio na Nicar\u00e1gua.<br \/>\n<strong>1983 a 1986<\/strong> \u2013 Servi\u00e7o \u00e0 Diocese de Santo Andr\u00e9 (SP).<br \/>\n<strong>1987 a 1991<\/strong> \u2013 Fraternidade de Cristo Rei (Canoinhas, SC), como p\u00e1roco da Par\u00f3quia S\u00e3o Jo\u00e3o Batista (Tr\u00eas Barras, SC).<br \/>\n<strong>1992 a 1994<\/strong> \u2013 Fraternidade Nossa Senhora do Pilar (Duque de Caxias, RJ), como vig\u00e1rio paroquial e vig\u00e1rio da casa.<br \/>\n<strong>1995<\/strong> \u2013 Fraternidade S\u00e3o Francisco (S\u00e3o Paulo, SP), como estudante de Liturgia.<br \/>\n<strong>1996<\/strong> \u2013 Fraternidade Nossa Senhora de F\u00e1tima (S\u00e3o Paulo, SP), como vig\u00e1rio paroquial e vig\u00e1rio da casa.<br \/>\n<strong>1997<\/strong> \u2013 Fraternidade S\u00e3o Francisco (S\u00e3o Paulo, SP), como atendente conventual.<br \/>\n<strong>1998 a 2005<\/strong> \u2013 Fraternidade Nossa Senhora da Concei\u00e7\u00e3o (Nil\u00f3polis, RJ), como vig\u00e1rio paroquial.<br \/>\n<strong>2005 a 2009<\/strong> \u2013 Fraternidade Santo Ant\u00f4nio (Rio de Janeiro, RJ).<br \/>\n<strong>2010 a 2023<\/strong> \u2013 Fraternidade S\u00e3o Jo\u00e3o Batista (S\u00e3o Jo\u00e3o de Meriti, RJ), como atendente conventual.<br \/>\n<strong>2024 a 2025<\/strong> \u2013 Fraternidade S\u00e3o Francisco de Assis (Bragan\u00e7a Paulista, SP), para tratamento.<\/p>\n<h3><strong>O Frade Menor<\/strong><\/h3>\n<p>Irineu Sens, mais tarde Frei Gaud\u00eancio Sens, veio de uma fam\u00edlia com 12 filhos, sendo ele o mais velho. Fam\u00edlia de tradi\u00e7\u00e3o cat\u00f3lica, tinha o costume de rezar juntos o ter\u00e7o, participar da comunidade e subir \u00e0 gruta de Nossa Senhora. Sentia que foi ali que nasceu sua voca\u00e7\u00e3o, cultivada pela f\u00e9, pelo senso de cuidado familiar e pela dedica\u00e7\u00e3o ao trabalho.<\/p>\n<p>Um irm\u00e3o ciente de suas pr\u00f3prias dificuldades, mas persistente naquilo em que acreditava. Dedicou grande parte de sua aten\u00e7\u00e3o aos pobres e marginalizados, oferecendo forma\u00e7\u00e3o e, inclusive, entregando-se \u00e0 miss\u00e3o tanto na Baixada Fluminense quanto na periferia da capital paulistana, al\u00e9m de ter dedicado tr\u00eas anos de trabalho \u00e0 Igreja na Nicar\u00e1gua, em um per\u00edodo de profundas crises sociais e eclesiais.<\/p>\n<p>Frei Gaud\u00eancio ficou conhecido pelas novas gera\u00e7\u00f5es como o frade das campanhas de conscientiza\u00e7\u00e3o e defesa dos nascituros, sendo um grande propagador de projetos Pr\u00f3-Vida, para os quais n\u00e3o havia momento desfavor\u00e1vel para anunciar e pedir aux\u00edlio.<\/p>\n<p>Fraternalmente,<\/p>\n<hr \/>\n<p><em>Frei Rodrigo da Silva Santos, OFM<\/em><\/p>\n<p><em>Secret\u00e1rio Provincial<\/em><\/p>\n","protected":false},"excerpt":{"rendered":"<p>Falecimento<\/p>\n","protected":false},"author":11,"featured_media":259013,"comment_status":"open","ping_status":"open","sticky":false,"template":"","format":"standard","meta":[],"categories":[1],"tags":[1160,2385],"acf":[],"yoast_head":"<!-- This site is optimized with the Yoast SEO plugin v19.2 - https:\/\/yoast.com\/wordpress\/plugins\/seo\/ -->\n<title>Frei Gaud\u00eancio Sens recebe a visita da Irm\u00e3 Morte e retorna \u00e0 casa do Pai - Not\u00edcias - Franciscanos<\/title>\n<meta name=\"robots\" content=\"index, follow, max-snippet:-1, max-image-preview:large, max-video-preview:-1\" \/>\n<link rel=\"canonical\" href=\"https:\/\/franciscanos.org.br\/noticias\/frei-gaudencio-sens-recebe-a-vista-da-irma-morte-e-retorna-a-casa-do-pai.html\" \/>\n<meta property=\"og:locale\" content=\"pt_BR\" \/>\n<meta property=\"og:type\" content=\"article\" \/>\n<meta property=\"og:title\" content=\"Frei Gaud\u00eancio Sens recebe a visita da Irm\u00e3 Morte e retorna \u00e0 casa do Pai - Not\u00edcias - Franciscanos\" \/>\n<meta property=\"og:description\" content=\"Falecimento\" \/>\n<meta property=\"og:url\" content=\"https:\/\/franciscanos.org.br\/noticias\/frei-gaudencio-sens-recebe-a-vista-da-irma-morte-e-retorna-a-casa-do-pai.html\" \/>\n<meta property=\"og:site_name\" content=\"Not\u00edcias - Franciscanos\" \/>\n<meta property=\"article:published_time\" content=\"2025-07-28T11:09:57+00:00\" \/>\n<meta property=\"article:modified_time\" content=\"2025-07-28T12:10:47+00:00\" \/>\n<meta property=\"og:image\" content=\"https:\/\/franciscanos.org.br\/noticias\/wp-content\/uploads\/2025\/07\/Gaudencio-800.jpg\" \/>\n\t<meta property=\"og:image:width\" content=\"800\" \/>\n\t<meta property=\"og:image:height\" content=\"550\" \/>\n\t<meta property=\"og:image:type\" content=\"image\/jpeg\" \/>\n<meta name=\"author\" content=\"Adriana Rabelo\" \/>\n<meta name=\"twitter:card\" content=\"summary_large_image\" \/>\n<meta name=\"twitter:label1\" content=\"Escrito por\" \/>\n\t<meta name=\"twitter:data1\" content=\"Adriana Rabelo\" \/>\n\t<meta name=\"twitter:label2\" content=\"Est. tempo de leitura\" \/>\n\t<meta name=\"twitter:data2\" content=\"3 minutos\" \/>\n<script type=\"application\/ld+json\" class=\"yoast-schema-graph\">{\"@context\":\"https:\/\/schema.org\",\"@graph\":[{\"@type\":\"WebSite\",\"@id\":\"https:\/\/franciscanos.org.br\/noticias\/#website\",\"url\":\"https:\/\/franciscanos.org.br\/noticias\/\",\"name\":\"Not\u00edcias - Franciscanos\",\"description\":\"Prov\u00edncia Franciscana da Imaculada Concei\u00e7\u00e3o do Brasil - Ordem dos Frades Menores - OFM\",\"potentialAction\":[{\"@type\":\"SearchAction\",\"target\":{\"@type\":\"EntryPoint\",\"urlTemplate\":\"https:\/\/franciscanos.org.br\/noticias\/?s={search_term_string}\"},\"query-input\":\"required name=search_term_string\"}],\"inLanguage\":\"pt-BR\"},{\"@type\":\"ImageObject\",\"inLanguage\":\"pt-BR\",\"@id\":\"https:\/\/franciscanos.org.br\/noticias\/frei-gaudencio-sens-recebe-a-vista-da-irma-morte-e-retorna-a-casa-do-pai.html#primaryimage\",\"url\":\"https:\/\/franciscanos.org.br\/noticias\/wp-content\/uploads\/2025\/07\/Gaudencio-800.jpg\",\"contentUrl\":\"https:\/\/franciscanos.org.br\/noticias\/wp-content\/uploads\/2025\/07\/Gaudencio-800.jpg\",\"width\":800,\"height\":550},{\"@type\":\"WebPage\",\"@id\":\"https:\/\/franciscanos.org.br\/noticias\/frei-gaudencio-sens-recebe-a-vista-da-irma-morte-e-retorna-a-casa-do-pai.html#webpage\",\"url\":\"https:\/\/franciscanos.org.br\/noticias\/frei-gaudencio-sens-recebe-a-vista-da-irma-morte-e-retorna-a-casa-do-pai.html\",\"name\":\"Frei Gaud\u00eancio Sens recebe a visita da Irm\u00e3 Morte e retorna \u00e0 casa do Pai - Not\u00edcias - Franciscanos\",\"isPartOf\":{\"@id\":\"https:\/\/franciscanos.org.br\/noticias\/#website\"},\"primaryImageOfPage\":{\"@id\":\"https:\/\/franciscanos.org.br\/noticias\/frei-gaudencio-sens-recebe-a-vista-da-irma-morte-e-retorna-a-casa-do-pai.html#primaryimage\"},\"datePublished\":\"2025-07-28T11:09:57+00:00\",\"dateModified\":\"2025-07-28T12:10:47+00:00\",\"author\":{\"@id\":\"https:\/\/franciscanos.org.br\/noticias\/#\/schema\/person\/d9422e83121c3ad3b0f423d195f5bb25\"},\"breadcrumb\":{\"@id\":\"https:\/\/franciscanos.org.br\/noticias\/frei-gaudencio-sens-recebe-a-vista-da-irma-morte-e-retorna-a-casa-do-pai.html#breadcrumb\"},\"inLanguage\":\"pt-BR\",\"potentialAction\":[{\"@type\":\"ReadAction\",\"target\":[\"https:\/\/franciscanos.org.br\/noticias\/frei-gaudencio-sens-recebe-a-vista-da-irma-morte-e-retorna-a-casa-do-pai.html\"]}]},{\"@type\":\"BreadcrumbList\",\"@id\":\"https:\/\/franciscanos.org.br\/noticias\/frei-gaudencio-sens-recebe-a-vista-da-irma-morte-e-retorna-a-casa-do-pai.html#breadcrumb\",\"itemListElement\":[{\"@type\":\"ListItem\",\"position\":1,\"name\":\"Home\",\"item\":\"https:\/\/franciscanos.org.br\/noticias\"},{\"@type\":\"ListItem\",\"position\":2,\"name\":\"Frei Gaud\u00eancio Sens recebe a visita da Irm\u00e3 Morte e retorna \u00e0 casa do Pai\"}]},{\"@type\":\"Person\",\"@id\":\"https:\/\/franciscanos.org.br\/noticias\/#\/schema\/person\/d9422e83121c3ad3b0f423d195f5bb25\",\"name\":\"Adriana Rabelo\",\"image\":{\"@type\":\"ImageObject\",\"inLanguage\":\"pt-BR\",\"@id\":\"https:\/\/franciscanos.org.br\/noticias\/#\/schema\/person\/image\/\",\"url\":\"https:\/\/secure.gravatar.com\/avatar\/0a937b7500cd7df77540cfb8bede877d?s=96&d=mm&r=g\",\"contentUrl\":\"https:\/\/secure.gravatar.com\/avatar\/0a937b7500cd7df77540cfb8bede877d?s=96&d=mm&r=g\",\"caption\":\"Adriana Rabelo\"},\"url\":\"https:\/\/franciscanos.org.br\/noticias\/author\/adrianarabelo\"}]}<\/script>\n<!-- \/ Yoast SEO plugin. -->","yoast_head_json":{"title":"Frei Gaud\u00eancio Sens recebe a visita da Irm\u00e3 Morte e retorna \u00e0 casa do Pai - Not\u00edcias - Franciscanos","robots":{"index":"index","follow":"follow","max-snippet":"max-snippet:-1","max-image-preview":"max-image-preview:large","max-video-preview":"max-video-preview:-1"},"canonical":"https:\/\/franciscanos.org.br\/noticias\/frei-gaudencio-sens-recebe-a-vista-da-irma-morte-e-retorna-a-casa-do-pai.html","og_locale":"pt_BR","og_type":"article","og_title":"Frei Gaud\u00eancio Sens recebe a visita da Irm\u00e3 Morte e retorna \u00e0 casa do Pai - Not\u00edcias - Franciscanos","og_description":"Falecimento","og_url":"https:\/\/franciscanos.org.br\/noticias\/frei-gaudencio-sens-recebe-a-vista-da-irma-morte-e-retorna-a-casa-do-pai.html","og_site_name":"Not\u00edcias - Franciscanos","article_published_time":"2025-07-28T11:09:57+00:00","article_modified_time":"2025-07-28T12:10:47+00:00","og_image":[{"width":800,"height":550,"url":"https:\/\/franciscanos.org.br\/noticias\/wp-content\/uploads\/2025\/07\/Gaudencio-800.jpg","type":"image\/jpeg"}],"author":"Adriana Rabelo","twitter_card":"summary_large_image","twitter_misc":{"Escrito por":"Adriana Rabelo","Est. tempo de leitura":"3 minutos"},"schema":{"@context":"https:\/\/schema.org","@graph":[{"@type":"WebSite","@id":"https:\/\/franciscanos.org.br\/noticias\/#website","url":"https:\/\/franciscanos.org.br\/noticias\/","name":"Not\u00edcias - Franciscanos","description":"Prov\u00edncia Franciscana da Imaculada Concei\u00e7\u00e3o do Brasil - Ordem dos Frades Menores - OFM","potentialAction":[{"@type":"SearchAction","target":{"@type":"EntryPoint","urlTemplate":"https:\/\/franciscanos.org.br\/noticias\/?s={search_term_string}"},"query-input":"required name=search_term_string"}],"inLanguage":"pt-BR"},{"@type":"ImageObject","inLanguage":"pt-BR","@id":"https:\/\/franciscanos.org.br\/noticias\/frei-gaudencio-sens-recebe-a-vista-da-irma-morte-e-retorna-a-casa-do-pai.html#primaryimage","url":"https:\/\/franciscanos.org.br\/noticias\/wp-content\/uploads\/2025\/07\/Gaudencio-800.jpg","contentUrl":"https:\/\/franciscanos.org.br\/noticias\/wp-content\/uploads\/2025\/07\/Gaudencio-800.jpg","width":800,"height":550},{"@type":"WebPage","@id":"https:\/\/franciscanos.org.br\/noticias\/frei-gaudencio-sens-recebe-a-vista-da-irma-morte-e-retorna-a-casa-do-pai.html#webpage","url":"https:\/\/franciscanos.org.br\/noticias\/frei-gaudencio-sens-recebe-a-vista-da-irma-morte-e-retorna-a-casa-do-pai.html","name":"Frei Gaud\u00eancio Sens recebe a visita da Irm\u00e3 Morte e retorna \u00e0 casa do Pai - Not\u00edcias - Franciscanos","isPartOf":{"@id":"https:\/\/franciscanos.org.br\/noticias\/#website"},"primaryImageOfPage":{"@id":"https:\/\/franciscanos.org.br\/noticias\/frei-gaudencio-sens-recebe-a-vista-da-irma-morte-e-retorna-a-casa-do-pai.html#primaryimage"},"datePublished":"2025-07-28T11:09:57+00:00","dateModified":"2025-07-28T12:10:47+00:00","author":{"@id":"https:\/\/franciscanos.org.br\/noticias\/#\/schema\/person\/d9422e83121c3ad3b0f423d195f5bb25"},"breadcrumb":{"@id":"https:\/\/franciscanos.org.br\/noticias\/frei-gaudencio-sens-recebe-a-vista-da-irma-morte-e-retorna-a-casa-do-pai.html#breadcrumb"},"inLanguage":"pt-BR","potentialAction":[{"@type":"ReadAction","target":["https:\/\/franciscanos.org.br\/noticias\/frei-gaudencio-sens-recebe-a-vista-da-irma-morte-e-retorna-a-casa-do-pai.html"]}]},{"@type":"BreadcrumbList","@id":"https:\/\/franciscanos.org.br\/noticias\/frei-gaudencio-sens-recebe-a-vista-da-irma-morte-e-retorna-a-casa-do-pai.html#breadcrumb","itemListElement":[{"@type":"ListItem","position":1,"name":"Home","item":"https:\/\/franciscanos.org.br\/noticias"},{"@type":"ListItem","position":2,"name":"Frei Gaud\u00eancio Sens recebe a visita da Irm\u00e3 Morte e retorna \u00e0 casa do Pai"}]},{"@type":"Person","@id":"https:\/\/franciscanos.org.br\/noticias\/#\/schema\/person\/d9422e83121c3ad3b0f423d195f5bb25","name":"Adriana Rabelo","image":{"@type":"ImageObject","inLanguage":"pt-BR","@id":"https:\/\/franciscanos.org.br\/noticias\/#\/schema\/person\/image\/","url":"https:\/\/secure.gravatar.com\/avatar\/0a937b7500cd7df77540cfb8bede877d?s=96&d=mm&r=g","contentUrl":"https:\/\/secure.gravatar.com\/avatar\/0a937b7500cd7df77540cfb8bede877d?s=96&d=mm&r=g","caption":"Adriana Rabelo"},"url":"https:\/\/franciscanos.org.br\/noticias\/author\/adrianarabelo"}]}},"_links":{"self":[{"href":"https:\/\/franciscanos.org.br\/noticias\/wp-json\/wp\/v2\/posts\/259011"}],"collection":[{"href":"https:\/\/franciscanos.org.br\/noticias\/wp-json\/wp\/v2\/posts"}],"about":[{"href":"https:\/\/franciscanos.org.br\/noticias\/wp-json\/wp\/v2\/types\/post"}],"author":[{"embeddable":true,"href":"https:\/\/franciscanos.org.br\/noticias\/wp-json\/wp\/v2\/users\/11"}],"replies":[{"embeddable":true,"href":"https:\/\/franciscanos.org.br\/noticias\/wp-json\/wp\/v2\/comments?post=259011"}],"version-history":[{"count":10,"href":"https:\/\/franciscanos.org.br\/noticias\/wp-json\/wp\/v2\/posts\/259011\/revisions"}],"predecessor-version":[{"id":259033,"href":"https:\/\/franciscanos.org.br\/noticias\/wp-json\/wp\/v2\/posts\/259011\/revisions\/259033"}],"wp:featuredmedia":[{"embeddable":true,"href":"https:\/\/franciscanos.org.br\/noticias\/wp-json\/wp\/v2\/media\/259013"}],"wp:attachment":[{"href":"https:\/\/franciscanos.org.br\/noticias\/wp-json\/wp\/v2\/media?parent=259011"}],"wp:term":[{"taxonomy":"category","embeddable":true,"href":"https:\/\/franciscanos.org.br\/noticias\/wp-json\/wp\/v2\/categories?post=259011"},{"taxonomy":"post_tag","embeddable":true,"href":"https:\/\/franciscanos.org.br\/noticias\/wp-json\/wp\/v2\/tags?post=259011"}],"curies":[{"name":"wp","href":"https:\/\/api.w.org\/{rel}","templated":true}]}}