{"id":258976,"date":"2025-07-25T11:33:54","date_gmt":"2025-07-25T14:33:54","guid":{"rendered":"https:\/\/franciscanos.org.br\/noticias\/?p=258976"},"modified":"2025-07-28T15:30:05","modified_gmt":"2025-07-28T18:30:05","slug":"fundacao-imaculada-mae-de-deus-de-angola-celebra-a-renovacao-dos-votos-de-dez-frades","status":"publish","type":"post","link":"https:\/\/franciscanos.org.br\/noticias\/fundacao-imaculada-mae-de-deus-de-angola-celebra-a-renovacao-dos-votos-de-dez-frades.html","title":{"rendered":"Funda\u00e7\u00e3o Imaculada M\u00e3e de Deus de Angola celebra a Renova\u00e7\u00e3o dos Votos de dez frades"},"content":{"rendered":"<p><img loading=\"lazy\" class=\"aligncenter wp-image-258977 size-full\" src=\"https:\/\/franciscanos.org.br\/noticias\/wp-content\/uploads\/2025\/07\/MATERIA-1-16.png\" alt=\"\" width=\"1280\" height=\"720\" srcset=\"https:\/\/franciscanos.org.br\/noticias\/wp-content\/uploads\/2025\/07\/MATERIA-1-16.png 1280w, https:\/\/franciscanos.org.br\/noticias\/wp-content\/uploads\/2025\/07\/MATERIA-1-16-450x253.png 450w, https:\/\/franciscanos.org.br\/noticias\/wp-content\/uploads\/2025\/07\/MATERIA-1-16-1024x576.png 1024w, https:\/\/franciscanos.org.br\/noticias\/wp-content\/uploads\/2025\/07\/MATERIA-1-16-768x432.png 768w, https:\/\/franciscanos.org.br\/noticias\/wp-content\/uploads\/2025\/07\/MATERIA-1-16-150x84.png 150w\" sizes=\"(max-width: 1280px) 100vw, 1280px\" \/><\/p>\n<p>Nesta quinta-feira, 24 de julho, \u00e0s 10h, hor\u00e1rio de Angola, a Fraternidade S\u00e3o Francisco de Assis, em Palanca, celebrou a Renova\u00e7\u00e3o dos Votos de Frei Afonso Domingos Kalei; Frei Ant\u00f3nio Greg\u00f3rio Henda Alfredo; Frei Celestino Ant\u00f3nio Jos\u00e9; Frei Edv\u00e2nio Sampaio Quitala; Frei Isaac Catumbela Livongue; Frei Jos\u00e9 Tchissende Tchiwale; Frei Lu\u00eds Feliciano Lucas Anacleto; Frei Pedro Kiambi Jo\u00e3o; Frei Soares Sim\u00e3o Menezes Gon\u00e7alves e Frei Tor\u00edbio da Cruz Waia Ndumbu.<\/p>\n<p>Na busca pela observ\u00e2ncia do itiner\u00e1rio de vida proposto por S\u00e3o Francisco de Assis, exposto na regra no seu cap\u00edtulo I, que retrata sua observ\u00e2ncia ao Evangelho de nosso senhor Jesus Cristo. Na qual tamb\u00e9m evidencia sua vida em Obedi\u00eancia, sem nada de pr\u00f3prio e em castidade, sendo o mesmo conciliado pelo artigo 1 das CCGG, nos seus paragr\u00e1fos 1e 2, onde explicita a proposta de conduzir uma vida de ora\u00e7\u00e3o, devoc\u00e3o, fraternidade e minoridade; pregando assim, a paz, a reconcilia\u00e7\u00e3o, a justi\u00e7a e o respeito pelo criado; os irm\u00e3os renovaram seu Sim a Deus e \u00e0 Ordem do Frades Menores.<\/p>\n<p><img loading=\"lazy\" class=\"aligncenter wp-image-258979 size-full\" src=\"https:\/\/franciscanos.org.br\/noticias\/wp-content\/uploads\/2025\/07\/MATERIA2-3.png\" alt=\"\" width=\"1280\" height=\"720\" srcset=\"https:\/\/franciscanos.org.br\/noticias\/wp-content\/uploads\/2025\/07\/MATERIA2-3.png 1280w, https:\/\/franciscanos.org.br\/noticias\/wp-content\/uploads\/2025\/07\/MATERIA2-3-450x253.png 450w, https:\/\/franciscanos.org.br\/noticias\/wp-content\/uploads\/2025\/07\/MATERIA2-3-1024x576.png 1024w, https:\/\/franciscanos.org.br\/noticias\/wp-content\/uploads\/2025\/07\/MATERIA2-3-768x432.png 768w, https:\/\/franciscanos.org.br\/noticias\/wp-content\/uploads\/2025\/07\/MATERIA2-3-150x84.png 150w\" sizes=\"(max-width: 1280px) 100vw, 1280px\" \/><\/p>\n<p>O momento contou com a presen\u00e7a de v\u00e1rios confrades vindo de outras fraternidades da Prov\u00edncia, para acompanhar o momento sublime conduzido pelo Frei Gustavo Wayand Medella, Vig\u00e1rio Provincial da Prov\u00edncia da Imaculada concei\u00e7\u00e3o do Brasil. Com s\u00e1bias palavras, refletindo sobre o texto da \u201cVida de S\u00e3o Francisco de Assis, I Celano\u201d, o frade convidou todos os presentes a perceberem que na base da palavra \u201crenova\u00e7\u00e3o\u201d est\u00e1 o radical \u201cnovo\u201d pelo qual S\u00e3o Francisco de Assis era atra\u00eddo e apaixonado: \u201cUm \u2018novo\u2019 que d\u00e1 significado e sentido ao que j\u00e1 faz parte da vida, isto \u00e9, o Evangelho, a Boa Nova. Assim, acreditar no \u2018novo\u2019 \u00e9 saber que no desconhecido posso encontrar dificuldades e barreiras, mas ser\u00e3o superadas\u201d, salientou o Vig\u00e1rio Provincial. Ele ainda destacou que o frade deve ser criativo, aceitando e assumindo sua miss\u00e3o, sem desculpas, mas buscando sempre solu\u00e7\u00f5es para os problemas que encontra ao longo de sua caminhada. De forma que seja aquele que faz acontecer a vida franciscana onde quer que esteja.<\/p>\n<p><img loading=\"lazy\" class=\"aligncenter wp-image-258981 size-full\" src=\"https:\/\/franciscanos.org.br\/noticias\/wp-content\/uploads\/2025\/07\/MATERIA-3-3.png\" alt=\"\" width=\"1280\" height=\"720\" srcset=\"https:\/\/franciscanos.org.br\/noticias\/wp-content\/uploads\/2025\/07\/MATERIA-3-3.png 1280w, https:\/\/franciscanos.org.br\/noticias\/wp-content\/uploads\/2025\/07\/MATERIA-3-3-450x253.png 450w, https:\/\/franciscanos.org.br\/noticias\/wp-content\/uploads\/2025\/07\/MATERIA-3-3-1024x576.png 1024w, https:\/\/franciscanos.org.br\/noticias\/wp-content\/uploads\/2025\/07\/MATERIA-3-3-768x432.png 768w, https:\/\/franciscanos.org.br\/noticias\/wp-content\/uploads\/2025\/07\/MATERIA-3-3-150x84.png 150w\" sizes=\"(max-width: 1280px) 100vw, 1280px\" \/><\/p>\n<p>Durante a cerim\u00f4nia de Renova\u00e7\u00e3o dos Votos, Frei Gustavo encorajou os dez frades a seguirem em frente, sendo homens de solu\u00e7\u00f5es e criativos, crescendo e se fortalecendo no \u201cSim\u201d que, para Deus, j\u00e1 \u00e9 pleno. Ele sugeriu aos jovens confrades que busquem o desafio da criatividade e regenerando-se sempre no Evangelho do Senhor. E como conselho de quem j\u00e1 est\u00e1 h\u00e1 mais tempo na caminhada religiosa pediu que desanimem, nem se entreguem ao pessimismo. \u201cLan\u00e7ai-vos aos expedientes que a vida franciscana tem, de ora\u00e7\u00e3o, trabalho, fraternidade e estudo\u201d.<\/p>\n<p><img loading=\"lazy\" class=\"aligncenter wp-image-258982 size-full\" src=\"https:\/\/franciscanos.org.br\/noticias\/wp-content\/uploads\/2025\/07\/MATERIA-5-2.png\" alt=\"\" width=\"1280\" height=\"720\" srcset=\"https:\/\/franciscanos.org.br\/noticias\/wp-content\/uploads\/2025\/07\/MATERIA-5-2.png 1280w, https:\/\/franciscanos.org.br\/noticias\/wp-content\/uploads\/2025\/07\/MATERIA-5-2-450x253.png 450w, https:\/\/franciscanos.org.br\/noticias\/wp-content\/uploads\/2025\/07\/MATERIA-5-2-1024x576.png 1024w, https:\/\/franciscanos.org.br\/noticias\/wp-content\/uploads\/2025\/07\/MATERIA-5-2-768x432.png 768w, https:\/\/franciscanos.org.br\/noticias\/wp-content\/uploads\/2025\/07\/MATERIA-5-2-150x84.png 150w\" sizes=\"(max-width: 1280px) 100vw, 1280px\" \/><\/p>\n<p>Firmes na esperan\u00e7a que n\u00e3o engana e na certeza da f\u00e9 de que a vida franciscana vale a pena, cada confrade prop\u00f4s-se a reabra\u00e7ar e a reafirmar os compromissos com Deus, consigo mesmo, com a vida fraterna e n\u00e3o s\u00f3, fazendo valer a afirma\u00e7\u00e3o de S\u00e3o Francisco de Assis, inspirado pelo Evangelho de Lucas 9, 3: <em>N\u00e3o leveis coisa alguma para o caminho, nem bord\u00e3o, nem mochila, nem p\u00e3o, nem dinheiro, nem tenhais duas t\u00fanicas<\/em>. \u00a0\u201c\u00c9 isto que eu quero, \u00e9 isto que eu preciso fazer de todo meu cora\u00e7\u00e3o\u201d. (S\u00e3o Francisco de Assis)<\/p>\n<hr \/>\n<p><em>Equipe de Comunica\u00e7\u00e3o Fraternidade S\u00e3o Francisco de Assis de Palanca<\/em><\/p>\n\n\t\t<style type=\"text\/css\">\n\t\t\t#gallery-1 {\n\t\t\t\tmargin: auto;\n\t\t\t}\n\t\t\t#gallery-1 .gallery-item {\n\t\t\t\tfloat: left;\n\t\t\t\tmargin-top: 10px;\n\t\t\t\ttext-align: center;\n\t\t\t\twidth: 25%;\n\t\t\t}\n\t\t\t#gallery-1 img {\n\t\t\t\tborder: 2px solid #cfcfcf;\n\t\t\t}\n\t\t\t#gallery-1 .gallery-caption {\n\t\t\t\tmargin-left: 0;\n\t\t\t}\n\t\t\t\/* see gallery_shortcode() in wp-includes\/media.php *\/\n\t\t<\/style>\n\t\t<div id='gallery-1' class='gallery galleryid-258976 gallery-columns-4 gallery-size-thumbnail'><dl class='gallery-item'>\n\t\t\t<dt class='gallery-icon landscape'>\n\t\t\t\t<a href='https:\/\/franciscanos.org.br\/noticias\/wp-content\/uploads\/2025\/07\/WhatsApp-Image-2025-07-25-at-10.58.38-7-scaled.jpeg'><img width=\"300\" height=\"300\" src=\"https:\/\/franciscanos.org.br\/noticias\/wp-content\/uploads\/2025\/07\/WhatsApp-Image-2025-07-25-at-10.58.38-7-300x300.jpeg\" class=\"attachment-thumbnail size-thumbnail\" alt=\"\" loading=\"lazy\" srcset=\"https:\/\/franciscanos.org.br\/noticias\/wp-content\/uploads\/2025\/07\/WhatsApp-Image-2025-07-25-at-10.58.38-7-300x300.jpeg 300w, https:\/\/franciscanos.org.br\/noticias\/wp-content\/uploads\/2025\/07\/WhatsApp-Image-2025-07-25-at-10.58.38-7-100x100.jpeg 100w\" sizes=\"(max-width: 300px) 100vw, 300px\" \/><\/a>\n\t\t\t<\/dt><\/dl><dl class='gallery-item'>\n\t\t\t<dt class='gallery-icon landscape'>\n\t\t\t\t<a href='https:\/\/franciscanos.org.br\/noticias\/wp-content\/uploads\/2025\/07\/WhatsApp-Image-2025-07-25-at-10.58.38-8-scaled.jpeg'><img width=\"300\" height=\"300\" src=\"https:\/\/franciscanos.org.br\/noticias\/wp-content\/uploads\/2025\/07\/WhatsApp-Image-2025-07-25-at-10.58.38-8-300x300.jpeg\" class=\"attachment-thumbnail size-thumbnail\" alt=\"\" loading=\"lazy\" srcset=\"https:\/\/franciscanos.org.br\/noticias\/wp-content\/uploads\/2025\/07\/WhatsApp-Image-2025-07-25-at-10.58.38-8-300x300.jpeg 300w, https:\/\/franciscanos.org.br\/noticias\/wp-content\/uploads\/2025\/07\/WhatsApp-Image-2025-07-25-at-10.58.38-8-100x100.jpeg 100w\" sizes=\"(max-width: 300px) 100vw, 300px\" \/><\/a>\n\t\t\t<\/dt><\/dl><dl class='gallery-item'>\n\t\t\t<dt class='gallery-icon landscape'>\n\t\t\t\t<a href='https:\/\/franciscanos.org.br\/noticias\/wp-content\/uploads\/2025\/07\/WhatsApp-Image-2025-07-25-at-10.58.38-10-scaled.jpeg'><img width=\"300\" height=\"300\" src=\"https:\/\/franciscanos.org.br\/noticias\/wp-content\/uploads\/2025\/07\/WhatsApp-Image-2025-07-25-at-10.58.38-10-300x300.jpeg\" class=\"attachment-thumbnail size-thumbnail\" alt=\"\" loading=\"lazy\" srcset=\"https:\/\/franciscanos.org.br\/noticias\/wp-content\/uploads\/2025\/07\/WhatsApp-Image-2025-07-25-at-10.58.38-10-300x300.jpeg 300w, https:\/\/franciscanos.org.br\/noticias\/wp-content\/uploads\/2025\/07\/WhatsApp-Image-2025-07-25-at-10.58.38-10-100x100.jpeg 100w\" sizes=\"(max-width: 300px) 100vw, 300px\" \/><\/a>\n\t\t\t<\/dt><\/dl><dl class='gallery-item'>\n\t\t\t<dt class='gallery-icon landscape'>\n\t\t\t\t<a href='https:\/\/franciscanos.org.br\/noticias\/wp-content\/uploads\/2025\/07\/WhatsApp-Image-2025-07-25-at-10.58.39-5-scaled.jpeg'><img width=\"300\" height=\"300\" src=\"https:\/\/franciscanos.org.br\/noticias\/wp-content\/uploads\/2025\/07\/WhatsApp-Image-2025-07-25-at-10.58.39-5-300x300.jpeg\" class=\"attachment-thumbnail size-thumbnail\" alt=\"\" loading=\"lazy\" srcset=\"https:\/\/franciscanos.org.br\/noticias\/wp-content\/uploads\/2025\/07\/WhatsApp-Image-2025-07-25-at-10.58.39-5-300x300.jpeg 300w, https:\/\/franciscanos.org.br\/noticias\/wp-content\/uploads\/2025\/07\/WhatsApp-Image-2025-07-25-at-10.58.39-5-100x100.jpeg 100w\" sizes=\"(max-width: 300px) 100vw, 300px\" \/><\/a>\n\t\t\t<\/dt><\/dl><br style=\"clear: both\" \/>\n\t\t<\/div>\n\n","protected":false},"excerpt":{"rendered":"<p>Voca\u00e7\u00f5es Franciscanas<\/p>\n","protected":false},"author":11,"featured_media":258978,"comment_status":"open","ping_status":"open","sticky":false,"template":"","format":"standard","meta":[],"categories":[1],"tags":[195,2373,1152],"acf":[],"yoast_head":"<!-- This site is optimized with the Yoast SEO plugin v19.2 - https:\/\/yoast.com\/wordpress\/plugins\/seo\/ -->\n<title>Funda\u00e7\u00e3o Imaculada M\u00e3e de Deus de Angola celebra a Renova\u00e7\u00e3o dos Votos de dez frades - Not\u00edcias - Franciscanos<\/title>\n<meta name=\"robots\" content=\"index, follow, max-snippet:-1, max-image-preview:large, max-video-preview:-1\" \/>\n<link rel=\"canonical\" href=\"https:\/\/franciscanos.org.br\/noticias\/fundacao-imaculada-mae-de-deus-de-angola-celebra-a-renovacao-dos-votos-de-dez-frades.html\" \/>\n<meta property=\"og:locale\" content=\"pt_BR\" \/>\n<meta property=\"og:type\" content=\"article\" \/>\n<meta property=\"og:title\" content=\"Funda\u00e7\u00e3o Imaculada M\u00e3e de Deus de Angola celebra a Renova\u00e7\u00e3o dos Votos de dez frades - Not\u00edcias - Franciscanos\" \/>\n<meta property=\"og:description\" content=\"Voca\u00e7\u00f5es Franciscanas\" \/>\n<meta property=\"og:url\" content=\"https:\/\/franciscanos.org.br\/noticias\/fundacao-imaculada-mae-de-deus-de-angola-celebra-a-renovacao-dos-votos-de-dez-frades.html\" \/>\n<meta property=\"og:site_name\" content=\"Not\u00edcias - Franciscanos\" \/>\n<meta property=\"article:published_time\" content=\"2025-07-25T14:33:54+00:00\" \/>\n<meta property=\"article:modified_time\" content=\"2025-07-28T18:30:05+00:00\" \/>\n<meta property=\"og:image\" content=\"https:\/\/franciscanos.org.br\/noticias\/wp-content\/uploads\/2025\/07\/chamada-11.png\" \/>\n\t<meta property=\"og:image:width\" content=\"800\" \/>\n\t<meta property=\"og:image:height\" content=\"550\" \/>\n\t<meta property=\"og:image:type\" content=\"image\/png\" \/>\n<meta name=\"author\" content=\"Adriana Rabelo\" \/>\n<meta name=\"twitter:card\" content=\"summary_large_image\" \/>\n<meta name=\"twitter:label1\" content=\"Escrito por\" \/>\n\t<meta name=\"twitter:data1\" content=\"Adriana Rabelo\" \/>\n\t<meta name=\"twitter:label2\" content=\"Est. tempo de leitura\" \/>\n\t<meta name=\"twitter:data2\" content=\"3 minutos\" \/>\n<script type=\"application\/ld+json\" class=\"yoast-schema-graph\">{\"@context\":\"https:\/\/schema.org\",\"@graph\":[{\"@type\":\"WebSite\",\"@id\":\"https:\/\/franciscanos.org.br\/noticias\/#website\",\"url\":\"https:\/\/franciscanos.org.br\/noticias\/\",\"name\":\"Not\u00edcias - Franciscanos\",\"description\":\"Prov\u00edncia Franciscana da Imaculada Concei\u00e7\u00e3o do Brasil - Ordem dos Frades Menores - OFM\",\"potentialAction\":[{\"@type\":\"SearchAction\",\"target\":{\"@type\":\"EntryPoint\",\"urlTemplate\":\"https:\/\/franciscanos.org.br\/noticias\/?s={search_term_string}\"},\"query-input\":\"required name=search_term_string\"}],\"inLanguage\":\"pt-BR\"},{\"@type\":\"ImageObject\",\"inLanguage\":\"pt-BR\",\"@id\":\"https:\/\/franciscanos.org.br\/noticias\/fundacao-imaculada-mae-de-deus-de-angola-celebra-a-renovacao-dos-votos-de-dez-frades.html#primaryimage\",\"url\":\"https:\/\/franciscanos.org.br\/noticias\/wp-content\/uploads\/2025\/07\/chamada-11.png\",\"contentUrl\":\"https:\/\/franciscanos.org.br\/noticias\/wp-content\/uploads\/2025\/07\/chamada-11.png\",\"width\":800,\"height\":550},{\"@type\":\"WebPage\",\"@id\":\"https:\/\/franciscanos.org.br\/noticias\/fundacao-imaculada-mae-de-deus-de-angola-celebra-a-renovacao-dos-votos-de-dez-frades.html#webpage\",\"url\":\"https:\/\/franciscanos.org.br\/noticias\/fundacao-imaculada-mae-de-deus-de-angola-celebra-a-renovacao-dos-votos-de-dez-frades.html\",\"name\":\"Funda\u00e7\u00e3o Imaculada M\u00e3e de Deus de Angola celebra a Renova\u00e7\u00e3o dos Votos de dez frades - Not\u00edcias - Franciscanos\",\"isPartOf\":{\"@id\":\"https:\/\/franciscanos.org.br\/noticias\/#website\"},\"primaryImageOfPage\":{\"@id\":\"https:\/\/franciscanos.org.br\/noticias\/fundacao-imaculada-mae-de-deus-de-angola-celebra-a-renovacao-dos-votos-de-dez-frades.html#primaryimage\"},\"datePublished\":\"2025-07-25T14:33:54+00:00\",\"dateModified\":\"2025-07-28T18:30:05+00:00\",\"author\":{\"@id\":\"https:\/\/franciscanos.org.br\/noticias\/#\/schema\/person\/d9422e83121c3ad3b0f423d195f5bb25\"},\"breadcrumb\":{\"@id\":\"https:\/\/franciscanos.org.br\/noticias\/fundacao-imaculada-mae-de-deus-de-angola-celebra-a-renovacao-dos-votos-de-dez-frades.html#breadcrumb\"},\"inLanguage\":\"pt-BR\",\"potentialAction\":[{\"@type\":\"ReadAction\",\"target\":[\"https:\/\/franciscanos.org.br\/noticias\/fundacao-imaculada-mae-de-deus-de-angola-celebra-a-renovacao-dos-votos-de-dez-frades.html\"]}]},{\"@type\":\"BreadcrumbList\",\"@id\":\"https:\/\/franciscanos.org.br\/noticias\/fundacao-imaculada-mae-de-deus-de-angola-celebra-a-renovacao-dos-votos-de-dez-frades.html#breadcrumb\",\"itemListElement\":[{\"@type\":\"ListItem\",\"position\":1,\"name\":\"Home\",\"item\":\"https:\/\/franciscanos.org.br\/noticias\"},{\"@type\":\"ListItem\",\"position\":2,\"name\":\"Funda\u00e7\u00e3o Imaculada M\u00e3e de Deus de Angola celebra a Renova\u00e7\u00e3o dos Votos de dez frades\"}]},{\"@type\":\"Person\",\"@id\":\"https:\/\/franciscanos.org.br\/noticias\/#\/schema\/person\/d9422e83121c3ad3b0f423d195f5bb25\",\"name\":\"Adriana Rabelo\",\"image\":{\"@type\":\"ImageObject\",\"inLanguage\":\"pt-BR\",\"@id\":\"https:\/\/franciscanos.org.br\/noticias\/#\/schema\/person\/image\/\",\"url\":\"https:\/\/secure.gravatar.com\/avatar\/0a937b7500cd7df77540cfb8bede877d?s=96&d=mm&r=g\",\"contentUrl\":\"https:\/\/secure.gravatar.com\/avatar\/0a937b7500cd7df77540cfb8bede877d?s=96&d=mm&r=g\",\"caption\":\"Adriana Rabelo\"},\"url\":\"https:\/\/franciscanos.org.br\/noticias\/author\/adrianarabelo\"}]}<\/script>\n<!-- \/ Yoast SEO plugin. -->","yoast_head_json":{"title":"Funda\u00e7\u00e3o Imaculada M\u00e3e de Deus de Angola celebra a Renova\u00e7\u00e3o dos Votos de dez frades - Not\u00edcias - Franciscanos","robots":{"index":"index","follow":"follow","max-snippet":"max-snippet:-1","max-image-preview":"max-image-preview:large","max-video-preview":"max-video-preview:-1"},"canonical":"https:\/\/franciscanos.org.br\/noticias\/fundacao-imaculada-mae-de-deus-de-angola-celebra-a-renovacao-dos-votos-de-dez-frades.html","og_locale":"pt_BR","og_type":"article","og_title":"Funda\u00e7\u00e3o Imaculada M\u00e3e de Deus de Angola celebra a Renova\u00e7\u00e3o dos Votos de dez frades - Not\u00edcias - Franciscanos","og_description":"Voca\u00e7\u00f5es Franciscanas","og_url":"https:\/\/franciscanos.org.br\/noticias\/fundacao-imaculada-mae-de-deus-de-angola-celebra-a-renovacao-dos-votos-de-dez-frades.html","og_site_name":"Not\u00edcias - Franciscanos","article_published_time":"2025-07-25T14:33:54+00:00","article_modified_time":"2025-07-28T18:30:05+00:00","og_image":[{"width":800,"height":550,"url":"https:\/\/franciscanos.org.br\/noticias\/wp-content\/uploads\/2025\/07\/chamada-11.png","type":"image\/png"}],"author":"Adriana Rabelo","twitter_card":"summary_large_image","twitter_misc":{"Escrito por":"Adriana Rabelo","Est. tempo de leitura":"3 minutos"},"schema":{"@context":"https:\/\/schema.org","@graph":[{"@type":"WebSite","@id":"https:\/\/franciscanos.org.br\/noticias\/#website","url":"https:\/\/franciscanos.org.br\/noticias\/","name":"Not\u00edcias - Franciscanos","description":"Prov\u00edncia Franciscana da Imaculada Concei\u00e7\u00e3o do Brasil - Ordem dos Frades Menores - OFM","potentialAction":[{"@type":"SearchAction","target":{"@type":"EntryPoint","urlTemplate":"https:\/\/franciscanos.org.br\/noticias\/?s={search_term_string}"},"query-input":"required name=search_term_string"}],"inLanguage":"pt-BR"},{"@type":"ImageObject","inLanguage":"pt-BR","@id":"https:\/\/franciscanos.org.br\/noticias\/fundacao-imaculada-mae-de-deus-de-angola-celebra-a-renovacao-dos-votos-de-dez-frades.html#primaryimage","url":"https:\/\/franciscanos.org.br\/noticias\/wp-content\/uploads\/2025\/07\/chamada-11.png","contentUrl":"https:\/\/franciscanos.org.br\/noticias\/wp-content\/uploads\/2025\/07\/chamada-11.png","width":800,"height":550},{"@type":"WebPage","@id":"https:\/\/franciscanos.org.br\/noticias\/fundacao-imaculada-mae-de-deus-de-angola-celebra-a-renovacao-dos-votos-de-dez-frades.html#webpage","url":"https:\/\/franciscanos.org.br\/noticias\/fundacao-imaculada-mae-de-deus-de-angola-celebra-a-renovacao-dos-votos-de-dez-frades.html","name":"Funda\u00e7\u00e3o Imaculada M\u00e3e de Deus de Angola celebra a Renova\u00e7\u00e3o dos Votos de dez frades - Not\u00edcias - Franciscanos","isPartOf":{"@id":"https:\/\/franciscanos.org.br\/noticias\/#website"},"primaryImageOfPage":{"@id":"https:\/\/franciscanos.org.br\/noticias\/fundacao-imaculada-mae-de-deus-de-angola-celebra-a-renovacao-dos-votos-de-dez-frades.html#primaryimage"},"datePublished":"2025-07-25T14:33:54+00:00","dateModified":"2025-07-28T18:30:05+00:00","author":{"@id":"https:\/\/franciscanos.org.br\/noticias\/#\/schema\/person\/d9422e83121c3ad3b0f423d195f5bb25"},"breadcrumb":{"@id":"https:\/\/franciscanos.org.br\/noticias\/fundacao-imaculada-mae-de-deus-de-angola-celebra-a-renovacao-dos-votos-de-dez-frades.html#breadcrumb"},"inLanguage":"pt-BR","potentialAction":[{"@type":"ReadAction","target":["https:\/\/franciscanos.org.br\/noticias\/fundacao-imaculada-mae-de-deus-de-angola-celebra-a-renovacao-dos-votos-de-dez-frades.html"]}]},{"@type":"BreadcrumbList","@id":"https:\/\/franciscanos.org.br\/noticias\/fundacao-imaculada-mae-de-deus-de-angola-celebra-a-renovacao-dos-votos-de-dez-frades.html#breadcrumb","itemListElement":[{"@type":"ListItem","position":1,"name":"Home","item":"https:\/\/franciscanos.org.br\/noticias"},{"@type":"ListItem","position":2,"name":"Funda\u00e7\u00e3o Imaculada M\u00e3e de Deus de Angola celebra a Renova\u00e7\u00e3o dos Votos de dez frades"}]},{"@type":"Person","@id":"https:\/\/franciscanos.org.br\/noticias\/#\/schema\/person\/d9422e83121c3ad3b0f423d195f5bb25","name":"Adriana Rabelo","image":{"@type":"ImageObject","inLanguage":"pt-BR","@id":"https:\/\/franciscanos.org.br\/noticias\/#\/schema\/person\/image\/","url":"https:\/\/secure.gravatar.com\/avatar\/0a937b7500cd7df77540cfb8bede877d?s=96&d=mm&r=g","contentUrl":"https:\/\/secure.gravatar.com\/avatar\/0a937b7500cd7df77540cfb8bede877d?s=96&d=mm&r=g","caption":"Adriana Rabelo"},"url":"https:\/\/franciscanos.org.br\/noticias\/author\/adrianarabelo"}]}},"_links":{"self":[{"href":"https:\/\/franciscanos.org.br\/noticias\/wp-json\/wp\/v2\/posts\/258976"}],"collection":[{"href":"https:\/\/franciscanos.org.br\/noticias\/wp-json\/wp\/v2\/posts"}],"about":[{"href":"https:\/\/franciscanos.org.br\/noticias\/wp-json\/wp\/v2\/types\/post"}],"author":[{"embeddable":true,"href":"https:\/\/franciscanos.org.br\/noticias\/wp-json\/wp\/v2\/users\/11"}],"replies":[{"embeddable":true,"href":"https:\/\/franciscanos.org.br\/noticias\/wp-json\/wp\/v2\/comments?post=258976"}],"version-history":[{"count":5,"href":"https:\/\/franciscanos.org.br\/noticias\/wp-json\/wp\/v2\/posts\/258976\/revisions"}],"predecessor-version":[{"id":259034,"href":"https:\/\/franciscanos.org.br\/noticias\/wp-json\/wp\/v2\/posts\/258976\/revisions\/259034"}],"wp:featuredmedia":[{"embeddable":true,"href":"https:\/\/franciscanos.org.br\/noticias\/wp-json\/wp\/v2\/media\/258978"}],"wp:attachment":[{"href":"https:\/\/franciscanos.org.br\/noticias\/wp-json\/wp\/v2\/media?parent=258976"}],"wp:term":[{"taxonomy":"category","embeddable":true,"href":"https:\/\/franciscanos.org.br\/noticias\/wp-json\/wp\/v2\/categories?post=258976"},{"taxonomy":"post_tag","embeddable":true,"href":"https:\/\/franciscanos.org.br\/noticias\/wp-json\/wp\/v2\/tags?post=258976"}],"curies":[{"name":"wp","href":"https:\/\/api.w.org\/{rel}","templated":true}]}}