{"id":258890,"date":"2025-07-24T08:51:24","date_gmt":"2025-07-24T11:51:24","guid":{"rendered":"https:\/\/franciscanos.org.br\/noticias\/?p=258890"},"modified":"2025-08-26T16:02:31","modified_gmt":"2025-08-26T19:02:31","slug":"admissao-dos-novicos-e-primeira-profissao-na-fundacao-franciscana-imaculada-mae-de-deus-de-angola","status":"publish","type":"post","link":"https:\/\/franciscanos.org.br\/noticias\/admissao-dos-novicos-e-primeira-profissao-na-fundacao-franciscana-imaculada-mae-de-deus-de-angola.html","title":{"rendered":"Admiss\u00e3o dos Novi\u00e7os e Primeira Profiss\u00e3o na Funda\u00e7\u00e3o Franciscana Imaculada M\u00e3e de Deus de Angola!"},"content":{"rendered":"<p><img loading=\"lazy\" class=\"alignnone size-full wp-image-258892\" src=\"https:\/\/franciscanos.org.br\/noticias\/wp-content\/uploads\/2025\/07\/novicos-1280.jpg\" alt=\"\" width=\"1280\" height=\"720\" srcset=\"https:\/\/franciscanos.org.br\/noticias\/wp-content\/uploads\/2025\/07\/novicos-1280.jpg 1280w, https:\/\/franciscanos.org.br\/noticias\/wp-content\/uploads\/2025\/07\/novicos-1280-450x253.jpg 450w, https:\/\/franciscanos.org.br\/noticias\/wp-content\/uploads\/2025\/07\/novicos-1280-1024x576.jpg 1024w, https:\/\/franciscanos.org.br\/noticias\/wp-content\/uploads\/2025\/07\/novicos-1280-768x432.jpg 768w, https:\/\/franciscanos.org.br\/noticias\/wp-content\/uploads\/2025\/07\/novicos-1280-150x84.jpg 150w\" sizes=\"(max-width: 1280px) 100vw, 1280px\" \/><\/p>\n<p>No pr\u00f3ximo dia 25 de julho, sexta-feira, \u00e0s 18h30 na ora\u00e7\u00e3o das V\u00e9speras, nove Postulantes ser\u00e3o admitidos ao Noviciado na Fraternidade Santo Ant\u00f3nio, Noviciado S\u00e3o Jos\u00e9, na cidade de Kibala, Kwanza Sul, Angola.<\/p>\n<p>O Noviciado para n\u00f3s, conforme as nossas Constitui\u00e7\u00f5es Gerais no seu Art. 152, \u00e9 um tempo em que ap\u00f3s o Postulantado, os irm\u00e3os em Forma\u00e7\u00e3o Inicial, como novi\u00e7os come\u00e7am a vida na Ordem. Sendo, portanto, um per\u00edodo de forma\u00e7\u00e3o mais intensa e que tem por objetivo fazer com que eles por uma vida simples e progressiva nos costumes e valores aos quais j\u00e1 foram introduzidos desde o in\u00edcio de sua caminhada formativa conosco, continuem a conhecer e experimentar a forma de vida de S\u00e3o Francisco. E, dessa forma, se deixem impregnar mais profundamente na mente e no cora\u00e7\u00e3o do mesmo esp\u00edrito que moveu S\u00e3o Francisco de Assis no seu discipulado de Nosso Senhor Jesus Cristo. E, deste modo, seguindo os passos de Jesus, avaliem melhor o chamado que o Senhor lhes fez e comprovem n\u00e3o s\u00f3 o seu prop\u00f3sito como a sua idoneidade para assumir de livre e espont\u00e2nea vontade a vida dos frades menores.<\/p>\n<h3><strong>S\u00e3o estes os irm\u00e3os a iniciar esta experi\u00eancia formativa conosco:<\/strong><\/h3>\n<p><img loading=\"lazy\" src=\"https:\/\/franciscanos.org.br\/noticias\/wp-content\/uploads\/2025\/07\/carinhas-1.png\" alt=\"\" width=\"2515\" height=\"3511\" \/><\/p>\n<h3><strong>Primeira Profiss\u00e3o Religiosa<\/strong><\/h3>\n<p><img loading=\"lazy\" class=\"alignnone size-full wp-image-258893\" src=\"https:\/\/franciscanos.org.br\/noticias\/wp-content\/uploads\/2025\/07\/sete.jpg\" alt=\"\" width=\"1280\" height=\"782\" srcset=\"https:\/\/franciscanos.org.br\/noticias\/wp-content\/uploads\/2025\/07\/sete.jpg 1280w, https:\/\/franciscanos.org.br\/noticias\/wp-content\/uploads\/2025\/07\/sete-450x275.jpg 450w, https:\/\/franciscanos.org.br\/noticias\/wp-content\/uploads\/2025\/07\/sete-1024x626.jpg 1024w, https:\/\/franciscanos.org.br\/noticias\/wp-content\/uploads\/2025\/07\/sete-768x469.jpg 768w, https:\/\/franciscanos.org.br\/noticias\/wp-content\/uploads\/2025\/07\/sete-150x92.jpg 150w\" sizes=\"(max-width: 1280px) 100vw, 1280px\" \/><\/p>\n<p>A mesma esperan\u00e7a a renovaremos no dia 26 de julho quando sete confrades encerrando o seu tempo do Noviciado, na Celebra\u00e7\u00e3o Eucar\u00edstica das 10h, ir\u00e3o fazer a sua Primeira Profiss\u00e3o na Ordem dos Frades Menores.<\/p>\n<p>O tempo da Profiss\u00e3o Tempor\u00e1ria que precede \u00e0 experi\u00eancia do Noviciado, aperfei\u00e7oa a forma\u00e7\u00e3o inicial franciscana nos seus diversos aspectos, te\u00f3ricos e pr\u00e1ticos, a fim de tornar o frade apto a viver mais integralmente a vida e a miss\u00e3o pr\u00f3pria do nosso carisma no mundo de hoje, continuando assim o seu discernimento e prepara\u00e7\u00e3o para assumir um compromisso definitivo pela Profiss\u00e3o solene na Ordem dos Frades Menores.<\/p>\n<p>Movidos por este esp\u00edrito os confrades Benedito David do Ros\u00e1rio, Fernando Bernardo M\u00e1rio Mugindo, Joaquim Ant\u00f3nio Torres de Assun\u00e7\u00e3o, Luciano Agostinho Nhanga, Mois\u00e9s Malanga Jamba Saluvinda, Paulino Cangombe Chilecasse e Pedro Ngunga Cassinda Jamba far\u00e3o a sua Primeira Profiss\u00e3o.<\/p>\n<p>Rezemos por eles para que sejam fi\u00e9is a Deus e permane\u00e7am sempre na Sua Vontade. Que o Senhor os aben\u00e7oe e os iluminem sempre na vida e na voca\u00e7\u00e3o!<\/p>\n<p>Caros confrades, irm\u00e3os e irm\u00e3s, a forma\u00e7\u00e3o franciscana tem seu fundamento no encontro pessoal com o Senhor e inicia com o chamado de Deus e a decis\u00e3o de cada um de seguir com S\u00e3o Francisco de Assis as pegadas de Cristo pobre e crucificado, como disc\u00edpulo seu, sob a a\u00e7\u00e3o do Esp\u00edrito Santo. Portanto, para n\u00f3s, ela \u00e9 um processo cont\u00ednuo de crescimento e de convers\u00e3o que compromete toda a vida da pessoa, chamada a desenvolver a pr\u00f3pria dimens\u00e3o humana, crist\u00e3 e franciscana, vivendo radicalmente o santo Evangelho, em esp\u00edrito de ora\u00e7\u00e3o e devo\u00e7\u00e3o, em fraternidade e minoridade.<\/p>\n<p>Neste fundamento, a forma\u00e7\u00e3o \u00e9 continuada, pois nunca estamos prontos, mas a cada dia renovando o dom de nossa voca\u00e7\u00e3o como nos exorta Santa Clara de Assis em seu Testamento, \u201c<em>Reconhece a tua voca\u00e7\u00e3o<\/em>\u201d (cf. 1Cor 1,26). Movidos pela <em>inspira\u00e7\u00e3o divina<\/em>, <em>aceitando esta vida<\/em>, como Fraternidade-em-miss\u00e3o fazemos, portanto, a experi\u00eancia de Deus escutando e fazendo sua vontade, observando o Evangelho e, firmando como dito, o nosso esp\u00edrito de fraternidade e de minoridade!<\/p>\n<p>Rezem por n\u00f3s, rezamos todos os dias por voc\u00eas!<\/p>\n<p>Em S\u00e3o Francisco e Santa Clara: Paz e Bem!<\/p>\n<hr \/>\n<p style=\"padding-left: 40px;\"><strong>Frei Marco Antonio dos Santos, OFM<\/strong><br \/>\n<em>Mestre dos Novi\u00e7os<\/em><\/p>\n","protected":false},"excerpt":{"rendered":"<p>FIMDA<\/p>\n","protected":false},"author":7,"featured_media":258891,"comment_status":"open","ping_status":"open","sticky":false,"template":"","format":"standard","meta":[],"categories":[1],"tags":[2056],"acf":[],"yoast_head":"<!-- This site is optimized with the Yoast SEO plugin v19.2 - https:\/\/yoast.com\/wordpress\/plugins\/seo\/ -->\n<title>Admiss\u00e3o dos Novi\u00e7os e Primeira Profiss\u00e3o na Funda\u00e7\u00e3o Franciscana Imaculada M\u00e3e de Deus de Angola! - Not\u00edcias - Franciscanos<\/title>\n<meta name=\"robots\" content=\"index, follow, max-snippet:-1, max-image-preview:large, max-video-preview:-1\" \/>\n<link rel=\"canonical\" href=\"https:\/\/franciscanos.org.br\/noticias\/admissao-dos-novicos-e-primeira-profissao-na-fundacao-franciscana-imaculada-mae-de-deus-de-angola.html\" \/>\n<meta property=\"og:locale\" content=\"pt_BR\" \/>\n<meta property=\"og:type\" content=\"article\" \/>\n<meta property=\"og:title\" content=\"Admiss\u00e3o dos Novi\u00e7os e Primeira Profiss\u00e3o na Funda\u00e7\u00e3o Franciscana Imaculada M\u00e3e de Deus de Angola! - Not\u00edcias - Franciscanos\" \/>\n<meta property=\"og:description\" content=\"FIMDA\" \/>\n<meta property=\"og:url\" content=\"https:\/\/franciscanos.org.br\/noticias\/admissao-dos-novicos-e-primeira-profissao-na-fundacao-franciscana-imaculada-mae-de-deus-de-angola.html\" \/>\n<meta property=\"og:site_name\" content=\"Not\u00edcias - Franciscanos\" \/>\n<meta property=\"article:published_time\" content=\"2025-07-24T11:51:24+00:00\" \/>\n<meta property=\"article:modified_time\" content=\"2025-08-26T19:02:31+00:00\" \/>\n<meta property=\"og:image\" content=\"https:\/\/franciscanos.org.br\/noticias\/wp-content\/uploads\/2025\/07\/novicos-800.jpg\" \/>\n\t<meta property=\"og:image:width\" content=\"800\" \/>\n\t<meta property=\"og:image:height\" content=\"551\" \/>\n\t<meta property=\"og:image:type\" content=\"image\/jpeg\" \/>\n<meta name=\"author\" content=\"jovenal\" \/>\n<meta name=\"twitter:card\" content=\"summary_large_image\" \/>\n<meta name=\"twitter:label1\" content=\"Escrito por\" \/>\n\t<meta name=\"twitter:data1\" content=\"jovenal\" \/>\n\t<meta name=\"twitter:label2\" content=\"Est. tempo de leitura\" \/>\n\t<meta name=\"twitter:data2\" content=\"3 minutos\" \/>\n<script type=\"application\/ld+json\" class=\"yoast-schema-graph\">{\"@context\":\"https:\/\/schema.org\",\"@graph\":[{\"@type\":\"WebSite\",\"@id\":\"https:\/\/franciscanos.org.br\/noticias\/#website\",\"url\":\"https:\/\/franciscanos.org.br\/noticias\/\",\"name\":\"Not\u00edcias - Franciscanos\",\"description\":\"Prov\u00edncia Franciscana da Imaculada Concei\u00e7\u00e3o do Brasil - Ordem dos Frades Menores - OFM\",\"potentialAction\":[{\"@type\":\"SearchAction\",\"target\":{\"@type\":\"EntryPoint\",\"urlTemplate\":\"https:\/\/franciscanos.org.br\/noticias\/?s={search_term_string}\"},\"query-input\":\"required name=search_term_string\"}],\"inLanguage\":\"pt-BR\"},{\"@type\":\"ImageObject\",\"inLanguage\":\"pt-BR\",\"@id\":\"https:\/\/franciscanos.org.br\/noticias\/admissao-dos-novicos-e-primeira-profissao-na-fundacao-franciscana-imaculada-mae-de-deus-de-angola.html#primaryimage\",\"url\":\"https:\/\/franciscanos.org.br\/noticias\/wp-content\/uploads\/2025\/07\/novicos-800.jpg\",\"contentUrl\":\"https:\/\/franciscanos.org.br\/noticias\/wp-content\/uploads\/2025\/07\/novicos-800.jpg\",\"width\":800,\"height\":551},{\"@type\":\"WebPage\",\"@id\":\"https:\/\/franciscanos.org.br\/noticias\/admissao-dos-novicos-e-primeira-profissao-na-fundacao-franciscana-imaculada-mae-de-deus-de-angola.html#webpage\",\"url\":\"https:\/\/franciscanos.org.br\/noticias\/admissao-dos-novicos-e-primeira-profissao-na-fundacao-franciscana-imaculada-mae-de-deus-de-angola.html\",\"name\":\"Admiss\u00e3o dos Novi\u00e7os e Primeira Profiss\u00e3o na Funda\u00e7\u00e3o Franciscana Imaculada M\u00e3e de Deus de Angola! - Not\u00edcias - Franciscanos\",\"isPartOf\":{\"@id\":\"https:\/\/franciscanos.org.br\/noticias\/#website\"},\"primaryImageOfPage\":{\"@id\":\"https:\/\/franciscanos.org.br\/noticias\/admissao-dos-novicos-e-primeira-profissao-na-fundacao-franciscana-imaculada-mae-de-deus-de-angola.html#primaryimage\"},\"datePublished\":\"2025-07-24T11:51:24+00:00\",\"dateModified\":\"2025-08-26T19:02:31+00:00\",\"author\":{\"@id\":\"https:\/\/franciscanos.org.br\/noticias\/#\/schema\/person\/c3a26b08313dd1772495ce300ab257cc\"},\"breadcrumb\":{\"@id\":\"https:\/\/franciscanos.org.br\/noticias\/admissao-dos-novicos-e-primeira-profissao-na-fundacao-franciscana-imaculada-mae-de-deus-de-angola.html#breadcrumb\"},\"inLanguage\":\"pt-BR\",\"potentialAction\":[{\"@type\":\"ReadAction\",\"target\":[\"https:\/\/franciscanos.org.br\/noticias\/admissao-dos-novicos-e-primeira-profissao-na-fundacao-franciscana-imaculada-mae-de-deus-de-angola.html\"]}]},{\"@type\":\"BreadcrumbList\",\"@id\":\"https:\/\/franciscanos.org.br\/noticias\/admissao-dos-novicos-e-primeira-profissao-na-fundacao-franciscana-imaculada-mae-de-deus-de-angola.html#breadcrumb\",\"itemListElement\":[{\"@type\":\"ListItem\",\"position\":1,\"name\":\"Home\",\"item\":\"https:\/\/franciscanos.org.br\/noticias\"},{\"@type\":\"ListItem\",\"position\":2,\"name\":\"Admiss\u00e3o dos Novi\u00e7os e Primeira Profiss\u00e3o na Funda\u00e7\u00e3o Franciscana Imaculada M\u00e3e de Deus de Angola!\"}]},{\"@type\":\"Person\",\"@id\":\"https:\/\/franciscanos.org.br\/noticias\/#\/schema\/person\/c3a26b08313dd1772495ce300ab257cc\",\"name\":\"jovenal\",\"image\":{\"@type\":\"ImageObject\",\"inLanguage\":\"pt-BR\",\"@id\":\"https:\/\/franciscanos.org.br\/noticias\/#\/schema\/person\/image\/\",\"url\":\"https:\/\/secure.gravatar.com\/avatar\/e94509f531086e2eaf97e72f29ea00f9?s=96&d=mm&r=g\",\"contentUrl\":\"https:\/\/secure.gravatar.com\/avatar\/e94509f531086e2eaf97e72f29ea00f9?s=96&d=mm&r=g\",\"caption\":\"jovenal\"},\"url\":\"https:\/\/franciscanos.org.br\/noticias\/author\/jovenal\"}]}<\/script>\n<!-- \/ Yoast SEO plugin. -->","yoast_head_json":{"title":"Admiss\u00e3o dos Novi\u00e7os e Primeira Profiss\u00e3o na Funda\u00e7\u00e3o Franciscana Imaculada M\u00e3e de Deus de Angola! - Not\u00edcias - Franciscanos","robots":{"index":"index","follow":"follow","max-snippet":"max-snippet:-1","max-image-preview":"max-image-preview:large","max-video-preview":"max-video-preview:-1"},"canonical":"https:\/\/franciscanos.org.br\/noticias\/admissao-dos-novicos-e-primeira-profissao-na-fundacao-franciscana-imaculada-mae-de-deus-de-angola.html","og_locale":"pt_BR","og_type":"article","og_title":"Admiss\u00e3o dos Novi\u00e7os e Primeira Profiss\u00e3o na Funda\u00e7\u00e3o Franciscana Imaculada M\u00e3e de Deus de Angola! - Not\u00edcias - Franciscanos","og_description":"FIMDA","og_url":"https:\/\/franciscanos.org.br\/noticias\/admissao-dos-novicos-e-primeira-profissao-na-fundacao-franciscana-imaculada-mae-de-deus-de-angola.html","og_site_name":"Not\u00edcias - Franciscanos","article_published_time":"2025-07-24T11:51:24+00:00","article_modified_time":"2025-08-26T19:02:31+00:00","og_image":[{"width":800,"height":551,"url":"https:\/\/franciscanos.org.br\/noticias\/wp-content\/uploads\/2025\/07\/novicos-800.jpg","type":"image\/jpeg"}],"author":"jovenal","twitter_card":"summary_large_image","twitter_misc":{"Escrito por":"jovenal","Est. tempo de leitura":"3 minutos"},"schema":{"@context":"https:\/\/schema.org","@graph":[{"@type":"WebSite","@id":"https:\/\/franciscanos.org.br\/noticias\/#website","url":"https:\/\/franciscanos.org.br\/noticias\/","name":"Not\u00edcias - Franciscanos","description":"Prov\u00edncia Franciscana da Imaculada Concei\u00e7\u00e3o do Brasil - Ordem dos Frades Menores - OFM","potentialAction":[{"@type":"SearchAction","target":{"@type":"EntryPoint","urlTemplate":"https:\/\/franciscanos.org.br\/noticias\/?s={search_term_string}"},"query-input":"required name=search_term_string"}],"inLanguage":"pt-BR"},{"@type":"ImageObject","inLanguage":"pt-BR","@id":"https:\/\/franciscanos.org.br\/noticias\/admissao-dos-novicos-e-primeira-profissao-na-fundacao-franciscana-imaculada-mae-de-deus-de-angola.html#primaryimage","url":"https:\/\/franciscanos.org.br\/noticias\/wp-content\/uploads\/2025\/07\/novicos-800.jpg","contentUrl":"https:\/\/franciscanos.org.br\/noticias\/wp-content\/uploads\/2025\/07\/novicos-800.jpg","width":800,"height":551},{"@type":"WebPage","@id":"https:\/\/franciscanos.org.br\/noticias\/admissao-dos-novicos-e-primeira-profissao-na-fundacao-franciscana-imaculada-mae-de-deus-de-angola.html#webpage","url":"https:\/\/franciscanos.org.br\/noticias\/admissao-dos-novicos-e-primeira-profissao-na-fundacao-franciscana-imaculada-mae-de-deus-de-angola.html","name":"Admiss\u00e3o dos Novi\u00e7os e Primeira Profiss\u00e3o na Funda\u00e7\u00e3o Franciscana Imaculada M\u00e3e de Deus de Angola! - Not\u00edcias - Franciscanos","isPartOf":{"@id":"https:\/\/franciscanos.org.br\/noticias\/#website"},"primaryImageOfPage":{"@id":"https:\/\/franciscanos.org.br\/noticias\/admissao-dos-novicos-e-primeira-profissao-na-fundacao-franciscana-imaculada-mae-de-deus-de-angola.html#primaryimage"},"datePublished":"2025-07-24T11:51:24+00:00","dateModified":"2025-08-26T19:02:31+00:00","author":{"@id":"https:\/\/franciscanos.org.br\/noticias\/#\/schema\/person\/c3a26b08313dd1772495ce300ab257cc"},"breadcrumb":{"@id":"https:\/\/franciscanos.org.br\/noticias\/admissao-dos-novicos-e-primeira-profissao-na-fundacao-franciscana-imaculada-mae-de-deus-de-angola.html#breadcrumb"},"inLanguage":"pt-BR","potentialAction":[{"@type":"ReadAction","target":["https:\/\/franciscanos.org.br\/noticias\/admissao-dos-novicos-e-primeira-profissao-na-fundacao-franciscana-imaculada-mae-de-deus-de-angola.html"]}]},{"@type":"BreadcrumbList","@id":"https:\/\/franciscanos.org.br\/noticias\/admissao-dos-novicos-e-primeira-profissao-na-fundacao-franciscana-imaculada-mae-de-deus-de-angola.html#breadcrumb","itemListElement":[{"@type":"ListItem","position":1,"name":"Home","item":"https:\/\/franciscanos.org.br\/noticias"},{"@type":"ListItem","position":2,"name":"Admiss\u00e3o dos Novi\u00e7os e Primeira Profiss\u00e3o na Funda\u00e7\u00e3o Franciscana Imaculada M\u00e3e de Deus de Angola!"}]},{"@type":"Person","@id":"https:\/\/franciscanos.org.br\/noticias\/#\/schema\/person\/c3a26b08313dd1772495ce300ab257cc","name":"jovenal","image":{"@type":"ImageObject","inLanguage":"pt-BR","@id":"https:\/\/franciscanos.org.br\/noticias\/#\/schema\/person\/image\/","url":"https:\/\/secure.gravatar.com\/avatar\/e94509f531086e2eaf97e72f29ea00f9?s=96&d=mm&r=g","contentUrl":"https:\/\/secure.gravatar.com\/avatar\/e94509f531086e2eaf97e72f29ea00f9?s=96&d=mm&r=g","caption":"jovenal"},"url":"https:\/\/franciscanos.org.br\/noticias\/author\/jovenal"}]}},"_links":{"self":[{"href":"https:\/\/franciscanos.org.br\/noticias\/wp-json\/wp\/v2\/posts\/258890"}],"collection":[{"href":"https:\/\/franciscanos.org.br\/noticias\/wp-json\/wp\/v2\/posts"}],"about":[{"href":"https:\/\/franciscanos.org.br\/noticias\/wp-json\/wp\/v2\/types\/post"}],"author":[{"embeddable":true,"href":"https:\/\/franciscanos.org.br\/noticias\/wp-json\/wp\/v2\/users\/7"}],"replies":[{"embeddable":true,"href":"https:\/\/franciscanos.org.br\/noticias\/wp-json\/wp\/v2\/comments?post=258890"}],"version-history":[{"count":20,"href":"https:\/\/franciscanos.org.br\/noticias\/wp-json\/wp\/v2\/posts\/258890\/revisions"}],"predecessor-version":[{"id":258919,"href":"https:\/\/franciscanos.org.br\/noticias\/wp-json\/wp\/v2\/posts\/258890\/revisions\/258919"}],"wp:featuredmedia":[{"embeddable":true,"href":"https:\/\/franciscanos.org.br\/noticias\/wp-json\/wp\/v2\/media\/258891"}],"wp:attachment":[{"href":"https:\/\/franciscanos.org.br\/noticias\/wp-json\/wp\/v2\/media?parent=258890"}],"wp:term":[{"taxonomy":"category","embeddable":true,"href":"https:\/\/franciscanos.org.br\/noticias\/wp-json\/wp\/v2\/categories?post=258890"},{"taxonomy":"post_tag","embeddable":true,"href":"https:\/\/franciscanos.org.br\/noticias\/wp-json\/wp\/v2\/tags?post=258890"}],"curies":[{"name":"wp","href":"https:\/\/api.w.org\/{rel}","templated":true}]}}