{"id":258850,"date":"2025-07-21T10:09:37","date_gmt":"2025-07-21T13:09:37","guid":{"rendered":"https:\/\/franciscanos.org.br\/noticias\/?p=258850"},"modified":"2025-08-26T16:02:05","modified_gmt":"2025-08-26T19:02:05","slug":"mais-do-que-passos-ou-quilometros-uma-licao-o-amor-de-cristo-nos-uniu","status":"publish","type":"post","link":"https:\/\/franciscanos.org.br\/noticias\/mais-do-que-passos-ou-quilometros-uma-licao-o-amor-de-cristo-nos-uniu.html","title":{"rendered":"Mais do que passos ou quil\u00f4metros, uma li\u00e7\u00e3o: \u201cO amor de Cristo nos uniu\u201d"},"content":{"rendered":"<p><img loading=\"lazy\" class=\"alignnone size-full wp-image-258872\" src=\"https:\/\/franciscanos.org.br\/noticias\/wp-content\/uploads\/2025\/07\/CFJ_200725.jpg\" alt=\"\" width=\"1280\" height=\"720\" srcset=\"https:\/\/franciscanos.org.br\/noticias\/wp-content\/uploads\/2025\/07\/CFJ_200725.jpg 1280w, https:\/\/franciscanos.org.br\/noticias\/wp-content\/uploads\/2025\/07\/CFJ_200725-450x253.jpg 450w, https:\/\/franciscanos.org.br\/noticias\/wp-content\/uploads\/2025\/07\/CFJ_200725-1024x576.jpg 1024w, https:\/\/franciscanos.org.br\/noticias\/wp-content\/uploads\/2025\/07\/CFJ_200725-768x432.jpg 768w, https:\/\/franciscanos.org.br\/noticias\/wp-content\/uploads\/2025\/07\/CFJ_200725-150x84.jpg 150w\" sizes=\"(max-width: 1280px) 100vw, 1280px\" \/><\/p>\n<p style=\"font-weight: 400;\"><strong>Xaxim (SC) &#8211;<\/strong> Al\u00e9m dos 30km do percurso em comum, realizado a p\u00e9, a dist\u00e2ncia do deslocamento dos caminhantes, vindos de diferentes lugares at\u00e9 Coronel Freitas, em Xaxim (SC), ultrapassou em diversos casos a marca dos 1.000km. Basta recordar dos jovens que vieram de Colatina, Norte do Esp\u00edrito Santo, ou do Rio de Janeiro. Desta forma, os 350 participantes da XIII Caminhada Franciscana da Juventude, realizada neste final de semana (18 a 20 de julho de 2025) chegaram \u00e0 conclus\u00e3o de que a \u201cesperan\u00e7a tem pernas\u201d, e \u00e9 capaz de chegar longe. Provenientes dos cinco estados onde a Prov\u00edncia possui presen\u00e7a (ES, RJ, SP, PR e SC), os participantes tiveram a oportunidade de mais uma vez realizar uma experi\u00eancia de f\u00e9, companheirismo, perseveran\u00e7a e supera\u00e7\u00e3o, sempre impulsionados pela esperan\u00e7a.<\/p>\n<p><img loading=\"lazy\" class=\"alignnone size-full wp-image-258783\" src=\"https:\/\/franciscanos.org.br\/noticias\/wp-content\/uploads\/2025\/07\/cfj_1907_slide-02.jpg\" alt=\"\" width=\"1280\" height=\"720\" srcset=\"https:\/\/franciscanos.org.br\/noticias\/wp-content\/uploads\/2025\/07\/cfj_1907_slide-02.jpg 1280w, https:\/\/franciscanos.org.br\/noticias\/wp-content\/uploads\/2025\/07\/cfj_1907_slide-02-450x253.jpg 450w, https:\/\/franciscanos.org.br\/noticias\/wp-content\/uploads\/2025\/07\/cfj_1907_slide-02-1024x576.jpg 1024w, https:\/\/franciscanos.org.br\/noticias\/wp-content\/uploads\/2025\/07\/cfj_1907_slide-02-768x432.jpg 768w, https:\/\/franciscanos.org.br\/noticias\/wp-content\/uploads\/2025\/07\/cfj_1907_slide-02-150x84.jpg 150w\" sizes=\"(max-width: 1280px) 100vw, 1280px\" \/><\/p>\n<p style=\"font-weight: 400;\">Com o tema \u201cCaminhantes de esperan\u00e7a no louvor da Cria\u00e7\u00e3o\u201d, a edi\u00e7\u00e3o de 2025 da CJF trouxe presente os grandes jubileus vividos pela Igreja e pela Ordem: o Jubileu dos 2025 do Nascimento de Jesus Cristo, com a tem\u00e1tica da Esperan\u00e7a, e os 800 anos da composi\u00e7\u00e3o, por Francisco de Assis, do C\u00e2ntico das Criaturas. Outra data festiva recordada com \u00eanfase durante a caminhada foi a do Jubileu dos 350 anos da Prov\u00edncia Franciscana da Imaculada Concei\u00e7\u00e3o do Brasil, celebrado no dia 15 de julho deste ano.<\/p>\n<p><img loading=\"lazy\" class=\"alignnone size-full wp-image-258858\" src=\"https:\/\/franciscanos.org.br\/noticias\/wp-content\/uploads\/2025\/07\/CFJ_2025_0048-Grande.jpeg\" alt=\"\" width=\"1280\" height=\"853\" srcset=\"https:\/\/franciscanos.org.br\/noticias\/wp-content\/uploads\/2025\/07\/CFJ_2025_0048-Grande.jpeg 1280w, https:\/\/franciscanos.org.br\/noticias\/wp-content\/uploads\/2025\/07\/CFJ_2025_0048-Grande-450x300.jpeg 450w, https:\/\/franciscanos.org.br\/noticias\/wp-content\/uploads\/2025\/07\/CFJ_2025_0048-Grande-1024x682.jpeg 1024w, https:\/\/franciscanos.org.br\/noticias\/wp-content\/uploads\/2025\/07\/CFJ_2025_0048-Grande-768x512.jpeg 768w, https:\/\/franciscanos.org.br\/noticias\/wp-content\/uploads\/2025\/07\/CFJ_2025_0048-Grande-150x100.jpeg 150w\" sizes=\"(max-width: 1280px) 100vw, 1280px\" \/><\/p>\n<p style=\"font-weight: 400;\">Para al\u00e9m dos 350 participantes inscritos, a organiza\u00e7\u00e3o da Caminhada reuniu n\u00famero semelhante de envolvidos nos diferentes servi\u00e7os que garantiram o bom \u00eaxito do percurso. Neste ano, fato de destaque foi o envolvimento de volunt\u00e1rios e agentes leigos ligados \u00e0s duas par\u00f3quias da Prov\u00edncia situadas na Arquidiocese de Chapec\u00f3: S\u00e3o Jos\u00e9 do Patroc\u00ednio, em Coronel Freitas, e S\u00e3o Luiz Gonzaga, em Xaxim. Al\u00e9m dos volunt\u00e1rios das equipes de Secretaria, Infraestrutura, Alimenta\u00e7\u00e3o, Liturgia e Comunica\u00e7\u00e3o, somaram-se as fam\u00edlias acolhedoras, que receberam os jovens para pernoite nas duas par\u00f3quias participantes.<\/p>\n<p style=\"font-weight: 400;\">A chegada ocorreu na sexta-feira, dia 18, na parte da tarde, no Sal\u00e3o da Par\u00f3quia de Coronel Freitas, onde os participantes foram credenciados e receberam o kit da caminhada, com camiseta, caneca, guia, lembran\u00e7a e garrafa de \u00e1gua personalizada. Havia tamb\u00e9m m\u00fasica para anima\u00e7\u00e3o e lanche. Alguns pequenos imprevistos ocorreram, como o defeito no \u00f4nibus proveniente do Rio de Janeiro, quando passava pr\u00f3ximo \u00e0 Regi\u00e3o de Curitiba. Com longo tempo de espera para resolu\u00e7\u00e3o do problema, a comitiva atrasou em mais de tr\u00eas horas para chegar, mas ainda houve tempo de participar da ora\u00e7\u00e3o de abertura.<\/p>\n<p><img loading=\"lazy\" class=\"alignnone size-full wp-image-258809\" src=\"https:\/\/franciscanos.org.br\/noticias\/wp-content\/uploads\/2025\/07\/MG_9740-Grande.jpeg\" alt=\"\" width=\"1280\" height=\"853\" srcset=\"https:\/\/franciscanos.org.br\/noticias\/wp-content\/uploads\/2025\/07\/MG_9740-Grande.jpeg 1280w, https:\/\/franciscanos.org.br\/noticias\/wp-content\/uploads\/2025\/07\/MG_9740-Grande-450x300.jpeg 450w, https:\/\/franciscanos.org.br\/noticias\/wp-content\/uploads\/2025\/07\/MG_9740-Grande-1024x682.jpeg 1024w, https:\/\/franciscanos.org.br\/noticias\/wp-content\/uploads\/2025\/07\/MG_9740-Grande-768x512.jpeg 768w, https:\/\/franciscanos.org.br\/noticias\/wp-content\/uploads\/2025\/07\/MG_9740-Grande-150x100.jpeg 150w\" sizes=\"(max-width: 1280px) 100vw, 1280px\" \/><\/p>\n<h3 style=\"font-weight: 400;\"><strong>N\u00e9voa, frio, belas paisagens, acolhimento e disposi\u00e7\u00e3o: come\u00e7a o percurso<\/strong><\/h3>\n<p style=\"font-weight: 400;\">A maior parte do percurso proposto se realizou no s\u00e1bado, dia 19 de julho. Foram cerca de 24 km percorridos entre a Matriz de Coronel Freitas e a Matriz de Xaxim. Quando ainda era escuro e uma n\u00e9voa branca fazia a temperatura de 6\u00baC parecer ainda mais baixa, \u00e0s 6h, os caminhantes se reuniram para uma ora\u00e7\u00e3o inicial. Estando na Casa dedicada ao Pai adotivo de Jesus, receberam tamb\u00e9m as b\u00ean\u00e7\u00e3os da M\u00e3e. Recordando os 350 anos de Funda\u00e7\u00e3o da Prov\u00edncia da Imaculada, o Secret\u00e1rio para a Evangeliza\u00e7\u00e3o e Vig\u00e1rio Provincial, Frei Gustavo Wayand Medella, convidou um grupo representativo de frades, volunt\u00e1rios, caminhantes e fam\u00edlias acolhedoras para fazer um c\u00edrculo de m\u00e3os dadas ao redor da imagem de Nossa Senhora que estava em frente ao altar. \u201cEm nome de todos que participamos desta caminhada, voc\u00eas est\u00e3o coroando a imagem da M\u00e3e, pedindo que ela conduza nossos passos nesta jornada que vamos iniciar\u201d, disse Frei Gustavo, convidando os presentes \u00e0 ora\u00e7\u00e3o. Depois do momento de prece e um breve alongamento, era hora de partir. Pouco antes das 7h, ao toque solene dos sinos, os jovens puseram o \u201cp\u00e9 na estrada\u201d, quase toda ela de ch\u00e3o, com poucos trechos asfaltados, rumo \u00e0 Matriz de Xaxim.<\/p>\n<p><img loading=\"lazy\" class=\"alignnone size-full wp-image-258834\" src=\"https:\/\/franciscanos.org.br\/noticias\/wp-content\/uploads\/2025\/07\/87afee2d-5f4e-499b-aa3a-b4cbe20c6ef3-Grande.jpeg\" alt=\"\" width=\"1280\" height=\"720\" srcset=\"https:\/\/franciscanos.org.br\/noticias\/wp-content\/uploads\/2025\/07\/87afee2d-5f4e-499b-aa3a-b4cbe20c6ef3-Grande.jpeg 1280w, https:\/\/franciscanos.org.br\/noticias\/wp-content\/uploads\/2025\/07\/87afee2d-5f4e-499b-aa3a-b4cbe20c6ef3-Grande-450x253.jpeg 450w, https:\/\/franciscanos.org.br\/noticias\/wp-content\/uploads\/2025\/07\/87afee2d-5f4e-499b-aa3a-b4cbe20c6ef3-Grande-1024x576.jpeg 1024w, https:\/\/franciscanos.org.br\/noticias\/wp-content\/uploads\/2025\/07\/87afee2d-5f4e-499b-aa3a-b4cbe20c6ef3-Grande-768x432.jpeg 768w, https:\/\/franciscanos.org.br\/noticias\/wp-content\/uploads\/2025\/07\/87afee2d-5f4e-499b-aa3a-b4cbe20c6ef3-Grande-150x84.jpeg 150w\" sizes=\"(max-width: 1280px) 100vw, 1280px\" \/><\/p>\n<p style=\"font-weight: 400;\">At\u00e9 \u00e0s 9h, a n\u00e9voa foi companheira de viagem, depois, deu lugar ao sol, emoldurado pelo lindo c\u00e9u azul, colorindo e embelezando as belas paisagens de regi\u00e3o: arauc\u00e1rias, campos, montanhas, riachos, animais, incluindo os bois, carneiros e perus que ajudaram a construir a \u201ca paisagem sonora do caminho\u201d. \u201cPaz e B\u00e9\u00e9\u00e9mmm\u201d, conforme brincou o Ministro Provincial, Frei Paulo Roberto Pereira na homilia da Missa de encerramento. Frei Paulo participou integralmente como caminheiro nos 24 km do primeiro dia da Caminhada. Nas paradas, realizadas nas Comunidades de Tr\u00eas Casas (Nossa Senhora da Salete), Carola Maia (Cristo Rei), e Linha Limeira (Nossa Senhora de Caravaggio), o cansa\u00e7o era amenizado por uma acolhida cheia de cuidado, especialmente preparada pelas equipes de trabalho e pelas lideran\u00e7as das comunidades. \u00c1gua fresca, sombra, comida farta, aten\u00e7\u00e3o, escuta, sorriso e disponibilidade n\u00e3o faltaram em nenhum destes momentos. Tamb\u00e9m deixaram marcas os momentos de espiritualidade conduzidos por Frei Thiago Soares junto com a equipe de Liturgia onde, guiados pelo s\u00edmbolo de um cord\u00e3o, no qual iam tra\u00e7ando os n\u00f3s, puderam entender mais profundamente os votos de obedi\u00eancia, castidade e pobreza relacionados \u00e0 conviv\u00eancia respeitosa e harm\u00f4nica das pessoas entre si e com os dons da Cria\u00e7\u00e3o. Em suas reflex\u00f5es, Frei Thiago insistia na express\u00e3o: \u201cO Amor de Cristo nos uniu\u201d, que se tornou uma das marcas da Caminhada.<\/p>\n<p><img loading=\"lazy\" class=\"alignnone size-full wp-image-258867\" src=\"https:\/\/franciscanos.org.br\/noticias\/wp-content\/uploads\/2025\/07\/CFJ_2025_0250-Grande.jpeg\" alt=\"\" width=\"1280\" height=\"853\" srcset=\"https:\/\/franciscanos.org.br\/noticias\/wp-content\/uploads\/2025\/07\/CFJ_2025_0250-Grande.jpeg 1280w, https:\/\/franciscanos.org.br\/noticias\/wp-content\/uploads\/2025\/07\/CFJ_2025_0250-Grande-450x300.jpeg 450w, https:\/\/franciscanos.org.br\/noticias\/wp-content\/uploads\/2025\/07\/CFJ_2025_0250-Grande-1024x682.jpeg 1024w, https:\/\/franciscanos.org.br\/noticias\/wp-content\/uploads\/2025\/07\/CFJ_2025_0250-Grande-768x512.jpeg 768w, https:\/\/franciscanos.org.br\/noticias\/wp-content\/uploads\/2025\/07\/CFJ_2025_0250-Grande-150x100.jpeg 150w\" sizes=\"(max-width: 1280px) 100vw, 1280px\" \/><\/p>\n<p style=\"font-weight: 400;\">Perto das 18h, os caminhantes chegaram \u00e0 Matriz de S\u00e3o Luiz Gonzaga, em Xaxim, depois de vencer os quil\u00f4metros de ladeiras, descidas, curvas, um pouco de p\u00f3, e contemplar a beleza do caminho. Foram recebidos pelos coroinhas da Par\u00f3quia, que seguravam cartazes com frases de acolhida e bal\u00f5es coloridos express\u00e3o da alegria em receber visitantes t\u00e3o especiais, \u201cCaminhantes de Esperan\u00e7a\u201d. A jornada cansativa foi encerrada com um momento orante realizado no Sal\u00e3o Paroquial, que tem feito \u00e0s vezes da igreja neste tempo em que a Matriz passa por um restauro interno. Durante quase uma hora com a luzes apagadas e iluminados pelas velas, os jovens e tamb\u00e9m as fam\u00edlias acolhedoras de Xaxim tiveram um momento de adora\u00e7\u00e3o \u00e0 Sant\u00edssima Eucaristia, buscando na companhia \u00edntima de Jesus a for\u00e7a e o rem\u00e9dio para todo tipo de cansa\u00e7o. A ora\u00e7\u00e3o foi presidida por Frei Felipe Carretta, di\u00e1cono, da Fraternidade Nossa Senhora da Boa Viagem, da Rocinha, no Rio de Janeiro, tamb\u00e9m componente da Equipe de Anima\u00e7\u00e3o das Juventudes. Na simbologia do \u00f3leo perfumado, com o qual os jovens tiveram as m\u00e3os ungidas, e dos gr\u00e3os de incenso que queimaram individualmente em sinal de ora\u00e7\u00e3o a Deus, os jovens renovaram o prop\u00f3sito de seguirem caminhando na proximidade com o Senhor. Conclu\u00edda a ora\u00e7\u00e3o, hora de novamente o grupo se dividir entre as fam\u00edlias acolhedoras de Xaxim que generosamente partilharam o teto e a mesa com os caminhantes de um dia inteiro. Janta e cama.<\/p>\n<h3 style=\"font-weight: 400;\"><strong>No Dia do Senhor, mais caminho a percorrer<\/strong><\/h3>\n<p style=\"font-weight: 400;\">Depois dos 24 km percorridos na v\u00e9spera, um pouco mais tarde e, desta vez com sol, sem n\u00e9voa e menos frio, os caminhantes de esperan\u00e7a se encontraram na Vila Fole, bairro distante, uns 6km do Centro de Xaxim. Sa\u00edram depois das 8h e, por volta das 9h30, chegaram a Pra\u00e7a da Matriz. \u00c0 frente, tremulava a bandeira da CJF, ao ritmo da conhecida trilha sonora que marca a chegada do grupo ao ponto de destino: \u201cEu sou Franciscano, com muito orgulho, com muito amor!\u201d. Com o grupo a postos e com todos trajando a camisa oficial desta edi\u00e7\u00e3o da Caminhada, foi tirada a foto oficial. Ap\u00f3s um breve lanche, para n\u00e3o perder o costume na Caminhada que teve como marca a fartura na alimenta\u00e7\u00e3o, o grupo seguiu para o trecho final: cerca de 1km predominantemente de subida em dire\u00e7\u00e3o \u00e0 Comunidade S\u00e3o Crist\u00f3v\u00e3o, no Bairro Ari Lunardi.<\/p>\n<p><img loading=\"lazy\" class=\"alignnone size-full wp-image-258870\" src=\"https:\/\/franciscanos.org.br\/noticias\/wp-content\/uploads\/2025\/07\/CFJ_2025_9970-Grande.jpeg\" alt=\"\" width=\"1280\" height=\"853\" srcset=\"https:\/\/franciscanos.org.br\/noticias\/wp-content\/uploads\/2025\/07\/CFJ_2025_9970-Grande.jpeg 1280w, https:\/\/franciscanos.org.br\/noticias\/wp-content\/uploads\/2025\/07\/CFJ_2025_9970-Grande-450x300.jpeg 450w, https:\/\/franciscanos.org.br\/noticias\/wp-content\/uploads\/2025\/07\/CFJ_2025_9970-Grande-1024x682.jpeg 1024w, https:\/\/franciscanos.org.br\/noticias\/wp-content\/uploads\/2025\/07\/CFJ_2025_9970-Grande-768x512.jpeg 768w, https:\/\/franciscanos.org.br\/noticias\/wp-content\/uploads\/2025\/07\/CFJ_2025_9970-Grande-150x100.jpeg 150w\" sizes=\"(max-width: 1280px) 100vw, 1280px\" \/><\/p>\n<p style=\"font-weight: 400;\">A missa de encerramento come\u00e7ou \u00e0s 11h, presidida pelo Ministro Provincial, Frei Paulo Roberto Pereira. Concelebraram o Vig\u00e1rio Provincial, Frei Gustavo Medella, o Coordenador do Regional Frei Bruno, Frei Alex Sandro Ciarnoscki, o P\u00e1roco de Coronel Freitas, Frei Alisson Luiz Zanetti, o P\u00e1roco de Xaxim, Frei Gilson Kammer, e os frades da equipe de anima\u00e7\u00e3o das juventudes: Frei Augusto Luiz Gabriel, Frei Felipe Medeiros Carretta e Frei Thiago Soares. Na homilia, Frei Paulo fez um amplo agradecimento a todos os envolvidos na organiza\u00e7\u00e3o e condu\u00e7\u00e3o da caminhada pedindo que recebessem, como gesto de agradecimento, uma salva de palmas. Destacou que, conforme escrito no convite para a Caminhada, os dias vividos foram, de fato, uma experi\u00eancia itinerante de ora\u00e7\u00e3o: \u201cDe maneira itinerante, rezamos. Contemplamos a natureza. Quando fazia frio: \u2018louvado seja Deus pelo irm\u00e3o Sol\u2019. Quando o calor apertava: \u2018louvado seja Deus pela irm\u00e3 Sombra\u2019. Quando a sede nos pegava: \u2018louvado seja Deus pela irm\u00e3 \u00c1gua\u2019. E quando chegava a noite: \u2018louvado seja Deus pela irm\u00e3 Noite, que nos acolheu e nos deu descanso\u2019\u201d, recordou. Inspirado na passagem do Evangelho que narra a visita de Jesus \u00e0 Casa de Marta e Maria (Lc 10,38-42), convidou os jovens \u00e0 escolha decidida de permanecer com Jesus: \u201cA juventude vive um tempo de decis\u00f5es. E sabemos que a incerteza e a inseguran\u00e7a nos rodeiam. Mas Aquele que nos chamou, que deseja nossa intimidade, garante que, se a nossa escolha for estar com Ele, ser\u00e1 a melhor de todas. Ajudemo-nos, como fraternidade juvenil, a escolher a melhor parte: estar com o Senhor, escutar sua Palavra, fazer escolhas guiadas por Ele\u201d.<\/p>\n<p><img loading=\"lazy\" class=\"alignnone size-full wp-image-258868\" src=\"https:\/\/franciscanos.org.br\/noticias\/wp-content\/uploads\/2025\/07\/CFJ_2025_0259-Grande.jpeg\" alt=\"\" width=\"1280\" height=\"853\" srcset=\"https:\/\/franciscanos.org.br\/noticias\/wp-content\/uploads\/2025\/07\/CFJ_2025_0259-Grande.jpeg 1280w, https:\/\/franciscanos.org.br\/noticias\/wp-content\/uploads\/2025\/07\/CFJ_2025_0259-Grande-450x300.jpeg 450w, https:\/\/franciscanos.org.br\/noticias\/wp-content\/uploads\/2025\/07\/CFJ_2025_0259-Grande-1024x682.jpeg 1024w, https:\/\/franciscanos.org.br\/noticias\/wp-content\/uploads\/2025\/07\/CFJ_2025_0259-Grande-768x512.jpeg 768w, https:\/\/franciscanos.org.br\/noticias\/wp-content\/uploads\/2025\/07\/CFJ_2025_0259-Grande-150x100.jpeg 150w\" sizes=\"(max-width: 1280px) 100vw, 1280px\" \/><\/p>\n<p style=\"font-weight: 400;\">Frei Paulo aproveitou a reflex\u00e3o tamb\u00e9m para esclarecer que a escolha de estar com o Senhor deve levar o jovem a ser um construtor da paz: \u201cComo franciscanos, queremos ser semeadores da paz e do bem. Mas que paz \u00e9 essa? \u00c9 a paz da saciedade. Por isso, sonhamos um mundo sem fome. \u00c9 a paz da seguran\u00e7a. Por isso, sonhamos um mundo sem viol\u00eancia. \u00c9 a paz da conviv\u00eancia. Por isso, sonhamos um mundo sem guerras, sem fronteiras que nos impe\u00e7am de abra\u00e7ar. \u00c9 a paz do conhecimento. Por isso, queremos que todos tenham acesso \u00e0 informa\u00e7\u00e3o, \u00e0 educa\u00e7\u00e3o, \u00e0 verdade. E, acima de tudo, queremos a paz que nasce do encontro com o Senhor &#8211; essa \u00e9 a melhor parte!\u201d. E ainda, convocou os participantes a levarem consigo o compromisso firmado durante a Caminhada em rela\u00e7\u00e3o ao cuidado com a Casa Comum: \u201cAssumimos aqui o compromisso de cuidar da Casa Comum. Louvar e proteger toda a cria\u00e7\u00e3o &#8211; e isso s\u00f3 \u00e9 poss\u00edvel a partir do encontro com Deus e com o outro. E por isso, nosso cora\u00e7\u00e3o transborda de alegria e gratid\u00e3o. Foi bom &#8211; foi muito bom &#8211; ter escolhido estar aqui. E ser\u00e1 ainda melhor sair daqui levando conosco esses compromissos\u201d, exortou.<\/p>\n<h3 style=\"font-weight: 400;\"><strong>Alegria e gratid\u00e3o: Sentimentos comuns a quem acolhe e \u00e9 acolhido<\/strong><\/h3>\n<p style=\"font-weight: 400;\">Como j\u00e1 \u00e9 costume, a CFJ dura um final de semana. Nesta edi\u00e7\u00e3o, optou-se por adotar o fim da tarde de sexta-feira como momento de chegada realizando-se, na parte da noite, a ora\u00e7\u00e3o e a abertura oficial. Mesmo tendo uma dura\u00e7\u00e3o relativamente curta, o evento tem como caracter\u00edstica deixar marcas importantes naqueles que dele participam. E as principais n\u00e3o s\u00e3o as marcas do corpo, bolhas, feridas, ou dores, mas a experi\u00eancia que cada um leva consigo.<\/p>\n\n\t\t<style type=\"text\/css\">\n\t\t\t#gallery-1 {\n\t\t\t\tmargin: auto;\n\t\t\t}\n\t\t\t#gallery-1 .gallery-item {\n\t\t\t\tfloat: left;\n\t\t\t\tmargin-top: 10px;\n\t\t\t\ttext-align: center;\n\t\t\t\twidth: 33%;\n\t\t\t}\n\t\t\t#gallery-1 img {\n\t\t\t\tborder: 2px solid #cfcfcf;\n\t\t\t}\n\t\t\t#gallery-1 .gallery-caption {\n\t\t\t\tmargin-left: 0;\n\t\t\t}\n\t\t\t\/* see gallery_shortcode() in wp-includes\/media.php *\/\n\t\t<\/style>\n\t\t<div id='gallery-1' class='gallery galleryid-258850 gallery-columns-3 gallery-size-thumbnail'><dl class='gallery-item'>\n\t\t\t<dt class='gallery-icon portrait'>\n\t\t\t\t<a href='https:\/\/franciscanos.org.br\/noticias\/wp-content\/uploads\/2025\/07\/Davi-Costa-de-Oliveira.jpeg'><img width=\"300\" height=\"300\" src=\"https:\/\/franciscanos.org.br\/noticias\/wp-content\/uploads\/2025\/07\/Davi-Costa-de-Oliveira-300x300.jpeg\" class=\"attachment-thumbnail size-thumbnail\" alt=\"\" loading=\"lazy\" aria-describedby=\"gallery-1-258851\" srcset=\"https:\/\/franciscanos.org.br\/noticias\/wp-content\/uploads\/2025\/07\/Davi-Costa-de-Oliveira-300x300.jpeg 300w, https:\/\/franciscanos.org.br\/noticias\/wp-content\/uploads\/2025\/07\/Davi-Costa-de-Oliveira-100x100.jpeg 100w\" sizes=\"(max-width: 300px) 100vw, 300px\" \/><\/a>\n\t\t\t<\/dt>\n\t\t\t\t<dd class='wp-caption-text gallery-caption' id='gallery-1-258851'>\n\t\t\t\tDavi Costa de Oliveira\n\t\t\t\t<\/dd><\/dl><dl class='gallery-item'>\n\t\t\t<dt class='gallery-icon portrait'>\n\t\t\t\t<a href='https:\/\/franciscanos.org.br\/noticias\/wp-content\/uploads\/2025\/07\/Caroline-dos-Reis-Tabalipa.jpeg'><img width=\"300\" height=\"300\" src=\"https:\/\/franciscanos.org.br\/noticias\/wp-content\/uploads\/2025\/07\/Caroline-dos-Reis-Tabalipa-300x300.jpeg\" class=\"attachment-thumbnail size-thumbnail\" alt=\"\" loading=\"lazy\" aria-describedby=\"gallery-1-258855\" srcset=\"https:\/\/franciscanos.org.br\/noticias\/wp-content\/uploads\/2025\/07\/Caroline-dos-Reis-Tabalipa-300x300.jpeg 300w, https:\/\/franciscanos.org.br\/noticias\/wp-content\/uploads\/2025\/07\/Caroline-dos-Reis-Tabalipa-100x100.jpeg 100w\" sizes=\"(max-width: 300px) 100vw, 300px\" \/><\/a>\n\t\t\t<\/dt>\n\t\t\t\t<dd class='wp-caption-text gallery-caption' id='gallery-1-258855'>\n\t\t\t\tCaroline dos Reis Tabalipa\n\t\t\t\t<\/dd><\/dl><dl class='gallery-item'>\n\t\t\t<dt class='gallery-icon portrait'>\n\t\t\t\t<a href='https:\/\/franciscanos.org.br\/noticias\/wp-content\/uploads\/2025\/07\/Camila-e-Jaqueline-Baldin.jpeg'><img width=\"300\" height=\"300\" src=\"https:\/\/franciscanos.org.br\/noticias\/wp-content\/uploads\/2025\/07\/Camila-e-Jaqueline-Baldin-300x300.jpeg\" class=\"attachment-thumbnail size-thumbnail\" alt=\"\" loading=\"lazy\" aria-describedby=\"gallery-1-258854\" srcset=\"https:\/\/franciscanos.org.br\/noticias\/wp-content\/uploads\/2025\/07\/Camila-e-Jaqueline-Baldin-300x300.jpeg 300w, https:\/\/franciscanos.org.br\/noticias\/wp-content\/uploads\/2025\/07\/Camila-e-Jaqueline-Baldin-100x100.jpeg 100w\" sizes=\"(max-width: 300px) 100vw, 300px\" \/><\/a>\n\t\t\t<\/dt>\n\t\t\t\t<dd class='wp-caption-text gallery-caption' id='gallery-1-258854'>\n\t\t\t\tCamila e Jaqueline Baldin\n\t\t\t\t<\/dd><\/dl><br style=\"clear: both\" \/>\n\t\t<\/div>\n\n<p style=\"font-weight: 400;\">O estudante Davi Costa de Oliveira, de 20 anos, da Par\u00f3quia S\u00e3o Francisco de Assis, de Campos El\u00edseos, Duque de Caxias, RJ, percorreu mais de mil quil\u00f4metros de \u00f4nibus para participar de sua primeira CFJ. \u201cLevo daqui, principalmente, o amor e o carinho que pude sentir nestes dias. Tamb\u00e9m gostei muito do contato mais pr\u00f3ximo com a natureza, pois moro numa \u00e1rea urbana onde n\u00e3o h\u00e1 tanta vegeta\u00e7\u00e3o. Foi uma emo\u00e7\u00e3o muito grande e espero voltar mais vezes\u201d, partilhou, revelando o desejo de participar de uma pr\u00f3xima edi\u00e7\u00e3o. De Curitiba, PR, a auxiliar administrativo e estudante de Psicologia, Caroline dos Reis Tabalipa, disse levar consigo as amizades que fez e as pessoas que conheceu. Esta foi a segunda Caminhada de Caroline, que tamb\u00e9m manifestou o desejo de participar dos pr\u00f3ximos eventos. M\u00e3e e filha, Jaqueline e Camila Baldin, vieram de Pato Branco, PR, para participar pela primeira vez da CFJ. A acolhida das fam\u00edlias e a beleza das paisagens foram dois destaques que chamaram a aten\u00e7\u00e3o. Para Camila, aquilo que foi vivido e experimentado por ela na Caminhada ser\u00e1 levado para a vida, pensamento partilhado pela m\u00e3e, Jaqueline, para quem apenas participa de uma iniciativa como a Caminhada consegue descrever toda a riqueza que o evento oferece.<\/p>\n\n\t\t<style type=\"text\/css\">\n\t\t\t#gallery-2 {\n\t\t\t\tmargin: auto;\n\t\t\t}\n\t\t\t#gallery-2 .gallery-item {\n\t\t\t\tfloat: left;\n\t\t\t\tmargin-top: 10px;\n\t\t\t\ttext-align: center;\n\t\t\t\twidth: 50%;\n\t\t\t}\n\t\t\t#gallery-2 img {\n\t\t\t\tborder: 2px solid #cfcfcf;\n\t\t\t}\n\t\t\t#gallery-2 .gallery-caption {\n\t\t\t\tmargin-left: 0;\n\t\t\t}\n\t\t\t\/* see gallery_shortcode() in wp-includes\/media.php *\/\n\t\t<\/style>\n\t\t<div id='gallery-2' class='gallery galleryid-258850 gallery-columns-2 gallery-size-thumbnail'><dl class='gallery-item'>\n\t\t\t<dt class='gallery-icon portrait'>\n\t\t\t\t<a href='https:\/\/franciscanos.org.br\/noticias\/wp-content\/uploads\/2025\/07\/Larissa-Regina.jpeg'><img width=\"300\" height=\"300\" src=\"https:\/\/franciscanos.org.br\/noticias\/wp-content\/uploads\/2025\/07\/Larissa-Regina-300x300.jpeg\" class=\"attachment-thumbnail size-thumbnail\" alt=\"\" loading=\"lazy\" aria-describedby=\"gallery-2-258852\" srcset=\"https:\/\/franciscanos.org.br\/noticias\/wp-content\/uploads\/2025\/07\/Larissa-Regina-300x300.jpeg 300w, https:\/\/franciscanos.org.br\/noticias\/wp-content\/uploads\/2025\/07\/Larissa-Regina-100x100.jpeg 100w\" sizes=\"(max-width: 300px) 100vw, 300px\" \/><\/a>\n\t\t\t<\/dt>\n\t\t\t\t<dd class='wp-caption-text gallery-caption' id='gallery-2-258852'>\n\t\t\t\tLarissa Regina\n\t\t\t\t<\/dd><\/dl><dl class='gallery-item'>\n\t\t\t<dt class='gallery-icon portrait'>\n\t\t\t\t<a href='https:\/\/franciscanos.org.br\/noticias\/wp-content\/uploads\/2025\/07\/Ismael-Antonio-Gasoarotto-Angela-Bender-Gasparotto-e-filhos.jpeg'><img width=\"300\" height=\"300\" src=\"https:\/\/franciscanos.org.br\/noticias\/wp-content\/uploads\/2025\/07\/Ismael-Antonio-Gasoarotto-Angela-Bender-Gasparotto-e-filhos-300x300.jpeg\" class=\"attachment-thumbnail size-thumbnail\" alt=\"\" loading=\"lazy\" aria-describedby=\"gallery-2-258853\" srcset=\"https:\/\/franciscanos.org.br\/noticias\/wp-content\/uploads\/2025\/07\/Ismael-Antonio-Gasoarotto-Angela-Bender-Gasparotto-e-filhos-300x300.jpeg 300w, https:\/\/franciscanos.org.br\/noticias\/wp-content\/uploads\/2025\/07\/Ismael-Antonio-Gasoarotto-Angela-Bender-Gasparotto-e-filhos-100x100.jpeg 100w\" sizes=\"(max-width: 300px) 100vw, 300px\" \/><\/a>\n\t\t\t<\/dt>\n\t\t\t\t<dd class='wp-caption-text gallery-caption' id='gallery-2-258853'>\n\t\t\t\tIsmael Ant\u00f4nio Gasoarotto, Angela Bender Gasparotto e filhos\n\t\t\t\t<\/dd><\/dl><br style=\"clear: both\" \/>\n\t\t<\/div>\n\n<p style=\"font-weight: 400;\">Entre as fam\u00edlias acolhedoras, as marcas deixadas pela caminhada tamb\u00e9m s\u00e3o de alegria e gratid\u00e3o. A banc\u00e1ria Larissa Regina Marone recebeu em casa quatro h\u00f3spedes de Colatina, ES, Santo Amaro da Imperatriz, SC, Rocinha, RJ e Campos El\u00edseos, RJ. Al\u00e9m de receber as visitas em casa, ela e o esposo, Marcos Scheibel, trabalham ativamente nas equipes de servi\u00e7o da CJF. Para ela, este interc\u00e2mbio \u00e9 fato de grande enriquecimento: \u201cFoi muito gratificante conhecer novas culturas e trocar ideias\u201d, afirmou. Quanto ao resultado do empenho, manifestou satisfa\u00e7\u00e3o: \u201cEstou com o sentimento de dever cumprido. Deu trabalho, mas foi muito bom\u201d, concluiu. A dentista \u00c2ngela Bender Gasparotto e o optometrista Ismael Ant\u00f4nio Gasparoto tamb\u00e9m se dividiram entre o trabalho nas equipes e a acolhida de caminhantes. O casal, que tem tr\u00eas filhos, um menino com nove anos e duas meninas, uma com cinco e outra com dois, al\u00e9m de atuar nas frentes de servi\u00e7o, recebeu em casa um frade e uma jovem do Rio de Janeiro. Para eles, contribuir com a Caminhada foi uma oportunidade acolhida com alegria e gratid\u00e3o. Ap\u00f3s a missa, almo\u00e7o farto e generoso com tradicional churrasco no card\u00e1pio. Na bagagem de volta, certamente os participantes levaram o que tamb\u00e9m vieram para deixar: alegria, gratid\u00e3o, esperan\u00e7a, f\u00e9 e crescimento, tanto pessoal quanto espiritual.<\/p>\n<h3 style=\"font-weight: 400;\"><strong>An\u00fancio de data e lugar do pr\u00f3ximo evento ser\u00e1 realizado mais adiante<\/strong><\/h3>\n<p><img loading=\"lazy\" class=\"alignnone size-full wp-image-258860\" src=\"https:\/\/franciscanos.org.br\/noticias\/wp-content\/uploads\/2025\/07\/CFJ_2025_0084-Grande.jpeg\" alt=\"\" width=\"1280\" height=\"853\" srcset=\"https:\/\/franciscanos.org.br\/noticias\/wp-content\/uploads\/2025\/07\/CFJ_2025_0084-Grande.jpeg 1280w, https:\/\/franciscanos.org.br\/noticias\/wp-content\/uploads\/2025\/07\/CFJ_2025_0084-Grande-450x300.jpeg 450w, https:\/\/franciscanos.org.br\/noticias\/wp-content\/uploads\/2025\/07\/CFJ_2025_0084-Grande-1024x682.jpeg 1024w, https:\/\/franciscanos.org.br\/noticias\/wp-content\/uploads\/2025\/07\/CFJ_2025_0084-Grande-768x512.jpeg 768w, https:\/\/franciscanos.org.br\/noticias\/wp-content\/uploads\/2025\/07\/CFJ_2025_0084-Grande-150x100.jpeg 150w\" sizes=\"(max-width: 1280px) 100vw, 1280px\" \/><\/p>\n<p style=\"font-weight: 400;\">Uma das expectativas dos eventos da Prov\u00edncia com as juventudes \u00e9 o an\u00fancio da sede e da data da pr\u00f3xima iniciativa. Desta vez, por conta de alguns fatores relativos ao calend\u00e1rio e a consultas necess\u00e1rias que as fraternidades candidatas necessitam fazer, o an\u00fancio n\u00e3o foi poss\u00edvel ainda. No entanto, a Equipe de anima\u00e7\u00e3o das Juventudes segue trabalhando neste prop\u00f3sito de forma que, assim que for definido, todas estas informa\u00e7\u00f5es sejam amplamente divulgadas.<\/p>\n<hr \/>\n<p><strong><em>Equipe de Comunica\u00e7\u00e3o da Caminhada<\/em><\/strong><\/p>\n\n\t\t<style type=\"text\/css\">\n\t\t\t#gallery-3 {\n\t\t\t\tmargin: auto;\n\t\t\t}\n\t\t\t#gallery-3 .gallery-item {\n\t\t\t\tfloat: left;\n\t\t\t\tmargin-top: 10px;\n\t\t\t\ttext-align: center;\n\t\t\t\twidth: 20%;\n\t\t\t}\n\t\t\t#gallery-3 img {\n\t\t\t\tborder: 2px solid #cfcfcf;\n\t\t\t}\n\t\t\t#gallery-3 .gallery-caption {\n\t\t\t\tmargin-left: 0;\n\t\t\t}\n\t\t\t\/* see gallery_shortcode() in wp-includes\/media.php *\/\n\t\t<\/style>\n\t\t<div id='gallery-3' class='gallery galleryid-258850 gallery-columns-5 gallery-size-thumbnail'><dl class='gallery-item'>\n\t\t\t<dt class='gallery-icon landscape'>\n\t\t\t\t<a href='https:\/\/franciscanos.org.br\/noticias\/wp-content\/uploads\/2025\/07\/CFJ_2025_9988-Grande.jpeg'><img width=\"300\" height=\"300\" src=\"https:\/\/franciscanos.org.br\/noticias\/wp-content\/uploads\/2025\/07\/CFJ_2025_9988-Grande-300x300.jpeg\" class=\"attachment-thumbnail size-thumbnail\" alt=\"\" loading=\"lazy\" srcset=\"https:\/\/franciscanos.org.br\/noticias\/wp-content\/uploads\/2025\/07\/CFJ_2025_9988-Grande-300x300.jpeg 300w, https:\/\/franciscanos.org.br\/noticias\/wp-content\/uploads\/2025\/07\/CFJ_2025_9988-Grande-100x100.jpeg 100w\" sizes=\"(max-width: 300px) 100vw, 300px\" \/><\/a>\n\t\t\t<\/dt><\/dl><dl class='gallery-item'>\n\t\t\t<dt class='gallery-icon landscape'>\n\t\t\t\t<a href='https:\/\/franciscanos.org.br\/noticias\/wp-content\/uploads\/2025\/07\/CFJ_2025_9970-Grande.jpeg'><img width=\"300\" height=\"300\" src=\"https:\/\/franciscanos.org.br\/noticias\/wp-content\/uploads\/2025\/07\/CFJ_2025_9970-Grande-300x300.jpeg\" class=\"attachment-thumbnail size-thumbnail\" alt=\"\" loading=\"lazy\" srcset=\"https:\/\/franciscanos.org.br\/noticias\/wp-content\/uploads\/2025\/07\/CFJ_2025_9970-Grande-300x300.jpeg 300w, https:\/\/franciscanos.org.br\/noticias\/wp-content\/uploads\/2025\/07\/CFJ_2025_9970-Grande-100x100.jpeg 100w\" sizes=\"(max-width: 300px) 100vw, 300px\" \/><\/a>\n\t\t\t<\/dt><\/dl><dl class='gallery-item'>\n\t\t\t<dt class='gallery-icon landscape'>\n\t\t\t\t<a href='https:\/\/franciscanos.org.br\/noticias\/wp-content\/uploads\/2025\/07\/CFJ_2025_0062-Grande.jpeg'><img width=\"300\" height=\"300\" src=\"https:\/\/franciscanos.org.br\/noticias\/wp-content\/uploads\/2025\/07\/CFJ_2025_0062-Grande-300x300.jpeg\" class=\"attachment-thumbnail size-thumbnail\" alt=\"\" loading=\"lazy\" srcset=\"https:\/\/franciscanos.org.br\/noticias\/wp-content\/uploads\/2025\/07\/CFJ_2025_0062-Grande-300x300.jpeg 300w, https:\/\/franciscanos.org.br\/noticias\/wp-content\/uploads\/2025\/07\/CFJ_2025_0062-Grande-100x100.jpeg 100w\" sizes=\"(max-width: 300px) 100vw, 300px\" \/><\/a>\n\t\t\t<\/dt><\/dl><dl class='gallery-item'>\n\t\t\t<dt class='gallery-icon landscape'>\n\t\t\t\t<a href='https:\/\/franciscanos.org.br\/noticias\/wp-content\/uploads\/2025\/07\/CFJ_2025_0011-Grande.jpeg'><img width=\"300\" height=\"300\" src=\"https:\/\/franciscanos.org.br\/noticias\/wp-content\/uploads\/2025\/07\/CFJ_2025_0011-Grande-300x300.jpeg\" class=\"attachment-thumbnail size-thumbnail\" alt=\"\" loading=\"lazy\" srcset=\"https:\/\/franciscanos.org.br\/noticias\/wp-content\/uploads\/2025\/07\/CFJ_2025_0011-Grande-300x300.jpeg 300w, https:\/\/franciscanos.org.br\/noticias\/wp-content\/uploads\/2025\/07\/CFJ_2025_0011-Grande-100x100.jpeg 100w\" sizes=\"(max-width: 300px) 100vw, 300px\" \/><\/a>\n\t\t\t<\/dt><\/dl><dl class='gallery-item'>\n\t\t\t<dt class='gallery-icon landscape'>\n\t\t\t\t<a href='https:\/\/franciscanos.org.br\/noticias\/wp-content\/uploads\/2025\/07\/CFJ_2025_0208-Grande.jpeg'><img width=\"300\" height=\"300\" src=\"https:\/\/franciscanos.org.br\/noticias\/wp-content\/uploads\/2025\/07\/CFJ_2025_0208-Grande-300x300.jpeg\" class=\"attachment-thumbnail size-thumbnail\" alt=\"\" loading=\"lazy\" srcset=\"https:\/\/franciscanos.org.br\/noticias\/wp-content\/uploads\/2025\/07\/CFJ_2025_0208-Grande-300x300.jpeg 300w, https:\/\/franciscanos.org.br\/noticias\/wp-content\/uploads\/2025\/07\/CFJ_2025_0208-Grande-100x100.jpeg 100w\" sizes=\"(max-width: 300px) 100vw, 300px\" \/><\/a>\n\t\t\t<\/dt><\/dl><br style=\"clear: both\" \/><dl class='gallery-item'>\n\t\t\t<dt class='gallery-icon landscape'>\n\t\t\t\t<a href='https:\/\/franciscanos.org.br\/noticias\/wp-content\/uploads\/2025\/07\/CFJ_2025_0172-Grande.jpeg'><img width=\"300\" height=\"300\" src=\"https:\/\/franciscanos.org.br\/noticias\/wp-content\/uploads\/2025\/07\/CFJ_2025_0172-Grande-300x300.jpeg\" class=\"attachment-thumbnail size-thumbnail\" alt=\"\" loading=\"lazy\" srcset=\"https:\/\/franciscanos.org.br\/noticias\/wp-content\/uploads\/2025\/07\/CFJ_2025_0172-Grande-300x300.jpeg 300w, https:\/\/franciscanos.org.br\/noticias\/wp-content\/uploads\/2025\/07\/CFJ_2025_0172-Grande-100x100.jpeg 100w\" sizes=\"(max-width: 300px) 100vw, 300px\" \/><\/a>\n\t\t\t<\/dt><\/dl><dl class='gallery-item'>\n\t\t\t<dt class='gallery-icon landscape'>\n\t\t\t\t<a href='https:\/\/franciscanos.org.br\/noticias\/wp-content\/uploads\/2025\/07\/CFJ_2025_0225-Grande.jpeg'><img width=\"300\" height=\"300\" src=\"https:\/\/franciscanos.org.br\/noticias\/wp-content\/uploads\/2025\/07\/CFJ_2025_0225-Grande-300x300.jpeg\" class=\"attachment-thumbnail size-thumbnail\" alt=\"\" loading=\"lazy\" srcset=\"https:\/\/franciscanos.org.br\/noticias\/wp-content\/uploads\/2025\/07\/CFJ_2025_0225-Grande-300x300.jpeg 300w, https:\/\/franciscanos.org.br\/noticias\/wp-content\/uploads\/2025\/07\/CFJ_2025_0225-Grande-100x100.jpeg 100w\" sizes=\"(max-width: 300px) 100vw, 300px\" \/><\/a>\n\t\t\t<\/dt><\/dl><dl class='gallery-item'>\n\t\t\t<dt class='gallery-icon landscape'>\n\t\t\t\t<a href='https:\/\/franciscanos.org.br\/noticias\/wp-content\/uploads\/2025\/07\/CFJ_2025_0263-Grande.jpeg'><img width=\"300\" height=\"300\" src=\"https:\/\/franciscanos.org.br\/noticias\/wp-content\/uploads\/2025\/07\/CFJ_2025_0263-Grande-300x300.jpeg\" class=\"attachment-thumbnail size-thumbnail\" alt=\"\" loading=\"lazy\" srcset=\"https:\/\/franciscanos.org.br\/noticias\/wp-content\/uploads\/2025\/07\/CFJ_2025_0263-Grande-300x300.jpeg 300w, https:\/\/franciscanos.org.br\/noticias\/wp-content\/uploads\/2025\/07\/CFJ_2025_0263-Grande-100x100.jpeg 100w\" sizes=\"(max-width: 300px) 100vw, 300px\" \/><\/a>\n\t\t\t<\/dt><\/dl><dl class='gallery-item'>\n\t\t\t<dt class='gallery-icon landscape'>\n\t\t\t\t<a href='https:\/\/franciscanos.org.br\/noticias\/wp-content\/uploads\/2025\/07\/CFJ_2025_0197-Grande.jpeg'><img width=\"300\" height=\"300\" src=\"https:\/\/franciscanos.org.br\/noticias\/wp-content\/uploads\/2025\/07\/CFJ_2025_0197-Grande-300x300.jpeg\" class=\"attachment-thumbnail size-thumbnail\" alt=\"\" loading=\"lazy\" srcset=\"https:\/\/franciscanos.org.br\/noticias\/wp-content\/uploads\/2025\/07\/CFJ_2025_0197-Grande-300x300.jpeg 300w, https:\/\/franciscanos.org.br\/noticias\/wp-content\/uploads\/2025\/07\/CFJ_2025_0197-Grande-100x100.jpeg 100w\" sizes=\"(max-width: 300px) 100vw, 300px\" \/><\/a>\n\t\t\t<\/dt><\/dl><dl class='gallery-item'>\n\t\t\t<dt class='gallery-icon landscape'>\n\t\t\t\t<a href='https:\/\/franciscanos.org.br\/noticias\/wp-content\/uploads\/2025\/07\/CFJ_2025_0131-Grande.jpeg'><img width=\"300\" height=\"300\" src=\"https:\/\/franciscanos.org.br\/noticias\/wp-content\/uploads\/2025\/07\/CFJ_2025_0131-Grande-300x300.jpeg\" class=\"attachment-thumbnail size-thumbnail\" alt=\"\" loading=\"lazy\" srcset=\"https:\/\/franciscanos.org.br\/noticias\/wp-content\/uploads\/2025\/07\/CFJ_2025_0131-Grande-300x300.jpeg 300w, https:\/\/franciscanos.org.br\/noticias\/wp-content\/uploads\/2025\/07\/CFJ_2025_0131-Grande-100x100.jpeg 100w\" sizes=\"(max-width: 300px) 100vw, 300px\" \/><\/a>\n\t\t\t<\/dt><\/dl><br style=\"clear: both\" \/>\n\t\t<\/div>\n\n","protected":false},"excerpt":{"rendered":"<p>Caminhada Franciscana da Juventude<\/p>\n","protected":false},"author":5,"featured_media":258872,"comment_status":"open","ping_status":"open","sticky":false,"template":"","format":"standard","meta":[],"categories":[1],"tags":[2308,2093,2056],"acf":[],"yoast_head":"<!-- This site is optimized with the Yoast SEO plugin v19.2 - https:\/\/yoast.com\/wordpress\/plugins\/seo\/ -->\n<title>Mais do que passos ou quil\u00f4metros, uma li\u00e7\u00e3o: \u201cO amor de Cristo nos uniu\u201d - Not\u00edcias - Franciscanos<\/title>\n<meta name=\"robots\" content=\"index, follow, max-snippet:-1, max-image-preview:large, max-video-preview:-1\" \/>\n<link rel=\"canonical\" href=\"https:\/\/franciscanos.org.br\/noticias\/mais-do-que-passos-ou-quilometros-uma-licao-o-amor-de-cristo-nos-uniu.html\" \/>\n<meta property=\"og:locale\" content=\"pt_BR\" \/>\n<meta property=\"og:type\" content=\"article\" \/>\n<meta property=\"og:title\" content=\"Mais do que passos ou quil\u00f4metros, uma li\u00e7\u00e3o: \u201cO amor de Cristo nos uniu\u201d - Not\u00edcias - Franciscanos\" \/>\n<meta property=\"og:description\" content=\"Caminhada Franciscana da Juventude\" \/>\n<meta property=\"og:url\" content=\"https:\/\/franciscanos.org.br\/noticias\/mais-do-que-passos-ou-quilometros-uma-licao-o-amor-de-cristo-nos-uniu.html\" \/>\n<meta property=\"og:site_name\" content=\"Not\u00edcias - Franciscanos\" \/>\n<meta property=\"article:published_time\" content=\"2025-07-21T13:09:37+00:00\" \/>\n<meta property=\"article:modified_time\" content=\"2025-08-26T19:02:05+00:00\" \/>\n<meta property=\"og:image\" content=\"https:\/\/franciscanos.org.br\/noticias\/wp-content\/uploads\/2025\/07\/CFJ_200725.jpg\" \/>\n\t<meta property=\"og:image:width\" content=\"1280\" \/>\n\t<meta property=\"og:image:height\" content=\"720\" \/>\n\t<meta property=\"og:image:type\" content=\"image\/jpeg\" \/>\n<meta name=\"author\" content=\"freiaugusto\" \/>\n<meta name=\"twitter:card\" content=\"summary_large_image\" \/>\n<meta name=\"twitter:label1\" content=\"Escrito por\" \/>\n\t<meta name=\"twitter:data1\" content=\"freiaugusto\" \/>\n\t<meta name=\"twitter:label2\" content=\"Est. tempo de leitura\" \/>\n\t<meta name=\"twitter:data2\" content=\"15 minutos\" \/>\n<script type=\"application\/ld+json\" class=\"yoast-schema-graph\">{\"@context\":\"https:\/\/schema.org\",\"@graph\":[{\"@type\":\"WebSite\",\"@id\":\"https:\/\/franciscanos.org.br\/noticias\/#website\",\"url\":\"https:\/\/franciscanos.org.br\/noticias\/\",\"name\":\"Not\u00edcias - Franciscanos\",\"description\":\"Prov\u00edncia Franciscana da Imaculada Concei\u00e7\u00e3o do Brasil - Ordem dos Frades Menores - OFM\",\"potentialAction\":[{\"@type\":\"SearchAction\",\"target\":{\"@type\":\"EntryPoint\",\"urlTemplate\":\"https:\/\/franciscanos.org.br\/noticias\/?s={search_term_string}\"},\"query-input\":\"required name=search_term_string\"}],\"inLanguage\":\"pt-BR\"},{\"@type\":\"ImageObject\",\"inLanguage\":\"pt-BR\",\"@id\":\"https:\/\/franciscanos.org.br\/noticias\/mais-do-que-passos-ou-quilometros-uma-licao-o-amor-de-cristo-nos-uniu.html#primaryimage\",\"url\":\"https:\/\/franciscanos.org.br\/noticias\/wp-content\/uploads\/2025\/07\/CFJ_200725.jpg\",\"contentUrl\":\"https:\/\/franciscanos.org.br\/noticias\/wp-content\/uploads\/2025\/07\/CFJ_200725.jpg\",\"width\":1280,\"height\":720},{\"@type\":\"WebPage\",\"@id\":\"https:\/\/franciscanos.org.br\/noticias\/mais-do-que-passos-ou-quilometros-uma-licao-o-amor-de-cristo-nos-uniu.html#webpage\",\"url\":\"https:\/\/franciscanos.org.br\/noticias\/mais-do-que-passos-ou-quilometros-uma-licao-o-amor-de-cristo-nos-uniu.html\",\"name\":\"Mais do que passos ou quil\u00f4metros, uma li\u00e7\u00e3o: \u201cO amor de Cristo nos uniu\u201d - Not\u00edcias - Franciscanos\",\"isPartOf\":{\"@id\":\"https:\/\/franciscanos.org.br\/noticias\/#website\"},\"primaryImageOfPage\":{\"@id\":\"https:\/\/franciscanos.org.br\/noticias\/mais-do-que-passos-ou-quilometros-uma-licao-o-amor-de-cristo-nos-uniu.html#primaryimage\"},\"datePublished\":\"2025-07-21T13:09:37+00:00\",\"dateModified\":\"2025-08-26T19:02:05+00:00\",\"author\":{\"@id\":\"https:\/\/franciscanos.org.br\/noticias\/#\/schema\/person\/37f88f0d111cd5358b12a6556a99eb91\"},\"breadcrumb\":{\"@id\":\"https:\/\/franciscanos.org.br\/noticias\/mais-do-que-passos-ou-quilometros-uma-licao-o-amor-de-cristo-nos-uniu.html#breadcrumb\"},\"inLanguage\":\"pt-BR\",\"potentialAction\":[{\"@type\":\"ReadAction\",\"target\":[\"https:\/\/franciscanos.org.br\/noticias\/mais-do-que-passos-ou-quilometros-uma-licao-o-amor-de-cristo-nos-uniu.html\"]}]},{\"@type\":\"BreadcrumbList\",\"@id\":\"https:\/\/franciscanos.org.br\/noticias\/mais-do-que-passos-ou-quilometros-uma-licao-o-amor-de-cristo-nos-uniu.html#breadcrumb\",\"itemListElement\":[{\"@type\":\"ListItem\",\"position\":1,\"name\":\"Home\",\"item\":\"https:\/\/franciscanos.org.br\/noticias\"},{\"@type\":\"ListItem\",\"position\":2,\"name\":\"Mais do que passos ou quil\u00f4metros, uma li\u00e7\u00e3o: \u201cO amor de Cristo nos uniu\u201d\"}]},{\"@type\":\"Person\",\"@id\":\"https:\/\/franciscanos.org.br\/noticias\/#\/schema\/person\/37f88f0d111cd5358b12a6556a99eb91\",\"name\":\"freiaugusto\",\"image\":{\"@type\":\"ImageObject\",\"inLanguage\":\"pt-BR\",\"@id\":\"https:\/\/franciscanos.org.br\/noticias\/#\/schema\/person\/image\/\",\"url\":\"https:\/\/secure.gravatar.com\/avatar\/9840b940e621801b24f3e6b059efb4b7?s=96&d=mm&r=g\",\"contentUrl\":\"https:\/\/secure.gravatar.com\/avatar\/9840b940e621801b24f3e6b059efb4b7?s=96&d=mm&r=g\",\"caption\":\"freiaugusto\"},\"url\":\"https:\/\/franciscanos.org.br\/noticias\/author\/freiaugusto\"}]}<\/script>\n<!-- \/ Yoast SEO plugin. -->","yoast_head_json":{"title":"Mais do que passos ou quil\u00f4metros, uma li\u00e7\u00e3o: \u201cO amor de Cristo nos uniu\u201d - Not\u00edcias - Franciscanos","robots":{"index":"index","follow":"follow","max-snippet":"max-snippet:-1","max-image-preview":"max-image-preview:large","max-video-preview":"max-video-preview:-1"},"canonical":"https:\/\/franciscanos.org.br\/noticias\/mais-do-que-passos-ou-quilometros-uma-licao-o-amor-de-cristo-nos-uniu.html","og_locale":"pt_BR","og_type":"article","og_title":"Mais do que passos ou quil\u00f4metros, uma li\u00e7\u00e3o: \u201cO amor de Cristo nos uniu\u201d - Not\u00edcias - Franciscanos","og_description":"Caminhada Franciscana da Juventude","og_url":"https:\/\/franciscanos.org.br\/noticias\/mais-do-que-passos-ou-quilometros-uma-licao-o-amor-de-cristo-nos-uniu.html","og_site_name":"Not\u00edcias - Franciscanos","article_published_time":"2025-07-21T13:09:37+00:00","article_modified_time":"2025-08-26T19:02:05+00:00","og_image":[{"width":1280,"height":720,"url":"https:\/\/franciscanos.org.br\/noticias\/wp-content\/uploads\/2025\/07\/CFJ_200725.jpg","type":"image\/jpeg"}],"author":"freiaugusto","twitter_card":"summary_large_image","twitter_misc":{"Escrito por":"freiaugusto","Est. tempo de leitura":"15 minutos"},"schema":{"@context":"https:\/\/schema.org","@graph":[{"@type":"WebSite","@id":"https:\/\/franciscanos.org.br\/noticias\/#website","url":"https:\/\/franciscanos.org.br\/noticias\/","name":"Not\u00edcias - Franciscanos","description":"Prov\u00edncia Franciscana da Imaculada Concei\u00e7\u00e3o do Brasil - Ordem dos Frades Menores - OFM","potentialAction":[{"@type":"SearchAction","target":{"@type":"EntryPoint","urlTemplate":"https:\/\/franciscanos.org.br\/noticias\/?s={search_term_string}"},"query-input":"required name=search_term_string"}],"inLanguage":"pt-BR"},{"@type":"ImageObject","inLanguage":"pt-BR","@id":"https:\/\/franciscanos.org.br\/noticias\/mais-do-que-passos-ou-quilometros-uma-licao-o-amor-de-cristo-nos-uniu.html#primaryimage","url":"https:\/\/franciscanos.org.br\/noticias\/wp-content\/uploads\/2025\/07\/CFJ_200725.jpg","contentUrl":"https:\/\/franciscanos.org.br\/noticias\/wp-content\/uploads\/2025\/07\/CFJ_200725.jpg","width":1280,"height":720},{"@type":"WebPage","@id":"https:\/\/franciscanos.org.br\/noticias\/mais-do-que-passos-ou-quilometros-uma-licao-o-amor-de-cristo-nos-uniu.html#webpage","url":"https:\/\/franciscanos.org.br\/noticias\/mais-do-que-passos-ou-quilometros-uma-licao-o-amor-de-cristo-nos-uniu.html","name":"Mais do que passos ou quil\u00f4metros, uma li\u00e7\u00e3o: \u201cO amor de Cristo nos uniu\u201d - Not\u00edcias - Franciscanos","isPartOf":{"@id":"https:\/\/franciscanos.org.br\/noticias\/#website"},"primaryImageOfPage":{"@id":"https:\/\/franciscanos.org.br\/noticias\/mais-do-que-passos-ou-quilometros-uma-licao-o-amor-de-cristo-nos-uniu.html#primaryimage"},"datePublished":"2025-07-21T13:09:37+00:00","dateModified":"2025-08-26T19:02:05+00:00","author":{"@id":"https:\/\/franciscanos.org.br\/noticias\/#\/schema\/person\/37f88f0d111cd5358b12a6556a99eb91"},"breadcrumb":{"@id":"https:\/\/franciscanos.org.br\/noticias\/mais-do-que-passos-ou-quilometros-uma-licao-o-amor-de-cristo-nos-uniu.html#breadcrumb"},"inLanguage":"pt-BR","potentialAction":[{"@type":"ReadAction","target":["https:\/\/franciscanos.org.br\/noticias\/mais-do-que-passos-ou-quilometros-uma-licao-o-amor-de-cristo-nos-uniu.html"]}]},{"@type":"BreadcrumbList","@id":"https:\/\/franciscanos.org.br\/noticias\/mais-do-que-passos-ou-quilometros-uma-licao-o-amor-de-cristo-nos-uniu.html#breadcrumb","itemListElement":[{"@type":"ListItem","position":1,"name":"Home","item":"https:\/\/franciscanos.org.br\/noticias"},{"@type":"ListItem","position":2,"name":"Mais do que passos ou quil\u00f4metros, uma li\u00e7\u00e3o: \u201cO amor de Cristo nos uniu\u201d"}]},{"@type":"Person","@id":"https:\/\/franciscanos.org.br\/noticias\/#\/schema\/person\/37f88f0d111cd5358b12a6556a99eb91","name":"freiaugusto","image":{"@type":"ImageObject","inLanguage":"pt-BR","@id":"https:\/\/franciscanos.org.br\/noticias\/#\/schema\/person\/image\/","url":"https:\/\/secure.gravatar.com\/avatar\/9840b940e621801b24f3e6b059efb4b7?s=96&d=mm&r=g","contentUrl":"https:\/\/secure.gravatar.com\/avatar\/9840b940e621801b24f3e6b059efb4b7?s=96&d=mm&r=g","caption":"freiaugusto"},"url":"https:\/\/franciscanos.org.br\/noticias\/author\/freiaugusto"}]}},"_links":{"self":[{"href":"https:\/\/franciscanos.org.br\/noticias\/wp-json\/wp\/v2\/posts\/258850"}],"collection":[{"href":"https:\/\/franciscanos.org.br\/noticias\/wp-json\/wp\/v2\/posts"}],"about":[{"href":"https:\/\/franciscanos.org.br\/noticias\/wp-json\/wp\/v2\/types\/post"}],"author":[{"embeddable":true,"href":"https:\/\/franciscanos.org.br\/noticias\/wp-json\/wp\/v2\/users\/5"}],"replies":[{"embeddable":true,"href":"https:\/\/franciscanos.org.br\/noticias\/wp-json\/wp\/v2\/comments?post=258850"}],"version-history":[{"count":7,"href":"https:\/\/franciscanos.org.br\/noticias\/wp-json\/wp\/v2\/posts\/258850\/revisions"}],"predecessor-version":[{"id":258878,"href":"https:\/\/franciscanos.org.br\/noticias\/wp-json\/wp\/v2\/posts\/258850\/revisions\/258878"}],"wp:featuredmedia":[{"embeddable":true,"href":"https:\/\/franciscanos.org.br\/noticias\/wp-json\/wp\/v2\/media\/258872"}],"wp:attachment":[{"href":"https:\/\/franciscanos.org.br\/noticias\/wp-json\/wp\/v2\/media?parent=258850"}],"wp:term":[{"taxonomy":"category","embeddable":true,"href":"https:\/\/franciscanos.org.br\/noticias\/wp-json\/wp\/v2\/categories?post=258850"},{"taxonomy":"post_tag","embeddable":true,"href":"https:\/\/franciscanos.org.br\/noticias\/wp-json\/wp\/v2\/tags?post=258850"}],"curies":[{"name":"wp","href":"https:\/\/api.w.org\/{rel}","templated":true}]}}