{"id":258779,"date":"2025-07-19T11:19:17","date_gmt":"2025-07-19T14:19:17","guid":{"rendered":"https:\/\/franciscanos.org.br\/noticias\/?p=258779"},"modified":"2025-08-26T16:01:24","modified_gmt":"2025-08-26T19:01:24","slug":"xiii-caminhada-da-juventude-tem-inicio-em-coronel-freitas","status":"publish","type":"post","link":"https:\/\/franciscanos.org.br\/noticias\/xiii-caminhada-da-juventude-tem-inicio-em-coronel-freitas.html","title":{"rendered":"XIII Caminhada da Juventude tem in\u00edcio em Coronel Freitas"},"content":{"rendered":"<p style=\"text-align: justify; line-height: 150%;\"><img loading=\"lazy\" class=\"aligncenter wp-image-258780 size-full\" src=\"https:\/\/franciscanos.org.br\/noticias\/wp-content\/uploads\/2025\/07\/cfj_1907_slide-01.jpg\" alt=\"\" width=\"1280\" height=\"720\" srcset=\"https:\/\/franciscanos.org.br\/noticias\/wp-content\/uploads\/2025\/07\/cfj_1907_slide-01.jpg 1280w, https:\/\/franciscanos.org.br\/noticias\/wp-content\/uploads\/2025\/07\/cfj_1907_slide-01-450x253.jpg 450w, https:\/\/franciscanos.org.br\/noticias\/wp-content\/uploads\/2025\/07\/cfj_1907_slide-01-1024x576.jpg 1024w, https:\/\/franciscanos.org.br\/noticias\/wp-content\/uploads\/2025\/07\/cfj_1907_slide-01-768x432.jpg 768w, https:\/\/franciscanos.org.br\/noticias\/wp-content\/uploads\/2025\/07\/cfj_1907_slide-01-150x84.jpg 150w\" sizes=\"(max-width: 1280px) 100vw, 1280px\" \/>Com o tema \u201cCaminhantes da Esperan\u00e7a no louvor da Cria\u00e7\u00e3o\u201d, a XIII Edi\u00e7\u00e3o da Caminhada Franciscana da Juventude iniciou em Coronel Freitas em uma tarde fria, mas com muita alegria, descontra\u00e7\u00e3o e reencontros. Jovens de Santa Catarina, Paran\u00e1, Esp\u00edrito Santo, S\u00e3o Paulo e Rio de Janeiro come\u00e7aram a ser recepcionados no sal\u00e3o paroquial da igreja Matriz, \u00e0s 16h, para o credenciamento e lanche. Por ali puderam conhecer os demais participantes que foram chegando com o passar das horas.<\/p>\n<p style=\"text-align: justify; line-height: 150%;\">As boas-vindas foram realizadas pelos frades da Frente de Evangeliza\u00e7\u00e3o das Juventudes. Frei Felipe Carreta convidou a todos para juntos assistirem o v\u00eddeo da XII Caminhada Franciscana da Juventude em Sorocaba (SP). Em seguida, convidou os frades das Par\u00f3quias acolhedoras Frei Gilson Kammer e Frei Alisson Zanetti para recepcionar os jovens.<\/p>\n<p><img loading=\"lazy\" class=\"alignnone size-full wp-image-258784\" src=\"https:\/\/franciscanos.org.br\/noticias\/wp-content\/uploads\/2025\/07\/cfj_1907_slide-03.jpg\" alt=\"\" width=\"1280\" height=\"720\" srcset=\"https:\/\/franciscanos.org.br\/noticias\/wp-content\/uploads\/2025\/07\/cfj_1907_slide-03.jpg 1280w, https:\/\/franciscanos.org.br\/noticias\/wp-content\/uploads\/2025\/07\/cfj_1907_slide-03-450x253.jpg 450w, https:\/\/franciscanos.org.br\/noticias\/wp-content\/uploads\/2025\/07\/cfj_1907_slide-03-1024x576.jpg 1024w, https:\/\/franciscanos.org.br\/noticias\/wp-content\/uploads\/2025\/07\/cfj_1907_slide-03-768x432.jpg 768w, https:\/\/franciscanos.org.br\/noticias\/wp-content\/uploads\/2025\/07\/cfj_1907_slide-03-150x84.jpg 150w\" sizes=\"(max-width: 1280px) 100vw, 1280px\" \/><\/p>\n<p style=\"text-align: justify; line-height: 150%;\">Conforme Frei Alisson, \u201ca grande fam\u00edlia franciscana que \u00e9 cada um de n\u00f3s, \u00e9 a express\u00e3o desse amor que Francisco tem por cada um. Queremos agradecer pela confian\u00e7a de receber a XII Edi\u00e7\u00e3o da Caminhada Franciscana da Juventude. Sejam bem-vindos e bem-vindas\u201d, disse o p\u00e1roco da Par\u00f3quia S\u00e3o Jos\u00e9 do Patroc\u00ednio. Frei Gilson Kammer, p\u00e1roco da Par\u00f3quia de Xaxim, ressaltou a alegria em receber os jovens. \u201cAlegria em acolher neste ano a cada um de voc\u00eas. Alegria enorme em podermos mais uma vez acolher voc\u00eas\u201d, disse o frade.<\/p>\n<p style=\"text-align: justify; line-height: 150%;\">O Ministro Provincial Frei Paulo Roberto Pereira destacou que s\u00e3o momentos assim que podemos aprender e ouvir a juventude. \u201cDevemos ouvir e aprender com a juventude. Obrigado por nos aceitarem, por nos acompanharem nesta caminhada. N\u00f3s queremos nos unir aos jovens para experimentar o vigor. Muito obrigado por estarem aqui e nos aceitarem como companheiros.\u201d<\/p>\n<p><img loading=\"lazy\" class=\"alignnone size-full wp-image-258783\" src=\"https:\/\/franciscanos.org.br\/noticias\/wp-content\/uploads\/2025\/07\/cfj_1907_slide-02.jpg\" alt=\"\" width=\"1280\" height=\"720\" srcset=\"https:\/\/franciscanos.org.br\/noticias\/wp-content\/uploads\/2025\/07\/cfj_1907_slide-02.jpg 1280w, https:\/\/franciscanos.org.br\/noticias\/wp-content\/uploads\/2025\/07\/cfj_1907_slide-02-450x253.jpg 450w, https:\/\/franciscanos.org.br\/noticias\/wp-content\/uploads\/2025\/07\/cfj_1907_slide-02-1024x576.jpg 1024w, https:\/\/franciscanos.org.br\/noticias\/wp-content\/uploads\/2025\/07\/cfj_1907_slide-02-768x432.jpg 768w, https:\/\/franciscanos.org.br\/noticias\/wp-content\/uploads\/2025\/07\/cfj_1907_slide-02-150x84.jpg 150w\" sizes=\"(max-width: 1280px) 100vw, 1280px\" \/><\/p>\n<p>&nbsp;<\/p>\n<p style=\"text-align: justify; line-height: 150%;\">Ap\u00f3s as instru\u00e7\u00f5es aos jovens que foram passadas por Frei Gustavo Medella, o povo de Deus ali reunido foi convidado para se direcionar \u00e0 Igreja Matriz e participar do momento de m\u00edstica. Com as luzes apagadas, os jovens foram recepcionados na igreja. Em sil\u00eancio, acompanharam o teatro celebrando os 800 anos do C\u00e2ntico das Criaturas. As velas acesas emocionaram os jovens ali presentes.<\/p>\n<p style=\"text-align: justify; line-height: 150%;\">\u201cQuando eu fiz a leitura deste c\u00e2ntico pela primeira vez, eu tive a impress\u00e3o de que, em minhas m\u00e3os, estava o \u201cregistro escrito\u201d de algu\u00e9m \u201cmuito apaixonado\u201d, pois quando vivenciamos \u201calgo assim\u201d, \u00e9 natural tamb\u00e9m utilizarmos as palavras para fazer chegar \u00e0 pessoa amada aquilo que por ela sentimos. Queridos jovens, a presente edi\u00e7\u00e3o da caminhada franciscana da juventude deseja a todos, em comunh\u00e3o com a cria\u00e7\u00e3o presente no estado de Santa Catarina, presente nestas duas cidades t\u00e3o acolhedoras, comunicar a voc\u00eas a alegria deste encontro com \u201calgu\u00e9m\u201d muito especial. Coragem, meus irm\u00e3os e irm\u00e3s, este \u201calgu\u00e9m\u201d muito especial te chamou para esta caminhada, tenhamos, pois, p\u00e9s firmes neste ch\u00e3o e cora\u00e7\u00e3o voltado para o outro. Paz e Bem!\u201d, refletiu Frei Thiago.<\/p>\n<p><img loading=\"lazy\" class=\"alignnone size-full wp-image-258786\" src=\"https:\/\/franciscanos.org.br\/noticias\/wp-content\/uploads\/2025\/07\/cfj_1907_slide-04.jpg\" alt=\"\" width=\"1280\" height=\"720\" srcset=\"https:\/\/franciscanos.org.br\/noticias\/wp-content\/uploads\/2025\/07\/cfj_1907_slide-04.jpg 1280w, https:\/\/franciscanos.org.br\/noticias\/wp-content\/uploads\/2025\/07\/cfj_1907_slide-04-450x253.jpg 450w, https:\/\/franciscanos.org.br\/noticias\/wp-content\/uploads\/2025\/07\/cfj_1907_slide-04-1024x576.jpg 1024w, https:\/\/franciscanos.org.br\/noticias\/wp-content\/uploads\/2025\/07\/cfj_1907_slide-04-768x432.jpg 768w, https:\/\/franciscanos.org.br\/noticias\/wp-content\/uploads\/2025\/07\/cfj_1907_slide-04-150x84.jpg 150w\" sizes=\"(max-width: 1280px) 100vw, 1280px\" \/><\/p>\n<p style=\"text-align: justify; line-height: 150%;\">Encerrando o primeiro dia de CFJ com o envio para as fam\u00edlias acolhedoras em Coronel Freitas, os jovens pousam nas casas para, no s\u00e1bado, \u00e0s 6h, em frente \u00e0 igreja Matriz, iniciar a Caminhada de Coronel Freitas a Xaxim. Ser\u00e3o 22 km, chegando em Xaxim, no entardecer do s\u00e1bado, na Matriz.<\/p>\n<hr \/>\n<p><em>Equipe de Comunica\u00e7\u00e3o da CFJ<\/em><\/p>\n\n\t\t<style type=\"text\/css\">\n\t\t\t#gallery-1 {\n\t\t\t\tmargin: auto;\n\t\t\t}\n\t\t\t#gallery-1 .gallery-item {\n\t\t\t\tfloat: left;\n\t\t\t\tmargin-top: 10px;\n\t\t\t\ttext-align: center;\n\t\t\t\twidth: 20%;\n\t\t\t}\n\t\t\t#gallery-1 img {\n\t\t\t\tborder: 2px solid #cfcfcf;\n\t\t\t}\n\t\t\t#gallery-1 .gallery-caption {\n\t\t\t\tmargin-left: 0;\n\t\t\t}\n\t\t\t\/* see gallery_shortcode() in wp-includes\/media.php *\/\n\t\t<\/style>\n\t\t<div id='gallery-1' class='gallery galleryid-258779 gallery-columns-5 gallery-size-thumbnail'><dl class='gallery-item'>\n\t\t\t<dt class='gallery-icon landscape'>\n\t\t\t\t<a href='https:\/\/franciscanos.org.br\/noticias\/wp-content\/uploads\/2025\/07\/cfj_1907_galeria_001.jpg'><img width=\"300\" height=\"300\" src=\"https:\/\/franciscanos.org.br\/noticias\/wp-content\/uploads\/2025\/07\/cfj_1907_galeria_001-300x300.jpg\" class=\"attachment-thumbnail size-thumbnail\" alt=\"\" loading=\"lazy\" srcset=\"https:\/\/franciscanos.org.br\/noticias\/wp-content\/uploads\/2025\/07\/cfj_1907_galeria_001-300x300.jpg 300w, https:\/\/franciscanos.org.br\/noticias\/wp-content\/uploads\/2025\/07\/cfj_1907_galeria_001-100x100.jpg 100w\" sizes=\"(max-width: 300px) 100vw, 300px\" \/><\/a>\n\t\t\t<\/dt><\/dl><dl class='gallery-item'>\n\t\t\t<dt class='gallery-icon landscape'>\n\t\t\t\t<a href='https:\/\/franciscanos.org.br\/noticias\/wp-content\/uploads\/2025\/07\/cfj_1907_galeria_010.jpg'><img width=\"300\" height=\"300\" src=\"https:\/\/franciscanos.org.br\/noticias\/wp-content\/uploads\/2025\/07\/cfj_1907_galeria_010-300x300.jpg\" class=\"attachment-thumbnail size-thumbnail\" alt=\"\" loading=\"lazy\" srcset=\"https:\/\/franciscanos.org.br\/noticias\/wp-content\/uploads\/2025\/07\/cfj_1907_galeria_010-300x300.jpg 300w, https:\/\/franciscanos.org.br\/noticias\/wp-content\/uploads\/2025\/07\/cfj_1907_galeria_010-100x100.jpg 100w\" sizes=\"(max-width: 300px) 100vw, 300px\" \/><\/a>\n\t\t\t<\/dt><\/dl><dl class='gallery-item'>\n\t\t\t<dt class='gallery-icon landscape'>\n\t\t\t\t<a href='https:\/\/franciscanos.org.br\/noticias\/wp-content\/uploads\/2025\/07\/cfj_1907_galeria_009.jpg'><img width=\"300\" height=\"300\" src=\"https:\/\/franciscanos.org.br\/noticias\/wp-content\/uploads\/2025\/07\/cfj_1907_galeria_009-300x300.jpg\" class=\"attachment-thumbnail size-thumbnail\" alt=\"\" loading=\"lazy\" srcset=\"https:\/\/franciscanos.org.br\/noticias\/wp-content\/uploads\/2025\/07\/cfj_1907_galeria_009-300x300.jpg 300w, https:\/\/franciscanos.org.br\/noticias\/wp-content\/uploads\/2025\/07\/cfj_1907_galeria_009-100x100.jpg 100w\" sizes=\"(max-width: 300px) 100vw, 300px\" \/><\/a>\n\t\t\t<\/dt><\/dl><dl class='gallery-item'>\n\t\t\t<dt class='gallery-icon portrait'>\n\t\t\t\t<a href='https:\/\/franciscanos.org.br\/noticias\/wp-content\/uploads\/2025\/07\/cfj_1907_galeria_008.jpg'><img width=\"300\" height=\"300\" src=\"https:\/\/franciscanos.org.br\/noticias\/wp-content\/uploads\/2025\/07\/cfj_1907_galeria_008-300x300.jpg\" class=\"attachment-thumbnail size-thumbnail\" alt=\"\" loading=\"lazy\" srcset=\"https:\/\/franciscanos.org.br\/noticias\/wp-content\/uploads\/2025\/07\/cfj_1907_galeria_008-300x300.jpg 300w, https:\/\/franciscanos.org.br\/noticias\/wp-content\/uploads\/2025\/07\/cfj_1907_galeria_008-100x100.jpg 100w\" sizes=\"(max-width: 300px) 100vw, 300px\" \/><\/a>\n\t\t\t<\/dt><\/dl><dl class='gallery-item'>\n\t\t\t<dt class='gallery-icon portrait'>\n\t\t\t\t<a href='https:\/\/franciscanos.org.br\/noticias\/wp-content\/uploads\/2025\/07\/cfj_1907_galeria_007.jpg'><img width=\"300\" height=\"300\" src=\"https:\/\/franciscanos.org.br\/noticias\/wp-content\/uploads\/2025\/07\/cfj_1907_galeria_007-300x300.jpg\" class=\"attachment-thumbnail size-thumbnail\" alt=\"\" loading=\"lazy\" srcset=\"https:\/\/franciscanos.org.br\/noticias\/wp-content\/uploads\/2025\/07\/cfj_1907_galeria_007-300x300.jpg 300w, https:\/\/franciscanos.org.br\/noticias\/wp-content\/uploads\/2025\/07\/cfj_1907_galeria_007-100x100.jpg 100w\" sizes=\"(max-width: 300px) 100vw, 300px\" \/><\/a>\n\t\t\t<\/dt><\/dl><br style=\"clear: both\" \/><dl class='gallery-item'>\n\t\t\t<dt class='gallery-icon portrait'>\n\t\t\t\t<a href='https:\/\/franciscanos.org.br\/noticias\/wp-content\/uploads\/2025\/07\/cfj_1907_galeria_006.jpg'><img width=\"300\" height=\"300\" src=\"https:\/\/franciscanos.org.br\/noticias\/wp-content\/uploads\/2025\/07\/cfj_1907_galeria_006-300x300.jpg\" class=\"attachment-thumbnail size-thumbnail\" alt=\"\" loading=\"lazy\" srcset=\"https:\/\/franciscanos.org.br\/noticias\/wp-content\/uploads\/2025\/07\/cfj_1907_galeria_006-300x300.jpg 300w, https:\/\/franciscanos.org.br\/noticias\/wp-content\/uploads\/2025\/07\/cfj_1907_galeria_006-100x100.jpg 100w\" sizes=\"(max-width: 300px) 100vw, 300px\" \/><\/a>\n\t\t\t<\/dt><\/dl><dl class='gallery-item'>\n\t\t\t<dt class='gallery-icon landscape'>\n\t\t\t\t<a href='https:\/\/franciscanos.org.br\/noticias\/wp-content\/uploads\/2025\/07\/cfj_1907_galeria_005.jpg'><img width=\"300\" height=\"300\" src=\"https:\/\/franciscanos.org.br\/noticias\/wp-content\/uploads\/2025\/07\/cfj_1907_galeria_005-300x300.jpg\" class=\"attachment-thumbnail size-thumbnail\" alt=\"\" loading=\"lazy\" srcset=\"https:\/\/franciscanos.org.br\/noticias\/wp-content\/uploads\/2025\/07\/cfj_1907_galeria_005-300x300.jpg 300w, https:\/\/franciscanos.org.br\/noticias\/wp-content\/uploads\/2025\/07\/cfj_1907_galeria_005-100x100.jpg 100w\" sizes=\"(max-width: 300px) 100vw, 300px\" \/><\/a>\n\t\t\t<\/dt><\/dl><dl class='gallery-item'>\n\t\t\t<dt class='gallery-icon landscape'>\n\t\t\t\t<a href='https:\/\/franciscanos.org.br\/noticias\/wp-content\/uploads\/2025\/07\/cfj_1907_galeria_004.jpg'><img width=\"300\" height=\"300\" src=\"https:\/\/franciscanos.org.br\/noticias\/wp-content\/uploads\/2025\/07\/cfj_1907_galeria_004-300x300.jpg\" class=\"attachment-thumbnail size-thumbnail\" alt=\"\" loading=\"lazy\" srcset=\"https:\/\/franciscanos.org.br\/noticias\/wp-content\/uploads\/2025\/07\/cfj_1907_galeria_004-300x300.jpg 300w, https:\/\/franciscanos.org.br\/noticias\/wp-content\/uploads\/2025\/07\/cfj_1907_galeria_004-100x100.jpg 100w\" sizes=\"(max-width: 300px) 100vw, 300px\" \/><\/a>\n\t\t\t<\/dt><\/dl><dl class='gallery-item'>\n\t\t\t<dt class='gallery-icon landscape'>\n\t\t\t\t<a href='https:\/\/franciscanos.org.br\/noticias\/wp-content\/uploads\/2025\/07\/cfj_1907_galeria_003.jpg'><img width=\"300\" height=\"300\" src=\"https:\/\/franciscanos.org.br\/noticias\/wp-content\/uploads\/2025\/07\/cfj_1907_galeria_003-300x300.jpg\" class=\"attachment-thumbnail size-thumbnail\" alt=\"\" loading=\"lazy\" srcset=\"https:\/\/franciscanos.org.br\/noticias\/wp-content\/uploads\/2025\/07\/cfj_1907_galeria_003-300x300.jpg 300w, https:\/\/franciscanos.org.br\/noticias\/wp-content\/uploads\/2025\/07\/cfj_1907_galeria_003-100x100.jpg 100w\" sizes=\"(max-width: 300px) 100vw, 300px\" \/><\/a>\n\t\t\t<\/dt><\/dl><dl class='gallery-item'>\n\t\t\t<dt class='gallery-icon landscape'>\n\t\t\t\t<a href='https:\/\/franciscanos.org.br\/noticias\/wp-content\/uploads\/2025\/07\/cfj_1907_galeria_002.jpg'><img width=\"300\" height=\"300\" src=\"https:\/\/franciscanos.org.br\/noticias\/wp-content\/uploads\/2025\/07\/cfj_1907_galeria_002-300x300.jpg\" class=\"attachment-thumbnail size-thumbnail\" alt=\"\" loading=\"lazy\" srcset=\"https:\/\/franciscanos.org.br\/noticias\/wp-content\/uploads\/2025\/07\/cfj_1907_galeria_002-300x300.jpg 300w, https:\/\/franciscanos.org.br\/noticias\/wp-content\/uploads\/2025\/07\/cfj_1907_galeria_002-100x100.jpg 100w\" sizes=\"(max-width: 300px) 100vw, 300px\" \/><\/a>\n\t\t\t<\/dt><\/dl><br style=\"clear: both\" \/>\n\t\t<\/div>\n\n","protected":false},"excerpt":{"rendered":"<p>XIII Caminhada Franciscana da Juventude<\/p>\n","protected":false},"author":5,"featured_media":258801,"comment_status":"open","ping_status":"open","sticky":false,"template":"","format":"standard","meta":[],"categories":[1],"tags":[2308,2093,2056],"acf":[],"yoast_head":"<!-- This site is optimized with the Yoast SEO plugin v19.2 - https:\/\/yoast.com\/wordpress\/plugins\/seo\/ -->\n<title>XIII Caminhada da Juventude tem in\u00edcio em Coronel Freitas - Not\u00edcias - Franciscanos<\/title>\n<meta name=\"robots\" content=\"index, follow, max-snippet:-1, max-image-preview:large, max-video-preview:-1\" \/>\n<link rel=\"canonical\" href=\"https:\/\/franciscanos.org.br\/noticias\/xiii-caminhada-da-juventude-tem-inicio-em-coronel-freitas.html\" \/>\n<meta property=\"og:locale\" content=\"pt_BR\" \/>\n<meta property=\"og:type\" content=\"article\" \/>\n<meta property=\"og:title\" content=\"XIII Caminhada da Juventude tem in\u00edcio em Coronel Freitas - Not\u00edcias - Franciscanos\" \/>\n<meta property=\"og:description\" content=\"XIII Caminhada Franciscana da Juventude\" \/>\n<meta property=\"og:url\" content=\"https:\/\/franciscanos.org.br\/noticias\/xiii-caminhada-da-juventude-tem-inicio-em-coronel-freitas.html\" \/>\n<meta property=\"og:site_name\" content=\"Not\u00edcias - Franciscanos\" \/>\n<meta property=\"article:published_time\" content=\"2025-07-19T14:19:17+00:00\" \/>\n<meta property=\"article:modified_time\" content=\"2025-08-26T19:01:24+00:00\" \/>\n<meta property=\"og:image\" content=\"https:\/\/franciscanos.org.br\/noticias\/wp-content\/uploads\/2025\/07\/cfj_1907_destaque.jpg\" \/>\n\t<meta property=\"og:image:width\" content=\"800\" \/>\n\t<meta property=\"og:image:height\" content=\"550\" \/>\n\t<meta property=\"og:image:type\" content=\"image\/jpeg\" \/>\n<meta name=\"author\" content=\"freiaugusto\" \/>\n<meta name=\"twitter:card\" content=\"summary_large_image\" \/>\n<meta name=\"twitter:label1\" content=\"Escrito por\" \/>\n\t<meta name=\"twitter:data1\" content=\"freiaugusto\" \/>\n\t<meta name=\"twitter:label2\" content=\"Est. tempo de leitura\" \/>\n\t<meta name=\"twitter:data2\" content=\"3 minutos\" \/>\n<script type=\"application\/ld+json\" class=\"yoast-schema-graph\">{\"@context\":\"https:\/\/schema.org\",\"@graph\":[{\"@type\":\"WebSite\",\"@id\":\"https:\/\/franciscanos.org.br\/noticias\/#website\",\"url\":\"https:\/\/franciscanos.org.br\/noticias\/\",\"name\":\"Not\u00edcias - Franciscanos\",\"description\":\"Prov\u00edncia Franciscana da Imaculada Concei\u00e7\u00e3o do Brasil - Ordem dos Frades Menores - OFM\",\"potentialAction\":[{\"@type\":\"SearchAction\",\"target\":{\"@type\":\"EntryPoint\",\"urlTemplate\":\"https:\/\/franciscanos.org.br\/noticias\/?s={search_term_string}\"},\"query-input\":\"required name=search_term_string\"}],\"inLanguage\":\"pt-BR\"},{\"@type\":\"ImageObject\",\"inLanguage\":\"pt-BR\",\"@id\":\"https:\/\/franciscanos.org.br\/noticias\/xiii-caminhada-da-juventude-tem-inicio-em-coronel-freitas.html#primaryimage\",\"url\":\"https:\/\/franciscanos.org.br\/noticias\/wp-content\/uploads\/2025\/07\/cfj_1907_destaque.jpg\",\"contentUrl\":\"https:\/\/franciscanos.org.br\/noticias\/wp-content\/uploads\/2025\/07\/cfj_1907_destaque.jpg\",\"width\":800,\"height\":550},{\"@type\":\"WebPage\",\"@id\":\"https:\/\/franciscanos.org.br\/noticias\/xiii-caminhada-da-juventude-tem-inicio-em-coronel-freitas.html#webpage\",\"url\":\"https:\/\/franciscanos.org.br\/noticias\/xiii-caminhada-da-juventude-tem-inicio-em-coronel-freitas.html\",\"name\":\"XIII Caminhada da Juventude tem in\u00edcio em Coronel Freitas - Not\u00edcias - Franciscanos\",\"isPartOf\":{\"@id\":\"https:\/\/franciscanos.org.br\/noticias\/#website\"},\"primaryImageOfPage\":{\"@id\":\"https:\/\/franciscanos.org.br\/noticias\/xiii-caminhada-da-juventude-tem-inicio-em-coronel-freitas.html#primaryimage\"},\"datePublished\":\"2025-07-19T14:19:17+00:00\",\"dateModified\":\"2025-08-26T19:01:24+00:00\",\"author\":{\"@id\":\"https:\/\/franciscanos.org.br\/noticias\/#\/schema\/person\/37f88f0d111cd5358b12a6556a99eb91\"},\"breadcrumb\":{\"@id\":\"https:\/\/franciscanos.org.br\/noticias\/xiii-caminhada-da-juventude-tem-inicio-em-coronel-freitas.html#breadcrumb\"},\"inLanguage\":\"pt-BR\",\"potentialAction\":[{\"@type\":\"ReadAction\",\"target\":[\"https:\/\/franciscanos.org.br\/noticias\/xiii-caminhada-da-juventude-tem-inicio-em-coronel-freitas.html\"]}]},{\"@type\":\"BreadcrumbList\",\"@id\":\"https:\/\/franciscanos.org.br\/noticias\/xiii-caminhada-da-juventude-tem-inicio-em-coronel-freitas.html#breadcrumb\",\"itemListElement\":[{\"@type\":\"ListItem\",\"position\":1,\"name\":\"Home\",\"item\":\"https:\/\/franciscanos.org.br\/noticias\"},{\"@type\":\"ListItem\",\"position\":2,\"name\":\"XIII Caminhada da Juventude tem in\u00edcio em Coronel Freitas\"}]},{\"@type\":\"Person\",\"@id\":\"https:\/\/franciscanos.org.br\/noticias\/#\/schema\/person\/37f88f0d111cd5358b12a6556a99eb91\",\"name\":\"freiaugusto\",\"image\":{\"@type\":\"ImageObject\",\"inLanguage\":\"pt-BR\",\"@id\":\"https:\/\/franciscanos.org.br\/noticias\/#\/schema\/person\/image\/\",\"url\":\"https:\/\/secure.gravatar.com\/avatar\/9840b940e621801b24f3e6b059efb4b7?s=96&d=mm&r=g\",\"contentUrl\":\"https:\/\/secure.gravatar.com\/avatar\/9840b940e621801b24f3e6b059efb4b7?s=96&d=mm&r=g\",\"caption\":\"freiaugusto\"},\"url\":\"https:\/\/franciscanos.org.br\/noticias\/author\/freiaugusto\"}]}<\/script>\n<!-- \/ Yoast SEO plugin. -->","yoast_head_json":{"title":"XIII Caminhada da Juventude tem in\u00edcio em Coronel Freitas - Not\u00edcias - Franciscanos","robots":{"index":"index","follow":"follow","max-snippet":"max-snippet:-1","max-image-preview":"max-image-preview:large","max-video-preview":"max-video-preview:-1"},"canonical":"https:\/\/franciscanos.org.br\/noticias\/xiii-caminhada-da-juventude-tem-inicio-em-coronel-freitas.html","og_locale":"pt_BR","og_type":"article","og_title":"XIII Caminhada da Juventude tem in\u00edcio em Coronel Freitas - Not\u00edcias - Franciscanos","og_description":"XIII Caminhada Franciscana da Juventude","og_url":"https:\/\/franciscanos.org.br\/noticias\/xiii-caminhada-da-juventude-tem-inicio-em-coronel-freitas.html","og_site_name":"Not\u00edcias - Franciscanos","article_published_time":"2025-07-19T14:19:17+00:00","article_modified_time":"2025-08-26T19:01:24+00:00","og_image":[{"width":800,"height":550,"url":"https:\/\/franciscanos.org.br\/noticias\/wp-content\/uploads\/2025\/07\/cfj_1907_destaque.jpg","type":"image\/jpeg"}],"author":"freiaugusto","twitter_card":"summary_large_image","twitter_misc":{"Escrito por":"freiaugusto","Est. tempo de leitura":"3 minutos"},"schema":{"@context":"https:\/\/schema.org","@graph":[{"@type":"WebSite","@id":"https:\/\/franciscanos.org.br\/noticias\/#website","url":"https:\/\/franciscanos.org.br\/noticias\/","name":"Not\u00edcias - Franciscanos","description":"Prov\u00edncia Franciscana da Imaculada Concei\u00e7\u00e3o do Brasil - Ordem dos Frades Menores - OFM","potentialAction":[{"@type":"SearchAction","target":{"@type":"EntryPoint","urlTemplate":"https:\/\/franciscanos.org.br\/noticias\/?s={search_term_string}"},"query-input":"required name=search_term_string"}],"inLanguage":"pt-BR"},{"@type":"ImageObject","inLanguage":"pt-BR","@id":"https:\/\/franciscanos.org.br\/noticias\/xiii-caminhada-da-juventude-tem-inicio-em-coronel-freitas.html#primaryimage","url":"https:\/\/franciscanos.org.br\/noticias\/wp-content\/uploads\/2025\/07\/cfj_1907_destaque.jpg","contentUrl":"https:\/\/franciscanos.org.br\/noticias\/wp-content\/uploads\/2025\/07\/cfj_1907_destaque.jpg","width":800,"height":550},{"@type":"WebPage","@id":"https:\/\/franciscanos.org.br\/noticias\/xiii-caminhada-da-juventude-tem-inicio-em-coronel-freitas.html#webpage","url":"https:\/\/franciscanos.org.br\/noticias\/xiii-caminhada-da-juventude-tem-inicio-em-coronel-freitas.html","name":"XIII Caminhada da Juventude tem in\u00edcio em Coronel Freitas - Not\u00edcias - Franciscanos","isPartOf":{"@id":"https:\/\/franciscanos.org.br\/noticias\/#website"},"primaryImageOfPage":{"@id":"https:\/\/franciscanos.org.br\/noticias\/xiii-caminhada-da-juventude-tem-inicio-em-coronel-freitas.html#primaryimage"},"datePublished":"2025-07-19T14:19:17+00:00","dateModified":"2025-08-26T19:01:24+00:00","author":{"@id":"https:\/\/franciscanos.org.br\/noticias\/#\/schema\/person\/37f88f0d111cd5358b12a6556a99eb91"},"breadcrumb":{"@id":"https:\/\/franciscanos.org.br\/noticias\/xiii-caminhada-da-juventude-tem-inicio-em-coronel-freitas.html#breadcrumb"},"inLanguage":"pt-BR","potentialAction":[{"@type":"ReadAction","target":["https:\/\/franciscanos.org.br\/noticias\/xiii-caminhada-da-juventude-tem-inicio-em-coronel-freitas.html"]}]},{"@type":"BreadcrumbList","@id":"https:\/\/franciscanos.org.br\/noticias\/xiii-caminhada-da-juventude-tem-inicio-em-coronel-freitas.html#breadcrumb","itemListElement":[{"@type":"ListItem","position":1,"name":"Home","item":"https:\/\/franciscanos.org.br\/noticias"},{"@type":"ListItem","position":2,"name":"XIII Caminhada da Juventude tem in\u00edcio em Coronel Freitas"}]},{"@type":"Person","@id":"https:\/\/franciscanos.org.br\/noticias\/#\/schema\/person\/37f88f0d111cd5358b12a6556a99eb91","name":"freiaugusto","image":{"@type":"ImageObject","inLanguage":"pt-BR","@id":"https:\/\/franciscanos.org.br\/noticias\/#\/schema\/person\/image\/","url":"https:\/\/secure.gravatar.com\/avatar\/9840b940e621801b24f3e6b059efb4b7?s=96&d=mm&r=g","contentUrl":"https:\/\/secure.gravatar.com\/avatar\/9840b940e621801b24f3e6b059efb4b7?s=96&d=mm&r=g","caption":"freiaugusto"},"url":"https:\/\/franciscanos.org.br\/noticias\/author\/freiaugusto"}]}},"_links":{"self":[{"href":"https:\/\/franciscanos.org.br\/noticias\/wp-json\/wp\/v2\/posts\/258779"}],"collection":[{"href":"https:\/\/franciscanos.org.br\/noticias\/wp-json\/wp\/v2\/posts"}],"about":[{"href":"https:\/\/franciscanos.org.br\/noticias\/wp-json\/wp\/v2\/types\/post"}],"author":[{"embeddable":true,"href":"https:\/\/franciscanos.org.br\/noticias\/wp-json\/wp\/v2\/users\/5"}],"replies":[{"embeddable":true,"href":"https:\/\/franciscanos.org.br\/noticias\/wp-json\/wp\/v2\/comments?post=258779"}],"version-history":[{"count":6,"href":"https:\/\/franciscanos.org.br\/noticias\/wp-json\/wp\/v2\/posts\/258779\/revisions"}],"predecessor-version":[{"id":258799,"href":"https:\/\/franciscanos.org.br\/noticias\/wp-json\/wp\/v2\/posts\/258779\/revisions\/258799"}],"wp:featuredmedia":[{"embeddable":true,"href":"https:\/\/franciscanos.org.br\/noticias\/wp-json\/wp\/v2\/media\/258801"}],"wp:attachment":[{"href":"https:\/\/franciscanos.org.br\/noticias\/wp-json\/wp\/v2\/media?parent=258779"}],"wp:term":[{"taxonomy":"category","embeddable":true,"href":"https:\/\/franciscanos.org.br\/noticias\/wp-json\/wp\/v2\/categories?post=258779"},{"taxonomy":"post_tag","embeddable":true,"href":"https:\/\/franciscanos.org.br\/noticias\/wp-json\/wp\/v2\/tags?post=258779"}],"curies":[{"name":"wp","href":"https:\/\/api.w.org\/{rel}","templated":true}]}}