{"id":258762,"date":"2025-07-18T11:02:34","date_gmt":"2025-07-18T14:02:34","guid":{"rendered":"https:\/\/franciscanos.org.br\/noticias\/?p=258762"},"modified":"2025-08-26T16:01:03","modified_gmt":"2025-08-26T19:01:03","slug":"350-caminhantes-de-esperanca-a-postos-para-a-xiii-caminhada-franciscana-da-juventude","status":"publish","type":"post","link":"https:\/\/franciscanos.org.br\/noticias\/350-caminhantes-de-esperanca-a-postos-para-a-xiii-caminhada-franciscana-da-juventude.html","title":{"rendered":"350 Caminhantes de Esperan\u00e7a a postos para a XIII Caminhada Franciscana da Juventude"},"content":{"rendered":"<p><img loading=\"lazy\" class=\"alignnone size-full wp-image-258764\" src=\"https:\/\/franciscanos.org.br\/noticias\/wp-content\/uploads\/2025\/07\/slide-1280.png\" alt=\"\" width=\"1280\" height=\"720\" srcset=\"https:\/\/franciscanos.org.br\/noticias\/wp-content\/uploads\/2025\/07\/slide-1280.png 1280w, https:\/\/franciscanos.org.br\/noticias\/wp-content\/uploads\/2025\/07\/slide-1280-450x253.png 450w, https:\/\/franciscanos.org.br\/noticias\/wp-content\/uploads\/2025\/07\/slide-1280-1024x576.png 1024w, https:\/\/franciscanos.org.br\/noticias\/wp-content\/uploads\/2025\/07\/slide-1280-768x432.png 768w, https:\/\/franciscanos.org.br\/noticias\/wp-content\/uploads\/2025\/07\/slide-1280-150x84.png 150w\" sizes=\"(max-width: 1280px) 100vw, 1280px\" \/><\/p>\n<p>Tudo pronto para a XIII Caminhada Franciscana da Juventude. Ser\u00e1 realizada neste final de semana, nas Par\u00f3quias de Coronel Freitas (S\u00e3o Jos\u00e9 do Patroc\u00ednio) e Xaxim (S\u00e3o Luiz Gonzaga), pertencentes \u00e0 Arquidiocese de Chapec\u00f3, no Oeste de Santa Catarina. Come\u00e7a na sexta-feira, dia 18 de julho, com a chegada dos participantes, 350 jovens ligados \u00e0s presen\u00e7as franciscanas nos estados do Esp\u00edrito Santo, Rio de Janeiro, S\u00e3o Paulo, Paran\u00e1 e Santa Catarina. O tema desta edi\u00e7\u00e3o, \u201cCaminhantes de Esperan\u00e7a no louvor da Cria\u00e7\u00e3o\u201d, recorda o Jubileu do Ano Santo celebrado na Igreja em todo o mundo, lan\u00e7ando nos cora\u00e7\u00f5es dos fi\u00e9is uma mensagem de \u00e2nimo e de coragem. Tamb\u00e9m traz presente o Jubileu dos 800 anos do C\u00e2ntico das Criaturas, composto por S\u00e3o Francisco em 1225, reconhecido como um grande hino de louvor e a\u00e7\u00e3o de gra\u00e7as ao Criador por sua imensa Bondade expressa em cada dom da Cria\u00e7\u00e3o. No fim da tarde de sexta, haver\u00e1 a abertura oficial, com um momento de ora\u00e7\u00e3o seguido pela distribui\u00e7\u00e3o dos jovens entre as fam\u00edlias acolhedoras.<\/p>\n<p>O in\u00edcio do percurso ser\u00e1 no in\u00edcio da manh\u00e3 de s\u00e1bado, 19 de julho, partindo da Matriz de S\u00e3o Jos\u00e9, em Coronel Freitas. A Par\u00f3quia, coordenada pelos frades franciscanos, possui atualmente 51 comunidades localizadas em quatro munic\u00edpios (\u00c1guas Frias, Coronel Freitas, Jardin\u00f3polis e Uni\u00e3o do Oeste). O percurso, no total de 28 km, ser\u00e1 realizado em dois dias, num caminho marcado pela natureza exuberante, algumas subidas e descidas acentuadas e trechos de estrada de ch\u00e3o. Al\u00e9m das paradas estrat\u00e9gicas para descanso e alimenta\u00e7\u00e3o, haver\u00e1 tamb\u00e9m momentos de prece e reflex\u00e3o. O ponto de chegada ser\u00e1 a Par\u00f3quia S\u00e3o Luiz Gonzaga de Xaxim, tamb\u00e9m coordenada pelos frades franciscanos, atualmente composta por 51 comunidades distribu\u00eddas em tr\u00eas munic\u00edpios (Lageado Grande, Marema e Xaxim). O encerramento ser\u00e1 no domingo, dia 20 de julho. A missa, presidida pelo Ministro Provincial, Frei Paulo Roberto Pereira, ser\u00e1 na Comunidade S\u00e3o Crist\u00f3v\u00e3o, no Bairro Ari Lunardi, \u00e0s 10h30.<\/p>\n<p>De acordo com Frei Augusto Luiz Gabriel, membro da equipe de Evangeliza\u00e7\u00e3o das Juventudes, a Caminhada \u00e9 uma esp\u00e9cie de \u201cretiro itinerante\u201d, que tem o objetivo de proporcionar aos jovens uma ampla experi\u00eancia de encontro, consigo, com os irm\u00e3os, com a natureza e com Deus, levando os participantes a uma jornada pessoal e fraterna, interior e exterior. Outra dimens\u00e3o que a Caminhada pretende contemplar \u00e9 a mission\u00e1ria, proporcionando aos participantes uma pequena mostra da experi\u00eancia dos frades que, desde a restaura\u00e7\u00e3o da Prov\u00edncia, em 1891, percorreram grandes dist\u00e2ncias a p\u00e9 e a cavalo para animar as comunidades e consolidar a caminhada evangelizadora na Regi\u00e3o.<\/p>\n<p><strong>Empenho das Comunidades e integra\u00e7\u00e3o dos jovens com as fam\u00edlias locais tamb\u00e9m s\u00e3o destaque na Caminhada<\/strong><\/p>\n<p>Organizada em parceria e colabora\u00e7\u00e3o entre as duas Par\u00f3quias, a Caminhada tem envolvido centenas de volunt\u00e1rios que, desde o final de 2024, divididos em equipes de trabalho diversas, t\u00eam se empenhado em organizar todos os detalhes do evento. Para esta edi\u00e7\u00e3o, a hospedagem dos jovens mobilizou fam\u00edlias acolhedoras dos dois munic\u00edpios, tendo em vista que, por conta da log\u00edstica e organiza\u00e7\u00e3o, est\u00e1 previsto que os participantes pernoitem em duas fam\u00edlias diferentes, primeiro em Coronel Freitas, na noite do dia 18 para o dia 19 de julho, e depois em Xaxim, de 19 para 20 de julho.<\/p>\n<p>Para o Definidor Provincial e P\u00e1roco da Par\u00f3quia S\u00e3o Luiz Gonzaga, Frei Gilson Kammer, esta integra\u00e7\u00e3o entre as duas par\u00f3quias vizinhas abre as portas para que outras iniciativas de m\u00fatua colabora\u00e7\u00e3o sejam propostas e implementadas. \u201cA Prov\u00edncia tem amadurecido na consci\u00eancia de propor um projeto de evangeliza\u00e7\u00e3o marcado pela fraternidade e pela unidade. Esta caminhada vem refor\u00e7ar este empenho e nos mostrar que, quando caminhamos juntos, os frutos colhidos s\u00e3o mais abundantes e saborosos\u201d, destacou. A previs\u00e3o do tempo para os dias da Caminhada \u00e9 de baixas temperaturas, mas sem chuva e com sol. De um jeito ou de outro, o entusiasmo juvenil para esta jornada f\u00edsica e espiritual certamente ser\u00e1 capaz de superar os poss\u00edveis desafios e dificuldades do caminho.<\/p>\n<hr \/>\n<p style=\"padding-left: 40px;\"><em>Mais informa\u00e7\u00f5es pelo Instagram @juventudesdaprovincia ou pelo telefone (11) 99218-6707 ou (49) 9982601449<\/em><\/p>\n\n\t\t<style type=\"text\/css\">\n\t\t\t#gallery-1 {\n\t\t\t\tmargin: auto;\n\t\t\t}\n\t\t\t#gallery-1 .gallery-item {\n\t\t\t\tfloat: left;\n\t\t\t\tmargin-top: 10px;\n\t\t\t\ttext-align: center;\n\t\t\t\twidth: 25%;\n\t\t\t}\n\t\t\t#gallery-1 img {\n\t\t\t\tborder: 2px solid #cfcfcf;\n\t\t\t}\n\t\t\t#gallery-1 .gallery-caption {\n\t\t\t\tmargin-left: 0;\n\t\t\t}\n\t\t\t\/* see gallery_shortcode() in wp-includes\/media.php *\/\n\t\t<\/style>\n\t\t<div id='gallery-1' class='gallery galleryid-258762 gallery-columns-4 gallery-size-thumbnail'><dl class='gallery-item'>\n\t\t\t<dt class='gallery-icon landscape'>\n\t\t\t\t<a href='https:\/\/franciscanos.org.br\/noticias\/350-caminhantes-de-esperanca-a-postos-para-a-xiii-caminhada-franciscana-da-juventude.html\/img_0959'><img width=\"300\" height=\"300\" src=\"https:\/\/franciscanos.org.br\/noticias\/wp-content\/uploads\/2025\/07\/IMG_0959-300x300.jpg\" class=\"attachment-thumbnail size-thumbnail\" alt=\"\" loading=\"lazy\" srcset=\"https:\/\/franciscanos.org.br\/noticias\/wp-content\/uploads\/2025\/07\/IMG_0959-300x300.jpg 300w, https:\/\/franciscanos.org.br\/noticias\/wp-content\/uploads\/2025\/07\/IMG_0959-100x100.jpg 100w\" sizes=\"(max-width: 300px) 100vw, 300px\" \/><\/a>\n\t\t\t<\/dt><\/dl><dl class='gallery-item'>\n\t\t\t<dt class='gallery-icon landscape'>\n\t\t\t\t<a href='https:\/\/franciscanos.org.br\/noticias\/350-caminhantes-de-esperanca-a-postos-para-a-xiii-caminhada-franciscana-da-juventude.html\/img_1014-2'><img width=\"300\" height=\"300\" src=\"https:\/\/franciscanos.org.br\/noticias\/wp-content\/uploads\/2025\/07\/IMG_1014-300x300.jpg\" class=\"attachment-thumbnail size-thumbnail\" alt=\"\" loading=\"lazy\" srcset=\"https:\/\/franciscanos.org.br\/noticias\/wp-content\/uploads\/2025\/07\/IMG_1014-300x300.jpg 300w, https:\/\/franciscanos.org.br\/noticias\/wp-content\/uploads\/2025\/07\/IMG_1014-100x100.jpg 100w\" sizes=\"(max-width: 300px) 100vw, 300px\" \/><\/a>\n\t\t\t<\/dt><\/dl><dl class='gallery-item'>\n\t\t\t<dt class='gallery-icon landscape'>\n\t\t\t\t<a href='https:\/\/franciscanos.org.br\/noticias\/350-caminhantes-de-esperanca-a-postos-para-a-xiii-caminhada-franciscana-da-juventude.html\/img_1054-2'><img width=\"300\" height=\"300\" src=\"https:\/\/franciscanos.org.br\/noticias\/wp-content\/uploads\/2025\/07\/IMG_1054-300x300.jpg\" class=\"attachment-thumbnail size-thumbnail\" alt=\"\" loading=\"lazy\" srcset=\"https:\/\/franciscanos.org.br\/noticias\/wp-content\/uploads\/2025\/07\/IMG_1054-300x300.jpg 300w, https:\/\/franciscanos.org.br\/noticias\/wp-content\/uploads\/2025\/07\/IMG_1054-100x100.jpg 100w\" sizes=\"(max-width: 300px) 100vw, 300px\" \/><\/a>\n\t\t\t<\/dt><\/dl><dl class='gallery-item'>\n\t\t\t<dt class='gallery-icon landscape'>\n\t\t\t\t<a href='https:\/\/franciscanos.org.br\/noticias\/350-caminhantes-de-esperanca-a-postos-para-a-xiii-caminhada-franciscana-da-juventude.html\/img_1075'><img width=\"300\" height=\"300\" src=\"https:\/\/franciscanos.org.br\/noticias\/wp-content\/uploads\/2025\/07\/IMG_1075-300x300.jpg\" class=\"attachment-thumbnail size-thumbnail\" alt=\"\" loading=\"lazy\" srcset=\"https:\/\/franciscanos.org.br\/noticias\/wp-content\/uploads\/2025\/07\/IMG_1075-300x300.jpg 300w, https:\/\/franciscanos.org.br\/noticias\/wp-content\/uploads\/2025\/07\/IMG_1075-100x100.jpg 100w\" sizes=\"(max-width: 300px) 100vw, 300px\" \/><\/a>\n\t\t\t<\/dt><\/dl><br style=\"clear: both\" \/><dl class='gallery-item'>\n\t\t\t<dt class='gallery-icon landscape'>\n\t\t\t\t<a href='https:\/\/franciscanos.org.br\/noticias\/350-caminhantes-de-esperanca-a-postos-para-a-xiii-caminhada-franciscana-da-juventude.html\/img_1097'><img width=\"300\" height=\"300\" src=\"https:\/\/franciscanos.org.br\/noticias\/wp-content\/uploads\/2025\/07\/IMG_1097-300x300.jpg\" class=\"attachment-thumbnail size-thumbnail\" alt=\"\" loading=\"lazy\" srcset=\"https:\/\/franciscanos.org.br\/noticias\/wp-content\/uploads\/2025\/07\/IMG_1097-300x300.jpg 300w, https:\/\/franciscanos.org.br\/noticias\/wp-content\/uploads\/2025\/07\/IMG_1097-100x100.jpg 100w\" sizes=\"(max-width: 300px) 100vw, 300px\" \/><\/a>\n\t\t\t<\/dt><\/dl><dl class='gallery-item'>\n\t\t\t<dt class='gallery-icon landscape'>\n\t\t\t\t<a href='https:\/\/franciscanos.org.br\/noticias\/350-caminhantes-de-esperanca-a-postos-para-a-xiii-caminhada-franciscana-da-juventude.html\/img_1190'><img width=\"300\" height=\"300\" src=\"https:\/\/franciscanos.org.br\/noticias\/wp-content\/uploads\/2025\/07\/IMG_1190-300x300.jpg\" class=\"attachment-thumbnail size-thumbnail\" alt=\"\" loading=\"lazy\" srcset=\"https:\/\/franciscanos.org.br\/noticias\/wp-content\/uploads\/2025\/07\/IMG_1190-300x300.jpg 300w, https:\/\/franciscanos.org.br\/noticias\/wp-content\/uploads\/2025\/07\/IMG_1190-100x100.jpg 100w\" sizes=\"(max-width: 300px) 100vw, 300px\" \/><\/a>\n\t\t\t<\/dt><\/dl><dl class='gallery-item'>\n\t\t\t<dt class='gallery-icon landscape'>\n\t\t\t\t<a href='https:\/\/franciscanos.org.br\/noticias\/350-caminhantes-de-esperanca-a-postos-para-a-xiii-caminhada-franciscana-da-juventude.html\/img_1234'><img width=\"300\" height=\"300\" src=\"https:\/\/franciscanos.org.br\/noticias\/wp-content\/uploads\/2025\/07\/IMG_1234-300x300.jpg\" class=\"attachment-thumbnail size-thumbnail\" alt=\"\" loading=\"lazy\" srcset=\"https:\/\/franciscanos.org.br\/noticias\/wp-content\/uploads\/2025\/07\/IMG_1234-300x300.jpg 300w, https:\/\/franciscanos.org.br\/noticias\/wp-content\/uploads\/2025\/07\/IMG_1234-100x100.jpg 100w\" sizes=\"(max-width: 300px) 100vw, 300px\" \/><\/a>\n\t\t\t<\/dt><\/dl><dl class='gallery-item'>\n\t\t\t<dt class='gallery-icon landscape'>\n\t\t\t\t<a href='https:\/\/franciscanos.org.br\/noticias\/350-caminhantes-de-esperanca-a-postos-para-a-xiii-caminhada-franciscana-da-juventude.html\/img_1477-copiar'><img width=\"300\" height=\"300\" src=\"https:\/\/franciscanos.org.br\/noticias\/wp-content\/uploads\/2025\/07\/IMG_1477-copiar-300x300.jpg\" class=\"attachment-thumbnail size-thumbnail\" alt=\"\" loading=\"lazy\" srcset=\"https:\/\/franciscanos.org.br\/noticias\/wp-content\/uploads\/2025\/07\/IMG_1477-copiar-300x300.jpg 300w, https:\/\/franciscanos.org.br\/noticias\/wp-content\/uploads\/2025\/07\/IMG_1477-copiar-100x100.jpg 100w\" sizes=\"(max-width: 300px) 100vw, 300px\" \/><\/a>\n\t\t\t<\/dt><\/dl><br style=\"clear: both\" \/><dl class='gallery-item'>\n\t\t\t<dt class='gallery-icon landscape'>\n\t\t\t\t<a href='https:\/\/franciscanos.org.br\/noticias\/350-caminhantes-de-esperanca-a-postos-para-a-xiii-caminhada-franciscana-da-juventude.html\/img_1539-copiar'><img width=\"300\" height=\"300\" src=\"https:\/\/franciscanos.org.br\/noticias\/wp-content\/uploads\/2025\/07\/IMG_1539-copiar-300x300.jpg\" class=\"attachment-thumbnail size-thumbnail\" alt=\"\" loading=\"lazy\" srcset=\"https:\/\/franciscanos.org.br\/noticias\/wp-content\/uploads\/2025\/07\/IMG_1539-copiar-300x300.jpg 300w, https:\/\/franciscanos.org.br\/noticias\/wp-content\/uploads\/2025\/07\/IMG_1539-copiar-100x100.jpg 100w\" sizes=\"(max-width: 300px) 100vw, 300px\" \/><\/a>\n\t\t\t<\/dt><\/dl><dl class='gallery-item'>\n\t\t\t<dt class='gallery-icon landscape'>\n\t\t\t\t<a href='https:\/\/franciscanos.org.br\/noticias\/350-caminhantes-de-esperanca-a-postos-para-a-xiii-caminhada-franciscana-da-juventude.html\/img_1643'><img width=\"300\" height=\"300\" src=\"https:\/\/franciscanos.org.br\/noticias\/wp-content\/uploads\/2025\/07\/IMG_1643-300x300.jpg\" class=\"attachment-thumbnail size-thumbnail\" alt=\"\" loading=\"lazy\" srcset=\"https:\/\/franciscanos.org.br\/noticias\/wp-content\/uploads\/2025\/07\/IMG_1643-300x300.jpg 300w, https:\/\/franciscanos.org.br\/noticias\/wp-content\/uploads\/2025\/07\/IMG_1643-100x100.jpg 100w\" sizes=\"(max-width: 300px) 100vw, 300px\" \/><\/a>\n\t\t\t<\/dt><\/dl><dl class='gallery-item'>\n\t\t\t<dt class='gallery-icon landscape'>\n\t\t\t\t<a href='https:\/\/franciscanos.org.br\/noticias\/350-caminhantes-de-esperanca-a-postos-para-a-xiii-caminhada-franciscana-da-juventude.html\/img_2149-copiar'><img width=\"300\" height=\"300\" src=\"https:\/\/franciscanos.org.br\/noticias\/wp-content\/uploads\/2025\/07\/IMG_2149-copiar-300x300.jpg\" class=\"attachment-thumbnail size-thumbnail\" alt=\"\" loading=\"lazy\" srcset=\"https:\/\/franciscanos.org.br\/noticias\/wp-content\/uploads\/2025\/07\/IMG_2149-copiar-300x300.jpg 300w, https:\/\/franciscanos.org.br\/noticias\/wp-content\/uploads\/2025\/07\/IMG_2149-copiar-100x100.jpg 100w\" sizes=\"(max-width: 300px) 100vw, 300px\" \/><\/a>\n\t\t\t<\/dt><\/dl><dl class='gallery-item'>\n\t\t\t<dt class='gallery-icon landscape'>\n\t\t\t\t<a href='https:\/\/franciscanos.org.br\/noticias\/350-caminhantes-de-esperanca-a-postos-para-a-xiii-caminhada-franciscana-da-juventude.html\/img_2347-2'><img width=\"300\" height=\"300\" src=\"https:\/\/franciscanos.org.br\/noticias\/wp-content\/uploads\/2025\/07\/IMG_2347-300x300.jpg\" class=\"attachment-thumbnail size-thumbnail\" alt=\"\" loading=\"lazy\" srcset=\"https:\/\/franciscanos.org.br\/noticias\/wp-content\/uploads\/2025\/07\/IMG_2347-300x300.jpg 300w, https:\/\/franciscanos.org.br\/noticias\/wp-content\/uploads\/2025\/07\/IMG_2347-100x100.jpg 100w\" sizes=\"(max-width: 300px) 100vw, 300px\" \/><\/a>\n\t\t\t<\/dt><\/dl><br style=\"clear: both\" \/>\n\t\t<\/div>\n\n","protected":false},"excerpt":{"rendered":"<p>XIII Caminhada Franciscana da Juventude<\/p>\n","protected":false},"author":7,"featured_media":258763,"comment_status":"open","ping_status":"open","sticky":false,"template":"","format":"standard","meta":[],"categories":[1],"tags":[2308,2093,2056],"acf":[],"yoast_head":"<!-- This site is optimized with the Yoast SEO plugin v19.2 - https:\/\/yoast.com\/wordpress\/plugins\/seo\/ -->\n<title>350 Caminhantes de Esperan\u00e7a a postos para a XIII Caminhada Franciscana da Juventude - Not\u00edcias - Franciscanos<\/title>\n<meta name=\"robots\" content=\"index, follow, max-snippet:-1, max-image-preview:large, max-video-preview:-1\" \/>\n<link rel=\"canonical\" href=\"https:\/\/franciscanos.org.br\/noticias\/350-caminhantes-de-esperanca-a-postos-para-a-xiii-caminhada-franciscana-da-juventude.html\" \/>\n<meta property=\"og:locale\" content=\"pt_BR\" \/>\n<meta property=\"og:type\" content=\"article\" \/>\n<meta property=\"og:title\" content=\"350 Caminhantes de Esperan\u00e7a a postos para a XIII Caminhada Franciscana da Juventude - Not\u00edcias - Franciscanos\" \/>\n<meta property=\"og:description\" content=\"XIII Caminhada Franciscana da Juventude\" \/>\n<meta property=\"og:url\" content=\"https:\/\/franciscanos.org.br\/noticias\/350-caminhantes-de-esperanca-a-postos-para-a-xiii-caminhada-franciscana-da-juventude.html\" \/>\n<meta property=\"og:site_name\" content=\"Not\u00edcias - Franciscanos\" \/>\n<meta property=\"article:published_time\" content=\"2025-07-18T14:02:34+00:00\" \/>\n<meta property=\"article:modified_time\" content=\"2025-08-26T19:01:03+00:00\" \/>\n<meta property=\"og:image\" content=\"https:\/\/franciscanos.org.br\/noticias\/wp-content\/uploads\/2025\/07\/slide-800.png\" \/>\n\t<meta property=\"og:image:width\" content=\"800\" \/>\n\t<meta property=\"og:image:height\" content=\"550\" \/>\n\t<meta property=\"og:image:type\" content=\"image\/png\" \/>\n<meta name=\"author\" content=\"jovenal\" \/>\n<meta name=\"twitter:card\" content=\"summary_large_image\" \/>\n<meta name=\"twitter:label1\" content=\"Escrito por\" \/>\n\t<meta name=\"twitter:data1\" content=\"jovenal\" \/>\n\t<meta name=\"twitter:label2\" content=\"Est. tempo de leitura\" \/>\n\t<meta name=\"twitter:data2\" content=\"4 minutos\" \/>\n<script type=\"application\/ld+json\" class=\"yoast-schema-graph\">{\"@context\":\"https:\/\/schema.org\",\"@graph\":[{\"@type\":\"WebSite\",\"@id\":\"https:\/\/franciscanos.org.br\/noticias\/#website\",\"url\":\"https:\/\/franciscanos.org.br\/noticias\/\",\"name\":\"Not\u00edcias - Franciscanos\",\"description\":\"Prov\u00edncia Franciscana da Imaculada Concei\u00e7\u00e3o do Brasil - Ordem dos Frades Menores - OFM\",\"potentialAction\":[{\"@type\":\"SearchAction\",\"target\":{\"@type\":\"EntryPoint\",\"urlTemplate\":\"https:\/\/franciscanos.org.br\/noticias\/?s={search_term_string}\"},\"query-input\":\"required name=search_term_string\"}],\"inLanguage\":\"pt-BR\"},{\"@type\":\"ImageObject\",\"inLanguage\":\"pt-BR\",\"@id\":\"https:\/\/franciscanos.org.br\/noticias\/350-caminhantes-de-esperanca-a-postos-para-a-xiii-caminhada-franciscana-da-juventude.html#primaryimage\",\"url\":\"https:\/\/franciscanos.org.br\/noticias\/wp-content\/uploads\/2025\/07\/slide-800.png\",\"contentUrl\":\"https:\/\/franciscanos.org.br\/noticias\/wp-content\/uploads\/2025\/07\/slide-800.png\",\"width\":800,\"height\":550},{\"@type\":\"WebPage\",\"@id\":\"https:\/\/franciscanos.org.br\/noticias\/350-caminhantes-de-esperanca-a-postos-para-a-xiii-caminhada-franciscana-da-juventude.html#webpage\",\"url\":\"https:\/\/franciscanos.org.br\/noticias\/350-caminhantes-de-esperanca-a-postos-para-a-xiii-caminhada-franciscana-da-juventude.html\",\"name\":\"350 Caminhantes de Esperan\u00e7a a postos para a XIII Caminhada Franciscana da Juventude - Not\u00edcias - Franciscanos\",\"isPartOf\":{\"@id\":\"https:\/\/franciscanos.org.br\/noticias\/#website\"},\"primaryImageOfPage\":{\"@id\":\"https:\/\/franciscanos.org.br\/noticias\/350-caminhantes-de-esperanca-a-postos-para-a-xiii-caminhada-franciscana-da-juventude.html#primaryimage\"},\"datePublished\":\"2025-07-18T14:02:34+00:00\",\"dateModified\":\"2025-08-26T19:01:03+00:00\",\"author\":{\"@id\":\"https:\/\/franciscanos.org.br\/noticias\/#\/schema\/person\/c3a26b08313dd1772495ce300ab257cc\"},\"breadcrumb\":{\"@id\":\"https:\/\/franciscanos.org.br\/noticias\/350-caminhantes-de-esperanca-a-postos-para-a-xiii-caminhada-franciscana-da-juventude.html#breadcrumb\"},\"inLanguage\":\"pt-BR\",\"potentialAction\":[{\"@type\":\"ReadAction\",\"target\":[\"https:\/\/franciscanos.org.br\/noticias\/350-caminhantes-de-esperanca-a-postos-para-a-xiii-caminhada-franciscana-da-juventude.html\"]}]},{\"@type\":\"BreadcrumbList\",\"@id\":\"https:\/\/franciscanos.org.br\/noticias\/350-caminhantes-de-esperanca-a-postos-para-a-xiii-caminhada-franciscana-da-juventude.html#breadcrumb\",\"itemListElement\":[{\"@type\":\"ListItem\",\"position\":1,\"name\":\"Home\",\"item\":\"https:\/\/franciscanos.org.br\/noticias\"},{\"@type\":\"ListItem\",\"position\":2,\"name\":\"350 Caminhantes de Esperan\u00e7a a postos para a XIII Caminhada Franciscana da Juventude\"}]},{\"@type\":\"Person\",\"@id\":\"https:\/\/franciscanos.org.br\/noticias\/#\/schema\/person\/c3a26b08313dd1772495ce300ab257cc\",\"name\":\"jovenal\",\"image\":{\"@type\":\"ImageObject\",\"inLanguage\":\"pt-BR\",\"@id\":\"https:\/\/franciscanos.org.br\/noticias\/#\/schema\/person\/image\/\",\"url\":\"https:\/\/secure.gravatar.com\/avatar\/e94509f531086e2eaf97e72f29ea00f9?s=96&d=mm&r=g\",\"contentUrl\":\"https:\/\/secure.gravatar.com\/avatar\/e94509f531086e2eaf97e72f29ea00f9?s=96&d=mm&r=g\",\"caption\":\"jovenal\"},\"url\":\"https:\/\/franciscanos.org.br\/noticias\/author\/jovenal\"}]}<\/script>\n<!-- \/ Yoast SEO plugin. -->","yoast_head_json":{"title":"350 Caminhantes de Esperan\u00e7a a postos para a XIII Caminhada Franciscana da Juventude - Not\u00edcias - Franciscanos","robots":{"index":"index","follow":"follow","max-snippet":"max-snippet:-1","max-image-preview":"max-image-preview:large","max-video-preview":"max-video-preview:-1"},"canonical":"https:\/\/franciscanos.org.br\/noticias\/350-caminhantes-de-esperanca-a-postos-para-a-xiii-caminhada-franciscana-da-juventude.html","og_locale":"pt_BR","og_type":"article","og_title":"350 Caminhantes de Esperan\u00e7a a postos para a XIII Caminhada Franciscana da Juventude - Not\u00edcias - Franciscanos","og_description":"XIII Caminhada Franciscana da Juventude","og_url":"https:\/\/franciscanos.org.br\/noticias\/350-caminhantes-de-esperanca-a-postos-para-a-xiii-caminhada-franciscana-da-juventude.html","og_site_name":"Not\u00edcias - Franciscanos","article_published_time":"2025-07-18T14:02:34+00:00","article_modified_time":"2025-08-26T19:01:03+00:00","og_image":[{"width":800,"height":550,"url":"https:\/\/franciscanos.org.br\/noticias\/wp-content\/uploads\/2025\/07\/slide-800.png","type":"image\/png"}],"author":"jovenal","twitter_card":"summary_large_image","twitter_misc":{"Escrito por":"jovenal","Est. tempo de leitura":"4 minutos"},"schema":{"@context":"https:\/\/schema.org","@graph":[{"@type":"WebSite","@id":"https:\/\/franciscanos.org.br\/noticias\/#website","url":"https:\/\/franciscanos.org.br\/noticias\/","name":"Not\u00edcias - Franciscanos","description":"Prov\u00edncia Franciscana da Imaculada Concei\u00e7\u00e3o do Brasil - Ordem dos Frades Menores - OFM","potentialAction":[{"@type":"SearchAction","target":{"@type":"EntryPoint","urlTemplate":"https:\/\/franciscanos.org.br\/noticias\/?s={search_term_string}"},"query-input":"required name=search_term_string"}],"inLanguage":"pt-BR"},{"@type":"ImageObject","inLanguage":"pt-BR","@id":"https:\/\/franciscanos.org.br\/noticias\/350-caminhantes-de-esperanca-a-postos-para-a-xiii-caminhada-franciscana-da-juventude.html#primaryimage","url":"https:\/\/franciscanos.org.br\/noticias\/wp-content\/uploads\/2025\/07\/slide-800.png","contentUrl":"https:\/\/franciscanos.org.br\/noticias\/wp-content\/uploads\/2025\/07\/slide-800.png","width":800,"height":550},{"@type":"WebPage","@id":"https:\/\/franciscanos.org.br\/noticias\/350-caminhantes-de-esperanca-a-postos-para-a-xiii-caminhada-franciscana-da-juventude.html#webpage","url":"https:\/\/franciscanos.org.br\/noticias\/350-caminhantes-de-esperanca-a-postos-para-a-xiii-caminhada-franciscana-da-juventude.html","name":"350 Caminhantes de Esperan\u00e7a a postos para a XIII Caminhada Franciscana da Juventude - Not\u00edcias - Franciscanos","isPartOf":{"@id":"https:\/\/franciscanos.org.br\/noticias\/#website"},"primaryImageOfPage":{"@id":"https:\/\/franciscanos.org.br\/noticias\/350-caminhantes-de-esperanca-a-postos-para-a-xiii-caminhada-franciscana-da-juventude.html#primaryimage"},"datePublished":"2025-07-18T14:02:34+00:00","dateModified":"2025-08-26T19:01:03+00:00","author":{"@id":"https:\/\/franciscanos.org.br\/noticias\/#\/schema\/person\/c3a26b08313dd1772495ce300ab257cc"},"breadcrumb":{"@id":"https:\/\/franciscanos.org.br\/noticias\/350-caminhantes-de-esperanca-a-postos-para-a-xiii-caminhada-franciscana-da-juventude.html#breadcrumb"},"inLanguage":"pt-BR","potentialAction":[{"@type":"ReadAction","target":["https:\/\/franciscanos.org.br\/noticias\/350-caminhantes-de-esperanca-a-postos-para-a-xiii-caminhada-franciscana-da-juventude.html"]}]},{"@type":"BreadcrumbList","@id":"https:\/\/franciscanos.org.br\/noticias\/350-caminhantes-de-esperanca-a-postos-para-a-xiii-caminhada-franciscana-da-juventude.html#breadcrumb","itemListElement":[{"@type":"ListItem","position":1,"name":"Home","item":"https:\/\/franciscanos.org.br\/noticias"},{"@type":"ListItem","position":2,"name":"350 Caminhantes de Esperan\u00e7a a postos para a XIII Caminhada Franciscana da Juventude"}]},{"@type":"Person","@id":"https:\/\/franciscanos.org.br\/noticias\/#\/schema\/person\/c3a26b08313dd1772495ce300ab257cc","name":"jovenal","image":{"@type":"ImageObject","inLanguage":"pt-BR","@id":"https:\/\/franciscanos.org.br\/noticias\/#\/schema\/person\/image\/","url":"https:\/\/secure.gravatar.com\/avatar\/e94509f531086e2eaf97e72f29ea00f9?s=96&d=mm&r=g","contentUrl":"https:\/\/secure.gravatar.com\/avatar\/e94509f531086e2eaf97e72f29ea00f9?s=96&d=mm&r=g","caption":"jovenal"},"url":"https:\/\/franciscanos.org.br\/noticias\/author\/jovenal"}]}},"_links":{"self":[{"href":"https:\/\/franciscanos.org.br\/noticias\/wp-json\/wp\/v2\/posts\/258762"}],"collection":[{"href":"https:\/\/franciscanos.org.br\/noticias\/wp-json\/wp\/v2\/posts"}],"about":[{"href":"https:\/\/franciscanos.org.br\/noticias\/wp-json\/wp\/v2\/types\/post"}],"author":[{"embeddable":true,"href":"https:\/\/franciscanos.org.br\/noticias\/wp-json\/wp\/v2\/users\/7"}],"replies":[{"embeddable":true,"href":"https:\/\/franciscanos.org.br\/noticias\/wp-json\/wp\/v2\/comments?post=258762"}],"version-history":[{"count":2,"href":"https:\/\/franciscanos.org.br\/noticias\/wp-json\/wp\/v2\/posts\/258762\/revisions"}],"predecessor-version":[{"id":259657,"href":"https:\/\/franciscanos.org.br\/noticias\/wp-json\/wp\/v2\/posts\/258762\/revisions\/259657"}],"wp:featuredmedia":[{"embeddable":true,"href":"https:\/\/franciscanos.org.br\/noticias\/wp-json\/wp\/v2\/media\/258763"}],"wp:attachment":[{"href":"https:\/\/franciscanos.org.br\/noticias\/wp-json\/wp\/v2\/media?parent=258762"}],"wp:term":[{"taxonomy":"category","embeddable":true,"href":"https:\/\/franciscanos.org.br\/noticias\/wp-json\/wp\/v2\/categories?post=258762"},{"taxonomy":"post_tag","embeddable":true,"href":"https:\/\/franciscanos.org.br\/noticias\/wp-json\/wp\/v2\/tags?post=258762"}],"curies":[{"name":"wp","href":"https:\/\/api.w.org\/{rel}","templated":true}]}}