{"id":258647,"date":"2025-07-11T08:24:48","date_gmt":"2025-07-11T11:24:48","guid":{"rendered":"https:\/\/franciscanos.org.br\/noticias\/?p=258647"},"modified":"2025-08-26T16:00:18","modified_gmt":"2025-08-26T19:00:18","slug":"frades-em-retiro-se-preparam-para-ordenacao-presbiteral","status":"publish","type":"post","link":"https:\/\/franciscanos.org.br\/noticias\/frades-em-retiro-se-preparam-para-ordenacao-presbiteral.html","title":{"rendered":"Frades em retiro se preparam para Ordena\u00e7\u00e3o Presbiteral"},"content":{"rendered":"<p><img loading=\"lazy\" src=\"https:\/\/franciscanos.org.br\/noticias\/wp-content\/uploads\/2025\/07\/1280.jpg\" alt=\"\" width=\"1280\" height=\"720\" \/><\/p>\n<p>Entre os dias 30 de junho a 5 de julho, Frei Domingos Cacanda Soma, Frei Elias Hebo Lu\u00eds, Frei Evaristo Seque Joaquim e Frei Jos\u00e9 Jo\u00e3o Ganga participaram de um retiro de prepara\u00e7\u00e3o espiritual na casa do noviciado capuchinho em Mapunda (Lubango, Huila), sob orienta\u00e7\u00e3o do Frei Afonso Kahunda Binji, OFMCap, mestre dos novi\u00e7os.<\/p>\n<p>Durante a semana de retiro, os participantes tiveram uma programa\u00e7\u00e3o intensiva de ora\u00e7\u00e3o, reflex\u00e3o e orienta\u00e7\u00e3o, incluindo momentos de laudes, celebra\u00e7\u00f5es eucar\u00edsticas, medita\u00e7\u00f5es, adora\u00e7\u00e3o ao Sant\u00edssimo Sacramento e Lectio Divina. O objetivo foi aprofundar a vida interior, fortalecer a voca\u00e7\u00e3o sacerdotal e refletir sobre o significado do minist\u00e9rio presbiteral.<\/p>\n<p>O retiro abordou temas centrais, como a import\u00e2ncia de subir ao monte para encontrar-se com Deus, a urg\u00eancia de viver o presente com esperan\u00e7a e presen\u00e7a, al\u00e9m da participa\u00e7\u00e3o na miss\u00e3o de Jesus. Os freis refletiram sobre a liga\u00e7\u00e3o do presb\u00edtero com a Palavra de Deus, a liturgia, a comunh\u00e3o eclesial e a voca\u00e7\u00e3o \u00e0 santidade, destacando a necessidade de uma vida de ora\u00e7\u00e3o, humildade, fidelidade e servi\u00e7o ao povo de Deus.<\/p>\n<p>Na ocasi\u00e3o, tamb\u00e9m foi realizado a medita\u00e7\u00e3o no rito de ordena\u00e7\u00e3o presbiteral, contido no Pontifical Romano, momento que simboliza a consagra\u00e7\u00e3o do futuro sacerdote ao servi\u00e7o da Igreja.<\/p>\n<p>Apesar do clima frio, o tempo de retiro foi considerado muito proveitoso e ajudou na introspec\u00e7\u00e3o e fortalecimento da voca\u00e7\u00e3o dos jovens frades, que se preparam para assumir a miss\u00e3o de presb\u00edteros, comprometidos com a evangeliza\u00e7\u00e3o, a espiritualidade e o cuidado pastoral.<\/p>\n","protected":false},"excerpt":{"rendered":"<p>Retiro no Lubango<\/p>\n","protected":false},"author":7,"featured_media":258648,"comment_status":"open","ping_status":"open","sticky":false,"template":"","format":"standard","meta":[],"categories":[1],"tags":[2056],"acf":[],"yoast_head":"<!-- This site is optimized with the Yoast SEO plugin v19.2 - https:\/\/yoast.com\/wordpress\/plugins\/seo\/ -->\n<title>Frades em retiro se preparam para Ordena\u00e7\u00e3o Presbiteral - Not\u00edcias - Franciscanos<\/title>\n<meta name=\"robots\" content=\"index, follow, max-snippet:-1, max-image-preview:large, max-video-preview:-1\" \/>\n<link rel=\"canonical\" href=\"https:\/\/franciscanos.org.br\/noticias\/frades-em-retiro-se-preparam-para-ordenacao-presbiteral.html\" \/>\n<meta property=\"og:locale\" content=\"pt_BR\" \/>\n<meta property=\"og:type\" content=\"article\" \/>\n<meta property=\"og:title\" content=\"Frades em retiro se preparam para Ordena\u00e7\u00e3o Presbiteral - Not\u00edcias - Franciscanos\" \/>\n<meta property=\"og:description\" content=\"Retiro no Lubango\" \/>\n<meta property=\"og:url\" content=\"https:\/\/franciscanos.org.br\/noticias\/frades-em-retiro-se-preparam-para-ordenacao-presbiteral.html\" \/>\n<meta property=\"og:site_name\" content=\"Not\u00edcias - Franciscanos\" \/>\n<meta property=\"article:published_time\" content=\"2025-07-11T11:24:48+00:00\" \/>\n<meta property=\"article:modified_time\" content=\"2025-08-26T19:00:18+00:00\" \/>\n<meta property=\"og:image\" content=\"https:\/\/franciscanos.org.br\/noticias\/wp-content\/uploads\/2025\/07\/800.jpg\" \/>\n\t<meta property=\"og:image:width\" content=\"800\" \/>\n\t<meta property=\"og:image:height\" content=\"550\" \/>\n\t<meta property=\"og:image:type\" content=\"image\/jpeg\" \/>\n<meta name=\"author\" content=\"jovenal\" \/>\n<meta name=\"twitter:card\" content=\"summary_large_image\" \/>\n<meta name=\"twitter:label1\" content=\"Escrito por\" \/>\n\t<meta name=\"twitter:data1\" content=\"jovenal\" \/>\n\t<meta name=\"twitter:label2\" content=\"Est. tempo de leitura\" \/>\n\t<meta name=\"twitter:data2\" content=\"1 minuto\" \/>\n<script type=\"application\/ld+json\" class=\"yoast-schema-graph\">{\"@context\":\"https:\/\/schema.org\",\"@graph\":[{\"@type\":\"WebSite\",\"@id\":\"https:\/\/franciscanos.org.br\/noticias\/#website\",\"url\":\"https:\/\/franciscanos.org.br\/noticias\/\",\"name\":\"Not\u00edcias - Franciscanos\",\"description\":\"Prov\u00edncia Franciscana da Imaculada Concei\u00e7\u00e3o do Brasil - Ordem dos Frades Menores - OFM\",\"potentialAction\":[{\"@type\":\"SearchAction\",\"target\":{\"@type\":\"EntryPoint\",\"urlTemplate\":\"https:\/\/franciscanos.org.br\/noticias\/?s={search_term_string}\"},\"query-input\":\"required name=search_term_string\"}],\"inLanguage\":\"pt-BR\"},{\"@type\":\"ImageObject\",\"inLanguage\":\"pt-BR\",\"@id\":\"https:\/\/franciscanos.org.br\/noticias\/frades-em-retiro-se-preparam-para-ordenacao-presbiteral.html#primaryimage\",\"url\":\"https:\/\/franciscanos.org.br\/noticias\/wp-content\/uploads\/2025\/07\/800.jpg\",\"contentUrl\":\"https:\/\/franciscanos.org.br\/noticias\/wp-content\/uploads\/2025\/07\/800.jpg\",\"width\":800,\"height\":550},{\"@type\":\"WebPage\",\"@id\":\"https:\/\/franciscanos.org.br\/noticias\/frades-em-retiro-se-preparam-para-ordenacao-presbiteral.html#webpage\",\"url\":\"https:\/\/franciscanos.org.br\/noticias\/frades-em-retiro-se-preparam-para-ordenacao-presbiteral.html\",\"name\":\"Frades em retiro se preparam para Ordena\u00e7\u00e3o Presbiteral - Not\u00edcias - Franciscanos\",\"isPartOf\":{\"@id\":\"https:\/\/franciscanos.org.br\/noticias\/#website\"},\"primaryImageOfPage\":{\"@id\":\"https:\/\/franciscanos.org.br\/noticias\/frades-em-retiro-se-preparam-para-ordenacao-presbiteral.html#primaryimage\"},\"datePublished\":\"2025-07-11T11:24:48+00:00\",\"dateModified\":\"2025-08-26T19:00:18+00:00\",\"author\":{\"@id\":\"https:\/\/franciscanos.org.br\/noticias\/#\/schema\/person\/c3a26b08313dd1772495ce300ab257cc\"},\"breadcrumb\":{\"@id\":\"https:\/\/franciscanos.org.br\/noticias\/frades-em-retiro-se-preparam-para-ordenacao-presbiteral.html#breadcrumb\"},\"inLanguage\":\"pt-BR\",\"potentialAction\":[{\"@type\":\"ReadAction\",\"target\":[\"https:\/\/franciscanos.org.br\/noticias\/frades-em-retiro-se-preparam-para-ordenacao-presbiteral.html\"]}]},{\"@type\":\"BreadcrumbList\",\"@id\":\"https:\/\/franciscanos.org.br\/noticias\/frades-em-retiro-se-preparam-para-ordenacao-presbiteral.html#breadcrumb\",\"itemListElement\":[{\"@type\":\"ListItem\",\"position\":1,\"name\":\"Home\",\"item\":\"https:\/\/franciscanos.org.br\/noticias\"},{\"@type\":\"ListItem\",\"position\":2,\"name\":\"Frades em retiro se preparam para Ordena\u00e7\u00e3o Presbiteral\"}]},{\"@type\":\"Person\",\"@id\":\"https:\/\/franciscanos.org.br\/noticias\/#\/schema\/person\/c3a26b08313dd1772495ce300ab257cc\",\"name\":\"jovenal\",\"image\":{\"@type\":\"ImageObject\",\"inLanguage\":\"pt-BR\",\"@id\":\"https:\/\/franciscanos.org.br\/noticias\/#\/schema\/person\/image\/\",\"url\":\"https:\/\/secure.gravatar.com\/avatar\/e94509f531086e2eaf97e72f29ea00f9?s=96&d=mm&r=g\",\"contentUrl\":\"https:\/\/secure.gravatar.com\/avatar\/e94509f531086e2eaf97e72f29ea00f9?s=96&d=mm&r=g\",\"caption\":\"jovenal\"},\"url\":\"https:\/\/franciscanos.org.br\/noticias\/author\/jovenal\"}]}<\/script>\n<!-- \/ Yoast SEO plugin. -->","yoast_head_json":{"title":"Frades em retiro se preparam para Ordena\u00e7\u00e3o Presbiteral - Not\u00edcias - Franciscanos","robots":{"index":"index","follow":"follow","max-snippet":"max-snippet:-1","max-image-preview":"max-image-preview:large","max-video-preview":"max-video-preview:-1"},"canonical":"https:\/\/franciscanos.org.br\/noticias\/frades-em-retiro-se-preparam-para-ordenacao-presbiteral.html","og_locale":"pt_BR","og_type":"article","og_title":"Frades em retiro se preparam para Ordena\u00e7\u00e3o Presbiteral - Not\u00edcias - Franciscanos","og_description":"Retiro no Lubango","og_url":"https:\/\/franciscanos.org.br\/noticias\/frades-em-retiro-se-preparam-para-ordenacao-presbiteral.html","og_site_name":"Not\u00edcias - Franciscanos","article_published_time":"2025-07-11T11:24:48+00:00","article_modified_time":"2025-08-26T19:00:18+00:00","og_image":[{"width":800,"height":550,"url":"https:\/\/franciscanos.org.br\/noticias\/wp-content\/uploads\/2025\/07\/800.jpg","type":"image\/jpeg"}],"author":"jovenal","twitter_card":"summary_large_image","twitter_misc":{"Escrito por":"jovenal","Est. tempo de leitura":"1 minuto"},"schema":{"@context":"https:\/\/schema.org","@graph":[{"@type":"WebSite","@id":"https:\/\/franciscanos.org.br\/noticias\/#website","url":"https:\/\/franciscanos.org.br\/noticias\/","name":"Not\u00edcias - Franciscanos","description":"Prov\u00edncia Franciscana da Imaculada Concei\u00e7\u00e3o do Brasil - Ordem dos Frades Menores - OFM","potentialAction":[{"@type":"SearchAction","target":{"@type":"EntryPoint","urlTemplate":"https:\/\/franciscanos.org.br\/noticias\/?s={search_term_string}"},"query-input":"required name=search_term_string"}],"inLanguage":"pt-BR"},{"@type":"ImageObject","inLanguage":"pt-BR","@id":"https:\/\/franciscanos.org.br\/noticias\/frades-em-retiro-se-preparam-para-ordenacao-presbiteral.html#primaryimage","url":"https:\/\/franciscanos.org.br\/noticias\/wp-content\/uploads\/2025\/07\/800.jpg","contentUrl":"https:\/\/franciscanos.org.br\/noticias\/wp-content\/uploads\/2025\/07\/800.jpg","width":800,"height":550},{"@type":"WebPage","@id":"https:\/\/franciscanos.org.br\/noticias\/frades-em-retiro-se-preparam-para-ordenacao-presbiteral.html#webpage","url":"https:\/\/franciscanos.org.br\/noticias\/frades-em-retiro-se-preparam-para-ordenacao-presbiteral.html","name":"Frades em retiro se preparam para Ordena\u00e7\u00e3o Presbiteral - Not\u00edcias - Franciscanos","isPartOf":{"@id":"https:\/\/franciscanos.org.br\/noticias\/#website"},"primaryImageOfPage":{"@id":"https:\/\/franciscanos.org.br\/noticias\/frades-em-retiro-se-preparam-para-ordenacao-presbiteral.html#primaryimage"},"datePublished":"2025-07-11T11:24:48+00:00","dateModified":"2025-08-26T19:00:18+00:00","author":{"@id":"https:\/\/franciscanos.org.br\/noticias\/#\/schema\/person\/c3a26b08313dd1772495ce300ab257cc"},"breadcrumb":{"@id":"https:\/\/franciscanos.org.br\/noticias\/frades-em-retiro-se-preparam-para-ordenacao-presbiteral.html#breadcrumb"},"inLanguage":"pt-BR","potentialAction":[{"@type":"ReadAction","target":["https:\/\/franciscanos.org.br\/noticias\/frades-em-retiro-se-preparam-para-ordenacao-presbiteral.html"]}]},{"@type":"BreadcrumbList","@id":"https:\/\/franciscanos.org.br\/noticias\/frades-em-retiro-se-preparam-para-ordenacao-presbiteral.html#breadcrumb","itemListElement":[{"@type":"ListItem","position":1,"name":"Home","item":"https:\/\/franciscanos.org.br\/noticias"},{"@type":"ListItem","position":2,"name":"Frades em retiro se preparam para Ordena\u00e7\u00e3o Presbiteral"}]},{"@type":"Person","@id":"https:\/\/franciscanos.org.br\/noticias\/#\/schema\/person\/c3a26b08313dd1772495ce300ab257cc","name":"jovenal","image":{"@type":"ImageObject","inLanguage":"pt-BR","@id":"https:\/\/franciscanos.org.br\/noticias\/#\/schema\/person\/image\/","url":"https:\/\/secure.gravatar.com\/avatar\/e94509f531086e2eaf97e72f29ea00f9?s=96&d=mm&r=g","contentUrl":"https:\/\/secure.gravatar.com\/avatar\/e94509f531086e2eaf97e72f29ea00f9?s=96&d=mm&r=g","caption":"jovenal"},"url":"https:\/\/franciscanos.org.br\/noticias\/author\/jovenal"}]}},"_links":{"self":[{"href":"https:\/\/franciscanos.org.br\/noticias\/wp-json\/wp\/v2\/posts\/258647"}],"collection":[{"href":"https:\/\/franciscanos.org.br\/noticias\/wp-json\/wp\/v2\/posts"}],"about":[{"href":"https:\/\/franciscanos.org.br\/noticias\/wp-json\/wp\/v2\/types\/post"}],"author":[{"embeddable":true,"href":"https:\/\/franciscanos.org.br\/noticias\/wp-json\/wp\/v2\/users\/7"}],"replies":[{"embeddable":true,"href":"https:\/\/franciscanos.org.br\/noticias\/wp-json\/wp\/v2\/comments?post=258647"}],"version-history":[{"count":1,"href":"https:\/\/franciscanos.org.br\/noticias\/wp-json\/wp\/v2\/posts\/258647\/revisions"}],"predecessor-version":[{"id":258650,"href":"https:\/\/franciscanos.org.br\/noticias\/wp-json\/wp\/v2\/posts\/258647\/revisions\/258650"}],"wp:featuredmedia":[{"embeddable":true,"href":"https:\/\/franciscanos.org.br\/noticias\/wp-json\/wp\/v2\/media\/258648"}],"wp:attachment":[{"href":"https:\/\/franciscanos.org.br\/noticias\/wp-json\/wp\/v2\/media?parent=258647"}],"wp:term":[{"taxonomy":"category","embeddable":true,"href":"https:\/\/franciscanos.org.br\/noticias\/wp-json\/wp\/v2\/categories?post=258647"},{"taxonomy":"post_tag","embeddable":true,"href":"https:\/\/franciscanos.org.br\/noticias\/wp-json\/wp\/v2\/tags?post=258647"}],"curies":[{"name":"wp","href":"https:\/\/api.w.org\/{rel}","templated":true}]}}