{"id":258639,"date":"2025-07-08T17:21:30","date_gmt":"2025-07-08T20:21:30","guid":{"rendered":"https:\/\/franciscanos.org.br\/noticias\/?p=258639"},"modified":"2025-08-26T15:59:54","modified_gmt":"2025-08-26T18:59:54","slug":"santuario-frei-galvao-acolhe-tres-novos-frades-durante-o-mes-de-julho","status":"publish","type":"post","link":"https:\/\/franciscanos.org.br\/noticias\/santuario-frei-galvao-acolhe-tres-novos-frades-durante-o-mes-de-julho.html","title":{"rendered":"Santu\u00e1rio Frei Galv\u00e3o acolhe tr\u00eas novos frades durante o m\u00eas de julho"},"content":{"rendered":"<p><img loading=\"lazy\" class=\"aligncenter wp-image-258640 size-full\" src=\"https:\/\/franciscanos.org.br\/noticias\/wp-content\/uploads\/2025\/07\/MATERIA-12.png\" alt=\"\" width=\"1280\" height=\"720\" srcset=\"https:\/\/franciscanos.org.br\/noticias\/wp-content\/uploads\/2025\/07\/MATERIA-12.png 1280w, https:\/\/franciscanos.org.br\/noticias\/wp-content\/uploads\/2025\/07\/MATERIA-12-450x253.png 450w, https:\/\/franciscanos.org.br\/noticias\/wp-content\/uploads\/2025\/07\/MATERIA-12-1024x576.png 1024w, https:\/\/franciscanos.org.br\/noticias\/wp-content\/uploads\/2025\/07\/MATERIA-12-768x432.png 768w, https:\/\/franciscanos.org.br\/noticias\/wp-content\/uploads\/2025\/07\/MATERIA-12-150x84.png 150w\" sizes=\"(max-width: 1280px) 100vw, 1280px\" \/><\/p>\n<p>O Santu\u00e1rio Frei Galv\u00e3o, localizado em Guaratinguet\u00e1 (SP), acolhe neste m\u00eas de julho tr\u00eas jovens frades franciscanos que realizar\u00e3o uma viv\u00eancia pastoral e espiritual junto aos devotos do primeiro santo brasileiro. A presen\u00e7a dos frades \u00e9 parte de uma experi\u00eancia formativa e mission\u00e1ria, promovida pela Prov\u00edncia Franciscana da Imaculada Concei\u00e7\u00e3o do Brasil.<\/p>\n<p>Os frades que chegam ao Santu\u00e1rio s\u00e3o: Frei Bruno Gon\u00e7alves Cez\u00e1rio, natural de Rio Pomba (MG), atualmente residente em Petr\u00f3polis (RJ), onde cursa Teologia; Frei Herculano Jos\u00e9, nascido na cidade de Huambo, em Angola, tamb\u00e9m residente em Petr\u00f3polis e estudante de Teologia; e Frei Filipo Carpi Gir\u00e3o, natural de Itaperuna (RJ), que veio de Campo Largo (PR), onde cursa Filosofia.<\/p>\n\n\t\t<style type=\"text\/css\">\n\t\t\t#gallery-1 {\n\t\t\t\tmargin: auto;\n\t\t\t}\n\t\t\t#gallery-1 .gallery-item {\n\t\t\t\tfloat: left;\n\t\t\t\tmargin-top: 10px;\n\t\t\t\ttext-align: center;\n\t\t\t\twidth: 33%;\n\t\t\t}\n\t\t\t#gallery-1 img {\n\t\t\t\tborder: 2px solid #cfcfcf;\n\t\t\t}\n\t\t\t#gallery-1 .gallery-caption {\n\t\t\t\tmargin-left: 0;\n\t\t\t}\n\t\t\t\/* see gallery_shortcode() in wp-includes\/media.php *\/\n\t\t<\/style>\n\t\t<div id='gallery-1' class='gallery galleryid-258639 gallery-columns-3 gallery-size-thumbnail'><dl class='gallery-item'>\n\t\t\t<dt class='gallery-icon portrait'>\n\t\t\t\t<a href='https:\/\/franciscanos.org.br\/noticias\/wp-content\/uploads\/2025\/07\/IMG_8521_686c3255b230b-scaled.jpg'><img width=\"300\" height=\"300\" src=\"https:\/\/franciscanos.org.br\/noticias\/wp-content\/uploads\/2025\/07\/IMG_8521_686c3255b230b-300x300.jpg\" class=\"attachment-thumbnail size-thumbnail\" alt=\"\" loading=\"lazy\" aria-describedby=\"gallery-1-258641\" srcset=\"https:\/\/franciscanos.org.br\/noticias\/wp-content\/uploads\/2025\/07\/IMG_8521_686c3255b230b-300x300.jpg 300w, https:\/\/franciscanos.org.br\/noticias\/wp-content\/uploads\/2025\/07\/IMG_8521_686c3255b230b-100x100.jpg 100w\" sizes=\"(max-width: 300px) 100vw, 300px\" \/><\/a>\n\t\t\t<\/dt>\n\t\t\t\t<dd class='wp-caption-text gallery-caption' id='gallery-1-258641'>\n\t\t\t\tFrei Filipo Carpi Gir\u00e3o\n\t\t\t\t<\/dd><\/dl><dl class='gallery-item'>\n\t\t\t<dt class='gallery-icon portrait'>\n\t\t\t\t<a href='https:\/\/franciscanos.org.br\/noticias\/wp-content\/uploads\/2025\/07\/IMG_8533_686c322517055-scaled.jpg'><img width=\"300\" height=\"300\" src=\"https:\/\/franciscanos.org.br\/noticias\/wp-content\/uploads\/2025\/07\/IMG_8533_686c322517055-300x300.jpg\" class=\"attachment-thumbnail size-thumbnail\" alt=\"\" loading=\"lazy\" aria-describedby=\"gallery-1-258642\" srcset=\"https:\/\/franciscanos.org.br\/noticias\/wp-content\/uploads\/2025\/07\/IMG_8533_686c322517055-300x300.jpg 300w, https:\/\/franciscanos.org.br\/noticias\/wp-content\/uploads\/2025\/07\/IMG_8533_686c322517055-100x100.jpg 100w\" sizes=\"(max-width: 300px) 100vw, 300px\" \/><\/a>\n\t\t\t<\/dt>\n\t\t\t\t<dd class='wp-caption-text gallery-caption' id='gallery-1-258642'>\n\t\t\t\tFrei Herculano Jos\u00e9\n\t\t\t\t<\/dd><\/dl><dl class='gallery-item'>\n\t\t\t<dt class='gallery-icon portrait'>\n\t\t\t\t<a href='https:\/\/franciscanos.org.br\/noticias\/wp-content\/uploads\/2025\/07\/IMG_8542_686c31f24cb71-scaled.jpg'><img width=\"300\" height=\"300\" src=\"https:\/\/franciscanos.org.br\/noticias\/wp-content\/uploads\/2025\/07\/IMG_8542_686c31f24cb71-300x300.jpg\" class=\"attachment-thumbnail size-thumbnail\" alt=\"\" loading=\"lazy\" aria-describedby=\"gallery-1-258643\" srcset=\"https:\/\/franciscanos.org.br\/noticias\/wp-content\/uploads\/2025\/07\/IMG_8542_686c31f24cb71-300x300.jpg 300w, https:\/\/franciscanos.org.br\/noticias\/wp-content\/uploads\/2025\/07\/IMG_8542_686c31f24cb71-100x100.jpg 100w\" sizes=\"(max-width: 300px) 100vw, 300px\" \/><\/a>\n\t\t\t<\/dt>\n\t\t\t\t<dd class='wp-caption-text gallery-caption' id='gallery-1-258643'>\n\t\t\t\tFrei Bruno Gon\u00e7alves Cez\u00e1rio\n\t\t\t\t<\/dd><\/dl><br style=\"clear: both\" \/>\n\t\t<\/div>\n\n<p>Durante sua perman\u00eancia no Santu\u00e1rio, os frades participar\u00e3o das celebra\u00e7\u00f5es, auxiliar\u00e3o nas atividades pastorais, acolher\u00e3o os fi\u00e9is e ter\u00e3o a oportunidade de aprofundar sua viv\u00eancia comunit\u00e1ria e religiosa, em contato direto com a espiritualidade de Frei Galv\u00e3o.<\/p>\n<p>A presen\u00e7a dos frades \u00e9 motivo de grande alegria para toda a comunidade do Santu\u00e1rio. Que este tempo seja frut\u00edfero em partilha, servi\u00e7o e aprofundamento vocacional, tanto para os frades quanto para os devotos que visitam este espa\u00e7o de f\u00e9 e devo\u00e7\u00e3o.<\/p>\n<hr \/>\n<p>Fonte: https:\/\/www.santuariofreigalvao.com<\/p>\n","protected":false},"excerpt":{"rendered":"<p>Viv\u00eancia pastoral e espiritual<\/p>\n","protected":false},"author":11,"featured_media":258644,"comment_status":"open","ping_status":"open","sticky":false,"template":"","format":"standard","meta":[],"categories":[1],"tags":[2383,1821,2056],"acf":[],"yoast_head":"<!-- This site is optimized with the Yoast SEO plugin v19.2 - https:\/\/yoast.com\/wordpress\/plugins\/seo\/ -->\n<title>Santu\u00e1rio Frei Galv\u00e3o acolhe tr\u00eas novos frades durante o m\u00eas de julho - Not\u00edcias - Franciscanos<\/title>\n<meta name=\"robots\" content=\"index, follow, max-snippet:-1, max-image-preview:large, max-video-preview:-1\" \/>\n<link rel=\"canonical\" href=\"https:\/\/franciscanos.org.br\/noticias\/santuario-frei-galvao-acolhe-tres-novos-frades-durante-o-mes-de-julho.html\" \/>\n<meta property=\"og:locale\" content=\"pt_BR\" \/>\n<meta property=\"og:type\" content=\"article\" \/>\n<meta property=\"og:title\" content=\"Santu\u00e1rio Frei Galv\u00e3o acolhe tr\u00eas novos frades durante o m\u00eas de julho - Not\u00edcias - Franciscanos\" \/>\n<meta property=\"og:description\" content=\"Viv\u00eancia pastoral e espiritual\" \/>\n<meta property=\"og:url\" content=\"https:\/\/franciscanos.org.br\/noticias\/santuario-frei-galvao-acolhe-tres-novos-frades-durante-o-mes-de-julho.html\" \/>\n<meta property=\"og:site_name\" content=\"Not\u00edcias - Franciscanos\" \/>\n<meta property=\"article:published_time\" content=\"2025-07-08T20:21:30+00:00\" \/>\n<meta property=\"article:modified_time\" content=\"2025-08-26T18:59:54+00:00\" \/>\n<meta property=\"og:image\" content=\"https:\/\/franciscanos.org.br\/noticias\/wp-content\/uploads\/2025\/07\/CHAMADA-9.png\" \/>\n\t<meta property=\"og:image:width\" content=\"800\" \/>\n\t<meta property=\"og:image:height\" content=\"550\" \/>\n\t<meta property=\"og:image:type\" content=\"image\/png\" \/>\n<meta name=\"author\" content=\"Adriana Rabelo\" \/>\n<meta name=\"twitter:card\" content=\"summary_large_image\" \/>\n<meta name=\"twitter:label1\" content=\"Escrito por\" \/>\n\t<meta name=\"twitter:data1\" content=\"Adriana Rabelo\" \/>\n\t<meta name=\"twitter:label2\" content=\"Est. tempo de leitura\" \/>\n\t<meta name=\"twitter:data2\" content=\"1 minuto\" \/>\n<script type=\"application\/ld+json\" class=\"yoast-schema-graph\">{\"@context\":\"https:\/\/schema.org\",\"@graph\":[{\"@type\":\"WebSite\",\"@id\":\"https:\/\/franciscanos.org.br\/noticias\/#website\",\"url\":\"https:\/\/franciscanos.org.br\/noticias\/\",\"name\":\"Not\u00edcias - Franciscanos\",\"description\":\"Prov\u00edncia Franciscana da Imaculada Concei\u00e7\u00e3o do Brasil - Ordem dos Frades Menores - OFM\",\"potentialAction\":[{\"@type\":\"SearchAction\",\"target\":{\"@type\":\"EntryPoint\",\"urlTemplate\":\"https:\/\/franciscanos.org.br\/noticias\/?s={search_term_string}\"},\"query-input\":\"required name=search_term_string\"}],\"inLanguage\":\"pt-BR\"},{\"@type\":\"ImageObject\",\"inLanguage\":\"pt-BR\",\"@id\":\"https:\/\/franciscanos.org.br\/noticias\/santuario-frei-galvao-acolhe-tres-novos-frades-durante-o-mes-de-julho.html#primaryimage\",\"url\":\"https:\/\/franciscanos.org.br\/noticias\/wp-content\/uploads\/2025\/07\/CHAMADA-9.png\",\"contentUrl\":\"https:\/\/franciscanos.org.br\/noticias\/wp-content\/uploads\/2025\/07\/CHAMADA-9.png\",\"width\":800,\"height\":550},{\"@type\":\"WebPage\",\"@id\":\"https:\/\/franciscanos.org.br\/noticias\/santuario-frei-galvao-acolhe-tres-novos-frades-durante-o-mes-de-julho.html#webpage\",\"url\":\"https:\/\/franciscanos.org.br\/noticias\/santuario-frei-galvao-acolhe-tres-novos-frades-durante-o-mes-de-julho.html\",\"name\":\"Santu\u00e1rio Frei Galv\u00e3o acolhe tr\u00eas novos frades durante o m\u00eas de julho - Not\u00edcias - Franciscanos\",\"isPartOf\":{\"@id\":\"https:\/\/franciscanos.org.br\/noticias\/#website\"},\"primaryImageOfPage\":{\"@id\":\"https:\/\/franciscanos.org.br\/noticias\/santuario-frei-galvao-acolhe-tres-novos-frades-durante-o-mes-de-julho.html#primaryimage\"},\"datePublished\":\"2025-07-08T20:21:30+00:00\",\"dateModified\":\"2025-08-26T18:59:54+00:00\",\"author\":{\"@id\":\"https:\/\/franciscanos.org.br\/noticias\/#\/schema\/person\/d9422e83121c3ad3b0f423d195f5bb25\"},\"breadcrumb\":{\"@id\":\"https:\/\/franciscanos.org.br\/noticias\/santuario-frei-galvao-acolhe-tres-novos-frades-durante-o-mes-de-julho.html#breadcrumb\"},\"inLanguage\":\"pt-BR\",\"potentialAction\":[{\"@type\":\"ReadAction\",\"target\":[\"https:\/\/franciscanos.org.br\/noticias\/santuario-frei-galvao-acolhe-tres-novos-frades-durante-o-mes-de-julho.html\"]}]},{\"@type\":\"BreadcrumbList\",\"@id\":\"https:\/\/franciscanos.org.br\/noticias\/santuario-frei-galvao-acolhe-tres-novos-frades-durante-o-mes-de-julho.html#breadcrumb\",\"itemListElement\":[{\"@type\":\"ListItem\",\"position\":1,\"name\":\"Home\",\"item\":\"https:\/\/franciscanos.org.br\/noticias\"},{\"@type\":\"ListItem\",\"position\":2,\"name\":\"Santu\u00e1rio Frei Galv\u00e3o acolhe tr\u00eas novos frades durante o m\u00eas de julho\"}]},{\"@type\":\"Person\",\"@id\":\"https:\/\/franciscanos.org.br\/noticias\/#\/schema\/person\/d9422e83121c3ad3b0f423d195f5bb25\",\"name\":\"Adriana Rabelo\",\"image\":{\"@type\":\"ImageObject\",\"inLanguage\":\"pt-BR\",\"@id\":\"https:\/\/franciscanos.org.br\/noticias\/#\/schema\/person\/image\/\",\"url\":\"https:\/\/secure.gravatar.com\/avatar\/0a937b7500cd7df77540cfb8bede877d?s=96&d=mm&r=g\",\"contentUrl\":\"https:\/\/secure.gravatar.com\/avatar\/0a937b7500cd7df77540cfb8bede877d?s=96&d=mm&r=g\",\"caption\":\"Adriana Rabelo\"},\"url\":\"https:\/\/franciscanos.org.br\/noticias\/author\/adrianarabelo\"}]}<\/script>\n<!-- \/ Yoast SEO plugin. -->","yoast_head_json":{"title":"Santu\u00e1rio Frei Galv\u00e3o acolhe tr\u00eas novos frades durante o m\u00eas de julho - Not\u00edcias - Franciscanos","robots":{"index":"index","follow":"follow","max-snippet":"max-snippet:-1","max-image-preview":"max-image-preview:large","max-video-preview":"max-video-preview:-1"},"canonical":"https:\/\/franciscanos.org.br\/noticias\/santuario-frei-galvao-acolhe-tres-novos-frades-durante-o-mes-de-julho.html","og_locale":"pt_BR","og_type":"article","og_title":"Santu\u00e1rio Frei Galv\u00e3o acolhe tr\u00eas novos frades durante o m\u00eas de julho - Not\u00edcias - Franciscanos","og_description":"Viv\u00eancia pastoral e espiritual","og_url":"https:\/\/franciscanos.org.br\/noticias\/santuario-frei-galvao-acolhe-tres-novos-frades-durante-o-mes-de-julho.html","og_site_name":"Not\u00edcias - Franciscanos","article_published_time":"2025-07-08T20:21:30+00:00","article_modified_time":"2025-08-26T18:59:54+00:00","og_image":[{"width":800,"height":550,"url":"https:\/\/franciscanos.org.br\/noticias\/wp-content\/uploads\/2025\/07\/CHAMADA-9.png","type":"image\/png"}],"author":"Adriana Rabelo","twitter_card":"summary_large_image","twitter_misc":{"Escrito por":"Adriana Rabelo","Est. tempo de leitura":"1 minuto"},"schema":{"@context":"https:\/\/schema.org","@graph":[{"@type":"WebSite","@id":"https:\/\/franciscanos.org.br\/noticias\/#website","url":"https:\/\/franciscanos.org.br\/noticias\/","name":"Not\u00edcias - Franciscanos","description":"Prov\u00edncia Franciscana da Imaculada Concei\u00e7\u00e3o do Brasil - Ordem dos Frades Menores - OFM","potentialAction":[{"@type":"SearchAction","target":{"@type":"EntryPoint","urlTemplate":"https:\/\/franciscanos.org.br\/noticias\/?s={search_term_string}"},"query-input":"required name=search_term_string"}],"inLanguage":"pt-BR"},{"@type":"ImageObject","inLanguage":"pt-BR","@id":"https:\/\/franciscanos.org.br\/noticias\/santuario-frei-galvao-acolhe-tres-novos-frades-durante-o-mes-de-julho.html#primaryimage","url":"https:\/\/franciscanos.org.br\/noticias\/wp-content\/uploads\/2025\/07\/CHAMADA-9.png","contentUrl":"https:\/\/franciscanos.org.br\/noticias\/wp-content\/uploads\/2025\/07\/CHAMADA-9.png","width":800,"height":550},{"@type":"WebPage","@id":"https:\/\/franciscanos.org.br\/noticias\/santuario-frei-galvao-acolhe-tres-novos-frades-durante-o-mes-de-julho.html#webpage","url":"https:\/\/franciscanos.org.br\/noticias\/santuario-frei-galvao-acolhe-tres-novos-frades-durante-o-mes-de-julho.html","name":"Santu\u00e1rio Frei Galv\u00e3o acolhe tr\u00eas novos frades durante o m\u00eas de julho - Not\u00edcias - Franciscanos","isPartOf":{"@id":"https:\/\/franciscanos.org.br\/noticias\/#website"},"primaryImageOfPage":{"@id":"https:\/\/franciscanos.org.br\/noticias\/santuario-frei-galvao-acolhe-tres-novos-frades-durante-o-mes-de-julho.html#primaryimage"},"datePublished":"2025-07-08T20:21:30+00:00","dateModified":"2025-08-26T18:59:54+00:00","author":{"@id":"https:\/\/franciscanos.org.br\/noticias\/#\/schema\/person\/d9422e83121c3ad3b0f423d195f5bb25"},"breadcrumb":{"@id":"https:\/\/franciscanos.org.br\/noticias\/santuario-frei-galvao-acolhe-tres-novos-frades-durante-o-mes-de-julho.html#breadcrumb"},"inLanguage":"pt-BR","potentialAction":[{"@type":"ReadAction","target":["https:\/\/franciscanos.org.br\/noticias\/santuario-frei-galvao-acolhe-tres-novos-frades-durante-o-mes-de-julho.html"]}]},{"@type":"BreadcrumbList","@id":"https:\/\/franciscanos.org.br\/noticias\/santuario-frei-galvao-acolhe-tres-novos-frades-durante-o-mes-de-julho.html#breadcrumb","itemListElement":[{"@type":"ListItem","position":1,"name":"Home","item":"https:\/\/franciscanos.org.br\/noticias"},{"@type":"ListItem","position":2,"name":"Santu\u00e1rio Frei Galv\u00e3o acolhe tr\u00eas novos frades durante o m\u00eas de julho"}]},{"@type":"Person","@id":"https:\/\/franciscanos.org.br\/noticias\/#\/schema\/person\/d9422e83121c3ad3b0f423d195f5bb25","name":"Adriana Rabelo","image":{"@type":"ImageObject","inLanguage":"pt-BR","@id":"https:\/\/franciscanos.org.br\/noticias\/#\/schema\/person\/image\/","url":"https:\/\/secure.gravatar.com\/avatar\/0a937b7500cd7df77540cfb8bede877d?s=96&d=mm&r=g","contentUrl":"https:\/\/secure.gravatar.com\/avatar\/0a937b7500cd7df77540cfb8bede877d?s=96&d=mm&r=g","caption":"Adriana Rabelo"},"url":"https:\/\/franciscanos.org.br\/noticias\/author\/adrianarabelo"}]}},"_links":{"self":[{"href":"https:\/\/franciscanos.org.br\/noticias\/wp-json\/wp\/v2\/posts\/258639"}],"collection":[{"href":"https:\/\/franciscanos.org.br\/noticias\/wp-json\/wp\/v2\/posts"}],"about":[{"href":"https:\/\/franciscanos.org.br\/noticias\/wp-json\/wp\/v2\/types\/post"}],"author":[{"embeddable":true,"href":"https:\/\/franciscanos.org.br\/noticias\/wp-json\/wp\/v2\/users\/11"}],"replies":[{"embeddable":true,"href":"https:\/\/franciscanos.org.br\/noticias\/wp-json\/wp\/v2\/comments?post=258639"}],"version-history":[{"count":2,"href":"https:\/\/franciscanos.org.br\/noticias\/wp-json\/wp\/v2\/posts\/258639\/revisions"}],"predecessor-version":[{"id":258646,"href":"https:\/\/franciscanos.org.br\/noticias\/wp-json\/wp\/v2\/posts\/258639\/revisions\/258646"}],"wp:featuredmedia":[{"embeddable":true,"href":"https:\/\/franciscanos.org.br\/noticias\/wp-json\/wp\/v2\/media\/258644"}],"wp:attachment":[{"href":"https:\/\/franciscanos.org.br\/noticias\/wp-json\/wp\/v2\/media?parent=258639"}],"wp:term":[{"taxonomy":"category","embeddable":true,"href":"https:\/\/franciscanos.org.br\/noticias\/wp-json\/wp\/v2\/categories?post=258639"},{"taxonomy":"post_tag","embeddable":true,"href":"https:\/\/franciscanos.org.br\/noticias\/wp-json\/wp\/v2\/tags?post=258639"}],"curies":[{"name":"wp","href":"https:\/\/api.w.org\/{rel}","templated":true}]}}