{"id":258622,"date":"2025-07-08T16:36:50","date_gmt":"2025-07-08T19:36:50","guid":{"rendered":"https:\/\/franciscanos.org.br\/noticias\/?p=258622"},"modified":"2025-07-08T16:47:10","modified_gmt":"2025-07-08T19:47:10","slug":"tempo-da-profissao-temporaria-missao-e-compromisso-diante-de-um-novo-ciclo","status":"publish","type":"post","link":"https:\/\/franciscanos.org.br\/noticias\/tempo-da-profissao-temporaria-missao-e-compromisso-diante-de-um-novo-ciclo.html","title":{"rendered":"Tempo da Profiss\u00e3o Tempor\u00e1ria: miss\u00e3o e compromisso diante de um novo ciclo"},"content":{"rendered":"<p><img loading=\"lazy\" class=\"aligncenter wp-image-258623 size-full\" src=\"https:\/\/franciscanos.org.br\/noticias\/wp-content\/uploads\/2025\/07\/materia-11.png\" alt=\"\" width=\"1280\" height=\"720\" srcset=\"https:\/\/franciscanos.org.br\/noticias\/wp-content\/uploads\/2025\/07\/materia-11.png 1280w, https:\/\/franciscanos.org.br\/noticias\/wp-content\/uploads\/2025\/07\/materia-11-450x253.png 450w, https:\/\/franciscanos.org.br\/noticias\/wp-content\/uploads\/2025\/07\/materia-11-1024x576.png 1024w, https:\/\/franciscanos.org.br\/noticias\/wp-content\/uploads\/2025\/07\/materia-11-768x432.png 768w, https:\/\/franciscanos.org.br\/noticias\/wp-content\/uploads\/2025\/07\/materia-11-150x84.png 150w\" sizes=\"(max-width: 1280px) 100vw, 1280px\" \/><\/p>\n<p>\u201cEntre os diversos benef\u00edcios que temos recebido e ainda diariamente recebemos da generosidade do Pai de toda miseric\u00f3rdia e que devemos agradecer a ele, o Glorioso, o maior \u00e9 a nossa voca\u00e7\u00e3o.\u201d (Dicion\u00e1rio Franciscano)<\/p>\n<p>Conforme nos mostram os escritos e relatos de S\u00e3o Francisco de Assis sobre a voca\u00e7\u00e3o, apresentados por S\u00e3o Boaventura, \u00e9 poss\u00edvel acompanhar a trajet\u00f3ria de sua caminhada, desde o chamado, sua confirma\u00e7\u00e3o na vida religiosa, at\u00e9 a sua entrega total \u00e0s vontades de Deus. Francisco percorreu uma caminhada penitencial que o levou \u00e0 descoberta total do seguimento de Jesus Cristo. Mais de 800 anos se passaram, e, na trajet\u00f3ria da Ordem fundada pelo Pai Ser\u00e1fico, muitos jovens decidiram seguir os passos d\u2019Aquele que veio ao mundo para nos salvar, a partir desse exemplo todo pr\u00f3prio da vida franciscana.<\/p>\n<p>Na atualidade, esse caminho continua repleto de encruzilhadas, motivadas ainda mais por um mundo de consumismo e de v\u00e3s facilidades; um mundo regado pelas din\u00e2micas virtuais fundamentadas no ter e n\u00e3o no ser. Mas em meio a tantos fasc\u00ednios, a presen\u00e7a viva de Deus fala mais alto para aqueles que encontram em Cristo o caminho para viver a paz e o bem com todos os irm\u00e3os.<\/p>\n<p><img loading=\"lazy\" class=\"size-medium wp-image-258628 alignright\" src=\"https:\/\/franciscanos.org.br\/noticias\/wp-content\/uploads\/2025\/07\/PASTORAL-1-450x337.jpg\" alt=\"\" width=\"450\" height=\"337\" srcset=\"https:\/\/franciscanos.org.br\/noticias\/wp-content\/uploads\/2025\/07\/PASTORAL-1-450x337.jpg 450w, https:\/\/franciscanos.org.br\/noticias\/wp-content\/uploads\/2025\/07\/PASTORAL-1-1024x768.jpg 1024w, https:\/\/franciscanos.org.br\/noticias\/wp-content\/uploads\/2025\/07\/PASTORAL-1-768x576.jpg 768w, https:\/\/franciscanos.org.br\/noticias\/wp-content\/uploads\/2025\/07\/PASTORAL-1-1536x1152.jpg 1536w, https:\/\/franciscanos.org.br\/noticias\/wp-content\/uploads\/2025\/07\/PASTORAL-1-150x112.jpg 150w, https:\/\/franciscanos.org.br\/noticias\/wp-content\/uploads\/2025\/07\/PASTORAL-1-600x450.jpg 600w, https:\/\/franciscanos.org.br\/noticias\/wp-content\/uploads\/2025\/07\/PASTORAL-1-scaled.jpg 1440w\" sizes=\"(max-width: 450px) 100vw, 450px\" \/>A Prov\u00edncia da Imaculada Concei\u00e7\u00e3o do Brasil \u00e9 uma das entidades franciscanas presentes no mundo para jovens que desejam seguir os mesmos passos de S\u00e3o Francisco de Assis. Ao longo dos seus 350 anos, o processo de forma\u00e7\u00e3o dos frades no territ\u00f3rio provincial da Imaculada passou por altera\u00e7\u00f5es, pr\u00f3prias da hist\u00f3ria que segue em frente, mas sempre buscando n\u00e3o perder o foco naquilo que conduz a vida religiosa franciscana: o Evangelho de Nosso Senhor Jesus Cristo.<\/p>\n<p>A Anima\u00e7\u00e3o Vocacional, o Postulantado, dentro da perspectiva do \u201cVinde e vede\u201d (Jo 1,39), e o Noviciado; t\u00eam como proposta promover um mergulho intenso na vida franciscana, de forma que o vocacionado possa vivenciar, em sua rotina de estudos e em fraternidade a ess\u00eancia de seu seguimento em Cristo. Como em um processo de matura\u00e7\u00e3o, todos passam por uma importante fase de imers\u00e3o para que, em seu pr\u00f3ximo passo, na Profiss\u00e3o Tempor\u00e1ria, possam construir as bases s\u00f3lidas da vida franciscana. \u00c9 a partir desta etapa que se inicia o tempo de Vida Religiosa do frade menor.<\/p>\n<p>\u201cO Tempo da Profiss\u00e3o Tempor\u00e1ria reside na possibilidade de o jovem frade aperfei\u00e7oar sua vida de maneira aut\u00eantica e comprometida com o carisma franciscano, por meio do seguimento de Cristo pobre, humilde e crucificado. A forma\u00e7\u00e3o nesta etapa n\u00e3o \u00e9 apenas intelectual, mas tamb\u00e9m se d\u00e1 atrav\u00e9s da vida cotidiana na fraternidade, que, por meio da ora\u00e7\u00e3o, do trabalho, da conviv\u00eancia fraterna e do servi\u00e7o apost\u00f3lico, proporciona um amadurecimento humano e religioso. \u00c9 um processo que busca transformar o frade, moldando-o segundo o esp\u00edrito de S\u00e3o Francisco, para que possa ser um instrumento de paz e bem no mundo\u201d, explicou Frei Roger Strapazzon, mestre na Fraternidade S\u00e3o Boaventura, em Campo Largo (PR).<\/p>\n<p>O local \u00e9 respons\u00e1vel pela forma\u00e7\u00e3o dos frades na etapa de Profiss\u00e3o Tempor\u00e1ria e, segundo Frei Roger, esse tempo deve favorecer os compromissos da profiss\u00e3o religiosa na Ordem dos Frades Menores.<\/p>\n<p>\u201cPor isso, todo projeto formativo busca inserir os jovens frades de maneira concreta naquilo que \u00e9 pr\u00f3prio da voca\u00e7\u00e3o religiosa e franciscana:<\/p>\n<p>\u2013 tempo adequado para o cultivo da vida de ora\u00e7\u00e3o, bem como tempo oportuno para a viv\u00eancia dos Sacramentos da Igreja, medita\u00e7\u00e3o e leitura orante da Palavra de Deus;<\/p>\n<p>\u2013 fortalecimento dos v\u00ednculos fraternos, atrav\u00e9s de rela\u00e7\u00f5es saud\u00e1veis e da busca comum;<\/p>\n<p>\u2013 disponibilidade para o trabalho, como fonte de gra\u00e7a e oportunidade de se colocar como servidor;<\/p>\n<p>\u2013 abertura para a miss\u00e3o, por meio das pr\u00e1ticas apost\u00f3licas, atendendo \u00e0s necessidades da Igreja e do povo de Deus;<\/p>\n<p>\u2013 tempo oportuno e precioso de estudo, com uma forma\u00e7\u00e3o sistem\u00e1tica das diferentes \u00e1reas do conhecimento, como Filosofia, Teologia, Franciscanismo, Humanidades e Sociologia, bem como o estudo das l\u00ednguas portuguesa e espanhola.\u201d<\/p>\n<p><img loading=\"lazy\" class=\"aligncenter wp-image-258625 size-full\" src=\"https:\/\/franciscanos.org.br\/noticias\/wp-content\/uploads\/2025\/07\/materia-2-4.png\" alt=\"\" width=\"1280\" height=\"720\" srcset=\"https:\/\/franciscanos.org.br\/noticias\/wp-content\/uploads\/2025\/07\/materia-2-4.png 1280w, https:\/\/franciscanos.org.br\/noticias\/wp-content\/uploads\/2025\/07\/materia-2-4-450x253.png 450w, https:\/\/franciscanos.org.br\/noticias\/wp-content\/uploads\/2025\/07\/materia-2-4-1024x576.png 1024w, https:\/\/franciscanos.org.br\/noticias\/wp-content\/uploads\/2025\/07\/materia-2-4-768x432.png 768w, https:\/\/franciscanos.org.br\/noticias\/wp-content\/uploads\/2025\/07\/materia-2-4-150x84.png 150w\" sizes=\"(max-width: 1280px) 100vw, 1280px\" \/><\/p>\n<p>Para chegar ao novo momento do P\u00f3s-Noviciado ou tempo de Profiss\u00e3o Tempor\u00e1ria, os frades participaram de importantes momentos de trocas de viv\u00eancia e escuta durante o Cap\u00edtulo Provincial.<\/p>\n<p>\u201cNo \u00faltimo Cap\u00edtulo Provincial, realizado em novembro de 2024, os frades capitulares aprovaram uma nova proposta de forma\u00e7\u00e3o que impactou desde a Anima\u00e7\u00e3o Vocacional at\u00e9 a Forma\u00e7\u00e3o Permanente. Enfatizou-se que todo processo formativo \u00e9 uma forma\u00e7\u00e3o permanente, uma possibilidade de amadurecimento e convers\u00e3o, renova\u00e7\u00e3o e transforma\u00e7\u00e3o. O ponto inicial e final \u00e9 sempre Jesus Cristo, inspirados por S\u00e3o Francisco e Santa Clara, movidos pelo Evangelho e interpelados pelos desafios do mundo atual\u201d, explicou o frade.<\/p>\n<p>Segundo ele, a etapa sofreu importantes altera\u00e7\u00f5es no que se refere \u00e0 forma\u00e7\u00e3o acad\u00eamica. Ele esclareceu que, at\u00e9 ent\u00e3o, o curso acad\u00eamico de Filosofia correspondia \u00e0 maior parte deste itiner\u00e1rio.<\/p>\n<p>\u201cCom a nova proposta, o curso de bacharelado em Filosofia foi substitu\u00eddo por um curso pr\u00f3prio, pautado conforme nossos documentos (<em>Ratio Studiorum e Ratio Formationis Franciscanae<\/em>) e os documentos da Igreja. Este novo m\u00e9todo procura oferecer uma forma\u00e7\u00e3o integral aos frades de profiss\u00e3o tempor\u00e1ria, valorizando o estudo e ampliando os horizontes dos conhecimentos, n\u00e3o apenas da Filosofia, mas tamb\u00e9m da Teologia, do Franciscanismo e das Ci\u00eancias Humanas.\u201d<\/p>\n<p>Frei Roger detalhou que a mudan\u00e7a ocorreu em vista da import\u00e2ncia de aproximar os frades da forma\u00e7\u00e3o inicial \u00e0s fraternidades da Prov\u00edncia. Segundo ele, atualmente esse percurso j\u00e1 \u00e9 realizado na Fraternidade S\u00e3o Boaventura, em Campo Largo (PR), e agora passou a se expandir para outras fraternidades, de forma que os frades possam se inserir em uma realidade mais pr\u00f3xima das frentes de atua\u00e7\u00e3o e evangeliza\u00e7\u00e3o.<\/p>\n\n\t\t<style type=\"text\/css\">\n\t\t\t#gallery-1 {\n\t\t\t\tmargin: auto;\n\t\t\t}\n\t\t\t#gallery-1 .gallery-item {\n\t\t\t\tfloat: left;\n\t\t\t\tmargin-top: 10px;\n\t\t\t\ttext-align: center;\n\t\t\t\twidth: 33%;\n\t\t\t}\n\t\t\t#gallery-1 img {\n\t\t\t\tborder: 2px solid #cfcfcf;\n\t\t\t}\n\t\t\t#gallery-1 .gallery-caption {\n\t\t\t\tmargin-left: 0;\n\t\t\t}\n\t\t\t\/* see gallery_shortcode() in wp-includes\/media.php *\/\n\t\t<\/style>\n\t\t<div id='gallery-1' class='gallery galleryid-258622 gallery-columns-3 gallery-size-thumbnail'><dl class='gallery-item'>\n\t\t\t<dt class='gallery-icon landscape'>\n\t\t\t\t<a href='https:\/\/franciscanos.org.br\/noticias\/wp-content\/uploads\/2025\/07\/PROJETO_-1-scaled.jpg'><img width=\"300\" height=\"300\" src=\"https:\/\/franciscanos.org.br\/noticias\/wp-content\/uploads\/2025\/07\/PROJETO_-1-300x300.jpg\" class=\"attachment-thumbnail size-thumbnail\" alt=\"\" loading=\"lazy\" srcset=\"https:\/\/franciscanos.org.br\/noticias\/wp-content\/uploads\/2025\/07\/PROJETO_-1-300x300.jpg 300w, https:\/\/franciscanos.org.br\/noticias\/wp-content\/uploads\/2025\/07\/PROJETO_-1-100x100.jpg 100w\" sizes=\"(max-width: 300px) 100vw, 300px\" \/><\/a>\n\t\t\t<\/dt><\/dl><dl class='gallery-item'>\n\t\t\t<dt class='gallery-icon landscape'>\n\t\t\t\t<a href='https:\/\/franciscanos.org.br\/noticias\/wp-content\/uploads\/2025\/07\/TRABALHO-1-scaled.jpg'><img width=\"300\" height=\"300\" src=\"https:\/\/franciscanos.org.br\/noticias\/wp-content\/uploads\/2025\/07\/TRABALHO-1-300x300.jpg\" class=\"attachment-thumbnail size-thumbnail\" alt=\"\" loading=\"lazy\" srcset=\"https:\/\/franciscanos.org.br\/noticias\/wp-content\/uploads\/2025\/07\/TRABALHO-1-300x300.jpg 300w, https:\/\/franciscanos.org.br\/noticias\/wp-content\/uploads\/2025\/07\/TRABALHO-1-100x100.jpg 100w\" sizes=\"(max-width: 300px) 100vw, 300px\" \/><\/a>\n\t\t\t<\/dt><\/dl><dl class='gallery-item'>\n\t\t\t<dt class='gallery-icon landscape'>\n\t\t\t\t<a href='https:\/\/franciscanos.org.br\/noticias\/wp-content\/uploads\/2025\/07\/TRABALHO2-1-scaled.jpg'><img width=\"300\" height=\"300\" src=\"https:\/\/franciscanos.org.br\/noticias\/wp-content\/uploads\/2025\/07\/TRABALHO2-1-300x300.jpg\" class=\"attachment-thumbnail size-thumbnail\" alt=\"\" loading=\"lazy\" srcset=\"https:\/\/franciscanos.org.br\/noticias\/wp-content\/uploads\/2025\/07\/TRABALHO2-1-300x300.jpg 300w, https:\/\/franciscanos.org.br\/noticias\/wp-content\/uploads\/2025\/07\/TRABALHO2-1-100x100.jpg 100w\" sizes=\"(max-width: 300px) 100vw, 300px\" \/><\/a>\n\t\t\t<\/dt><\/dl><br style=\"clear: both\" \/>\n\t\t<\/div>\n\n<p>Frei Gilberto Silva, mestre e professor na Fraternidade Sagrado Cora\u00e7\u00e3o de Jesus, em Petr\u00f3polis (RJ), tamb\u00e9m respons\u00e1vel por acompanhar os frades na etapa do P\u00f3s-Noviciado, salientou que o atual processo formativo \u00e9 resultado de pelo menos seis anos de estudo e discuss\u00e3o em Cap\u00edtulos, Assembleias e F\u00f3runs provinciais.<\/p>\n<p>\u201cToda mudan\u00e7a tem implica\u00e7\u00f5es e, no ambiente da Igreja, pode parecer que isso leva muito tempo. Vale ressaltar que essa transforma\u00e7\u00e3o come\u00e7ou h\u00e1 pelo menos seis anos e que hoje, mais do que nunca, ela \u00e9 necess\u00e1ria para uma maior fidelidade ao Evangelho e um retorno \u00e0 identidade franciscana e a tudo o que nosso carisma comporta\u201d, destacou. Assim como Frei Roger, Frei Gilberto esclareceu que a etapa formativa que sofreu maior mudan\u00e7a foi a do p\u00f3s-noviciado.<\/p>\n<p>\u201cDurante muitos anos a discuss\u00e3o foi sobre a pastoral vocacional e a forma\u00e7\u00e3o permanente. Acredito que nosso novo processo formativo ganhou n\u00e3o somente uma nova estrutura e organiza\u00e7\u00e3o, mas tamb\u00e9m uma nova metodologia. Um cuidado que vai \u2018da pastoral vocacional \u00e0 eternidade\u2019, porque o frade menor est\u00e1 sempre no movimento de forma\u00e7\u00e3o. O novo programa formativo tem um fio condutor que busca unificar e entrela\u00e7ar todas as etapas.\u201d<\/p>\n<p>O desafio para os pr\u00f3ximos tr\u00eas anos, segundo o frade, \u00e9 garantir que o processo formativo seja familiar aos vocacionados, postulantes, novi\u00e7os, frades do p\u00f3s-noviciado e tamb\u00e9m \u00e0 forma\u00e7\u00e3o permanente. Sobre a diversidade formativa dos frades, Frei Gilberto abordou as diferentes realidades apresentadas aos jovens que desejam seguir o caminho franciscano, destacando:<\/p>\n<p>\u201cO Instituto Teol\u00f3gico Franciscano, a Editora Vozes, a Par\u00f3quia do Sagrado Cora\u00e7\u00e3o de Jesus com suas comunidades, o Col\u00e9gio Bom Jesus, o Instituto dos Meninos Cantores, o Sefras, a Par\u00f3quia S\u00e3o Francisco em Campos El\u00edseos e a Par\u00f3quia Santa Clara de Assis em Imbari\u00ea com suas comunidades, e as pastorais no final de semana s\u00e3o o cen\u00e1rio do cotidiano formativo da etapa de forma\u00e7\u00e3o.\u201d<\/p>\n<p>Ele ainda explicou que, nesse universo formativo presente na atualidade da Prov\u00edncia, em Petr\u00f3polis, est\u00e3o 18 frades (do Brasil e de Angola); 3 da Cust\u00f3dia de S\u00e3o Benedito e 4 da Cust\u00f3dia das Sete Alegrias de Nossa Senhora, totalizando mais de 25 frades.<\/p>\n<p>Sobre as expectativas para esse novo momento da etapa formativa, Frei Gilberto refor\u00e7ou a import\u00e2ncia da esperan\u00e7a: \u201cNo ano do Jubileu da Esperan\u00e7a, n\u00e3o podemos esperar outra coisa para este momento. A \u2018esperan\u00e7a\u2019 foi o movimento iniciado, revisto e atualizado no \u00faltimo Cap\u00edtulo Provincial. Agora devemos contar tamb\u00e9m com a a\u00e7\u00e3o do Esp\u00edrito Santo para que as renova\u00e7\u00f5es aprovadas se tornem realidade efetiva em nossas vidas. Desde Francisco de Assis, at\u00e9 hoje, nossa forma de vida tem sido atualizada, e \u00e9 isso que a mant\u00e9m viva. Ela precisa sempre ser trabalhada e adaptada ao tempo em que vivemos. Acredito que, a partir de agora, vivenciaremos muitas mudan\u00e7as, principalmente com a diminui\u00e7\u00e3o do n\u00famero de frades. Estaremos abertos ao redimensionamento humano (mental, intelectual, afetivo e religioso) para chegarmos ao estrutural. O que \u00e9 poss\u00edvel \u00e9 a continuidade do nosso caminho, como filhos do bom, despojado, alegre, entusiasmado Francisco de Assis, embelezando o mundo com o Evangelho de Cristo\u201d, concluiu.<\/p>\n<hr \/>\n<p><em>Adriana Rabelo Rodrigues<\/em><\/p>\n","protected":false},"excerpt":{"rendered":"<p>Caminhada Franciscana<\/p>\n","protected":false},"author":11,"featured_media":258624,"comment_status":"open","ping_status":"open","sticky":false,"template":"","format":"standard","meta":[],"categories":[1],"tags":[2231,2173,2382,652],"acf":[],"yoast_head":"<!-- This site is optimized with the Yoast SEO plugin v19.2 - https:\/\/yoast.com\/wordpress\/plugins\/seo\/ -->\n<title>Tempo da Profiss\u00e3o Tempor\u00e1ria: miss\u00e3o e compromisso diante de um novo ciclo - Not\u00edcias - Franciscanos<\/title>\n<meta name=\"robots\" content=\"index, follow, max-snippet:-1, max-image-preview:large, max-video-preview:-1\" \/>\n<link rel=\"canonical\" href=\"https:\/\/franciscanos.org.br\/noticias\/tempo-da-profissao-temporaria-missao-e-compromisso-diante-de-um-novo-ciclo.html\" \/>\n<meta property=\"og:locale\" content=\"pt_BR\" \/>\n<meta property=\"og:type\" content=\"article\" \/>\n<meta property=\"og:title\" content=\"Tempo da Profiss\u00e3o Tempor\u00e1ria: miss\u00e3o e compromisso diante de um novo ciclo - Not\u00edcias - Franciscanos\" \/>\n<meta property=\"og:description\" content=\"Caminhada Franciscana\" \/>\n<meta property=\"og:url\" content=\"https:\/\/franciscanos.org.br\/noticias\/tempo-da-profissao-temporaria-missao-e-compromisso-diante-de-um-novo-ciclo.html\" \/>\n<meta property=\"og:site_name\" content=\"Not\u00edcias - Franciscanos\" \/>\n<meta property=\"article:published_time\" content=\"2025-07-08T19:36:50+00:00\" \/>\n<meta property=\"article:modified_time\" content=\"2025-07-08T19:47:10+00:00\" \/>\n<meta property=\"og:image\" content=\"https:\/\/franciscanos.org.br\/noticias\/wp-content\/uploads\/2025\/07\/chamada-8.png\" \/>\n\t<meta property=\"og:image:width\" content=\"800\" \/>\n\t<meta property=\"og:image:height\" content=\"550\" \/>\n\t<meta property=\"og:image:type\" content=\"image\/png\" \/>\n<meta name=\"author\" content=\"Adriana Rabelo\" \/>\n<meta name=\"twitter:card\" content=\"summary_large_image\" \/>\n<meta name=\"twitter:label1\" content=\"Escrito por\" \/>\n\t<meta name=\"twitter:data1\" content=\"Adriana Rabelo\" \/>\n\t<meta name=\"twitter:label2\" content=\"Est. tempo de leitura\" \/>\n\t<meta name=\"twitter:data2\" content=\"8 minutos\" \/>\n<script type=\"application\/ld+json\" class=\"yoast-schema-graph\">{\"@context\":\"https:\/\/schema.org\",\"@graph\":[{\"@type\":\"WebSite\",\"@id\":\"https:\/\/franciscanos.org.br\/noticias\/#website\",\"url\":\"https:\/\/franciscanos.org.br\/noticias\/\",\"name\":\"Not\u00edcias - Franciscanos\",\"description\":\"Prov\u00edncia Franciscana da Imaculada Concei\u00e7\u00e3o do Brasil - Ordem dos Frades Menores - OFM\",\"potentialAction\":[{\"@type\":\"SearchAction\",\"target\":{\"@type\":\"EntryPoint\",\"urlTemplate\":\"https:\/\/franciscanos.org.br\/noticias\/?s={search_term_string}\"},\"query-input\":\"required name=search_term_string\"}],\"inLanguage\":\"pt-BR\"},{\"@type\":\"ImageObject\",\"inLanguage\":\"pt-BR\",\"@id\":\"https:\/\/franciscanos.org.br\/noticias\/tempo-da-profissao-temporaria-missao-e-compromisso-diante-de-um-novo-ciclo.html#primaryimage\",\"url\":\"https:\/\/franciscanos.org.br\/noticias\/wp-content\/uploads\/2025\/07\/chamada-8.png\",\"contentUrl\":\"https:\/\/franciscanos.org.br\/noticias\/wp-content\/uploads\/2025\/07\/chamada-8.png\",\"width\":800,\"height\":550},{\"@type\":\"WebPage\",\"@id\":\"https:\/\/franciscanos.org.br\/noticias\/tempo-da-profissao-temporaria-missao-e-compromisso-diante-de-um-novo-ciclo.html#webpage\",\"url\":\"https:\/\/franciscanos.org.br\/noticias\/tempo-da-profissao-temporaria-missao-e-compromisso-diante-de-um-novo-ciclo.html\",\"name\":\"Tempo da Profiss\u00e3o Tempor\u00e1ria: miss\u00e3o e compromisso diante de um novo ciclo - Not\u00edcias - Franciscanos\",\"isPartOf\":{\"@id\":\"https:\/\/franciscanos.org.br\/noticias\/#website\"},\"primaryImageOfPage\":{\"@id\":\"https:\/\/franciscanos.org.br\/noticias\/tempo-da-profissao-temporaria-missao-e-compromisso-diante-de-um-novo-ciclo.html#primaryimage\"},\"datePublished\":\"2025-07-08T19:36:50+00:00\",\"dateModified\":\"2025-07-08T19:47:10+00:00\",\"author\":{\"@id\":\"https:\/\/franciscanos.org.br\/noticias\/#\/schema\/person\/d9422e83121c3ad3b0f423d195f5bb25\"},\"breadcrumb\":{\"@id\":\"https:\/\/franciscanos.org.br\/noticias\/tempo-da-profissao-temporaria-missao-e-compromisso-diante-de-um-novo-ciclo.html#breadcrumb\"},\"inLanguage\":\"pt-BR\",\"potentialAction\":[{\"@type\":\"ReadAction\",\"target\":[\"https:\/\/franciscanos.org.br\/noticias\/tempo-da-profissao-temporaria-missao-e-compromisso-diante-de-um-novo-ciclo.html\"]}]},{\"@type\":\"BreadcrumbList\",\"@id\":\"https:\/\/franciscanos.org.br\/noticias\/tempo-da-profissao-temporaria-missao-e-compromisso-diante-de-um-novo-ciclo.html#breadcrumb\",\"itemListElement\":[{\"@type\":\"ListItem\",\"position\":1,\"name\":\"Home\",\"item\":\"https:\/\/franciscanos.org.br\/noticias\"},{\"@type\":\"ListItem\",\"position\":2,\"name\":\"Tempo da Profiss\u00e3o Tempor\u00e1ria: miss\u00e3o e compromisso diante de um novo ciclo\"}]},{\"@type\":\"Person\",\"@id\":\"https:\/\/franciscanos.org.br\/noticias\/#\/schema\/person\/d9422e83121c3ad3b0f423d195f5bb25\",\"name\":\"Adriana Rabelo\",\"image\":{\"@type\":\"ImageObject\",\"inLanguage\":\"pt-BR\",\"@id\":\"https:\/\/franciscanos.org.br\/noticias\/#\/schema\/person\/image\/\",\"url\":\"https:\/\/secure.gravatar.com\/avatar\/0a937b7500cd7df77540cfb8bede877d?s=96&d=mm&r=g\",\"contentUrl\":\"https:\/\/secure.gravatar.com\/avatar\/0a937b7500cd7df77540cfb8bede877d?s=96&d=mm&r=g\",\"caption\":\"Adriana Rabelo\"},\"url\":\"https:\/\/franciscanos.org.br\/noticias\/author\/adrianarabelo\"}]}<\/script>\n<!-- \/ Yoast SEO plugin. -->","yoast_head_json":{"title":"Tempo da Profiss\u00e3o Tempor\u00e1ria: miss\u00e3o e compromisso diante de um novo ciclo - Not\u00edcias - Franciscanos","robots":{"index":"index","follow":"follow","max-snippet":"max-snippet:-1","max-image-preview":"max-image-preview:large","max-video-preview":"max-video-preview:-1"},"canonical":"https:\/\/franciscanos.org.br\/noticias\/tempo-da-profissao-temporaria-missao-e-compromisso-diante-de-um-novo-ciclo.html","og_locale":"pt_BR","og_type":"article","og_title":"Tempo da Profiss\u00e3o Tempor\u00e1ria: miss\u00e3o e compromisso diante de um novo ciclo - Not\u00edcias - Franciscanos","og_description":"Caminhada Franciscana","og_url":"https:\/\/franciscanos.org.br\/noticias\/tempo-da-profissao-temporaria-missao-e-compromisso-diante-de-um-novo-ciclo.html","og_site_name":"Not\u00edcias - Franciscanos","article_published_time":"2025-07-08T19:36:50+00:00","article_modified_time":"2025-07-08T19:47:10+00:00","og_image":[{"width":800,"height":550,"url":"https:\/\/franciscanos.org.br\/noticias\/wp-content\/uploads\/2025\/07\/chamada-8.png","type":"image\/png"}],"author":"Adriana Rabelo","twitter_card":"summary_large_image","twitter_misc":{"Escrito por":"Adriana Rabelo","Est. tempo de leitura":"8 minutos"},"schema":{"@context":"https:\/\/schema.org","@graph":[{"@type":"WebSite","@id":"https:\/\/franciscanos.org.br\/noticias\/#website","url":"https:\/\/franciscanos.org.br\/noticias\/","name":"Not\u00edcias - Franciscanos","description":"Prov\u00edncia Franciscana da Imaculada Concei\u00e7\u00e3o do Brasil - Ordem dos Frades Menores - OFM","potentialAction":[{"@type":"SearchAction","target":{"@type":"EntryPoint","urlTemplate":"https:\/\/franciscanos.org.br\/noticias\/?s={search_term_string}"},"query-input":"required name=search_term_string"}],"inLanguage":"pt-BR"},{"@type":"ImageObject","inLanguage":"pt-BR","@id":"https:\/\/franciscanos.org.br\/noticias\/tempo-da-profissao-temporaria-missao-e-compromisso-diante-de-um-novo-ciclo.html#primaryimage","url":"https:\/\/franciscanos.org.br\/noticias\/wp-content\/uploads\/2025\/07\/chamada-8.png","contentUrl":"https:\/\/franciscanos.org.br\/noticias\/wp-content\/uploads\/2025\/07\/chamada-8.png","width":800,"height":550},{"@type":"WebPage","@id":"https:\/\/franciscanos.org.br\/noticias\/tempo-da-profissao-temporaria-missao-e-compromisso-diante-de-um-novo-ciclo.html#webpage","url":"https:\/\/franciscanos.org.br\/noticias\/tempo-da-profissao-temporaria-missao-e-compromisso-diante-de-um-novo-ciclo.html","name":"Tempo da Profiss\u00e3o Tempor\u00e1ria: miss\u00e3o e compromisso diante de um novo ciclo - Not\u00edcias - Franciscanos","isPartOf":{"@id":"https:\/\/franciscanos.org.br\/noticias\/#website"},"primaryImageOfPage":{"@id":"https:\/\/franciscanos.org.br\/noticias\/tempo-da-profissao-temporaria-missao-e-compromisso-diante-de-um-novo-ciclo.html#primaryimage"},"datePublished":"2025-07-08T19:36:50+00:00","dateModified":"2025-07-08T19:47:10+00:00","author":{"@id":"https:\/\/franciscanos.org.br\/noticias\/#\/schema\/person\/d9422e83121c3ad3b0f423d195f5bb25"},"breadcrumb":{"@id":"https:\/\/franciscanos.org.br\/noticias\/tempo-da-profissao-temporaria-missao-e-compromisso-diante-de-um-novo-ciclo.html#breadcrumb"},"inLanguage":"pt-BR","potentialAction":[{"@type":"ReadAction","target":["https:\/\/franciscanos.org.br\/noticias\/tempo-da-profissao-temporaria-missao-e-compromisso-diante-de-um-novo-ciclo.html"]}]},{"@type":"BreadcrumbList","@id":"https:\/\/franciscanos.org.br\/noticias\/tempo-da-profissao-temporaria-missao-e-compromisso-diante-de-um-novo-ciclo.html#breadcrumb","itemListElement":[{"@type":"ListItem","position":1,"name":"Home","item":"https:\/\/franciscanos.org.br\/noticias"},{"@type":"ListItem","position":2,"name":"Tempo da Profiss\u00e3o Tempor\u00e1ria: miss\u00e3o e compromisso diante de um novo ciclo"}]},{"@type":"Person","@id":"https:\/\/franciscanos.org.br\/noticias\/#\/schema\/person\/d9422e83121c3ad3b0f423d195f5bb25","name":"Adriana Rabelo","image":{"@type":"ImageObject","inLanguage":"pt-BR","@id":"https:\/\/franciscanos.org.br\/noticias\/#\/schema\/person\/image\/","url":"https:\/\/secure.gravatar.com\/avatar\/0a937b7500cd7df77540cfb8bede877d?s=96&d=mm&r=g","contentUrl":"https:\/\/secure.gravatar.com\/avatar\/0a937b7500cd7df77540cfb8bede877d?s=96&d=mm&r=g","caption":"Adriana Rabelo"},"url":"https:\/\/franciscanos.org.br\/noticias\/author\/adrianarabelo"}]}},"_links":{"self":[{"href":"https:\/\/franciscanos.org.br\/noticias\/wp-json\/wp\/v2\/posts\/258622"}],"collection":[{"href":"https:\/\/franciscanos.org.br\/noticias\/wp-json\/wp\/v2\/posts"}],"about":[{"href":"https:\/\/franciscanos.org.br\/noticias\/wp-json\/wp\/v2\/types\/post"}],"author":[{"embeddable":true,"href":"https:\/\/franciscanos.org.br\/noticias\/wp-json\/wp\/v2\/users\/11"}],"replies":[{"embeddable":true,"href":"https:\/\/franciscanos.org.br\/noticias\/wp-json\/wp\/v2\/comments?post=258622"}],"version-history":[{"count":7,"href":"https:\/\/franciscanos.org.br\/noticias\/wp-json\/wp\/v2\/posts\/258622\/revisions"}],"predecessor-version":[{"id":258638,"href":"https:\/\/franciscanos.org.br\/noticias\/wp-json\/wp\/v2\/posts\/258622\/revisions\/258638"}],"wp:featuredmedia":[{"embeddable":true,"href":"https:\/\/franciscanos.org.br\/noticias\/wp-json\/wp\/v2\/media\/258624"}],"wp:attachment":[{"href":"https:\/\/franciscanos.org.br\/noticias\/wp-json\/wp\/v2\/media?parent=258622"}],"wp:term":[{"taxonomy":"category","embeddable":true,"href":"https:\/\/franciscanos.org.br\/noticias\/wp-json\/wp\/v2\/categories?post=258622"},{"taxonomy":"post_tag","embeddable":true,"href":"https:\/\/franciscanos.org.br\/noticias\/wp-json\/wp\/v2\/tags?post=258622"}],"curies":[{"name":"wp","href":"https:\/\/api.w.org\/{rel}","templated":true}]}}