{"id":258603,"date":"2025-07-04T09:01:22","date_gmt":"2025-07-04T12:01:22","guid":{"rendered":"https:\/\/franciscanos.org.br\/noticias\/?p=258603"},"modified":"2025-07-08T09:01:49","modified_gmt":"2025-07-08T12:01:49","slug":"brasil-nunca-mais-completa-40-anos-e-ganha-edicao-comemorativa-da-editora-vozes","status":"publish","type":"post","link":"https:\/\/franciscanos.org.br\/noticias\/brasil-nunca-mais-completa-40-anos-e-ganha-edicao-comemorativa-da-editora-vozes.html","title":{"rendered":"\u201cBrasil: Nunca Mais\u201d completa 40 anos e ganha edi\u00e7\u00e3o comemorativa da Editora Vozes"},"content":{"rendered":"<p><em><img loading=\"lazy\" class=\"aligncenter wp-image-258605 size-full\" src=\"https:\/\/franciscanos.org.br\/noticias\/wp-content\/uploads\/2025\/07\/materia-livro.png\" alt=\"\" width=\"1280\" height=\"720\" srcset=\"https:\/\/franciscanos.org.br\/noticias\/wp-content\/uploads\/2025\/07\/materia-livro.png 1280w, https:\/\/franciscanos.org.br\/noticias\/wp-content\/uploads\/2025\/07\/materia-livro-450x253.png 450w, https:\/\/franciscanos.org.br\/noticias\/wp-content\/uploads\/2025\/07\/materia-livro-1024x576.png 1024w, https:\/\/franciscanos.org.br\/noticias\/wp-content\/uploads\/2025\/07\/materia-livro-768x432.png 768w, https:\/\/franciscanos.org.br\/noticias\/wp-content\/uploads\/2025\/07\/materia-livro-150x84.png 150w\" sizes=\"(max-width: 1280px) 100vw, 1280px\" \/><\/em><\/p>\n<p><em>Obra que denunciou as torturas do regime militar ser\u00e1 relan\u00e7ada em edi\u00e7\u00e3o especial com capa dura e novo projeto gr\u00e1fico<\/em><\/p>\n<p>Em julho de 2025, um dos livros mais importantes da hist\u00f3ria recente do Brasil completa 40 anos de lan\u00e7amento: <strong><em>Brasil: Nunca Mais<\/em><\/strong>. Para marcar a data, a Editora Vozes, respons\u00e1vel pela publica\u00e7\u00e3o da obra desde sua primeira edi\u00e7\u00e3o em 1985, lan\u00e7a uma edi\u00e7\u00e3o comemorativa, com projeto gr\u00e1fico reformulado, capa dura e novo tratamento editorial, reafirmando o compromisso com a preserva\u00e7\u00e3o da mem\u00f3ria hist\u00f3rica e dos direitos humanos.<\/p>\n<p>Organizado por <strong>Dom Paulo Evaristo Arns<\/strong>, o jurista <strong>H\u00e9lio Bicudo<\/strong> e o pastor <strong>Jaime Wright<\/strong>, <em>Brasil: Nunca Mais<\/em> \u00e9 fruto de um projeto realizado de forma clandestina durante os anos finais da ditadura militar, entre 1979 e 1985. O grupo acessou legalmente os arquivos do Superior Tribunal Militar (STM) e fez c\u00f3pias de mais de 700 mil p\u00e1ginas de processos, nos quais v\u00edtimas e testemunhas relataram torturas, pris\u00f5es arbitr\u00e1rias e outros crimes cometidos por agentes do Estado.<\/p>\n<p>Com base nesse vasto material documental, o livro revelou ao p\u00fablico nacional e internacional a dimens\u00e3o das viola\u00e7\u00f5es sistem\u00e1ticas dos direitos humanos no Brasil, se tornando um marco na redemocratiza\u00e7\u00e3o e na constru\u00e7\u00e3o de pol\u00edticas de mem\u00f3ria e justi\u00e7a.<\/p>\n<p>A publica\u00e7\u00e3o teve repercuss\u00e3o imediata: <em>Brasil: Nunca Mais<\/em> ficou 92 semanas na lista dos livros mais vendidos de n\u00e3o fic\u00e7\u00e3o no Brasil quando foi lan\u00e7ado, al\u00e9m de ter sido publicado simultaneamente no exterior como estrat\u00e9gia de prote\u00e7\u00e3o e visibilidade. A iniciativa inspirou projetos semelhantes em outros pa\u00edses da Am\u00e9rica Latina e ajudou a consolidar o debate sobre verdade, repara\u00e7\u00e3o e justi\u00e7a de transi\u00e7\u00e3o.<\/p>\n<p><strong>Curiosidades sobre o projeto:<\/strong><\/p>\n<ul>\n<li>O trabalho foi realizado em sigilo absoluto e recebeu o codinome de \u201cProjeto A\u201d.<\/li>\n<li>Os documentos copiados foram enviados para fora do Brasil e microfilmados nos Estados Unidos, para garantir sua seguran\u00e7a.<\/li>\n<li>A produ\u00e7\u00e3o contou com o apoio log\u00edstico da Arquidiocese de S\u00e3o Paulo, tornando-se um raro caso de coopera\u00e7\u00e3o entre igrejas crist\u00e3s e movimentos de direitos humanos durante a ditadura.<\/li>\n<li>A sistematiza\u00e7\u00e3o dos dados resultou em um dos primeiros grandes bancos de dados sobre viola\u00e7\u00f5es de direitos humanos na Am\u00e9rica Latina.<\/li>\n<\/ul>\n<p>A edi\u00e7\u00e3o comemorativa de 40 anos chega ao mercado reafirmando o papel de <em>Brasil: Nunca Mais<\/em> como documento hist\u00f3rico fundamental. Mais do que uma den\u00fancia, o livro representa um compromisso coletivo com a verdade, a justi\u00e7a e a n\u00e3o repeti\u00e7\u00e3o.<\/p>\n<p>A nova edi\u00e7\u00e3o ser\u00e1 lan\u00e7ada em um grande evento no Memorial da Resist\u00eancia, <strong>no dia 12 de julho<\/strong>, e vai contar com a presen\u00e7a de alguns autores do livro, como Paulo Vannuchi, Frei Betto e outros. Nesse mesmo evento tamb\u00e9m ser\u00e1 lan\u00e7ada a s\u00e9rie em podcast produzida por Camilo Vannuchi e a NAV Reportagens, contando os bastidores da investiga\u00e7\u00e3o que originou o livro e que foi a mais importante den\u00fancia p\u00fablica de tortura, desaparecimento for\u00e7ado e outras viola\u00e7\u00f5es de direitos nos 21 anos de ditadura militar.<\/p>\n<hr \/>\n<p><em>Priscilla Alves &#8211; Editora Vozes<\/em><\/p>\n","protected":false},"excerpt":{"rendered":"<p>Edi\u00e7\u00e3o comemorativa<\/p>\n","protected":false},"author":11,"featured_media":258604,"comment_status":"open","ping_status":"open","sticky":false,"template":"","format":"standard","meta":[],"categories":[1],"tags":[2381,238],"acf":[],"yoast_head":"<!-- This site is optimized with the Yoast SEO plugin v19.2 - https:\/\/yoast.com\/wordpress\/plugins\/seo\/ -->\n<title>\u201cBrasil: Nunca Mais\u201d completa 40 anos e ganha edi\u00e7\u00e3o comemorativa da Editora Vozes - Not\u00edcias - Franciscanos<\/title>\n<meta name=\"robots\" content=\"index, follow, max-snippet:-1, max-image-preview:large, max-video-preview:-1\" \/>\n<link rel=\"canonical\" href=\"https:\/\/franciscanos.org.br\/noticias\/brasil-nunca-mais-completa-40-anos-e-ganha-edicao-comemorativa-da-editora-vozes.html\" \/>\n<meta property=\"og:locale\" content=\"pt_BR\" \/>\n<meta property=\"og:type\" content=\"article\" \/>\n<meta property=\"og:title\" content=\"\u201cBrasil: Nunca Mais\u201d completa 40 anos e ganha edi\u00e7\u00e3o comemorativa da Editora Vozes - Not\u00edcias - Franciscanos\" \/>\n<meta property=\"og:description\" content=\"Edi\u00e7\u00e3o comemorativa\" \/>\n<meta property=\"og:url\" content=\"https:\/\/franciscanos.org.br\/noticias\/brasil-nunca-mais-completa-40-anos-e-ganha-edicao-comemorativa-da-editora-vozes.html\" \/>\n<meta property=\"og:site_name\" content=\"Not\u00edcias - Franciscanos\" \/>\n<meta property=\"article:published_time\" content=\"2025-07-04T12:01:22+00:00\" \/>\n<meta property=\"article:modified_time\" content=\"2025-07-08T12:01:49+00:00\" \/>\n<meta property=\"og:image\" content=\"https:\/\/franciscanos.org.br\/noticias\/wp-content\/uploads\/2025\/07\/chamada-livro.png\" \/>\n\t<meta property=\"og:image:width\" content=\"800\" \/>\n\t<meta property=\"og:image:height\" content=\"550\" \/>\n\t<meta property=\"og:image:type\" content=\"image\/png\" \/>\n<meta name=\"author\" content=\"Adriana Rabelo\" \/>\n<meta name=\"twitter:card\" content=\"summary_large_image\" \/>\n<meta name=\"twitter:label1\" content=\"Escrito por\" \/>\n\t<meta name=\"twitter:data1\" content=\"Adriana Rabelo\" \/>\n\t<meta name=\"twitter:label2\" content=\"Est. tempo de leitura\" \/>\n\t<meta name=\"twitter:data2\" content=\"3 minutos\" \/>\n<script type=\"application\/ld+json\" class=\"yoast-schema-graph\">{\"@context\":\"https:\/\/schema.org\",\"@graph\":[{\"@type\":\"WebSite\",\"@id\":\"https:\/\/franciscanos.org.br\/noticias\/#website\",\"url\":\"https:\/\/franciscanos.org.br\/noticias\/\",\"name\":\"Not\u00edcias - Franciscanos\",\"description\":\"Prov\u00edncia Franciscana da Imaculada Concei\u00e7\u00e3o do Brasil - Ordem dos Frades Menores - OFM\",\"potentialAction\":[{\"@type\":\"SearchAction\",\"target\":{\"@type\":\"EntryPoint\",\"urlTemplate\":\"https:\/\/franciscanos.org.br\/noticias\/?s={search_term_string}\"},\"query-input\":\"required name=search_term_string\"}],\"inLanguage\":\"pt-BR\"},{\"@type\":\"ImageObject\",\"inLanguage\":\"pt-BR\",\"@id\":\"https:\/\/franciscanos.org.br\/noticias\/brasil-nunca-mais-completa-40-anos-e-ganha-edicao-comemorativa-da-editora-vozes.html#primaryimage\",\"url\":\"https:\/\/franciscanos.org.br\/noticias\/wp-content\/uploads\/2025\/07\/chamada-livro.png\",\"contentUrl\":\"https:\/\/franciscanos.org.br\/noticias\/wp-content\/uploads\/2025\/07\/chamada-livro.png\",\"width\":800,\"height\":550},{\"@type\":\"WebPage\",\"@id\":\"https:\/\/franciscanos.org.br\/noticias\/brasil-nunca-mais-completa-40-anos-e-ganha-edicao-comemorativa-da-editora-vozes.html#webpage\",\"url\":\"https:\/\/franciscanos.org.br\/noticias\/brasil-nunca-mais-completa-40-anos-e-ganha-edicao-comemorativa-da-editora-vozes.html\",\"name\":\"\u201cBrasil: Nunca Mais\u201d completa 40 anos e ganha edi\u00e7\u00e3o comemorativa da Editora Vozes - Not\u00edcias - Franciscanos\",\"isPartOf\":{\"@id\":\"https:\/\/franciscanos.org.br\/noticias\/#website\"},\"primaryImageOfPage\":{\"@id\":\"https:\/\/franciscanos.org.br\/noticias\/brasil-nunca-mais-completa-40-anos-e-ganha-edicao-comemorativa-da-editora-vozes.html#primaryimage\"},\"datePublished\":\"2025-07-04T12:01:22+00:00\",\"dateModified\":\"2025-07-08T12:01:49+00:00\",\"author\":{\"@id\":\"https:\/\/franciscanos.org.br\/noticias\/#\/schema\/person\/d9422e83121c3ad3b0f423d195f5bb25\"},\"breadcrumb\":{\"@id\":\"https:\/\/franciscanos.org.br\/noticias\/brasil-nunca-mais-completa-40-anos-e-ganha-edicao-comemorativa-da-editora-vozes.html#breadcrumb\"},\"inLanguage\":\"pt-BR\",\"potentialAction\":[{\"@type\":\"ReadAction\",\"target\":[\"https:\/\/franciscanos.org.br\/noticias\/brasil-nunca-mais-completa-40-anos-e-ganha-edicao-comemorativa-da-editora-vozes.html\"]}]},{\"@type\":\"BreadcrumbList\",\"@id\":\"https:\/\/franciscanos.org.br\/noticias\/brasil-nunca-mais-completa-40-anos-e-ganha-edicao-comemorativa-da-editora-vozes.html#breadcrumb\",\"itemListElement\":[{\"@type\":\"ListItem\",\"position\":1,\"name\":\"Home\",\"item\":\"https:\/\/franciscanos.org.br\/noticias\"},{\"@type\":\"ListItem\",\"position\":2,\"name\":\"\u201cBrasil: Nunca Mais\u201d completa 40 anos e ganha edi\u00e7\u00e3o comemorativa da Editora Vozes\"}]},{\"@type\":\"Person\",\"@id\":\"https:\/\/franciscanos.org.br\/noticias\/#\/schema\/person\/d9422e83121c3ad3b0f423d195f5bb25\",\"name\":\"Adriana Rabelo\",\"image\":{\"@type\":\"ImageObject\",\"inLanguage\":\"pt-BR\",\"@id\":\"https:\/\/franciscanos.org.br\/noticias\/#\/schema\/person\/image\/\",\"url\":\"https:\/\/secure.gravatar.com\/avatar\/0a937b7500cd7df77540cfb8bede877d?s=96&d=mm&r=g\",\"contentUrl\":\"https:\/\/secure.gravatar.com\/avatar\/0a937b7500cd7df77540cfb8bede877d?s=96&d=mm&r=g\",\"caption\":\"Adriana Rabelo\"},\"url\":\"https:\/\/franciscanos.org.br\/noticias\/author\/adrianarabelo\"}]}<\/script>\n<!-- \/ Yoast SEO plugin. -->","yoast_head_json":{"title":"\u201cBrasil: Nunca Mais\u201d completa 40 anos e ganha edi\u00e7\u00e3o comemorativa da Editora Vozes - Not\u00edcias - Franciscanos","robots":{"index":"index","follow":"follow","max-snippet":"max-snippet:-1","max-image-preview":"max-image-preview:large","max-video-preview":"max-video-preview:-1"},"canonical":"https:\/\/franciscanos.org.br\/noticias\/brasil-nunca-mais-completa-40-anos-e-ganha-edicao-comemorativa-da-editora-vozes.html","og_locale":"pt_BR","og_type":"article","og_title":"\u201cBrasil: Nunca Mais\u201d completa 40 anos e ganha edi\u00e7\u00e3o comemorativa da Editora Vozes - Not\u00edcias - Franciscanos","og_description":"Edi\u00e7\u00e3o comemorativa","og_url":"https:\/\/franciscanos.org.br\/noticias\/brasil-nunca-mais-completa-40-anos-e-ganha-edicao-comemorativa-da-editora-vozes.html","og_site_name":"Not\u00edcias - Franciscanos","article_published_time":"2025-07-04T12:01:22+00:00","article_modified_time":"2025-07-08T12:01:49+00:00","og_image":[{"width":800,"height":550,"url":"https:\/\/franciscanos.org.br\/noticias\/wp-content\/uploads\/2025\/07\/chamada-livro.png","type":"image\/png"}],"author":"Adriana Rabelo","twitter_card":"summary_large_image","twitter_misc":{"Escrito por":"Adriana Rabelo","Est. tempo de leitura":"3 minutos"},"schema":{"@context":"https:\/\/schema.org","@graph":[{"@type":"WebSite","@id":"https:\/\/franciscanos.org.br\/noticias\/#website","url":"https:\/\/franciscanos.org.br\/noticias\/","name":"Not\u00edcias - Franciscanos","description":"Prov\u00edncia Franciscana da Imaculada Concei\u00e7\u00e3o do Brasil - Ordem dos Frades Menores - OFM","potentialAction":[{"@type":"SearchAction","target":{"@type":"EntryPoint","urlTemplate":"https:\/\/franciscanos.org.br\/noticias\/?s={search_term_string}"},"query-input":"required name=search_term_string"}],"inLanguage":"pt-BR"},{"@type":"ImageObject","inLanguage":"pt-BR","@id":"https:\/\/franciscanos.org.br\/noticias\/brasil-nunca-mais-completa-40-anos-e-ganha-edicao-comemorativa-da-editora-vozes.html#primaryimage","url":"https:\/\/franciscanos.org.br\/noticias\/wp-content\/uploads\/2025\/07\/chamada-livro.png","contentUrl":"https:\/\/franciscanos.org.br\/noticias\/wp-content\/uploads\/2025\/07\/chamada-livro.png","width":800,"height":550},{"@type":"WebPage","@id":"https:\/\/franciscanos.org.br\/noticias\/brasil-nunca-mais-completa-40-anos-e-ganha-edicao-comemorativa-da-editora-vozes.html#webpage","url":"https:\/\/franciscanos.org.br\/noticias\/brasil-nunca-mais-completa-40-anos-e-ganha-edicao-comemorativa-da-editora-vozes.html","name":"\u201cBrasil: Nunca Mais\u201d completa 40 anos e ganha edi\u00e7\u00e3o comemorativa da Editora Vozes - Not\u00edcias - Franciscanos","isPartOf":{"@id":"https:\/\/franciscanos.org.br\/noticias\/#website"},"primaryImageOfPage":{"@id":"https:\/\/franciscanos.org.br\/noticias\/brasil-nunca-mais-completa-40-anos-e-ganha-edicao-comemorativa-da-editora-vozes.html#primaryimage"},"datePublished":"2025-07-04T12:01:22+00:00","dateModified":"2025-07-08T12:01:49+00:00","author":{"@id":"https:\/\/franciscanos.org.br\/noticias\/#\/schema\/person\/d9422e83121c3ad3b0f423d195f5bb25"},"breadcrumb":{"@id":"https:\/\/franciscanos.org.br\/noticias\/brasil-nunca-mais-completa-40-anos-e-ganha-edicao-comemorativa-da-editora-vozes.html#breadcrumb"},"inLanguage":"pt-BR","potentialAction":[{"@type":"ReadAction","target":["https:\/\/franciscanos.org.br\/noticias\/brasil-nunca-mais-completa-40-anos-e-ganha-edicao-comemorativa-da-editora-vozes.html"]}]},{"@type":"BreadcrumbList","@id":"https:\/\/franciscanos.org.br\/noticias\/brasil-nunca-mais-completa-40-anos-e-ganha-edicao-comemorativa-da-editora-vozes.html#breadcrumb","itemListElement":[{"@type":"ListItem","position":1,"name":"Home","item":"https:\/\/franciscanos.org.br\/noticias"},{"@type":"ListItem","position":2,"name":"\u201cBrasil: Nunca Mais\u201d completa 40 anos e ganha edi\u00e7\u00e3o comemorativa da Editora Vozes"}]},{"@type":"Person","@id":"https:\/\/franciscanos.org.br\/noticias\/#\/schema\/person\/d9422e83121c3ad3b0f423d195f5bb25","name":"Adriana Rabelo","image":{"@type":"ImageObject","inLanguage":"pt-BR","@id":"https:\/\/franciscanos.org.br\/noticias\/#\/schema\/person\/image\/","url":"https:\/\/secure.gravatar.com\/avatar\/0a937b7500cd7df77540cfb8bede877d?s=96&d=mm&r=g","contentUrl":"https:\/\/secure.gravatar.com\/avatar\/0a937b7500cd7df77540cfb8bede877d?s=96&d=mm&r=g","caption":"Adriana Rabelo"},"url":"https:\/\/franciscanos.org.br\/noticias\/author\/adrianarabelo"}]}},"_links":{"self":[{"href":"https:\/\/franciscanos.org.br\/noticias\/wp-json\/wp\/v2\/posts\/258603"}],"collection":[{"href":"https:\/\/franciscanos.org.br\/noticias\/wp-json\/wp\/v2\/posts"}],"about":[{"href":"https:\/\/franciscanos.org.br\/noticias\/wp-json\/wp\/v2\/types\/post"}],"author":[{"embeddable":true,"href":"https:\/\/franciscanos.org.br\/noticias\/wp-json\/wp\/v2\/users\/11"}],"replies":[{"embeddable":true,"href":"https:\/\/franciscanos.org.br\/noticias\/wp-json\/wp\/v2\/comments?post=258603"}],"version-history":[{"count":3,"href":"https:\/\/franciscanos.org.br\/noticias\/wp-json\/wp\/v2\/posts\/258603\/revisions"}],"predecessor-version":[{"id":258608,"href":"https:\/\/franciscanos.org.br\/noticias\/wp-json\/wp\/v2\/posts\/258603\/revisions\/258608"}],"wp:featuredmedia":[{"embeddable":true,"href":"https:\/\/franciscanos.org.br\/noticias\/wp-json\/wp\/v2\/media\/258604"}],"wp:attachment":[{"href":"https:\/\/franciscanos.org.br\/noticias\/wp-json\/wp\/v2\/media?parent=258603"}],"wp:term":[{"taxonomy":"category","embeddable":true,"href":"https:\/\/franciscanos.org.br\/noticias\/wp-json\/wp\/v2\/categories?post=258603"},{"taxonomy":"post_tag","embeddable":true,"href":"https:\/\/franciscanos.org.br\/noticias\/wp-json\/wp\/v2\/tags?post=258603"}],"curies":[{"name":"wp","href":"https:\/\/api.w.org\/{rel}","templated":true}]}}