{"id":258573,"date":"2025-07-07T15:37:55","date_gmt":"2025-07-07T18:37:55","guid":{"rendered":"https:\/\/franciscanos.org.br\/noticias\/?p=258573"},"modified":"2025-07-08T08:09:43","modified_gmt":"2025-07-08T11:09:43","slug":"provincia-da-imaculada-em-unidade-com-a-igreja-e-o-mundo-sementes-de-paz-e-esperanca","status":"publish","type":"post","link":"https:\/\/franciscanos.org.br\/noticias\/provincia-da-imaculada-em-unidade-com-a-igreja-e-o-mundo-sementes-de-paz-e-esperanca.html","title":{"rendered":"Prov\u00edncia da Imaculada em unidade com a Igreja e o mundo: Sementes de paz e esperan\u00e7a"},"content":{"rendered":"<p><img loading=\"lazy\" class=\"aligncenter wp-image-258575 size-full\" src=\"https:\/\/franciscanos.org.br\/noticias\/wp-content\/uploads\/2025\/07\/materia-9.png\" alt=\"\" width=\"1280\" height=\"720\" srcset=\"https:\/\/franciscanos.org.br\/noticias\/wp-content\/uploads\/2025\/07\/materia-9.png 1280w, https:\/\/franciscanos.org.br\/noticias\/wp-content\/uploads\/2025\/07\/materia-9-450x253.png 450w, https:\/\/franciscanos.org.br\/noticias\/wp-content\/uploads\/2025\/07\/materia-9-1024x576.png 1024w, https:\/\/franciscanos.org.br\/noticias\/wp-content\/uploads\/2025\/07\/materia-9-768x432.png 768w, https:\/\/franciscanos.org.br\/noticias\/wp-content\/uploads\/2025\/07\/materia-9-150x84.png 150w\" sizes=\"(max-width: 1280px) 100vw, 1280px\" \/><\/p>\n<p>No \u00faltimo dia 2 de julho, o Vaticano divulgou a mensagem do Papa Le\u00e3o XIV para o 10\u00b0 Dia Mundial de Ora\u00e7\u00e3o pelo Cuidado da Cria\u00e7\u00e3o de 2025, que ser\u00e1 celebrado em 1\u00ba de setembro.<\/p>\n<p>A partir do tema \u201cSementes de paz e esperan\u00e7a&#8221;, em vista do ano jubilar que a Igreja est\u00e1 vivendo, o Pont\u00edfice inicia seu texto fazendo men\u00e7\u00e3o aos 10 anos da enc\u00edclica Laudato si\u2019, do Papa Francisco. Buscando inspira\u00e7\u00f5es no Evangelho e fazendo uso da met\u00e1fora da semente, considerada fonte de vida, plenitude, fecundidade e persist\u00eancia na luta pela sobreviv\u00eancia, tamb\u00e9m muito presente nos textos b\u00edblicos, o Santo Padre diz que: \u201cem Cristo tamb\u00e9m somos sementes de Paz e Esperan\u00e7a\u201d.<\/p>\n<p>Transitando pelos escritos do evangelista Jo\u00e3o (cf. Jo 12, 24), para citar o momento em que Jesus Cristo se associa a um gr\u00e3o de trigo \u00e0s v\u00e9speras de sua Paix\u00e3o; e o profeta Isa\u00edas (Is 32, 15-18), dizendo que o \u201cEsp\u00edrito de Deus \u00e9 capaz de transformar o deserto \u00e1rido e ressequido num jardim, num lugar de repouso e serenidade\u201d, Papa Le\u00e3o XIV faz de sua mensagem um apelo para o fortalecimento da conscientiza\u00e7\u00e3o do povo, a partir de a\u00e7\u00f5es evangelizadoras e concretas, que tenham como objetivo a transforma\u00e7\u00e3o da humanidade para a preserva\u00e7\u00e3o da Casa Comum e,\u00a0 consequentemente, da pr\u00f3pria exist\u00eancia humana.<\/p>\n<p>Inspirado tamb\u00e9m pela exorta\u00e7\u00e3o apost\u00f3lica Laudate Deum, o Pont\u00edfice, traz uma breve reflex\u00e3o sobre as crises mundiais que colocam a terra em risco de \u201ccair na ru\u00edna\u201d, apontando as impactantes viola\u00e7\u00f5es dos direitos internacionais e dos povos, as quest\u00f5es ambientais, as guerras, para dizer que:<\/p>\n<p>\u201cParece ainda haver uma falta de consci\u00eancia de que a destrui\u00e7\u00e3o da natureza n\u00e3o afeta todos da mesma forma: espezinhar a justi\u00e7a e a paz significa atingir principalmente os mais pobres, os marginalizados, os exclu\u00eddos. A este respeito, o sofrimento das comunidades ind\u00edgenas \u00e9 emblem\u00e1tico\u201d.<\/p>\n<p>Desta forma ela aproxima o divino do humano, no momento em que chama a humanidade para a responsabilidade para com o planeta, pedido par que interpretemos o Evangelho a partir da \u00f3tica de \u201ccultivar e guardar\u201d o jardim do mundo, protegendo, preservando, velando.<\/p>\n<p>Segundo o Papa, a justi\u00e7a ambiental vai al\u00e9m de um conceito abstrato ou um objetivo distante, pois \u00e9 uma a\u00e7\u00e3o urgente. Trata-se verdadeiramente \u201cde uma quest\u00e3o de justi\u00e7a social, econ\u00f4mica e antropol\u00f3gica. Para os que creem em Deus, al\u00e9m disso, \u00e9 uma exig\u00eancia teol\u00f3gica, que para os crist\u00e3os tem o rosto de Jesus Cristo, em quem tudo foi criado e redimido\u201d.<\/p>\n<p>Indo para o final de sua mensagem, Papa Le\u00e3o XIV volta a chamar a aten\u00e7\u00e3o para os impactos dos danos gerados na Casa Comum \u00e0 vida dos mais fr\u00e1geis, pois \u201cs\u00e3o os primeiros a sofrer os efeitos devastadores das altera\u00e7\u00f5es clim\u00e1ticas, do desflorestamento e da polui\u00e7\u00e3o\u201d. Segundo ele, \u201ccuidar da cria\u00e7\u00e3o torna-se uma quest\u00e3o de f\u00e9 e de humanidade\u201d.<\/p>\n<p>Ele refor\u00e7a o apelo para a continuidade de a\u00e7\u00f5es concretas a partir do seguimento da Palavra e cita as muitas sementes lan\u00e7adas pela Igreja, fazendo refer\u00eancia ao projeto \u201cBorgo Laudato si\u2019\u201d, criado pelo Papa Francisco com o objetivo de propagar os conceitos da ecologia integral por meio da educa\u00e7\u00e3o, aplicando os princ\u00edpios da Enc\u00edclica Laudato si\u2019, reafirmando a import\u00e2ncia desse documento, fonte de inspira\u00e7\u00e3o para a promo\u00e7\u00e3o e uma ecologia integral cada\u00a0 vez mais escolhida e partilhada como caminho a seguir para a multiplica\u00e7\u00e3o de sementes de esperan\u00e7a.<\/p>\n<p><a href=\"https:\/\/franciscanos.org.br\/banca\/wp-content\/uploads\/2025\/07\/20250630-messaggio-giornata-curacreato.pdf\"><span style=\"color: #0000ff;\"><strong>ACESSE AQUI A MENSAGEM DO PAPA LE\u00c3O XIV<\/strong><\/span><\/a><\/p>\n<h3><strong>Sementes de paz e esperan\u00e7a da Prov\u00edncia da Imaculada Concei\u00e7\u00e3o do Brasil<\/strong><\/h3>\n<p>Quando o Papa Le\u00e3o XIV apresenta em sua mensagem as diferentes a\u00e7\u00f5es da Igreja como sementes para a mudan\u00e7a na forma como nos relacionamos com o meio ambiente, chama-nos aten\u00e7\u00e3o tamb\u00e9m os diversos projetos realizados pelos frades franciscanos, membros da Ordem Terceira (OFS) e comunidades, no empenho de transformar realidades por meio de a\u00e7\u00f5es concretas \u00e0 luz do Evangelho.<\/p>\n<p>\u201cO reino de Deus \u00e9 como um homem que lan\u00e7a a semente \u00e0 terra. Dorme, levanta-se, de noite e de dia, a semente brita e cresce, sem ele o perceber. Pois a terra por si mesma produz, primeiro a planta, depois a espiga e, por \u00faltimo, o gr\u00e3o abundante na espiga. Quando o fruto amadurece, ele mete-lhe a foice, pois \u00e9 chegada a hora da colheita. \u201d (Mc 4, 26-29)<\/p>\n<p>Ant\u00f4nio Bispo dos Santos, popularmente conhecido como N\u00eago Bispo, fil\u00f3sofo, escritor, professor, l\u00edder quilombola disse em uma de suas palestras sobre o seu livro \u2018A terra d\u00e1, a terra quer\u2019, que \u201ca humanidade precisa aprender a se relacionar com o meio ambiente, pois \u00e9 ele quem cuida de n\u00f3s\u201d. Em sua simplicidade, N\u00eago Bispo repete, a partir de seu conhecimento, a mesma ess\u00eancia apresentada pelo evangelista Marcos.<\/p>\n<p>Papa Francisco nos deu de presente a Enc\u00edclica Laudato si\u2019 para nos mostrar que essa rela\u00e7\u00e3o com o ambiente \u00e9 poss\u00edvel e necess\u00e1ria de ser retomada, sem a arrog\u00e2ncia e a prepot\u00eancia do Homo sapiens, mas como criaturas de Deus.<\/p>\n<p>\u201cA Laudato si\u2019 n\u00e3o \u00e9 apenas uma carta apost\u00f3lica ou um documento, ela \u00e9 uma conscientiza\u00e7\u00e3o, pois Evangelizar \u00e9 conscientizar. O Papa Francisco revela em seu escrito a humanidade a partir do que ela \u00e9: criatura. Isso \u00e9 muito franciscano. Ser criatura com as criaturas. Para a Igreja, para a humanidade e para o planeta, essa Enc\u00edclica \u00e9 um resgate da grande virtude moderna: o cuidado. \u00a0E o que devemos cuidar? Do toda, da vida e de cada um de seus detalhes\u201d, disse Frei Vitorio Mazzuco, coordenador do N\u00facleo de Pastoral Universit\u00e1ria da USF.<\/p>\n<p>Segundo ele, a import\u00e2ncia da Laudato si\u2019 na eclesialidade \u00e9 porque ela vem recuperar a dimens\u00e3o forte de um carisma que, mesmo sem usar o tema, criou a mentalidade de uma ecologia integral, de pensar o mundo no seu todo. \u201cEla marca a ousadia de um Papa em escrever uma enc\u00edclica para sua Igreja, sem imaginar que ela poderia ultrapassar as fronteiras e atingir um mundo de crentes e n\u00e3o crentes, cat\u00f3licos e n\u00e3o cat\u00f3licos. \u00c9 uma enc\u00edclica ecum\u00eanica de di\u00e1logo inter-religioso, porque trabalha elementos que n\u00e3o est\u00e3o apenas no espa\u00e7o de uma hierarquia religiosa, mas est\u00e1 no quintal da nossa casa, no ar que respiramos, na vida que sentimos\u201d.<\/p>\n<p>Frei Vitorio ainda refor\u00e7ou que &#8220;ser Igreja como carisma franciscano \u00e9 reconstruir a casa da nossa identidade, a casa da \u00e9tica, dos valores dos princ\u00edpios e reconstruir o Oikos, ou seja, a casa que habitamos. Ser Igreja \u00e9 se preocupar com a unicidade das coisas e pela sua verdade. Sabemos que a terra \u00e9 \u00fanica e temos que cuidar daquilo que \u00e9 nosso. Papa Francisco veio resgatar dentro da Igreja e carisma franciscano\u201d.<\/p>\n<p>E foi justamente nesse despertar de consci\u00eancia que as a\u00e7\u00f5es franciscanas da Prov\u00edncia, ganharam ainda mais for\u00e7a, empenho e engajamento nos \u00faltimos anos.<\/p>\n<p>Diante da miss\u00e3o franciscana de difundir o Evangelho no seguimento de Jesus Cristo, a partir dos exemplos de S\u00e3o Francisco de Assis, as frentes de Evangeliza\u00e7\u00e3o buscam conflu\u00eancias entre a Palavra e as a\u00e7\u00f5es concretas, buscando a sintonia entre o esp\u00edrito e aquilo que \u00e9 terreno, ou seja, que integra a nossa rela\u00e7\u00e3o e nosso relacionamento com Deus, os outros e o mundo.<\/p>\n<h4><strong>Vivendo a ecologia integral na pr\u00e1tica<\/strong><\/h4>\n<p>\u201cNingu\u00e9m fica para semente\u201d, assim \u00e9 a express\u00e3o muito usada popularmente que significa que as pessoas n\u00e3o vivem para sempre, pois todos morrem. Sim! Sabemos que nossa vida neste mundo \u00e9 breve e que, um dia, todos partiremos para a vida eterna. Temos a consci\u00eancia de que n\u00e3o ficaremos nesta terra, mas podemos deixar sementes que, se bem cuidadas, podem render muitos e bons frutos no futuro, mesmo sem a nossa presen\u00e7a.<\/p>\n<p>Em sua hist\u00f3ria a Prov\u00edncia sempre se empenhou em propagar o carisma e a espiritualidade franciscana por meio de a\u00e7\u00f5es evangelizadoras e concretas que, como sementes, brotaram em solos f\u00e9rteis de seu territ\u00f3rio e em outras localidades.<\/p>\n<p>Ao longo de seus 350 anos, muitos frutos de caridade, solidariedade, compaix\u00e3o e amor ao pr\u00f3ximo foram colhidos. Da mesma forma, muitas foram as sementes lan\u00e7adas que impactaram diretamente na forma\u00e7\u00e3o intelectual de muitos leigos e religiosos, pelo fato de sempre estarem permeadas pela miss\u00e3o evangelizadora dos frades atuantes nas diferentes frentes de evangeliza\u00e7\u00e3o.<\/p>\n<p>Assim como o Papa Le\u00e3o tomou como refer\u00eancia o projeto \u201cBorgo Laudato si\u2019\u201d, neste texto vamos citar parte das a\u00e7\u00f5es concretas nos espa\u00e7os educacionais e sociais que cambem \u00e0s Frentes de Evangeliza\u00e7\u00e3o: Educa\u00e7\u00e3o e Solidariedade.<\/p>\n\n\t\t<style type=\"text\/css\">\n\t\t\t#gallery-1 {\n\t\t\t\tmargin: auto;\n\t\t\t}\n\t\t\t#gallery-1 .gallery-item {\n\t\t\t\tfloat: left;\n\t\t\t\tmargin-top: 10px;\n\t\t\t\ttext-align: center;\n\t\t\t\twidth: 25%;\n\t\t\t}\n\t\t\t#gallery-1 img {\n\t\t\t\tborder: 2px solid #cfcfcf;\n\t\t\t}\n\t\t\t#gallery-1 .gallery-caption {\n\t\t\t\tmargin-left: 0;\n\t\t\t}\n\t\t\t\/* see gallery_shortcode() in wp-includes\/media.php *\/\n\t\t<\/style>\n\t\t<div id='gallery-1' class='gallery galleryid-258573 gallery-columns-4 gallery-size-thumbnail'><dl class='gallery-item'>\n\t\t\t<dt class='gallery-icon landscape'>\n\t\t\t\t<a href='https:\/\/franciscanos.org.br\/noticias\/wp-content\/uploads\/2025\/07\/Pascoa-Solidaria-doacao-de-chocolates-2-scaled.jpg'><img width=\"300\" height=\"300\" src=\"https:\/\/franciscanos.org.br\/noticias\/wp-content\/uploads\/2025\/07\/Pascoa-Solidaria-doacao-de-chocolates-2-300x300.jpg\" class=\"attachment-thumbnail size-thumbnail\" alt=\"\" loading=\"lazy\" srcset=\"https:\/\/franciscanos.org.br\/noticias\/wp-content\/uploads\/2025\/07\/Pascoa-Solidaria-doacao-de-chocolates-2-300x300.jpg 300w, https:\/\/franciscanos.org.br\/noticias\/wp-content\/uploads\/2025\/07\/Pascoa-Solidaria-doacao-de-chocolates-2-100x100.jpg 100w\" sizes=\"(max-width: 300px) 100vw, 300px\" \/><\/a>\n\t\t\t<\/dt><\/dl><dl class='gallery-item'>\n\t\t\t<dt class='gallery-icon portrait'>\n\t\t\t\t<a href='https:\/\/franciscanos.org.br\/noticias\/wp-content\/uploads\/2025\/07\/Pascoa-Solidaria-doacao-de-chocolates-1-scaled.jpg'><img width=\"300\" height=\"300\" src=\"https:\/\/franciscanos.org.br\/noticias\/wp-content\/uploads\/2025\/07\/Pascoa-Solidaria-doacao-de-chocolates-1-300x300.jpg\" class=\"attachment-thumbnail size-thumbnail\" alt=\"\" loading=\"lazy\" srcset=\"https:\/\/franciscanos.org.br\/noticias\/wp-content\/uploads\/2025\/07\/Pascoa-Solidaria-doacao-de-chocolates-1-300x300.jpg 300w, https:\/\/franciscanos.org.br\/noticias\/wp-content\/uploads\/2025\/07\/Pascoa-Solidaria-doacao-de-chocolates-1-100x100.jpg 100w\" sizes=\"(max-width: 300px) 100vw, 300px\" \/><\/a>\n\t\t\t<\/dt><\/dl><dl class='gallery-item'>\n\t\t\t<dt class='gallery-icon landscape'>\n\t\t\t\t<a href='https:\/\/franciscanos.org.br\/noticias\/wp-content\/uploads\/2025\/07\/Senhor-Alfabeto_doacao-de-caixas-de-leite.jpg'><img width=\"300\" height=\"300\" src=\"https:\/\/franciscanos.org.br\/noticias\/wp-content\/uploads\/2025\/07\/Senhor-Alfabeto_doacao-de-caixas-de-leite-300x300.jpg\" class=\"attachment-thumbnail size-thumbnail\" alt=\"\" loading=\"lazy\" srcset=\"https:\/\/franciscanos.org.br\/noticias\/wp-content\/uploads\/2025\/07\/Senhor-Alfabeto_doacao-de-caixas-de-leite-300x300.jpg 300w, https:\/\/franciscanos.org.br\/noticias\/wp-content\/uploads\/2025\/07\/Senhor-Alfabeto_doacao-de-caixas-de-leite-100x100.jpg 100w\" sizes=\"(max-width: 300px) 100vw, 300px\" \/><\/a>\n\t\t\t<\/dt><\/dl><dl class='gallery-item'>\n\t\t\t<dt class='gallery-icon landscape'>\n\t\t\t\t<a href='https:\/\/franciscanos.org.br\/noticias\/wp-content\/uploads\/2025\/07\/Aulas-de-ingles-1-scaled.jpg'><img width=\"300\" height=\"300\" src=\"https:\/\/franciscanos.org.br\/noticias\/wp-content\/uploads\/2025\/07\/Aulas-de-ingles-1-300x300.jpg\" class=\"attachment-thumbnail size-thumbnail\" alt=\"\" loading=\"lazy\" srcset=\"https:\/\/franciscanos.org.br\/noticias\/wp-content\/uploads\/2025\/07\/Aulas-de-ingles-1-300x300.jpg 300w, https:\/\/franciscanos.org.br\/noticias\/wp-content\/uploads\/2025\/07\/Aulas-de-ingles-1-100x100.jpg 100w\" sizes=\"(max-width: 300px) 100vw, 300px\" \/><\/a>\n\t\t\t<\/dt><\/dl><br style=\"clear: both\" \/>\n\t\t<\/div>\n\n<p>O Grupo Educacional Bom Jesus, presente nos Estados do Paran\u00e1, Santa Catarina, Rio Grande do Sul, Rio de Janeiro e S\u00e3o Paulo, tem um papel hist\u00f3rico de compromisso com a sociedade, que se destaca tamb\u00e9m por a\u00e7\u00f5es junto \u00e0 comunidade voltadas ao carisma franciscano, base tamb\u00e9m da Enc\u00edclica Laudato si\u2019.<\/p>\n<p>Da mesma forma, a <strong>FAE\u2013 Centro Universit\u00e1rio e a Universidade S\u00e3o Francisco (USF)<\/strong> tamb\u00e9m lan\u00e7ou sementes que romperam as barreiras do tempo e geraram frutos a favor do Cuidado com a Cria\u00e7\u00e3o.<\/p>\n<p>Na mensagem de abertura do Relat\u00f3rio Social do Grupo Educacional, o Presidente, Frei Jo\u00e3o Mannes, explicou:<\/p>\n<p>\u201cOs projetos <strong>Bom Jesus Social<\/strong> e <strong>FAE Social<\/strong> se inspiram em Francisco de Assis que, impulsionado pela for\u00e7a divina e pelo amor misericordioso de Jesus Cristo aos pobres e doentes, n\u00e3o ficou indiferente diante do sofrimento de pessoas que vivenciam algum tipo de desamparo por parte da sociedade\u201d.<\/p>\n<p>O frade ainda esclareceu que todas as atividades desenvolvidas nos projetos materializam um dos aspectos essenciais da miss\u00e3o educadora do Grupo Educacional Bom Jesus, j\u00e1 que contribuem efetivamente para a constru\u00e7\u00e3o de um humanismo integral e solid\u00e1rio e, em consequ\u00eancia, para a transforma\u00e7\u00e3o da sociedade. Ele ainda salientou que, al\u00e9m de inspirar-se nos valores e atitudes franciscanas, o grupo \u00e9 signat\u00e1rio do Pacto Global das Na\u00e7\u00f5es Unidas (ONU), de modo que a Institui\u00e7\u00e3o tamb\u00e9m est\u00e1 alinhada com os princ\u00edpios desse Pacto, que refor\u00e7am nosso prop\u00f3sito de construir um mundo mais justo, pr\u00f3spero, solid\u00e1rio, sustent\u00e1vel e feliz.<\/p>\n<p>S\u00e3o a\u00e7\u00f5es voltadas \u00e0 comunidade, aos estudantes e trabalhadores das quase 40 unidades, que t\u00eam como principal objetivo a promo\u00e7\u00e3o da vida, em todas as suas esferas e da dignidade humana, a partir de princ\u00edpios crist\u00e3os de amor ao pr\u00f3ximo e a todas as criaturas.<\/p>\n\n\t\t<style type=\"text\/css\">\n\t\t\t#gallery-2 {\n\t\t\t\tmargin: auto;\n\t\t\t}\n\t\t\t#gallery-2 .gallery-item {\n\t\t\t\tfloat: left;\n\t\t\t\tmargin-top: 10px;\n\t\t\t\ttext-align: center;\n\t\t\t\twidth: 25%;\n\t\t\t}\n\t\t\t#gallery-2 img {\n\t\t\t\tborder: 2px solid #cfcfcf;\n\t\t\t}\n\t\t\t#gallery-2 .gallery-caption {\n\t\t\t\tmargin-left: 0;\n\t\t\t}\n\t\t\t\/* see gallery_shortcode() in wp-includes\/media.php *\/\n\t\t<\/style>\n\t\t<div id='gallery-2' class='gallery galleryid-258573 gallery-columns-4 gallery-size-thumbnail'><dl class='gallery-item'>\n\t\t\t<dt class='gallery-icon landscape'>\n\t\t\t\t<a href='https:\/\/franciscanos.org.br\/noticias\/wp-content\/uploads\/2025\/07\/WhatsApp-Image-2025-07-03-at-15.34.45.jpeg'><img width=\"300\" height=\"300\" src=\"https:\/\/franciscanos.org.br\/noticias\/wp-content\/uploads\/2025\/07\/WhatsApp-Image-2025-07-03-at-15.34.45-300x300.jpeg\" class=\"attachment-thumbnail size-thumbnail\" alt=\"\" loading=\"lazy\" srcset=\"https:\/\/franciscanos.org.br\/noticias\/wp-content\/uploads\/2025\/07\/WhatsApp-Image-2025-07-03-at-15.34.45-300x300.jpeg 300w, https:\/\/franciscanos.org.br\/noticias\/wp-content\/uploads\/2025\/07\/WhatsApp-Image-2025-07-03-at-15.34.45-100x100.jpeg 100w\" sizes=\"(max-width: 300px) 100vw, 300px\" \/><\/a>\n\t\t\t<\/dt><\/dl><dl class='gallery-item'>\n\t\t\t<dt class='gallery-icon landscape'>\n\t\t\t\t<a href='https:\/\/franciscanos.org.br\/noticias\/wp-content\/uploads\/2025\/07\/WhatsApp-Image-2025-07-03-at-15.34.45-2.jpeg'><img width=\"300\" height=\"300\" src=\"https:\/\/franciscanos.org.br\/noticias\/wp-content\/uploads\/2025\/07\/WhatsApp-Image-2025-07-03-at-15.34.45-2-300x300.jpeg\" class=\"attachment-thumbnail size-thumbnail\" alt=\"\" loading=\"lazy\" srcset=\"https:\/\/franciscanos.org.br\/noticias\/wp-content\/uploads\/2025\/07\/WhatsApp-Image-2025-07-03-at-15.34.45-2-300x300.jpeg 300w, https:\/\/franciscanos.org.br\/noticias\/wp-content\/uploads\/2025\/07\/WhatsApp-Image-2025-07-03-at-15.34.45-2-100x100.jpeg 100w\" sizes=\"(max-width: 300px) 100vw, 300px\" \/><\/a>\n\t\t\t<\/dt><\/dl><dl class='gallery-item'>\n\t\t\t<dt class='gallery-icon landscape'>\n\t\t\t\t<a href='https:\/\/franciscanos.org.br\/noticias\/wp-content\/uploads\/2025\/07\/WhatsApp-Image-2025-07-03-at-15.34.45-3.jpeg'><img width=\"300\" height=\"300\" src=\"https:\/\/franciscanos.org.br\/noticias\/wp-content\/uploads\/2025\/07\/WhatsApp-Image-2025-07-03-at-15.34.45-3-300x300.jpeg\" class=\"attachment-thumbnail size-thumbnail\" alt=\"\" loading=\"lazy\" srcset=\"https:\/\/franciscanos.org.br\/noticias\/wp-content\/uploads\/2025\/07\/WhatsApp-Image-2025-07-03-at-15.34.45-3-300x300.jpeg 300w, https:\/\/franciscanos.org.br\/noticias\/wp-content\/uploads\/2025\/07\/WhatsApp-Image-2025-07-03-at-15.34.45-3-100x100.jpeg 100w\" sizes=\"(max-width: 300px) 100vw, 300px\" \/><\/a>\n\t\t\t<\/dt><\/dl><dl class='gallery-item'>\n\t\t\t<dt class='gallery-icon landscape'>\n\t\t\t\t<a href='https:\/\/franciscanos.org.br\/noticias\/wp-content\/uploads\/2025\/07\/WhatsApp-Image-2025-07-03-at-15.37.30.jpeg'><img width=\"300\" height=\"300\" src=\"https:\/\/franciscanos.org.br\/noticias\/wp-content\/uploads\/2025\/07\/WhatsApp-Image-2025-07-03-at-15.37.30-300x300.jpeg\" class=\"attachment-thumbnail size-thumbnail\" alt=\"\" loading=\"lazy\" srcset=\"https:\/\/franciscanos.org.br\/noticias\/wp-content\/uploads\/2025\/07\/WhatsApp-Image-2025-07-03-at-15.37.30-300x300.jpeg 300w, https:\/\/franciscanos.org.br\/noticias\/wp-content\/uploads\/2025\/07\/WhatsApp-Image-2025-07-03-at-15.37.30-100x100.jpeg 100w\" sizes=\"(max-width: 300px) 100vw, 300px\" \/><\/a>\n\t\t\t<\/dt><\/dl><br style=\"clear: both\" \/>\n\t\t<\/div>\n\n<p>No meio universit\u00e1rio, a <strong>USF<\/strong> tamb\u00e9m tem desempenhado importantes a\u00e7\u00f5es sociais, com seus alunos e professores, junto \u00e0 comunidade, mas tamb\u00e9m est\u00e1 fortemente presente nas atividades evangelizadores e catequ\u00e9ticas.<\/p>\n<p>Segundo o professor Lucas da Silveira Andrade, coordenador do N\u00facleo Rela\u00e7\u00f5es Internacionais e Hist\u00f3ria, bem como assessor para as a\u00e7\u00f5es sociais e eclesiais da institui\u00e7\u00e3o, ao longo de 2024 e 2025, a USF tem intensificado sua caminhada em torno da Ecologia Integral, por meio do Projeto Interuniversit\u00e1rio Jornada Laudato si&#8217;. \u201cTrata-se de uma proposta que n\u00e3o nasce do nada, mas ecoa processos formativos e experi\u00eancias j\u00e1 vivas na universidade, como os projetos de extens\u00e3o, entre eles o Projeto Rondon, e as iniciativas de integra\u00e7\u00e3o com comunidades locais. Essa jornada vem potencializando o protagonismo estudantil e docente em temas que tocam diretamente o nosso tempo: o cuidado com a vida, com a Casa Comum e com as rela\u00e7\u00f5es humanas\u201d, explicou.<\/p>\n<p>O docente mencionou a\u00e7\u00f5es como as participa\u00e7\u00f5es nas reuni\u00f5es da Sub-Regi\u00e3o Pastoral 1 da CNBB Regional Sul 1. A partir desses encontros, foi formada uma equipe interna para pensar uma proposta institucional conectada aos princ\u00edpios da ecologia integral, com a participa\u00e7\u00e3o do professor Allan da Silva Coelho e do Frei Thiago Alexandre Hayakawa. O resultado o encontro formativo e a abertura da Campanha da Fraternidade 2025, promovida pela Diocese de Bragan\u00e7a Paulista, no Campus da USF.<\/p>\n<p>A Semana Laudato Si&#8217;, realizada virtualmente, foi outro momento forte das atividades programadas, al\u00e9m das atividades voltadas \u00e0 forma\u00e7\u00e3o pedag\u00f3gica, previstas para o segundo semestre. Professor Lucas ressaltou que todo esse processo tem contado com o apoio e incentivo do Frei Daniel Dellandrea, OFM, Diretor-Presidente da CNSP-ASF, e do Frei Alvaci Mendes da Luz, OFM, Reitor da USF, al\u00e9m pr\u00f3-reitor de Ensino, Pesquisa e Extens\u00e3o, professor Dilnei Giseli Lorenzi, que reafirmam a import\u00e2ncia estrat\u00e9gica do projeto para a miss\u00e3o institucional da universidade e para a constru\u00e7\u00e3o de um caminho formativo que una f\u00e9, ci\u00eancia e compromisso socioambiental.<\/p>\n<p>De acordo com Frei Vitorio Mazzuco, em vista dos cuidados com a cria\u00e7\u00e3o, a Pastoral Universit\u00e1rio da USF procura evidenciar que \u201ca nossa Casa Comum \u00e9 a nossa Causa Comum\u201d, e que o dom de existir est\u00e1 nesta casa, onde devemos nos sentir bem e cuidar com harmonia.<\/p>\n<p>Ele mencionou que a universidade, dentro de seus planejamentos estrat\u00e9gicos desenvolve a\u00e7\u00f5es voltadas \u00e0 reciclagem e \u00e0 quest\u00e3o ambiental. Mas, a Pastoral procura mostrar que estar no mundo \u00e9 refazer o cuidado com a vida como um itiner\u00e1rio de exist\u00eancia. \u201cTudo \u00e9 um caminho que sai e retorna para o lugar sagrado, assim o livro do G\u00eanesis que nos revela um movimento do esp\u00edrito para compreender a realidade\u201d.<\/p>\n<p>Na esfera de a\u00e7\u00f5es junto \u00e0 comunidade tamb\u00e9m s\u00e3o desenvolvidos trabalhos de atendimento nos quais alunos e professores, por meios de projetos pedag\u00f3gicos de extens\u00e3o, promovem atendimentos nas diferentes \u00e1reas de forma\u00e7\u00e3o oferecidas pela institui\u00e7\u00e3o.<\/p>\n<p><strong>Esperan\u00e7a e caridade<\/strong><\/p>\n<p>Podemos afirmar que a Prov\u00edncia da Imaculada vive em sua ess\u00eancia as chagas de S\u00e3o Francisco de Assis, amando sem ser amado, pois assim exerce o dom da gratuidade a favor da vida, da paz e do bem.<\/p>\n<p>O Sefras <strong>\u2013<\/strong> A\u00e7\u00e3o Social Franciscana, \u00e9 uma organiza\u00e7\u00e3o social que tem como miss\u00e3o acolher, cuidar e defender os mais vulner\u00e1veis, provendo a justi\u00e7a socioambiental \u00e0 luz dos valores franciscanos. Essa descri\u00e7\u00e3o objetiva que envolve as a\u00e7\u00f5es que impactam a vida de milhares de pessoas, est\u00e1 presente no texto do Frei Vagner Sassi, Diretor-presidente da organiza\u00e7\u00e3o, no material que apresenta a &#8220;Fundamenta\u00e7\u00e3o do Trabalho Socioeducativo&#8221;.<\/p>\n\n\t\t<style type=\"text\/css\">\n\t\t\t#gallery-3 {\n\t\t\t\tmargin: auto;\n\t\t\t}\n\t\t\t#gallery-3 .gallery-item {\n\t\t\t\tfloat: left;\n\t\t\t\tmargin-top: 10px;\n\t\t\t\ttext-align: center;\n\t\t\t\twidth: 25%;\n\t\t\t}\n\t\t\t#gallery-3 img {\n\t\t\t\tborder: 2px solid #cfcfcf;\n\t\t\t}\n\t\t\t#gallery-3 .gallery-caption {\n\t\t\t\tmargin-left: 0;\n\t\t\t}\n\t\t\t\/* see gallery_shortcode() in wp-includes\/media.php *\/\n\t\t<\/style>\n\t\t<div id='gallery-3' class='gallery galleryid-258573 gallery-columns-4 gallery-size-thumbnail'><dl class='gallery-item'>\n\t\t\t<dt class='gallery-icon landscape'>\n\t\t\t\t<a href='https:\/\/franciscanos.org.br\/noticias\/wp-content\/uploads\/2025\/07\/IMG_1605.jpg'><img width=\"300\" height=\"300\" src=\"https:\/\/franciscanos.org.br\/noticias\/wp-content\/uploads\/2025\/07\/IMG_1605-300x300.jpg\" class=\"attachment-thumbnail size-thumbnail\" alt=\"\" loading=\"lazy\" srcset=\"https:\/\/franciscanos.org.br\/noticias\/wp-content\/uploads\/2025\/07\/IMG_1605-300x300.jpg 300w, https:\/\/franciscanos.org.br\/noticias\/wp-content\/uploads\/2025\/07\/IMG_1605-100x100.jpg 100w\" sizes=\"(max-width: 300px) 100vw, 300px\" \/><\/a>\n\t\t\t<\/dt><\/dl><dl class='gallery-item'>\n\t\t\t<dt class='gallery-icon portrait'>\n\t\t\t\t<a href='https:\/\/franciscanos.org.br\/noticias\/wp-content\/uploads\/2025\/07\/IMG_5387-scaled.jpg'><img width=\"300\" height=\"300\" src=\"https:\/\/franciscanos.org.br\/noticias\/wp-content\/uploads\/2025\/07\/IMG_5387-300x300.jpg\" class=\"attachment-thumbnail size-thumbnail\" alt=\"\" loading=\"lazy\" srcset=\"https:\/\/franciscanos.org.br\/noticias\/wp-content\/uploads\/2025\/07\/IMG_5387-300x300.jpg 300w, https:\/\/franciscanos.org.br\/noticias\/wp-content\/uploads\/2025\/07\/IMG_5387-100x100.jpg 100w\" sizes=\"(max-width: 300px) 100vw, 300px\" \/><\/a>\n\t\t\t<\/dt><\/dl><dl class='gallery-item'>\n\t\t\t<dt class='gallery-icon portrait'>\n\t\t\t\t<a href='https:\/\/franciscanos.org.br\/noticias\/wp-content\/uploads\/2025\/07\/IMG_3038.jpg'><img width=\"300\" height=\"300\" src=\"https:\/\/franciscanos.org.br\/noticias\/wp-content\/uploads\/2025\/07\/IMG_3038-300x300.jpg\" class=\"attachment-thumbnail size-thumbnail\" alt=\"\" loading=\"lazy\" srcset=\"https:\/\/franciscanos.org.br\/noticias\/wp-content\/uploads\/2025\/07\/IMG_3038-300x300.jpg 300w, https:\/\/franciscanos.org.br\/noticias\/wp-content\/uploads\/2025\/07\/IMG_3038-100x100.jpg 100w\" sizes=\"(max-width: 300px) 100vw, 300px\" \/><\/a>\n\t\t\t<\/dt><\/dl><dl class='gallery-item'>\n\t\t\t<dt class='gallery-icon portrait'>\n\t\t\t\t<a href='https:\/\/franciscanos.org.br\/noticias\/wp-content\/uploads\/2025\/07\/01-scaled.jpg'><img width=\"300\" height=\"300\" src=\"https:\/\/franciscanos.org.br\/noticias\/wp-content\/uploads\/2025\/07\/01-300x300.jpg\" class=\"attachment-thumbnail size-thumbnail\" alt=\"\" loading=\"lazy\" srcset=\"https:\/\/franciscanos.org.br\/noticias\/wp-content\/uploads\/2025\/07\/01-300x300.jpg 300w, https:\/\/franciscanos.org.br\/noticias\/wp-content\/uploads\/2025\/07\/01-100x100.jpg 100w\" sizes=\"(max-width: 300px) 100vw, 300px\" \/><\/a>\n\t\t\t<\/dt><\/dl><br style=\"clear: both\" \/>\n\t\t<\/div>\n\n<p>O frade esclarece que para atingir seus objetivos o Sefras promove, entre outras a\u00e7\u00f5es com projetos voltados para pessoas em situa\u00e7\u00e3o de vulnerabilidade como: idosos, crian\u00e7as, adolescentes pessoas em situa\u00e7\u00e3o de rua ou que sofrem a viol\u00eancia do preconceito e migrantes.<\/p>\n<p>O ponto de partida para engrandecimento da figura humana, do ambiente, com olhar para o Cuidado da Cria\u00e7\u00e3o a favor da vida em sua plenitude, o Sefras desenvolve um trabalho Socioeducativo, que perante as compreens\u00f5es fragmentadas e reducionistas do ser humano, parte de uma antropologia que traduz em um humanismo integral e solid\u00e1rio. Segundo o material de orienta\u00e7\u00e3o, \u201ceste define-se como \u2018um humanismo \u00e0 altura do des\u00edgnio de amor de Deus sobre a hist\u00f3ria, capaz de animar uma nova ordem social, econ\u00f4mica e pol\u00edtica, fundada na dignidade e na liberdade de toda a pessoa humana, a se realizar na paz e na solidariedade\u2019 (DSI, n.19,p.14)\u201d.<\/p>\n<p>Tomando como refer\u00eancia a cita\u00e7\u00e3o do Papa Le\u00e3o XIV, trouxemos alguns exemplos de a\u00e7\u00f5es concretas da Prov\u00edncia da Imaculada Concei\u00e7\u00e3o do Brasil, sabendo que no territ\u00f3rio provincial outras inciativas inspiradas tamb\u00e9m pela Enc\u00edclica Laudato si&#8217;, que visam promover a educa\u00e7\u00e3o em ecologia integral e a sustentabilidade, est\u00e3o em execu\u00e7\u00e3o. Todas cumprem a miss\u00e3o de propagar o Evangelho por meio de obras que visam a valoriza\u00e7\u00e3o da vida e do meio ambiente.<\/p>\n<p>Sabemos que estamos unidos a toda a cria\u00e7\u00e3o, pois tamb\u00e9m somos criaturas de Deus e, como sementes, temos a miss\u00e3o de germinar, florescer e gerar frutos de paz e esperan\u00e7a.<\/p>\n<p><a href=\"https:\/\/franciscanos.org.br\/banca\/wp-content\/uploads\/2025\/07\/papa-francesco_20150524_enciclica-laudato-si.pdf\"><span style=\"color: #0000ff;\"><strong>ACESSE A ENC\u00cdCLICA LAUDATO SI&#8217;<\/strong><\/span><\/a><\/p>\n<hr \/>\n<p><em>Adriana Rabelo Rodrigues<\/em><\/p>\n","protected":false},"excerpt":{"rendered":"<p>Ecologia integral na pr\u00e1tica<\/p>\n","protected":false},"author":11,"featured_media":258574,"comment_status":"open","ping_status":"open","sticky":false,"template":"","format":"standard","meta":[],"categories":[1],"tags":[1229,2186,1116,701,228,354],"acf":[],"yoast_head":"<!-- This site is optimized with the Yoast SEO plugin v19.2 - https:\/\/yoast.com\/wordpress\/plugins\/seo\/ -->\n<title>Prov\u00edncia da Imaculada em unidade com a Igreja e o mundo: Sementes de paz e esperan\u00e7a - Not\u00edcias - Franciscanos<\/title>\n<meta name=\"robots\" content=\"index, follow, max-snippet:-1, max-image-preview:large, max-video-preview:-1\" \/>\n<link rel=\"canonical\" href=\"https:\/\/franciscanos.org.br\/noticias\/provincia-da-imaculada-em-unidade-com-a-igreja-e-o-mundo-sementes-de-paz-e-esperanca.html\" \/>\n<meta property=\"og:locale\" content=\"pt_BR\" \/>\n<meta property=\"og:type\" content=\"article\" \/>\n<meta property=\"og:title\" content=\"Prov\u00edncia da Imaculada em unidade com a Igreja e o mundo: Sementes de paz e esperan\u00e7a - Not\u00edcias - Franciscanos\" \/>\n<meta property=\"og:description\" content=\"Ecologia integral na pr\u00e1tica\" \/>\n<meta property=\"og:url\" content=\"https:\/\/franciscanos.org.br\/noticias\/provincia-da-imaculada-em-unidade-com-a-igreja-e-o-mundo-sementes-de-paz-e-esperanca.html\" \/>\n<meta property=\"og:site_name\" content=\"Not\u00edcias - Franciscanos\" \/>\n<meta property=\"article:published_time\" content=\"2025-07-07T18:37:55+00:00\" \/>\n<meta property=\"article:modified_time\" content=\"2025-07-08T11:09:43+00:00\" \/>\n<meta property=\"og:image\" content=\"https:\/\/franciscanos.org.br\/noticias\/wp-content\/uploads\/2025\/07\/chamada-6.png\" \/>\n\t<meta property=\"og:image:width\" content=\"800\" \/>\n\t<meta property=\"og:image:height\" content=\"550\" \/>\n\t<meta property=\"og:image:type\" content=\"image\/png\" \/>\n<meta name=\"author\" content=\"Adriana Rabelo\" \/>\n<meta name=\"twitter:card\" content=\"summary_large_image\" \/>\n<meta name=\"twitter:label1\" content=\"Escrito por\" \/>\n\t<meta name=\"twitter:data1\" content=\"Adriana Rabelo\" \/>\n\t<meta name=\"twitter:label2\" content=\"Est. tempo de leitura\" \/>\n\t<meta name=\"twitter:data2\" content=\"15 minutos\" \/>\n<script type=\"application\/ld+json\" class=\"yoast-schema-graph\">{\"@context\":\"https:\/\/schema.org\",\"@graph\":[{\"@type\":\"WebSite\",\"@id\":\"https:\/\/franciscanos.org.br\/noticias\/#website\",\"url\":\"https:\/\/franciscanos.org.br\/noticias\/\",\"name\":\"Not\u00edcias - Franciscanos\",\"description\":\"Prov\u00edncia Franciscana da Imaculada Concei\u00e7\u00e3o do Brasil - Ordem dos Frades Menores - OFM\",\"potentialAction\":[{\"@type\":\"SearchAction\",\"target\":{\"@type\":\"EntryPoint\",\"urlTemplate\":\"https:\/\/franciscanos.org.br\/noticias\/?s={search_term_string}\"},\"query-input\":\"required name=search_term_string\"}],\"inLanguage\":\"pt-BR\"},{\"@type\":\"ImageObject\",\"inLanguage\":\"pt-BR\",\"@id\":\"https:\/\/franciscanos.org.br\/noticias\/provincia-da-imaculada-em-unidade-com-a-igreja-e-o-mundo-sementes-de-paz-e-esperanca.html#primaryimage\",\"url\":\"https:\/\/franciscanos.org.br\/noticias\/wp-content\/uploads\/2025\/07\/chamada-6.png\",\"contentUrl\":\"https:\/\/franciscanos.org.br\/noticias\/wp-content\/uploads\/2025\/07\/chamada-6.png\",\"width\":800,\"height\":550},{\"@type\":\"WebPage\",\"@id\":\"https:\/\/franciscanos.org.br\/noticias\/provincia-da-imaculada-em-unidade-com-a-igreja-e-o-mundo-sementes-de-paz-e-esperanca.html#webpage\",\"url\":\"https:\/\/franciscanos.org.br\/noticias\/provincia-da-imaculada-em-unidade-com-a-igreja-e-o-mundo-sementes-de-paz-e-esperanca.html\",\"name\":\"Prov\u00edncia da Imaculada em unidade com a Igreja e o mundo: Sementes de paz e esperan\u00e7a - Not\u00edcias - Franciscanos\",\"isPartOf\":{\"@id\":\"https:\/\/franciscanos.org.br\/noticias\/#website\"},\"primaryImageOfPage\":{\"@id\":\"https:\/\/franciscanos.org.br\/noticias\/provincia-da-imaculada-em-unidade-com-a-igreja-e-o-mundo-sementes-de-paz-e-esperanca.html#primaryimage\"},\"datePublished\":\"2025-07-07T18:37:55+00:00\",\"dateModified\":\"2025-07-08T11:09:43+00:00\",\"author\":{\"@id\":\"https:\/\/franciscanos.org.br\/noticias\/#\/schema\/person\/d9422e83121c3ad3b0f423d195f5bb25\"},\"breadcrumb\":{\"@id\":\"https:\/\/franciscanos.org.br\/noticias\/provincia-da-imaculada-em-unidade-com-a-igreja-e-o-mundo-sementes-de-paz-e-esperanca.html#breadcrumb\"},\"inLanguage\":\"pt-BR\",\"potentialAction\":[{\"@type\":\"ReadAction\",\"target\":[\"https:\/\/franciscanos.org.br\/noticias\/provincia-da-imaculada-em-unidade-com-a-igreja-e-o-mundo-sementes-de-paz-e-esperanca.html\"]}]},{\"@type\":\"BreadcrumbList\",\"@id\":\"https:\/\/franciscanos.org.br\/noticias\/provincia-da-imaculada-em-unidade-com-a-igreja-e-o-mundo-sementes-de-paz-e-esperanca.html#breadcrumb\",\"itemListElement\":[{\"@type\":\"ListItem\",\"position\":1,\"name\":\"Home\",\"item\":\"https:\/\/franciscanos.org.br\/noticias\"},{\"@type\":\"ListItem\",\"position\":2,\"name\":\"Prov\u00edncia da Imaculada em unidade com a Igreja e o mundo: Sementes de paz e esperan\u00e7a\"}]},{\"@type\":\"Person\",\"@id\":\"https:\/\/franciscanos.org.br\/noticias\/#\/schema\/person\/d9422e83121c3ad3b0f423d195f5bb25\",\"name\":\"Adriana Rabelo\",\"image\":{\"@type\":\"ImageObject\",\"inLanguage\":\"pt-BR\",\"@id\":\"https:\/\/franciscanos.org.br\/noticias\/#\/schema\/person\/image\/\",\"url\":\"https:\/\/secure.gravatar.com\/avatar\/0a937b7500cd7df77540cfb8bede877d?s=96&d=mm&r=g\",\"contentUrl\":\"https:\/\/secure.gravatar.com\/avatar\/0a937b7500cd7df77540cfb8bede877d?s=96&d=mm&r=g\",\"caption\":\"Adriana Rabelo\"},\"url\":\"https:\/\/franciscanos.org.br\/noticias\/author\/adrianarabelo\"}]}<\/script>\n<!-- \/ Yoast SEO plugin. -->","yoast_head_json":{"title":"Prov\u00edncia da Imaculada em unidade com a Igreja e o mundo: Sementes de paz e esperan\u00e7a - Not\u00edcias - Franciscanos","robots":{"index":"index","follow":"follow","max-snippet":"max-snippet:-1","max-image-preview":"max-image-preview:large","max-video-preview":"max-video-preview:-1"},"canonical":"https:\/\/franciscanos.org.br\/noticias\/provincia-da-imaculada-em-unidade-com-a-igreja-e-o-mundo-sementes-de-paz-e-esperanca.html","og_locale":"pt_BR","og_type":"article","og_title":"Prov\u00edncia da Imaculada em unidade com a Igreja e o mundo: Sementes de paz e esperan\u00e7a - Not\u00edcias - Franciscanos","og_description":"Ecologia integral na pr\u00e1tica","og_url":"https:\/\/franciscanos.org.br\/noticias\/provincia-da-imaculada-em-unidade-com-a-igreja-e-o-mundo-sementes-de-paz-e-esperanca.html","og_site_name":"Not\u00edcias - Franciscanos","article_published_time":"2025-07-07T18:37:55+00:00","article_modified_time":"2025-07-08T11:09:43+00:00","og_image":[{"width":800,"height":550,"url":"https:\/\/franciscanos.org.br\/noticias\/wp-content\/uploads\/2025\/07\/chamada-6.png","type":"image\/png"}],"author":"Adriana Rabelo","twitter_card":"summary_large_image","twitter_misc":{"Escrito por":"Adriana Rabelo","Est. tempo de leitura":"15 minutos"},"schema":{"@context":"https:\/\/schema.org","@graph":[{"@type":"WebSite","@id":"https:\/\/franciscanos.org.br\/noticias\/#website","url":"https:\/\/franciscanos.org.br\/noticias\/","name":"Not\u00edcias - Franciscanos","description":"Prov\u00edncia Franciscana da Imaculada Concei\u00e7\u00e3o do Brasil - Ordem dos Frades Menores - OFM","potentialAction":[{"@type":"SearchAction","target":{"@type":"EntryPoint","urlTemplate":"https:\/\/franciscanos.org.br\/noticias\/?s={search_term_string}"},"query-input":"required name=search_term_string"}],"inLanguage":"pt-BR"},{"@type":"ImageObject","inLanguage":"pt-BR","@id":"https:\/\/franciscanos.org.br\/noticias\/provincia-da-imaculada-em-unidade-com-a-igreja-e-o-mundo-sementes-de-paz-e-esperanca.html#primaryimage","url":"https:\/\/franciscanos.org.br\/noticias\/wp-content\/uploads\/2025\/07\/chamada-6.png","contentUrl":"https:\/\/franciscanos.org.br\/noticias\/wp-content\/uploads\/2025\/07\/chamada-6.png","width":800,"height":550},{"@type":"WebPage","@id":"https:\/\/franciscanos.org.br\/noticias\/provincia-da-imaculada-em-unidade-com-a-igreja-e-o-mundo-sementes-de-paz-e-esperanca.html#webpage","url":"https:\/\/franciscanos.org.br\/noticias\/provincia-da-imaculada-em-unidade-com-a-igreja-e-o-mundo-sementes-de-paz-e-esperanca.html","name":"Prov\u00edncia da Imaculada em unidade com a Igreja e o mundo: Sementes de paz e esperan\u00e7a - Not\u00edcias - Franciscanos","isPartOf":{"@id":"https:\/\/franciscanos.org.br\/noticias\/#website"},"primaryImageOfPage":{"@id":"https:\/\/franciscanos.org.br\/noticias\/provincia-da-imaculada-em-unidade-com-a-igreja-e-o-mundo-sementes-de-paz-e-esperanca.html#primaryimage"},"datePublished":"2025-07-07T18:37:55+00:00","dateModified":"2025-07-08T11:09:43+00:00","author":{"@id":"https:\/\/franciscanos.org.br\/noticias\/#\/schema\/person\/d9422e83121c3ad3b0f423d195f5bb25"},"breadcrumb":{"@id":"https:\/\/franciscanos.org.br\/noticias\/provincia-da-imaculada-em-unidade-com-a-igreja-e-o-mundo-sementes-de-paz-e-esperanca.html#breadcrumb"},"inLanguage":"pt-BR","potentialAction":[{"@type":"ReadAction","target":["https:\/\/franciscanos.org.br\/noticias\/provincia-da-imaculada-em-unidade-com-a-igreja-e-o-mundo-sementes-de-paz-e-esperanca.html"]}]},{"@type":"BreadcrumbList","@id":"https:\/\/franciscanos.org.br\/noticias\/provincia-da-imaculada-em-unidade-com-a-igreja-e-o-mundo-sementes-de-paz-e-esperanca.html#breadcrumb","itemListElement":[{"@type":"ListItem","position":1,"name":"Home","item":"https:\/\/franciscanos.org.br\/noticias"},{"@type":"ListItem","position":2,"name":"Prov\u00edncia da Imaculada em unidade com a Igreja e o mundo: Sementes de paz e esperan\u00e7a"}]},{"@type":"Person","@id":"https:\/\/franciscanos.org.br\/noticias\/#\/schema\/person\/d9422e83121c3ad3b0f423d195f5bb25","name":"Adriana Rabelo","image":{"@type":"ImageObject","inLanguage":"pt-BR","@id":"https:\/\/franciscanos.org.br\/noticias\/#\/schema\/person\/image\/","url":"https:\/\/secure.gravatar.com\/avatar\/0a937b7500cd7df77540cfb8bede877d?s=96&d=mm&r=g","contentUrl":"https:\/\/secure.gravatar.com\/avatar\/0a937b7500cd7df77540cfb8bede877d?s=96&d=mm&r=g","caption":"Adriana Rabelo"},"url":"https:\/\/franciscanos.org.br\/noticias\/author\/adrianarabelo"}]}},"_links":{"self":[{"href":"https:\/\/franciscanos.org.br\/noticias\/wp-json\/wp\/v2\/posts\/258573"}],"collection":[{"href":"https:\/\/franciscanos.org.br\/noticias\/wp-json\/wp\/v2\/posts"}],"about":[{"href":"https:\/\/franciscanos.org.br\/noticias\/wp-json\/wp\/v2\/types\/post"}],"author":[{"embeddable":true,"href":"https:\/\/franciscanos.org.br\/noticias\/wp-json\/wp\/v2\/users\/11"}],"replies":[{"embeddable":true,"href":"https:\/\/franciscanos.org.br\/noticias\/wp-json\/wp\/v2\/comments?post=258573"}],"version-history":[{"count":14,"href":"https:\/\/franciscanos.org.br\/noticias\/wp-json\/wp\/v2\/posts\/258573\/revisions"}],"predecessor-version":[{"id":258602,"href":"https:\/\/franciscanos.org.br\/noticias\/wp-json\/wp\/v2\/posts\/258573\/revisions\/258602"}],"wp:featuredmedia":[{"embeddable":true,"href":"https:\/\/franciscanos.org.br\/noticias\/wp-json\/wp\/v2\/media\/258574"}],"wp:attachment":[{"href":"https:\/\/franciscanos.org.br\/noticias\/wp-json\/wp\/v2\/media?parent=258573"}],"wp:term":[{"taxonomy":"category","embeddable":true,"href":"https:\/\/franciscanos.org.br\/noticias\/wp-json\/wp\/v2\/categories?post=258573"},{"taxonomy":"post_tag","embeddable":true,"href":"https:\/\/franciscanos.org.br\/noticias\/wp-json\/wp\/v2\/tags?post=258573"}],"curies":[{"name":"wp","href":"https:\/\/api.w.org\/{rel}","templated":true}]}}