{"id":258554,"date":"2025-07-07T08:24:31","date_gmt":"2025-07-07T11:24:31","guid":{"rendered":"https:\/\/franciscanos.org.br\/noticias\/?p=258554"},"modified":"2025-07-07T10:52:21","modified_gmt":"2025-07-07T13:52:21","slug":"frei-jose-bertoldo-falece-aos-90-anos","status":"publish","type":"post","link":"https:\/\/franciscanos.org.br\/noticias\/frei-jose-bertoldo-falece-aos-90-anos.html","title":{"rendered":"Frei Jos\u00e9 Bertoldi falece aos 90 anos"},"content":{"rendered":"<p><img loading=\"lazy\" class=\"aligncenter wp-image-258555 size-full\" src=\"https:\/\/franciscanos.org.br\/noticias\/wp-content\/uploads\/2025\/07\/MATERIA-8.png\" alt=\"\" width=\"1280\" height=\"720\" srcset=\"https:\/\/franciscanos.org.br\/noticias\/wp-content\/uploads\/2025\/07\/MATERIA-8.png 1280w, https:\/\/franciscanos.org.br\/noticias\/wp-content\/uploads\/2025\/07\/MATERIA-8-450x253.png 450w, https:\/\/franciscanos.org.br\/noticias\/wp-content\/uploads\/2025\/07\/MATERIA-8-1024x576.png 1024w, https:\/\/franciscanos.org.br\/noticias\/wp-content\/uploads\/2025\/07\/MATERIA-8-768x432.png 768w, https:\/\/franciscanos.org.br\/noticias\/wp-content\/uploads\/2025\/07\/MATERIA-8-150x84.png 150w\" sizes=\"(max-width: 1280px) 100vw, 1280px\" \/><\/p>\n<p>Faleceu na manh\u00e3 de s\u00e1bado, 5 de julho, por volta das 9h, Frei Jos\u00e9 Bertoldi. Ele estava hospitalizado no Hospital S\u00e3o Francisco de Assis, de Bragan\u00e7a Paulista (SP), para tratar de problemas no cora\u00e7\u00e3o, rins e pulm\u00e3o. A causa de sua morte foi a fal\u00eancia m\u00faltipla dos \u00f3rg\u00e3os. Frei Jos\u00e9 Bertoldi pertencia \u00e0 Fraternidade S\u00e3o Francisco de Assis, de Rodeio (SC), e devido ao agravamento de sua situa\u00e7\u00e3o de sa\u00fade, nos \u00faltimos dias havia sido levado para Bragan\u00e7a Paulista para um acompanhamento mais pr\u00f3ximo.<\/p>\n<p>A Fraternidade S\u00e3o Francisco de Assis, de Bragan\u00e7a Paulista, celebrou a missa de corpo presente na pr\u00f3pria fraternidade, \u00e0s 19h. De l\u00e1,\u00a0 foi feito o traslado do corpo\u00a0 para Rodeio (SC), onde foi realizada a missa exequial, \u00e0s 14h30, no domingo, presidida por Dom Adalberto Donadelli J\u00fanior, bispo da Diocese\u00a0 de Rio do Sul, na Igreja Matriz da Par\u00f3quia S\u00e3o Francisco de Assis. O sepultamento ocorreu logo ap\u00f3s a celebra\u00e7\u00e3o, no jazigo dos frades.<\/p>\n<p>Confiemos a alma deste irm\u00e3o, assim como o consolo de seus familiares, \u00e0 miseric\u00f3rdia de Deus!<\/p>\n\n\t\t<style type=\"text\/css\">\n\t\t\t#gallery-1 {\n\t\t\t\tmargin: auto;\n\t\t\t}\n\t\t\t#gallery-1 .gallery-item {\n\t\t\t\tfloat: left;\n\t\t\t\tmargin-top: 10px;\n\t\t\t\ttext-align: center;\n\t\t\t\twidth: 25%;\n\t\t\t}\n\t\t\t#gallery-1 img {\n\t\t\t\tborder: 2px solid #cfcfcf;\n\t\t\t}\n\t\t\t#gallery-1 .gallery-caption {\n\t\t\t\tmargin-left: 0;\n\t\t\t}\n\t\t\t\/* see gallery_shortcode() in wp-includes\/media.php *\/\n\t\t<\/style>\n\t\t<div id='gallery-1' class='gallery galleryid-258554 gallery-columns-4 gallery-size-thumbnail'><dl class='gallery-item'>\n\t\t\t<dt class='gallery-icon portrait'>\n\t\t\t\t<a href='https:\/\/franciscanos.org.br\/noticias\/wp-content\/uploads\/2025\/07\/WhatsApp-Image-2025-07-07-at-07.33.16-1.jpeg'><img width=\"300\" height=\"300\" src=\"https:\/\/franciscanos.org.br\/noticias\/wp-content\/uploads\/2025\/07\/WhatsApp-Image-2025-07-07-at-07.33.16-1-300x300.jpeg\" class=\"attachment-thumbnail size-thumbnail\" alt=\"\" loading=\"lazy\" srcset=\"https:\/\/franciscanos.org.br\/noticias\/wp-content\/uploads\/2025\/07\/WhatsApp-Image-2025-07-07-at-07.33.16-1-300x300.jpeg 300w, https:\/\/franciscanos.org.br\/noticias\/wp-content\/uploads\/2025\/07\/WhatsApp-Image-2025-07-07-at-07.33.16-1-100x100.jpeg 100w\" sizes=\"(max-width: 300px) 100vw, 300px\" \/><\/a>\n\t\t\t<\/dt><\/dl><dl class='gallery-item'>\n\t\t\t<dt class='gallery-icon portrait'>\n\t\t\t\t<a href='https:\/\/franciscanos.org.br\/noticias\/wp-content\/uploads\/2025\/07\/WhatsApp-Image-2025-07-07-at-07.02.51-4.jpeg'><img width=\"300\" height=\"300\" src=\"https:\/\/franciscanos.org.br\/noticias\/wp-content\/uploads\/2025\/07\/WhatsApp-Image-2025-07-07-at-07.02.51-4-300x300.jpeg\" class=\"attachment-thumbnail size-thumbnail\" alt=\"\" loading=\"lazy\" srcset=\"https:\/\/franciscanos.org.br\/noticias\/wp-content\/uploads\/2025\/07\/WhatsApp-Image-2025-07-07-at-07.02.51-4-300x300.jpeg 300w, https:\/\/franciscanos.org.br\/noticias\/wp-content\/uploads\/2025\/07\/WhatsApp-Image-2025-07-07-at-07.02.51-4-100x100.jpeg 100w\" sizes=\"(max-width: 300px) 100vw, 300px\" \/><\/a>\n\t\t\t<\/dt><\/dl><dl class='gallery-item'>\n\t\t\t<dt class='gallery-icon portrait'>\n\t\t\t\t<a href='https:\/\/franciscanos.org.br\/noticias\/wp-content\/uploads\/2025\/07\/WhatsApp-Image-2025-07-07-at-07.02.50-4.jpeg'><img width=\"300\" height=\"300\" src=\"https:\/\/franciscanos.org.br\/noticias\/wp-content\/uploads\/2025\/07\/WhatsApp-Image-2025-07-07-at-07.02.50-4-300x300.jpeg\" class=\"attachment-thumbnail size-thumbnail\" alt=\"\" loading=\"lazy\" srcset=\"https:\/\/franciscanos.org.br\/noticias\/wp-content\/uploads\/2025\/07\/WhatsApp-Image-2025-07-07-at-07.02.50-4-300x300.jpeg 300w, https:\/\/franciscanos.org.br\/noticias\/wp-content\/uploads\/2025\/07\/WhatsApp-Image-2025-07-07-at-07.02.50-4-100x100.jpeg 100w\" sizes=\"(max-width: 300px) 100vw, 300px\" \/><\/a>\n\t\t\t<\/dt><\/dl><dl class='gallery-item'>\n\t\t\t<dt class='gallery-icon portrait'>\n\t\t\t\t<a href='https:\/\/franciscanos.org.br\/noticias\/wp-content\/uploads\/2025\/07\/WhatsApp-Image-2025-07-07-at-07.02.48-3.jpeg'><img width=\"300\" height=\"300\" src=\"https:\/\/franciscanos.org.br\/noticias\/wp-content\/uploads\/2025\/07\/WhatsApp-Image-2025-07-07-at-07.02.48-3-300x300.jpeg\" class=\"attachment-thumbnail size-thumbnail\" alt=\"\" loading=\"lazy\" srcset=\"https:\/\/franciscanos.org.br\/noticias\/wp-content\/uploads\/2025\/07\/WhatsApp-Image-2025-07-07-at-07.02.48-3-300x300.jpeg 300w, https:\/\/franciscanos.org.br\/noticias\/wp-content\/uploads\/2025\/07\/WhatsApp-Image-2025-07-07-at-07.02.48-3-100x100.jpeg 100w\" sizes=\"(max-width: 300px) 100vw, 300px\" \/><\/a>\n\t\t\t<\/dt><\/dl><br style=\"clear: both\" \/>\n\t\t<\/div>\n\n<p><strong>Dados pessoais, forma\u00e7\u00e3o e atividades<\/strong><\/p>\n<p><strong>Nascimento<\/strong>: 22\/02\/1935 (90 anos)<\/p>\n<p><strong>Primeira Profiss\u00e3o<\/strong>: 23\/12\/1957 (67 anos de vida religiosa)<\/p>\n<p><strong>Profiss\u00e3o Solene<\/strong>: 23\/12\/1960<\/p>\n<p><strong>Ordena\u00e7\u00e3o Diaconal<\/strong>: 15\/12\/1961<\/p>\n<p><strong>Ordena\u00e7\u00e3o Presbiteral<\/strong>: 15\/12\/1962 (63 anos de exerc\u00edcio do minist\u00e9rio presbiteral)<\/p>\n<p><strong>1964<\/strong> \u2013 Fraternidade Santo Ant\u00f4nio (Rio de Janeiro, RJ), para forma\u00e7\u00e3o pastoral.<\/p>\n<p><strong>1965<\/strong> \u2013 Fraternidade S\u00e3o Francisco de Assis (Vila Clementino, S\u00e3o Paulo, SP), como atendente conventual.<\/p>\n<p><strong>1966 a 1969<\/strong> \u2013 Fraternidade Nossa Senhora Aparecida (Nil\u00f3polis, RJ), como vig\u00e1rio paroquial.<\/p>\n<p><strong><img loading=\"lazy\" class=\"size-medium wp-image-258566 alignright\" src=\"https:\/\/franciscanos.org.br\/noticias\/wp-content\/uploads\/2025\/07\/Jose-Bertoldi-375x450.jpeg\" alt=\"\" width=\"375\" height=\"450\" srcset=\"https:\/\/franciscanos.org.br\/noticias\/wp-content\/uploads\/2025\/07\/Jose-Bertoldi-375x450.jpeg 375w, https:\/\/franciscanos.org.br\/noticias\/wp-content\/uploads\/2025\/07\/Jose-Bertoldi-150x180.jpeg 150w, https:\/\/franciscanos.org.br\/noticias\/wp-content\/uploads\/2025\/07\/Jose-Bertoldi.jpeg 591w\" sizes=\"(max-width: 375px) 100vw, 375px\" \/>1970-1972<\/strong> \u2013 Fraternidade Sagrado Cora\u00e7\u00e3o de Jesus (Petr\u00f3polis, RJ), como membro da equipe de forma\u00e7\u00e3o e vig\u00e1rio da casa.<\/p>\n<p><strong>1972-1973<\/strong> \u2013 Fraternidade Santa Teresinha (Joa\u00e7aba, SC), como vig\u00e1rio paroquial e guardi\u00e3o.<\/p>\n<p><strong>1974-1978<\/strong> \u2013 Fraternidade S\u00e3o Francisco de Assis (Rodeio, SC), como definidor provincial, guardi\u00e3o e p\u00e1roco.<\/p>\n<p><strong>1979<\/strong> \u2013 Fraternidade Santo Ant\u00f4nio (Blumenau, SC), como vig\u00e1rio paroquial de uma par\u00f3quia em S\u00e3o Francisco do Sul (SC).<\/p>\n<p><strong>1980-1981<\/strong> \u2013 Esteve a servi\u00e7o da Cust\u00f3dia das 7 Alegrias de Nossa Senhora (Dourados e Rio Brilhante (MS).<\/p>\n<p><strong>1982-198<\/strong>5 \u2013 Per\u00edodo de experi\u00eancia de seculariza\u00e7\u00e3o junto \u00e0 Diocese de Joinville (SC).<\/p>\n<p><strong>1986-1988<\/strong> \u2013 Fraternidade Santo Est\u00eav\u00e3o (Ituporanga, SC), como guardi\u00e3o e p\u00e1roco.<\/p>\n<p><strong>1989-1993<\/strong> \u2013 Fraternidade do Semin\u00e1rio Santo Ant\u00f4nio (Agudos, SP), como p\u00e1roco.<\/p>\n<p><strong>1994<\/strong> \u2013 Eremit\u00e9rio do Bem-aventurado Eg\u00eddio de Assis (Rodeio, SC), para experi\u00eancia erem\u00edtica.<\/p>\n<p><strong>1995<\/strong> \u2013 Fraternidade Nossa Senhora da Concei\u00e7\u00e3o (Angelina, SC), como vig\u00e1rio da casa e vig\u00e1rio paroquial.<\/p>\n<p><strong>1996-2001<\/strong> \u2013 Esteve a servi\u00e7o da Cust\u00f3dia da Terra Santa (Jerusal\u00e9m, Israel).<\/p>\n<p><strong>2001-2003<\/strong> \u2013 Fraternidade Sagrado Cora\u00e7\u00e3o de Jesus (Petr\u00f3polis, RJ), como vig\u00e1rio paroquial.<\/p>\n<p><strong>2004-2006<\/strong> \u2013 Fraternidade Bom Jesus dos Perd\u00f5es (Curitiba, PR), como vig\u00e1rio paroquial e assistente espiritual da OFS.<\/p>\n<p><strong>2007-2009<\/strong> \u2013 Fraternidade S\u00e3o Francisco (S\u00e3o Paulo, SP), como atendente conventual e capel\u00e3o do Hospital Santa Catarina.<\/p>\n<p><strong>2009<\/strong> \u2013 Fraternidade S\u00e3o Boaventura (Campo Largo, PR), como atendente conventual.<\/p>\n<p><strong>2009-2015<\/strong> \u2013 Fraternidade S\u00e3o Jos\u00e9 (Gaspar, SC), como vig\u00e1rio da casa e vig\u00e1rio paroquial.<\/p>\n<p><strong>2016-2021<\/strong> \u2013 Fraternidade Santo Ant\u00f4nio (Blumenau, SC), como vig\u00e1rio paroquial.<\/p>\n<p><strong>2022-2025<\/strong> \u2013 Fraternidade S\u00e3o Francisco de Assis (Rodeio, SC), como atendente conventual.<\/p>\n<h4><strong>O Frade Menor<\/strong><\/h4>\n<p>Frei Jos\u00e9 Bertoldi foi um frade querido por todos que o conheceram em seus \u00faltimos anos de vida. De cora\u00e7\u00e3o af\u00e1vel, espiritualidade firme, buscou viver com fidelidade sua voca\u00e7\u00e3o e se disp\u00f4s a servir bem onde quer que fosse enviado. Acreditava ser o testemunho de vida evang\u00e9lica e a op\u00e7\u00e3o pelos pobres alguns dos grandes desafios que a realidade atual nos imp\u00f5e, inclusive para que nossa evangeliza\u00e7\u00e3o seja mais eficaz.<\/p>\n<p>Nascido em Ascurra (SC), filho de Virg\u00edlio Bertoldi e Anna Adami, Frei Jos\u00e9 prov\u00e9m de uma fam\u00edlia de 4 irm\u00e3os, sendo ele o mais velho. O pai, falecido enquanto o frade tinha apenas 6 anos de idade. Sua m\u00e3e, mais tarde, se unira a Rainoldo Guse, que se tornara seu padrasto. Sua fam\u00edlia era cat\u00f3lica, fervorosamente praticante, e incentivavam muito sua voca\u00e7\u00e3o. Tamb\u00e9m recebeu importante apoio dos frades e das Irm\u00e3s Catequistas Franciscanas em seu discernimento vocacional.<\/p>\n<p>Sua personalidade era devida, segundo sua pr\u00f3pria vis\u00e3o, ao modo de sua m\u00e3e viver e lidar com as situa\u00e7\u00f5es cotidianas. S\u00e9rio no que buscava como ideal, por vezes duro na exig\u00eancia consigo mesmo e com os outros. Esta personalidade o levou a diversas transfer\u00eancias por curtos per\u00edodos. Serviu \u00e0 Cust\u00f3dia das Sete Alegrias de Nossa Senhora, no Mato Grosso do Sul, e \u00e0 Cust\u00f3dia da Terra Santa, em Israel. Viveu por um ano a experi\u00eancia erem\u00edtica no Eremit\u00e9rio do Bem-aventurado Eg\u00eddio de Assis, em Rodeio.<\/p>\n<p>Atuou como vig\u00e1rio paroquial e, mais tarde, p\u00e1roco, em par\u00f3quias diocesanas da Diocese de Joiville, durante um tempo de experi\u00eancia de seculariza\u00e7\u00e3o que foi encerrado por sua escolha de retornar \u00e0 Prov\u00edncia e \u00e0 Ordem. Desde ent\u00e3o, encontrou-se como Frade Menor, serviu com dedica\u00e7\u00e3o \u00e0s miss\u00f5es a ele confiada, sem deixar a firmeza de seus ideais, mas aprendendo a lidar de modo mais ameno com as imperfei\u00e7\u00f5es encontradas em si mesmo e nas fraternidades por onde passava.<\/p>\n<p>Por fim, tanto os frades quanto os leigos foram guardados em lugar especial na mem\u00f3ria, registrados em seu auto-retrato religioso, por terem manifestado acolhida e carinho, ajudando-o a perseverar na voca\u00e7\u00e3o \u00e0 vida religiosa e ao minist\u00e9rio ordenado assumido. Afirmava que os irm\u00e3os deveriam ser fraternos entre si e ensinar aos fi\u00e9is a serem altru\u00edstas e caridosos com aqueles que sofrem. Este seria o bom exemplo de fraternidade que poderemos transmitir a ser imitado por todos, a fim de formarmos a grande fam\u00edlia dos filhos de Deus Pai.<\/p>\n<div id=\"attachment_258557\" style=\"width: 1290px\" class=\"wp-caption alignnone\"><img aria-describedby=\"caption-attachment-258557\" loading=\"lazy\" class=\"wp-image-258557 size-full\" src=\"https:\/\/franciscanos.org.br\/noticias\/wp-content\/uploads\/2025\/07\/MATERIA-2-3.png\" alt=\"\" width=\"1280\" height=\"720\" srcset=\"https:\/\/franciscanos.org.br\/noticias\/wp-content\/uploads\/2025\/07\/MATERIA-2-3.png 1280w, https:\/\/franciscanos.org.br\/noticias\/wp-content\/uploads\/2025\/07\/MATERIA-2-3-450x253.png 450w, https:\/\/franciscanos.org.br\/noticias\/wp-content\/uploads\/2025\/07\/MATERIA-2-3-1024x576.png 1024w, https:\/\/franciscanos.org.br\/noticias\/wp-content\/uploads\/2025\/07\/MATERIA-2-3-768x432.png 768w, https:\/\/franciscanos.org.br\/noticias\/wp-content\/uploads\/2025\/07\/MATERIA-2-3-150x84.png 150w\" sizes=\"(max-width: 1280px) 100vw, 1280px\" \/><p id=\"caption-attachment-258557\" class=\"wp-caption-text\">Frei Jos\u00e9 Bertoldi ( camisa azul) entre os confrades do Noviciado S\u00e3o Jos\u00e9<\/p><\/div>\n<h4><strong>Um homem que deixou se moldar por\u00a0 Cristo<\/strong><\/h4>\n<p>Esse trabalhador que deixou o Cristo trabalhar em si. Um homem que deixou o Cristo na vida. Frei Jos\u00e9 \u00e9 um homem que deixou se moldar por Cristo. Poder\u00edamos dizer que a obra prima da vida humana se d\u00e1 a partir do momento que deixamos Cristo trabalhar em n\u00f3s. Um homem de paz, alegre, sorridente, festivo. Um homem acolhedor. Um homem que, nos seus olhos e nas suas l\u00e1grimas, comunicava amor e, sobretudo, uma vida de comunh\u00e3o com Cristo.<br \/>\nFrei Jos\u00e9 era consolador que enxugou l\u00e1grimas. Quantas l\u00e1grimas esse homem, nestes sessenta e dois anos de sacerd\u00f3cio enxugou? Com certeza, hoje, Jesus est\u00e1 o acolhendo. E a\u00ed, por conta das l\u00e1grimas que enxugou recebe a recompensa. Aqui est\u00e1 um homem que viveu a esperan\u00e7a e agora est\u00e1 contemplando a eterna esperan\u00e7a no rosto a face do Filho de Deus. Olhamos para a frente! Frei Jos\u00e9 Bertoldi, nos convida hoje a olhar o que est\u00e1 dentro de n\u00f3s. Como estou a viver a minha vida? Como vivo a minha f\u00e9, o meu batismo, o meu compromisso, minha vida de ora\u00e7\u00e3o, com a minha miss\u00e3o?<\/p>\n<p>Fraternalmente,<\/p>\n<hr \/>\n<p><em>Frei Rodrigo da Silva Santos, OFM &#8211; Secret\u00e1rio Provincial\u00a0 e Equipe de Comunica\u00e7\u00e3o do Noviciado<\/em><\/p>\n","protected":false},"excerpt":{"rendered":"<p>Falecimento<\/p>\n","protected":false},"author":11,"featured_media":258556,"comment_status":"open","ping_status":"open","sticky":false,"template":"","format":"standard","meta":[],"categories":[1],"tags":[1160,2380],"acf":[],"yoast_head":"<!-- This site is optimized with the Yoast SEO plugin v19.2 - https:\/\/yoast.com\/wordpress\/plugins\/seo\/ -->\n<title>Frei Jos\u00e9 Bertoldi falece aos 90 anos - Not\u00edcias - Franciscanos<\/title>\n<meta name=\"robots\" content=\"index, follow, max-snippet:-1, max-image-preview:large, max-video-preview:-1\" \/>\n<link rel=\"canonical\" href=\"https:\/\/franciscanos.org.br\/noticias\/frei-jose-bertoldo-falece-aos-90-anos.html\" \/>\n<meta property=\"og:locale\" content=\"pt_BR\" \/>\n<meta property=\"og:type\" content=\"article\" \/>\n<meta property=\"og:title\" content=\"Frei Jos\u00e9 Bertoldi falece aos 90 anos - Not\u00edcias - Franciscanos\" \/>\n<meta property=\"og:description\" content=\"Falecimento\" \/>\n<meta property=\"og:url\" content=\"https:\/\/franciscanos.org.br\/noticias\/frei-jose-bertoldo-falece-aos-90-anos.html\" \/>\n<meta property=\"og:site_name\" content=\"Not\u00edcias - Franciscanos\" \/>\n<meta property=\"article:published_time\" content=\"2025-07-07T11:24:31+00:00\" \/>\n<meta property=\"article:modified_time\" content=\"2025-07-07T13:52:21+00:00\" \/>\n<meta property=\"og:image\" content=\"https:\/\/franciscanos.org.br\/noticias\/wp-content\/uploads\/2025\/07\/Frei-Jose-Bertoldi-800.jpg\" \/>\n\t<meta property=\"og:image:width\" content=\"800\" \/>\n\t<meta property=\"og:image:height\" content=\"550\" \/>\n\t<meta property=\"og:image:type\" content=\"image\/jpeg\" \/>\n<meta name=\"author\" content=\"Adriana Rabelo\" \/>\n<meta name=\"twitter:card\" content=\"summary_large_image\" \/>\n<meta name=\"twitter:label1\" content=\"Escrito por\" \/>\n\t<meta name=\"twitter:data1\" content=\"Adriana Rabelo\" \/>\n\t<meta name=\"twitter:label2\" content=\"Est. tempo de leitura\" \/>\n\t<meta name=\"twitter:data2\" content=\"6 minutos\" \/>\n<script type=\"application\/ld+json\" class=\"yoast-schema-graph\">{\"@context\":\"https:\/\/schema.org\",\"@graph\":[{\"@type\":\"WebSite\",\"@id\":\"https:\/\/franciscanos.org.br\/noticias\/#website\",\"url\":\"https:\/\/franciscanos.org.br\/noticias\/\",\"name\":\"Not\u00edcias - Franciscanos\",\"description\":\"Prov\u00edncia Franciscana da Imaculada Concei\u00e7\u00e3o do Brasil - Ordem dos Frades Menores - OFM\",\"potentialAction\":[{\"@type\":\"SearchAction\",\"target\":{\"@type\":\"EntryPoint\",\"urlTemplate\":\"https:\/\/franciscanos.org.br\/noticias\/?s={search_term_string}\"},\"query-input\":\"required name=search_term_string\"}],\"inLanguage\":\"pt-BR\"},{\"@type\":\"ImageObject\",\"inLanguage\":\"pt-BR\",\"@id\":\"https:\/\/franciscanos.org.br\/noticias\/frei-jose-bertoldo-falece-aos-90-anos.html#primaryimage\",\"url\":\"https:\/\/franciscanos.org.br\/noticias\/wp-content\/uploads\/2025\/07\/Frei-Jose-Bertoldi-800.jpg\",\"contentUrl\":\"https:\/\/franciscanos.org.br\/noticias\/wp-content\/uploads\/2025\/07\/Frei-Jose-Bertoldi-800.jpg\",\"width\":800,\"height\":550},{\"@type\":\"WebPage\",\"@id\":\"https:\/\/franciscanos.org.br\/noticias\/frei-jose-bertoldo-falece-aos-90-anos.html#webpage\",\"url\":\"https:\/\/franciscanos.org.br\/noticias\/frei-jose-bertoldo-falece-aos-90-anos.html\",\"name\":\"Frei Jos\u00e9 Bertoldi falece aos 90 anos - Not\u00edcias - Franciscanos\",\"isPartOf\":{\"@id\":\"https:\/\/franciscanos.org.br\/noticias\/#website\"},\"primaryImageOfPage\":{\"@id\":\"https:\/\/franciscanos.org.br\/noticias\/frei-jose-bertoldo-falece-aos-90-anos.html#primaryimage\"},\"datePublished\":\"2025-07-07T11:24:31+00:00\",\"dateModified\":\"2025-07-07T13:52:21+00:00\",\"author\":{\"@id\":\"https:\/\/franciscanos.org.br\/noticias\/#\/schema\/person\/d9422e83121c3ad3b0f423d195f5bb25\"},\"breadcrumb\":{\"@id\":\"https:\/\/franciscanos.org.br\/noticias\/frei-jose-bertoldo-falece-aos-90-anos.html#breadcrumb\"},\"inLanguage\":\"pt-BR\",\"potentialAction\":[{\"@type\":\"ReadAction\",\"target\":[\"https:\/\/franciscanos.org.br\/noticias\/frei-jose-bertoldo-falece-aos-90-anos.html\"]}]},{\"@type\":\"BreadcrumbList\",\"@id\":\"https:\/\/franciscanos.org.br\/noticias\/frei-jose-bertoldo-falece-aos-90-anos.html#breadcrumb\",\"itemListElement\":[{\"@type\":\"ListItem\",\"position\":1,\"name\":\"Home\",\"item\":\"https:\/\/franciscanos.org.br\/noticias\"},{\"@type\":\"ListItem\",\"position\":2,\"name\":\"Frei Jos\u00e9 Bertoldi falece aos 90 anos\"}]},{\"@type\":\"Person\",\"@id\":\"https:\/\/franciscanos.org.br\/noticias\/#\/schema\/person\/d9422e83121c3ad3b0f423d195f5bb25\",\"name\":\"Adriana Rabelo\",\"image\":{\"@type\":\"ImageObject\",\"inLanguage\":\"pt-BR\",\"@id\":\"https:\/\/franciscanos.org.br\/noticias\/#\/schema\/person\/image\/\",\"url\":\"https:\/\/secure.gravatar.com\/avatar\/0a937b7500cd7df77540cfb8bede877d?s=96&d=mm&r=g\",\"contentUrl\":\"https:\/\/secure.gravatar.com\/avatar\/0a937b7500cd7df77540cfb8bede877d?s=96&d=mm&r=g\",\"caption\":\"Adriana Rabelo\"},\"url\":\"https:\/\/franciscanos.org.br\/noticias\/author\/adrianarabelo\"}]}<\/script>\n<!-- \/ Yoast SEO plugin. -->","yoast_head_json":{"title":"Frei Jos\u00e9 Bertoldi falece aos 90 anos - Not\u00edcias - Franciscanos","robots":{"index":"index","follow":"follow","max-snippet":"max-snippet:-1","max-image-preview":"max-image-preview:large","max-video-preview":"max-video-preview:-1"},"canonical":"https:\/\/franciscanos.org.br\/noticias\/frei-jose-bertoldo-falece-aos-90-anos.html","og_locale":"pt_BR","og_type":"article","og_title":"Frei Jos\u00e9 Bertoldi falece aos 90 anos - Not\u00edcias - Franciscanos","og_description":"Falecimento","og_url":"https:\/\/franciscanos.org.br\/noticias\/frei-jose-bertoldo-falece-aos-90-anos.html","og_site_name":"Not\u00edcias - Franciscanos","article_published_time":"2025-07-07T11:24:31+00:00","article_modified_time":"2025-07-07T13:52:21+00:00","og_image":[{"width":800,"height":550,"url":"https:\/\/franciscanos.org.br\/noticias\/wp-content\/uploads\/2025\/07\/Frei-Jose-Bertoldi-800.jpg","type":"image\/jpeg"}],"author":"Adriana Rabelo","twitter_card":"summary_large_image","twitter_misc":{"Escrito por":"Adriana Rabelo","Est. tempo de leitura":"6 minutos"},"schema":{"@context":"https:\/\/schema.org","@graph":[{"@type":"WebSite","@id":"https:\/\/franciscanos.org.br\/noticias\/#website","url":"https:\/\/franciscanos.org.br\/noticias\/","name":"Not\u00edcias - Franciscanos","description":"Prov\u00edncia Franciscana da Imaculada Concei\u00e7\u00e3o do Brasil - Ordem dos Frades Menores - OFM","potentialAction":[{"@type":"SearchAction","target":{"@type":"EntryPoint","urlTemplate":"https:\/\/franciscanos.org.br\/noticias\/?s={search_term_string}"},"query-input":"required name=search_term_string"}],"inLanguage":"pt-BR"},{"@type":"ImageObject","inLanguage":"pt-BR","@id":"https:\/\/franciscanos.org.br\/noticias\/frei-jose-bertoldo-falece-aos-90-anos.html#primaryimage","url":"https:\/\/franciscanos.org.br\/noticias\/wp-content\/uploads\/2025\/07\/Frei-Jose-Bertoldi-800.jpg","contentUrl":"https:\/\/franciscanos.org.br\/noticias\/wp-content\/uploads\/2025\/07\/Frei-Jose-Bertoldi-800.jpg","width":800,"height":550},{"@type":"WebPage","@id":"https:\/\/franciscanos.org.br\/noticias\/frei-jose-bertoldo-falece-aos-90-anos.html#webpage","url":"https:\/\/franciscanos.org.br\/noticias\/frei-jose-bertoldo-falece-aos-90-anos.html","name":"Frei Jos\u00e9 Bertoldi falece aos 90 anos - Not\u00edcias - Franciscanos","isPartOf":{"@id":"https:\/\/franciscanos.org.br\/noticias\/#website"},"primaryImageOfPage":{"@id":"https:\/\/franciscanos.org.br\/noticias\/frei-jose-bertoldo-falece-aos-90-anos.html#primaryimage"},"datePublished":"2025-07-07T11:24:31+00:00","dateModified":"2025-07-07T13:52:21+00:00","author":{"@id":"https:\/\/franciscanos.org.br\/noticias\/#\/schema\/person\/d9422e83121c3ad3b0f423d195f5bb25"},"breadcrumb":{"@id":"https:\/\/franciscanos.org.br\/noticias\/frei-jose-bertoldo-falece-aos-90-anos.html#breadcrumb"},"inLanguage":"pt-BR","potentialAction":[{"@type":"ReadAction","target":["https:\/\/franciscanos.org.br\/noticias\/frei-jose-bertoldo-falece-aos-90-anos.html"]}]},{"@type":"BreadcrumbList","@id":"https:\/\/franciscanos.org.br\/noticias\/frei-jose-bertoldo-falece-aos-90-anos.html#breadcrumb","itemListElement":[{"@type":"ListItem","position":1,"name":"Home","item":"https:\/\/franciscanos.org.br\/noticias"},{"@type":"ListItem","position":2,"name":"Frei Jos\u00e9 Bertoldi falece aos 90 anos"}]},{"@type":"Person","@id":"https:\/\/franciscanos.org.br\/noticias\/#\/schema\/person\/d9422e83121c3ad3b0f423d195f5bb25","name":"Adriana Rabelo","image":{"@type":"ImageObject","inLanguage":"pt-BR","@id":"https:\/\/franciscanos.org.br\/noticias\/#\/schema\/person\/image\/","url":"https:\/\/secure.gravatar.com\/avatar\/0a937b7500cd7df77540cfb8bede877d?s=96&d=mm&r=g","contentUrl":"https:\/\/secure.gravatar.com\/avatar\/0a937b7500cd7df77540cfb8bede877d?s=96&d=mm&r=g","caption":"Adriana Rabelo"},"url":"https:\/\/franciscanos.org.br\/noticias\/author\/adrianarabelo"}]}},"_links":{"self":[{"href":"https:\/\/franciscanos.org.br\/noticias\/wp-json\/wp\/v2\/posts\/258554"}],"collection":[{"href":"https:\/\/franciscanos.org.br\/noticias\/wp-json\/wp\/v2\/posts"}],"about":[{"href":"https:\/\/franciscanos.org.br\/noticias\/wp-json\/wp\/v2\/types\/post"}],"author":[{"embeddable":true,"href":"https:\/\/franciscanos.org.br\/noticias\/wp-json\/wp\/v2\/users\/11"}],"replies":[{"embeddable":true,"href":"https:\/\/franciscanos.org.br\/noticias\/wp-json\/wp\/v2\/comments?post=258554"}],"version-history":[{"count":10,"href":"https:\/\/franciscanos.org.br\/noticias\/wp-json\/wp\/v2\/posts\/258554\/revisions"}],"predecessor-version":[{"id":258572,"href":"https:\/\/franciscanos.org.br\/noticias\/wp-json\/wp\/v2\/posts\/258554\/revisions\/258572"}],"wp:featuredmedia":[{"embeddable":true,"href":"https:\/\/franciscanos.org.br\/noticias\/wp-json\/wp\/v2\/media\/258556"}],"wp:attachment":[{"href":"https:\/\/franciscanos.org.br\/noticias\/wp-json\/wp\/v2\/media?parent=258554"}],"wp:term":[{"taxonomy":"category","embeddable":true,"href":"https:\/\/franciscanos.org.br\/noticias\/wp-json\/wp\/v2\/categories?post=258554"},{"taxonomy":"post_tag","embeddable":true,"href":"https:\/\/franciscanos.org.br\/noticias\/wp-json\/wp\/v2\/tags?post=258554"}],"curies":[{"name":"wp","href":"https:\/\/api.w.org\/{rel}","templated":true}]}}