{"id":258546,"date":"2025-07-03T16:00:23","date_gmt":"2025-07-03T19:00:23","guid":{"rendered":"https:\/\/franciscanos.org.br\/noticias\/?p=258546"},"modified":"2025-07-03T17:18:42","modified_gmt":"2025-07-03T20:18:42","slug":"radio-frei-galvao-recebe-concessao-oficial-em-brasilia-marcando-nova-etapa-na-comunicacao-franciscana","status":"publish","type":"post","link":"https:\/\/franciscanos.org.br\/noticias\/radio-frei-galvao-recebe-concessao-oficial-em-brasilia-marcando-nova-etapa-na-comunicacao-franciscana.html","title":{"rendered":"R\u00e1dio Frei Galv\u00e3o recebe concess\u00e3o oficial em Bras\u00edlia, marcando nova etapa na comunica\u00e7\u00e3o franciscana"},"content":{"rendered":"<p><span style=\"font-weight: 400;\"><img loading=\"lazy\" class=\"aligncenter wp-image-258549 size-full\" src=\"https:\/\/franciscanos.org.br\/noticias\/wp-content\/uploads\/2025\/07\/materia-7.png\" alt=\"\" width=\"1280\" height=\"720\" srcset=\"https:\/\/franciscanos.org.br\/noticias\/wp-content\/uploads\/2025\/07\/materia-7.png 1280w, https:\/\/franciscanos.org.br\/noticias\/wp-content\/uploads\/2025\/07\/materia-7-450x253.png 450w, https:\/\/franciscanos.org.br\/noticias\/wp-content\/uploads\/2025\/07\/materia-7-1024x576.png 1024w, https:\/\/franciscanos.org.br\/noticias\/wp-content\/uploads\/2025\/07\/materia-7-768x432.png 768w, https:\/\/franciscanos.org.br\/noticias\/wp-content\/uploads\/2025\/07\/materia-7-150x84.png 150w\" sizes=\"(max-width: 1280px) 100vw, 1280px\" \/><\/span><\/p>\n<p><span style=\"font-weight: 400;\">Na tarde desta quinta-feira (03\/07), em Bras\u00edlia (DF), a Funda\u00e7\u00e3o Frei Rog\u00e9rio, representada por seu presidente, Frei Augusto Luiz Gabriel, assinou no Minist\u00e9rio das Comunica\u00e7\u00f5es o <strong>termo de outorga de concess\u00e3o para a R\u00e1dio Frei Galv\u00e3o<\/strong>. Esse ato marca um passo decisivo na consolida\u00e7\u00e3o da emissora, que opera na frequ\u00eancia 89,9<\/span><span style=\"font-weight: 400;\">\u202f<\/span><span style=\"font-weight: 400;\">FM em Guaratinguet\u00e1 (SP), fruto da aquisi\u00e7\u00e3o da antiga R\u00e1dio M\u00e1xima e da miss\u00e3o evangelizadora da Prov\u00edncia Franciscana da Imaculada Concei\u00e7\u00e3o do Brasil.<\/span><\/p>\n<p><span style=\"font-weight: 400;\">A r\u00e1dio foi oficialmente <strong>inaugurada em 8 de mar\u00e7o de 2025<\/strong>, dia que reuniu autoridades religiosas, civis e eclesi\u00e1sticas, como Frei Paulo Roberto Pereira, Ministro Provincial; Cardeal Dom Jaime Spengler, Dom Orlando Brandes, Frei Hans Stapel; Junior Filippo, Prefeito de Guaratinguet\u00e1, dentre outros.<\/span><\/p>\n<p><span style=\"font-weight: 400;\"><img loading=\"lazy\" class=\"size-medium wp-image-258548 alignright\" src=\"https:\/\/franciscanos.org.br\/noticias\/wp-content\/uploads\/2025\/07\/radio-800-474x332-1-450x315.png\" alt=\"\" width=\"450\" height=\"315\" srcset=\"https:\/\/franciscanos.org.br\/noticias\/wp-content\/uploads\/2025\/07\/radio-800-474x332-1-450x315.png 450w, https:\/\/franciscanos.org.br\/noticias\/wp-content\/uploads\/2025\/07\/radio-800-474x332-1-150x105.png 150w, https:\/\/franciscanos.org.br\/noticias\/wp-content\/uploads\/2025\/07\/radio-800-474x332-1.png 474w\" sizes=\"(max-width: 450px) 100vw, 450px\" \/>Inspirada no lema \u201cComunicando a Paz e o Bem\u201d, a R\u00e1dio Frei Galv\u00e3o nasceu com o prop\u00f3sito de unir tradi\u00e7\u00e3o e inova\u00e7\u00e3o, promovendo uma programa\u00e7\u00e3o diversificada que abrange espiritualidade, cultura, jornalismo, entretenimento, esporte e conte\u00fados de interesse geral. A proposta \u00e9 ser uma \u201cvoz de esperan\u00e7a e fraternidade\u201d, fortalecendo a devo\u00e7\u00e3o ao primeiro santo brasileiro, Santo Ant\u00f4nio de Sant\u2019Ana Galv\u00e3o, e irradiando a mensagem franciscana para a comunidade do Vale do Para\u00edba.<\/span><\/p>\n<p><span style=\"font-weight: 400;\">O diretor da R\u00e1dio, Definidor Provincial e reitor do Santu\u00e1rio Frei Galv\u00e3o, Frei Diego Atalino de Melo, destacou que a concess\u00e3o representa \u201cas gra\u00e7as de Deus e a fecundidade espiritual se expressando concretamente\u201d, ampliando o alcance da mensagem do Santu\u00e1rio e aprofundando a miss\u00e3o de evangeliza\u00e7\u00e3o.<\/span><\/p>\n<p><span style=\"font-weight: 400;\">Frei Diego enfatizou que o r\u00e1dio, mesmo em meio \u00e0s transforma\u00e7\u00f5es digitais, permanece um ve\u00edculo privilegiado por sua proximidade com o ouvinte e capacidade de gerar fraternidade. A R\u00e1dio Frei Galv\u00e3o, segundo ele, \u00e9 uma \u201cextens\u00e3o da voz\u201d dos que mais precisam, um canal de encontro e reconcilia\u00e7\u00e3o que aproxima o sagrado do cotidiano, traduzindo em ondas sonoras o esp\u00edrito franciscano de servi\u00e7o, di\u00e1logo e comunh\u00e3o.<\/span><\/p>\n<p><span style=\"font-weight: 400;\"><img loading=\"lazy\" class=\"aligncenter wp-image-258550 size-full\" src=\"https:\/\/franciscanos.org.br\/noticias\/wp-content\/uploads\/2025\/07\/materia-2-2.png\" alt=\"\" width=\"1280\" height=\"720\" srcset=\"https:\/\/franciscanos.org.br\/noticias\/wp-content\/uploads\/2025\/07\/materia-2-2.png 1280w, https:\/\/franciscanos.org.br\/noticias\/wp-content\/uploads\/2025\/07\/materia-2-2-450x253.png 450w, https:\/\/franciscanos.org.br\/noticias\/wp-content\/uploads\/2025\/07\/materia-2-2-1024x576.png 1024w, https:\/\/franciscanos.org.br\/noticias\/wp-content\/uploads\/2025\/07\/materia-2-2-768x432.png 768w, https:\/\/franciscanos.org.br\/noticias\/wp-content\/uploads\/2025\/07\/materia-2-2-150x84.png 150w\" sizes=\"(max-width: 1280px) 100vw, 1280px\" \/><\/span><\/p>\n<p><span style=\"font-weight: 400;\">Desde o<strong> lan\u00e7amento da programa\u00e7\u00e3o, em 9 de mar\u00e7o<\/strong>, a emissora j\u00e1 transmite novenas, missas di\u00e1rias e jornalismo local e mundial, em uma clara demonstra\u00e7\u00e3o de seu compromisso com a comunica\u00e7\u00e3o franciscana. Em especial, a primeira missa transmitida ao vivo foi celebrada pelo Ministro Provincial, Frei Paulo Pereira, ressaltando que \u201cviver \u00e9 comunicar\u201d, refor\u00e7ando o papel da comunica\u00e7\u00e3o cat\u00f3lica na vida dos fi\u00e9is.<\/span><\/p>\n<p><span style=\"font-weight: 400;\">Com a assinatura da concess\u00e3o em Bras\u00edlia, a R\u00e1dio Frei Galv\u00e3o consolida-se como um canal institucional da Funda\u00e7\u00e3o Frei Rog\u00e9rio e se prepara para intensificar sua presen\u00e7a no cen\u00e1rio cat\u00f3lico e franciscano nacional. A partir de agora, a emissora busca ampliar sua atua\u00e7\u00e3o digital e comunit\u00e1ria, envolvendo os ouvintes e refor\u00e7ando os valores da f\u00e9, do humanismo e da cultura franciscana.<\/span><\/p>\n<hr \/>\n<p><i><span style=\"font-weight: 400;\">Frei Augusto Luiz Gabriel, OFM<\/span><\/i><\/p>\n<p><i><span style=\"font-weight: 400;\">Presidente da Funda\u00e7\u00e3o Frei Rog\u00e9rio\u00a0<\/span><\/i><\/p>\n","protected":false},"excerpt":{"rendered":"<p>Comunica\u00e7\u00e3o Franciscana<\/p>\n","protected":false},"author":11,"featured_media":258551,"comment_status":"open","ping_status":"open","sticky":false,"template":"","format":"standard","meta":[],"categories":[1],"tags":[1168,2299],"acf":[],"yoast_head":"<!-- This site is optimized with the Yoast SEO plugin v19.2 - https:\/\/yoast.com\/wordpress\/plugins\/seo\/ -->\n<title>R\u00e1dio Frei Galv\u00e3o recebe concess\u00e3o oficial em Bras\u00edlia, marcando nova etapa na comunica\u00e7\u00e3o franciscana - Not\u00edcias - Franciscanos<\/title>\n<meta name=\"robots\" content=\"index, follow, max-snippet:-1, max-image-preview:large, max-video-preview:-1\" \/>\n<link rel=\"canonical\" href=\"https:\/\/franciscanos.org.br\/noticias\/radio-frei-galvao-recebe-concessao-oficial-em-brasilia-marcando-nova-etapa-na-comunicacao-franciscana.html\" \/>\n<meta property=\"og:locale\" content=\"pt_BR\" \/>\n<meta property=\"og:type\" content=\"article\" \/>\n<meta property=\"og:title\" content=\"R\u00e1dio Frei Galv\u00e3o recebe concess\u00e3o oficial em Bras\u00edlia, marcando nova etapa na comunica\u00e7\u00e3o franciscana - Not\u00edcias - Franciscanos\" \/>\n<meta property=\"og:description\" content=\"Comunica\u00e7\u00e3o Franciscana\" \/>\n<meta property=\"og:url\" content=\"https:\/\/franciscanos.org.br\/noticias\/radio-frei-galvao-recebe-concessao-oficial-em-brasilia-marcando-nova-etapa-na-comunicacao-franciscana.html\" \/>\n<meta property=\"og:site_name\" content=\"Not\u00edcias - Franciscanos\" \/>\n<meta property=\"article:published_time\" content=\"2025-07-03T19:00:23+00:00\" \/>\n<meta property=\"article:modified_time\" content=\"2025-07-03T20:18:42+00:00\" \/>\n<meta property=\"og:image\" content=\"https:\/\/franciscanos.org.br\/noticias\/wp-content\/uploads\/2025\/07\/chamada-5.png\" \/>\n\t<meta property=\"og:image:width\" content=\"800\" \/>\n\t<meta property=\"og:image:height\" content=\"550\" \/>\n\t<meta property=\"og:image:type\" content=\"image\/png\" \/>\n<meta name=\"author\" content=\"Adriana Rabelo\" \/>\n<meta name=\"twitter:card\" content=\"summary_large_image\" \/>\n<meta name=\"twitter:label1\" content=\"Escrito por\" \/>\n\t<meta name=\"twitter:data1\" content=\"Adriana Rabelo\" \/>\n\t<meta name=\"twitter:label2\" content=\"Est. tempo de leitura\" \/>\n\t<meta name=\"twitter:data2\" content=\"3 minutos\" \/>\n<script type=\"application\/ld+json\" class=\"yoast-schema-graph\">{\"@context\":\"https:\/\/schema.org\",\"@graph\":[{\"@type\":\"WebSite\",\"@id\":\"https:\/\/franciscanos.org.br\/noticias\/#website\",\"url\":\"https:\/\/franciscanos.org.br\/noticias\/\",\"name\":\"Not\u00edcias - Franciscanos\",\"description\":\"Prov\u00edncia Franciscana da Imaculada Concei\u00e7\u00e3o do Brasil - Ordem dos Frades Menores - OFM\",\"potentialAction\":[{\"@type\":\"SearchAction\",\"target\":{\"@type\":\"EntryPoint\",\"urlTemplate\":\"https:\/\/franciscanos.org.br\/noticias\/?s={search_term_string}\"},\"query-input\":\"required name=search_term_string\"}],\"inLanguage\":\"pt-BR\"},{\"@type\":\"ImageObject\",\"inLanguage\":\"pt-BR\",\"@id\":\"https:\/\/franciscanos.org.br\/noticias\/radio-frei-galvao-recebe-concessao-oficial-em-brasilia-marcando-nova-etapa-na-comunicacao-franciscana.html#primaryimage\",\"url\":\"https:\/\/franciscanos.org.br\/noticias\/wp-content\/uploads\/2025\/07\/chamada-5.png\",\"contentUrl\":\"https:\/\/franciscanos.org.br\/noticias\/wp-content\/uploads\/2025\/07\/chamada-5.png\",\"width\":800,\"height\":550},{\"@type\":\"WebPage\",\"@id\":\"https:\/\/franciscanos.org.br\/noticias\/radio-frei-galvao-recebe-concessao-oficial-em-brasilia-marcando-nova-etapa-na-comunicacao-franciscana.html#webpage\",\"url\":\"https:\/\/franciscanos.org.br\/noticias\/radio-frei-galvao-recebe-concessao-oficial-em-brasilia-marcando-nova-etapa-na-comunicacao-franciscana.html\",\"name\":\"R\u00e1dio Frei Galv\u00e3o recebe concess\u00e3o oficial em Bras\u00edlia, marcando nova etapa na comunica\u00e7\u00e3o franciscana - Not\u00edcias - Franciscanos\",\"isPartOf\":{\"@id\":\"https:\/\/franciscanos.org.br\/noticias\/#website\"},\"primaryImageOfPage\":{\"@id\":\"https:\/\/franciscanos.org.br\/noticias\/radio-frei-galvao-recebe-concessao-oficial-em-brasilia-marcando-nova-etapa-na-comunicacao-franciscana.html#primaryimage\"},\"datePublished\":\"2025-07-03T19:00:23+00:00\",\"dateModified\":\"2025-07-03T20:18:42+00:00\",\"author\":{\"@id\":\"https:\/\/franciscanos.org.br\/noticias\/#\/schema\/person\/d9422e83121c3ad3b0f423d195f5bb25\"},\"breadcrumb\":{\"@id\":\"https:\/\/franciscanos.org.br\/noticias\/radio-frei-galvao-recebe-concessao-oficial-em-brasilia-marcando-nova-etapa-na-comunicacao-franciscana.html#breadcrumb\"},\"inLanguage\":\"pt-BR\",\"potentialAction\":[{\"@type\":\"ReadAction\",\"target\":[\"https:\/\/franciscanos.org.br\/noticias\/radio-frei-galvao-recebe-concessao-oficial-em-brasilia-marcando-nova-etapa-na-comunicacao-franciscana.html\"]}]},{\"@type\":\"BreadcrumbList\",\"@id\":\"https:\/\/franciscanos.org.br\/noticias\/radio-frei-galvao-recebe-concessao-oficial-em-brasilia-marcando-nova-etapa-na-comunicacao-franciscana.html#breadcrumb\",\"itemListElement\":[{\"@type\":\"ListItem\",\"position\":1,\"name\":\"Home\",\"item\":\"https:\/\/franciscanos.org.br\/noticias\"},{\"@type\":\"ListItem\",\"position\":2,\"name\":\"R\u00e1dio Frei Galv\u00e3o recebe concess\u00e3o oficial em Bras\u00edlia, marcando nova etapa na comunica\u00e7\u00e3o franciscana\"}]},{\"@type\":\"Person\",\"@id\":\"https:\/\/franciscanos.org.br\/noticias\/#\/schema\/person\/d9422e83121c3ad3b0f423d195f5bb25\",\"name\":\"Adriana Rabelo\",\"image\":{\"@type\":\"ImageObject\",\"inLanguage\":\"pt-BR\",\"@id\":\"https:\/\/franciscanos.org.br\/noticias\/#\/schema\/person\/image\/\",\"url\":\"https:\/\/secure.gravatar.com\/avatar\/0a937b7500cd7df77540cfb8bede877d?s=96&d=mm&r=g\",\"contentUrl\":\"https:\/\/secure.gravatar.com\/avatar\/0a937b7500cd7df77540cfb8bede877d?s=96&d=mm&r=g\",\"caption\":\"Adriana Rabelo\"},\"url\":\"https:\/\/franciscanos.org.br\/noticias\/author\/adrianarabelo\"}]}<\/script>\n<!-- \/ Yoast SEO plugin. -->","yoast_head_json":{"title":"R\u00e1dio Frei Galv\u00e3o recebe concess\u00e3o oficial em Bras\u00edlia, marcando nova etapa na comunica\u00e7\u00e3o franciscana - Not\u00edcias - Franciscanos","robots":{"index":"index","follow":"follow","max-snippet":"max-snippet:-1","max-image-preview":"max-image-preview:large","max-video-preview":"max-video-preview:-1"},"canonical":"https:\/\/franciscanos.org.br\/noticias\/radio-frei-galvao-recebe-concessao-oficial-em-brasilia-marcando-nova-etapa-na-comunicacao-franciscana.html","og_locale":"pt_BR","og_type":"article","og_title":"R\u00e1dio Frei Galv\u00e3o recebe concess\u00e3o oficial em Bras\u00edlia, marcando nova etapa na comunica\u00e7\u00e3o franciscana - Not\u00edcias - Franciscanos","og_description":"Comunica\u00e7\u00e3o Franciscana","og_url":"https:\/\/franciscanos.org.br\/noticias\/radio-frei-galvao-recebe-concessao-oficial-em-brasilia-marcando-nova-etapa-na-comunicacao-franciscana.html","og_site_name":"Not\u00edcias - Franciscanos","article_published_time":"2025-07-03T19:00:23+00:00","article_modified_time":"2025-07-03T20:18:42+00:00","og_image":[{"width":800,"height":550,"url":"https:\/\/franciscanos.org.br\/noticias\/wp-content\/uploads\/2025\/07\/chamada-5.png","type":"image\/png"}],"author":"Adriana Rabelo","twitter_card":"summary_large_image","twitter_misc":{"Escrito por":"Adriana Rabelo","Est. tempo de leitura":"3 minutos"},"schema":{"@context":"https:\/\/schema.org","@graph":[{"@type":"WebSite","@id":"https:\/\/franciscanos.org.br\/noticias\/#website","url":"https:\/\/franciscanos.org.br\/noticias\/","name":"Not\u00edcias - Franciscanos","description":"Prov\u00edncia Franciscana da Imaculada Concei\u00e7\u00e3o do Brasil - Ordem dos Frades Menores - OFM","potentialAction":[{"@type":"SearchAction","target":{"@type":"EntryPoint","urlTemplate":"https:\/\/franciscanos.org.br\/noticias\/?s={search_term_string}"},"query-input":"required name=search_term_string"}],"inLanguage":"pt-BR"},{"@type":"ImageObject","inLanguage":"pt-BR","@id":"https:\/\/franciscanos.org.br\/noticias\/radio-frei-galvao-recebe-concessao-oficial-em-brasilia-marcando-nova-etapa-na-comunicacao-franciscana.html#primaryimage","url":"https:\/\/franciscanos.org.br\/noticias\/wp-content\/uploads\/2025\/07\/chamada-5.png","contentUrl":"https:\/\/franciscanos.org.br\/noticias\/wp-content\/uploads\/2025\/07\/chamada-5.png","width":800,"height":550},{"@type":"WebPage","@id":"https:\/\/franciscanos.org.br\/noticias\/radio-frei-galvao-recebe-concessao-oficial-em-brasilia-marcando-nova-etapa-na-comunicacao-franciscana.html#webpage","url":"https:\/\/franciscanos.org.br\/noticias\/radio-frei-galvao-recebe-concessao-oficial-em-brasilia-marcando-nova-etapa-na-comunicacao-franciscana.html","name":"R\u00e1dio Frei Galv\u00e3o recebe concess\u00e3o oficial em Bras\u00edlia, marcando nova etapa na comunica\u00e7\u00e3o franciscana - Not\u00edcias - Franciscanos","isPartOf":{"@id":"https:\/\/franciscanos.org.br\/noticias\/#website"},"primaryImageOfPage":{"@id":"https:\/\/franciscanos.org.br\/noticias\/radio-frei-galvao-recebe-concessao-oficial-em-brasilia-marcando-nova-etapa-na-comunicacao-franciscana.html#primaryimage"},"datePublished":"2025-07-03T19:00:23+00:00","dateModified":"2025-07-03T20:18:42+00:00","author":{"@id":"https:\/\/franciscanos.org.br\/noticias\/#\/schema\/person\/d9422e83121c3ad3b0f423d195f5bb25"},"breadcrumb":{"@id":"https:\/\/franciscanos.org.br\/noticias\/radio-frei-galvao-recebe-concessao-oficial-em-brasilia-marcando-nova-etapa-na-comunicacao-franciscana.html#breadcrumb"},"inLanguage":"pt-BR","potentialAction":[{"@type":"ReadAction","target":["https:\/\/franciscanos.org.br\/noticias\/radio-frei-galvao-recebe-concessao-oficial-em-brasilia-marcando-nova-etapa-na-comunicacao-franciscana.html"]}]},{"@type":"BreadcrumbList","@id":"https:\/\/franciscanos.org.br\/noticias\/radio-frei-galvao-recebe-concessao-oficial-em-brasilia-marcando-nova-etapa-na-comunicacao-franciscana.html#breadcrumb","itemListElement":[{"@type":"ListItem","position":1,"name":"Home","item":"https:\/\/franciscanos.org.br\/noticias"},{"@type":"ListItem","position":2,"name":"R\u00e1dio Frei Galv\u00e3o recebe concess\u00e3o oficial em Bras\u00edlia, marcando nova etapa na comunica\u00e7\u00e3o franciscana"}]},{"@type":"Person","@id":"https:\/\/franciscanos.org.br\/noticias\/#\/schema\/person\/d9422e83121c3ad3b0f423d195f5bb25","name":"Adriana Rabelo","image":{"@type":"ImageObject","inLanguage":"pt-BR","@id":"https:\/\/franciscanos.org.br\/noticias\/#\/schema\/person\/image\/","url":"https:\/\/secure.gravatar.com\/avatar\/0a937b7500cd7df77540cfb8bede877d?s=96&d=mm&r=g","contentUrl":"https:\/\/secure.gravatar.com\/avatar\/0a937b7500cd7df77540cfb8bede877d?s=96&d=mm&r=g","caption":"Adriana Rabelo"},"url":"https:\/\/franciscanos.org.br\/noticias\/author\/adrianarabelo"}]}},"_links":{"self":[{"href":"https:\/\/franciscanos.org.br\/noticias\/wp-json\/wp\/v2\/posts\/258546"}],"collection":[{"href":"https:\/\/franciscanos.org.br\/noticias\/wp-json\/wp\/v2\/posts"}],"about":[{"href":"https:\/\/franciscanos.org.br\/noticias\/wp-json\/wp\/v2\/types\/post"}],"author":[{"embeddable":true,"href":"https:\/\/franciscanos.org.br\/noticias\/wp-json\/wp\/v2\/users\/11"}],"replies":[{"embeddable":true,"href":"https:\/\/franciscanos.org.br\/noticias\/wp-json\/wp\/v2\/comments?post=258546"}],"version-history":[{"count":3,"href":"https:\/\/franciscanos.org.br\/noticias\/wp-json\/wp\/v2\/posts\/258546\/revisions"}],"predecessor-version":[{"id":258553,"href":"https:\/\/franciscanos.org.br\/noticias\/wp-json\/wp\/v2\/posts\/258546\/revisions\/258553"}],"wp:featuredmedia":[{"embeddable":true,"href":"https:\/\/franciscanos.org.br\/noticias\/wp-json\/wp\/v2\/media\/258551"}],"wp:attachment":[{"href":"https:\/\/franciscanos.org.br\/noticias\/wp-json\/wp\/v2\/media?parent=258546"}],"wp:term":[{"taxonomy":"category","embeddable":true,"href":"https:\/\/franciscanos.org.br\/noticias\/wp-json\/wp\/v2\/categories?post=258546"},{"taxonomy":"post_tag","embeddable":true,"href":"https:\/\/franciscanos.org.br\/noticias\/wp-json\/wp\/v2\/tags?post=258546"}],"curies":[{"name":"wp","href":"https:\/\/api.w.org\/{rel}","templated":true}]}}