{"id":258537,"date":"2025-07-02T15:47:04","date_gmt":"2025-07-02T18:47:04","guid":{"rendered":"https:\/\/franciscanos.org.br\/noticias\/?p=258537"},"modified":"2025-08-26T15:59:21","modified_gmt":"2025-08-26T18:59:21","slug":"conexao-fraterna-e-provincia-reforcam-parceria-na-cobertura-da-caminhada-franciscana-da-juventude","status":"publish","type":"post","link":"https:\/\/franciscanos.org.br\/noticias\/conexao-fraterna-e-provincia-reforcam-parceria-na-cobertura-da-caminhada-franciscana-da-juventude.html","title":{"rendered":"Conex\u00e3o Fraterna e Prov\u00edncia refor\u00e7am parceria na cobertura da Caminhada Franciscana da Juventude"},"content":{"rendered":"<p><img loading=\"lazy\" class=\"aligncenter wp-image-258540 size-full\" src=\"https:\/\/franciscanos.org.br\/noticias\/wp-content\/uploads\/2025\/07\/materia3.png\" alt=\"\" width=\"1280\" height=\"720\" srcset=\"https:\/\/franciscanos.org.br\/noticias\/wp-content\/uploads\/2025\/07\/materia3.png 1280w, https:\/\/franciscanos.org.br\/noticias\/wp-content\/uploads\/2025\/07\/materia3-450x253.png 450w, https:\/\/franciscanos.org.br\/noticias\/wp-content\/uploads\/2025\/07\/materia3-1024x576.png 1024w, https:\/\/franciscanos.org.br\/noticias\/wp-content\/uploads\/2025\/07\/materia3-768x432.png 768w, https:\/\/franciscanos.org.br\/noticias\/wp-content\/uploads\/2025\/07\/materia3-150x84.png 150w\" sizes=\"(max-width: 1280px) 100vw, 1280px\" \/><\/p>\n<p>Com a aproxima\u00e7\u00e3o da 13\u00aa Caminhada Franciscana da Juventude, que neste ano ser\u00e1 realizada entre as cidades de Coronel Freitas e Xaxim, ambas em Santa Catarina, nos dias 18 a 20 de julho, o Conex\u00e3o Fraterna, projeto que promove a divulga\u00e7\u00e3o do carisma franciscano para as juventudes, se organiza para a cobertura do evento.<br data-start=\"415\" data-end=\"418\" \/>Com um jeito informal, descontra\u00eddo e focado nos bastidores, o grupo, composto por jovens de diversos estados do Brasil, mas atuante no territ\u00f3rio da Prov\u00edncia Franciscana da Imaculada Concei\u00e7\u00e3o do Brasil, prop\u00f5e uma \u201ccobertura extraoficial\u201d, j\u00e1 reconhecida pela juventude como uma m\u00eddia de comunica\u00e7\u00e3o e uma fonte de informa\u00e7\u00e3o em tempo real.<\/p>\n<p>Para o Frei Augusto Luiz Gabriel, membro do Servi\u00e7o de Anima\u00e7\u00e3o com as Juventudes da Prov\u00edncia, a parceria \u00e9 extremamente frutuosa:<\/p>\n<p>\u201cEm primeiro lugar, vale destacar que a parceria entre a Prov\u00edncia e o Conex\u00e3o fortalece a evangeliza\u00e7\u00e3o das juventudes. A Caminhada Franciscana da Juventude \u00e9 muito mais do que um evento: \u00e9 uma experi\u00eancia de f\u00e9, comunh\u00e3o e an\u00fancio do Evangelho. Para que essa viv\u00eancia alcance mais pessoas e inspire outros jovens a seguirem o Cristo pobre, humilde e crucificado, a comunica\u00e7\u00e3o \u00e9 fundamental. Por isso, essa parceria tem sido essencial n\u00e3o s\u00f3 para dar visibilidade \u00e0 Caminhada, mas tamb\u00e9m para evangelizar de forma criativa e acess\u00edvel. Atrav\u00e9s da comunica\u00e7\u00e3o, nossos eventos se tornam mem\u00f3ria, testemunho e inspira\u00e7\u00e3o. Mostra que a evangeliza\u00e7\u00e3o acontece tamb\u00e9m pelas redes, pelas imagens, pelas palavras. \u00c9 a juventude franciscana anunciando, com alegria, beleza e verdade, o Reino de Deus! A cobertura da Caminhada, realizada em diferentes formatos e plataformas, \u00e9 fruto do trabalho coletivo, que se une na miss\u00e3o de comunicar o bem. Cada postagem, cada v\u00eddeo, cada testemunho partilhado nas redes \u00e9 um convite a caminhar conosco. E \u00e9 bonito ver que, nesta miss\u00e3o, a juventude e a Prov\u00edncia est\u00e3o de m\u00e3os dadas!\u201d.<\/p>\n<p>Para os membros do Conex\u00e3o, \u00e9 grande o reconhecimento como m\u00eddia durante a CFJ, pois isso refor\u00e7a ainda mais o sentimento de pertencimento ao evento.<\/p>\n<p><strong data-start=\"2186\" data-end=\"2227\"><img loading=\"lazy\" class=\"aligncenter wp-image-258541 size-full\" src=\"https:\/\/franciscanos.org.br\/noticias\/wp-content\/uploads\/2025\/07\/materia-4-2.png\" alt=\"\" width=\"1280\" height=\"720\" srcset=\"https:\/\/franciscanos.org.br\/noticias\/wp-content\/uploads\/2025\/07\/materia-4-2.png 1280w, https:\/\/franciscanos.org.br\/noticias\/wp-content\/uploads\/2025\/07\/materia-4-2-450x253.png 450w, https:\/\/franciscanos.org.br\/noticias\/wp-content\/uploads\/2025\/07\/materia-4-2-1024x576.png 1024w, https:\/\/franciscanos.org.br\/noticias\/wp-content\/uploads\/2025\/07\/materia-4-2-768x432.png 768w, https:\/\/franciscanos.org.br\/noticias\/wp-content\/uploads\/2025\/07\/materia-4-2-150x84.png 150w\" sizes=\"(max-width: 1280px) 100vw, 1280px\" \/><\/strong><\/p>\n<p><strong data-start=\"2186\" data-end=\"2227\">Conhe\u00e7a um pouco do Conex\u00e3o Fraterna:<\/strong><\/p>\n<p>\u201cO Conex\u00e3o surgiu durante o 3\u00ba Encontro Nacional Franciscano de Juventudes, realizado de 19 a 22 de julho, em Vila Velha (ES). Desde ent\u00e3o, seguimos juntos com a juventude, falando sobre Francisco. S\u00e3o in\u00fameras entrevistas, podcasts, caminhadas e miss\u00f5es vividas em comunh\u00e3o. O projeto j\u00e1 foi premiado pela CNBB como melhor aplicativo do ano, em 2022.\u201d<\/p>\n<p>Agora, a equipe j\u00e1 se prepara para desembarcar em Coronel Freitas e Xaxim, em julho, e se dedicar a mais uma cobertura cheia de vida, f\u00e9 e comunica\u00e7\u00e3o do bem.<\/p>\n<p>Acesse o link e saiba mais: <a href=\"https:\/\/conexaofraterna.com.br\/\">https:\/\/conexaofraterna.com.br\/<\/a><\/p>\n<hr \/>\n<p><em>Larissa Rodrigues &#8211; Conex\u00e3o Fraterna<\/em><\/p>\n","protected":false},"excerpt":{"rendered":"<p>Parceria franciscana<\/p>\n","protected":false},"author":11,"featured_media":258539,"comment_status":"open","ping_status":"open","sticky":false,"template":"","format":"standard","meta":[],"categories":[1],"tags":[2308,1461,2056],"acf":[],"yoast_head":"<!-- This site is optimized with the Yoast SEO plugin v19.2 - https:\/\/yoast.com\/wordpress\/plugins\/seo\/ -->\n<title>Conex\u00e3o Fraterna e Prov\u00edncia refor\u00e7am parceria na cobertura da Caminhada Franciscana da Juventude - Not\u00edcias - Franciscanos<\/title>\n<meta name=\"robots\" content=\"index, follow, max-snippet:-1, max-image-preview:large, max-video-preview:-1\" \/>\n<link rel=\"canonical\" href=\"https:\/\/franciscanos.org.br\/noticias\/conexao-fraterna-e-provincia-reforcam-parceria-na-cobertura-da-caminhada-franciscana-da-juventude.html\" \/>\n<meta property=\"og:locale\" content=\"pt_BR\" \/>\n<meta property=\"og:type\" content=\"article\" \/>\n<meta property=\"og:title\" content=\"Conex\u00e3o Fraterna e Prov\u00edncia refor\u00e7am parceria na cobertura da Caminhada Franciscana da Juventude - Not\u00edcias - Franciscanos\" \/>\n<meta property=\"og:description\" content=\"Parceria franciscana\" \/>\n<meta property=\"og:url\" content=\"https:\/\/franciscanos.org.br\/noticias\/conexao-fraterna-e-provincia-reforcam-parceria-na-cobertura-da-caminhada-franciscana-da-juventude.html\" \/>\n<meta property=\"og:site_name\" content=\"Not\u00edcias - Franciscanos\" \/>\n<meta property=\"article:published_time\" content=\"2025-07-02T18:47:04+00:00\" \/>\n<meta property=\"article:modified_time\" content=\"2025-08-26T18:59:21+00:00\" \/>\n<meta property=\"og:image\" content=\"https:\/\/franciscanos.org.br\/noticias\/wp-content\/uploads\/2025\/07\/chamada-4.png\" \/>\n\t<meta property=\"og:image:width\" content=\"800\" \/>\n\t<meta property=\"og:image:height\" content=\"550\" \/>\n\t<meta property=\"og:image:type\" content=\"image\/png\" \/>\n<meta name=\"author\" content=\"Adriana Rabelo\" \/>\n<meta name=\"twitter:card\" content=\"summary_large_image\" \/>\n<meta name=\"twitter:label1\" content=\"Escrito por\" \/>\n\t<meta name=\"twitter:data1\" content=\"Adriana Rabelo\" \/>\n\t<meta name=\"twitter:label2\" content=\"Est. tempo de leitura\" \/>\n\t<meta name=\"twitter:data2\" content=\"2 minutos\" \/>\n<script type=\"application\/ld+json\" class=\"yoast-schema-graph\">{\"@context\":\"https:\/\/schema.org\",\"@graph\":[{\"@type\":\"WebSite\",\"@id\":\"https:\/\/franciscanos.org.br\/noticias\/#website\",\"url\":\"https:\/\/franciscanos.org.br\/noticias\/\",\"name\":\"Not\u00edcias - Franciscanos\",\"description\":\"Prov\u00edncia Franciscana da Imaculada Concei\u00e7\u00e3o do Brasil - Ordem dos Frades Menores - OFM\",\"potentialAction\":[{\"@type\":\"SearchAction\",\"target\":{\"@type\":\"EntryPoint\",\"urlTemplate\":\"https:\/\/franciscanos.org.br\/noticias\/?s={search_term_string}\"},\"query-input\":\"required name=search_term_string\"}],\"inLanguage\":\"pt-BR\"},{\"@type\":\"ImageObject\",\"inLanguage\":\"pt-BR\",\"@id\":\"https:\/\/franciscanos.org.br\/noticias\/conexao-fraterna-e-provincia-reforcam-parceria-na-cobertura-da-caminhada-franciscana-da-juventude.html#primaryimage\",\"url\":\"https:\/\/franciscanos.org.br\/noticias\/wp-content\/uploads\/2025\/07\/chamada-4.png\",\"contentUrl\":\"https:\/\/franciscanos.org.br\/noticias\/wp-content\/uploads\/2025\/07\/chamada-4.png\",\"width\":800,\"height\":550},{\"@type\":\"WebPage\",\"@id\":\"https:\/\/franciscanos.org.br\/noticias\/conexao-fraterna-e-provincia-reforcam-parceria-na-cobertura-da-caminhada-franciscana-da-juventude.html#webpage\",\"url\":\"https:\/\/franciscanos.org.br\/noticias\/conexao-fraterna-e-provincia-reforcam-parceria-na-cobertura-da-caminhada-franciscana-da-juventude.html\",\"name\":\"Conex\u00e3o Fraterna e Prov\u00edncia refor\u00e7am parceria na cobertura da Caminhada Franciscana da Juventude - Not\u00edcias - Franciscanos\",\"isPartOf\":{\"@id\":\"https:\/\/franciscanos.org.br\/noticias\/#website\"},\"primaryImageOfPage\":{\"@id\":\"https:\/\/franciscanos.org.br\/noticias\/conexao-fraterna-e-provincia-reforcam-parceria-na-cobertura-da-caminhada-franciscana-da-juventude.html#primaryimage\"},\"datePublished\":\"2025-07-02T18:47:04+00:00\",\"dateModified\":\"2025-08-26T18:59:21+00:00\",\"author\":{\"@id\":\"https:\/\/franciscanos.org.br\/noticias\/#\/schema\/person\/d9422e83121c3ad3b0f423d195f5bb25\"},\"breadcrumb\":{\"@id\":\"https:\/\/franciscanos.org.br\/noticias\/conexao-fraterna-e-provincia-reforcam-parceria-na-cobertura-da-caminhada-franciscana-da-juventude.html#breadcrumb\"},\"inLanguage\":\"pt-BR\",\"potentialAction\":[{\"@type\":\"ReadAction\",\"target\":[\"https:\/\/franciscanos.org.br\/noticias\/conexao-fraterna-e-provincia-reforcam-parceria-na-cobertura-da-caminhada-franciscana-da-juventude.html\"]}]},{\"@type\":\"BreadcrumbList\",\"@id\":\"https:\/\/franciscanos.org.br\/noticias\/conexao-fraterna-e-provincia-reforcam-parceria-na-cobertura-da-caminhada-franciscana-da-juventude.html#breadcrumb\",\"itemListElement\":[{\"@type\":\"ListItem\",\"position\":1,\"name\":\"Home\",\"item\":\"https:\/\/franciscanos.org.br\/noticias\"},{\"@type\":\"ListItem\",\"position\":2,\"name\":\"Conex\u00e3o Fraterna e Prov\u00edncia refor\u00e7am parceria na cobertura da Caminhada Franciscana da Juventude\"}]},{\"@type\":\"Person\",\"@id\":\"https:\/\/franciscanos.org.br\/noticias\/#\/schema\/person\/d9422e83121c3ad3b0f423d195f5bb25\",\"name\":\"Adriana Rabelo\",\"image\":{\"@type\":\"ImageObject\",\"inLanguage\":\"pt-BR\",\"@id\":\"https:\/\/franciscanos.org.br\/noticias\/#\/schema\/person\/image\/\",\"url\":\"https:\/\/secure.gravatar.com\/avatar\/0a937b7500cd7df77540cfb8bede877d?s=96&d=mm&r=g\",\"contentUrl\":\"https:\/\/secure.gravatar.com\/avatar\/0a937b7500cd7df77540cfb8bede877d?s=96&d=mm&r=g\",\"caption\":\"Adriana Rabelo\"},\"url\":\"https:\/\/franciscanos.org.br\/noticias\/author\/adrianarabelo\"}]}<\/script>\n<!-- \/ Yoast SEO plugin. -->","yoast_head_json":{"title":"Conex\u00e3o Fraterna e Prov\u00edncia refor\u00e7am parceria na cobertura da Caminhada Franciscana da Juventude - Not\u00edcias - Franciscanos","robots":{"index":"index","follow":"follow","max-snippet":"max-snippet:-1","max-image-preview":"max-image-preview:large","max-video-preview":"max-video-preview:-1"},"canonical":"https:\/\/franciscanos.org.br\/noticias\/conexao-fraterna-e-provincia-reforcam-parceria-na-cobertura-da-caminhada-franciscana-da-juventude.html","og_locale":"pt_BR","og_type":"article","og_title":"Conex\u00e3o Fraterna e Prov\u00edncia refor\u00e7am parceria na cobertura da Caminhada Franciscana da Juventude - Not\u00edcias - Franciscanos","og_description":"Parceria franciscana","og_url":"https:\/\/franciscanos.org.br\/noticias\/conexao-fraterna-e-provincia-reforcam-parceria-na-cobertura-da-caminhada-franciscana-da-juventude.html","og_site_name":"Not\u00edcias - Franciscanos","article_published_time":"2025-07-02T18:47:04+00:00","article_modified_time":"2025-08-26T18:59:21+00:00","og_image":[{"width":800,"height":550,"url":"https:\/\/franciscanos.org.br\/noticias\/wp-content\/uploads\/2025\/07\/chamada-4.png","type":"image\/png"}],"author":"Adriana Rabelo","twitter_card":"summary_large_image","twitter_misc":{"Escrito por":"Adriana Rabelo","Est. tempo de leitura":"2 minutos"},"schema":{"@context":"https:\/\/schema.org","@graph":[{"@type":"WebSite","@id":"https:\/\/franciscanos.org.br\/noticias\/#website","url":"https:\/\/franciscanos.org.br\/noticias\/","name":"Not\u00edcias - Franciscanos","description":"Prov\u00edncia Franciscana da Imaculada Concei\u00e7\u00e3o do Brasil - Ordem dos Frades Menores - OFM","potentialAction":[{"@type":"SearchAction","target":{"@type":"EntryPoint","urlTemplate":"https:\/\/franciscanos.org.br\/noticias\/?s={search_term_string}"},"query-input":"required name=search_term_string"}],"inLanguage":"pt-BR"},{"@type":"ImageObject","inLanguage":"pt-BR","@id":"https:\/\/franciscanos.org.br\/noticias\/conexao-fraterna-e-provincia-reforcam-parceria-na-cobertura-da-caminhada-franciscana-da-juventude.html#primaryimage","url":"https:\/\/franciscanos.org.br\/noticias\/wp-content\/uploads\/2025\/07\/chamada-4.png","contentUrl":"https:\/\/franciscanos.org.br\/noticias\/wp-content\/uploads\/2025\/07\/chamada-4.png","width":800,"height":550},{"@type":"WebPage","@id":"https:\/\/franciscanos.org.br\/noticias\/conexao-fraterna-e-provincia-reforcam-parceria-na-cobertura-da-caminhada-franciscana-da-juventude.html#webpage","url":"https:\/\/franciscanos.org.br\/noticias\/conexao-fraterna-e-provincia-reforcam-parceria-na-cobertura-da-caminhada-franciscana-da-juventude.html","name":"Conex\u00e3o Fraterna e Prov\u00edncia refor\u00e7am parceria na cobertura da Caminhada Franciscana da Juventude - Not\u00edcias - Franciscanos","isPartOf":{"@id":"https:\/\/franciscanos.org.br\/noticias\/#website"},"primaryImageOfPage":{"@id":"https:\/\/franciscanos.org.br\/noticias\/conexao-fraterna-e-provincia-reforcam-parceria-na-cobertura-da-caminhada-franciscana-da-juventude.html#primaryimage"},"datePublished":"2025-07-02T18:47:04+00:00","dateModified":"2025-08-26T18:59:21+00:00","author":{"@id":"https:\/\/franciscanos.org.br\/noticias\/#\/schema\/person\/d9422e83121c3ad3b0f423d195f5bb25"},"breadcrumb":{"@id":"https:\/\/franciscanos.org.br\/noticias\/conexao-fraterna-e-provincia-reforcam-parceria-na-cobertura-da-caminhada-franciscana-da-juventude.html#breadcrumb"},"inLanguage":"pt-BR","potentialAction":[{"@type":"ReadAction","target":["https:\/\/franciscanos.org.br\/noticias\/conexao-fraterna-e-provincia-reforcam-parceria-na-cobertura-da-caminhada-franciscana-da-juventude.html"]}]},{"@type":"BreadcrumbList","@id":"https:\/\/franciscanos.org.br\/noticias\/conexao-fraterna-e-provincia-reforcam-parceria-na-cobertura-da-caminhada-franciscana-da-juventude.html#breadcrumb","itemListElement":[{"@type":"ListItem","position":1,"name":"Home","item":"https:\/\/franciscanos.org.br\/noticias"},{"@type":"ListItem","position":2,"name":"Conex\u00e3o Fraterna e Prov\u00edncia refor\u00e7am parceria na cobertura da Caminhada Franciscana da Juventude"}]},{"@type":"Person","@id":"https:\/\/franciscanos.org.br\/noticias\/#\/schema\/person\/d9422e83121c3ad3b0f423d195f5bb25","name":"Adriana Rabelo","image":{"@type":"ImageObject","inLanguage":"pt-BR","@id":"https:\/\/franciscanos.org.br\/noticias\/#\/schema\/person\/image\/","url":"https:\/\/secure.gravatar.com\/avatar\/0a937b7500cd7df77540cfb8bede877d?s=96&d=mm&r=g","contentUrl":"https:\/\/secure.gravatar.com\/avatar\/0a937b7500cd7df77540cfb8bede877d?s=96&d=mm&r=g","caption":"Adriana Rabelo"},"url":"https:\/\/franciscanos.org.br\/noticias\/author\/adrianarabelo"}]}},"_links":{"self":[{"href":"https:\/\/franciscanos.org.br\/noticias\/wp-json\/wp\/v2\/posts\/258537"}],"collection":[{"href":"https:\/\/franciscanos.org.br\/noticias\/wp-json\/wp\/v2\/posts"}],"about":[{"href":"https:\/\/franciscanos.org.br\/noticias\/wp-json\/wp\/v2\/types\/post"}],"author":[{"embeddable":true,"href":"https:\/\/franciscanos.org.br\/noticias\/wp-json\/wp\/v2\/users\/11"}],"replies":[{"embeddable":true,"href":"https:\/\/franciscanos.org.br\/noticias\/wp-json\/wp\/v2\/comments?post=258537"}],"version-history":[{"count":3,"href":"https:\/\/franciscanos.org.br\/noticias\/wp-json\/wp\/v2\/posts\/258537\/revisions"}],"predecessor-version":[{"id":258544,"href":"https:\/\/franciscanos.org.br\/noticias\/wp-json\/wp\/v2\/posts\/258537\/revisions\/258544"}],"wp:featuredmedia":[{"embeddable":true,"href":"https:\/\/franciscanos.org.br\/noticias\/wp-json\/wp\/v2\/media\/258539"}],"wp:attachment":[{"href":"https:\/\/franciscanos.org.br\/noticias\/wp-json\/wp\/v2\/media?parent=258537"}],"wp:term":[{"taxonomy":"category","embeddable":true,"href":"https:\/\/franciscanos.org.br\/noticias\/wp-json\/wp\/v2\/categories?post=258537"},{"taxonomy":"post_tag","embeddable":true,"href":"https:\/\/franciscanos.org.br\/noticias\/wp-json\/wp\/v2\/tags?post=258537"}],"curies":[{"name":"wp","href":"https:\/\/api.w.org\/{rel}","templated":true}]}}