{"id":258471,"date":"2025-07-01T11:15:29","date_gmt":"2025-07-01T14:15:29","guid":{"rendered":"https:\/\/franciscanos.org.br\/noticias\/?p=258471"},"modified":"2025-07-02T11:15:46","modified_gmt":"2025-07-02T14:15:46","slug":"solenidade-do-sagrado-coracao-de-jesus-e-celebrada-na-paroquia","status":"publish","type":"post","link":"https:\/\/franciscanos.org.br\/noticias\/solenidade-do-sagrado-coracao-de-jesus-e-celebrada-na-paroquia.html","title":{"rendered":"Solenidade do Sagrado Cora\u00e7\u00e3o de Jesus \u00e9 celebrada na Par\u00f3quia"},"content":{"rendered":"<p><img loading=\"lazy\" class=\"aligncenter wp-image-258472 size-full\" src=\"https:\/\/franciscanos.org.br\/noticias\/wp-content\/uploads\/2025\/07\/materia-1.png\" alt=\"\" width=\"1280\" height=\"720\" srcset=\"https:\/\/franciscanos.org.br\/noticias\/wp-content\/uploads\/2025\/07\/materia-1.png 1280w, https:\/\/franciscanos.org.br\/noticias\/wp-content\/uploads\/2025\/07\/materia-1-450x253.png 450w, https:\/\/franciscanos.org.br\/noticias\/wp-content\/uploads\/2025\/07\/materia-1-1024x576.png 1024w, https:\/\/franciscanos.org.br\/noticias\/wp-content\/uploads\/2025\/07\/materia-1-768x432.png 768w, https:\/\/franciscanos.org.br\/noticias\/wp-content\/uploads\/2025\/07\/materia-1-150x84.png 150w\" sizes=\"(max-width: 1280px) 100vw, 1280px\" \/><\/p>\n<p>A Par\u00f3quia S\u00e3o Luiz Gonzaga, em Xaxim (SC), celebrou a Solenidade do Sagrado Cora\u00e7\u00e3o de Jesus na sexta-feira, 27 de junho, \u00e0s 15h, na Matriz. O Apostolado da Ora\u00e7\u00e3o de Marema, Lajeado Grande, Matriz e Bairro Alvorada estiveram presentes na Solenidade que foi presidida por Frei Danilo Santos Oliveira.<\/p>\n<p style=\"text-align: justify; line-height: 150%;\">Na prociss\u00e3o de entrada, o estandarte com a imagem do Sagrado Cora\u00e7\u00e3o de Jesus, as fitas e livros para serem entregues \u00e0s novas apostoladas. Sete mulheres receberam a fita das m\u00e3os do sacerdote.<\/p>\n<p style=\"text-align: justify; line-height: 150%;\">Em sua homilia, Frei Danilo destacou os sentimentos que brotam do cora\u00e7\u00e3o: \u201cBrota do cora\u00e7\u00e3o tudo aquilo que \u00e9 bom. \u00c9 no cora\u00e7\u00e3o que nascem os sentimentos mais belos: a bondade, a miseric\u00f3rdia, a compaix\u00e3o. Jesus vem a n\u00f3s para expressar a sua infinita bondade e miseric\u00f3rdia, sobretudo com aqueles que estavam perdidos, feridos, desanimados. A Palavra de Deus \u00e9 concreta e exige de n\u00f3s compromisso. Muitas vezes, reconhecemos que deixamos a desejar em nossa viv\u00eancia dela\u201d.<\/p>\n<p style=\"text-align: justify; line-height: 150%;\"><img loading=\"lazy\" class=\"aligncenter wp-image-258478 size-full\" src=\"https:\/\/franciscanos.org.br\/noticias\/wp-content\/uploads\/2025\/07\/materia-4.png\" alt=\"\" width=\"1280\" height=\"720\" srcset=\"https:\/\/franciscanos.org.br\/noticias\/wp-content\/uploads\/2025\/07\/materia-4.png 1280w, https:\/\/franciscanos.org.br\/noticias\/wp-content\/uploads\/2025\/07\/materia-4-450x253.png 450w, https:\/\/franciscanos.org.br\/noticias\/wp-content\/uploads\/2025\/07\/materia-4-1024x576.png 1024w, https:\/\/franciscanos.org.br\/noticias\/wp-content\/uploads\/2025\/07\/materia-4-768x432.png 768w, https:\/\/franciscanos.org.br\/noticias\/wp-content\/uploads\/2025\/07\/materia-4-150x84.png 150w\" sizes=\"(max-width: 1280px) 100vw, 1280px\" \/><\/p>\n<p style=\"text-align: justify; line-height: 150%;\">Conforme o sacerdote, devemos seguir o caminho trilhado por Jesus, perceber quem est\u00e1 precisando de ajuda, assim como o Bom Pastor percebeu a ovelha perdida. \u201cJesus conta a par\u00e1bola do Bom Pastor que sente falta de uma s\u00f3 ovelha entre cem. Ele tem sensibilidade para perceber a aus\u00eancia daquele \u00fanico que se perdeu. E n\u00e3o descansa enquanto n\u00e3o a encontra. Quando a encontra, coloca-a sobre os ombros, junto ao peito. Esta \u00e9 a imagem do Bom Pastor, aquele que n\u00e3o desiste de ningu\u00e9m. N\u00f3s somos as 99 ovelhas que j\u00e1 est\u00e3o no caminho, mas somos tamb\u00e9m chamados a converter o cora\u00e7\u00e3o e a ser Jesus para quem se desviou\u201d, destacou o frade.<\/p>\n<p style=\"text-align: justify; line-height: 150%;\">\u201cHoje, como devotos e devotas do Sagrado Cora\u00e7\u00e3o de Jesus, somos convidados a ter um cora\u00e7\u00e3o generoso, aberto, atento. Que possamos ser as ovelhas que permanecem no caminho e, ao mesmo tempo, aquelas que ajudam a encontrar e resgatar quem se perdeu. Que o Sagrado Cora\u00e7\u00e3o de Jesus nos oriente e nos torne atentos aos pequenos sinais de sua presen\u00e7a, que Ele nos oferece a cada dia\u201d, ressaltou Frei Danilo.<\/p>\n\n\t\t<style type=\"text\/css\">\n\t\t\t#gallery-1 {\n\t\t\t\tmargin: auto;\n\t\t\t}\n\t\t\t#gallery-1 .gallery-item {\n\t\t\t\tfloat: left;\n\t\t\t\tmargin-top: 10px;\n\t\t\t\ttext-align: center;\n\t\t\t\twidth: 25%;\n\t\t\t}\n\t\t\t#gallery-1 img {\n\t\t\t\tborder: 2px solid #cfcfcf;\n\t\t\t}\n\t\t\t#gallery-1 .gallery-caption {\n\t\t\t\tmargin-left: 0;\n\t\t\t}\n\t\t\t\/* see gallery_shortcode() in wp-includes\/media.php *\/\n\t\t<\/style>\n\t\t<div id='gallery-1' class='gallery galleryid-258471 gallery-columns-4 gallery-size-thumbnail'><dl class='gallery-item'>\n\t\t\t<dt class='gallery-icon portrait'>\n\t\t\t\t<a href='https:\/\/franciscanos.org.br\/noticias\/wp-content\/uploads\/2025\/07\/WhatsApp-Image-2025-06-30-at-16.13.27-1.jpeg'><img width=\"300\" height=\"300\" src=\"https:\/\/franciscanos.org.br\/noticias\/wp-content\/uploads\/2025\/07\/WhatsApp-Image-2025-06-30-at-16.13.27-1-300x300.jpeg\" class=\"attachment-thumbnail size-thumbnail\" alt=\"\" loading=\"lazy\" srcset=\"https:\/\/franciscanos.org.br\/noticias\/wp-content\/uploads\/2025\/07\/WhatsApp-Image-2025-06-30-at-16.13.27-1-300x300.jpeg 300w, https:\/\/franciscanos.org.br\/noticias\/wp-content\/uploads\/2025\/07\/WhatsApp-Image-2025-06-30-at-16.13.27-1-100x100.jpeg 100w\" sizes=\"(max-width: 300px) 100vw, 300px\" \/><\/a>\n\t\t\t<\/dt><\/dl><dl class='gallery-item'>\n\t\t\t<dt class='gallery-icon portrait'>\n\t\t\t\t<a href='https:\/\/franciscanos.org.br\/noticias\/wp-content\/uploads\/2025\/07\/WhatsApp-Image-2025-06-30-at-16.13.26-3.jpeg'><img width=\"300\" height=\"300\" src=\"https:\/\/franciscanos.org.br\/noticias\/wp-content\/uploads\/2025\/07\/WhatsApp-Image-2025-06-30-at-16.13.26-3-300x300.jpeg\" class=\"attachment-thumbnail size-thumbnail\" alt=\"\" loading=\"lazy\" srcset=\"https:\/\/franciscanos.org.br\/noticias\/wp-content\/uploads\/2025\/07\/WhatsApp-Image-2025-06-30-at-16.13.26-3-300x300.jpeg 300w, https:\/\/franciscanos.org.br\/noticias\/wp-content\/uploads\/2025\/07\/WhatsApp-Image-2025-06-30-at-16.13.26-3-100x100.jpeg 100w\" sizes=\"(max-width: 300px) 100vw, 300px\" \/><\/a>\n\t\t\t<\/dt><\/dl><dl class='gallery-item'>\n\t\t\t<dt class='gallery-icon portrait'>\n\t\t\t\t<a href='https:\/\/franciscanos.org.br\/noticias\/wp-content\/uploads\/2025\/07\/WhatsApp-Image-2025-06-30-at-16.13.26-2.jpeg'><img width=\"300\" height=\"300\" src=\"https:\/\/franciscanos.org.br\/noticias\/wp-content\/uploads\/2025\/07\/WhatsApp-Image-2025-06-30-at-16.13.26-2-300x300.jpeg\" class=\"attachment-thumbnail size-thumbnail\" alt=\"\" loading=\"lazy\" srcset=\"https:\/\/franciscanos.org.br\/noticias\/wp-content\/uploads\/2025\/07\/WhatsApp-Image-2025-06-30-at-16.13.26-2-300x300.jpeg 300w, https:\/\/franciscanos.org.br\/noticias\/wp-content\/uploads\/2025\/07\/WhatsApp-Image-2025-06-30-at-16.13.26-2-100x100.jpeg 100w\" sizes=\"(max-width: 300px) 100vw, 300px\" \/><\/a>\n\t\t\t<\/dt><\/dl><dl class='gallery-item'>\n\t\t\t<dt class='gallery-icon portrait'>\n\t\t\t\t<a href='https:\/\/franciscanos.org.br\/noticias\/wp-content\/uploads\/2025\/07\/WhatsApp-Image-2025-06-30-at-16.13.26-1.jpeg'><img width=\"300\" height=\"300\" src=\"https:\/\/franciscanos.org.br\/noticias\/wp-content\/uploads\/2025\/07\/WhatsApp-Image-2025-06-30-at-16.13.26-1-300x300.jpeg\" class=\"attachment-thumbnail size-thumbnail\" alt=\"\" loading=\"lazy\" srcset=\"https:\/\/franciscanos.org.br\/noticias\/wp-content\/uploads\/2025\/07\/WhatsApp-Image-2025-06-30-at-16.13.26-1-300x300.jpeg 300w, https:\/\/franciscanos.org.br\/noticias\/wp-content\/uploads\/2025\/07\/WhatsApp-Image-2025-06-30-at-16.13.26-1-100x100.jpeg 100w\" sizes=\"(max-width: 300px) 100vw, 300px\" \/><\/a>\n\t\t\t<\/dt><\/dl><br style=\"clear: both\" \/>\n\t\t<\/div>\n\n<p style=\"text-align: justify; line-height: 150%;\">Encerrando sua reflex\u00e3o, o frade destaca que: \u201ca Missa n\u00e3o termina aqui: ela continua na nossa vida cotidiana. <strong><span style=\"font-weight: normal;\">Ide: sois enviados em miss\u00e3o!<\/span> <\/strong>Anunciai o Reino dos C\u00e9us com a vida. A paz que levamos \u00e9 a pr\u00f3pria paz de Jesus. Pe\u00e7amos ao Bom Pastor que nos ajude e fortale\u00e7a o nosso cora\u00e7\u00e3o, para que ele seja sempre generoso, dispon\u00edvel e fiel\u201d.<\/p>\n<p style=\"text-align: justify; line-height: 150%;\"><img loading=\"lazy\" class=\"aligncenter wp-image-258479 size-full\" src=\"https:\/\/franciscanos.org.br\/noticias\/wp-content\/uploads\/2025\/07\/materia-2.png\" alt=\"\" width=\"1280\" height=\"720\" srcset=\"https:\/\/franciscanos.org.br\/noticias\/wp-content\/uploads\/2025\/07\/materia-2.png 1280w, https:\/\/franciscanos.org.br\/noticias\/wp-content\/uploads\/2025\/07\/materia-2-450x253.png 450w, https:\/\/franciscanos.org.br\/noticias\/wp-content\/uploads\/2025\/07\/materia-2-1024x576.png 1024w, https:\/\/franciscanos.org.br\/noticias\/wp-content\/uploads\/2025\/07\/materia-2-768x432.png 768w, https:\/\/franciscanos.org.br\/noticias\/wp-content\/uploads\/2025\/07\/materia-2-150x84.png 150w\" sizes=\"(max-width: 1280px) 100vw, 1280px\" \/><\/p>\n<p style=\"text-align: justify; line-height: 150%;\">Momento especial de consagra\u00e7\u00e3o ao Sagrado Cora\u00e7\u00e3o de Jesus em frente ao altar, de joelhos as consagradas rezaram a ora\u00e7\u00e3o do Sagrado Cora\u00e7\u00e3o. Frei Danilo entregou as fitas a todas, encerrando o momento em que se apresentaram \u00e0 Comunidade como Apostoladas do Sagrado Cora\u00e7\u00e3o de Jesus.<\/p>\n<p style=\"text-align: justify; line-height: 150%;\">No final da celebra\u00e7\u00e3o, o agradecimento aos freis que celebraram o tr\u00edduo e a Solenidade e a todos que participaram e ajudaram a tornar esses momentos bem celebrados em honra ao Sagrado Cora\u00e7\u00e3o de Jesus.<\/p>\n<p style=\"text-align: justify; line-height: 150%;\">Ap\u00f3s a Santa Missa, um coquetel foi oferecido ao povo de Deus presente na celebra\u00e7\u00e3o.<\/p>\n<hr \/>\n<p style=\"text-align: justify; line-height: 150%;\"><em>Camila Mendo &#8211; Pascom<\/em><\/p>\n","protected":false},"excerpt":{"rendered":"<p>Solenidade do Sagrado Cora\u00e7\u00e3o de Jesus<\/p>\n","protected":false},"author":11,"featured_media":258473,"comment_status":"open","ping_status":"open","sticky":false,"template":"","format":"standard","meta":[],"categories":[1],"tags":[1591,2372],"acf":[],"yoast_head":"<!-- This site is optimized with the Yoast SEO plugin v19.2 - https:\/\/yoast.com\/wordpress\/plugins\/seo\/ -->\n<title>Solenidade do Sagrado Cora\u00e7\u00e3o de Jesus \u00e9 celebrada na Par\u00f3quia - Not\u00edcias - Franciscanos<\/title>\n<meta name=\"robots\" content=\"index, follow, max-snippet:-1, max-image-preview:large, max-video-preview:-1\" \/>\n<link rel=\"canonical\" href=\"https:\/\/franciscanos.org.br\/noticias\/solenidade-do-sagrado-coracao-de-jesus-e-celebrada-na-paroquia.html\" \/>\n<meta property=\"og:locale\" content=\"pt_BR\" \/>\n<meta property=\"og:type\" content=\"article\" \/>\n<meta property=\"og:title\" content=\"Solenidade do Sagrado Cora\u00e7\u00e3o de Jesus \u00e9 celebrada na Par\u00f3quia - Not\u00edcias - Franciscanos\" \/>\n<meta property=\"og:description\" content=\"Solenidade do Sagrado Cora\u00e7\u00e3o de Jesus\" \/>\n<meta property=\"og:url\" content=\"https:\/\/franciscanos.org.br\/noticias\/solenidade-do-sagrado-coracao-de-jesus-e-celebrada-na-paroquia.html\" \/>\n<meta property=\"og:site_name\" content=\"Not\u00edcias - Franciscanos\" \/>\n<meta property=\"article:published_time\" content=\"2025-07-01T14:15:29+00:00\" \/>\n<meta property=\"article:modified_time\" content=\"2025-07-02T14:15:46+00:00\" \/>\n<meta property=\"og:image\" content=\"https:\/\/franciscanos.org.br\/noticias\/wp-content\/uploads\/2025\/07\/chamada-1.png\" \/>\n\t<meta property=\"og:image:width\" content=\"800\" \/>\n\t<meta property=\"og:image:height\" content=\"550\" \/>\n\t<meta property=\"og:image:type\" content=\"image\/png\" \/>\n<meta name=\"author\" content=\"Adriana Rabelo\" \/>\n<meta name=\"twitter:card\" content=\"summary_large_image\" \/>\n<meta name=\"twitter:label1\" content=\"Escrito por\" \/>\n\t<meta name=\"twitter:data1\" content=\"Adriana Rabelo\" \/>\n\t<meta name=\"twitter:label2\" content=\"Est. tempo de leitura\" \/>\n\t<meta name=\"twitter:data2\" content=\"3 minutos\" \/>\n<script type=\"application\/ld+json\" class=\"yoast-schema-graph\">{\"@context\":\"https:\/\/schema.org\",\"@graph\":[{\"@type\":\"WebSite\",\"@id\":\"https:\/\/franciscanos.org.br\/noticias\/#website\",\"url\":\"https:\/\/franciscanos.org.br\/noticias\/\",\"name\":\"Not\u00edcias - Franciscanos\",\"description\":\"Prov\u00edncia Franciscana da Imaculada Concei\u00e7\u00e3o do Brasil - Ordem dos Frades Menores - OFM\",\"potentialAction\":[{\"@type\":\"SearchAction\",\"target\":{\"@type\":\"EntryPoint\",\"urlTemplate\":\"https:\/\/franciscanos.org.br\/noticias\/?s={search_term_string}\"},\"query-input\":\"required name=search_term_string\"}],\"inLanguage\":\"pt-BR\"},{\"@type\":\"ImageObject\",\"inLanguage\":\"pt-BR\",\"@id\":\"https:\/\/franciscanos.org.br\/noticias\/solenidade-do-sagrado-coracao-de-jesus-e-celebrada-na-paroquia.html#primaryimage\",\"url\":\"https:\/\/franciscanos.org.br\/noticias\/wp-content\/uploads\/2025\/07\/chamada-1.png\",\"contentUrl\":\"https:\/\/franciscanos.org.br\/noticias\/wp-content\/uploads\/2025\/07\/chamada-1.png\",\"width\":800,\"height\":550},{\"@type\":\"WebPage\",\"@id\":\"https:\/\/franciscanos.org.br\/noticias\/solenidade-do-sagrado-coracao-de-jesus-e-celebrada-na-paroquia.html#webpage\",\"url\":\"https:\/\/franciscanos.org.br\/noticias\/solenidade-do-sagrado-coracao-de-jesus-e-celebrada-na-paroquia.html\",\"name\":\"Solenidade do Sagrado Cora\u00e7\u00e3o de Jesus \u00e9 celebrada na Par\u00f3quia - Not\u00edcias - Franciscanos\",\"isPartOf\":{\"@id\":\"https:\/\/franciscanos.org.br\/noticias\/#website\"},\"primaryImageOfPage\":{\"@id\":\"https:\/\/franciscanos.org.br\/noticias\/solenidade-do-sagrado-coracao-de-jesus-e-celebrada-na-paroquia.html#primaryimage\"},\"datePublished\":\"2025-07-01T14:15:29+00:00\",\"dateModified\":\"2025-07-02T14:15:46+00:00\",\"author\":{\"@id\":\"https:\/\/franciscanos.org.br\/noticias\/#\/schema\/person\/d9422e83121c3ad3b0f423d195f5bb25\"},\"breadcrumb\":{\"@id\":\"https:\/\/franciscanos.org.br\/noticias\/solenidade-do-sagrado-coracao-de-jesus-e-celebrada-na-paroquia.html#breadcrumb\"},\"inLanguage\":\"pt-BR\",\"potentialAction\":[{\"@type\":\"ReadAction\",\"target\":[\"https:\/\/franciscanos.org.br\/noticias\/solenidade-do-sagrado-coracao-de-jesus-e-celebrada-na-paroquia.html\"]}]},{\"@type\":\"BreadcrumbList\",\"@id\":\"https:\/\/franciscanos.org.br\/noticias\/solenidade-do-sagrado-coracao-de-jesus-e-celebrada-na-paroquia.html#breadcrumb\",\"itemListElement\":[{\"@type\":\"ListItem\",\"position\":1,\"name\":\"Home\",\"item\":\"https:\/\/franciscanos.org.br\/noticias\"},{\"@type\":\"ListItem\",\"position\":2,\"name\":\"Solenidade do Sagrado Cora\u00e7\u00e3o de Jesus \u00e9 celebrada na Par\u00f3quia\"}]},{\"@type\":\"Person\",\"@id\":\"https:\/\/franciscanos.org.br\/noticias\/#\/schema\/person\/d9422e83121c3ad3b0f423d195f5bb25\",\"name\":\"Adriana Rabelo\",\"image\":{\"@type\":\"ImageObject\",\"inLanguage\":\"pt-BR\",\"@id\":\"https:\/\/franciscanos.org.br\/noticias\/#\/schema\/person\/image\/\",\"url\":\"https:\/\/secure.gravatar.com\/avatar\/0a937b7500cd7df77540cfb8bede877d?s=96&d=mm&r=g\",\"contentUrl\":\"https:\/\/secure.gravatar.com\/avatar\/0a937b7500cd7df77540cfb8bede877d?s=96&d=mm&r=g\",\"caption\":\"Adriana Rabelo\"},\"url\":\"https:\/\/franciscanos.org.br\/noticias\/author\/adrianarabelo\"}]}<\/script>\n<!-- \/ Yoast SEO plugin. -->","yoast_head_json":{"title":"Solenidade do Sagrado Cora\u00e7\u00e3o de Jesus \u00e9 celebrada na Par\u00f3quia - Not\u00edcias - Franciscanos","robots":{"index":"index","follow":"follow","max-snippet":"max-snippet:-1","max-image-preview":"max-image-preview:large","max-video-preview":"max-video-preview:-1"},"canonical":"https:\/\/franciscanos.org.br\/noticias\/solenidade-do-sagrado-coracao-de-jesus-e-celebrada-na-paroquia.html","og_locale":"pt_BR","og_type":"article","og_title":"Solenidade do Sagrado Cora\u00e7\u00e3o de Jesus \u00e9 celebrada na Par\u00f3quia - Not\u00edcias - Franciscanos","og_description":"Solenidade do Sagrado Cora\u00e7\u00e3o de Jesus","og_url":"https:\/\/franciscanos.org.br\/noticias\/solenidade-do-sagrado-coracao-de-jesus-e-celebrada-na-paroquia.html","og_site_name":"Not\u00edcias - Franciscanos","article_published_time":"2025-07-01T14:15:29+00:00","article_modified_time":"2025-07-02T14:15:46+00:00","og_image":[{"width":800,"height":550,"url":"https:\/\/franciscanos.org.br\/noticias\/wp-content\/uploads\/2025\/07\/chamada-1.png","type":"image\/png"}],"author":"Adriana Rabelo","twitter_card":"summary_large_image","twitter_misc":{"Escrito por":"Adriana Rabelo","Est. tempo de leitura":"3 minutos"},"schema":{"@context":"https:\/\/schema.org","@graph":[{"@type":"WebSite","@id":"https:\/\/franciscanos.org.br\/noticias\/#website","url":"https:\/\/franciscanos.org.br\/noticias\/","name":"Not\u00edcias - Franciscanos","description":"Prov\u00edncia Franciscana da Imaculada Concei\u00e7\u00e3o do Brasil - Ordem dos Frades Menores - OFM","potentialAction":[{"@type":"SearchAction","target":{"@type":"EntryPoint","urlTemplate":"https:\/\/franciscanos.org.br\/noticias\/?s={search_term_string}"},"query-input":"required name=search_term_string"}],"inLanguage":"pt-BR"},{"@type":"ImageObject","inLanguage":"pt-BR","@id":"https:\/\/franciscanos.org.br\/noticias\/solenidade-do-sagrado-coracao-de-jesus-e-celebrada-na-paroquia.html#primaryimage","url":"https:\/\/franciscanos.org.br\/noticias\/wp-content\/uploads\/2025\/07\/chamada-1.png","contentUrl":"https:\/\/franciscanos.org.br\/noticias\/wp-content\/uploads\/2025\/07\/chamada-1.png","width":800,"height":550},{"@type":"WebPage","@id":"https:\/\/franciscanos.org.br\/noticias\/solenidade-do-sagrado-coracao-de-jesus-e-celebrada-na-paroquia.html#webpage","url":"https:\/\/franciscanos.org.br\/noticias\/solenidade-do-sagrado-coracao-de-jesus-e-celebrada-na-paroquia.html","name":"Solenidade do Sagrado Cora\u00e7\u00e3o de Jesus \u00e9 celebrada na Par\u00f3quia - Not\u00edcias - Franciscanos","isPartOf":{"@id":"https:\/\/franciscanos.org.br\/noticias\/#website"},"primaryImageOfPage":{"@id":"https:\/\/franciscanos.org.br\/noticias\/solenidade-do-sagrado-coracao-de-jesus-e-celebrada-na-paroquia.html#primaryimage"},"datePublished":"2025-07-01T14:15:29+00:00","dateModified":"2025-07-02T14:15:46+00:00","author":{"@id":"https:\/\/franciscanos.org.br\/noticias\/#\/schema\/person\/d9422e83121c3ad3b0f423d195f5bb25"},"breadcrumb":{"@id":"https:\/\/franciscanos.org.br\/noticias\/solenidade-do-sagrado-coracao-de-jesus-e-celebrada-na-paroquia.html#breadcrumb"},"inLanguage":"pt-BR","potentialAction":[{"@type":"ReadAction","target":["https:\/\/franciscanos.org.br\/noticias\/solenidade-do-sagrado-coracao-de-jesus-e-celebrada-na-paroquia.html"]}]},{"@type":"BreadcrumbList","@id":"https:\/\/franciscanos.org.br\/noticias\/solenidade-do-sagrado-coracao-de-jesus-e-celebrada-na-paroquia.html#breadcrumb","itemListElement":[{"@type":"ListItem","position":1,"name":"Home","item":"https:\/\/franciscanos.org.br\/noticias"},{"@type":"ListItem","position":2,"name":"Solenidade do Sagrado Cora\u00e7\u00e3o de Jesus \u00e9 celebrada na Par\u00f3quia"}]},{"@type":"Person","@id":"https:\/\/franciscanos.org.br\/noticias\/#\/schema\/person\/d9422e83121c3ad3b0f423d195f5bb25","name":"Adriana Rabelo","image":{"@type":"ImageObject","inLanguage":"pt-BR","@id":"https:\/\/franciscanos.org.br\/noticias\/#\/schema\/person\/image\/","url":"https:\/\/secure.gravatar.com\/avatar\/0a937b7500cd7df77540cfb8bede877d?s=96&d=mm&r=g","contentUrl":"https:\/\/secure.gravatar.com\/avatar\/0a937b7500cd7df77540cfb8bede877d?s=96&d=mm&r=g","caption":"Adriana Rabelo"},"url":"https:\/\/franciscanos.org.br\/noticias\/author\/adrianarabelo"}]}},"_links":{"self":[{"href":"https:\/\/franciscanos.org.br\/noticias\/wp-json\/wp\/v2\/posts\/258471"}],"collection":[{"href":"https:\/\/franciscanos.org.br\/noticias\/wp-json\/wp\/v2\/posts"}],"about":[{"href":"https:\/\/franciscanos.org.br\/noticias\/wp-json\/wp\/v2\/types\/post"}],"author":[{"embeddable":true,"href":"https:\/\/franciscanos.org.br\/noticias\/wp-json\/wp\/v2\/users\/11"}],"replies":[{"embeddable":true,"href":"https:\/\/franciscanos.org.br\/noticias\/wp-json\/wp\/v2\/comments?post=258471"}],"version-history":[{"count":3,"href":"https:\/\/franciscanos.org.br\/noticias\/wp-json\/wp\/v2\/posts\/258471\/revisions"}],"predecessor-version":[{"id":258482,"href":"https:\/\/franciscanos.org.br\/noticias\/wp-json\/wp\/v2\/posts\/258471\/revisions\/258482"}],"wp:featuredmedia":[{"embeddable":true,"href":"https:\/\/franciscanos.org.br\/noticias\/wp-json\/wp\/v2\/media\/258473"}],"wp:attachment":[{"href":"https:\/\/franciscanos.org.br\/noticias\/wp-json\/wp\/v2\/media?parent=258471"}],"wp:term":[{"taxonomy":"category","embeddable":true,"href":"https:\/\/franciscanos.org.br\/noticias\/wp-json\/wp\/v2\/categories?post=258471"},{"taxonomy":"post_tag","embeddable":true,"href":"https:\/\/franciscanos.org.br\/noticias\/wp-json\/wp\/v2\/tags?post=258471"}],"curies":[{"name":"wp","href":"https:\/\/api.w.org\/{rel}","templated":true}]}}