{"id":258458,"date":"2025-07-01T08:45:10","date_gmt":"2025-07-01T11:45:10","guid":{"rendered":"https:\/\/franciscanos.org.br\/noticias\/?p=258458"},"modified":"2025-08-26T15:58:54","modified_gmt":"2025-08-26T18:58:54","slug":"quero-ser-frade-jovens-participam-dos-encontros-vocacionais-da-provincia","status":"publish","type":"post","link":"https:\/\/franciscanos.org.br\/noticias\/quero-ser-frade-jovens-participam-dos-encontros-vocacionais-da-provincia.html","title":{"rendered":"\u201cQuero ser frade!\u201d: Jovens participam dos encontros vocacionais da Prov\u00edncia"},"content":{"rendered":"<p><img loading=\"lazy\" class=\"aligncenter wp-image-258459 size-full\" src=\"https:\/\/franciscanos.org.br\/noticias\/wp-content\/uploads\/2025\/07\/MATERIA.png\" alt=\"\" width=\"1280\" height=\"720\" srcset=\"https:\/\/franciscanos.org.br\/noticias\/wp-content\/uploads\/2025\/07\/MATERIA.png 1280w, https:\/\/franciscanos.org.br\/noticias\/wp-content\/uploads\/2025\/07\/MATERIA-450x253.png 450w, https:\/\/franciscanos.org.br\/noticias\/wp-content\/uploads\/2025\/07\/MATERIA-1024x576.png 1024w, https:\/\/franciscanos.org.br\/noticias\/wp-content\/uploads\/2025\/07\/MATERIA-768x432.png 768w, https:\/\/franciscanos.org.br\/noticias\/wp-content\/uploads\/2025\/07\/MATERIA-150x84.png 150w\" sizes=\"(max-width: 1280px) 100vw, 1280px\" \/><\/p>\n<p>O m\u00eas de junho foi especial para 15 jovens que decidiram dar um passo a mais no seu caminho de discernimento vocacional. Acompanhados pelo Servi\u00e7o de Anima\u00e7\u00e3o Vocacional (SAV), eles participaram de dois encontros promovidos pela Prov\u00edncia da Imaculada Concei\u00e7\u00e3o: o primeiro foi realizado entre os dias 20 a 23 de junho, na Fraternidade Bom Jesus dos Perd\u00f5es, em Curitiba (PR); o segundo, de 27 a 29 de junho, no Semin\u00e1rio Frei Galv\u00e3o, em Guaratinguet\u00e1 (SP).<\/p>\n<p>Esses encontros s\u00e3o momentos importantes para quem est\u00e1 se perguntando sobre o chamado de Deus para seguir Jesus Cristo no caminho franciscano. Al\u00e9m de conhecer melhor a vida dos frades, os vocacionados t\u00eam a oportunidade de conviver com outros jovens que est\u00e3o na mesma busca \u2014 o que ajuda muito a perceber que n\u00e3o se est\u00e1 sozinho nesse processo.<\/p>\n<p><img loading=\"lazy\" class=\"aligncenter wp-image-258462 size-full\" src=\"https:\/\/franciscanos.org.br\/noticias\/wp-content\/uploads\/2025\/07\/MATERIA2-1.png\" alt=\"\" width=\"1280\" height=\"720\" srcset=\"https:\/\/franciscanos.org.br\/noticias\/wp-content\/uploads\/2025\/07\/MATERIA2-1.png 1280w, https:\/\/franciscanos.org.br\/noticias\/wp-content\/uploads\/2025\/07\/MATERIA2-1-450x253.png 450w, https:\/\/franciscanos.org.br\/noticias\/wp-content\/uploads\/2025\/07\/MATERIA2-1-1024x576.png 1024w, https:\/\/franciscanos.org.br\/noticias\/wp-content\/uploads\/2025\/07\/MATERIA2-1-768x432.png 768w, https:\/\/franciscanos.org.br\/noticias\/wp-content\/uploads\/2025\/07\/MATERIA2-1-150x84.png 150w\" sizes=\"(max-width: 1280px) 100vw, 1280px\" \/><\/p>\n<p>A programa\u00e7\u00e3o dos encontros \u00e9 simples, mas muito significativa. Os vocacionados entram no ritmo das fraternidades que os acolhem, participando da vida de ora\u00e7\u00e3o, das refei\u00e7\u00f5es, dos momentos de escuta e de reflex\u00e3o em grupo. A ideia \u00e9 mostrar, na pr\u00e1tica, como \u00e9 viver em fraternidade, partilhar a vida, rezar juntos e servir com alegria.<\/p>\n<p>Em Curitiba, o encontro foi marcado pela inser\u00e7\u00e3o na rotina de uma fraternidade local, com os frades que vivem e trabalham ali. J\u00e1 em Guaratinguet\u00e1, o diferencial foi o contato com os jovens que j\u00e1 est\u00e3o na etapa inicial do Postulantado. Isso ajudou os vocacionados a enxergar com mais clareza os pr\u00f3ximos passos que podem dar, caso se decidam por esse caminho.<\/p>\n<p><img loading=\"lazy\" class=\"aligncenter wp-image-258460 size-full\" src=\"https:\/\/franciscanos.org.br\/noticias\/wp-content\/uploads\/2025\/07\/MATERIA1.png\" alt=\"\" width=\"1280\" height=\"720\" srcset=\"https:\/\/franciscanos.org.br\/noticias\/wp-content\/uploads\/2025\/07\/MATERIA1.png 1280w, https:\/\/franciscanos.org.br\/noticias\/wp-content\/uploads\/2025\/07\/MATERIA1-450x253.png 450w, https:\/\/franciscanos.org.br\/noticias\/wp-content\/uploads\/2025\/07\/MATERIA1-1024x576.png 1024w, https:\/\/franciscanos.org.br\/noticias\/wp-content\/uploads\/2025\/07\/MATERIA1-768x432.png 768w, https:\/\/franciscanos.org.br\/noticias\/wp-content\/uploads\/2025\/07\/MATERIA1-150x84.png 150w\" sizes=\"(max-width: 1280px) 100vw, 1280px\" \/><\/p>\n<p>Durante os encontros, os frades tamb\u00e9m apresentaram os valores que sustentam a vida e a miss\u00e3o dos Franciscanos. Entre eles: o esp\u00edrito de ora\u00e7\u00e3o e devo\u00e7\u00e3o, a fraternidade vivida com simplicidade, o compromisso com os pobres, o cuidado com a cria\u00e7\u00e3o, a comunh\u00e3o com a Igreja e com a Fam\u00edlia Franciscana, e a abertura ao di\u00e1logo com o mundo. Esses valores n\u00e3o s\u00e3o apenas ideias bonitas, mas escolhas concretas que moldam o jeito franciscano de viver e anunciar o Evangelho.<\/p>\n\n\t\t<style type=\"text\/css\">\n\t\t\t#gallery-1 {\n\t\t\t\tmargin: auto;\n\t\t\t}\n\t\t\t#gallery-1 .gallery-item {\n\t\t\t\tfloat: left;\n\t\t\t\tmargin-top: 10px;\n\t\t\t\ttext-align: center;\n\t\t\t\twidth: 25%;\n\t\t\t}\n\t\t\t#gallery-1 img {\n\t\t\t\tborder: 2px solid #cfcfcf;\n\t\t\t}\n\t\t\t#gallery-1 .gallery-caption {\n\t\t\t\tmargin-left: 0;\n\t\t\t}\n\t\t\t\/* see gallery_shortcode() in wp-includes\/media.php *\/\n\t\t<\/style>\n\t\t<div id='gallery-1' class='gallery galleryid-258458 gallery-columns-4 gallery-size-thumbnail'><dl class='gallery-item'>\n\t\t\t<dt class='gallery-icon portrait'>\n\t\t\t\t<a href='https:\/\/franciscanos.org.br\/noticias\/wp-content\/uploads\/2025\/07\/WhatsApp-Image-2025-06-30-at-08.36.08.jpeg'><img width=\"300\" height=\"300\" src=\"https:\/\/franciscanos.org.br\/noticias\/wp-content\/uploads\/2025\/07\/WhatsApp-Image-2025-06-30-at-08.36.08-300x300.jpeg\" class=\"attachment-thumbnail size-thumbnail\" alt=\"\" loading=\"lazy\" srcset=\"https:\/\/franciscanos.org.br\/noticias\/wp-content\/uploads\/2025\/07\/WhatsApp-Image-2025-06-30-at-08.36.08-300x300.jpeg 300w, https:\/\/franciscanos.org.br\/noticias\/wp-content\/uploads\/2025\/07\/WhatsApp-Image-2025-06-30-at-08.36.08-100x100.jpeg 100w\" sizes=\"(max-width: 300px) 100vw, 300px\" \/><\/a>\n\t\t\t<\/dt><\/dl><dl class='gallery-item'>\n\t\t\t<dt class='gallery-icon landscape'>\n\t\t\t\t<a href='https:\/\/franciscanos.org.br\/noticias\/wp-content\/uploads\/2025\/07\/WhatsApp-Image-2025-06-30-at-08.36.07.jpeg'><img width=\"300\" height=\"300\" src=\"https:\/\/franciscanos.org.br\/noticias\/wp-content\/uploads\/2025\/07\/WhatsApp-Image-2025-06-30-at-08.36.07-300x300.jpeg\" class=\"attachment-thumbnail size-thumbnail\" alt=\"\" loading=\"lazy\" srcset=\"https:\/\/franciscanos.org.br\/noticias\/wp-content\/uploads\/2025\/07\/WhatsApp-Image-2025-06-30-at-08.36.07-300x300.jpeg 300w, https:\/\/franciscanos.org.br\/noticias\/wp-content\/uploads\/2025\/07\/WhatsApp-Image-2025-06-30-at-08.36.07-100x100.jpeg 100w\" sizes=\"(max-width: 300px) 100vw, 300px\" \/><\/a>\n\t\t\t<\/dt><\/dl><dl class='gallery-item'>\n\t\t\t<dt class='gallery-icon portrait'>\n\t\t\t\t<a href='https:\/\/franciscanos.org.br\/noticias\/wp-content\/uploads\/2025\/07\/WhatsApp-Image-2025-06-30-at-08.36.06-2.jpeg'><img width=\"300\" height=\"300\" src=\"https:\/\/franciscanos.org.br\/noticias\/wp-content\/uploads\/2025\/07\/WhatsApp-Image-2025-06-30-at-08.36.06-2-300x300.jpeg\" class=\"attachment-thumbnail size-thumbnail\" alt=\"\" loading=\"lazy\" srcset=\"https:\/\/franciscanos.org.br\/noticias\/wp-content\/uploads\/2025\/07\/WhatsApp-Image-2025-06-30-at-08.36.06-2-300x300.jpeg 300w, https:\/\/franciscanos.org.br\/noticias\/wp-content\/uploads\/2025\/07\/WhatsApp-Image-2025-06-30-at-08.36.06-2-100x100.jpeg 100w\" sizes=\"(max-width: 300px) 100vw, 300px\" \/><\/a>\n\t\t\t<\/dt><\/dl><dl class='gallery-item'>\n\t\t\t<dt class='gallery-icon portrait'>\n\t\t\t\t<a href='https:\/\/franciscanos.org.br\/noticias\/wp-content\/uploads\/2025\/07\/WhatsApp-Image-2025-06-30-at-08.36.02.jpeg'><img width=\"300\" height=\"300\" src=\"https:\/\/franciscanos.org.br\/noticias\/wp-content\/uploads\/2025\/07\/WhatsApp-Image-2025-06-30-at-08.36.02-300x300.jpeg\" class=\"attachment-thumbnail size-thumbnail\" alt=\"\" loading=\"lazy\" srcset=\"https:\/\/franciscanos.org.br\/noticias\/wp-content\/uploads\/2025\/07\/WhatsApp-Image-2025-06-30-at-08.36.02-300x300.jpeg 300w, https:\/\/franciscanos.org.br\/noticias\/wp-content\/uploads\/2025\/07\/WhatsApp-Image-2025-06-30-at-08.36.02-100x100.jpeg 100w\" sizes=\"(max-width: 300px) 100vw, 300px\" \/><\/a>\n\t\t\t<\/dt><\/dl><br style=\"clear: both\" \/>\n\t\t<\/div>\n\n<p>Ao final dos dois encontros, o clima era de gratid\u00e3o. Muitos jovens disseram ter se sentido tocados e desafiados. Alguns voltaram para casa com o cora\u00e7\u00e3o ainda mais inquieto, outros mais confiantes pelo caminho experimentado.<\/p>\n<p>Seguimos acompanhando com carinho esses vocacionados, rezando para que o Senhor da messe continue enviando oper\u00e1rios, certos de que nossas fraternidades estar\u00e3o sempre dispostas a acolh\u00ea-los com generosidade.<\/p>\n<hr \/>\n<p>Frei Je\u00e2 Paulo Andrade<\/p>\n","protected":false},"excerpt":{"rendered":"<p>Caminhada franciscana<\/p>\n","protected":false},"author":11,"featured_media":258467,"comment_status":"open","ping_status":"open","sticky":false,"template":"","format":"standard","meta":[],"categories":[1],"tags":[391,2257,2376,2056],"acf":[],"yoast_head":"<!-- This site is optimized with the Yoast SEO plugin v19.2 - https:\/\/yoast.com\/wordpress\/plugins\/seo\/ -->\n<title>\u201cQuero ser frade!\u201d: Jovens participam dos encontros vocacionais da Prov\u00edncia - Not\u00edcias - Franciscanos<\/title>\n<meta name=\"robots\" content=\"index, follow, max-snippet:-1, max-image-preview:large, max-video-preview:-1\" \/>\n<link rel=\"canonical\" href=\"https:\/\/franciscanos.org.br\/noticias\/quero-ser-frade-jovens-participam-dos-encontros-vocacionais-da-provincia.html\" \/>\n<meta property=\"og:locale\" content=\"pt_BR\" \/>\n<meta property=\"og:type\" content=\"article\" \/>\n<meta property=\"og:title\" content=\"\u201cQuero ser frade!\u201d: Jovens participam dos encontros vocacionais da Prov\u00edncia - Not\u00edcias - Franciscanos\" \/>\n<meta property=\"og:description\" content=\"Caminhada franciscana\" \/>\n<meta property=\"og:url\" content=\"https:\/\/franciscanos.org.br\/noticias\/quero-ser-frade-jovens-participam-dos-encontros-vocacionais-da-provincia.html\" \/>\n<meta property=\"og:site_name\" content=\"Not\u00edcias - Franciscanos\" \/>\n<meta property=\"article:published_time\" content=\"2025-07-01T11:45:10+00:00\" \/>\n<meta property=\"article:modified_time\" content=\"2025-08-26T18:58:54+00:00\" \/>\n<meta property=\"og:image\" content=\"https:\/\/franciscanos.org.br\/noticias\/wp-content\/uploads\/2025\/07\/chamada.png\" \/>\n\t<meta property=\"og:image:width\" content=\"800\" \/>\n\t<meta property=\"og:image:height\" content=\"550\" \/>\n\t<meta property=\"og:image:type\" content=\"image\/png\" \/>\n<meta name=\"author\" content=\"Adriana Rabelo\" \/>\n<meta name=\"twitter:card\" content=\"summary_large_image\" \/>\n<meta name=\"twitter:label1\" content=\"Escrito por\" \/>\n\t<meta name=\"twitter:data1\" content=\"Adriana Rabelo\" \/>\n\t<meta name=\"twitter:label2\" content=\"Est. tempo de leitura\" \/>\n\t<meta name=\"twitter:data2\" content=\"2 minutos\" \/>\n<script type=\"application\/ld+json\" class=\"yoast-schema-graph\">{\"@context\":\"https:\/\/schema.org\",\"@graph\":[{\"@type\":\"WebSite\",\"@id\":\"https:\/\/franciscanos.org.br\/noticias\/#website\",\"url\":\"https:\/\/franciscanos.org.br\/noticias\/\",\"name\":\"Not\u00edcias - Franciscanos\",\"description\":\"Prov\u00edncia Franciscana da Imaculada Concei\u00e7\u00e3o do Brasil - Ordem dos Frades Menores - OFM\",\"potentialAction\":[{\"@type\":\"SearchAction\",\"target\":{\"@type\":\"EntryPoint\",\"urlTemplate\":\"https:\/\/franciscanos.org.br\/noticias\/?s={search_term_string}\"},\"query-input\":\"required name=search_term_string\"}],\"inLanguage\":\"pt-BR\"},{\"@type\":\"ImageObject\",\"inLanguage\":\"pt-BR\",\"@id\":\"https:\/\/franciscanos.org.br\/noticias\/quero-ser-frade-jovens-participam-dos-encontros-vocacionais-da-provincia.html#primaryimage\",\"url\":\"https:\/\/franciscanos.org.br\/noticias\/wp-content\/uploads\/2025\/07\/chamada.png\",\"contentUrl\":\"https:\/\/franciscanos.org.br\/noticias\/wp-content\/uploads\/2025\/07\/chamada.png\",\"width\":800,\"height\":550},{\"@type\":\"WebPage\",\"@id\":\"https:\/\/franciscanos.org.br\/noticias\/quero-ser-frade-jovens-participam-dos-encontros-vocacionais-da-provincia.html#webpage\",\"url\":\"https:\/\/franciscanos.org.br\/noticias\/quero-ser-frade-jovens-participam-dos-encontros-vocacionais-da-provincia.html\",\"name\":\"\u201cQuero ser frade!\u201d: Jovens participam dos encontros vocacionais da Prov\u00edncia - Not\u00edcias - Franciscanos\",\"isPartOf\":{\"@id\":\"https:\/\/franciscanos.org.br\/noticias\/#website\"},\"primaryImageOfPage\":{\"@id\":\"https:\/\/franciscanos.org.br\/noticias\/quero-ser-frade-jovens-participam-dos-encontros-vocacionais-da-provincia.html#primaryimage\"},\"datePublished\":\"2025-07-01T11:45:10+00:00\",\"dateModified\":\"2025-08-26T18:58:54+00:00\",\"author\":{\"@id\":\"https:\/\/franciscanos.org.br\/noticias\/#\/schema\/person\/d9422e83121c3ad3b0f423d195f5bb25\"},\"breadcrumb\":{\"@id\":\"https:\/\/franciscanos.org.br\/noticias\/quero-ser-frade-jovens-participam-dos-encontros-vocacionais-da-provincia.html#breadcrumb\"},\"inLanguage\":\"pt-BR\",\"potentialAction\":[{\"@type\":\"ReadAction\",\"target\":[\"https:\/\/franciscanos.org.br\/noticias\/quero-ser-frade-jovens-participam-dos-encontros-vocacionais-da-provincia.html\"]}]},{\"@type\":\"BreadcrumbList\",\"@id\":\"https:\/\/franciscanos.org.br\/noticias\/quero-ser-frade-jovens-participam-dos-encontros-vocacionais-da-provincia.html#breadcrumb\",\"itemListElement\":[{\"@type\":\"ListItem\",\"position\":1,\"name\":\"Home\",\"item\":\"https:\/\/franciscanos.org.br\/noticias\"},{\"@type\":\"ListItem\",\"position\":2,\"name\":\"\u201cQuero ser frade!\u201d: Jovens participam dos encontros vocacionais da Prov\u00edncia\"}]},{\"@type\":\"Person\",\"@id\":\"https:\/\/franciscanos.org.br\/noticias\/#\/schema\/person\/d9422e83121c3ad3b0f423d195f5bb25\",\"name\":\"Adriana Rabelo\",\"image\":{\"@type\":\"ImageObject\",\"inLanguage\":\"pt-BR\",\"@id\":\"https:\/\/franciscanos.org.br\/noticias\/#\/schema\/person\/image\/\",\"url\":\"https:\/\/secure.gravatar.com\/avatar\/0a937b7500cd7df77540cfb8bede877d?s=96&d=mm&r=g\",\"contentUrl\":\"https:\/\/secure.gravatar.com\/avatar\/0a937b7500cd7df77540cfb8bede877d?s=96&d=mm&r=g\",\"caption\":\"Adriana Rabelo\"},\"url\":\"https:\/\/franciscanos.org.br\/noticias\/author\/adrianarabelo\"}]}<\/script>\n<!-- \/ Yoast SEO plugin. -->","yoast_head_json":{"title":"\u201cQuero ser frade!\u201d: Jovens participam dos encontros vocacionais da Prov\u00edncia - Not\u00edcias - Franciscanos","robots":{"index":"index","follow":"follow","max-snippet":"max-snippet:-1","max-image-preview":"max-image-preview:large","max-video-preview":"max-video-preview:-1"},"canonical":"https:\/\/franciscanos.org.br\/noticias\/quero-ser-frade-jovens-participam-dos-encontros-vocacionais-da-provincia.html","og_locale":"pt_BR","og_type":"article","og_title":"\u201cQuero ser frade!\u201d: Jovens participam dos encontros vocacionais da Prov\u00edncia - Not\u00edcias - Franciscanos","og_description":"Caminhada franciscana","og_url":"https:\/\/franciscanos.org.br\/noticias\/quero-ser-frade-jovens-participam-dos-encontros-vocacionais-da-provincia.html","og_site_name":"Not\u00edcias - Franciscanos","article_published_time":"2025-07-01T11:45:10+00:00","article_modified_time":"2025-08-26T18:58:54+00:00","og_image":[{"width":800,"height":550,"url":"https:\/\/franciscanos.org.br\/noticias\/wp-content\/uploads\/2025\/07\/chamada.png","type":"image\/png"}],"author":"Adriana Rabelo","twitter_card":"summary_large_image","twitter_misc":{"Escrito por":"Adriana Rabelo","Est. tempo de leitura":"2 minutos"},"schema":{"@context":"https:\/\/schema.org","@graph":[{"@type":"WebSite","@id":"https:\/\/franciscanos.org.br\/noticias\/#website","url":"https:\/\/franciscanos.org.br\/noticias\/","name":"Not\u00edcias - Franciscanos","description":"Prov\u00edncia Franciscana da Imaculada Concei\u00e7\u00e3o do Brasil - Ordem dos Frades Menores - OFM","potentialAction":[{"@type":"SearchAction","target":{"@type":"EntryPoint","urlTemplate":"https:\/\/franciscanos.org.br\/noticias\/?s={search_term_string}"},"query-input":"required name=search_term_string"}],"inLanguage":"pt-BR"},{"@type":"ImageObject","inLanguage":"pt-BR","@id":"https:\/\/franciscanos.org.br\/noticias\/quero-ser-frade-jovens-participam-dos-encontros-vocacionais-da-provincia.html#primaryimage","url":"https:\/\/franciscanos.org.br\/noticias\/wp-content\/uploads\/2025\/07\/chamada.png","contentUrl":"https:\/\/franciscanos.org.br\/noticias\/wp-content\/uploads\/2025\/07\/chamada.png","width":800,"height":550},{"@type":"WebPage","@id":"https:\/\/franciscanos.org.br\/noticias\/quero-ser-frade-jovens-participam-dos-encontros-vocacionais-da-provincia.html#webpage","url":"https:\/\/franciscanos.org.br\/noticias\/quero-ser-frade-jovens-participam-dos-encontros-vocacionais-da-provincia.html","name":"\u201cQuero ser frade!\u201d: Jovens participam dos encontros vocacionais da Prov\u00edncia - Not\u00edcias - Franciscanos","isPartOf":{"@id":"https:\/\/franciscanos.org.br\/noticias\/#website"},"primaryImageOfPage":{"@id":"https:\/\/franciscanos.org.br\/noticias\/quero-ser-frade-jovens-participam-dos-encontros-vocacionais-da-provincia.html#primaryimage"},"datePublished":"2025-07-01T11:45:10+00:00","dateModified":"2025-08-26T18:58:54+00:00","author":{"@id":"https:\/\/franciscanos.org.br\/noticias\/#\/schema\/person\/d9422e83121c3ad3b0f423d195f5bb25"},"breadcrumb":{"@id":"https:\/\/franciscanos.org.br\/noticias\/quero-ser-frade-jovens-participam-dos-encontros-vocacionais-da-provincia.html#breadcrumb"},"inLanguage":"pt-BR","potentialAction":[{"@type":"ReadAction","target":["https:\/\/franciscanos.org.br\/noticias\/quero-ser-frade-jovens-participam-dos-encontros-vocacionais-da-provincia.html"]}]},{"@type":"BreadcrumbList","@id":"https:\/\/franciscanos.org.br\/noticias\/quero-ser-frade-jovens-participam-dos-encontros-vocacionais-da-provincia.html#breadcrumb","itemListElement":[{"@type":"ListItem","position":1,"name":"Home","item":"https:\/\/franciscanos.org.br\/noticias"},{"@type":"ListItem","position":2,"name":"\u201cQuero ser frade!\u201d: Jovens participam dos encontros vocacionais da Prov\u00edncia"}]},{"@type":"Person","@id":"https:\/\/franciscanos.org.br\/noticias\/#\/schema\/person\/d9422e83121c3ad3b0f423d195f5bb25","name":"Adriana Rabelo","image":{"@type":"ImageObject","inLanguage":"pt-BR","@id":"https:\/\/franciscanos.org.br\/noticias\/#\/schema\/person\/image\/","url":"https:\/\/secure.gravatar.com\/avatar\/0a937b7500cd7df77540cfb8bede877d?s=96&d=mm&r=g","contentUrl":"https:\/\/secure.gravatar.com\/avatar\/0a937b7500cd7df77540cfb8bede877d?s=96&d=mm&r=g","caption":"Adriana Rabelo"},"url":"https:\/\/franciscanos.org.br\/noticias\/author\/adrianarabelo"}]}},"_links":{"self":[{"href":"https:\/\/franciscanos.org.br\/noticias\/wp-json\/wp\/v2\/posts\/258458"}],"collection":[{"href":"https:\/\/franciscanos.org.br\/noticias\/wp-json\/wp\/v2\/posts"}],"about":[{"href":"https:\/\/franciscanos.org.br\/noticias\/wp-json\/wp\/v2\/types\/post"}],"author":[{"embeddable":true,"href":"https:\/\/franciscanos.org.br\/noticias\/wp-json\/wp\/v2\/users\/11"}],"replies":[{"embeddable":true,"href":"https:\/\/franciscanos.org.br\/noticias\/wp-json\/wp\/v2\/comments?post=258458"}],"version-history":[{"count":4,"href":"https:\/\/franciscanos.org.br\/noticias\/wp-json\/wp\/v2\/posts\/258458\/revisions"}],"predecessor-version":[{"id":258621,"href":"https:\/\/franciscanos.org.br\/noticias\/wp-json\/wp\/v2\/posts\/258458\/revisions\/258621"}],"wp:featuredmedia":[{"embeddable":true,"href":"https:\/\/franciscanos.org.br\/noticias\/wp-json\/wp\/v2\/media\/258467"}],"wp:attachment":[{"href":"https:\/\/franciscanos.org.br\/noticias\/wp-json\/wp\/v2\/media?parent=258458"}],"wp:term":[{"taxonomy":"category","embeddable":true,"href":"https:\/\/franciscanos.org.br\/noticias\/wp-json\/wp\/v2\/categories?post=258458"},{"taxonomy":"post_tag","embeddable":true,"href":"https:\/\/franciscanos.org.br\/noticias\/wp-json\/wp\/v2\/tags?post=258458"}],"curies":[{"name":"wp","href":"https:\/\/api.w.org\/{rel}","templated":true}]}}