{"id":25845,"date":"2012-10-04T21:03:35","date_gmt":"2012-10-05T00:03:35","guid":{"rendered":"http:\/\/new.franciscanos.org.br\/?p=25845"},"modified":"2020-11-10T13:12:21","modified_gmt":"2020-11-10T16:12:21","slug":"na-missa-ecologica-frei-djalmo-pede-compromisso-com-o-mundo","status":"publish","type":"post","link":"https:\/\/franciscanos.org.br\/noticias\/na-missa-ecologica-frei-djalmo-pede-compromisso-com-o-mundo.html","title":{"rendered":"Na Missa Ecol\u00f3gica, Frei Djalmo pede compromisso com o mundo"},"content":{"rendered":"<p><a href=\"http:\/\/franciscanos.org.br\/wp-content\/uploads\/2012\/10\/alto2.jpg\"><img loading=\"lazy\" title=\"alto\" src=\"http:\/\/franciscanos.org.br\/wp-content\/uploads\/2012\/10\/alto2.jpg\" alt=\"\" width=\"830\" height=\"359\" \/><\/a><\/p>\n<p><strong>Moacir Beggo<\/strong><\/p>\n<p><strong>S\u00e3o Paulo (SP<\/strong>) &#8211; Mais do que celebrar S\u00e3o Francisco de Assis, o Padroeiro da Par\u00f3quia da Vila Clementino em S\u00e3o Paulo, neste 4 de outubro, o p\u00e1roco Frei Djalmo Fuck aproveitou a Missa Ecol\u00f3gica do meio-dia, criada por ele, para deixar uma mensagem de compromisso e respeito com a obra de Deus Criador e Pai.<\/p>\n<p>Neste ano, a Missa Ecol\u00f3gica aconteceu ao meio-dia e encerrou solenemente as celebra\u00e7\u00f5es, \u00e0s 20 horas. Durante todo o dia, os frades da Par\u00f3quia e da Sede da Prov\u00edncia da Imaculada Concei\u00e7\u00e3o deram a b\u00ean\u00e7\u00e3o de S\u00e3o Francisco.<\/p>\n<p>A Festa da Par\u00f3quia \u00e9 mais religiosa, mas n\u00e3o faltaram os Bolos de S\u00e3o Francisco com as medalinhas do Lobo de G\u00fabio. Neste ano, at\u00e9 os animais ganharam um bolo especial do Padroeiro.<\/p>\n<p>Em meio a uma sinfonia de latidos, Frei Djalmo acolheu com carinho os fi\u00e9is e seus animais de estima\u00e7\u00e3o: &#8220;Hoje, nossa igreja abre as suas portas para receber n\u00e3o s\u00f3 a voc\u00eas, filhos e filhas de S\u00e3o Francisco, mas receber tamb\u00e9m os nossos animais de estima\u00e7\u00e3o, filhos aben\u00e7oados e queridos de S\u00e3o Francisco de Assis&#8221;.<\/p>\n<p><a href=\"http:\/\/franciscanos.org.br\/wp-content\/uploads\/2012\/10\/djalmo.jpg\"><img loading=\"lazy\" class=\"alignright size-medium wp-image-25849\" title=\"djalmo\" src=\"http:\/\/franciscanos.org.br\/wp-content\/uploads\/2012\/10\/djalmo-238x300.jpg\" alt=\"\" width=\"238\" height=\"300\" \/><\/a>O p\u00e1roco explicou que em 1979, o saudoso Papa Jo\u00e3o Paulo II proclamou S\u00e3o Francisco Patrono da Ecologia e declarou-o, em 1986, homem da Paz e da Fraternidade.<\/p>\n<p>&#8220;E por que esse t\u00edtulo?&#8221;, perguntou. &#8220;S\u00e3o Francisco tinha um carinho todo especial pela a natureza e pelos animais. A todos S\u00e3o Francisco chamava de irm\u00e3os e irm\u00e3s, inclusive como podemos ver no C\u00e2ntico das Criaturas, que n\u00f3s temos t\u00e3o belamente retratado nos vitrais desta igreja&#8221;, acrescentou Frei Djalmo.<\/p>\n<p>Segundo ele, S\u00e3o Francisco louvava a cria\u00e7\u00e3o como um todo. &#8220;S\u00e3o Francisco louvava os animais, as plantas, porque entendia que n\u00f3s n\u00e3o estamos sozinhos neste mundo, mas fazemos parte desta grande cria\u00e7\u00e3o de Deus. E a todos devemos amar e respeitar, especialmente os seres humanos, aqueles que precisam da nossa ajuda, da nossa solidariedade, mas tamb\u00e9m precisamos amar a natureza, os animais, muitas vezes maltratados, abandonados, rejeitados. N\u00f3s precisamos aprender a partilhar, a conviver, neste mundo&#8221;, frisou.<\/p>\n<p>Para enfatizar o amor de Francisco pelas criaturas, leu um texto de Tom\u00e1s de Celano, o primeiro bi\u00f3grafo de S\u00e3o Francisco.<\/p>\n<p>&#8220;Francisco, meus irm\u00e3os e irm\u00e3s, contempla todas as criaturas com esse olhar de Deus. Este olhar que considera e contempla a todos irm\u00e3os. Penso que n\u00f3s, franciscanos, amigos e amigas de S\u00e3o Francisco, que viemos a esta igreja neste dia, pudess\u00e9mos levar para casa esta mensagem de vida: lembrar desta presen\u00e7a de Deus em todos os seres vivos. Todo o universo, cada criatura, cada planta, cada ser humano \u00e9 a presen\u00e7a do Criador, que \u00e9 Deus. \u00c9 importante, portanto, cultivar essa rela\u00e7\u00e3o fraternal e de comunh\u00e3o efetiva com os homens e com todas as criaturas&#8221;, pediu.<\/p>\n<p>Ele acha urgente que, em nosso tempo, o mundo abandone esta atitude consumista e essa cultura do descart\u00e1vel. &#8220;\u00c9 preciso estabelecer uma rela\u00e7\u00e3o de amor. N\u00e3o estamos sozinhos no mundo. Devo aprender a cuidar das coisas&#8221;.<\/p>\n<p>Para ele, por fim, o homem deve ter uma atitude de contempla\u00e7\u00e3o diante do mundo. &#8220;Somente desta forma haveremos de louvar o Criador. Ent\u00e3o, neste dia, olhando para S\u00e3o Francisco de Assis, juntamente com nossos animais de estima\u00e7\u00e3o, n\u00f3s queremos voltar para as nossas casas, para o nosso mundo, nosso trabalho, e cuidar: da natureza, do ser humano, porque este \u00e9 o nosso compromisso, esta \u00e9 a nossa tarefa. O mundo precisa ser cuidado, amado, estimado. Esse cuidado n\u00e3o \u00e9 responsabilidade de governos, entidades e organiza\u00e7\u00f5es, mas come\u00e7a aqui, em nossas casas, em nosso trabalho, na nossa igreja&#8221;.<br \/>\n<strong>Devotas de S\u00e3o Francisco<\/strong><\/p>\n<p><a href=\"http:\/\/franciscanos.org.br\/wp-content\/uploads\/2012\/10\/vanessa.jpg\"><img loading=\"lazy\" class=\"alignright size-medium wp-image-25847\" title=\"vanessa\" src=\"http:\/\/franciscanos.org.br\/wp-content\/uploads\/2012\/10\/vanessa-200x300.jpg\" alt=\"\" width=\"200\" height=\"300\" \/><\/a>Muito comum neste dia festivo \u00e9 encontrar devotos e devotas de S\u00e3o Francisco que n\u00e3o s\u00e3o cat\u00f3licos. Como Vanessa Kodaira, que \u00e9 de Campinas, mas viu pela internet que tinha b\u00ean\u00e7\u00e3o dos animais na Par\u00f3quia da Vila e n\u00e3o pensou duas vezes para trazer a Molly e Pinguinha.<br \/>\n&#8220;N\u00e3o sou batizada&#8221;, confessa, mas \u00e9 devota de S\u00e3o Francisco, o santo que conheceu como veterin\u00e1ria. &#8220;N\u00e3o conhe\u00e7o muito a vida de S\u00e3o Francisco, mas sei que ele era muito rico e deixou tudo para tr\u00e1s para cuidar dos desamparados&#8221;, disse, explicando que quando adotou Pinguinha, ela era muito &#8220;serelepe&#8221; e parecia b\u00eabada. &#8220;Disse que iria dar o nome de Pinguinha e acabou pegando!&#8221;<\/p>\n<p><a href=\"http:\/\/franciscanos.org.br\/wp-content\/uploads\/2012\/10\/vivian.jpg\"><img loading=\"lazy\" class=\"alignleft size-medium wp-image-25848\" title=\"vivian\" src=\"http:\/\/franciscanos.org.br\/wp-content\/uploads\/2012\/10\/vivian-215x300.jpg\" alt=\"\" width=\"215\" height=\"300\" \/><\/a>Vivian Mauro \u00e9 paroquiana da Vila Clementino. Todo ano, traz a Melrose, a Raika, a Miski e Vivi J\u00fanior para receberem a b\u00ean\u00e7\u00e3o do Santo protetor dos animais.<\/p>\n<p>&#8220;J\u00e1 era devota de S\u00e3o Francisco, mas fiquei mais quando a Melrose ficou curada de um problema que tinha&#8221;, conta Vivian. Segundo ela, a cachorrinha tinha o canal anal fechado e teria de fazer uma cirurgia de risco. Pelo relat\u00f3rio dos m\u00e9dicos, de seis em seis meses teria de repetir a cirurgia. &#8220;Mas, na v\u00e9spera de S\u00e3o Francisco, o frei deu uma b\u00ean\u00e7\u00e3o muito especial que ela est\u00e1 totalmente curada hoje e leva uma vida normal&#8221;, revela. Para retribuir esta gra\u00e7a, em todo encontro da ra\u00e7a West, Vivian distribui medalhinhas de S\u00e3o Francisco.<\/p>\n<p>&nbsp;<\/p>\n<p>&nbsp;<\/p>\n","protected":false},"excerpt":{"rendered":"<p>Festa de S\u00e3o Francisco<\/p>\n","protected":false},"author":1,"featured_media":209996,"comment_status":"closed","ping_status":"closed","sticky":false,"template":"","format":"standard","meta":[],"categories":[1],"tags":[],"acf":[],"yoast_head":"<!-- This site is optimized with the Yoast SEO plugin v19.2 - https:\/\/yoast.com\/wordpress\/plugins\/seo\/ -->\n<title>Na Missa Ecol\u00f3gica, Frei Djalmo pede compromisso com o mundo - Not\u00edcias - Franciscanos<\/title>\n<meta name=\"robots\" content=\"index, follow, max-snippet:-1, max-image-preview:large, max-video-preview:-1\" \/>\n<link rel=\"canonical\" href=\"https:\/\/franciscanos.org.br\/noticias\/na-missa-ecologica-frei-djalmo-pede-compromisso-com-o-mundo.html\" \/>\n<meta property=\"og:locale\" content=\"pt_BR\" \/>\n<meta property=\"og:type\" content=\"article\" \/>\n<meta property=\"og:title\" content=\"Na Missa Ecol\u00f3gica, Frei Djalmo pede compromisso com o mundo - Not\u00edcias - Franciscanos\" \/>\n<meta property=\"og:description\" content=\"Festa de S\u00e3o Francisco\" \/>\n<meta property=\"og:url\" content=\"https:\/\/franciscanos.org.br\/noticias\/na-missa-ecologica-frei-djalmo-pede-compromisso-com-o-mundo.html\" \/>\n<meta property=\"og:site_name\" content=\"Not\u00edcias - Franciscanos\" \/>\n<meta property=\"article:published_time\" content=\"2012-10-05T00:03:35+00:00\" \/>\n<meta property=\"article:modified_time\" content=\"2020-11-10T16:12:21+00:00\" \/>\n<meta property=\"og:image\" content=\"https:\/\/franciscanos.org.br\/noticias\/wp-content\/uploads\/2012\/10\/alto2.jpg\" \/>\n\t<meta property=\"og:image:width\" content=\"273\" \/>\n\t<meta property=\"og:image:height\" content=\"181\" \/>\n\t<meta property=\"og:image:type\" content=\"image\/jpeg\" \/>\n<meta name=\"author\" content=\"admin\" \/>\n<meta name=\"twitter:card\" content=\"summary_large_image\" \/>\n<meta name=\"twitter:label1\" content=\"Escrito por\" \/>\n\t<meta name=\"twitter:data1\" content=\"admin\" \/>\n\t<meta name=\"twitter:label2\" content=\"Est. tempo de leitura\" \/>\n\t<meta name=\"twitter:data2\" content=\"5 minutos\" \/>\n<script type=\"application\/ld+json\" class=\"yoast-schema-graph\">{\"@context\":\"https:\/\/schema.org\",\"@graph\":[{\"@type\":\"WebSite\",\"@id\":\"https:\/\/franciscanos.org.br\/noticias\/#website\",\"url\":\"https:\/\/franciscanos.org.br\/noticias\/\",\"name\":\"Not\u00edcias - Franciscanos\",\"description\":\"Prov\u00edncia Franciscana da Imaculada Concei\u00e7\u00e3o do Brasil - Ordem dos Frades Menores - OFM\",\"potentialAction\":[{\"@type\":\"SearchAction\",\"target\":{\"@type\":\"EntryPoint\",\"urlTemplate\":\"https:\/\/franciscanos.org.br\/noticias\/?s={search_term_string}\"},\"query-input\":\"required name=search_term_string\"}],\"inLanguage\":\"pt-BR\"},{\"@type\":\"ImageObject\",\"inLanguage\":\"pt-BR\",\"@id\":\"https:\/\/franciscanos.org.br\/noticias\/na-missa-ecologica-frei-djalmo-pede-compromisso-com-o-mundo.html#primaryimage\",\"url\":\"https:\/\/franciscanos.org.br\/noticias\/wp-content\/uploads\/2012\/10\/alto2.jpg\",\"contentUrl\":\"https:\/\/franciscanos.org.br\/noticias\/wp-content\/uploads\/2012\/10\/alto2.jpg\",\"width\":273,\"height\":181},{\"@type\":\"WebPage\",\"@id\":\"https:\/\/franciscanos.org.br\/noticias\/na-missa-ecologica-frei-djalmo-pede-compromisso-com-o-mundo.html#webpage\",\"url\":\"https:\/\/franciscanos.org.br\/noticias\/na-missa-ecologica-frei-djalmo-pede-compromisso-com-o-mundo.html\",\"name\":\"Na Missa Ecol\u00f3gica, Frei Djalmo pede compromisso com o mundo - Not\u00edcias - Franciscanos\",\"isPartOf\":{\"@id\":\"https:\/\/franciscanos.org.br\/noticias\/#website\"},\"primaryImageOfPage\":{\"@id\":\"https:\/\/franciscanos.org.br\/noticias\/na-missa-ecologica-frei-djalmo-pede-compromisso-com-o-mundo.html#primaryimage\"},\"datePublished\":\"2012-10-05T00:03:35+00:00\",\"dateModified\":\"2020-11-10T16:12:21+00:00\",\"author\":{\"@id\":\"https:\/\/franciscanos.org.br\/noticias\/#\/schema\/person\/b38fbf43118f02820bd932f2e4b14ad3\"},\"breadcrumb\":{\"@id\":\"https:\/\/franciscanos.org.br\/noticias\/na-missa-ecologica-frei-djalmo-pede-compromisso-com-o-mundo.html#breadcrumb\"},\"inLanguage\":\"pt-BR\",\"potentialAction\":[{\"@type\":\"ReadAction\",\"target\":[\"https:\/\/franciscanos.org.br\/noticias\/na-missa-ecologica-frei-djalmo-pede-compromisso-com-o-mundo.html\"]}]},{\"@type\":\"BreadcrumbList\",\"@id\":\"https:\/\/franciscanos.org.br\/noticias\/na-missa-ecologica-frei-djalmo-pede-compromisso-com-o-mundo.html#breadcrumb\",\"itemListElement\":[{\"@type\":\"ListItem\",\"position\":1,\"name\":\"Home\",\"item\":\"https:\/\/franciscanos.org.br\/noticias\"},{\"@type\":\"ListItem\",\"position\":2,\"name\":\"Na Missa Ecol\u00f3gica, Frei Djalmo pede compromisso com o mundo\"}]},{\"@type\":\"Person\",\"@id\":\"https:\/\/franciscanos.org.br\/noticias\/#\/schema\/person\/b38fbf43118f02820bd932f2e4b14ad3\",\"name\":\"admin\",\"image\":{\"@type\":\"ImageObject\",\"inLanguage\":\"pt-BR\",\"@id\":\"https:\/\/franciscanos.org.br\/noticias\/#\/schema\/person\/image\/\",\"url\":\"https:\/\/secure.gravatar.com\/avatar\/e8495742d34d0ba6448ea1c628263b3e?s=96&d=mm&r=g\",\"contentUrl\":\"https:\/\/secure.gravatar.com\/avatar\/e8495742d34d0ba6448ea1c628263b3e?s=96&d=mm&r=g\",\"caption\":\"admin\"},\"url\":\"https:\/\/franciscanos.org.br\/noticias\/author\/admin\"}]}<\/script>\n<!-- \/ Yoast SEO plugin. -->","yoast_head_json":{"title":"Na Missa Ecol\u00f3gica, Frei Djalmo pede compromisso com o mundo - Not\u00edcias - Franciscanos","robots":{"index":"index","follow":"follow","max-snippet":"max-snippet:-1","max-image-preview":"max-image-preview:large","max-video-preview":"max-video-preview:-1"},"canonical":"https:\/\/franciscanos.org.br\/noticias\/na-missa-ecologica-frei-djalmo-pede-compromisso-com-o-mundo.html","og_locale":"pt_BR","og_type":"article","og_title":"Na Missa Ecol\u00f3gica, Frei Djalmo pede compromisso com o mundo - Not\u00edcias - Franciscanos","og_description":"Festa de S\u00e3o Francisco","og_url":"https:\/\/franciscanos.org.br\/noticias\/na-missa-ecologica-frei-djalmo-pede-compromisso-com-o-mundo.html","og_site_name":"Not\u00edcias - Franciscanos","article_published_time":"2012-10-05T00:03:35+00:00","article_modified_time":"2020-11-10T16:12:21+00:00","og_image":[{"width":273,"height":181,"url":"https:\/\/franciscanos.org.br\/noticias\/wp-content\/uploads\/2012\/10\/alto2.jpg","type":"image\/jpeg"}],"author":"admin","twitter_card":"summary_large_image","twitter_misc":{"Escrito por":"admin","Est. tempo de leitura":"5 minutos"},"schema":{"@context":"https:\/\/schema.org","@graph":[{"@type":"WebSite","@id":"https:\/\/franciscanos.org.br\/noticias\/#website","url":"https:\/\/franciscanos.org.br\/noticias\/","name":"Not\u00edcias - Franciscanos","description":"Prov\u00edncia Franciscana da Imaculada Concei\u00e7\u00e3o do Brasil - Ordem dos Frades Menores - OFM","potentialAction":[{"@type":"SearchAction","target":{"@type":"EntryPoint","urlTemplate":"https:\/\/franciscanos.org.br\/noticias\/?s={search_term_string}"},"query-input":"required name=search_term_string"}],"inLanguage":"pt-BR"},{"@type":"ImageObject","inLanguage":"pt-BR","@id":"https:\/\/franciscanos.org.br\/noticias\/na-missa-ecologica-frei-djalmo-pede-compromisso-com-o-mundo.html#primaryimage","url":"https:\/\/franciscanos.org.br\/noticias\/wp-content\/uploads\/2012\/10\/alto2.jpg","contentUrl":"https:\/\/franciscanos.org.br\/noticias\/wp-content\/uploads\/2012\/10\/alto2.jpg","width":273,"height":181},{"@type":"WebPage","@id":"https:\/\/franciscanos.org.br\/noticias\/na-missa-ecologica-frei-djalmo-pede-compromisso-com-o-mundo.html#webpage","url":"https:\/\/franciscanos.org.br\/noticias\/na-missa-ecologica-frei-djalmo-pede-compromisso-com-o-mundo.html","name":"Na Missa Ecol\u00f3gica, Frei Djalmo pede compromisso com o mundo - Not\u00edcias - Franciscanos","isPartOf":{"@id":"https:\/\/franciscanos.org.br\/noticias\/#website"},"primaryImageOfPage":{"@id":"https:\/\/franciscanos.org.br\/noticias\/na-missa-ecologica-frei-djalmo-pede-compromisso-com-o-mundo.html#primaryimage"},"datePublished":"2012-10-05T00:03:35+00:00","dateModified":"2020-11-10T16:12:21+00:00","author":{"@id":"https:\/\/franciscanos.org.br\/noticias\/#\/schema\/person\/b38fbf43118f02820bd932f2e4b14ad3"},"breadcrumb":{"@id":"https:\/\/franciscanos.org.br\/noticias\/na-missa-ecologica-frei-djalmo-pede-compromisso-com-o-mundo.html#breadcrumb"},"inLanguage":"pt-BR","potentialAction":[{"@type":"ReadAction","target":["https:\/\/franciscanos.org.br\/noticias\/na-missa-ecologica-frei-djalmo-pede-compromisso-com-o-mundo.html"]}]},{"@type":"BreadcrumbList","@id":"https:\/\/franciscanos.org.br\/noticias\/na-missa-ecologica-frei-djalmo-pede-compromisso-com-o-mundo.html#breadcrumb","itemListElement":[{"@type":"ListItem","position":1,"name":"Home","item":"https:\/\/franciscanos.org.br\/noticias"},{"@type":"ListItem","position":2,"name":"Na Missa Ecol\u00f3gica, Frei Djalmo pede compromisso com o mundo"}]},{"@type":"Person","@id":"https:\/\/franciscanos.org.br\/noticias\/#\/schema\/person\/b38fbf43118f02820bd932f2e4b14ad3","name":"admin","image":{"@type":"ImageObject","inLanguage":"pt-BR","@id":"https:\/\/franciscanos.org.br\/noticias\/#\/schema\/person\/image\/","url":"https:\/\/secure.gravatar.com\/avatar\/e8495742d34d0ba6448ea1c628263b3e?s=96&d=mm&r=g","contentUrl":"https:\/\/secure.gravatar.com\/avatar\/e8495742d34d0ba6448ea1c628263b3e?s=96&d=mm&r=g","caption":"admin"},"url":"https:\/\/franciscanos.org.br\/noticias\/author\/admin"}]}},"_links":{"self":[{"href":"https:\/\/franciscanos.org.br\/noticias\/wp-json\/wp\/v2\/posts\/25845"}],"collection":[{"href":"https:\/\/franciscanos.org.br\/noticias\/wp-json\/wp\/v2\/posts"}],"about":[{"href":"https:\/\/franciscanos.org.br\/noticias\/wp-json\/wp\/v2\/types\/post"}],"author":[{"embeddable":true,"href":"https:\/\/franciscanos.org.br\/noticias\/wp-json\/wp\/v2\/users\/1"}],"replies":[{"embeddable":true,"href":"https:\/\/franciscanos.org.br\/noticias\/wp-json\/wp\/v2\/comments?post=25845"}],"version-history":[{"count":1,"href":"https:\/\/franciscanos.org.br\/noticias\/wp-json\/wp\/v2\/posts\/25845\/revisions"}],"predecessor-version":[{"id":229172,"href":"https:\/\/franciscanos.org.br\/noticias\/wp-json\/wp\/v2\/posts\/25845\/revisions\/229172"}],"wp:featuredmedia":[{"embeddable":true,"href":"https:\/\/franciscanos.org.br\/noticias\/wp-json\/wp\/v2\/media\/209996"}],"wp:attachment":[{"href":"https:\/\/franciscanos.org.br\/noticias\/wp-json\/wp\/v2\/media?parent=25845"}],"wp:term":[{"taxonomy":"category","embeddable":true,"href":"https:\/\/franciscanos.org.br\/noticias\/wp-json\/wp\/v2\/categories?post=25845"},{"taxonomy":"post_tag","embeddable":true,"href":"https:\/\/franciscanos.org.br\/noticias\/wp-json\/wp\/v2\/tags?post=25845"}],"curies":[{"name":"wp","href":"https:\/\/api.w.org\/{rel}","templated":true}]}}