{"id":258397,"date":"2025-06-30T11:29:35","date_gmt":"2025-06-30T14:29:35","guid":{"rendered":"https:\/\/franciscanos.org.br\/noticias\/?p=258397"},"modified":"2025-06-30T12:32:01","modified_gmt":"2025-06-30T15:32:01","slug":"frades-menores-do-brasil-e-cone-sul-concluem-missao-na-diocese-de-cruzeiro-do-sul-na-amazonia","status":"publish","type":"post","link":"https:\/\/franciscanos.org.br\/noticias\/frades-menores-do-brasil-e-cone-sul-concluem-missao-na-diocese-de-cruzeiro-do-sul-na-amazonia.html","title":{"rendered":"Frades menores do Brasil e Cone Sul concluem Miss\u00e3o na Diocese de Cruzeiro do Sul, na Amaz\u00f4nia"},"content":{"rendered":"<p><img loading=\"lazy\" class=\"aligncenter wp-image-258398 size-full\" src=\"https:\/\/franciscanos.org.br\/noticias\/wp-content\/uploads\/2025\/06\/MATERIA1-2.png\" alt=\"\" width=\"1280\" height=\"720\" srcset=\"https:\/\/franciscanos.org.br\/noticias\/wp-content\/uploads\/2025\/06\/MATERIA1-2.png 1280w, https:\/\/franciscanos.org.br\/noticias\/wp-content\/uploads\/2025\/06\/MATERIA1-2-450x253.png 450w, https:\/\/franciscanos.org.br\/noticias\/wp-content\/uploads\/2025\/06\/MATERIA1-2-1024x576.png 1024w, https:\/\/franciscanos.org.br\/noticias\/wp-content\/uploads\/2025\/06\/MATERIA1-2-768x432.png 768w, https:\/\/franciscanos.org.br\/noticias\/wp-content\/uploads\/2025\/06\/MATERIA1-2-150x84.png 150w\" sizes=\"(max-width: 1280px) 100vw, 1280px\" \/><\/p>\n<p>Pela primeira vez em sua hist\u00f3ria, a Confer\u00eancia dos Frades Menores do Brasil e Cone Sul (CBMByConoSur) realizou uma miss\u00e3o envolvendo frades de todas as doze entidades que a comp\u00f5em: nove no Brasil, duas na Argentina-Paraguai e uma no Chile. O lugar escolhido foi a Amaz\u00f4nia Brasileira, na Diocese de Cruzeiro do Sul, no Acre, extremo Noroeste do Brasil. Foram ao todo 18 frades, a maioria dentre os Secret\u00e1rios para Evangeliza\u00e7\u00e3o e Miss\u00e3o das entidades, al\u00e9m de outros frades convidados e do atual Presidente, Frei Fernando Aparecido dos Santos, Cust\u00f3dio da Cust\u00f3dia do Sagrado Cora\u00e7\u00e3o de Jesus, com Sede em Franca, no interior de S\u00e3o Paulo. Cruzeiro do Sul \u00e9 a segunda cidade em popula\u00e7\u00e3o do Estado do Acre. A \u00e1rea da Diocese \u00e9 composta por diferentes munic\u00edpios, numa imensa extens\u00e3o de terra e grandes cursos de \u00e1gua que comp\u00f5em as principais interliga\u00e7\u00f5es para as Comunidades mais distantes. As grandes dist\u00e2ncias e a pouca infraestrutura para transporte e comunica\u00e7\u00e3o, al\u00e9m das quest\u00f5es socioambientais, est\u00e3o entre os grandes desafios para a Evangeliza\u00e7\u00e3o na Regi\u00e3o.<\/p>\n<p><img loading=\"lazy\" class=\"aligncenter wp-image-258400 size-full\" src=\"https:\/\/franciscanos.org.br\/noticias\/wp-content\/uploads\/2025\/06\/MATERIA-4-7.png\" alt=\"\" width=\"1280\" height=\"720\" srcset=\"https:\/\/franciscanos.org.br\/noticias\/wp-content\/uploads\/2025\/06\/MATERIA-4-7.png 1280w, https:\/\/franciscanos.org.br\/noticias\/wp-content\/uploads\/2025\/06\/MATERIA-4-7-450x253.png 450w, https:\/\/franciscanos.org.br\/noticias\/wp-content\/uploads\/2025\/06\/MATERIA-4-7-1024x576.png 1024w, https:\/\/franciscanos.org.br\/noticias\/wp-content\/uploads\/2025\/06\/MATERIA-4-7-768x432.png 768w, https:\/\/franciscanos.org.br\/noticias\/wp-content\/uploads\/2025\/06\/MATERIA-4-7-150x84.png 150w\" sizes=\"(max-width: 1280px) 100vw, 1280px\" \/><\/p>\n<p>Os frades chegaram no dia 18 de junho, v\u00e9spera do feriado de Corpus Christi, em voo proveniente de Bras\u00edlia, com escala em Rio Branco (AC). Foram acolhidos pelo Bispo Diocesano, Dom Fl\u00e1vio Giovaneli e, nos dois primeiros dias, al\u00e9m de participar da Prociss\u00e3o do Sant\u00edssimo Corpo de Cristo, puderam conhecer um pouco da realidade do munic\u00edpio-sede da Diocese. A cidade se destaca por algumas ladeiras \u00edngremes e pelo grande n\u00famero de motos que circulam pelas ruas. A presen\u00e7a dos rios tamb\u00e9m \u00e9 not\u00e1vel e, no tempo de cheia, algumas \u00e1reas s\u00e3o alagadas. Por isso, muitas casas j\u00e1 s\u00e3o constru\u00eddas sobre palafitas, pequenos troncos de madeira que d\u00e3o mant\u00e9m a moradia suspensa do ch\u00e3o. Nestas \u00e9pocas, os moradores destas regi\u00f5es precisam trocar as motos, carros e bicicletas por canoas.<\/p>\n<p>Na sexta-feira, dia 20 de junho, os mission\u00e1rios se dividiram em grupos menores de dois ou tr\u00eas e foram enviados a diferentes realidades. Alguns pegaram um bom trecho de estrada em condi\u00e7\u00f5es dif\u00edceis, outros tiveram de lan\u00e7ar m\u00e3o de transporte fluvial, em canoas e barcos, outros ainda se utilizaram de quadriciclos para vencer a lama e o buraco das trilhas de acesso mais complicado. Nada disso lhes tirou a alegria. Puderam conhecer e participar do dia a dia do povo simples, caminharam e visitaram muitas casas, especialmente de pessoas doentes e acamadas. Conheceram comunidades ribeirinhas e tribos ind\u00edgenas. Puderam contribuir na forma\u00e7\u00e3o de lideran\u00e7as, nas celebra\u00e7\u00f5es lit\u00fargicas e na administra\u00e7\u00e3o dos sacramentos. Passaram cerca de uma semana nos campos de miss\u00e3o e voltaram com muitas hist\u00f3rias para contar, li\u00e7\u00f5es aprendidas e algumas picadas dos insetos da Floresta.<\/p>\n\n\t\t<style type=\"text\/css\">\n\t\t\t#gallery-1 {\n\t\t\t\tmargin: auto;\n\t\t\t}\n\t\t\t#gallery-1 .gallery-item {\n\t\t\t\tfloat: left;\n\t\t\t\tmargin-top: 10px;\n\t\t\t\ttext-align: center;\n\t\t\t\twidth: 25%;\n\t\t\t}\n\t\t\t#gallery-1 img {\n\t\t\t\tborder: 2px solid #cfcfcf;\n\t\t\t}\n\t\t\t#gallery-1 .gallery-caption {\n\t\t\t\tmargin-left: 0;\n\t\t\t}\n\t\t\t\/* see gallery_shortcode() in wp-includes\/media.php *\/\n\t\t<\/style>\n\t\t<div id='gallery-1' class='gallery galleryid-258397 gallery-columns-4 gallery-size-thumbnail'><dl class='gallery-item'>\n\t\t\t<dt class='gallery-icon portrait'>\n\t\t\t\t<a href='https:\/\/franciscanos.org.br\/noticias\/wp-content\/uploads\/2025\/06\/WhatsApp-Image-2025-06-30-at-00.57.19-1.jpeg'><img width=\"300\" height=\"300\" src=\"https:\/\/franciscanos.org.br\/noticias\/wp-content\/uploads\/2025\/06\/WhatsApp-Image-2025-06-30-at-00.57.19-1-300x300.jpeg\" class=\"attachment-thumbnail size-thumbnail\" alt=\"\" loading=\"lazy\" srcset=\"https:\/\/franciscanos.org.br\/noticias\/wp-content\/uploads\/2025\/06\/WhatsApp-Image-2025-06-30-at-00.57.19-1-300x300.jpeg 300w, https:\/\/franciscanos.org.br\/noticias\/wp-content\/uploads\/2025\/06\/WhatsApp-Image-2025-06-30-at-00.57.19-1-100x100.jpeg 100w\" sizes=\"(max-width: 300px) 100vw, 300px\" \/><\/a>\n\t\t\t<\/dt><\/dl><dl class='gallery-item'>\n\t\t\t<dt class='gallery-icon portrait'>\n\t\t\t\t<a href='https:\/\/franciscanos.org.br\/noticias\/wp-content\/uploads\/2025\/06\/WhatsApp-Image-2025-06-30-at-00.57.42.jpeg'><img width=\"300\" height=\"300\" src=\"https:\/\/franciscanos.org.br\/noticias\/wp-content\/uploads\/2025\/06\/WhatsApp-Image-2025-06-30-at-00.57.42-300x300.jpeg\" class=\"attachment-thumbnail size-thumbnail\" alt=\"\" loading=\"lazy\" srcset=\"https:\/\/franciscanos.org.br\/noticias\/wp-content\/uploads\/2025\/06\/WhatsApp-Image-2025-06-30-at-00.57.42-300x300.jpeg 300w, https:\/\/franciscanos.org.br\/noticias\/wp-content\/uploads\/2025\/06\/WhatsApp-Image-2025-06-30-at-00.57.42-100x100.jpeg 100w\" sizes=\"(max-width: 300px) 100vw, 300px\" \/><\/a>\n\t\t\t<\/dt><\/dl><dl class='gallery-item'>\n\t\t\t<dt class='gallery-icon portrait'>\n\t\t\t\t<a href='https:\/\/franciscanos.org.br\/noticias\/wp-content\/uploads\/2025\/06\/WhatsApp-Image-2025-06-30-at-01.01.54.jpeg'><img width=\"300\" height=\"300\" src=\"https:\/\/franciscanos.org.br\/noticias\/wp-content\/uploads\/2025\/06\/WhatsApp-Image-2025-06-30-at-01.01.54-300x300.jpeg\" class=\"attachment-thumbnail size-thumbnail\" alt=\"\" loading=\"lazy\" srcset=\"https:\/\/franciscanos.org.br\/noticias\/wp-content\/uploads\/2025\/06\/WhatsApp-Image-2025-06-30-at-01.01.54-300x300.jpeg 300w, https:\/\/franciscanos.org.br\/noticias\/wp-content\/uploads\/2025\/06\/WhatsApp-Image-2025-06-30-at-01.01.54-100x100.jpeg 100w\" sizes=\"(max-width: 300px) 100vw, 300px\" \/><\/a>\n\t\t\t<\/dt><\/dl><dl class='gallery-item'>\n\t\t\t<dt class='gallery-icon portrait'>\n\t\t\t\t<a href='https:\/\/franciscanos.org.br\/noticias\/wp-content\/uploads\/2025\/06\/WhatsApp-Image-2025-06-30-at-01.01.55-3.jpeg'><img width=\"300\" height=\"300\" src=\"https:\/\/franciscanos.org.br\/noticias\/wp-content\/uploads\/2025\/06\/WhatsApp-Image-2025-06-30-at-01.01.55-3-300x300.jpeg\" class=\"attachment-thumbnail size-thumbnail\" alt=\"\" loading=\"lazy\" srcset=\"https:\/\/franciscanos.org.br\/noticias\/wp-content\/uploads\/2025\/06\/WhatsApp-Image-2025-06-30-at-01.01.55-3-300x300.jpeg 300w, https:\/\/franciscanos.org.br\/noticias\/wp-content\/uploads\/2025\/06\/WhatsApp-Image-2025-06-30-at-01.01.55-3-100x100.jpeg 100w\" sizes=\"(max-width: 300px) 100vw, 300px\" \/><\/a>\n\t\t\t<\/dt><\/dl><br style=\"clear: both\" \/>\n\t\t<\/div>\n\n<p>Al\u00e9m de todo o trabalho de campo, os mission\u00e1rios tamb\u00e9m tiveram um tempo de qualificada e fraterna conviv\u00eancia com o Bispo e diversos presb\u00edteros do clero local, cultivando um esp\u00edrito de m\u00fatua perten\u00e7a eclesial e senso de colabora\u00e7\u00e3o. Para o Bispo Diocesano, Dom Flavio, a presen\u00e7a Franciscana na Diocese \u00e9 motivo de alegria e de muita esperan\u00e7a:<\/p>\n<p>\u201cPara n\u00f3s foi uma b\u00ean\u00e7\u00e3o, porque tivemos v\u00e1rios dias de anima\u00e7\u00e3o em diversas comunidades. Tamb\u00e9m vivemos um tempo de profunda renova\u00e7\u00e3o espiritual, tanto para a Diocese quanto para os frades que, desde in\u00edcio, vieram ao nosso encontro com a inten\u00e7\u00e3o de se doar e tamb\u00e9m de receber\u201d, explicou.<\/p>\n<p><img loading=\"lazy\" class=\"aligncenter wp-image-258405 size-full\" src=\"https:\/\/franciscanos.org.br\/noticias\/wp-content\/uploads\/2025\/06\/MATERIA-5-5.png\" alt=\"\" width=\"1280\" height=\"720\" srcset=\"https:\/\/franciscanos.org.br\/noticias\/wp-content\/uploads\/2025\/06\/MATERIA-5-5.png 1280w, https:\/\/franciscanos.org.br\/noticias\/wp-content\/uploads\/2025\/06\/MATERIA-5-5-450x253.png 450w, https:\/\/franciscanos.org.br\/noticias\/wp-content\/uploads\/2025\/06\/MATERIA-5-5-1024x576.png 1024w, https:\/\/franciscanos.org.br\/noticias\/wp-content\/uploads\/2025\/06\/MATERIA-5-5-768x432.png 768w, https:\/\/franciscanos.org.br\/noticias\/wp-content\/uploads\/2025\/06\/MATERIA-5-5-150x84.png 150w\" sizes=\"(max-width: 1280px) 100vw, 1280px\" \/><\/p>\n<p>A programa\u00e7\u00e3o foi bastante intensa e incluiu ainda encontros formativos em diferentes \u00e1reas, visitas a escolas, hospitais e outras unidades de sa\u00fade, participa\u00e7\u00e3o dos noven\u00e1rios em diferentes comunidades, presen\u00e7a na R\u00e1dio e outros meios de comunica\u00e7\u00e3o da Diocese, momentos de passeio e lazer para conhecer alguns pontos tur\u00edsticos da regi\u00e3o. Eventos envolvendo a juventude tamb\u00e9m fizeram parte do programa: houve encontros espec\u00edficos para esta faixa et\u00e1ria, uma atividade de Evangeliza\u00e7\u00e3o em pra\u00e7a p\u00fablica e uma Caminhada Franciscana que marcou o encerramento da Miss\u00e3o. A repercuss\u00e3o das diferentes atividades nas Redes Sociais e a participa\u00e7\u00e3o ativa dos jovens ligados \u00e0 Pastoral da Comunica\u00e7\u00e3o (PASCOM) tamb\u00e9m foram marcas deste tempo mission\u00e1rio. Na opini\u00e3o do jovem Zaqueu de Oliveira Rocha, da Par\u00f3quia Nossa Senhora da Gl\u00f3ria, a presen\u00e7a dos frades deixou uma marca de alegria na Diocese: \u201cEles nos ensinaram muitas cantigas e tamb\u00e9m nos apresentaram a Hist\u00f3ria de S\u00e3o Francisco. Vivemos uma experi\u00eancia incr\u00edvel\u201d, declarou.<\/p>\n<p><img loading=\"lazy\" class=\"aligncenter wp-image-258410 size-full\" src=\"https:\/\/franciscanos.org.br\/noticias\/wp-content\/uploads\/2025\/06\/materia8.png\" alt=\"\" width=\"1280\" height=\"720\" srcset=\"https:\/\/franciscanos.org.br\/noticias\/wp-content\/uploads\/2025\/06\/materia8.png 1280w, https:\/\/franciscanos.org.br\/noticias\/wp-content\/uploads\/2025\/06\/materia8-450x253.png 450w, https:\/\/franciscanos.org.br\/noticias\/wp-content\/uploads\/2025\/06\/materia8-1024x576.png 1024w, https:\/\/franciscanos.org.br\/noticias\/wp-content\/uploads\/2025\/06\/materia8-768x432.png 768w, https:\/\/franciscanos.org.br\/noticias\/wp-content\/uploads\/2025\/06\/materia8-150x84.png 150w\" sizes=\"(max-width: 1280px) 100vw, 1280px\" \/><\/p>\n<p>Na homilia da Missa de encerramento, celebrada ao fim da Caminhada Franciscana, na Matriz da Par\u00f3quia Nossa Senhora Aparecida, no dia 29 de junho, Solenidade de S\u00e3o Pedro e S\u00e3o Paulo, Frei Fernando, presidente da CFMByConoSur, destacou os bons frutos que os frades j\u00e1 estavam colhendo a partir da experi\u00eancia mission\u00e1ria: \u201cComo franciscanos, irm\u00e3os menores, com nossa presen\u00e7a alegre, simples e comprometida, desejamos ser testemunhas do Reino mesmo nos lugares mais long\u00ednquos, mas n\u00e3o menos importantes. Pois, a esperan\u00e7a n\u00e3o \u00e9 ilus\u00e3o, \u00e9 decis\u00e3o. \u00c9 enxergar o invis\u00edvel, confiar no improv\u00e1vel, insistir no bem. Com voc\u00eas aprendemos mais ainda a semear e a colher esta esperan\u00e7a com paci\u00eancia e f\u00e9, obedecendo at\u00e9 mesmo os cursos e o tempo dos rios, vossas riquezas. (&#8230;) De uma coisa estejam certos, para n\u00f3s, os frutos j\u00e1 come\u00e7am a despontar por tudo que isso significou em nossas vidas, e significar\u00e1 para as nossas entidades e para a nossa Confer\u00eancia do Brasil e Cone Sul\u201d, declarou.<\/p>\n<p><a href=\"https:\/\/franciscanos.org.br\/banca\/wp-content\/uploads\/2025\/06\/HOMILIA-MISSA-SOLENIDADE-DE-SAO-PEDRO-E-SAO-PAULO-1.pdf\"><span style=\"color: #333399;\"><strong>Clique aqui e acesse a homilia de Frei Fernando<\/strong><\/span><\/a><\/p>\n<p>Como gesto de gratid\u00e3o, os frades preparam um breve v\u00eddeo a partir de lembran\u00e7as e impress\u00f5es guardaram deste tempo de miss\u00e3o, cujo texto dizia:\u00a0 \u201cNa terra onde o Sol dorme mais tarde, n\u00f3s descobrimos que a esperan\u00e7a n\u00e3o cochila. Ela segue companheira, silenciosa e fiel, dirigindo os p\u00e9s e o cora\u00e7\u00e3o de um povo que, tendo muito ou pouco, sabe repartir o que tem. A mesa, o teto, a estrada, a canoa, a alegria e, \u00e9 claro, a esperan\u00e7a. Nestes quase quinze dias aqui na Diocese de Cruzeiro do Sul, n\u00f3s podemos dizer que tomamos um verdadeiro \u201cBanho de Evangelho\u201d por onde passamos. As visitas, b\u00ean\u00e7\u00e3os, encontros, celebra\u00e7\u00f5es, viagens e refei\u00e7\u00f5es serviram para confirmar em n\u00f3s a certeza de que quem caminha junto caminha melhor e chega mais longe. Encontramos uma Igreja viva, valente, generosa e disposta a superar os desafios com criatividade e empenho. Nosso tempo de miss\u00e3o est\u00e1 chegando ao fim. Sei que parece repetitivo, mas precisamos mais uma vez dizer: sem d\u00favida, vamos embora levando conosco muita coisa boa, bem mais do que deixamos. Diante de tantas b\u00ean\u00e7\u00e3os, o que n\u00e3o poder\u00edamos esquecer de deixar, \u00e9 a nossa imensa e profunda gratid\u00e3o \u00e0 amada Diocese de Cruzeiro do Sul\u201d.<\/p>\n<p><iframe loading=\"lazy\" title=\"YouTube video player\" src=\"https:\/\/www.youtube.com\/embed\/G0srulnIGBo?si=il641zB170-rcw6t\" width=\"100%\" height=\"480\" frameborder=\"0\" allowfullscreen=\"allowfullscreen\"><span data-mce-type=\"bookmark\" style=\"display: inline-block; width: 0px; overflow: hidden; line-height: 0;\" class=\"mce_SELRES_start\">\ufeff<\/span><\/iframe><\/p>\n<p>As miss\u00f5es da Confer\u00eancia em Cruzeiro do Sul nasceram de um sonho que foi constru\u00eddo a partir de muito di\u00e1logo e integra\u00e7\u00e3o, sempre com esp\u00edrito orante e muito discernimento. Al\u00e9m de Dom Fl\u00e1vio e Frei Fernando, tamb\u00e9m compuseram a comiss\u00e3o organizadora Frei Edgar Alves, da Prov\u00edncia do Sant\u00edssimo Nome, Secret\u00e1rio de Evangeliza\u00e7\u00e3o de Confer\u00eancia at\u00e9 mar\u00e7o deste ano, e Padre Benedito Ferreira, Ec\u00f4nomo da Diocese de Cruzeiro do Sul. A miss\u00e3o foi conclu\u00edda <em>in loco. <\/em>No entanto, pelas manifesta\u00e7\u00f5es intensas de ambas as partes, dos frades e do povo de Cruzeiro do Sul, muitos frutos ainda devem vir pela frente.<\/p>\n<p><iframe loading=\"lazy\" title=\"YouTube video player\" src=\"https:\/\/www.youtube.com\/embed\/rjHmVpfNIaQ?si=BZwkTmq7AOHqDzu3\" width=\"100%\" height=\"480\" frameborder=\"0\" allowfullscreen=\"allowfullscreen\"><span data-mce-type=\"bookmark\" style=\"display: inline-block; width: 0px; overflow: hidden; line-height: 0;\" class=\"mce_SELRES_start\">\ufeff<\/span><\/iframe><\/p>\n<hr \/>\n<p>Frei Gustavo Wayand Medella<\/p>\n\n\t\t<style type=\"text\/css\">\n\t\t\t#gallery-2 {\n\t\t\t\tmargin: auto;\n\t\t\t}\n\t\t\t#gallery-2 .gallery-item {\n\t\t\t\tfloat: left;\n\t\t\t\tmargin-top: 10px;\n\t\t\t\ttext-align: center;\n\t\t\t\twidth: 33%;\n\t\t\t}\n\t\t\t#gallery-2 img {\n\t\t\t\tborder: 2px solid #cfcfcf;\n\t\t\t}\n\t\t\t#gallery-2 .gallery-caption {\n\t\t\t\tmargin-left: 0;\n\t\t\t}\n\t\t\t\/* see gallery_shortcode() in wp-includes\/media.php *\/\n\t\t<\/style>\n\t\t<div id='gallery-2' class='gallery galleryid-258397 gallery-columns-3 gallery-size-thumbnail'><dl class='gallery-item'>\n\t\t\t<dt class='gallery-icon landscape'>\n\t\t\t\t<a href='https:\/\/franciscanos.org.br\/noticias\/wp-content\/uploads\/2025\/06\/chamada-42.png'><img width=\"300\" height=\"300\" src=\"https:\/\/franciscanos.org.br\/noticias\/wp-content\/uploads\/2025\/06\/chamada-42-300x300.png\" class=\"attachment-thumbnail size-thumbnail\" alt=\"\" loading=\"lazy\" srcset=\"https:\/\/franciscanos.org.br\/noticias\/wp-content\/uploads\/2025\/06\/chamada-42-300x300.png 300w, https:\/\/franciscanos.org.br\/noticias\/wp-content\/uploads\/2025\/06\/chamada-42-100x100.png 100w\" sizes=\"(max-width: 300px) 100vw, 300px\" \/><\/a>\n\t\t\t<\/dt><\/dl><dl class='gallery-item'>\n\t\t\t<dt class='gallery-icon landscape'>\n\t\t\t\t<a href='https:\/\/franciscanos.org.br\/noticias\/wp-content\/uploads\/2025\/06\/WhatsApp-Image-2025-06-30-at-01.01.55-1.jpeg'><img width=\"300\" height=\"300\" src=\"https:\/\/franciscanos.org.br\/noticias\/wp-content\/uploads\/2025\/06\/WhatsApp-Image-2025-06-30-at-01.01.55-1-300x300.jpeg\" class=\"attachment-thumbnail size-thumbnail\" alt=\"\" loading=\"lazy\" srcset=\"https:\/\/franciscanos.org.br\/noticias\/wp-content\/uploads\/2025\/06\/WhatsApp-Image-2025-06-30-at-01.01.55-1-300x300.jpeg 300w, https:\/\/franciscanos.org.br\/noticias\/wp-content\/uploads\/2025\/06\/WhatsApp-Image-2025-06-30-at-01.01.55-1-100x100.jpeg 100w\" sizes=\"(max-width: 300px) 100vw, 300px\" \/><\/a>\n\t\t\t<\/dt><\/dl><dl class='gallery-item'>\n\t\t\t<dt class='gallery-icon landscape'>\n\t\t\t\t<a href='https:\/\/franciscanos.org.br\/noticias\/wp-content\/uploads\/2025\/06\/WhatsApp-Image-2025-06-30-at-01.01.55-2.jpeg'><img width=\"300\" height=\"300\" src=\"https:\/\/franciscanos.org.br\/noticias\/wp-content\/uploads\/2025\/06\/WhatsApp-Image-2025-06-30-at-01.01.55-2-300x300.jpeg\" class=\"attachment-thumbnail size-thumbnail\" alt=\"\" loading=\"lazy\" srcset=\"https:\/\/franciscanos.org.br\/noticias\/wp-content\/uploads\/2025\/06\/WhatsApp-Image-2025-06-30-at-01.01.55-2-300x300.jpeg 300w, https:\/\/franciscanos.org.br\/noticias\/wp-content\/uploads\/2025\/06\/WhatsApp-Image-2025-06-30-at-01.01.55-2-100x100.jpeg 100w\" sizes=\"(max-width: 300px) 100vw, 300px\" \/><\/a>\n\t\t\t<\/dt><\/dl><br style=\"clear: both\" \/><dl class='gallery-item'>\n\t\t\t<dt class='gallery-icon landscape'>\n\t\t\t\t<a href='https:\/\/franciscanos.org.br\/noticias\/wp-content\/uploads\/2025\/06\/WhatsApp-Image-2025-06-30-at-01.01.55.jpeg'><img width=\"300\" height=\"300\" src=\"https:\/\/franciscanos.org.br\/noticias\/wp-content\/uploads\/2025\/06\/WhatsApp-Image-2025-06-30-at-01.01.55-300x300.jpeg\" class=\"attachment-thumbnail size-thumbnail\" alt=\"\" loading=\"lazy\" srcset=\"https:\/\/franciscanos.org.br\/noticias\/wp-content\/uploads\/2025\/06\/WhatsApp-Image-2025-06-30-at-01.01.55-300x300.jpeg 300w, https:\/\/franciscanos.org.br\/noticias\/wp-content\/uploads\/2025\/06\/WhatsApp-Image-2025-06-30-at-01.01.55-100x100.jpeg 100w\" sizes=\"(max-width: 300px) 100vw, 300px\" \/><\/a>\n\t\t\t<\/dt><\/dl><dl class='gallery-item'>\n\t\t\t<dt class='gallery-icon portrait'>\n\t\t\t\t<a href='https:\/\/franciscanos.org.br\/noticias\/wp-content\/uploads\/2025\/06\/WhatsApp-Image-2025-06-30-at-01.01.56-1.jpeg'><img width=\"300\" height=\"300\" src=\"https:\/\/franciscanos.org.br\/noticias\/wp-content\/uploads\/2025\/06\/WhatsApp-Image-2025-06-30-at-01.01.56-1-300x300.jpeg\" class=\"attachment-thumbnail size-thumbnail\" alt=\"\" loading=\"lazy\" srcset=\"https:\/\/franciscanos.org.br\/noticias\/wp-content\/uploads\/2025\/06\/WhatsApp-Image-2025-06-30-at-01.01.56-1-300x300.jpeg 300w, https:\/\/franciscanos.org.br\/noticias\/wp-content\/uploads\/2025\/06\/WhatsApp-Image-2025-06-30-at-01.01.56-1-100x100.jpeg 100w\" sizes=\"(max-width: 300px) 100vw, 300px\" \/><\/a>\n\t\t\t<\/dt><\/dl><dl class='gallery-item'>\n\t\t\t<dt class='gallery-icon portrait'>\n\t\t\t\t<a href='https:\/\/franciscanos.org.br\/noticias\/wp-content\/uploads\/2025\/06\/WhatsApp-Image-2025-06-30-at-01.01.56-2.jpeg'><img width=\"300\" height=\"300\" src=\"https:\/\/franciscanos.org.br\/noticias\/wp-content\/uploads\/2025\/06\/WhatsApp-Image-2025-06-30-at-01.01.56-2-300x300.jpeg\" class=\"attachment-thumbnail size-thumbnail\" alt=\"\" loading=\"lazy\" srcset=\"https:\/\/franciscanos.org.br\/noticias\/wp-content\/uploads\/2025\/06\/WhatsApp-Image-2025-06-30-at-01.01.56-2-300x300.jpeg 300w, https:\/\/franciscanos.org.br\/noticias\/wp-content\/uploads\/2025\/06\/WhatsApp-Image-2025-06-30-at-01.01.56-2-100x100.jpeg 100w\" sizes=\"(max-width: 300px) 100vw, 300px\" \/><\/a>\n\t\t\t<\/dt><\/dl><br style=\"clear: both\" \/><dl class='gallery-item'>\n\t\t\t<dt class='gallery-icon portrait'>\n\t\t\t\t<a href='https:\/\/franciscanos.org.br\/noticias\/wp-content\/uploads\/2025\/06\/WhatsApp-Image-2025-06-30-at-01.01.56-3.jpeg'><img width=\"300\" height=\"300\" src=\"https:\/\/franciscanos.org.br\/noticias\/wp-content\/uploads\/2025\/06\/WhatsApp-Image-2025-06-30-at-01.01.56-3-300x300.jpeg\" class=\"attachment-thumbnail size-thumbnail\" alt=\"\" loading=\"lazy\" srcset=\"https:\/\/franciscanos.org.br\/noticias\/wp-content\/uploads\/2025\/06\/WhatsApp-Image-2025-06-30-at-01.01.56-3-300x300.jpeg 300w, https:\/\/franciscanos.org.br\/noticias\/wp-content\/uploads\/2025\/06\/WhatsApp-Image-2025-06-30-at-01.01.56-3-100x100.jpeg 100w\" sizes=\"(max-width: 300px) 100vw, 300px\" \/><\/a>\n\t\t\t<\/dt><\/dl><dl class='gallery-item'>\n\t\t\t<dt class='gallery-icon landscape'>\n\t\t\t\t<a href='https:\/\/franciscanos.org.br\/noticias\/wp-content\/uploads\/2025\/06\/WhatsApp-Image-2025-06-30-at-01.01.57-1-1.jpeg'><img width=\"300\" height=\"300\" src=\"https:\/\/franciscanos.org.br\/noticias\/wp-content\/uploads\/2025\/06\/WhatsApp-Image-2025-06-30-at-01.01.57-1-1-300x300.jpeg\" class=\"attachment-thumbnail size-thumbnail\" alt=\"\" loading=\"lazy\" srcset=\"https:\/\/franciscanos.org.br\/noticias\/wp-content\/uploads\/2025\/06\/WhatsApp-Image-2025-06-30-at-01.01.57-1-1-300x300.jpeg 300w, https:\/\/franciscanos.org.br\/noticias\/wp-content\/uploads\/2025\/06\/WhatsApp-Image-2025-06-30-at-01.01.57-1-1-100x100.jpeg 100w\" sizes=\"(max-width: 300px) 100vw, 300px\" \/><\/a>\n\t\t\t<\/dt><\/dl><dl class='gallery-item'>\n\t\t\t<dt class='gallery-icon landscape'>\n\t\t\t\t<a href='https:\/\/franciscanos.org.br\/noticias\/wp-content\/uploads\/2025\/06\/WhatsApp-Image-2025-06-30-at-01.01.57-2-1.jpeg'><img width=\"300\" height=\"300\" src=\"https:\/\/franciscanos.org.br\/noticias\/wp-content\/uploads\/2025\/06\/WhatsApp-Image-2025-06-30-at-01.01.57-2-1-300x300.jpeg\" class=\"attachment-thumbnail size-thumbnail\" alt=\"\" loading=\"lazy\" srcset=\"https:\/\/franciscanos.org.br\/noticias\/wp-content\/uploads\/2025\/06\/WhatsApp-Image-2025-06-30-at-01.01.57-2-1-300x300.jpeg 300w, https:\/\/franciscanos.org.br\/noticias\/wp-content\/uploads\/2025\/06\/WhatsApp-Image-2025-06-30-at-01.01.57-2-1-100x100.jpeg 100w\" sizes=\"(max-width: 300px) 100vw, 300px\" \/><\/a>\n\t\t\t<\/dt><\/dl><br style=\"clear: both\" \/><dl class='gallery-item'>\n\t\t\t<dt class='gallery-icon portrait'>\n\t\t\t\t<a href='https:\/\/franciscanos.org.br\/noticias\/wp-content\/uploads\/2025\/06\/WhatsApp-Image-2025-06-30-at-01.01.57.jpeg'><img width=\"300\" height=\"300\" src=\"https:\/\/franciscanos.org.br\/noticias\/wp-content\/uploads\/2025\/06\/WhatsApp-Image-2025-06-30-at-01.01.57-300x300.jpeg\" class=\"attachment-thumbnail size-thumbnail\" alt=\"\" loading=\"lazy\" srcset=\"https:\/\/franciscanos.org.br\/noticias\/wp-content\/uploads\/2025\/06\/WhatsApp-Image-2025-06-30-at-01.01.57-300x300.jpeg 300w, https:\/\/franciscanos.org.br\/noticias\/wp-content\/uploads\/2025\/06\/WhatsApp-Image-2025-06-30-at-01.01.57-100x100.jpeg 100w\" sizes=\"(max-width: 300px) 100vw, 300px\" \/><\/a>\n\t\t\t<\/dt><\/dl><dl class='gallery-item'>\n\t\t\t<dt class='gallery-icon landscape'>\n\t\t\t\t<a href='https:\/\/franciscanos.org.br\/noticias\/wp-content\/uploads\/2025\/06\/WhatsApp-Image-2025-06-30-at-01.01.58-1.jpeg'><img width=\"300\" height=\"300\" src=\"https:\/\/franciscanos.org.br\/noticias\/wp-content\/uploads\/2025\/06\/WhatsApp-Image-2025-06-30-at-01.01.58-1-300x300.jpeg\" class=\"attachment-thumbnail size-thumbnail\" alt=\"\" loading=\"lazy\" srcset=\"https:\/\/franciscanos.org.br\/noticias\/wp-content\/uploads\/2025\/06\/WhatsApp-Image-2025-06-30-at-01.01.58-1-300x300.jpeg 300w, https:\/\/franciscanos.org.br\/noticias\/wp-content\/uploads\/2025\/06\/WhatsApp-Image-2025-06-30-at-01.01.58-1-100x100.jpeg 100w\" sizes=\"(max-width: 300px) 100vw, 300px\" \/><\/a>\n\t\t\t<\/dt><\/dl><dl class='gallery-item'>\n\t\t\t<dt class='gallery-icon landscape'>\n\t\t\t\t<a href='https:\/\/franciscanos.org.br\/noticias\/wp-content\/uploads\/2025\/06\/WhatsApp-Image-2025-06-30-at-01.01.58-2.jpeg'><img width=\"300\" height=\"300\" src=\"https:\/\/franciscanos.org.br\/noticias\/wp-content\/uploads\/2025\/06\/WhatsApp-Image-2025-06-30-at-01.01.58-2-300x300.jpeg\" class=\"attachment-thumbnail size-thumbnail\" alt=\"\" loading=\"lazy\" srcset=\"https:\/\/franciscanos.org.br\/noticias\/wp-content\/uploads\/2025\/06\/WhatsApp-Image-2025-06-30-at-01.01.58-2-300x300.jpeg 300w, https:\/\/franciscanos.org.br\/noticias\/wp-content\/uploads\/2025\/06\/WhatsApp-Image-2025-06-30-at-01.01.58-2-100x100.jpeg 100w\" sizes=\"(max-width: 300px) 100vw, 300px\" \/><\/a>\n\t\t\t<\/dt><\/dl><br style=\"clear: both\" \/><dl class='gallery-item'>\n\t\t\t<dt class='gallery-icon landscape'>\n\t\t\t\t<a href='https:\/\/franciscanos.org.br\/noticias\/wp-content\/uploads\/2025\/06\/WhatsApp-Image-2025-06-30-at-01.01.58-3-1.jpeg'><img width=\"300\" height=\"300\" src=\"https:\/\/franciscanos.org.br\/noticias\/wp-content\/uploads\/2025\/06\/WhatsApp-Image-2025-06-30-at-01.01.58-3-1-300x300.jpeg\" class=\"attachment-thumbnail size-thumbnail\" alt=\"\" loading=\"lazy\" srcset=\"https:\/\/franciscanos.org.br\/noticias\/wp-content\/uploads\/2025\/06\/WhatsApp-Image-2025-06-30-at-01.01.58-3-1-300x300.jpeg 300w, https:\/\/franciscanos.org.br\/noticias\/wp-content\/uploads\/2025\/06\/WhatsApp-Image-2025-06-30-at-01.01.58-3-1-100x100.jpeg 100w\" sizes=\"(max-width: 300px) 100vw, 300px\" \/><\/a>\n\t\t\t<\/dt><\/dl><dl class='gallery-item'>\n\t\t\t<dt class='gallery-icon landscape'>\n\t\t\t\t<a href='https:\/\/franciscanos.org.br\/noticias\/wp-content\/uploads\/2025\/06\/WhatsApp-Image-2025-06-30-at-01.01.59-1.jpeg'><img width=\"300\" height=\"300\" src=\"https:\/\/franciscanos.org.br\/noticias\/wp-content\/uploads\/2025\/06\/WhatsApp-Image-2025-06-30-at-01.01.59-1-300x300.jpeg\" class=\"attachment-thumbnail size-thumbnail\" alt=\"\" loading=\"lazy\" srcset=\"https:\/\/franciscanos.org.br\/noticias\/wp-content\/uploads\/2025\/06\/WhatsApp-Image-2025-06-30-at-01.01.59-1-300x300.jpeg 300w, https:\/\/franciscanos.org.br\/noticias\/wp-content\/uploads\/2025\/06\/WhatsApp-Image-2025-06-30-at-01.01.59-1-100x100.jpeg 100w\" sizes=\"(max-width: 300px) 100vw, 300px\" \/><\/a>\n\t\t\t<\/dt><\/dl><dl class='gallery-item'>\n\t\t\t<dt class='gallery-icon landscape'>\n\t\t\t\t<a href='https:\/\/franciscanos.org.br\/noticias\/wp-content\/uploads\/2025\/06\/WhatsApp-Image-2025-06-30-at-01.01.59-2.jpeg'><img width=\"300\" height=\"300\" src=\"https:\/\/franciscanos.org.br\/noticias\/wp-content\/uploads\/2025\/06\/WhatsApp-Image-2025-06-30-at-01.01.59-2-300x300.jpeg\" class=\"attachment-thumbnail size-thumbnail\" alt=\"\" loading=\"lazy\" srcset=\"https:\/\/franciscanos.org.br\/noticias\/wp-content\/uploads\/2025\/06\/WhatsApp-Image-2025-06-30-at-01.01.59-2-300x300.jpeg 300w, https:\/\/franciscanos.org.br\/noticias\/wp-content\/uploads\/2025\/06\/WhatsApp-Image-2025-06-30-at-01.01.59-2-100x100.jpeg 100w\" sizes=\"(max-width: 300px) 100vw, 300px\" \/><\/a>\n\t\t\t<\/dt><\/dl><br style=\"clear: both\" \/>\n\t\t<\/div>\n\n","protected":false},"excerpt":{"rendered":"<p>Miss\u00e3o Franciscana<\/p>\n","protected":false},"author":11,"featured_media":258411,"comment_status":"open","ping_status":"open","sticky":false,"template":"","format":"standard","meta":[],"categories":[1],"tags":[2375,2318,2374],"acf":[],"yoast_head":"<!-- This site is optimized with the Yoast SEO plugin v19.2 - https:\/\/yoast.com\/wordpress\/plugins\/seo\/ -->\n<title>Frades menores do Brasil e Cone Sul concluem Miss\u00e3o na Diocese de Cruzeiro do Sul, na Amaz\u00f4nia - Not\u00edcias - Franciscanos<\/title>\n<meta name=\"robots\" content=\"index, follow, max-snippet:-1, max-image-preview:large, max-video-preview:-1\" \/>\n<link rel=\"canonical\" href=\"https:\/\/franciscanos.org.br\/noticias\/frades-menores-do-brasil-e-cone-sul-concluem-missao-na-diocese-de-cruzeiro-do-sul-na-amazonia.html\" \/>\n<meta property=\"og:locale\" content=\"pt_BR\" \/>\n<meta property=\"og:type\" content=\"article\" \/>\n<meta property=\"og:title\" content=\"Frades menores do Brasil e Cone Sul concluem Miss\u00e3o na Diocese de Cruzeiro do Sul, na Amaz\u00f4nia - Not\u00edcias - Franciscanos\" \/>\n<meta property=\"og:description\" content=\"Miss\u00e3o Franciscana\" \/>\n<meta property=\"og:url\" content=\"https:\/\/franciscanos.org.br\/noticias\/frades-menores-do-brasil-e-cone-sul-concluem-missao-na-diocese-de-cruzeiro-do-sul-na-amazonia.html\" \/>\n<meta property=\"og:site_name\" content=\"Not\u00edcias - Franciscanos\" \/>\n<meta property=\"article:published_time\" content=\"2025-06-30T14:29:35+00:00\" \/>\n<meta property=\"article:modified_time\" content=\"2025-06-30T15:32:01+00:00\" \/>\n<meta property=\"og:image\" content=\"https:\/\/franciscanos.org.br\/noticias\/wp-content\/uploads\/2025\/06\/chamada-42.png\" \/>\n\t<meta property=\"og:image:width\" content=\"800\" \/>\n\t<meta property=\"og:image:height\" content=\"550\" \/>\n\t<meta property=\"og:image:type\" content=\"image\/png\" \/>\n<meta name=\"author\" content=\"Adriana Rabelo\" \/>\n<meta name=\"twitter:card\" content=\"summary_large_image\" \/>\n<meta name=\"twitter:label1\" content=\"Escrito por\" \/>\n\t<meta name=\"twitter:data1\" content=\"Adriana Rabelo\" \/>\n\t<meta name=\"twitter:label2\" content=\"Est. tempo de leitura\" \/>\n\t<meta name=\"twitter:data2\" content=\"7 minutos\" \/>\n<script type=\"application\/ld+json\" class=\"yoast-schema-graph\">{\"@context\":\"https:\/\/schema.org\",\"@graph\":[{\"@type\":\"WebSite\",\"@id\":\"https:\/\/franciscanos.org.br\/noticias\/#website\",\"url\":\"https:\/\/franciscanos.org.br\/noticias\/\",\"name\":\"Not\u00edcias - Franciscanos\",\"description\":\"Prov\u00edncia Franciscana da Imaculada Concei\u00e7\u00e3o do Brasil - Ordem dos Frades Menores - OFM\",\"potentialAction\":[{\"@type\":\"SearchAction\",\"target\":{\"@type\":\"EntryPoint\",\"urlTemplate\":\"https:\/\/franciscanos.org.br\/noticias\/?s={search_term_string}\"},\"query-input\":\"required name=search_term_string\"}],\"inLanguage\":\"pt-BR\"},{\"@type\":\"ImageObject\",\"inLanguage\":\"pt-BR\",\"@id\":\"https:\/\/franciscanos.org.br\/noticias\/frades-menores-do-brasil-e-cone-sul-concluem-missao-na-diocese-de-cruzeiro-do-sul-na-amazonia.html#primaryimage\",\"url\":\"https:\/\/franciscanos.org.br\/noticias\/wp-content\/uploads\/2025\/06\/chamada-42.png\",\"contentUrl\":\"https:\/\/franciscanos.org.br\/noticias\/wp-content\/uploads\/2025\/06\/chamada-42.png\",\"width\":800,\"height\":550},{\"@type\":\"WebPage\",\"@id\":\"https:\/\/franciscanos.org.br\/noticias\/frades-menores-do-brasil-e-cone-sul-concluem-missao-na-diocese-de-cruzeiro-do-sul-na-amazonia.html#webpage\",\"url\":\"https:\/\/franciscanos.org.br\/noticias\/frades-menores-do-brasil-e-cone-sul-concluem-missao-na-diocese-de-cruzeiro-do-sul-na-amazonia.html\",\"name\":\"Frades menores do Brasil e Cone Sul concluem Miss\u00e3o na Diocese de Cruzeiro do Sul, na Amaz\u00f4nia - Not\u00edcias - Franciscanos\",\"isPartOf\":{\"@id\":\"https:\/\/franciscanos.org.br\/noticias\/#website\"},\"primaryImageOfPage\":{\"@id\":\"https:\/\/franciscanos.org.br\/noticias\/frades-menores-do-brasil-e-cone-sul-concluem-missao-na-diocese-de-cruzeiro-do-sul-na-amazonia.html#primaryimage\"},\"datePublished\":\"2025-06-30T14:29:35+00:00\",\"dateModified\":\"2025-06-30T15:32:01+00:00\",\"author\":{\"@id\":\"https:\/\/franciscanos.org.br\/noticias\/#\/schema\/person\/d9422e83121c3ad3b0f423d195f5bb25\"},\"breadcrumb\":{\"@id\":\"https:\/\/franciscanos.org.br\/noticias\/frades-menores-do-brasil-e-cone-sul-concluem-missao-na-diocese-de-cruzeiro-do-sul-na-amazonia.html#breadcrumb\"},\"inLanguage\":\"pt-BR\",\"potentialAction\":[{\"@type\":\"ReadAction\",\"target\":[\"https:\/\/franciscanos.org.br\/noticias\/frades-menores-do-brasil-e-cone-sul-concluem-missao-na-diocese-de-cruzeiro-do-sul-na-amazonia.html\"]}]},{\"@type\":\"BreadcrumbList\",\"@id\":\"https:\/\/franciscanos.org.br\/noticias\/frades-menores-do-brasil-e-cone-sul-concluem-missao-na-diocese-de-cruzeiro-do-sul-na-amazonia.html#breadcrumb\",\"itemListElement\":[{\"@type\":\"ListItem\",\"position\":1,\"name\":\"Home\",\"item\":\"https:\/\/franciscanos.org.br\/noticias\"},{\"@type\":\"ListItem\",\"position\":2,\"name\":\"Frades menores do Brasil e Cone Sul concluem Miss\u00e3o na Diocese de Cruzeiro do Sul, na Amaz\u00f4nia\"}]},{\"@type\":\"Person\",\"@id\":\"https:\/\/franciscanos.org.br\/noticias\/#\/schema\/person\/d9422e83121c3ad3b0f423d195f5bb25\",\"name\":\"Adriana Rabelo\",\"image\":{\"@type\":\"ImageObject\",\"inLanguage\":\"pt-BR\",\"@id\":\"https:\/\/franciscanos.org.br\/noticias\/#\/schema\/person\/image\/\",\"url\":\"https:\/\/secure.gravatar.com\/avatar\/0a937b7500cd7df77540cfb8bede877d?s=96&d=mm&r=g\",\"contentUrl\":\"https:\/\/secure.gravatar.com\/avatar\/0a937b7500cd7df77540cfb8bede877d?s=96&d=mm&r=g\",\"caption\":\"Adriana Rabelo\"},\"url\":\"https:\/\/franciscanos.org.br\/noticias\/author\/adrianarabelo\"}]}<\/script>\n<!-- \/ Yoast SEO plugin. -->","yoast_head_json":{"title":"Frades menores do Brasil e Cone Sul concluem Miss\u00e3o na Diocese de Cruzeiro do Sul, na Amaz\u00f4nia - Not\u00edcias - Franciscanos","robots":{"index":"index","follow":"follow","max-snippet":"max-snippet:-1","max-image-preview":"max-image-preview:large","max-video-preview":"max-video-preview:-1"},"canonical":"https:\/\/franciscanos.org.br\/noticias\/frades-menores-do-brasil-e-cone-sul-concluem-missao-na-diocese-de-cruzeiro-do-sul-na-amazonia.html","og_locale":"pt_BR","og_type":"article","og_title":"Frades menores do Brasil e Cone Sul concluem Miss\u00e3o na Diocese de Cruzeiro do Sul, na Amaz\u00f4nia - Not\u00edcias - Franciscanos","og_description":"Miss\u00e3o Franciscana","og_url":"https:\/\/franciscanos.org.br\/noticias\/frades-menores-do-brasil-e-cone-sul-concluem-missao-na-diocese-de-cruzeiro-do-sul-na-amazonia.html","og_site_name":"Not\u00edcias - Franciscanos","article_published_time":"2025-06-30T14:29:35+00:00","article_modified_time":"2025-06-30T15:32:01+00:00","og_image":[{"width":800,"height":550,"url":"https:\/\/franciscanos.org.br\/noticias\/wp-content\/uploads\/2025\/06\/chamada-42.png","type":"image\/png"}],"author":"Adriana Rabelo","twitter_card":"summary_large_image","twitter_misc":{"Escrito por":"Adriana Rabelo","Est. tempo de leitura":"7 minutos"},"schema":{"@context":"https:\/\/schema.org","@graph":[{"@type":"WebSite","@id":"https:\/\/franciscanos.org.br\/noticias\/#website","url":"https:\/\/franciscanos.org.br\/noticias\/","name":"Not\u00edcias - Franciscanos","description":"Prov\u00edncia Franciscana da Imaculada Concei\u00e7\u00e3o do Brasil - Ordem dos Frades Menores - OFM","potentialAction":[{"@type":"SearchAction","target":{"@type":"EntryPoint","urlTemplate":"https:\/\/franciscanos.org.br\/noticias\/?s={search_term_string}"},"query-input":"required name=search_term_string"}],"inLanguage":"pt-BR"},{"@type":"ImageObject","inLanguage":"pt-BR","@id":"https:\/\/franciscanos.org.br\/noticias\/frades-menores-do-brasil-e-cone-sul-concluem-missao-na-diocese-de-cruzeiro-do-sul-na-amazonia.html#primaryimage","url":"https:\/\/franciscanos.org.br\/noticias\/wp-content\/uploads\/2025\/06\/chamada-42.png","contentUrl":"https:\/\/franciscanos.org.br\/noticias\/wp-content\/uploads\/2025\/06\/chamada-42.png","width":800,"height":550},{"@type":"WebPage","@id":"https:\/\/franciscanos.org.br\/noticias\/frades-menores-do-brasil-e-cone-sul-concluem-missao-na-diocese-de-cruzeiro-do-sul-na-amazonia.html#webpage","url":"https:\/\/franciscanos.org.br\/noticias\/frades-menores-do-brasil-e-cone-sul-concluem-missao-na-diocese-de-cruzeiro-do-sul-na-amazonia.html","name":"Frades menores do Brasil e Cone Sul concluem Miss\u00e3o na Diocese de Cruzeiro do Sul, na Amaz\u00f4nia - Not\u00edcias - Franciscanos","isPartOf":{"@id":"https:\/\/franciscanos.org.br\/noticias\/#website"},"primaryImageOfPage":{"@id":"https:\/\/franciscanos.org.br\/noticias\/frades-menores-do-brasil-e-cone-sul-concluem-missao-na-diocese-de-cruzeiro-do-sul-na-amazonia.html#primaryimage"},"datePublished":"2025-06-30T14:29:35+00:00","dateModified":"2025-06-30T15:32:01+00:00","author":{"@id":"https:\/\/franciscanos.org.br\/noticias\/#\/schema\/person\/d9422e83121c3ad3b0f423d195f5bb25"},"breadcrumb":{"@id":"https:\/\/franciscanos.org.br\/noticias\/frades-menores-do-brasil-e-cone-sul-concluem-missao-na-diocese-de-cruzeiro-do-sul-na-amazonia.html#breadcrumb"},"inLanguage":"pt-BR","potentialAction":[{"@type":"ReadAction","target":["https:\/\/franciscanos.org.br\/noticias\/frades-menores-do-brasil-e-cone-sul-concluem-missao-na-diocese-de-cruzeiro-do-sul-na-amazonia.html"]}]},{"@type":"BreadcrumbList","@id":"https:\/\/franciscanos.org.br\/noticias\/frades-menores-do-brasil-e-cone-sul-concluem-missao-na-diocese-de-cruzeiro-do-sul-na-amazonia.html#breadcrumb","itemListElement":[{"@type":"ListItem","position":1,"name":"Home","item":"https:\/\/franciscanos.org.br\/noticias"},{"@type":"ListItem","position":2,"name":"Frades menores do Brasil e Cone Sul concluem Miss\u00e3o na Diocese de Cruzeiro do Sul, na Amaz\u00f4nia"}]},{"@type":"Person","@id":"https:\/\/franciscanos.org.br\/noticias\/#\/schema\/person\/d9422e83121c3ad3b0f423d195f5bb25","name":"Adriana Rabelo","image":{"@type":"ImageObject","inLanguage":"pt-BR","@id":"https:\/\/franciscanos.org.br\/noticias\/#\/schema\/person\/image\/","url":"https:\/\/secure.gravatar.com\/avatar\/0a937b7500cd7df77540cfb8bede877d?s=96&d=mm&r=g","contentUrl":"https:\/\/secure.gravatar.com\/avatar\/0a937b7500cd7df77540cfb8bede877d?s=96&d=mm&r=g","caption":"Adriana Rabelo"},"url":"https:\/\/franciscanos.org.br\/noticias\/author\/adrianarabelo"}]}},"_links":{"self":[{"href":"https:\/\/franciscanos.org.br\/noticias\/wp-json\/wp\/v2\/posts\/258397"}],"collection":[{"href":"https:\/\/franciscanos.org.br\/noticias\/wp-json\/wp\/v2\/posts"}],"about":[{"href":"https:\/\/franciscanos.org.br\/noticias\/wp-json\/wp\/v2\/types\/post"}],"author":[{"embeddable":true,"href":"https:\/\/franciscanos.org.br\/noticias\/wp-json\/wp\/v2\/users\/11"}],"replies":[{"embeddable":true,"href":"https:\/\/franciscanos.org.br\/noticias\/wp-json\/wp\/v2\/comments?post=258397"}],"version-history":[{"count":6,"href":"https:\/\/franciscanos.org.br\/noticias\/wp-json\/wp\/v2\/posts\/258397\/revisions"}],"predecessor-version":[{"id":258432,"href":"https:\/\/franciscanos.org.br\/noticias\/wp-json\/wp\/v2\/posts\/258397\/revisions\/258432"}],"wp:featuredmedia":[{"embeddable":true,"href":"https:\/\/franciscanos.org.br\/noticias\/wp-json\/wp\/v2\/media\/258411"}],"wp:attachment":[{"href":"https:\/\/franciscanos.org.br\/noticias\/wp-json\/wp\/v2\/media?parent=258397"}],"wp:term":[{"taxonomy":"category","embeddable":true,"href":"https:\/\/franciscanos.org.br\/noticias\/wp-json\/wp\/v2\/categories?post=258397"},{"taxonomy":"post_tag","embeddable":true,"href":"https:\/\/franciscanos.org.br\/noticias\/wp-json\/wp\/v2\/tags?post=258397"}],"curies":[{"name":"wp","href":"https:\/\/api.w.org\/{rel}","templated":true}]}}