{"id":258339,"date":"2025-06-27T15:00:09","date_gmt":"2025-06-27T18:00:09","guid":{"rendered":"https:\/\/franciscanos.org.br\/noticias\/?p=258339"},"modified":"2025-06-27T16:05:28","modified_gmt":"2025-06-27T19:05:28","slug":"o-mundo-pode-mudar-a-partir-do-coracao","status":"publish","type":"post","link":"https:\/\/franciscanos.org.br\/noticias\/o-mundo-pode-mudar-a-partir-do-coracao.html","title":{"rendered":"O mundo pode mudar a partir do cora\u00e7\u00e3o"},"content":{"rendered":"<p><img loading=\"lazy\" class=\"aligncenter wp-image-258341 size-full\" src=\"https:\/\/franciscanos.org.br\/noticias\/wp-content\/uploads\/2025\/06\/materia-30.png\" alt=\"\" width=\"1280\" height=\"720\" srcset=\"https:\/\/franciscanos.org.br\/noticias\/wp-content\/uploads\/2025\/06\/materia-30.png 1280w, https:\/\/franciscanos.org.br\/noticias\/wp-content\/uploads\/2025\/06\/materia-30-450x253.png 450w, https:\/\/franciscanos.org.br\/noticias\/wp-content\/uploads\/2025\/06\/materia-30-1024x576.png 1024w, https:\/\/franciscanos.org.br\/noticias\/wp-content\/uploads\/2025\/06\/materia-30-768x432.png 768w, https:\/\/franciscanos.org.br\/noticias\/wp-content\/uploads\/2025\/06\/materia-30-150x84.png 150w\" sizes=\"(max-width: 1280px) 100vw, 1280px\" \/><\/p>\n<p>\u201cDiante do Cora\u00e7\u00e3o de Cristo, pe\u00e7o mais uma vez ao Senhor que tenha compaix\u00e3o desta terra ferida, que Ele quis habitar como um de n\u00f3s. Que derrame os tesouros da sua luz e do seu amor, para que o nosso mundo, que sobrevive entre guerras, desequil\u00edbrios socioecon\u00f4micos, consumismo e o uso anti-humano da tecnologia, recupere o que \u00e9 mais importante e necess\u00e1rio: o cora\u00e7\u00e3o.\u201d (Papa Francisco \u2013 Carta enc\u00edclica <em data-start=\"588\" data-end=\"601\">Dilexit Nos<\/em>)<\/p>\n<p data-start=\"604\" data-end=\"966\">Quando olho para o infinito, vejo o amanh\u00e3 entre as frestas das guerras e das dores de centenas de milhares de homens, mulheres, idosos, jovens e crian\u00e7as. Apurando um pouco mais os sentidos, \u00e9 poss\u00edvel ouvir em seus sussurros sopros de esperan\u00e7a, que ganham vida pelas batidas de seus cora\u00e7\u00f5es partidos e descompassados pelo medo, pela incerteza e pelo descaso.<\/p>\n<p data-start=\"968\" data-end=\"1142\">S\u00e3o tantas afrontas contra a esperan\u00e7a da humanidade&#8230; Estamos ficando frios ou anestesiados diante das dores do mundo? Onde est\u00e1 o nosso caminho? Onde est\u00e1 o nosso cora\u00e7\u00e3o?<\/p>\n<p data-start=\"1144\" data-end=\"1520\">Nesta sexta-feira, <strong>27 de junho<\/strong>, celebramos a <strong>Solenidade do Sagrado Cora\u00e7\u00e3o de Jesu<\/strong>s, que, conforme esclarece Frei Jos\u00e9 Ariovaldo da Silva em um artigo publicado no site franciscanos, \u00e9 como se entr\u00e1ssemos novamente nas solenidades pascais \u201ce reviv\u00eassemos o imenso mist\u00e9rio do amor de Deus manifestado em Cristo, e o fazemos pela via simb\u00f3lica do cora\u00e7\u00e3o, do Cora\u00e7\u00e3o de Jesus.\u201d<\/p>\n<p data-start=\"1522\" data-end=\"1580\">Em tempos de guerra, onde est\u00e1 o Sagrado Cora\u00e7\u00e3o de Jesus?<\/p>\n<p data-start=\"1582\" data-end=\"1875\">Podemos afirmar que Ele est\u00e1 no peito de nossos irm\u00e3os e irm\u00e3s que sofrem diante do mal e clamam pela paz em seus territ\u00f3rios devastados pelo \u00f3dio, seja ele motivado por guerra civil ou militar. Mas Ele tamb\u00e9m est\u00e1 no peito de quem n\u00e3o se conforma com tantas atrocidades e cr\u00ea na gra\u00e7a divina.<\/p>\n<p data-start=\"1877\" data-end=\"2285\">Na enc\u00edclica <em data-start=\"1890\" data-end=\"1903\">Dilexit Nos<\/em> (<em data-start=\"1905\" data-end=\"1919\">Ele nos amou<\/em>), sobre o amor humano e divino do Cora\u00e7\u00e3o de Jesus, o saudoso Papa Francisco diz: \u201c\u00c9 necess\u00e1rio recuperar a import\u00e2ncia do cora\u00e7\u00e3o quando nos assalta a tenta\u00e7\u00e3o da superficialidade, de viver apressadamente sem saber bem para qu\u00ea, de nos tornarmos consumistas insaci\u00e1veis e escravos na engrenagem de um mercado que n\u00e3o se interessa pelo sentido da nossa exist\u00eancia.\u201d<\/p>\n<p data-start=\"2287\" data-end=\"2621\">\u00c9 interessante essa reflex\u00e3o inicial do documento feita por Francisco, visto que, na atualidade, as guerras, de forma ainda mais evidente, s\u00e3o movidas tamb\u00e9m pelo mercado da ind\u00fastria b\u00e9lica e pelos interesses econ\u00f4micos. N\u00e3o \u00e9 um confronto entre o mal e o bem, mas uma batalha por interesses, na qual o povo paga muito caro por isso.<\/p>\n<p data-start=\"2623\" data-end=\"2753\">Mais uma vez, precisamos questionar&#8230; Por que querem que acreditemos numa vis\u00e3o simplista do mal e do bem em situa\u00e7\u00f5es de guerra?<\/p>\n<p data-start=\"2755\" data-end=\"3552\">\u00c9 nesse sentido que Francisco quis abrir nossos olhos e cora\u00e7\u00f5es de forma did\u00e1tica, serena e elucidativa. Ele nos alerta para o risco de uma sociedade do consumo, na qual devoramos informa\u00e7\u00f5es e not\u00edcias ora pela metade, conforme os interesses ideol\u00f3gicos dos ve\u00edculos de comunica\u00e7\u00e3o, ora falsas, com as chamadas fake news. Na internet e nas redes sociais, assim como nas prateleiras, temos a op\u00e7\u00e3o de escolher as not\u00edcias que mais nos chamam a aten\u00e7\u00e3o e desejamos consumir. \u201c\u2018O homem contempor\u00e2neo encontra-se com frequ\u00eancia transtornado, dividido, quase privado de um princ\u00edpio interior que crie unidade e harmonia no seu ser e no seu agir. Modelos de comportamento, infelizmente bastante difundidos, exaltam a sua dimens\u00e3o racional-tecnol\u00f3gica ou, ao contr\u00e1rio, a instintiva\u2019. Falta o cora\u00e7\u00e3o.\u201d<\/p>\n<p data-start=\"3554\" data-end=\"3922\">Diante de tantas press\u00f5es e jogos de interesses, somos atra\u00eddos para um ambiente no qual nos afastamos do cora\u00e7\u00e3o, espa\u00e7o onde est\u00e1 a nossa serenidade e onde \u00e9 poss\u00edvel encontrar a presen\u00e7a humana e divina de Jesus Cristo, que foi capaz de enfrentar seus medos para nos salvar de todo o mal. Ele nos amou com toda a for\u00e7a do seu Sagrado Cora\u00e7\u00e3o e cumpriu a Sua miss\u00e3o.<\/p>\n<p data-start=\"3924\" data-end=\"4310\">Somos novamente chamados, na enc\u00edclica <em data-start=\"3969\" data-end=\"3982\">Dilexit Nos<\/em>, a imergir na intimidade do nosso cora\u00e7\u00e3o humano \u00e0 procura do Sagrado Cora\u00e7\u00e3o de Jesus. \u201cSe o \u2018cora\u00e7\u00e3o\u2019 leva ao mais \u00edntimo da nossa pessoa, permite tamb\u00e9m que nos reconhe\u00e7amos na nossa integralidade e n\u00e3o apenas num mero aspecto isolado.\u201d Isso significa que, enquanto humanidade e filhos de Deus, estamos unidos numa s\u00f3 carne.<\/p>\n<p data-start=\"4312\" data-end=\"4459\">No decorrer de sua reflex\u00e3o teologicamente atual, Francisco nos inspira a partir de outros pensadores, ao aproximar o humano do divino, quando diz:<\/p>\n<p data-start=\"4461\" data-end=\"5173\">\u201cS\u00e3o Boaventura dizia que, no final, se deve perguntar \u2018n\u00e3o \u00e0 luz, mas ao fogo\u2019. E ensinava que \u2018a f\u00e9 est\u00e1 no intelecto, de tal modo que provoca o afeto. Por exemplo: saber que Cristo morreu por n\u00f3s n\u00e3o permanece (somente) conhecimento, mas torna-se necessariamente afeto, amor\u2019.[18] Nessa linha, S\u00e3o John Henry Newman tomou como lema a frase <em data-start=\"4808\" data-end=\"4829\">Cor ad cor loquitur<\/em>, porque, al\u00e9m de toda dial\u00e9tica, o Senhor salva-nos falando ao nosso cora\u00e7\u00e3o a partir de seu Sagrado Cora\u00e7\u00e3o. Seguindo ele, grande pensador, esta mesma l\u00f3gica fazia com que o lugar do encontro mais profundo consigo mesmo e com o Senhor n\u00e3o fosse a leitura ou a reflex\u00e3o, mas o di\u00e1logo orante, de cora\u00e7\u00e3o a cora\u00e7\u00e3o, com Cristo vivo e presente.\u201d<\/p>\n<p data-start=\"5175\" data-end=\"5261\">E ele continua nos conduzindo e mostrando o caminho, inclusive por meio da Eucaristia:<\/p>\n<p data-start=\"5263\" data-end=\"6226\">\u201c\u00c9 por isso que Newman encontrava na Eucaristia o Cora\u00e7\u00e3o de Jesus Cristo vivo, capaz de libertar, de dar sentido a cada momento e de derramar a verdadeira paz sobre o ser humano: \u2018\u00d3 Cora\u00e7\u00e3o Sacrat\u00edssimo e Amoros\u00edssimo de Jesus, est\u00e1s escondido na Sagrada Eucaristia, e continuas a bater por n\u00f3s [\u2026]. Eu te adoro, ent\u00e3o, com todo o meu melhor amor e temor, com meu carinho fervoroso, com a minha vontade mais conquistada e resolvida. \u00d3 meu Deus, quando tu te rebaixas a sofrer para (que eu possa) receber-te, para comer e beber a Ti, e Tu por um tempo fazes a tua morada dentro de mim, \u00f3 faze meu cora\u00e7\u00e3o bater com o teu Cora\u00e7\u00e3o. Purifica-o de tudo o que \u00e9 terreno, de tudo o que \u00e9 orgulhoso e sensual, tudo o que \u00e9 duro e cruel, de toda a perversidade, de toda a desordem, de todo amortecimento. Ent\u00e3o, encha-o de Ti, que nem os acontecimentos do dia, nem as circunst\u00e2ncias do tempo possam ter o poder de perturb\u00e1-lo, mas que em teu amor e temor possa ter paz.\u2019\u201d<\/p>\n<p data-start=\"6228\" data-end=\"6411\">Diante de tantas evid\u00eancias dos fatos que envolvem nossa realidade e aquelas contidas no Evangelho, devemos pensar, assim como Francisco, que <strong>\u201co mundo pode mudar a partir do cora\u00e7\u00e3o\u201d<\/strong>.<\/p>\n<p data-start=\"6413\" data-end=\"6923\">\u201cS\u00f3 a partir do cora\u00e7\u00e3o \u00e9 que as nossas comunidades ser\u00e3o capazes de unir e pacificar os diferentes intelectos e vontades, para que o Esp\u00edrito nos possa guiar como uma rede de irm\u00e3os, porque a pacifica\u00e7\u00e3o \u00e9 tamb\u00e9m uma tarefa do cora\u00e7\u00e3o. O Cora\u00e7\u00e3o de Cristo \u00e9 \u00eaxtase, \u00e9 sa\u00edda, \u00e9 dom, \u00e9 encontro. N\u2019Ele, tornamo-nos capazes de nos relacionarmos uns com os outros de forma saud\u00e1vel e feliz, e de construir neste mundo o Reino de amor e de justi\u00e7a. O nosso cora\u00e7\u00e3o unido ao de Cristo \u00e9 capaz deste milagre social.\u201d<\/p>\n<p data-start=\"6925\" data-end=\"7333\">E ele refor\u00e7a seu apelo, nos mostrando que, enquanto imagem e semelhan\u00e7a de Deus, temos a gra\u00e7a de, mesmo diante de nossas fragilidades, sermos propagadores do amor e da esperan\u00e7a por meio do cora\u00e7\u00e3o, pois \u201c\u2018esse Cora\u00e7\u00e3o Sagrado \u00e9 o princ\u00edpio unificador da realidade, porque \u2018Cristo \u00e9 o cora\u00e7\u00e3o do mundo; a sua P\u00e1scoa de morte e ressurrei\u00e7\u00e3o \u00e9 o cerne da hist\u00f3ria que, gra\u00e7as a Ele, \u00e9 hist\u00f3ria de salva\u00e7\u00e3o\u2019.\u201d<\/p>\n<p data-start=\"7335\" data-end=\"7655\">Para este dia da Solenidade do Sagrado Cora\u00e7\u00e3o de Jesus, prop\u00f4s-se trazer um trecho da enc\u00edclica <em data-start=\"255\" data-end=\"268\">Dilexit Nos<\/em>, do Papa Francisco, como inspira\u00e7\u00e3o para um caminho que nos conduza ao encontro verdadeiro com o Cora\u00e7\u00e3o que deve pulsar em sintonia com o mundo, rumo \u00e0 esperan\u00e7a, ao bem e \u00e0 paz.<\/p>\n<hr \/>\n<p><em>Adriana Rabelo Rodrigues<\/em><\/p>\n","protected":false},"excerpt":{"rendered":"<p>Solenidade do Sagrado Cora\u00e7\u00e3o de Jesus<\/p>\n","protected":false},"author":11,"featured_media":258340,"comment_status":"open","ping_status":"open","sticky":false,"template":"","format":"standard","meta":[],"categories":[1],"tags":[2372],"acf":[],"yoast_head":"<!-- This site is optimized with the Yoast SEO plugin v19.2 - https:\/\/yoast.com\/wordpress\/plugins\/seo\/ -->\n<title>O mundo pode mudar a partir do cora\u00e7\u00e3o - Not\u00edcias - Franciscanos<\/title>\n<meta name=\"robots\" content=\"index, follow, max-snippet:-1, max-image-preview:large, max-video-preview:-1\" \/>\n<link rel=\"canonical\" href=\"https:\/\/franciscanos.org.br\/noticias\/o-mundo-pode-mudar-a-partir-do-coracao.html\" \/>\n<meta property=\"og:locale\" content=\"pt_BR\" \/>\n<meta property=\"og:type\" content=\"article\" \/>\n<meta property=\"og:title\" content=\"O mundo pode mudar a partir do cora\u00e7\u00e3o - Not\u00edcias - Franciscanos\" \/>\n<meta property=\"og:description\" content=\"Solenidade do Sagrado Cora\u00e7\u00e3o de Jesus\" \/>\n<meta property=\"og:url\" content=\"https:\/\/franciscanos.org.br\/noticias\/o-mundo-pode-mudar-a-partir-do-coracao.html\" \/>\n<meta property=\"og:site_name\" content=\"Not\u00edcias - Franciscanos\" \/>\n<meta property=\"article:published_time\" content=\"2025-06-27T18:00:09+00:00\" \/>\n<meta property=\"article:modified_time\" content=\"2025-06-27T19:05:28+00:00\" \/>\n<meta property=\"og:image\" content=\"https:\/\/franciscanos.org.br\/noticias\/wp-content\/uploads\/2025\/06\/chamada-40.png\" \/>\n\t<meta property=\"og:image:width\" content=\"800\" \/>\n\t<meta property=\"og:image:height\" content=\"550\" \/>\n\t<meta property=\"og:image:type\" content=\"image\/png\" \/>\n<meta name=\"author\" content=\"Adriana Rabelo\" \/>\n<meta name=\"twitter:card\" content=\"summary_large_image\" \/>\n<meta name=\"twitter:label1\" content=\"Escrito por\" \/>\n\t<meta name=\"twitter:data1\" content=\"Adriana Rabelo\" \/>\n\t<meta name=\"twitter:label2\" content=\"Est. tempo de leitura\" \/>\n\t<meta name=\"twitter:data2\" content=\"7 minutos\" \/>\n<script type=\"application\/ld+json\" class=\"yoast-schema-graph\">{\"@context\":\"https:\/\/schema.org\",\"@graph\":[{\"@type\":\"WebSite\",\"@id\":\"https:\/\/franciscanos.org.br\/noticias\/#website\",\"url\":\"https:\/\/franciscanos.org.br\/noticias\/\",\"name\":\"Not\u00edcias - Franciscanos\",\"description\":\"Prov\u00edncia Franciscana da Imaculada Concei\u00e7\u00e3o do Brasil - Ordem dos Frades Menores - OFM\",\"potentialAction\":[{\"@type\":\"SearchAction\",\"target\":{\"@type\":\"EntryPoint\",\"urlTemplate\":\"https:\/\/franciscanos.org.br\/noticias\/?s={search_term_string}\"},\"query-input\":\"required name=search_term_string\"}],\"inLanguage\":\"pt-BR\"},{\"@type\":\"ImageObject\",\"inLanguage\":\"pt-BR\",\"@id\":\"https:\/\/franciscanos.org.br\/noticias\/o-mundo-pode-mudar-a-partir-do-coracao.html#primaryimage\",\"url\":\"https:\/\/franciscanos.org.br\/noticias\/wp-content\/uploads\/2025\/06\/chamada-40.png\",\"contentUrl\":\"https:\/\/franciscanos.org.br\/noticias\/wp-content\/uploads\/2025\/06\/chamada-40.png\",\"width\":800,\"height\":550},{\"@type\":\"WebPage\",\"@id\":\"https:\/\/franciscanos.org.br\/noticias\/o-mundo-pode-mudar-a-partir-do-coracao.html#webpage\",\"url\":\"https:\/\/franciscanos.org.br\/noticias\/o-mundo-pode-mudar-a-partir-do-coracao.html\",\"name\":\"O mundo pode mudar a partir do cora\u00e7\u00e3o - Not\u00edcias - Franciscanos\",\"isPartOf\":{\"@id\":\"https:\/\/franciscanos.org.br\/noticias\/#website\"},\"primaryImageOfPage\":{\"@id\":\"https:\/\/franciscanos.org.br\/noticias\/o-mundo-pode-mudar-a-partir-do-coracao.html#primaryimage\"},\"datePublished\":\"2025-06-27T18:00:09+00:00\",\"dateModified\":\"2025-06-27T19:05:28+00:00\",\"author\":{\"@id\":\"https:\/\/franciscanos.org.br\/noticias\/#\/schema\/person\/d9422e83121c3ad3b0f423d195f5bb25\"},\"breadcrumb\":{\"@id\":\"https:\/\/franciscanos.org.br\/noticias\/o-mundo-pode-mudar-a-partir-do-coracao.html#breadcrumb\"},\"inLanguage\":\"pt-BR\",\"potentialAction\":[{\"@type\":\"ReadAction\",\"target\":[\"https:\/\/franciscanos.org.br\/noticias\/o-mundo-pode-mudar-a-partir-do-coracao.html\"]}]},{\"@type\":\"BreadcrumbList\",\"@id\":\"https:\/\/franciscanos.org.br\/noticias\/o-mundo-pode-mudar-a-partir-do-coracao.html#breadcrumb\",\"itemListElement\":[{\"@type\":\"ListItem\",\"position\":1,\"name\":\"Home\",\"item\":\"https:\/\/franciscanos.org.br\/noticias\"},{\"@type\":\"ListItem\",\"position\":2,\"name\":\"O mundo pode mudar a partir do cora\u00e7\u00e3o\"}]},{\"@type\":\"Person\",\"@id\":\"https:\/\/franciscanos.org.br\/noticias\/#\/schema\/person\/d9422e83121c3ad3b0f423d195f5bb25\",\"name\":\"Adriana Rabelo\",\"image\":{\"@type\":\"ImageObject\",\"inLanguage\":\"pt-BR\",\"@id\":\"https:\/\/franciscanos.org.br\/noticias\/#\/schema\/person\/image\/\",\"url\":\"https:\/\/secure.gravatar.com\/avatar\/0a937b7500cd7df77540cfb8bede877d?s=96&d=mm&r=g\",\"contentUrl\":\"https:\/\/secure.gravatar.com\/avatar\/0a937b7500cd7df77540cfb8bede877d?s=96&d=mm&r=g\",\"caption\":\"Adriana Rabelo\"},\"url\":\"https:\/\/franciscanos.org.br\/noticias\/author\/adrianarabelo\"}]}<\/script>\n<!-- \/ Yoast SEO plugin. -->","yoast_head_json":{"title":"O mundo pode mudar a partir do cora\u00e7\u00e3o - Not\u00edcias - Franciscanos","robots":{"index":"index","follow":"follow","max-snippet":"max-snippet:-1","max-image-preview":"max-image-preview:large","max-video-preview":"max-video-preview:-1"},"canonical":"https:\/\/franciscanos.org.br\/noticias\/o-mundo-pode-mudar-a-partir-do-coracao.html","og_locale":"pt_BR","og_type":"article","og_title":"O mundo pode mudar a partir do cora\u00e7\u00e3o - Not\u00edcias - Franciscanos","og_description":"Solenidade do Sagrado Cora\u00e7\u00e3o de Jesus","og_url":"https:\/\/franciscanos.org.br\/noticias\/o-mundo-pode-mudar-a-partir-do-coracao.html","og_site_name":"Not\u00edcias - Franciscanos","article_published_time":"2025-06-27T18:00:09+00:00","article_modified_time":"2025-06-27T19:05:28+00:00","og_image":[{"width":800,"height":550,"url":"https:\/\/franciscanos.org.br\/noticias\/wp-content\/uploads\/2025\/06\/chamada-40.png","type":"image\/png"}],"author":"Adriana Rabelo","twitter_card":"summary_large_image","twitter_misc":{"Escrito por":"Adriana Rabelo","Est. tempo de leitura":"7 minutos"},"schema":{"@context":"https:\/\/schema.org","@graph":[{"@type":"WebSite","@id":"https:\/\/franciscanos.org.br\/noticias\/#website","url":"https:\/\/franciscanos.org.br\/noticias\/","name":"Not\u00edcias - Franciscanos","description":"Prov\u00edncia Franciscana da Imaculada Concei\u00e7\u00e3o do Brasil - Ordem dos Frades Menores - OFM","potentialAction":[{"@type":"SearchAction","target":{"@type":"EntryPoint","urlTemplate":"https:\/\/franciscanos.org.br\/noticias\/?s={search_term_string}"},"query-input":"required name=search_term_string"}],"inLanguage":"pt-BR"},{"@type":"ImageObject","inLanguage":"pt-BR","@id":"https:\/\/franciscanos.org.br\/noticias\/o-mundo-pode-mudar-a-partir-do-coracao.html#primaryimage","url":"https:\/\/franciscanos.org.br\/noticias\/wp-content\/uploads\/2025\/06\/chamada-40.png","contentUrl":"https:\/\/franciscanos.org.br\/noticias\/wp-content\/uploads\/2025\/06\/chamada-40.png","width":800,"height":550},{"@type":"WebPage","@id":"https:\/\/franciscanos.org.br\/noticias\/o-mundo-pode-mudar-a-partir-do-coracao.html#webpage","url":"https:\/\/franciscanos.org.br\/noticias\/o-mundo-pode-mudar-a-partir-do-coracao.html","name":"O mundo pode mudar a partir do cora\u00e7\u00e3o - Not\u00edcias - Franciscanos","isPartOf":{"@id":"https:\/\/franciscanos.org.br\/noticias\/#website"},"primaryImageOfPage":{"@id":"https:\/\/franciscanos.org.br\/noticias\/o-mundo-pode-mudar-a-partir-do-coracao.html#primaryimage"},"datePublished":"2025-06-27T18:00:09+00:00","dateModified":"2025-06-27T19:05:28+00:00","author":{"@id":"https:\/\/franciscanos.org.br\/noticias\/#\/schema\/person\/d9422e83121c3ad3b0f423d195f5bb25"},"breadcrumb":{"@id":"https:\/\/franciscanos.org.br\/noticias\/o-mundo-pode-mudar-a-partir-do-coracao.html#breadcrumb"},"inLanguage":"pt-BR","potentialAction":[{"@type":"ReadAction","target":["https:\/\/franciscanos.org.br\/noticias\/o-mundo-pode-mudar-a-partir-do-coracao.html"]}]},{"@type":"BreadcrumbList","@id":"https:\/\/franciscanos.org.br\/noticias\/o-mundo-pode-mudar-a-partir-do-coracao.html#breadcrumb","itemListElement":[{"@type":"ListItem","position":1,"name":"Home","item":"https:\/\/franciscanos.org.br\/noticias"},{"@type":"ListItem","position":2,"name":"O mundo pode mudar a partir do cora\u00e7\u00e3o"}]},{"@type":"Person","@id":"https:\/\/franciscanos.org.br\/noticias\/#\/schema\/person\/d9422e83121c3ad3b0f423d195f5bb25","name":"Adriana Rabelo","image":{"@type":"ImageObject","inLanguage":"pt-BR","@id":"https:\/\/franciscanos.org.br\/noticias\/#\/schema\/person\/image\/","url":"https:\/\/secure.gravatar.com\/avatar\/0a937b7500cd7df77540cfb8bede877d?s=96&d=mm&r=g","contentUrl":"https:\/\/secure.gravatar.com\/avatar\/0a937b7500cd7df77540cfb8bede877d?s=96&d=mm&r=g","caption":"Adriana Rabelo"},"url":"https:\/\/franciscanos.org.br\/noticias\/author\/adrianarabelo"}]}},"_links":{"self":[{"href":"https:\/\/franciscanos.org.br\/noticias\/wp-json\/wp\/v2\/posts\/258339"}],"collection":[{"href":"https:\/\/franciscanos.org.br\/noticias\/wp-json\/wp\/v2\/posts"}],"about":[{"href":"https:\/\/franciscanos.org.br\/noticias\/wp-json\/wp\/v2\/types\/post"}],"author":[{"embeddable":true,"href":"https:\/\/franciscanos.org.br\/noticias\/wp-json\/wp\/v2\/users\/11"}],"replies":[{"embeddable":true,"href":"https:\/\/franciscanos.org.br\/noticias\/wp-json\/wp\/v2\/comments?post=258339"}],"version-history":[{"count":4,"href":"https:\/\/franciscanos.org.br\/noticias\/wp-json\/wp\/v2\/posts\/258339\/revisions"}],"predecessor-version":[{"id":258396,"href":"https:\/\/franciscanos.org.br\/noticias\/wp-json\/wp\/v2\/posts\/258339\/revisions\/258396"}],"wp:featuredmedia":[{"embeddable":true,"href":"https:\/\/franciscanos.org.br\/noticias\/wp-json\/wp\/v2\/media\/258340"}],"wp:attachment":[{"href":"https:\/\/franciscanos.org.br\/noticias\/wp-json\/wp\/v2\/media?parent=258339"}],"wp:term":[{"taxonomy":"category","embeddable":true,"href":"https:\/\/franciscanos.org.br\/noticias\/wp-json\/wp\/v2\/categories?post=258339"},{"taxonomy":"post_tag","embeddable":true,"href":"https:\/\/franciscanos.org.br\/noticias\/wp-json\/wp\/v2\/tags?post=258339"}],"curies":[{"name":"wp","href":"https:\/\/api.w.org\/{rel}","templated":true}]}}