{"id":258323,"date":"2025-06-25T07:48:32","date_gmt":"2025-06-25T10:48:32","guid":{"rendered":"https:\/\/franciscanos.org.br\/noticias\/?p=258323"},"modified":"2025-06-26T08:03:50","modified_gmt":"2025-06-26T11:03:50","slug":"a-verdadeira-morte-e-a-da-alma-so-jesus-pode-nos-curar-afirma-o-papa","status":"publish","type":"post","link":"https:\/\/franciscanos.org.br\/noticias\/a-verdadeira-morte-e-a-da-alma-so-jesus-pode-nos-curar-afirma-o-papa.html","title":{"rendered":"A verdadeira morte \u00e9 a da alma. S\u00f3 Jesus pode nos curar, afirma o Papa"},"content":{"rendered":"<p><img loading=\"lazy\" class=\"aligncenter wp-image-258324 size-full\" src=\"https:\/\/franciscanos.org.br\/noticias\/wp-content\/uploads\/2025\/06\/materia-25.06.png\" alt=\"\" width=\"1280\" height=\"720\" srcset=\"https:\/\/franciscanos.org.br\/noticias\/wp-content\/uploads\/2025\/06\/materia-25.06.png 1280w, https:\/\/franciscanos.org.br\/noticias\/wp-content\/uploads\/2025\/06\/materia-25.06-450x253.png 450w, https:\/\/franciscanos.org.br\/noticias\/wp-content\/uploads\/2025\/06\/materia-25.06-1024x576.png 1024w, https:\/\/franciscanos.org.br\/noticias\/wp-content\/uploads\/2025\/06\/materia-25.06-768x432.png 768w, https:\/\/franciscanos.org.br\/noticias\/wp-content\/uploads\/2025\/06\/materia-25.06-150x84.png 150w\" sizes=\"(max-width: 1280px) 100vw, 1280px\" \/><\/p>\n<p><em>Comentando a cura de Jesus a duas mulheres, Le\u00e3o XIV reflete sobre uma doen\u00e7a muito comum do nosso tempo, que \u00e9 o cansa\u00e7o de viver. Jesus n\u00e3o s\u00f3 nos cura de toda doen\u00e7a, mas nos desperta da morte. &#8220;Para Deus, que \u00e9 Vida eterna, a morte do corpo \u00e9 como um sono. A morte verdadeira \u00e9 a da alma: esta sim devemos temer!&#8221;<\/em><\/p>\n<hr \/>\n<p>Esta quarta-feira, 25 de junho, o Papa realizou sua \u00faltima Audi\u00eancia Geral antes da pausa de ver\u00e3o. Os encontros semanais com Le\u00e3o XIV ser\u00e3o retomados em 30 de julho. Em sua catequese, o Pont\u00edfice deu continuidade ao ciclo sobre as curas de Jesus como sinal de esperan\u00e7a. O tema de hoje foi extra\u00eddo do cap\u00edtulo quinto do Evangelho de S\u00e3o Marcos, em que \u00e9 relatado a cura de duas mulheres: uma menina de 12 anos, no leito de morte, e uma senhora que h\u00e1 12 anos sofre com hemorragias<\/p>\n<p>Entre essas duas figuras femininas, o Evangelista insere o pai da jovem, Jairo, que sai de casa para pedir ajuda. Quando dizem que sua filha morreu, Jesus o tranquiliza e o encoraja a manter a f\u00e9. \u00a0O col\u00f3quio com o Mestre \u00e9 interrompido pela mulher hemorro\u00edssa, que consegue tocar no seu manto e ser curada. Ela o toca n\u00e3o de um modo superficial, mas movida pela f\u00e9, acreditando firmemente Nele. Enquanto isso, Jairo volta para casa com Jesus. Ao entrar no quarto da jovem, ordena: \u201cTalit\u00e0 kum\u201d, \u201cMenina, levanta-te!\u201d. A menina se levanta e come\u00e7a a caminhar.<\/p>\n<p><strong>Cansa\u00e7o de viver, a doen\u00e7a do nosso tempo<\/strong><\/p>\n<p>Essas duas curas, comentou o Santo Padre, falam de uma doen\u00e7a muito comum do nosso tempo, que \u00e9 o cansa\u00e7o de viver: a realidade nos parece demasiada complexa, pesada, dif\u00edcil de enfrentar. Ent\u00e3o nos apagamos, nos adormecemos, na ilus\u00e3o de que, ao acordar, as coisas ser\u00e3o diferentes. \u201cMas a realidade deve ser enfrentada e, com Jesus, podemos faz\u00ea-lo.\u201d<\/p>\n<p>Toda vez que fazemos um ato de f\u00e9 endere\u00e7ado a Jesus, se estabelece um contato com Ele e imediatamente Dele brota a sua gra\u00e7a. \u201c\u00c0s vezes n\u00e3o percebemos, mas de modo secreto e real a gra\u00e7a nos alcan\u00e7a e a partir de dentro, pouco a pouco, transforma a vida.\u201d<\/p>\n<p>Talvez hoje, prosseguiu o Papa, muitas pessoas se aproximam de Jesus de modo superficial, sem realmente acreditar na sua pot\u00eancia. \u201cPisamos na superf\u00edcie de nossas igrejas, mas talvez o cora\u00e7\u00e3o est\u00e1 em outro lugar!\u201d, afirmou.<\/p>\n<p><strong>Somente Jesus pode nos curar!<\/strong><\/p>\n<p>Este epis\u00f3dio nos mostra que Ele n\u00e3o s\u00f3 nos cura de toda doen\u00e7a, mas nos desperta da morte.<\/p>\n<p>\u201cPara Deus, que \u00e9 Vida eterna, a morte do corpo \u00e9 como um sono. A morte verdadeira \u00e9 a da alma: esta sim devemos temer!\u201d<\/p>\n<p>Um detalhe interessante \u00e9 que Jesus, ap\u00f3s ressuscitar a menina, diz aos pais que lhe deem de comer. Trazido para a nossa realidade, este epis\u00f3dio nos leva a questionar: quando os nossos jovens est\u00e3o em crise e necessitam de alimento espiritual, sabemos oferec\u00ea-lo? E como podemos faz\u00ea-lo se n\u00f3s mesmos n\u00e3o nos nutrimos do Evangelho?<\/p>\n<p>\u201cQueridos irm\u00e3os e im\u00e3s, na vida existem momentos de desilus\u00e3o e de desencorajamento, e h\u00e1 tamb\u00e9m a experi\u00eancia da morte. Aprendamos daquela mulher, daquele pai, a buscar Jesus. Ele pode nos curar, pode nos fazer renascer. Ele \u00e9 a nossa esperan\u00e7a!\u201d<\/p>\n<hr \/>\n<p><em>Bianca Fraccalvieri \u2013 Vatican News<\/em><\/p>\n","protected":false},"excerpt":{"rendered":"<p>Audi\u00eancia Geral<\/p>\n","protected":false},"author":11,"featured_media":258325,"comment_status":"open","ping_status":"open","sticky":false,"template":"","format":"standard","meta":[],"categories":[1,1428],"tags":[487,2343],"acf":[],"yoast_head":"<!-- This site is optimized with the Yoast SEO plugin v19.2 - https:\/\/yoast.com\/wordpress\/plugins\/seo\/ -->\n<title>A verdadeira morte \u00e9 a da alma. S\u00f3 Jesus pode nos curar, afirma o Papa - Not\u00edcias - Franciscanos<\/title>\n<meta name=\"robots\" content=\"index, follow, max-snippet:-1, max-image-preview:large, max-video-preview:-1\" \/>\n<link rel=\"canonical\" href=\"https:\/\/franciscanos.org.br\/noticias\/a-verdadeira-morte-e-a-da-alma-so-jesus-pode-nos-curar-afirma-o-papa.html\" \/>\n<meta property=\"og:locale\" content=\"pt_BR\" \/>\n<meta property=\"og:type\" content=\"article\" \/>\n<meta property=\"og:title\" content=\"A verdadeira morte \u00e9 a da alma. S\u00f3 Jesus pode nos curar, afirma o Papa - Not\u00edcias - Franciscanos\" \/>\n<meta property=\"og:description\" content=\"Audi\u00eancia Geral\" \/>\n<meta property=\"og:url\" content=\"https:\/\/franciscanos.org.br\/noticias\/a-verdadeira-morte-e-a-da-alma-so-jesus-pode-nos-curar-afirma-o-papa.html\" \/>\n<meta property=\"og:site_name\" content=\"Not\u00edcias - Franciscanos\" \/>\n<meta property=\"article:published_time\" content=\"2025-06-25T10:48:32+00:00\" \/>\n<meta property=\"article:modified_time\" content=\"2025-06-26T11:03:50+00:00\" \/>\n<meta property=\"og:image\" content=\"https:\/\/franciscanos.org.br\/noticias\/wp-content\/uploads\/2025\/06\/chamada-38.png\" \/>\n\t<meta property=\"og:image:width\" content=\"800\" \/>\n\t<meta property=\"og:image:height\" content=\"550\" \/>\n\t<meta property=\"og:image:type\" content=\"image\/png\" \/>\n<meta name=\"author\" content=\"Adriana Rabelo\" \/>\n<meta name=\"twitter:card\" content=\"summary_large_image\" \/>\n<meta name=\"twitter:label1\" content=\"Escrito por\" \/>\n\t<meta name=\"twitter:data1\" content=\"Adriana Rabelo\" \/>\n\t<meta name=\"twitter:label2\" content=\"Est. tempo de leitura\" \/>\n\t<meta name=\"twitter:data2\" content=\"3 minutos\" \/>\n<script type=\"application\/ld+json\" class=\"yoast-schema-graph\">{\"@context\":\"https:\/\/schema.org\",\"@graph\":[{\"@type\":\"WebSite\",\"@id\":\"https:\/\/franciscanos.org.br\/noticias\/#website\",\"url\":\"https:\/\/franciscanos.org.br\/noticias\/\",\"name\":\"Not\u00edcias - Franciscanos\",\"description\":\"Prov\u00edncia Franciscana da Imaculada Concei\u00e7\u00e3o do Brasil - Ordem dos Frades Menores - OFM\",\"potentialAction\":[{\"@type\":\"SearchAction\",\"target\":{\"@type\":\"EntryPoint\",\"urlTemplate\":\"https:\/\/franciscanos.org.br\/noticias\/?s={search_term_string}\"},\"query-input\":\"required name=search_term_string\"}],\"inLanguage\":\"pt-BR\"},{\"@type\":\"ImageObject\",\"inLanguage\":\"pt-BR\",\"@id\":\"https:\/\/franciscanos.org.br\/noticias\/a-verdadeira-morte-e-a-da-alma-so-jesus-pode-nos-curar-afirma-o-papa.html#primaryimage\",\"url\":\"https:\/\/franciscanos.org.br\/noticias\/wp-content\/uploads\/2025\/06\/chamada-38.png\",\"contentUrl\":\"https:\/\/franciscanos.org.br\/noticias\/wp-content\/uploads\/2025\/06\/chamada-38.png\",\"width\":800,\"height\":550},{\"@type\":\"WebPage\",\"@id\":\"https:\/\/franciscanos.org.br\/noticias\/a-verdadeira-morte-e-a-da-alma-so-jesus-pode-nos-curar-afirma-o-papa.html#webpage\",\"url\":\"https:\/\/franciscanos.org.br\/noticias\/a-verdadeira-morte-e-a-da-alma-so-jesus-pode-nos-curar-afirma-o-papa.html\",\"name\":\"A verdadeira morte \u00e9 a da alma. S\u00f3 Jesus pode nos curar, afirma o Papa - Not\u00edcias - Franciscanos\",\"isPartOf\":{\"@id\":\"https:\/\/franciscanos.org.br\/noticias\/#website\"},\"primaryImageOfPage\":{\"@id\":\"https:\/\/franciscanos.org.br\/noticias\/a-verdadeira-morte-e-a-da-alma-so-jesus-pode-nos-curar-afirma-o-papa.html#primaryimage\"},\"datePublished\":\"2025-06-25T10:48:32+00:00\",\"dateModified\":\"2025-06-26T11:03:50+00:00\",\"author\":{\"@id\":\"https:\/\/franciscanos.org.br\/noticias\/#\/schema\/person\/d9422e83121c3ad3b0f423d195f5bb25\"},\"breadcrumb\":{\"@id\":\"https:\/\/franciscanos.org.br\/noticias\/a-verdadeira-morte-e-a-da-alma-so-jesus-pode-nos-curar-afirma-o-papa.html#breadcrumb\"},\"inLanguage\":\"pt-BR\",\"potentialAction\":[{\"@type\":\"ReadAction\",\"target\":[\"https:\/\/franciscanos.org.br\/noticias\/a-verdadeira-morte-e-a-da-alma-so-jesus-pode-nos-curar-afirma-o-papa.html\"]}]},{\"@type\":\"BreadcrumbList\",\"@id\":\"https:\/\/franciscanos.org.br\/noticias\/a-verdadeira-morte-e-a-da-alma-so-jesus-pode-nos-curar-afirma-o-papa.html#breadcrumb\",\"itemListElement\":[{\"@type\":\"ListItem\",\"position\":1,\"name\":\"Home\",\"item\":\"https:\/\/franciscanos.org.br\/noticias\"},{\"@type\":\"ListItem\",\"position\":2,\"name\":\"A verdadeira morte \u00e9 a da alma. S\u00f3 Jesus pode nos curar, afirma o Papa\"}]},{\"@type\":\"Person\",\"@id\":\"https:\/\/franciscanos.org.br\/noticias\/#\/schema\/person\/d9422e83121c3ad3b0f423d195f5bb25\",\"name\":\"Adriana Rabelo\",\"image\":{\"@type\":\"ImageObject\",\"inLanguage\":\"pt-BR\",\"@id\":\"https:\/\/franciscanos.org.br\/noticias\/#\/schema\/person\/image\/\",\"url\":\"https:\/\/secure.gravatar.com\/avatar\/0a937b7500cd7df77540cfb8bede877d?s=96&d=mm&r=g\",\"contentUrl\":\"https:\/\/secure.gravatar.com\/avatar\/0a937b7500cd7df77540cfb8bede877d?s=96&d=mm&r=g\",\"caption\":\"Adriana Rabelo\"},\"url\":\"https:\/\/franciscanos.org.br\/noticias\/author\/adrianarabelo\"}]}<\/script>\n<!-- \/ Yoast SEO plugin. -->","yoast_head_json":{"title":"A verdadeira morte \u00e9 a da alma. S\u00f3 Jesus pode nos curar, afirma o Papa - Not\u00edcias - Franciscanos","robots":{"index":"index","follow":"follow","max-snippet":"max-snippet:-1","max-image-preview":"max-image-preview:large","max-video-preview":"max-video-preview:-1"},"canonical":"https:\/\/franciscanos.org.br\/noticias\/a-verdadeira-morte-e-a-da-alma-so-jesus-pode-nos-curar-afirma-o-papa.html","og_locale":"pt_BR","og_type":"article","og_title":"A verdadeira morte \u00e9 a da alma. S\u00f3 Jesus pode nos curar, afirma o Papa - Not\u00edcias - Franciscanos","og_description":"Audi\u00eancia Geral","og_url":"https:\/\/franciscanos.org.br\/noticias\/a-verdadeira-morte-e-a-da-alma-so-jesus-pode-nos-curar-afirma-o-papa.html","og_site_name":"Not\u00edcias - Franciscanos","article_published_time":"2025-06-25T10:48:32+00:00","article_modified_time":"2025-06-26T11:03:50+00:00","og_image":[{"width":800,"height":550,"url":"https:\/\/franciscanos.org.br\/noticias\/wp-content\/uploads\/2025\/06\/chamada-38.png","type":"image\/png"}],"author":"Adriana Rabelo","twitter_card":"summary_large_image","twitter_misc":{"Escrito por":"Adriana Rabelo","Est. tempo de leitura":"3 minutos"},"schema":{"@context":"https:\/\/schema.org","@graph":[{"@type":"WebSite","@id":"https:\/\/franciscanos.org.br\/noticias\/#website","url":"https:\/\/franciscanos.org.br\/noticias\/","name":"Not\u00edcias - Franciscanos","description":"Prov\u00edncia Franciscana da Imaculada Concei\u00e7\u00e3o do Brasil - Ordem dos Frades Menores - OFM","potentialAction":[{"@type":"SearchAction","target":{"@type":"EntryPoint","urlTemplate":"https:\/\/franciscanos.org.br\/noticias\/?s={search_term_string}"},"query-input":"required name=search_term_string"}],"inLanguage":"pt-BR"},{"@type":"ImageObject","inLanguage":"pt-BR","@id":"https:\/\/franciscanos.org.br\/noticias\/a-verdadeira-morte-e-a-da-alma-so-jesus-pode-nos-curar-afirma-o-papa.html#primaryimage","url":"https:\/\/franciscanos.org.br\/noticias\/wp-content\/uploads\/2025\/06\/chamada-38.png","contentUrl":"https:\/\/franciscanos.org.br\/noticias\/wp-content\/uploads\/2025\/06\/chamada-38.png","width":800,"height":550},{"@type":"WebPage","@id":"https:\/\/franciscanos.org.br\/noticias\/a-verdadeira-morte-e-a-da-alma-so-jesus-pode-nos-curar-afirma-o-papa.html#webpage","url":"https:\/\/franciscanos.org.br\/noticias\/a-verdadeira-morte-e-a-da-alma-so-jesus-pode-nos-curar-afirma-o-papa.html","name":"A verdadeira morte \u00e9 a da alma. S\u00f3 Jesus pode nos curar, afirma o Papa - Not\u00edcias - Franciscanos","isPartOf":{"@id":"https:\/\/franciscanos.org.br\/noticias\/#website"},"primaryImageOfPage":{"@id":"https:\/\/franciscanos.org.br\/noticias\/a-verdadeira-morte-e-a-da-alma-so-jesus-pode-nos-curar-afirma-o-papa.html#primaryimage"},"datePublished":"2025-06-25T10:48:32+00:00","dateModified":"2025-06-26T11:03:50+00:00","author":{"@id":"https:\/\/franciscanos.org.br\/noticias\/#\/schema\/person\/d9422e83121c3ad3b0f423d195f5bb25"},"breadcrumb":{"@id":"https:\/\/franciscanos.org.br\/noticias\/a-verdadeira-morte-e-a-da-alma-so-jesus-pode-nos-curar-afirma-o-papa.html#breadcrumb"},"inLanguage":"pt-BR","potentialAction":[{"@type":"ReadAction","target":["https:\/\/franciscanos.org.br\/noticias\/a-verdadeira-morte-e-a-da-alma-so-jesus-pode-nos-curar-afirma-o-papa.html"]}]},{"@type":"BreadcrumbList","@id":"https:\/\/franciscanos.org.br\/noticias\/a-verdadeira-morte-e-a-da-alma-so-jesus-pode-nos-curar-afirma-o-papa.html#breadcrumb","itemListElement":[{"@type":"ListItem","position":1,"name":"Home","item":"https:\/\/franciscanos.org.br\/noticias"},{"@type":"ListItem","position":2,"name":"A verdadeira morte \u00e9 a da alma. S\u00f3 Jesus pode nos curar, afirma o Papa"}]},{"@type":"Person","@id":"https:\/\/franciscanos.org.br\/noticias\/#\/schema\/person\/d9422e83121c3ad3b0f423d195f5bb25","name":"Adriana Rabelo","image":{"@type":"ImageObject","inLanguage":"pt-BR","@id":"https:\/\/franciscanos.org.br\/noticias\/#\/schema\/person\/image\/","url":"https:\/\/secure.gravatar.com\/avatar\/0a937b7500cd7df77540cfb8bede877d?s=96&d=mm&r=g","contentUrl":"https:\/\/secure.gravatar.com\/avatar\/0a937b7500cd7df77540cfb8bede877d?s=96&d=mm&r=g","caption":"Adriana Rabelo"},"url":"https:\/\/franciscanos.org.br\/noticias\/author\/adrianarabelo"}]}},"_links":{"self":[{"href":"https:\/\/franciscanos.org.br\/noticias\/wp-json\/wp\/v2\/posts\/258323"}],"collection":[{"href":"https:\/\/franciscanos.org.br\/noticias\/wp-json\/wp\/v2\/posts"}],"about":[{"href":"https:\/\/franciscanos.org.br\/noticias\/wp-json\/wp\/v2\/types\/post"}],"author":[{"embeddable":true,"href":"https:\/\/franciscanos.org.br\/noticias\/wp-json\/wp\/v2\/users\/11"}],"replies":[{"embeddable":true,"href":"https:\/\/franciscanos.org.br\/noticias\/wp-json\/wp\/v2\/comments?post=258323"}],"version-history":[{"count":2,"href":"https:\/\/franciscanos.org.br\/noticias\/wp-json\/wp\/v2\/posts\/258323\/revisions"}],"predecessor-version":[{"id":258327,"href":"https:\/\/franciscanos.org.br\/noticias\/wp-json\/wp\/v2\/posts\/258323\/revisions\/258327"}],"wp:featuredmedia":[{"embeddable":true,"href":"https:\/\/franciscanos.org.br\/noticias\/wp-json\/wp\/v2\/media\/258325"}],"wp:attachment":[{"href":"https:\/\/franciscanos.org.br\/noticias\/wp-json\/wp\/v2\/media?parent=258323"}],"wp:term":[{"taxonomy":"category","embeddable":true,"href":"https:\/\/franciscanos.org.br\/noticias\/wp-json\/wp\/v2\/categories?post=258323"},{"taxonomy":"post_tag","embeddable":true,"href":"https:\/\/franciscanos.org.br\/noticias\/wp-json\/wp\/v2\/tags?post=258323"}],"curies":[{"name":"wp","href":"https:\/\/api.w.org\/{rel}","templated":true}]}}